{"id":1023,"date":"2025-05-11T06:21:52","date_gmt":"2025-05-11T06:21:52","guid":{"rendered":"https:\/\/saltoecologico.es\/?p=1023"},"modified":"2025-05-11T06:21:54","modified_gmt":"2025-05-11T06:21:54","slug":"encrucijada-energetica-2","status":"publish","type":"post","link":"https:\/\/saltoecologico.es\/index.php\/2025\/05\/11\/encrucijada-energetica-2\/","title":{"rendered":"Encrucijada energ\u00e9tica"},"content":{"rendered":"\n<p class=\"wp-block-paragraph\">En pleno 2025, mientras las Islas Canarias deber\u00edan estar acelerando con una determinaci\u00f3n inquebrantable su camino hacia un futuro energ\u00e9tico 100% renovable, observamos con profunda preocupaci\u00f3n c\u00f3mo se materializa la decisi\u00f3n gubernamental de instalar nuevos grupos electr\u00f3genos basados en combustibles f\u00f3siles, un proceso cuyos tr\u00e1mites administrativos ya avanzan.<\/p>\n\n\n\n<p class=\"wp-block-paragraph\">De momento han salido para \u201calegaciones p\u00fablicas\u201d un total de siete enclaves para instalar estos grupos de emergencia, cinco en Tenerife, uno en Gran Canaria y uno en Fuerteventura, lo que supone la nada despreciable cantidad de 57 grupos, alimentados por propano o por gasoil (puedes encontrar todas las caracter\u00edsticas de estos proyectos de una manera resumida en www.saltoecologico.es).<\/p>\n\n\n\n<p class=\"wp-block-paragraph\">Esta direcci\u00f3n, adoptada para asegurar la estabilidad de nuestra red aislada, una prioridad que hemos compartido y trabajado desde siempre plantea, sin embargo, serias contradicciones con nuestros urgentes compromisos clim\u00e1ticos y desaprovecha la oportunidad de consolidar soluciones verdaderamente sostenibles e innovadoras, como las centrales hidroel\u00e9ctricas reversibles de bombeo puro.<\/p>\n\n\n\n<p class=\"wp-block-paragraph\">La justificaci\u00f3n de \u00abemergencia\u00bb o \u00abseguridad de suministro\u00bb es comprensible en un sistema insular. No obstante, persistir en soluciones f\u00f3siles, cuando la tecnolog\u00eda y la viabilidad econ\u00f3mica de las alternativas limpias son cada vez m\u00e1s evidentes, nos obliga a cuestionar si estamos realmente trazando el rumbo m\u00e1s inteligente y responsable para el archipi\u00e9lago.<\/p>\n\n\n\n<p class=\"wp-block-paragraph\">Desde esta perspectiva, es crucial reevaluar las implicaciones de estas nuevas instalaciones f\u00f3siles frente al potencial de alternativas que no solo resuelven la necesidad de respaldo, sino que impulsan nuestra transici\u00f3n ecol\u00f3gica. Es innegable: cada nuevo motor di\u00e9sel o turbina de gas instalada, por muy \u00abde emergencia\u00bb que se etiquete, es un ancla que nos frena. Estas instalaciones emiten gases de efecto invernadero, perpetuando el problema que con tanto esfuerzo intentamos combatir y que golpea con especial virulencia a territorios insulares como el nuestro. Adem\u00e1s, desv\u00edan inversiones y atenci\u00f3n de donde realmente se necesitan: en el despliegue masivo de la energ\u00eda solar y e\u00f3lica que ba\u00f1a nuestras islas y, de forma cr\u00edtica, en sistemas de almacenamiento a gran escala.<\/p>\n\n\n\n<p class=\"wp-block-paragraph\">Aqu\u00ed es donde la cuesti\u00f3n se vuelve apasionante y donde Canarias puede, y debe, brillar. La intermitencia de las fuentes renovables no es un obst\u00e1culo insalvable, sino un desaf\u00edo de ingenier\u00eda que ya tiene respuestas robustas. Entre ellas, destacan con luz propia las <strong>centrales hidroel\u00e9ctricas reversibles de bombeo puro<\/strong>, cuyas ventajas son m\u00faltiples:<\/p>\n\n\n\n<ul class=\"wp-block-list\">\n<li><strong>Almacenamiento a Gran Escala y Larga Duraci\u00f3n:<\/strong> Permiten almacenar grandes cantidades de energ\u00eda durante horas, d\u00edas o incluso m\u00e1s, algo fundamental para dar respaldo a todo el sistema.<\/li>\n\n\n\n<li><strong>Estabilidad de Red:<\/strong> Ofrecen servicios auxiliares cruciales, como la regulaci\u00f3n de frecuencia y tensi\u00f3n, mejorando la calidad y seguridad del suministro.<\/li>\n\n\n\n<li><strong>Integraci\u00f3n de Renovables:<\/strong> Facilitan la m\u00e1xima penetraci\u00f3n de energ\u00edas solar y e\u00f3lica, aprovechando sus picos de producci\u00f3n en lugar de tener que desconectarlas (vertidos).<\/li>\n\n\n\n<li><strong>Madurez Tecnol\u00f3gica:<\/strong> Es una tecnolog\u00eda probada y fiable con una larga vida \u00fatil.<\/li>\n<\/ul>\n\n\n\n<p class=\"wp-block-paragraph\">Canarias no es ajena a esta soluci\u00f3n. El sistema de <strong>Gorona del Viento en El Hierro<\/strong>, que combina la energ\u00eda e\u00f3lica con una central hidroel\u00e9ctrica de bombeo, ha sido un proyecto pionero a nivel mundial, demostrando la viabilidad de aspirar a una isla 100% renovable. Y la apuesta se redobla con proyectos como la central de <strong>Salto de Chira en Gran Canaria<\/strong>, una infraestructura de bombeo reversible de gran envergadura dise\u00f1ada precisamente para almacenar excedentes renovables y aportar firmeza al sistema el\u00e9ctrico insular. Este es el camino. Nuestra orograf\u00eda volc\u00e1nica, con sus desniveles, ofrece emplazamientos id\u00f3neos, y aunque el recurso h\u00eddrico es escaso, estas centrales pueden dise\u00f1arse para operar en circuitos cerrados minimizando las p\u00e9rdidas.<\/p>\n\n\n\n<p class=\"wp-block-paragraph\">Por supuesto, cada proyecto de esta envergadura requiere estudios ambientales exhaustivos y una cuidada integraci\u00f3n en el territorio. Pero el debate no puede quedarse anclado en si necesitamos o no seguridad de suministro, la respuesta es un s\u00ed rotundo, sino en <em>c\u00f3mo<\/em> la vamos a conseguir de manera inteligente, sostenible y alineada con el futuro que anhelamos.<\/p>\n\n\n\n<p class=\"wp-block-paragraph\">Optar por nuevos grupos f\u00f3siles es elegir la comodidad aparente del pasado, ignorando los costes ambientales y econ\u00f3micos, la dependencia energ\u00e9tica y la oportunidad perdida. Abrazar soluciones como las centrales de bombeo reversibles, junto con otras tecnolog\u00edas de almacenamiento como las bater\u00edas, una gesti\u00f3n inteligente de la demanda o el incipiente hidr\u00f3geno verde, es apostar por la innovaci\u00f3n, por nuestra soberan\u00eda energ\u00e9tica y por un legado de responsabilidad.<\/p>\n\n\n\n<p class=\"wp-block-paragraph\">Canarias tiene la oportunidad de ser un faro de la transici\u00f3n energ\u00e9tica en sistemas aislados. Contamos con el talento, los recursos naturales y, esperamos, la visi\u00f3n estrat\u00e9gica para no desviarnos de ese rumbo. Es hora de mirar hacia arriba, hacia nuestros embalses llenos de potencial, y no hacia el humo de chimeneas obsoletas.<\/p>\n","protected":false},"excerpt":{"rendered":"<p>En pleno 2025, mientras las Islas Canarias deber\u00edan estar acelerando con una determinaci\u00f3n inquebrantable su camino hacia un futuro energ\u00e9tico 100% renovable, observamos con profunda preocupaci\u00f3n c\u00f3mo se materializa la decisi\u00f3n gubernamental de instalar nuevos grupos electr\u00f3genos basados en combustibles f\u00f3siles, un proceso cuyos tr\u00e1mites administrativos ya avanzan. De momento han salido para \u201calegaciones p\u00fablicas\u201d [&hellip;]<\/p>\n","protected":false},"author":1,"featured_media":1025,"comment_status":"open","ping_status":"open","sticky":false,"template":"","format":"standard","meta":{"footnotes":""},"categories":[42],"tags":[],"class_list":["post-1023","post","type-post","status-publish","format-standard","has-post-thumbnail","category-fosiles"],"yoast_head":"<!-- This site is optimized with the Yoast SEO plugin v28.2 - https:\/\/yoast.com\/product\/yoast-seo-wordpress\/ -->\n<title>Encrucijada energ\u00e9tica - Salto Ecol\u00f3gico<\/title>\n<meta name=\"robots\" content=\"index, follow, max-snippet:-1, max-image-preview:large, max-video-preview:-1\" \/>\n<link rel=\"canonical\" href=\"https:\/\/saltoecologico.es\/index.php\/2025\/05\/11\/encrucijada-energetica-2\/\" \/>\n<meta property=\"og:locale\" content=\"es_ES\" \/>\n<meta property=\"og:type\" content=\"article\" \/>\n<meta property=\"og:title\" content=\"Encrucijada energ\u00e9tica - Salto Ecol\u00f3gico\" \/>\n<meta property=\"og:description\" content=\"En pleno 2025, mientras las Islas Canarias deber\u00edan estar acelerando con una determinaci\u00f3n inquebrantable su camino hacia un futuro energ\u00e9tico 100% renovable, observamos con profunda preocupaci\u00f3n c\u00f3mo se materializa la decisi\u00f3n gubernamental de instalar nuevos grupos electr\u00f3genos basados en combustibles f\u00f3siles, un proceso cuyos tr\u00e1mites administrativos ya avanzan. De momento han salido para \u201calegaciones p\u00fablicas\u201d [&hellip;]\" \/>\n<meta property=\"og:url\" content=\"https:\/\/saltoecologico.es\/index.php\/2025\/05\/11\/encrucijada-energetica-2\/\" \/>\n<meta property=\"og:site_name\" content=\"Salto Ecol\u00f3gico\" \/>\n<meta property=\"article:publisher\" content=\"https:\/\/www.facebook.com\/Saltotransicionecologica\" \/>\n<meta property=\"article:published_time\" content=\"2025-05-11T06:21:52+00:00\" \/>\n<meta property=\"article:modified_time\" content=\"2025-05-11T06:21:54+00:00\" \/>\n<meta property=\"og:image\" content=\"https:\/\/saltoecologico.es\/wp-content\/uploads\/2025\/05\/Grupos-electrogenos.jpg\" \/>\n\t<meta property=\"og:image:width\" content=\"1024\" \/>\n\t<meta property=\"og:image:height\" content=\"683\" \/>\n\t<meta property=\"og:image:type\" content=\"image\/jpeg\" \/>\n<meta name=\"author\" content=\"admin\" \/>\n<meta name=\"twitter:card\" content=\"summary_large_image\" \/>\n<meta name=\"twitter:label1\" content=\"Escrito por\" \/>\n\t<meta name=\"twitter:data1\" content=\"admin\" \/>\n\t<meta name=\"twitter:label2\" content=\"Tiempo de lectura\" \/>\n\t<meta name=\"twitter:data2\" content=\"4 minutos\" \/>\n<script type=\"application\/ld+json\" class=\"yoast-schema-graph\">{\"@context\":\"https:\\\/\\\/schema.org\",\"@graph\":[{\"@type\":\"Article\",\"@id\":\"https:\\\/\\\/saltoecologico.es\\\/index.php\\\/2025\\\/05\\\/11\\\/encrucijada-energetica-2\\\/#article\",\"isPartOf\":{\"@id\":\"https:\\\/\\\/saltoecologico.es\\\/index.php\\\/2025\\\/05\\\/11\\\/encrucijada-energetica-2\\\/\"},\"author\":{\"name\":\"admin\",\"@id\":\"https:\\\/\\\/saltoecologico.es\\\/#\\\/schema\\\/person\\\/7175eec4b3c123d86c675313c3a01a0b\"},\"headline\":\"Encrucijada energ\u00e9tica\",\"datePublished\":\"2025-05-11T06:21:52+00:00\",\"dateModified\":\"2025-05-11T06:21:54+00:00\",\"mainEntityOfPage\":{\"@id\":\"https:\\\/\\\/saltoecologico.es\\\/index.php\\\/2025\\\/05\\\/11\\\/encrucijada-energetica-2\\\/\"},\"wordCount\":841,\"commentCount\":0,\"publisher\":{\"@id\":\"https:\\\/\\\/saltoecologico.es\\\/#organization\"},\"image\":{\"@id\":\"https:\\\/\\\/saltoecologico.es\\\/index.php\\\/2025\\\/05\\\/11\\\/encrucijada-energetica-2\\\/#primaryimage\"},\"thumbnailUrl\":\"https:\\\/\\\/saltoecologico.es\\\/wp-content\\\/uploads\\\/2025\\\/05\\\/Grupos-electrogenos.jpg\",\"articleSection\":[\"F\u00f3siles\"],\"inLanguage\":\"es\",\"potentialAction\":[{\"@type\":\"CommentAction\",\"name\":\"Comment\",\"target\":[\"https:\\\/\\\/saltoecologico.es\\\/index.php\\\/2025\\\/05\\\/11\\\/encrucijada-energetica-2\\\/#respond\"]}]},{\"@type\":\"WebPage\",\"@id\":\"https:\\\/\\\/saltoecologico.es\\\/index.php\\\/2025\\\/05\\\/11\\\/encrucijada-energetica-2\\\/\",\"url\":\"https:\\\/\\\/saltoecologico.es\\\/index.php\\\/2025\\\/05\\\/11\\\/encrucijada-energetica-2\\\/\",\"name\":\"Encrucijada energ\u00e9tica - Salto Ecol\u00f3gico\",\"isPartOf\":{\"@id\":\"https:\\\/\\\/saltoecologico.es\\\/#website\"},\"primaryImageOfPage\":{\"@id\":\"https:\\\/\\\/saltoecologico.es\\\/index.php\\\/2025\\\/05\\\/11\\\/encrucijada-energetica-2\\\/#primaryimage\"},\"image\":{\"@id\":\"https:\\\/\\\/saltoecologico.es\\\/index.php\\\/2025\\\/05\\\/11\\\/encrucijada-energetica-2\\\/#primaryimage\"},\"thumbnailUrl\":\"https:\\\/\\\/saltoecologico.es\\\/wp-content\\\/uploads\\\/2025\\\/05\\\/Grupos-electrogenos.jpg\",\"datePublished\":\"2025-05-11T06:21:52+00:00\",\"dateModified\":\"2025-05-11T06:21:54+00:00\",\"breadcrumb\":{\"@id\":\"https:\\\/\\\/saltoecologico.es\\\/index.php\\\/2025\\\/05\\\/11\\\/encrucijada-energetica-2\\\/#breadcrumb\"},\"inLanguage\":\"es\",\"potentialAction\":[{\"@type\":\"ReadAction\",\"target\":[\"https:\\\/\\\/saltoecologico.es\\\/index.php\\\/2025\\\/05\\\/11\\\/encrucijada-energetica-2\\\/\"]}]},{\"@type\":\"ImageObject\",\"inLanguage\":\"es\",\"@id\":\"https:\\\/\\\/saltoecologico.es\\\/index.php\\\/2025\\\/05\\\/11\\\/encrucijada-energetica-2\\\/#primaryimage\",\"url\":\"https:\\\/\\\/saltoecologico.es\\\/wp-content\\\/uploads\\\/2025\\\/05\\\/Grupos-electrogenos.jpg\",\"contentUrl\":\"https:\\\/\\\/saltoecologico.es\\\/wp-content\\\/uploads\\\/2025\\\/05\\\/Grupos-electrogenos.jpg\",\"width\":1024,\"height\":683},{\"@type\":\"BreadcrumbList\",\"@id\":\"https:\\\/\\\/saltoecologico.es\\\/index.php\\\/2025\\\/05\\\/11\\\/encrucijada-energetica-2\\\/#breadcrumb\",\"itemListElement\":[{\"@type\":\"ListItem\",\"position\":1,\"name\":\"Portada\",\"item\":\"https:\\\/\\\/saltoecologico.es\\\/\"},{\"@type\":\"ListItem\",\"position\":2,\"name\":\"Encrucijada energ\u00e9tica\"}]},{\"@type\":\"WebSite\",\"@id\":\"https:\\\/\\\/saltoecologico.es\\\/#website\",\"url\":\"https:\\\/\\\/saltoecologico.es\\\/\",\"name\":\"Salto Ecol\u00f3gico\",\"description\":\"\",\"publisher\":{\"@id\":\"https:\\\/\\\/saltoecologico.es\\\/#organization\"},\"potentialAction\":[{\"@type\":\"SearchAction\",\"target\":{\"@type\":\"EntryPoint\",\"urlTemplate\":\"https:\\\/\\\/saltoecologico.es\\\/?s={search_term_string}\"},\"query-input\":{\"@type\":\"PropertyValueSpecification\",\"valueRequired\":true,\"valueName\":\"search_term_string\"}}],\"inLanguage\":\"es\"},{\"@type\":\"Organization\",\"@id\":\"https:\\\/\\\/saltoecologico.es\\\/#organization\",\"name\":\"Salto a la Transici\u00f3n Ecol\u00f3gica\",\"url\":\"https:\\\/\\\/saltoecologico.es\\\/\",\"logo\":{\"@type\":\"ImageObject\",\"inLanguage\":\"es\",\"@id\":\"https:\\\/\\\/saltoecologico.es\\\/#\\\/schema\\\/logo\\\/image\\\/\",\"url\":\"https:\\\/\\\/saltoecologico.es\\\/wp-content\\\/uploads\\\/2025\\\/04\\\/Logo-STE.jpg\",\"contentUrl\":\"https:\\\/\\\/saltoecologico.es\\\/wp-content\\\/uploads\\\/2025\\\/04\\\/Logo-STE.jpg\",\"width\":435,\"height\":435,\"caption\":\"Salto a la Transici\u00f3n Ecol\u00f3gica\"},\"image\":{\"@id\":\"https:\\\/\\\/saltoecologico.es\\\/#\\\/schema\\\/logo\\\/image\\\/\"},\"sameAs\":[\"https:\\\/\\\/www.facebook.com\\\/Saltotransicionecologica\"]},{\"@type\":\"Person\",\"@id\":\"https:\\\/\\\/saltoecologico.es\\\/#\\\/schema\\\/person\\\/7175eec4b3c123d86c675313c3a01a0b\",\"name\":\"admin\",\"image\":{\"@type\":\"ImageObject\",\"inLanguage\":\"es\",\"@id\":\"https:\\\/\\\/secure.gravatar.com\\\/avatar\\\/4c215dc57bbc7b2f2f470ac9bd197f3f112636a584e575a732d0206a2d9c9806?s=96&d=mm&r=g\",\"url\":\"https:\\\/\\\/secure.gravatar.com\\\/avatar\\\/4c215dc57bbc7b2f2f470ac9bd197f3f112636a584e575a732d0206a2d9c9806?s=96&d=mm&r=g\",\"contentUrl\":\"https:\\\/\\\/secure.gravatar.com\\\/avatar\\\/4c215dc57bbc7b2f2f470ac9bd197f3f112636a584e575a732d0206a2d9c9806?s=96&d=mm&r=g\",\"caption\":\"admin\"},\"sameAs\":[\"https:\\\/\\\/saltoecologico.es\"],\"url\":\"https:\\\/\\\/saltoecologico.es\\\/index.php\\\/author\\\/saltoecologico\\\/\"}]}<\/script>\n<!-- \/ Yoast SEO plugin. -->","yoast_head_json":{"title":"Encrucijada energ\u00e9tica - Salto Ecol\u00f3gico","robots":{"index":"index","follow":"follow","max-snippet":"max-snippet:-1","max-image-preview":"max-image-preview:large","max-video-preview":"max-video-preview:-1"},"canonical":"https:\/\/saltoecologico.es\/index.php\/2025\/05\/11\/encrucijada-energetica-2\/","og_locale":"es_ES","og_type":"article","og_title":"Encrucijada energ\u00e9tica - Salto Ecol\u00f3gico","og_description":"En pleno 2025, mientras las Islas Canarias deber\u00edan estar acelerando con una determinaci\u00f3n inquebrantable su camino hacia un futuro energ\u00e9tico 100% renovable, observamos con profunda preocupaci\u00f3n c\u00f3mo se materializa la decisi\u00f3n gubernamental de instalar nuevos grupos electr\u00f3genos basados en combustibles f\u00f3siles, un proceso cuyos tr\u00e1mites administrativos ya avanzan. De momento han salido para \u201calegaciones p\u00fablicas\u201d [&hellip;]","og_url":"https:\/\/saltoecologico.es\/index.php\/2025\/05\/11\/encrucijada-energetica-2\/","og_site_name":"Salto Ecol\u00f3gico","article_publisher":"https:\/\/www.facebook.com\/Saltotransicionecologica","article_published_time":"2025-05-11T06:21:52+00:00","article_modified_time":"2025-05-11T06:21:54+00:00","og_image":[{"width":1024,"height":683,"url":"https:\/\/saltoecologico.es\/wp-content\/uploads\/2025\/05\/Grupos-electrogenos.jpg","type":"image\/jpeg"}],"author":"admin","twitter_card":"summary_large_image","twitter_misc":{"Escrito por":"admin","Tiempo de lectura":"4 minutos"},"schema":{"@context":"https:\/\/schema.org","@graph":[{"@type":"Article","@id":"https:\/\/saltoecologico.es\/index.php\/2025\/05\/11\/encrucijada-energetica-2\/#article","isPartOf":{"@id":"https:\/\/saltoecologico.es\/index.php\/2025\/05\/11\/encrucijada-energetica-2\/"},"author":{"name":"admin","@id":"https:\/\/saltoecologico.es\/#\/schema\/person\/7175eec4b3c123d86c675313c3a01a0b"},"headline":"Encrucijada energ\u00e9tica","datePublished":"2025-05-11T06:21:52+00:00","dateModified":"2025-05-11T06:21:54+00:00","mainEntityOfPage":{"@id":"https:\/\/saltoecologico.es\/index.php\/2025\/05\/11\/encrucijada-energetica-2\/"},"wordCount":841,"commentCount":0,"publisher":{"@id":"https:\/\/saltoecologico.es\/#organization"},"image":{"@id":"https:\/\/saltoecologico.es\/index.php\/2025\/05\/11\/encrucijada-energetica-2\/#primaryimage"},"thumbnailUrl":"https:\/\/saltoecologico.es\/wp-content\/uploads\/2025\/05\/Grupos-electrogenos.jpg","articleSection":["F\u00f3siles"],"inLanguage":"es","potentialAction":[{"@type":"CommentAction","name":"Comment","target":["https:\/\/saltoecologico.es\/index.php\/2025\/05\/11\/encrucijada-energetica-2\/#respond"]}]},{"@type":"WebPage","@id":"https:\/\/saltoecologico.es\/index.php\/2025\/05\/11\/encrucijada-energetica-2\/","url":"https:\/\/saltoecologico.es\/index.php\/2025\/05\/11\/encrucijada-energetica-2\/","name":"Encrucijada energ\u00e9tica - Salto Ecol\u00f3gico","isPartOf":{"@id":"https:\/\/saltoecologico.es\/#website"},"primaryImageOfPage":{"@id":"https:\/\/saltoecologico.es\/index.php\/2025\/05\/11\/encrucijada-energetica-2\/#primaryimage"},"image":{"@id":"https:\/\/saltoecologico.es\/index.php\/2025\/05\/11\/encrucijada-energetica-2\/#primaryimage"},"thumbnailUrl":"https:\/\/saltoecologico.es\/wp-content\/uploads\/2025\/05\/Grupos-electrogenos.jpg","datePublished":"2025-05-11T06:21:52+00:00","dateModified":"2025-05-11T06:21:54+00:00","breadcrumb":{"@id":"https:\/\/saltoecologico.es\/index.php\/2025\/05\/11\/encrucijada-energetica-2\/#breadcrumb"},"inLanguage":"es","potentialAction":[{"@type":"ReadAction","target":["https:\/\/saltoecologico.es\/index.php\/2025\/05\/11\/encrucijada-energetica-2\/"]}]},{"@type":"ImageObject","inLanguage":"es","@id":"https:\/\/saltoecologico.es\/index.php\/2025\/05\/11\/encrucijada-energetica-2\/#primaryimage","url":"https:\/\/saltoecologico.es\/wp-content\/uploads\/2025\/05\/Grupos-electrogenos.jpg","contentUrl":"https:\/\/saltoecologico.es\/wp-content\/uploads\/2025\/05\/Grupos-electrogenos.jpg","width":1024,"height":683},{"@type":"BreadcrumbList","@id":"https:\/\/saltoecologico.es\/index.php\/2025\/05\/11\/encrucijada-energetica-2\/#breadcrumb","itemListElement":[{"@type":"ListItem","position":1,"name":"Portada","item":"https:\/\/saltoecologico.es\/"},{"@type":"ListItem","position":2,"name":"Encrucijada energ\u00e9tica"}]},{"@type":"WebSite","@id":"https:\/\/saltoecologico.es\/#website","url":"https:\/\/saltoecologico.es\/","name":"Salto Ecol\u00f3gico","description":"","publisher":{"@id":"https:\/\/saltoecologico.es\/#organization"},"potentialAction":[{"@type":"SearchAction","target":{"@type":"EntryPoint","urlTemplate":"https:\/\/saltoecologico.es\/?s={search_term_string}"},"query-input":{"@type":"PropertyValueSpecification","valueRequired":true,"valueName":"search_term_string"}}],"inLanguage":"es"},{"@type":"Organization","@id":"https:\/\/saltoecologico.es\/#organization","name":"Salto a la Transici\u00f3n Ecol\u00f3gica","url":"https:\/\/saltoecologico.es\/","logo":{"@type":"ImageObject","inLanguage":"es","@id":"https:\/\/saltoecologico.es\/#\/schema\/logo\/image\/","url":"https:\/\/saltoecologico.es\/wp-content\/uploads\/2025\/04\/Logo-STE.jpg","contentUrl":"https:\/\/saltoecologico.es\/wp-content\/uploads\/2025\/04\/Logo-STE.jpg","width":435,"height":435,"caption":"Salto a la Transici\u00f3n Ecol\u00f3gica"},"image":{"@id":"https:\/\/saltoecologico.es\/#\/schema\/logo\/image\/"},"sameAs":["https:\/\/www.facebook.com\/Saltotransicionecologica"]},{"@type":"Person","@id":"https:\/\/saltoecologico.es\/#\/schema\/person\/7175eec4b3c123d86c675313c3a01a0b","name":"admin","image":{"@type":"ImageObject","inLanguage":"es","@id":"https:\/\/secure.gravatar.com\/avatar\/4c215dc57bbc7b2f2f470ac9bd197f3f112636a584e575a732d0206a2d9c9806?s=96&d=mm&r=g","url":"https:\/\/secure.gravatar.com\/avatar\/4c215dc57bbc7b2f2f470ac9bd197f3f112636a584e575a732d0206a2d9c9806?s=96&d=mm&r=g","contentUrl":"https:\/\/secure.gravatar.com\/avatar\/4c215dc57bbc7b2f2f470ac9bd197f3f112636a584e575a732d0206a2d9c9806?s=96&d=mm&r=g","caption":"admin"},"sameAs":["https:\/\/saltoecologico.es"],"url":"https:\/\/saltoecologico.es\/index.php\/author\/saltoecologico\/"}]}},"_links":{"self":[{"href":"https:\/\/saltoecologico.es\/index.php\/wp-json\/wp\/v2\/posts\/1023","targetHints":{"allow":["GET"]}}],"collection":[{"href":"https:\/\/saltoecologico.es\/index.php\/wp-json\/wp\/v2\/posts"}],"about":[{"href":"https:\/\/saltoecologico.es\/index.php\/wp-json\/wp\/v2\/types\/post"}],"author":[{"embeddable":true,"href":"https:\/\/saltoecologico.es\/index.php\/wp-json\/wp\/v2\/users\/1"}],"replies":[{"embeddable":true,"href":"https:\/\/saltoecologico.es\/index.php\/wp-json\/wp\/v2\/comments?post=1023"}],"version-history":[{"count":1,"href":"https:\/\/saltoecologico.es\/index.php\/wp-json\/wp\/v2\/posts\/1023\/revisions"}],"predecessor-version":[{"id":1026,"href":"https:\/\/saltoecologico.es\/index.php\/wp-json\/wp\/v2\/posts\/1023\/revisions\/1026"}],"wp:featuredmedia":[{"embeddable":true,"href":"https:\/\/saltoecologico.es\/index.php\/wp-json\/wp\/v2\/media\/1025"}],"wp:attachment":[{"href":"https:\/\/saltoecologico.es\/index.php\/wp-json\/wp\/v2\/media?parent=1023"}],"wp:term":[{"taxonomy":"category","embeddable":true,"href":"https:\/\/saltoecologico.es\/index.php\/wp-json\/wp\/v2\/categories?post=1023"},{"taxonomy":"post_tag","embeddable":true,"href":"https:\/\/saltoecologico.es\/index.php\/wp-json\/wp\/v2\/tags?post=1023"}],"curies":[{"name":"wp","href":"https:\/\/api.w.org\/{rel}","templated":true}]}}