{"id":1078,"date":"2025-05-17T10:43:13","date_gmt":"2025-05-17T10:43:13","guid":{"rendered":"https:\/\/saltoecologico.es\/?p=1078"},"modified":"2025-05-17T10:43:14","modified_gmt":"2025-05-17T10:43:14","slug":"alegaciones-a-la-emergencia","status":"publish","type":"post","link":"https:\/\/saltoecologico.es\/index.php\/2025\/05\/17\/alegaciones-a-la-emergencia\/","title":{"rendered":"Alegaciones a la emergencia"},"content":{"rendered":"\n<p class=\"wp-block-paragraph\"><strong>Presentamos Alegaciones en Defensa de un Futuro Renovable<\/strong><\/p>\n\n\n\n<p class=\"wp-block-paragraph\"><strong>Fecha:<\/strong> 17 de mayo de 2025<\/p>\n\n\n\n<p class=\"wp-block-paragraph\">En la b\u00fasqueda constante de un horizonte energ\u00e9tico m\u00e1s limpio, resiliente y verdaderamente sostenible para nuestras Islas Canarias, hemos dado un paso firme y reflexivo al presentar formalmente una serie de alegaciones ante el Gobierno Aut\u00f3nomo. Estas objeciones se dirigen a diversos proyectos de nuevas plantas de generaci\u00f3n de emergencia basados en combustibles f\u00f3siles (di\u00e9sel y propano) que, si bien se enmarcan en la necesidad de garantizar la seguridad de suministro a corto plazo, consideramos que representan un desv\u00edo preocupante de la senda irrenunciable hacia la descarbonizaci\u00f3n.<\/p>\n\n\n\n<p class=\"wp-block-paragraph\">Desde nuestra perspectiva creemos imperativo que cualquier medida adoptada, incluso en contextos de urgencia, sea plenamente coherente con los compromisos clim\u00e1ticos y la estrategia de transici\u00f3n energ\u00e9tica a la que Canarias se ha comprometido legal y moralmente.<\/p>\n\n\n\n<p class=\"wp-block-paragraph\">Nuestras alegaciones se fundamentan en varios pilares esenciales que nos gustar\u00eda compartir con la ciudadan\u00eda:<\/p>\n\n\n\n<ol start=\"1\" class=\"wp-block-list\">\n<li><strong>Incoherencia con los Objetivos Clim\u00e1ticos y la Transici\u00f3n Energ\u00e9tica:<\/strong> La instalaci\u00f3n de nueva capacidad de generaci\u00f3n basada en combustibles f\u00f3siles, por muy \u00abtemporales\u00bb o \u00abeficientes\u00bb que se presenten, contradice la Ley 6\/2022 de Cambio Clim\u00e1tico y Transici\u00f3n Energ\u00e9tica de Canarias y nuestra meta de neutralidad clim\u00e1tica para 2040. Estas inversiones millonarias en tecnolog\u00edas del pasado generan un \u00abefecto bloqueo\u00bb que puede ralentizar nuestra necesaria evoluci\u00f3n hacia un modelo 100% renovable.<\/li>\n\n\n\n<li><strong>Obstaculizaci\u00f3n del Despliegue Renovable y del Almacenamiento Estrat\u00e9gico:<\/strong> Consideramos que los significativos recursos econ\u00f3micos y t\u00e9cnicos destinados a estas plantas f\u00f3siles deber\u00edan, con car\u00e1cter prioritario y urgente, reorientarse hacia la aceleraci\u00f3n del despliegue de nuestras abundantes fuentes renovables (solar y e\u00f3lica) y, de forma crucial, hacia el desarrollo e implementaci\u00f3n de sistemas de almacenamiento energ\u00e9tico a gran escala (como las bater\u00edas BESS y los proyectos de bombeo hidr\u00e1ulico reversible tipo Salto de Chira). Estas son las verdaderas herramientas para gestionar la intermitencia renovable y asegurar la estabilidad de la red de forma sostenible.<\/li>\n\n\n\n<li><strong>Cuestionamiento de la Justificaci\u00f3n Ambiental y Tecnol\u00f3gica:<\/strong> Si bien se argumentan mejoras relativas frente a tecnolog\u00edas m\u00e1s antiguas, la comparaci\u00f3n pertinente debe ser con las alternativas de cero emisiones. Las promesas de uso futuro de combustibles \u00abverdes\u00bb (biopropano, hidr\u00f3geno) en estas nuevas plantas f\u00f3siles carecen, a d\u00eda de hoy, de garant\u00edas y planes de suministro concretos, no debiendo desviar la atenci\u00f3n de la naturaleza intr\u00ednsecamente f\u00f3sil de la inversi\u00f3n principal.<\/li>\n\n\n\n<li><strong>Preocupaciones sobre los Procedimientos y la Planificaci\u00f3n Territorial:<\/strong> La tramitaci\u00f3n bajo declaraci\u00f3n de \u00abemergencia energ\u00e9tica\u00bb y, en algunos casos, la ubicaci\u00f3n de estas instalaciones en suelos con alg\u00fan grado de protecci\u00f3n o no consolidados, incluso con justificaciones de \u00abinter\u00e9s general\u00bb, merecen un escrutinio profundo. Es vital asegurar que la urgencia no menoscabe una planificaci\u00f3n territorial sostenible ni la exhaustiva evaluaci\u00f3n de alternativas limpias.<\/li>\n\n\n\n<li><strong>La Superioridad de las Alternativas Sostenibles:<\/strong> Existen soluciones tecnol\u00f3gicas maduras, viables y estrat\u00e9gicamente superiores para garantizar la seguridad del suministro en nuestros sistemas insulares. El almacenamiento con bater\u00edas (BESS), la gesti\u00f3n activa de la demanda (DSR), la modernizaci\u00f3n de redes (Smart Grids) y los grandes proyectos de almacenamiento hidr\u00e1ulico son inversiones de futuro que s\u00ed contribuyen a la descarbonizaci\u00f3n, la soberan\u00eda energ\u00e9tica y la creaci\u00f3n de valor local.<\/li>\n<\/ol>\n\n\n\n<p class=\"wp-block-paragraph\">La presentaci\u00f3n de estas alegaciones no es un acto de oposici\u00f3n por sistema, sino una llamada constructiva a la reflexi\u00f3n y a la acci\u00f3n coherente. Canarias se encuentra en una posici\u00f3n privilegiada para ser un referente mundial en transici\u00f3n energ\u00e9tica en territorios aislados. Aprovechemos esta oportunidad con visi\u00f3n de futuro, priorizando aquellas soluciones que no solo resuelvan los desaf\u00edos inmediatos, sino que sienten las bases para un archipi\u00e9lago pr\u00f3spero, sostenible y energ\u00e9ticamente independiente.<\/p>\n\n\n\n<p class=\"wp-block-paragraph\">Las alegaciones se pueden encontrar en el men\u00fa principal en el apartado que indica \u201cEMERGENCIA\u201d.<\/p>\n","protected":false},"excerpt":{"rendered":"<p>Presentamos Alegaciones en Defensa de un Futuro Renovable Fecha: 17 de mayo de 2025 En la b\u00fasqueda constante de un horizonte energ\u00e9tico m\u00e1s limpio, resiliente y verdaderamente sostenible para nuestras Islas Canarias, hemos dado un paso firme y reflexivo al presentar formalmente una serie de alegaciones ante el Gobierno Aut\u00f3nomo. Estas objeciones se dirigen a [&hellip;]<\/p>\n","protected":false},"author":1,"featured_media":1079,"comment_status":"open","ping_status":"open","sticky":false,"template":"","format":"standard","meta":{"footnotes":""},"categories":[55],"tags":[],"class_list":["post-1078","post","type-post","status-publish","format-standard","has-post-thumbnail","category-general"],"yoast_head":"<!-- This site is optimized with the Yoast SEO plugin v28.2 - https:\/\/yoast.com\/product\/yoast-seo-wordpress\/ -->\n<title>Alegaciones a la emergencia - Salto Ecol\u00f3gico<\/title>\n<meta name=\"robots\" content=\"index, follow, max-snippet:-1, max-image-preview:large, max-video-preview:-1\" \/>\n<link rel=\"canonical\" href=\"https:\/\/saltoecologico.es\/index.php\/2025\/05\/17\/alegaciones-a-la-emergencia\/\" \/>\n<meta property=\"og:locale\" content=\"es_ES\" \/>\n<meta property=\"og:type\" content=\"article\" \/>\n<meta property=\"og:title\" content=\"Alegaciones a la emergencia - Salto Ecol\u00f3gico\" \/>\n<meta property=\"og:description\" content=\"Presentamos Alegaciones en Defensa de un Futuro Renovable Fecha: 17 de mayo de 2025 En la b\u00fasqueda constante de un horizonte energ\u00e9tico m\u00e1s limpio, resiliente y verdaderamente sostenible para nuestras Islas Canarias, hemos dado un paso firme y reflexivo al presentar formalmente una serie de alegaciones ante el Gobierno Aut\u00f3nomo. Estas objeciones se dirigen a [&hellip;]\" \/>\n<meta property=\"og:url\" content=\"https:\/\/saltoecologico.es\/index.php\/2025\/05\/17\/alegaciones-a-la-emergencia\/\" \/>\n<meta property=\"og:site_name\" content=\"Salto Ecol\u00f3gico\" \/>\n<meta property=\"article:publisher\" content=\"https:\/\/www.facebook.com\/Saltotransicionecologica\" \/>\n<meta property=\"article:published_time\" content=\"2025-05-17T10:43:13+00:00\" \/>\n<meta property=\"article:modified_time\" content=\"2025-05-17T10:43:14+00:00\" \/>\n<meta property=\"og:image\" content=\"https:\/\/saltoecologico.es\/wp-content\/uploads\/2025\/05\/Presentacion-de-alegaciones.jpg\" \/>\n\t<meta property=\"og:image:width\" content=\"1024\" \/>\n\t<meta property=\"og:image:height\" content=\"683\" \/>\n\t<meta property=\"og:image:type\" content=\"image\/jpeg\" \/>\n<meta name=\"author\" content=\"admin\" \/>\n<meta name=\"twitter:card\" content=\"summary_large_image\" \/>\n<meta name=\"twitter:label1\" content=\"Escrito por\" \/>\n\t<meta name=\"twitter:data1\" content=\"admin\" \/>\n\t<meta name=\"twitter:label2\" content=\"Tiempo de lectura\" \/>\n\t<meta name=\"twitter:data2\" content=\"3 minutos\" \/>\n<script type=\"application\/ld+json\" class=\"yoast-schema-graph\">{\"@context\":\"https:\\\/\\\/schema.org\",\"@graph\":[{\"@type\":\"Article\",\"@id\":\"https:\\\/\\\/saltoecologico.es\\\/index.php\\\/2025\\\/05\\\/17\\\/alegaciones-a-la-emergencia\\\/#article\",\"isPartOf\":{\"@id\":\"https:\\\/\\\/saltoecologico.es\\\/index.php\\\/2025\\\/05\\\/17\\\/alegaciones-a-la-emergencia\\\/\"},\"author\":{\"name\":\"admin\",\"@id\":\"https:\\\/\\\/saltoecologico.es\\\/#\\\/schema\\\/person\\\/7175eec4b3c123d86c675313c3a01a0b\"},\"headline\":\"Alegaciones a la emergencia\",\"datePublished\":\"2025-05-17T10:43:13+00:00\",\"dateModified\":\"2025-05-17T10:43:14+00:00\",\"mainEntityOfPage\":{\"@id\":\"https:\\\/\\\/saltoecologico.es\\\/index.php\\\/2025\\\/05\\\/17\\\/alegaciones-a-la-emergencia\\\/\"},\"wordCount\":688,\"commentCount\":0,\"publisher\":{\"@id\":\"https:\\\/\\\/saltoecologico.es\\\/#organization\"},\"image\":{\"@id\":\"https:\\\/\\\/saltoecologico.es\\\/index.php\\\/2025\\\/05\\\/17\\\/alegaciones-a-la-emergencia\\\/#primaryimage\"},\"thumbnailUrl\":\"https:\\\/\\\/saltoecologico.es\\\/wp-content\\\/uploads\\\/2025\\\/05\\\/Presentacion-de-alegaciones.jpg\",\"articleSection\":[\"General\"],\"inLanguage\":\"es\",\"potentialAction\":[{\"@type\":\"CommentAction\",\"name\":\"Comment\",\"target\":[\"https:\\\/\\\/saltoecologico.es\\\/index.php\\\/2025\\\/05\\\/17\\\/alegaciones-a-la-emergencia\\\/#respond\"]}]},{\"@type\":\"WebPage\",\"@id\":\"https:\\\/\\\/saltoecologico.es\\\/index.php\\\/2025\\\/05\\\/17\\\/alegaciones-a-la-emergencia\\\/\",\"url\":\"https:\\\/\\\/saltoecologico.es\\\/index.php\\\/2025\\\/05\\\/17\\\/alegaciones-a-la-emergencia\\\/\",\"name\":\"Alegaciones a la emergencia - Salto Ecol\u00f3gico\",\"isPartOf\":{\"@id\":\"https:\\\/\\\/saltoecologico.es\\\/#website\"},\"primaryImageOfPage\":{\"@id\":\"https:\\\/\\\/saltoecologico.es\\\/index.php\\\/2025\\\/05\\\/17\\\/alegaciones-a-la-emergencia\\\/#primaryimage\"},\"image\":{\"@id\":\"https:\\\/\\\/saltoecologico.es\\\/index.php\\\/2025\\\/05\\\/17\\\/alegaciones-a-la-emergencia\\\/#primaryimage\"},\"thumbnailUrl\":\"https:\\\/\\\/saltoecologico.es\\\/wp-content\\\/uploads\\\/2025\\\/05\\\/Presentacion-de-alegaciones.jpg\",\"datePublished\":\"2025-05-17T10:43:13+00:00\",\"dateModified\":\"2025-05-17T10:43:14+00:00\",\"breadcrumb\":{\"@id\":\"https:\\\/\\\/saltoecologico.es\\\/index.php\\\/2025\\\/05\\\/17\\\/alegaciones-a-la-emergencia\\\/#breadcrumb\"},\"inLanguage\":\"es\",\"potentialAction\":[{\"@type\":\"ReadAction\",\"target\":[\"https:\\\/\\\/saltoecologico.es\\\/index.php\\\/2025\\\/05\\\/17\\\/alegaciones-a-la-emergencia\\\/\"]}]},{\"@type\":\"ImageObject\",\"inLanguage\":\"es\",\"@id\":\"https:\\\/\\\/saltoecologico.es\\\/index.php\\\/2025\\\/05\\\/17\\\/alegaciones-a-la-emergencia\\\/#primaryimage\",\"url\":\"https:\\\/\\\/saltoecologico.es\\\/wp-content\\\/uploads\\\/2025\\\/05\\\/Presentacion-de-alegaciones.jpg\",\"contentUrl\":\"https:\\\/\\\/saltoecologico.es\\\/wp-content\\\/uploads\\\/2025\\\/05\\\/Presentacion-de-alegaciones.jpg\",\"width\":1024,\"height\":683},{\"@type\":\"BreadcrumbList\",\"@id\":\"https:\\\/\\\/saltoecologico.es\\\/index.php\\\/2025\\\/05\\\/17\\\/alegaciones-a-la-emergencia\\\/#breadcrumb\",\"itemListElement\":[{\"@type\":\"ListItem\",\"position\":1,\"name\":\"Portada\",\"item\":\"https:\\\/\\\/saltoecologico.es\\\/\"},{\"@type\":\"ListItem\",\"position\":2,\"name\":\"Alegaciones a la emergencia\"}]},{\"@type\":\"WebSite\",\"@id\":\"https:\\\/\\\/saltoecologico.es\\\/#website\",\"url\":\"https:\\\/\\\/saltoecologico.es\\\/\",\"name\":\"Salto Ecol\u00f3gico\",\"description\":\"\",\"publisher\":{\"@id\":\"https:\\\/\\\/saltoecologico.es\\\/#organization\"},\"potentialAction\":[{\"@type\":\"SearchAction\",\"target\":{\"@type\":\"EntryPoint\",\"urlTemplate\":\"https:\\\/\\\/saltoecologico.es\\\/?s={search_term_string}\"},\"query-input\":{\"@type\":\"PropertyValueSpecification\",\"valueRequired\":true,\"valueName\":\"search_term_string\"}}],\"inLanguage\":\"es\"},{\"@type\":\"Organization\",\"@id\":\"https:\\\/\\\/saltoecologico.es\\\/#organization\",\"name\":\"Salto a la Transici\u00f3n Ecol\u00f3gica\",\"url\":\"https:\\\/\\\/saltoecologico.es\\\/\",\"logo\":{\"@type\":\"ImageObject\",\"inLanguage\":\"es\",\"@id\":\"https:\\\/\\\/saltoecologico.es\\\/#\\\/schema\\\/logo\\\/image\\\/\",\"url\":\"https:\\\/\\\/saltoecologico.es\\\/wp-content\\\/uploads\\\/2025\\\/04\\\/Logo-STE.jpg\",\"contentUrl\":\"https:\\\/\\\/saltoecologico.es\\\/wp-content\\\/uploads\\\/2025\\\/04\\\/Logo-STE.jpg\",\"width\":435,\"height\":435,\"caption\":\"Salto a la Transici\u00f3n Ecol\u00f3gica\"},\"image\":{\"@id\":\"https:\\\/\\\/saltoecologico.es\\\/#\\\/schema\\\/logo\\\/image\\\/\"},\"sameAs\":[\"https:\\\/\\\/www.facebook.com\\\/Saltotransicionecologica\"]},{\"@type\":\"Person\",\"@id\":\"https:\\\/\\\/saltoecologico.es\\\/#\\\/schema\\\/person\\\/7175eec4b3c123d86c675313c3a01a0b\",\"name\":\"admin\",\"image\":{\"@type\":\"ImageObject\",\"inLanguage\":\"es\",\"@id\":\"https:\\\/\\\/secure.gravatar.com\\\/avatar\\\/4c215dc57bbc7b2f2f470ac9bd197f3f112636a584e575a732d0206a2d9c9806?s=96&d=mm&r=g\",\"url\":\"https:\\\/\\\/secure.gravatar.com\\\/avatar\\\/4c215dc57bbc7b2f2f470ac9bd197f3f112636a584e575a732d0206a2d9c9806?s=96&d=mm&r=g\",\"contentUrl\":\"https:\\\/\\\/secure.gravatar.com\\\/avatar\\\/4c215dc57bbc7b2f2f470ac9bd197f3f112636a584e575a732d0206a2d9c9806?s=96&d=mm&r=g\",\"caption\":\"admin\"},\"sameAs\":[\"https:\\\/\\\/saltoecologico.es\"],\"url\":\"https:\\\/\\\/saltoecologico.es\\\/index.php\\\/author\\\/saltoecologico\\\/\"}]}<\/script>\n<!-- \/ Yoast SEO plugin. -->","yoast_head_json":{"title":"Alegaciones a la emergencia - Salto Ecol\u00f3gico","robots":{"index":"index","follow":"follow","max-snippet":"max-snippet:-1","max-image-preview":"max-image-preview:large","max-video-preview":"max-video-preview:-1"},"canonical":"https:\/\/saltoecologico.es\/index.php\/2025\/05\/17\/alegaciones-a-la-emergencia\/","og_locale":"es_ES","og_type":"article","og_title":"Alegaciones a la emergencia - Salto Ecol\u00f3gico","og_description":"Presentamos Alegaciones en Defensa de un Futuro Renovable Fecha: 17 de mayo de 2025 En la b\u00fasqueda constante de un horizonte energ\u00e9tico m\u00e1s limpio, resiliente y verdaderamente sostenible para nuestras Islas Canarias, hemos dado un paso firme y reflexivo al presentar formalmente una serie de alegaciones ante el Gobierno Aut\u00f3nomo. Estas objeciones se dirigen a [&hellip;]","og_url":"https:\/\/saltoecologico.es\/index.php\/2025\/05\/17\/alegaciones-a-la-emergencia\/","og_site_name":"Salto Ecol\u00f3gico","article_publisher":"https:\/\/www.facebook.com\/Saltotransicionecologica","article_published_time":"2025-05-17T10:43:13+00:00","article_modified_time":"2025-05-17T10:43:14+00:00","og_image":[{"width":1024,"height":683,"url":"https:\/\/saltoecologico.es\/wp-content\/uploads\/2025\/05\/Presentacion-de-alegaciones.jpg","type":"image\/jpeg"}],"author":"admin","twitter_card":"summary_large_image","twitter_misc":{"Escrito por":"admin","Tiempo de lectura":"3 minutos"},"schema":{"@context":"https:\/\/schema.org","@graph":[{"@type":"Article","@id":"https:\/\/saltoecologico.es\/index.php\/2025\/05\/17\/alegaciones-a-la-emergencia\/#article","isPartOf":{"@id":"https:\/\/saltoecologico.es\/index.php\/2025\/05\/17\/alegaciones-a-la-emergencia\/"},"author":{"name":"admin","@id":"https:\/\/saltoecologico.es\/#\/schema\/person\/7175eec4b3c123d86c675313c3a01a0b"},"headline":"Alegaciones a la emergencia","datePublished":"2025-05-17T10:43:13+00:00","dateModified":"2025-05-17T10:43:14+00:00","mainEntityOfPage":{"@id":"https:\/\/saltoecologico.es\/index.php\/2025\/05\/17\/alegaciones-a-la-emergencia\/"},"wordCount":688,"commentCount":0,"publisher":{"@id":"https:\/\/saltoecologico.es\/#organization"},"image":{"@id":"https:\/\/saltoecologico.es\/index.php\/2025\/05\/17\/alegaciones-a-la-emergencia\/#primaryimage"},"thumbnailUrl":"https:\/\/saltoecologico.es\/wp-content\/uploads\/2025\/05\/Presentacion-de-alegaciones.jpg","articleSection":["General"],"inLanguage":"es","potentialAction":[{"@type":"CommentAction","name":"Comment","target":["https:\/\/saltoecologico.es\/index.php\/2025\/05\/17\/alegaciones-a-la-emergencia\/#respond"]}]},{"@type":"WebPage","@id":"https:\/\/saltoecologico.es\/index.php\/2025\/05\/17\/alegaciones-a-la-emergencia\/","url":"https:\/\/saltoecologico.es\/index.php\/2025\/05\/17\/alegaciones-a-la-emergencia\/","name":"Alegaciones a la emergencia - Salto Ecol\u00f3gico","isPartOf":{"@id":"https:\/\/saltoecologico.es\/#website"},"primaryImageOfPage":{"@id":"https:\/\/saltoecologico.es\/index.php\/2025\/05\/17\/alegaciones-a-la-emergencia\/#primaryimage"},"image":{"@id":"https:\/\/saltoecologico.es\/index.php\/2025\/05\/17\/alegaciones-a-la-emergencia\/#primaryimage"},"thumbnailUrl":"https:\/\/saltoecologico.es\/wp-content\/uploads\/2025\/05\/Presentacion-de-alegaciones.jpg","datePublished":"2025-05-17T10:43:13+00:00","dateModified":"2025-05-17T10:43:14+00:00","breadcrumb":{"@id":"https:\/\/saltoecologico.es\/index.php\/2025\/05\/17\/alegaciones-a-la-emergencia\/#breadcrumb"},"inLanguage":"es","potentialAction":[{"@type":"ReadAction","target":["https:\/\/saltoecologico.es\/index.php\/2025\/05\/17\/alegaciones-a-la-emergencia\/"]}]},{"@type":"ImageObject","inLanguage":"es","@id":"https:\/\/saltoecologico.es\/index.php\/2025\/05\/17\/alegaciones-a-la-emergencia\/#primaryimage","url":"https:\/\/saltoecologico.es\/wp-content\/uploads\/2025\/05\/Presentacion-de-alegaciones.jpg","contentUrl":"https:\/\/saltoecologico.es\/wp-content\/uploads\/2025\/05\/Presentacion-de-alegaciones.jpg","width":1024,"height":683},{"@type":"BreadcrumbList","@id":"https:\/\/saltoecologico.es\/index.php\/2025\/05\/17\/alegaciones-a-la-emergencia\/#breadcrumb","itemListElement":[{"@type":"ListItem","position":1,"name":"Portada","item":"https:\/\/saltoecologico.es\/"},{"@type":"ListItem","position":2,"name":"Alegaciones a la emergencia"}]},{"@type":"WebSite","@id":"https:\/\/saltoecologico.es\/#website","url":"https:\/\/saltoecologico.es\/","name":"Salto Ecol\u00f3gico","description":"","publisher":{"@id":"https:\/\/saltoecologico.es\/#organization"},"potentialAction":[{"@type":"SearchAction","target":{"@type":"EntryPoint","urlTemplate":"https:\/\/saltoecologico.es\/?s={search_term_string}"},"query-input":{"@type":"PropertyValueSpecification","valueRequired":true,"valueName":"search_term_string"}}],"inLanguage":"es"},{"@type":"Organization","@id":"https:\/\/saltoecologico.es\/#organization","name":"Salto a la Transici\u00f3n Ecol\u00f3gica","url":"https:\/\/saltoecologico.es\/","logo":{"@type":"ImageObject","inLanguage":"es","@id":"https:\/\/saltoecologico.es\/#\/schema\/logo\/image\/","url":"https:\/\/saltoecologico.es\/wp-content\/uploads\/2025\/04\/Logo-STE.jpg","contentUrl":"https:\/\/saltoecologico.es\/wp-content\/uploads\/2025\/04\/Logo-STE.jpg","width":435,"height":435,"caption":"Salto a la Transici\u00f3n Ecol\u00f3gica"},"image":{"@id":"https:\/\/saltoecologico.es\/#\/schema\/logo\/image\/"},"sameAs":["https:\/\/www.facebook.com\/Saltotransicionecologica"]},{"@type":"Person","@id":"https:\/\/saltoecologico.es\/#\/schema\/person\/7175eec4b3c123d86c675313c3a01a0b","name":"admin","image":{"@type":"ImageObject","inLanguage":"es","@id":"https:\/\/secure.gravatar.com\/avatar\/4c215dc57bbc7b2f2f470ac9bd197f3f112636a584e575a732d0206a2d9c9806?s=96&d=mm&r=g","url":"https:\/\/secure.gravatar.com\/avatar\/4c215dc57bbc7b2f2f470ac9bd197f3f112636a584e575a732d0206a2d9c9806?s=96&d=mm&r=g","contentUrl":"https:\/\/secure.gravatar.com\/avatar\/4c215dc57bbc7b2f2f470ac9bd197f3f112636a584e575a732d0206a2d9c9806?s=96&d=mm&r=g","caption":"admin"},"sameAs":["https:\/\/saltoecologico.es"],"url":"https:\/\/saltoecologico.es\/index.php\/author\/saltoecologico\/"}]}},"_links":{"self":[{"href":"https:\/\/saltoecologico.es\/index.php\/wp-json\/wp\/v2\/posts\/1078","targetHints":{"allow":["GET"]}}],"collection":[{"href":"https:\/\/saltoecologico.es\/index.php\/wp-json\/wp\/v2\/posts"}],"about":[{"href":"https:\/\/saltoecologico.es\/index.php\/wp-json\/wp\/v2\/types\/post"}],"author":[{"embeddable":true,"href":"https:\/\/saltoecologico.es\/index.php\/wp-json\/wp\/v2\/users\/1"}],"replies":[{"embeddable":true,"href":"https:\/\/saltoecologico.es\/index.php\/wp-json\/wp\/v2\/comments?post=1078"}],"version-history":[{"count":1,"href":"https:\/\/saltoecologico.es\/index.php\/wp-json\/wp\/v2\/posts\/1078\/revisions"}],"predecessor-version":[{"id":1080,"href":"https:\/\/saltoecologico.es\/index.php\/wp-json\/wp\/v2\/posts\/1078\/revisions\/1080"}],"wp:featuredmedia":[{"embeddable":true,"href":"https:\/\/saltoecologico.es\/index.php\/wp-json\/wp\/v2\/media\/1079"}],"wp:attachment":[{"href":"https:\/\/saltoecologico.es\/index.php\/wp-json\/wp\/v2\/media?parent=1078"}],"wp:term":[{"taxonomy":"category","embeddable":true,"href":"https:\/\/saltoecologico.es\/index.php\/wp-json\/wp\/v2\/categories?post=1078"},{"taxonomy":"post_tag","embeddable":true,"href":"https:\/\/saltoecologico.es\/index.php\/wp-json\/wp\/v2\/tags?post=1078"}],"curies":[{"name":"wp","href":"https:\/\/api.w.org\/{rel}","templated":true}]}}