{"id":1088,"date":"2025-05-23T15:31:27","date_gmt":"2025-05-23T15:31:27","guid":{"rendered":"https:\/\/saltoecologico.es\/?p=1088"},"modified":"2025-05-23T15:31:50","modified_gmt":"2025-05-23T15:31:50","slug":"una-auditorias","status":"publish","type":"post","link":"https:\/\/saltoecologico.es\/index.php\/2025\/05\/23\/una-auditorias\/","title":{"rendered":"Una auditor\u00eda"},"content":{"rendered":"\n<p class=\"wp-block-paragraph\"><strong>La hora de la verdad para los sistemas el\u00e9ctricos de Canarias<\/strong><\/p>\n\n\n\n<p class=\"wp-block-paragraph\">En los \u00faltimos d\u00edas hemos sido testigos de varios incidentes en el suministro el\u00e9ctrico en la isla de La Palma. Las curvas p\u00fablicas de Red El\u00e9ctrica no dejan lugar a dudas: se han producido alteraciones significativas en el servicio. A ello se suma un episodio similar en Tenerife, del que apenas se ha tenido conocimiento p\u00fablico, pero que tambi\u00e9n deja huella en los registros. No hablamos de rumores ni de suposiciones: hablamos de datos oficiales, visibles y contrastables.<\/p>\n\n\n\n<p class=\"wp-block-paragraph\">Lo m\u00e1s preocupante de todo esto es que, seg\u00fan la informaci\u00f3n disponible, estos fallos no se han debido a la supuesta obsolescencia de los grupos generadores \u2014argumento recurrente en el discurso oficial\u2014, sino a otros factores menos claros y mucho m\u00e1s inquietantes. \u00bfC\u00f3mo podemos garantizar un suministro el\u00e9ctrico fiable si ni siquiera se identifican con transparencia las causas reales de las incidencias?<\/p>\n\n\n\n<p class=\"wp-block-paragraph\">Desde <em>Salto a la Transici\u00f3n Ecol\u00f3gica<\/em> llevamos <strong>tiempo reclamando una auditor\u00eda t\u00e9cnica, profesional e independiente<\/strong> del sistema el\u00e9ctrico canario. No es una demanda nueva. La hemos planteado en diversas ocasiones y en distintos foros, siempre con el mismo prop\u00f3sito: arrojar luz sobre un sistema que, a pesar de su enorme importancia, sigue envuelto en opacidad.<\/p>\n\n\n\n<p class=\"wp-block-paragraph\">Lamentablemente, nuestras peticiones no han recibido respuesta por parte de las instituciones responsables. Pero los hechos recientes confirman que ya no es posible seguir mirando hacia otro lado. Ha llegado el momento de actuar con responsabilidad. No se trata de se\u00f1alar con el dedo ni de buscar culpables apresurados. Se trata de algo mucho m\u00e1s b\u00e1sico: saber con exactitud en qu\u00e9 situaci\u00f3n se encuentran nuestros sistemas el\u00e9ctricos.<\/p>\n\n\n\n<p class=\"wp-block-paragraph\">Esta auditor\u00eda no deber\u00eda verse como una amenaza, sino como una herramienta imprescindible. Su objetivo debe ser claro: conocer la verdad. Saber si la infraestructura actual es capaz de responder a las exigencias de seguridad, sostenibilidad y modernizaci\u00f3n que requiere el presente. Saber si las inversiones anunciadas se est\u00e1n ejecutando con eficacia. Saber si estamos realmente preparados para un futuro basado en renovables, almacenamiento y gesti\u00f3n inteligente de la demanda.<\/p>\n\n\n\n<p class=\"wp-block-paragraph\">Pero adem\u00e1s, esta auditor\u00eda deber\u00eda ser el punto de inflexi\u00f3n que empuje al Gobierno de Canarias a asumir un papel activo, aut\u00f3nomo y riguroso en la defensa del inter\u00e9s general. No podemos seguir dependiendo \u00fanicamente de los informes, asesor\u00edas o recomendaciones de las mismas empresas que gestionan \u2014y en ocasiones fallan en\u2014 el servicio. Es hora de cambiar la perspectiva. La fiscalizaci\u00f3n no puede venir de quienes est\u00e1n dentro del sistema; debe venir de fuera, con criterios de objetividad y transparencia.<\/p>\n\n\n\n<p class=\"wp-block-paragraph\">El suministro el\u00e9ctrico no es solo una cuesti\u00f3n t\u00e9cnica: es un derecho ciudadano, una garant\u00eda de bienestar, una pieza esencial de nuestro modelo econ\u00f3mico y social. Cuando la electricidad falla, no solo se apagan las luces: se tambalean la sanidad, la educaci\u00f3n, la econom\u00eda y la vida cotidiana de miles de personas.<\/p>\n\n\n\n<p class=\"wp-block-paragraph\">Por eso, desde <em>Salto a la Transici\u00f3n Ecol\u00f3gica<\/em> <strong>volvemos a insistir<\/strong>, con m\u00e1s urgencia que nunca, en lo que ya hemos solicitado con anterioridad: una auditor\u00eda seria, independiente y transparente que eval\u00fae el estado real del sistema el\u00e9ctrico canario. Porque solo con datos reales, con an\u00e1lisis rigurosos y con voluntad pol\u00edtica firme podremos construir un sistema que sea verdaderamente resiliente, justo y alineado con los objetivos de la transici\u00f3n energ\u00e9tica.<\/p>\n\n\n\n<p class=\"wp-block-paragraph\">Canarias no puede permitirse m\u00e1s sombras. Es hora de encender, de una vez por todas, la luz de la verdad.<\/p>\n\n\n\n<hr class=\"wp-block-separator has-alpha-channel-opacity\"\/>\n\n\n\n<p class=\"wp-block-paragraph\"><\/p>\n","protected":false},"excerpt":{"rendered":"<p>La hora de la verdad para los sistemas el\u00e9ctricos de Canarias En los \u00faltimos d\u00edas hemos sido testigos de varios incidentes en el suministro el\u00e9ctrico en la isla de La Palma. Las curvas p\u00fablicas de Red El\u00e9ctrica no dejan lugar a dudas: se han producido alteraciones significativas en el servicio. A ello se suma un [&hellip;]<\/p>\n","protected":false},"author":1,"featured_media":1089,"comment_status":"open","ping_status":"open","sticky":false,"template":"","format":"standard","meta":{"footnotes":""},"categories":[36],"tags":[],"class_list":["post-1088","post","type-post","status-publish","format-standard","has-post-thumbnail","category-sistema-electrico"],"yoast_head":"<!-- This site is optimized with the Yoast SEO plugin v28.2 - https:\/\/yoast.com\/product\/yoast-seo-wordpress\/ -->\n<title>Una auditor\u00eda - Salto Ecol\u00f3gico<\/title>\n<meta name=\"robots\" content=\"index, follow, max-snippet:-1, max-image-preview:large, max-video-preview:-1\" \/>\n<link rel=\"canonical\" href=\"https:\/\/saltoecologico.es\/index.php\/2025\/05\/23\/una-auditorias\/\" \/>\n<meta property=\"og:locale\" content=\"es_ES\" \/>\n<meta property=\"og:type\" content=\"article\" \/>\n<meta property=\"og:title\" content=\"Una auditor\u00eda - Salto Ecol\u00f3gico\" \/>\n<meta property=\"og:description\" content=\"La hora de la verdad para los sistemas el\u00e9ctricos de Canarias En los \u00faltimos d\u00edas hemos sido testigos de varios incidentes en el suministro el\u00e9ctrico en la isla de La Palma. Las curvas p\u00fablicas de Red El\u00e9ctrica no dejan lugar a dudas: se han producido alteraciones significativas en el servicio. A ello se suma un [&hellip;]\" \/>\n<meta property=\"og:url\" content=\"https:\/\/saltoecologico.es\/index.php\/2025\/05\/23\/una-auditorias\/\" \/>\n<meta property=\"og:site_name\" content=\"Salto Ecol\u00f3gico\" \/>\n<meta property=\"article:publisher\" content=\"https:\/\/www.facebook.com\/Saltotransicionecologica\" \/>\n<meta property=\"article:published_time\" content=\"2025-05-23T15:31:27+00:00\" \/>\n<meta property=\"article:modified_time\" content=\"2025-05-23T15:31:50+00:00\" \/>\n<meta property=\"og:image\" content=\"https:\/\/saltoecologico.es\/wp-content\/uploads\/2025\/05\/Auditoria.jpg\" \/>\n\t<meta property=\"og:image:width\" content=\"1024\" \/>\n\t<meta property=\"og:image:height\" content=\"683\" \/>\n\t<meta property=\"og:image:type\" content=\"image\/jpeg\" \/>\n<meta name=\"author\" content=\"admin\" \/>\n<meta name=\"twitter:card\" content=\"summary_large_image\" \/>\n<meta name=\"twitter:label1\" content=\"Escrito por\" \/>\n\t<meta name=\"twitter:data1\" content=\"admin\" \/>\n\t<meta name=\"twitter:label2\" content=\"Tiempo de lectura\" \/>\n\t<meta name=\"twitter:data2\" content=\"3 minutos\" \/>\n<script type=\"application\/ld+json\" class=\"yoast-schema-graph\">{\"@context\":\"https:\\\/\\\/schema.org\",\"@graph\":[{\"@type\":\"Article\",\"@id\":\"https:\\\/\\\/saltoecologico.es\\\/index.php\\\/2025\\\/05\\\/23\\\/una-auditorias\\\/#article\",\"isPartOf\":{\"@id\":\"https:\\\/\\\/saltoecologico.es\\\/index.php\\\/2025\\\/05\\\/23\\\/una-auditorias\\\/\"},\"author\":{\"name\":\"admin\",\"@id\":\"https:\\\/\\\/saltoecologico.es\\\/#\\\/schema\\\/person\\\/7175eec4b3c123d86c675313c3a01a0b\"},\"headline\":\"Una auditor\u00eda\",\"datePublished\":\"2025-05-23T15:31:27+00:00\",\"dateModified\":\"2025-05-23T15:31:50+00:00\",\"mainEntityOfPage\":{\"@id\":\"https:\\\/\\\/saltoecologico.es\\\/index.php\\\/2025\\\/05\\\/23\\\/una-auditorias\\\/\"},\"wordCount\":625,\"commentCount\":0,\"publisher\":{\"@id\":\"https:\\\/\\\/saltoecologico.es\\\/#organization\"},\"image\":{\"@id\":\"https:\\\/\\\/saltoecologico.es\\\/index.php\\\/2025\\\/05\\\/23\\\/una-auditorias\\\/#primaryimage\"},\"thumbnailUrl\":\"https:\\\/\\\/saltoecologico.es\\\/wp-content\\\/uploads\\\/2025\\\/05\\\/Auditoria.jpg\",\"articleSection\":[\"Sistema el\u00e9ctrico\"],\"inLanguage\":\"es\",\"potentialAction\":[{\"@type\":\"CommentAction\",\"name\":\"Comment\",\"target\":[\"https:\\\/\\\/saltoecologico.es\\\/index.php\\\/2025\\\/05\\\/23\\\/una-auditorias\\\/#respond\"]}]},{\"@type\":\"WebPage\",\"@id\":\"https:\\\/\\\/saltoecologico.es\\\/index.php\\\/2025\\\/05\\\/23\\\/una-auditorias\\\/\",\"url\":\"https:\\\/\\\/saltoecologico.es\\\/index.php\\\/2025\\\/05\\\/23\\\/una-auditorias\\\/\",\"name\":\"Una auditor\u00eda - Salto Ecol\u00f3gico\",\"isPartOf\":{\"@id\":\"https:\\\/\\\/saltoecologico.es\\\/#website\"},\"primaryImageOfPage\":{\"@id\":\"https:\\\/\\\/saltoecologico.es\\\/index.php\\\/2025\\\/05\\\/23\\\/una-auditorias\\\/#primaryimage\"},\"image\":{\"@id\":\"https:\\\/\\\/saltoecologico.es\\\/index.php\\\/2025\\\/05\\\/23\\\/una-auditorias\\\/#primaryimage\"},\"thumbnailUrl\":\"https:\\\/\\\/saltoecologico.es\\\/wp-content\\\/uploads\\\/2025\\\/05\\\/Auditoria.jpg\",\"datePublished\":\"2025-05-23T15:31:27+00:00\",\"dateModified\":\"2025-05-23T15:31:50+00:00\",\"breadcrumb\":{\"@id\":\"https:\\\/\\\/saltoecologico.es\\\/index.php\\\/2025\\\/05\\\/23\\\/una-auditorias\\\/#breadcrumb\"},\"inLanguage\":\"es\",\"potentialAction\":[{\"@type\":\"ReadAction\",\"target\":[\"https:\\\/\\\/saltoecologico.es\\\/index.php\\\/2025\\\/05\\\/23\\\/una-auditorias\\\/\"]}]},{\"@type\":\"ImageObject\",\"inLanguage\":\"es\",\"@id\":\"https:\\\/\\\/saltoecologico.es\\\/index.php\\\/2025\\\/05\\\/23\\\/una-auditorias\\\/#primaryimage\",\"url\":\"https:\\\/\\\/saltoecologico.es\\\/wp-content\\\/uploads\\\/2025\\\/05\\\/Auditoria.jpg\",\"contentUrl\":\"https:\\\/\\\/saltoecologico.es\\\/wp-content\\\/uploads\\\/2025\\\/05\\\/Auditoria.jpg\",\"width\":1024,\"height\":683},{\"@type\":\"BreadcrumbList\",\"@id\":\"https:\\\/\\\/saltoecologico.es\\\/index.php\\\/2025\\\/05\\\/23\\\/una-auditorias\\\/#breadcrumb\",\"itemListElement\":[{\"@type\":\"ListItem\",\"position\":1,\"name\":\"Portada\",\"item\":\"https:\\\/\\\/saltoecologico.es\\\/\"},{\"@type\":\"ListItem\",\"position\":2,\"name\":\"Una auditor\u00eda\"}]},{\"@type\":\"WebSite\",\"@id\":\"https:\\\/\\\/saltoecologico.es\\\/#website\",\"url\":\"https:\\\/\\\/saltoecologico.es\\\/\",\"name\":\"Salto Ecol\u00f3gico\",\"description\":\"\",\"publisher\":{\"@id\":\"https:\\\/\\\/saltoecologico.es\\\/#organization\"},\"potentialAction\":[{\"@type\":\"SearchAction\",\"target\":{\"@type\":\"EntryPoint\",\"urlTemplate\":\"https:\\\/\\\/saltoecologico.es\\\/?s={search_term_string}\"},\"query-input\":{\"@type\":\"PropertyValueSpecification\",\"valueRequired\":true,\"valueName\":\"search_term_string\"}}],\"inLanguage\":\"es\"},{\"@type\":\"Organization\",\"@id\":\"https:\\\/\\\/saltoecologico.es\\\/#organization\",\"name\":\"Salto a la Transici\u00f3n Ecol\u00f3gica\",\"url\":\"https:\\\/\\\/saltoecologico.es\\\/\",\"logo\":{\"@type\":\"ImageObject\",\"inLanguage\":\"es\",\"@id\":\"https:\\\/\\\/saltoecologico.es\\\/#\\\/schema\\\/logo\\\/image\\\/\",\"url\":\"https:\\\/\\\/saltoecologico.es\\\/wp-content\\\/uploads\\\/2025\\\/04\\\/Logo-STE.jpg\",\"contentUrl\":\"https:\\\/\\\/saltoecologico.es\\\/wp-content\\\/uploads\\\/2025\\\/04\\\/Logo-STE.jpg\",\"width\":435,\"height\":435,\"caption\":\"Salto a la Transici\u00f3n Ecol\u00f3gica\"},\"image\":{\"@id\":\"https:\\\/\\\/saltoecologico.es\\\/#\\\/schema\\\/logo\\\/image\\\/\"},\"sameAs\":[\"https:\\\/\\\/www.facebook.com\\\/Saltotransicionecologica\"]},{\"@type\":\"Person\",\"@id\":\"https:\\\/\\\/saltoecologico.es\\\/#\\\/schema\\\/person\\\/7175eec4b3c123d86c675313c3a01a0b\",\"name\":\"admin\",\"image\":{\"@type\":\"ImageObject\",\"inLanguage\":\"es\",\"@id\":\"https:\\\/\\\/secure.gravatar.com\\\/avatar\\\/4c215dc57bbc7b2f2f470ac9bd197f3f112636a584e575a732d0206a2d9c9806?s=96&d=mm&r=g\",\"url\":\"https:\\\/\\\/secure.gravatar.com\\\/avatar\\\/4c215dc57bbc7b2f2f470ac9bd197f3f112636a584e575a732d0206a2d9c9806?s=96&d=mm&r=g\",\"contentUrl\":\"https:\\\/\\\/secure.gravatar.com\\\/avatar\\\/4c215dc57bbc7b2f2f470ac9bd197f3f112636a584e575a732d0206a2d9c9806?s=96&d=mm&r=g\",\"caption\":\"admin\"},\"sameAs\":[\"https:\\\/\\\/saltoecologico.es\"],\"url\":\"https:\\\/\\\/saltoecologico.es\\\/index.php\\\/author\\\/saltoecologico\\\/\"}]}<\/script>\n<!-- \/ Yoast SEO plugin. -->","yoast_head_json":{"title":"Una auditor\u00eda - Salto Ecol\u00f3gico","robots":{"index":"index","follow":"follow","max-snippet":"max-snippet:-1","max-image-preview":"max-image-preview:large","max-video-preview":"max-video-preview:-1"},"canonical":"https:\/\/saltoecologico.es\/index.php\/2025\/05\/23\/una-auditorias\/","og_locale":"es_ES","og_type":"article","og_title":"Una auditor\u00eda - Salto Ecol\u00f3gico","og_description":"La hora de la verdad para los sistemas el\u00e9ctricos de Canarias En los \u00faltimos d\u00edas hemos sido testigos de varios incidentes en el suministro el\u00e9ctrico en la isla de La Palma. Las curvas p\u00fablicas de Red El\u00e9ctrica no dejan lugar a dudas: se han producido alteraciones significativas en el servicio. A ello se suma un [&hellip;]","og_url":"https:\/\/saltoecologico.es\/index.php\/2025\/05\/23\/una-auditorias\/","og_site_name":"Salto Ecol\u00f3gico","article_publisher":"https:\/\/www.facebook.com\/Saltotransicionecologica","article_published_time":"2025-05-23T15:31:27+00:00","article_modified_time":"2025-05-23T15:31:50+00:00","og_image":[{"width":1024,"height":683,"url":"https:\/\/saltoecologico.es\/wp-content\/uploads\/2025\/05\/Auditoria.jpg","type":"image\/jpeg"}],"author":"admin","twitter_card":"summary_large_image","twitter_misc":{"Escrito por":"admin","Tiempo de lectura":"3 minutos"},"schema":{"@context":"https:\/\/schema.org","@graph":[{"@type":"Article","@id":"https:\/\/saltoecologico.es\/index.php\/2025\/05\/23\/una-auditorias\/#article","isPartOf":{"@id":"https:\/\/saltoecologico.es\/index.php\/2025\/05\/23\/una-auditorias\/"},"author":{"name":"admin","@id":"https:\/\/saltoecologico.es\/#\/schema\/person\/7175eec4b3c123d86c675313c3a01a0b"},"headline":"Una auditor\u00eda","datePublished":"2025-05-23T15:31:27+00:00","dateModified":"2025-05-23T15:31:50+00:00","mainEntityOfPage":{"@id":"https:\/\/saltoecologico.es\/index.php\/2025\/05\/23\/una-auditorias\/"},"wordCount":625,"commentCount":0,"publisher":{"@id":"https:\/\/saltoecologico.es\/#organization"},"image":{"@id":"https:\/\/saltoecologico.es\/index.php\/2025\/05\/23\/una-auditorias\/#primaryimage"},"thumbnailUrl":"https:\/\/saltoecologico.es\/wp-content\/uploads\/2025\/05\/Auditoria.jpg","articleSection":["Sistema el\u00e9ctrico"],"inLanguage":"es","potentialAction":[{"@type":"CommentAction","name":"Comment","target":["https:\/\/saltoecologico.es\/index.php\/2025\/05\/23\/una-auditorias\/#respond"]}]},{"@type":"WebPage","@id":"https:\/\/saltoecologico.es\/index.php\/2025\/05\/23\/una-auditorias\/","url":"https:\/\/saltoecologico.es\/index.php\/2025\/05\/23\/una-auditorias\/","name":"Una auditor\u00eda - Salto Ecol\u00f3gico","isPartOf":{"@id":"https:\/\/saltoecologico.es\/#website"},"primaryImageOfPage":{"@id":"https:\/\/saltoecologico.es\/index.php\/2025\/05\/23\/una-auditorias\/#primaryimage"},"image":{"@id":"https:\/\/saltoecologico.es\/index.php\/2025\/05\/23\/una-auditorias\/#primaryimage"},"thumbnailUrl":"https:\/\/saltoecologico.es\/wp-content\/uploads\/2025\/05\/Auditoria.jpg","datePublished":"2025-05-23T15:31:27+00:00","dateModified":"2025-05-23T15:31:50+00:00","breadcrumb":{"@id":"https:\/\/saltoecologico.es\/index.php\/2025\/05\/23\/una-auditorias\/#breadcrumb"},"inLanguage":"es","potentialAction":[{"@type":"ReadAction","target":["https:\/\/saltoecologico.es\/index.php\/2025\/05\/23\/una-auditorias\/"]}]},{"@type":"ImageObject","inLanguage":"es","@id":"https:\/\/saltoecologico.es\/index.php\/2025\/05\/23\/una-auditorias\/#primaryimage","url":"https:\/\/saltoecologico.es\/wp-content\/uploads\/2025\/05\/Auditoria.jpg","contentUrl":"https:\/\/saltoecologico.es\/wp-content\/uploads\/2025\/05\/Auditoria.jpg","width":1024,"height":683},{"@type":"BreadcrumbList","@id":"https:\/\/saltoecologico.es\/index.php\/2025\/05\/23\/una-auditorias\/#breadcrumb","itemListElement":[{"@type":"ListItem","position":1,"name":"Portada","item":"https:\/\/saltoecologico.es\/"},{"@type":"ListItem","position":2,"name":"Una auditor\u00eda"}]},{"@type":"WebSite","@id":"https:\/\/saltoecologico.es\/#website","url":"https:\/\/saltoecologico.es\/","name":"Salto Ecol\u00f3gico","description":"","publisher":{"@id":"https:\/\/saltoecologico.es\/#organization"},"potentialAction":[{"@type":"SearchAction","target":{"@type":"EntryPoint","urlTemplate":"https:\/\/saltoecologico.es\/?s={search_term_string}"},"query-input":{"@type":"PropertyValueSpecification","valueRequired":true,"valueName":"search_term_string"}}],"inLanguage":"es"},{"@type":"Organization","@id":"https:\/\/saltoecologico.es\/#organization","name":"Salto a la Transici\u00f3n Ecol\u00f3gica","url":"https:\/\/saltoecologico.es\/","logo":{"@type":"ImageObject","inLanguage":"es","@id":"https:\/\/saltoecologico.es\/#\/schema\/logo\/image\/","url":"https:\/\/saltoecologico.es\/wp-content\/uploads\/2025\/04\/Logo-STE.jpg","contentUrl":"https:\/\/saltoecologico.es\/wp-content\/uploads\/2025\/04\/Logo-STE.jpg","width":435,"height":435,"caption":"Salto a la Transici\u00f3n Ecol\u00f3gica"},"image":{"@id":"https:\/\/saltoecologico.es\/#\/schema\/logo\/image\/"},"sameAs":["https:\/\/www.facebook.com\/Saltotransicionecologica"]},{"@type":"Person","@id":"https:\/\/saltoecologico.es\/#\/schema\/person\/7175eec4b3c123d86c675313c3a01a0b","name":"admin","image":{"@type":"ImageObject","inLanguage":"es","@id":"https:\/\/secure.gravatar.com\/avatar\/4c215dc57bbc7b2f2f470ac9bd197f3f112636a584e575a732d0206a2d9c9806?s=96&d=mm&r=g","url":"https:\/\/secure.gravatar.com\/avatar\/4c215dc57bbc7b2f2f470ac9bd197f3f112636a584e575a732d0206a2d9c9806?s=96&d=mm&r=g","contentUrl":"https:\/\/secure.gravatar.com\/avatar\/4c215dc57bbc7b2f2f470ac9bd197f3f112636a584e575a732d0206a2d9c9806?s=96&d=mm&r=g","caption":"admin"},"sameAs":["https:\/\/saltoecologico.es"],"url":"https:\/\/saltoecologico.es\/index.php\/author\/saltoecologico\/"}]}},"_links":{"self":[{"href":"https:\/\/saltoecologico.es\/index.php\/wp-json\/wp\/v2\/posts\/1088","targetHints":{"allow":["GET"]}}],"collection":[{"href":"https:\/\/saltoecologico.es\/index.php\/wp-json\/wp\/v2\/posts"}],"about":[{"href":"https:\/\/saltoecologico.es\/index.php\/wp-json\/wp\/v2\/types\/post"}],"author":[{"embeddable":true,"href":"https:\/\/saltoecologico.es\/index.php\/wp-json\/wp\/v2\/users\/1"}],"replies":[{"embeddable":true,"href":"https:\/\/saltoecologico.es\/index.php\/wp-json\/wp\/v2\/comments?post=1088"}],"version-history":[{"count":2,"href":"https:\/\/saltoecologico.es\/index.php\/wp-json\/wp\/v2\/posts\/1088\/revisions"}],"predecessor-version":[{"id":1091,"href":"https:\/\/saltoecologico.es\/index.php\/wp-json\/wp\/v2\/posts\/1088\/revisions\/1091"}],"wp:featuredmedia":[{"embeddable":true,"href":"https:\/\/saltoecologico.es\/index.php\/wp-json\/wp\/v2\/media\/1089"}],"wp:attachment":[{"href":"https:\/\/saltoecologico.es\/index.php\/wp-json\/wp\/v2\/media?parent=1088"}],"wp:term":[{"taxonomy":"category","embeddable":true,"href":"https:\/\/saltoecologico.es\/index.php\/wp-json\/wp\/v2\/categories?post=1088"},{"taxonomy":"post_tag","embeddable":true,"href":"https:\/\/saltoecologico.es\/index.php\/wp-json\/wp\/v2\/tags?post=1088"}],"curies":[{"name":"wp","href":"https:\/\/api.w.org\/{rel}","templated":true}]}}