{"id":1108,"date":"2025-05-25T11:40:32","date_gmt":"2025-05-25T11:40:32","guid":{"rendered":"https:\/\/saltoecologico.es\/?p=1108"},"modified":"2025-05-25T11:40:33","modified_gmt":"2025-05-25T11:40:33","slug":"detras-de-los-informes","status":"publish","type":"post","link":"https:\/\/saltoecologico.es\/index.php\/2025\/05\/25\/detras-de-los-informes\/","title":{"rendered":"Detras de los informes"},"content":{"rendered":"\n<p class=\"wp-block-paragraph\">HAY QUE HACER P\u00daBLICOS LOS INFORMES DE REE<\/p>\n\n\n\n<p class=\"wp-block-paragraph\">Una y otra vez, en la explicaciones que se hacen desde la administraci\u00f3n acerca de la \u201c<strong>Emergencia Energ\u00e9tica en Canarias<\/strong>\u201d, se hace alusi\u00f3n a los informes de Red El\u00e9ctrica de Espa\u00f1a para justificar la necesidad de potencia adicional y de potencia de emergencia, para los sistemas el\u00e9ctricos de las islas. <strong>Estas supuestas deficiencias<\/strong> han tenido como respuesta el proceso de concurrencia competitiva para dotar de una ingente cantidad de nuevos grupos de combustibles f\u00f3siles para nuestras centrales y de m\u00e1s de una cincuentena de grupos de emergencia para Tenerife, Gran Canaria y Fuerteventura. Por esto y en un necesario ejercicio de transparencia ante la ciudadan\u00eda se deber\u00edan hacer p\u00fablicos estos informes, para que todos pudi\u00e9ramos conocer de primera mano las razones que se esgrimen y en su caso, poder presentar objeciones.<\/p>\n\n\n\n<p class=\"wp-block-paragraph\">Decimos lo de presentar objeciones porque hay cosas que <strong>no nos cuadran<\/strong>. Por ejemplo, si cogemos los datos de los grupos de las centrales, publicados en las Estrategias del Instituto Tecnol\u00f3gico de Canarias y cotejamos sus fechas de instalaci\u00f3n y de <strong>Vida \u00fatil Regulatoria<\/strong> (VUR), nos damos cuenta de que la informaci\u00f3n que, si se ha hecho p\u00fablica, solo nos cuadra si se tiene en cuenta que los grupos dejan de estar disponibles cuando se cumple esta VUR, es decir despu\u00e9s de 25 a\u00f1os de su puesta en marcha. Pero si esto es as\u00ed, tenemos un problema serio. En la actualidad hay grupos en las centrales que est\u00e1n funcionando y que tienen una vida de <strong>\u201c50 A\u00d1OS\u201d<\/strong> y en estas condiciones hay muchos, por lo que estamos cometiendo flagrantes irregularidades en la actualidad de las que alguien deber\u00eda responder. Por otro lado, si alargar la vida de un grupo m\u00e1s all\u00e1 de los 25 a\u00f1os es completamente l\u00edcito, no entender\u00edamos que, en medio de un proceso de <strong>transici\u00f3n energ\u00e9tica a las renovables<\/strong>, no se hiciera para no instalar potencia f\u00f3sil nueva.<\/p>\n\n\n\n<p class=\"wp-block-paragraph\">Otra cuesti\u00f3n que nos llama poderosamente la atenci\u00f3n es el de la potencia de emergencia. Si esta potencia de emergencia es necesaria por problemas de generaci\u00f3n, grupos obsoletos, como se ha venido diciendo por la administraci\u00f3n, lo l\u00f3gico es que, para ser eficientes y eficaces, esta potencia de emergencia estuviera instalada en un sitio determinado. Pero observando la distribuci\u00f3n en Tenerife, de estos nuevos grupos, se observa que se diseminan por la isla, colocando unidades en Granadilla, El Rosario, Santa Cruz y Los Realejos. Ante esto solo se nos ocurre una explicaci\u00f3n, no solo se est\u00e1 intentando cubrir una supuesta necesidad de generaci\u00f3n, sino una supuesta<strong> necesidad de la red<\/strong>, es decir, tenemos una red de transporte y distribuci\u00f3n, en Tenerife, <strong>en condiciones precarias<\/strong>. Evidentemente si esto fuera as\u00ed, la situaci\u00f3n ser\u00eda mucho m\u00e1s grave que la que nos han dibujado y podr\u00eda explicar muchas cosas.<\/p>\n\n\n\n<p class=\"wp-block-paragraph\">Evidentemente todo lo anterior esta realizado desde el campo de la especulaci\u00f3n, sencillamente porque el elemento central de la justificaci\u00f3n no est\u00e1 en nuestro poder.<\/p>\n\n\n\n<p class=\"wp-block-paragraph\">Por todo ello y dado el inter\u00e9s que tiene y sus repercusiones ciertas, desde Salto a la Transici\u00f3n Ecol\u00f3gica <strong>solicitamos<\/strong> que los informes de Red El\u00e9ctrica <strong>se hagan p\u00fablicos <\/strong>para que todo aquel que lo desee los pueda consultar y de esa forma poder valorar adecuadamente todas las repercusiones que dichos informes est\u00e1 acarreando.<\/p>\n","protected":false},"excerpt":{"rendered":"<p>HAY QUE HACER P\u00daBLICOS LOS INFORMES DE REE Una y otra vez, en la explicaciones que se hacen desde la administraci\u00f3n acerca de la \u201cEmergencia Energ\u00e9tica en Canarias\u201d, se hace alusi\u00f3n a los informes de Red El\u00e9ctrica de Espa\u00f1a para justificar la necesidad de potencia adicional y de potencia de emergencia, para los sistemas el\u00e9ctricos [&hellip;]<\/p>\n","protected":false},"author":1,"featured_media":1109,"comment_status":"open","ping_status":"open","sticky":false,"template":"","format":"standard","meta":{"footnotes":""},"categories":[55],"tags":[],"class_list":["post-1108","post","type-post","status-publish","format-standard","has-post-thumbnail","category-general"],"yoast_head":"<!-- This site is optimized with the Yoast SEO plugin v28.2 - https:\/\/yoast.com\/product\/yoast-seo-wordpress\/ -->\n<title>Detras de los informes - Salto Ecol\u00f3gico<\/title>\n<meta name=\"robots\" content=\"index, follow, max-snippet:-1, max-image-preview:large, max-video-preview:-1\" \/>\n<link rel=\"canonical\" href=\"https:\/\/saltoecologico.es\/index.php\/2025\/05\/25\/detras-de-los-informes\/\" \/>\n<meta property=\"og:locale\" content=\"es_ES\" \/>\n<meta property=\"og:type\" content=\"article\" \/>\n<meta property=\"og:title\" content=\"Detras de los informes - Salto Ecol\u00f3gico\" \/>\n<meta property=\"og:description\" content=\"HAY QUE HACER P\u00daBLICOS LOS INFORMES DE REE Una y otra vez, en la explicaciones que se hacen desde la administraci\u00f3n acerca de la \u201cEmergencia Energ\u00e9tica en Canarias\u201d, se hace alusi\u00f3n a los informes de Red El\u00e9ctrica de Espa\u00f1a para justificar la necesidad de potencia adicional y de potencia de emergencia, para los sistemas el\u00e9ctricos [&hellip;]\" \/>\n<meta property=\"og:url\" content=\"https:\/\/saltoecologico.es\/index.php\/2025\/05\/25\/detras-de-los-informes\/\" \/>\n<meta property=\"og:site_name\" content=\"Salto Ecol\u00f3gico\" \/>\n<meta property=\"article:publisher\" content=\"https:\/\/www.facebook.com\/Saltotransicionecologica\" \/>\n<meta property=\"article:published_time\" content=\"2025-05-25T11:40:32+00:00\" \/>\n<meta property=\"article:modified_time\" content=\"2025-05-25T11:40:33+00:00\" \/>\n<meta property=\"og:image\" content=\"https:\/\/saltoecologico.es\/wp-content\/uploads\/2025\/05\/Informe-de-cobertura.jpg\" \/>\n\t<meta property=\"og:image:width\" content=\"1024\" \/>\n\t<meta property=\"og:image:height\" content=\"683\" \/>\n\t<meta property=\"og:image:type\" content=\"image\/jpeg\" \/>\n<meta name=\"author\" content=\"admin\" \/>\n<meta name=\"twitter:card\" content=\"summary_large_image\" \/>\n<meta name=\"twitter:label1\" content=\"Escrito por\" \/>\n\t<meta name=\"twitter:data1\" content=\"admin\" \/>\n\t<meta name=\"twitter:label2\" content=\"Tiempo de lectura\" \/>\n\t<meta name=\"twitter:data2\" content=\"3 minutos\" \/>\n<script type=\"application\/ld+json\" class=\"yoast-schema-graph\">{\"@context\":\"https:\\\/\\\/schema.org\",\"@graph\":[{\"@type\":\"Article\",\"@id\":\"https:\\\/\\\/saltoecologico.es\\\/index.php\\\/2025\\\/05\\\/25\\\/detras-de-los-informes\\\/#article\",\"isPartOf\":{\"@id\":\"https:\\\/\\\/saltoecologico.es\\\/index.php\\\/2025\\\/05\\\/25\\\/detras-de-los-informes\\\/\"},\"author\":{\"name\":\"admin\",\"@id\":\"https:\\\/\\\/saltoecologico.es\\\/#\\\/schema\\\/person\\\/7175eec4b3c123d86c675313c3a01a0b\"},\"headline\":\"Detras de los informes\",\"datePublished\":\"2025-05-25T11:40:32+00:00\",\"dateModified\":\"2025-05-25T11:40:33+00:00\",\"mainEntityOfPage\":{\"@id\":\"https:\\\/\\\/saltoecologico.es\\\/index.php\\\/2025\\\/05\\\/25\\\/detras-de-los-informes\\\/\"},\"wordCount\":595,\"commentCount\":0,\"publisher\":{\"@id\":\"https:\\\/\\\/saltoecologico.es\\\/#organization\"},\"image\":{\"@id\":\"https:\\\/\\\/saltoecologico.es\\\/index.php\\\/2025\\\/05\\\/25\\\/detras-de-los-informes\\\/#primaryimage\"},\"thumbnailUrl\":\"https:\\\/\\\/saltoecologico.es\\\/wp-content\\\/uploads\\\/2025\\\/05\\\/Informe-de-cobertura.jpg\",\"articleSection\":[\"General\"],\"inLanguage\":\"es\",\"potentialAction\":[{\"@type\":\"CommentAction\",\"name\":\"Comment\",\"target\":[\"https:\\\/\\\/saltoecologico.es\\\/index.php\\\/2025\\\/05\\\/25\\\/detras-de-los-informes\\\/#respond\"]}]},{\"@type\":\"WebPage\",\"@id\":\"https:\\\/\\\/saltoecologico.es\\\/index.php\\\/2025\\\/05\\\/25\\\/detras-de-los-informes\\\/\",\"url\":\"https:\\\/\\\/saltoecologico.es\\\/index.php\\\/2025\\\/05\\\/25\\\/detras-de-los-informes\\\/\",\"name\":\"Detras de los informes - Salto Ecol\u00f3gico\",\"isPartOf\":{\"@id\":\"https:\\\/\\\/saltoecologico.es\\\/#website\"},\"primaryImageOfPage\":{\"@id\":\"https:\\\/\\\/saltoecologico.es\\\/index.php\\\/2025\\\/05\\\/25\\\/detras-de-los-informes\\\/#primaryimage\"},\"image\":{\"@id\":\"https:\\\/\\\/saltoecologico.es\\\/index.php\\\/2025\\\/05\\\/25\\\/detras-de-los-informes\\\/#primaryimage\"},\"thumbnailUrl\":\"https:\\\/\\\/saltoecologico.es\\\/wp-content\\\/uploads\\\/2025\\\/05\\\/Informe-de-cobertura.jpg\",\"datePublished\":\"2025-05-25T11:40:32+00:00\",\"dateModified\":\"2025-05-25T11:40:33+00:00\",\"breadcrumb\":{\"@id\":\"https:\\\/\\\/saltoecologico.es\\\/index.php\\\/2025\\\/05\\\/25\\\/detras-de-los-informes\\\/#breadcrumb\"},\"inLanguage\":\"es\",\"potentialAction\":[{\"@type\":\"ReadAction\",\"target\":[\"https:\\\/\\\/saltoecologico.es\\\/index.php\\\/2025\\\/05\\\/25\\\/detras-de-los-informes\\\/\"]}]},{\"@type\":\"ImageObject\",\"inLanguage\":\"es\",\"@id\":\"https:\\\/\\\/saltoecologico.es\\\/index.php\\\/2025\\\/05\\\/25\\\/detras-de-los-informes\\\/#primaryimage\",\"url\":\"https:\\\/\\\/saltoecologico.es\\\/wp-content\\\/uploads\\\/2025\\\/05\\\/Informe-de-cobertura.jpg\",\"contentUrl\":\"https:\\\/\\\/saltoecologico.es\\\/wp-content\\\/uploads\\\/2025\\\/05\\\/Informe-de-cobertura.jpg\",\"width\":1024,\"height\":683},{\"@type\":\"BreadcrumbList\",\"@id\":\"https:\\\/\\\/saltoecologico.es\\\/index.php\\\/2025\\\/05\\\/25\\\/detras-de-los-informes\\\/#breadcrumb\",\"itemListElement\":[{\"@type\":\"ListItem\",\"position\":1,\"name\":\"Portada\",\"item\":\"https:\\\/\\\/saltoecologico.es\\\/\"},{\"@type\":\"ListItem\",\"position\":2,\"name\":\"Detras de los informes\"}]},{\"@type\":\"WebSite\",\"@id\":\"https:\\\/\\\/saltoecologico.es\\\/#website\",\"url\":\"https:\\\/\\\/saltoecologico.es\\\/\",\"name\":\"Salto Ecol\u00f3gico\",\"description\":\"\",\"publisher\":{\"@id\":\"https:\\\/\\\/saltoecologico.es\\\/#organization\"},\"potentialAction\":[{\"@type\":\"SearchAction\",\"target\":{\"@type\":\"EntryPoint\",\"urlTemplate\":\"https:\\\/\\\/saltoecologico.es\\\/?s={search_term_string}\"},\"query-input\":{\"@type\":\"PropertyValueSpecification\",\"valueRequired\":true,\"valueName\":\"search_term_string\"}}],\"inLanguage\":\"es\"},{\"@type\":\"Organization\",\"@id\":\"https:\\\/\\\/saltoecologico.es\\\/#organization\",\"name\":\"Salto a la Transici\u00f3n Ecol\u00f3gica\",\"url\":\"https:\\\/\\\/saltoecologico.es\\\/\",\"logo\":{\"@type\":\"ImageObject\",\"inLanguage\":\"es\",\"@id\":\"https:\\\/\\\/saltoecologico.es\\\/#\\\/schema\\\/logo\\\/image\\\/\",\"url\":\"https:\\\/\\\/saltoecologico.es\\\/wp-content\\\/uploads\\\/2025\\\/04\\\/Logo-STE.jpg\",\"contentUrl\":\"https:\\\/\\\/saltoecologico.es\\\/wp-content\\\/uploads\\\/2025\\\/04\\\/Logo-STE.jpg\",\"width\":435,\"height\":435,\"caption\":\"Salto a la Transici\u00f3n Ecol\u00f3gica\"},\"image\":{\"@id\":\"https:\\\/\\\/saltoecologico.es\\\/#\\\/schema\\\/logo\\\/image\\\/\"},\"sameAs\":[\"https:\\\/\\\/www.facebook.com\\\/Saltotransicionecologica\"]},{\"@type\":\"Person\",\"@id\":\"https:\\\/\\\/saltoecologico.es\\\/#\\\/schema\\\/person\\\/7175eec4b3c123d86c675313c3a01a0b\",\"name\":\"admin\",\"image\":{\"@type\":\"ImageObject\",\"inLanguage\":\"es\",\"@id\":\"https:\\\/\\\/secure.gravatar.com\\\/avatar\\\/4c215dc57bbc7b2f2f470ac9bd197f3f112636a584e575a732d0206a2d9c9806?s=96&d=mm&r=g\",\"url\":\"https:\\\/\\\/secure.gravatar.com\\\/avatar\\\/4c215dc57bbc7b2f2f470ac9bd197f3f112636a584e575a732d0206a2d9c9806?s=96&d=mm&r=g\",\"contentUrl\":\"https:\\\/\\\/secure.gravatar.com\\\/avatar\\\/4c215dc57bbc7b2f2f470ac9bd197f3f112636a584e575a732d0206a2d9c9806?s=96&d=mm&r=g\",\"caption\":\"admin\"},\"sameAs\":[\"https:\\\/\\\/saltoecologico.es\"],\"url\":\"https:\\\/\\\/saltoecologico.es\\\/index.php\\\/author\\\/saltoecologico\\\/\"}]}<\/script>\n<!-- \/ Yoast SEO plugin. -->","yoast_head_json":{"title":"Detras de los informes - Salto Ecol\u00f3gico","robots":{"index":"index","follow":"follow","max-snippet":"max-snippet:-1","max-image-preview":"max-image-preview:large","max-video-preview":"max-video-preview:-1"},"canonical":"https:\/\/saltoecologico.es\/index.php\/2025\/05\/25\/detras-de-los-informes\/","og_locale":"es_ES","og_type":"article","og_title":"Detras de los informes - Salto Ecol\u00f3gico","og_description":"HAY QUE HACER P\u00daBLICOS LOS INFORMES DE REE Una y otra vez, en la explicaciones que se hacen desde la administraci\u00f3n acerca de la \u201cEmergencia Energ\u00e9tica en Canarias\u201d, se hace alusi\u00f3n a los informes de Red El\u00e9ctrica de Espa\u00f1a para justificar la necesidad de potencia adicional y de potencia de emergencia, para los sistemas el\u00e9ctricos [&hellip;]","og_url":"https:\/\/saltoecologico.es\/index.php\/2025\/05\/25\/detras-de-los-informes\/","og_site_name":"Salto Ecol\u00f3gico","article_publisher":"https:\/\/www.facebook.com\/Saltotransicionecologica","article_published_time":"2025-05-25T11:40:32+00:00","article_modified_time":"2025-05-25T11:40:33+00:00","og_image":[{"width":1024,"height":683,"url":"https:\/\/saltoecologico.es\/wp-content\/uploads\/2025\/05\/Informe-de-cobertura.jpg","type":"image\/jpeg"}],"author":"admin","twitter_card":"summary_large_image","twitter_misc":{"Escrito por":"admin","Tiempo de lectura":"3 minutos"},"schema":{"@context":"https:\/\/schema.org","@graph":[{"@type":"Article","@id":"https:\/\/saltoecologico.es\/index.php\/2025\/05\/25\/detras-de-los-informes\/#article","isPartOf":{"@id":"https:\/\/saltoecologico.es\/index.php\/2025\/05\/25\/detras-de-los-informes\/"},"author":{"name":"admin","@id":"https:\/\/saltoecologico.es\/#\/schema\/person\/7175eec4b3c123d86c675313c3a01a0b"},"headline":"Detras de los informes","datePublished":"2025-05-25T11:40:32+00:00","dateModified":"2025-05-25T11:40:33+00:00","mainEntityOfPage":{"@id":"https:\/\/saltoecologico.es\/index.php\/2025\/05\/25\/detras-de-los-informes\/"},"wordCount":595,"commentCount":0,"publisher":{"@id":"https:\/\/saltoecologico.es\/#organization"},"image":{"@id":"https:\/\/saltoecologico.es\/index.php\/2025\/05\/25\/detras-de-los-informes\/#primaryimage"},"thumbnailUrl":"https:\/\/saltoecologico.es\/wp-content\/uploads\/2025\/05\/Informe-de-cobertura.jpg","articleSection":["General"],"inLanguage":"es","potentialAction":[{"@type":"CommentAction","name":"Comment","target":["https:\/\/saltoecologico.es\/index.php\/2025\/05\/25\/detras-de-los-informes\/#respond"]}]},{"@type":"WebPage","@id":"https:\/\/saltoecologico.es\/index.php\/2025\/05\/25\/detras-de-los-informes\/","url":"https:\/\/saltoecologico.es\/index.php\/2025\/05\/25\/detras-de-los-informes\/","name":"Detras de los informes - Salto Ecol\u00f3gico","isPartOf":{"@id":"https:\/\/saltoecologico.es\/#website"},"primaryImageOfPage":{"@id":"https:\/\/saltoecologico.es\/index.php\/2025\/05\/25\/detras-de-los-informes\/#primaryimage"},"image":{"@id":"https:\/\/saltoecologico.es\/index.php\/2025\/05\/25\/detras-de-los-informes\/#primaryimage"},"thumbnailUrl":"https:\/\/saltoecologico.es\/wp-content\/uploads\/2025\/05\/Informe-de-cobertura.jpg","datePublished":"2025-05-25T11:40:32+00:00","dateModified":"2025-05-25T11:40:33+00:00","breadcrumb":{"@id":"https:\/\/saltoecologico.es\/index.php\/2025\/05\/25\/detras-de-los-informes\/#breadcrumb"},"inLanguage":"es","potentialAction":[{"@type":"ReadAction","target":["https:\/\/saltoecologico.es\/index.php\/2025\/05\/25\/detras-de-los-informes\/"]}]},{"@type":"ImageObject","inLanguage":"es","@id":"https:\/\/saltoecologico.es\/index.php\/2025\/05\/25\/detras-de-los-informes\/#primaryimage","url":"https:\/\/saltoecologico.es\/wp-content\/uploads\/2025\/05\/Informe-de-cobertura.jpg","contentUrl":"https:\/\/saltoecologico.es\/wp-content\/uploads\/2025\/05\/Informe-de-cobertura.jpg","width":1024,"height":683},{"@type":"BreadcrumbList","@id":"https:\/\/saltoecologico.es\/index.php\/2025\/05\/25\/detras-de-los-informes\/#breadcrumb","itemListElement":[{"@type":"ListItem","position":1,"name":"Portada","item":"https:\/\/saltoecologico.es\/"},{"@type":"ListItem","position":2,"name":"Detras de los informes"}]},{"@type":"WebSite","@id":"https:\/\/saltoecologico.es\/#website","url":"https:\/\/saltoecologico.es\/","name":"Salto Ecol\u00f3gico","description":"","publisher":{"@id":"https:\/\/saltoecologico.es\/#organization"},"potentialAction":[{"@type":"SearchAction","target":{"@type":"EntryPoint","urlTemplate":"https:\/\/saltoecologico.es\/?s={search_term_string}"},"query-input":{"@type":"PropertyValueSpecification","valueRequired":true,"valueName":"search_term_string"}}],"inLanguage":"es"},{"@type":"Organization","@id":"https:\/\/saltoecologico.es\/#organization","name":"Salto a la Transici\u00f3n Ecol\u00f3gica","url":"https:\/\/saltoecologico.es\/","logo":{"@type":"ImageObject","inLanguage":"es","@id":"https:\/\/saltoecologico.es\/#\/schema\/logo\/image\/","url":"https:\/\/saltoecologico.es\/wp-content\/uploads\/2025\/04\/Logo-STE.jpg","contentUrl":"https:\/\/saltoecologico.es\/wp-content\/uploads\/2025\/04\/Logo-STE.jpg","width":435,"height":435,"caption":"Salto a la Transici\u00f3n Ecol\u00f3gica"},"image":{"@id":"https:\/\/saltoecologico.es\/#\/schema\/logo\/image\/"},"sameAs":["https:\/\/www.facebook.com\/Saltotransicionecologica"]},{"@type":"Person","@id":"https:\/\/saltoecologico.es\/#\/schema\/person\/7175eec4b3c123d86c675313c3a01a0b","name":"admin","image":{"@type":"ImageObject","inLanguage":"es","@id":"https:\/\/secure.gravatar.com\/avatar\/4c215dc57bbc7b2f2f470ac9bd197f3f112636a584e575a732d0206a2d9c9806?s=96&d=mm&r=g","url":"https:\/\/secure.gravatar.com\/avatar\/4c215dc57bbc7b2f2f470ac9bd197f3f112636a584e575a732d0206a2d9c9806?s=96&d=mm&r=g","contentUrl":"https:\/\/secure.gravatar.com\/avatar\/4c215dc57bbc7b2f2f470ac9bd197f3f112636a584e575a732d0206a2d9c9806?s=96&d=mm&r=g","caption":"admin"},"sameAs":["https:\/\/saltoecologico.es"],"url":"https:\/\/saltoecologico.es\/index.php\/author\/saltoecologico\/"}]}},"_links":{"self":[{"href":"https:\/\/saltoecologico.es\/index.php\/wp-json\/wp\/v2\/posts\/1108","targetHints":{"allow":["GET"]}}],"collection":[{"href":"https:\/\/saltoecologico.es\/index.php\/wp-json\/wp\/v2\/posts"}],"about":[{"href":"https:\/\/saltoecologico.es\/index.php\/wp-json\/wp\/v2\/types\/post"}],"author":[{"embeddable":true,"href":"https:\/\/saltoecologico.es\/index.php\/wp-json\/wp\/v2\/users\/1"}],"replies":[{"embeddable":true,"href":"https:\/\/saltoecologico.es\/index.php\/wp-json\/wp\/v2\/comments?post=1108"}],"version-history":[{"count":1,"href":"https:\/\/saltoecologico.es\/index.php\/wp-json\/wp\/v2\/posts\/1108\/revisions"}],"predecessor-version":[{"id":1110,"href":"https:\/\/saltoecologico.es\/index.php\/wp-json\/wp\/v2\/posts\/1108\/revisions\/1110"}],"wp:featuredmedia":[{"embeddable":true,"href":"https:\/\/saltoecologico.es\/index.php\/wp-json\/wp\/v2\/media\/1109"}],"wp:attachment":[{"href":"https:\/\/saltoecologico.es\/index.php\/wp-json\/wp\/v2\/media?parent=1108"}],"wp:term":[{"taxonomy":"category","embeddable":true,"href":"https:\/\/saltoecologico.es\/index.php\/wp-json\/wp\/v2\/categories?post=1108"},{"taxonomy":"post_tag","embeddable":true,"href":"https:\/\/saltoecologico.es\/index.php\/wp-json\/wp\/v2\/tags?post=1108"}],"curies":[{"name":"wp","href":"https:\/\/api.w.org\/{rel}","templated":true}]}}