{"id":1129,"date":"2025-06-10T21:33:44","date_gmt":"2025-06-10T21:33:44","guid":{"rendered":"https:\/\/saltoecologico.es\/?p=1129"},"modified":"2025-06-10T21:34:31","modified_gmt":"2025-06-10T21:34:31","slug":"espejo-energetico","status":"publish","type":"post","link":"https:\/\/saltoecologico.es\/index.php\/2025\/06\/10\/espejo-energetico\/","title":{"rendered":"Espejo energ\u00e9tico (I)"},"content":{"rendered":"\n<p class=\"wp-block-paragraph\"><strong>\u00bfReaccionar o transformar?<\/strong><\/p>\n\n\n\n<p class=\"wp-block-paragraph\">Estos d\u00edas hemos tenido la posibilidad de acceder, por fin, al informe de cobertura del sistema el\u00e9ctrico de Canarias para el periodo 2024-2028. Un documento t\u00e9cnico, s\u00ed, pero que en el fondo nos habla de algo profundamente pol\u00edtico y humano: la seguridad de nuestro suministro el\u00e9ctrico, y con ella, nuestra forma de vida.<\/p>\n\n\n\n<p class=\"wp-block-paragraph\">El diagn\u00f3stico es tan claro como preocupante: si no se instala nueva generaci\u00f3n t\u00e9rmica de forma urgente, <strong>el sistema el\u00e9ctrico canario no podr\u00e1 cubrir la demanda en los pr\u00f3ximos a\u00f1os con garant\u00edas<\/strong>. As\u00ed lo afirma Red El\u00e9ctrica de Espa\u00f1a, que calcula cu\u00e1nto hay que reforzar en cada isla para evitar apagones y mantener la estabilidad del sistema. El problema es que, una vez m\u00e1s, <strong>la \u00fanica soluci\u00f3n que se nos ofrece es mirar hacia atr\u00e1s<\/strong>.<\/p>\n\n\n\n<p class=\"wp-block-paragraph\">Porque el planteamiento del informe, aunque preciso desde el punto de vista normativo, parte de una l\u00f3gica antigua: a\u00f1adir m\u00e1s grupos t\u00e9rmicos, los de siempre, para mantener todo como est\u00e1. Apenas se menciona la gesti\u00f3n de la demanda, el autoconsumo, los veh\u00edculos el\u00e9ctricos, los bombeos reversibles o las bater\u00edas. Se reconoce que la energ\u00eda solar y e\u00f3lica crecer\u00e1n, pero tambi\u00e9n se advierte de que podr\u00edan ser un problema por su variabilidad.<\/p>\n\n\n\n<p class=\"wp-block-paragraph\">\u00bfY si dej\u00e1ramos de ver la variabilidad como una amenaza y empez\u00e1ramos a tratarla como una oportunidad? \u00bfY si por fin empezamos a dise\u00f1ar un sistema m\u00e1s moderno, m\u00e1s distribuido, m\u00e1s resiliente?<\/p>\n\n\n\n<p class=\"wp-block-paragraph\">En este sentido, el informe no est\u00e1 a la altura del momento hist\u00f3rico que vivimos. <strong>Nos enfrentamos a una emergencia clim\u00e1tica que exige decisiones valientes<\/strong>. Y sin embargo, lo que se nos propone es seguir ampliando el mismo tipo de generaci\u00f3n que nos ha tra\u00eddo hasta aqu\u00ed. Como si con cada grupo t\u00e9rmico nuevo se pudiese alargar indefinidamente un modelo energ\u00e9tico que ya no da m\u00e1s de s\u00ed.<\/p>\n\n\n\n<p class=\"wp-block-paragraph\">Esto no va solo de cifras y megavatios. Va de entender que Canarias puede y debe ser un referente internacional en sostenibilidad energ\u00e9tica. Tenemos sol, tenemos viento, tenemos tecnolog\u00eda, y sobre todo, <strong>tenemos urgencia y motivaci\u00f3n para hacer las cosas de otra manera<\/strong>.<\/p>\n\n\n\n<p class=\"wp-block-paragraph\">El informe se\u00f1ala que ya en 2024 comenzar\u00e1n los problemas. Pero esa urgencia no puede ser la excusa para no cambiar nada. Al contrario, es la oportunidad perfecta para hacer las cosas bien. Para repensar el sistema con audacia, con sentido com\u00fan y con el foco puesto en el largo plazo.<\/p>\n\n\n\n<p class=\"wp-block-paragraph\"><strong>No basta con cubrir la demanda. Hay que hacerlo sin hipotecar el futuro.<\/strong> No podemos seguir respondiendo a los desaf\u00edos del presente con recetas del pasado. Necesitamos una planificaci\u00f3n que ponga por delante la flexibilidad, el almacenamiento, la inteligencia de red y la adaptaci\u00f3n de la demanda. Una estrategia que mire a 2040, no a 1990.<\/p>\n\n\n\n<p class=\"wp-block-paragraph\">Estamos a tiempo. Pero solo si dejamos de parchear y empezamos a transformar. Porque si no lo hacemos ahora, \u00bfcu\u00e1ndo?<\/p>\n","protected":false},"excerpt":{"rendered":"<p>\u00bfReaccionar o transformar? Estos d\u00edas hemos tenido la posibilidad de acceder, por fin, al informe de cobertura del sistema el\u00e9ctrico de Canarias para el periodo 2024-2028. Un documento t\u00e9cnico, s\u00ed, pero que en el fondo nos habla de algo profundamente pol\u00edtico y humano: la seguridad de nuestro suministro el\u00e9ctrico, y con ella, nuestra forma de [&hellip;]<\/p>\n","protected":false},"author":1,"featured_media":1130,"comment_status":"open","ping_status":"open","sticky":false,"template":"","format":"standard","meta":{"footnotes":""},"categories":[55],"tags":[],"class_list":["post-1129","post","type-post","status-publish","format-standard","has-post-thumbnail","category-general"],"yoast_head":"<!-- This site is optimized with the Yoast SEO plugin v28.2 - https:\/\/yoast.com\/product\/yoast-seo-wordpress\/ -->\n<title>Espejo energ\u00e9tico (I) - Salto Ecol\u00f3gico<\/title>\n<meta name=\"robots\" content=\"index, follow, max-snippet:-1, max-image-preview:large, max-video-preview:-1\" \/>\n<link rel=\"canonical\" href=\"https:\/\/saltoecologico.es\/index.php\/2025\/06\/10\/espejo-energetico\/\" \/>\n<meta property=\"og:locale\" content=\"es_ES\" \/>\n<meta property=\"og:type\" content=\"article\" \/>\n<meta property=\"og:title\" content=\"Espejo energ\u00e9tico (I) - Salto Ecol\u00f3gico\" \/>\n<meta property=\"og:description\" content=\"\u00bfReaccionar o transformar? Estos d\u00edas hemos tenido la posibilidad de acceder, por fin, al informe de cobertura del sistema el\u00e9ctrico de Canarias para el periodo 2024-2028. Un documento t\u00e9cnico, s\u00ed, pero que en el fondo nos habla de algo profundamente pol\u00edtico y humano: la seguridad de nuestro suministro el\u00e9ctrico, y con ella, nuestra forma de [&hellip;]\" \/>\n<meta property=\"og:url\" content=\"https:\/\/saltoecologico.es\/index.php\/2025\/06\/10\/espejo-energetico\/\" \/>\n<meta property=\"og:site_name\" content=\"Salto Ecol\u00f3gico\" \/>\n<meta property=\"article:publisher\" content=\"https:\/\/www.facebook.com\/Saltotransicionecologica\" \/>\n<meta property=\"article:published_time\" content=\"2025-06-10T21:33:44+00:00\" \/>\n<meta property=\"article:modified_time\" content=\"2025-06-10T21:34:31+00:00\" \/>\n<meta property=\"og:image\" content=\"https:\/\/saltoecologico.es\/wp-content\/uploads\/2025\/06\/Espejo-energetico.jpg\" \/>\n\t<meta property=\"og:image:width\" content=\"1024\" \/>\n\t<meta property=\"og:image:height\" content=\"683\" \/>\n\t<meta property=\"og:image:type\" content=\"image\/jpeg\" \/>\n<meta name=\"author\" content=\"admin\" \/>\n<meta name=\"twitter:card\" content=\"summary_large_image\" \/>\n<meta name=\"twitter:label1\" content=\"Escrito por\" \/>\n\t<meta name=\"twitter:data1\" content=\"admin\" \/>\n\t<meta name=\"twitter:label2\" content=\"Tiempo de lectura\" \/>\n\t<meta name=\"twitter:data2\" content=\"3 minutos\" \/>\n<script type=\"application\/ld+json\" class=\"yoast-schema-graph\">{\"@context\":\"https:\\\/\\\/schema.org\",\"@graph\":[{\"@type\":\"Article\",\"@id\":\"https:\\\/\\\/saltoecologico.es\\\/index.php\\\/2025\\\/06\\\/10\\\/espejo-energetico\\\/#article\",\"isPartOf\":{\"@id\":\"https:\\\/\\\/saltoecologico.es\\\/index.php\\\/2025\\\/06\\\/10\\\/espejo-energetico\\\/\"},\"author\":{\"name\":\"admin\",\"@id\":\"https:\\\/\\\/saltoecologico.es\\\/#\\\/schema\\\/person\\\/7175eec4b3c123d86c675313c3a01a0b\"},\"headline\":\"Espejo energ\u00e9tico (I)\",\"datePublished\":\"2025-06-10T21:33:44+00:00\",\"dateModified\":\"2025-06-10T21:34:31+00:00\",\"mainEntityOfPage\":{\"@id\":\"https:\\\/\\\/saltoecologico.es\\\/index.php\\\/2025\\\/06\\\/10\\\/espejo-energetico\\\/\"},\"wordCount\":527,\"commentCount\":0,\"publisher\":{\"@id\":\"https:\\\/\\\/saltoecologico.es\\\/#organization\"},\"image\":{\"@id\":\"https:\\\/\\\/saltoecologico.es\\\/index.php\\\/2025\\\/06\\\/10\\\/espejo-energetico\\\/#primaryimage\"},\"thumbnailUrl\":\"https:\\\/\\\/saltoecologico.es\\\/wp-content\\\/uploads\\\/2025\\\/06\\\/Espejo-energetico.jpg\",\"articleSection\":[\"General\"],\"inLanguage\":\"es\",\"potentialAction\":[{\"@type\":\"CommentAction\",\"name\":\"Comment\",\"target\":[\"https:\\\/\\\/saltoecologico.es\\\/index.php\\\/2025\\\/06\\\/10\\\/espejo-energetico\\\/#respond\"]}]},{\"@type\":\"WebPage\",\"@id\":\"https:\\\/\\\/saltoecologico.es\\\/index.php\\\/2025\\\/06\\\/10\\\/espejo-energetico\\\/\",\"url\":\"https:\\\/\\\/saltoecologico.es\\\/index.php\\\/2025\\\/06\\\/10\\\/espejo-energetico\\\/\",\"name\":\"Espejo energ\u00e9tico (I) - Salto Ecol\u00f3gico\",\"isPartOf\":{\"@id\":\"https:\\\/\\\/saltoecologico.es\\\/#website\"},\"primaryImageOfPage\":{\"@id\":\"https:\\\/\\\/saltoecologico.es\\\/index.php\\\/2025\\\/06\\\/10\\\/espejo-energetico\\\/#primaryimage\"},\"image\":{\"@id\":\"https:\\\/\\\/saltoecologico.es\\\/index.php\\\/2025\\\/06\\\/10\\\/espejo-energetico\\\/#primaryimage\"},\"thumbnailUrl\":\"https:\\\/\\\/saltoecologico.es\\\/wp-content\\\/uploads\\\/2025\\\/06\\\/Espejo-energetico.jpg\",\"datePublished\":\"2025-06-10T21:33:44+00:00\",\"dateModified\":\"2025-06-10T21:34:31+00:00\",\"breadcrumb\":{\"@id\":\"https:\\\/\\\/saltoecologico.es\\\/index.php\\\/2025\\\/06\\\/10\\\/espejo-energetico\\\/#breadcrumb\"},\"inLanguage\":\"es\",\"potentialAction\":[{\"@type\":\"ReadAction\",\"target\":[\"https:\\\/\\\/saltoecologico.es\\\/index.php\\\/2025\\\/06\\\/10\\\/espejo-energetico\\\/\"]}]},{\"@type\":\"ImageObject\",\"inLanguage\":\"es\",\"@id\":\"https:\\\/\\\/saltoecologico.es\\\/index.php\\\/2025\\\/06\\\/10\\\/espejo-energetico\\\/#primaryimage\",\"url\":\"https:\\\/\\\/saltoecologico.es\\\/wp-content\\\/uploads\\\/2025\\\/06\\\/Espejo-energetico.jpg\",\"contentUrl\":\"https:\\\/\\\/saltoecologico.es\\\/wp-content\\\/uploads\\\/2025\\\/06\\\/Espejo-energetico.jpg\",\"width\":1024,\"height\":683},{\"@type\":\"BreadcrumbList\",\"@id\":\"https:\\\/\\\/saltoecologico.es\\\/index.php\\\/2025\\\/06\\\/10\\\/espejo-energetico\\\/#breadcrumb\",\"itemListElement\":[{\"@type\":\"ListItem\",\"position\":1,\"name\":\"Portada\",\"item\":\"https:\\\/\\\/saltoecologico.es\\\/\"},{\"@type\":\"ListItem\",\"position\":2,\"name\":\"Espejo energ\u00e9tico (I)\"}]},{\"@type\":\"WebSite\",\"@id\":\"https:\\\/\\\/saltoecologico.es\\\/#website\",\"url\":\"https:\\\/\\\/saltoecologico.es\\\/\",\"name\":\"Salto Ecol\u00f3gico\",\"description\":\"\",\"publisher\":{\"@id\":\"https:\\\/\\\/saltoecologico.es\\\/#organization\"},\"potentialAction\":[{\"@type\":\"SearchAction\",\"target\":{\"@type\":\"EntryPoint\",\"urlTemplate\":\"https:\\\/\\\/saltoecologico.es\\\/?s={search_term_string}\"},\"query-input\":{\"@type\":\"PropertyValueSpecification\",\"valueRequired\":true,\"valueName\":\"search_term_string\"}}],\"inLanguage\":\"es\"},{\"@type\":\"Organization\",\"@id\":\"https:\\\/\\\/saltoecologico.es\\\/#organization\",\"name\":\"Salto a la Transici\u00f3n Ecol\u00f3gica\",\"url\":\"https:\\\/\\\/saltoecologico.es\\\/\",\"logo\":{\"@type\":\"ImageObject\",\"inLanguage\":\"es\",\"@id\":\"https:\\\/\\\/saltoecologico.es\\\/#\\\/schema\\\/logo\\\/image\\\/\",\"url\":\"https:\\\/\\\/saltoecologico.es\\\/wp-content\\\/uploads\\\/2025\\\/04\\\/Logo-STE.jpg\",\"contentUrl\":\"https:\\\/\\\/saltoecologico.es\\\/wp-content\\\/uploads\\\/2025\\\/04\\\/Logo-STE.jpg\",\"width\":435,\"height\":435,\"caption\":\"Salto a la Transici\u00f3n Ecol\u00f3gica\"},\"image\":{\"@id\":\"https:\\\/\\\/saltoecologico.es\\\/#\\\/schema\\\/logo\\\/image\\\/\"},\"sameAs\":[\"https:\\\/\\\/www.facebook.com\\\/Saltotransicionecologica\"]},{\"@type\":\"Person\",\"@id\":\"https:\\\/\\\/saltoecologico.es\\\/#\\\/schema\\\/person\\\/7175eec4b3c123d86c675313c3a01a0b\",\"name\":\"admin\",\"image\":{\"@type\":\"ImageObject\",\"inLanguage\":\"es\",\"@id\":\"https:\\\/\\\/secure.gravatar.com\\\/avatar\\\/4c215dc57bbc7b2f2f470ac9bd197f3f112636a584e575a732d0206a2d9c9806?s=96&d=mm&r=g\",\"url\":\"https:\\\/\\\/secure.gravatar.com\\\/avatar\\\/4c215dc57bbc7b2f2f470ac9bd197f3f112636a584e575a732d0206a2d9c9806?s=96&d=mm&r=g\",\"contentUrl\":\"https:\\\/\\\/secure.gravatar.com\\\/avatar\\\/4c215dc57bbc7b2f2f470ac9bd197f3f112636a584e575a732d0206a2d9c9806?s=96&d=mm&r=g\",\"caption\":\"admin\"},\"sameAs\":[\"https:\\\/\\\/saltoecologico.es\"],\"url\":\"https:\\\/\\\/saltoecologico.es\\\/index.php\\\/author\\\/saltoecologico\\\/\"}]}<\/script>\n<!-- \/ Yoast SEO plugin. -->","yoast_head_json":{"title":"Espejo energ\u00e9tico (I) - Salto Ecol\u00f3gico","robots":{"index":"index","follow":"follow","max-snippet":"max-snippet:-1","max-image-preview":"max-image-preview:large","max-video-preview":"max-video-preview:-1"},"canonical":"https:\/\/saltoecologico.es\/index.php\/2025\/06\/10\/espejo-energetico\/","og_locale":"es_ES","og_type":"article","og_title":"Espejo energ\u00e9tico (I) - Salto Ecol\u00f3gico","og_description":"\u00bfReaccionar o transformar? Estos d\u00edas hemos tenido la posibilidad de acceder, por fin, al informe de cobertura del sistema el\u00e9ctrico de Canarias para el periodo 2024-2028. Un documento t\u00e9cnico, s\u00ed, pero que en el fondo nos habla de algo profundamente pol\u00edtico y humano: la seguridad de nuestro suministro el\u00e9ctrico, y con ella, nuestra forma de [&hellip;]","og_url":"https:\/\/saltoecologico.es\/index.php\/2025\/06\/10\/espejo-energetico\/","og_site_name":"Salto Ecol\u00f3gico","article_publisher":"https:\/\/www.facebook.com\/Saltotransicionecologica","article_published_time":"2025-06-10T21:33:44+00:00","article_modified_time":"2025-06-10T21:34:31+00:00","og_image":[{"width":1024,"height":683,"url":"https:\/\/saltoecologico.es\/wp-content\/uploads\/2025\/06\/Espejo-energetico.jpg","type":"image\/jpeg"}],"author":"admin","twitter_card":"summary_large_image","twitter_misc":{"Escrito por":"admin","Tiempo de lectura":"3 minutos"},"schema":{"@context":"https:\/\/schema.org","@graph":[{"@type":"Article","@id":"https:\/\/saltoecologico.es\/index.php\/2025\/06\/10\/espejo-energetico\/#article","isPartOf":{"@id":"https:\/\/saltoecologico.es\/index.php\/2025\/06\/10\/espejo-energetico\/"},"author":{"name":"admin","@id":"https:\/\/saltoecologico.es\/#\/schema\/person\/7175eec4b3c123d86c675313c3a01a0b"},"headline":"Espejo energ\u00e9tico (I)","datePublished":"2025-06-10T21:33:44+00:00","dateModified":"2025-06-10T21:34:31+00:00","mainEntityOfPage":{"@id":"https:\/\/saltoecologico.es\/index.php\/2025\/06\/10\/espejo-energetico\/"},"wordCount":527,"commentCount":0,"publisher":{"@id":"https:\/\/saltoecologico.es\/#organization"},"image":{"@id":"https:\/\/saltoecologico.es\/index.php\/2025\/06\/10\/espejo-energetico\/#primaryimage"},"thumbnailUrl":"https:\/\/saltoecologico.es\/wp-content\/uploads\/2025\/06\/Espejo-energetico.jpg","articleSection":["General"],"inLanguage":"es","potentialAction":[{"@type":"CommentAction","name":"Comment","target":["https:\/\/saltoecologico.es\/index.php\/2025\/06\/10\/espejo-energetico\/#respond"]}]},{"@type":"WebPage","@id":"https:\/\/saltoecologico.es\/index.php\/2025\/06\/10\/espejo-energetico\/","url":"https:\/\/saltoecologico.es\/index.php\/2025\/06\/10\/espejo-energetico\/","name":"Espejo energ\u00e9tico (I) - Salto Ecol\u00f3gico","isPartOf":{"@id":"https:\/\/saltoecologico.es\/#website"},"primaryImageOfPage":{"@id":"https:\/\/saltoecologico.es\/index.php\/2025\/06\/10\/espejo-energetico\/#primaryimage"},"image":{"@id":"https:\/\/saltoecologico.es\/index.php\/2025\/06\/10\/espejo-energetico\/#primaryimage"},"thumbnailUrl":"https:\/\/saltoecologico.es\/wp-content\/uploads\/2025\/06\/Espejo-energetico.jpg","datePublished":"2025-06-10T21:33:44+00:00","dateModified":"2025-06-10T21:34:31+00:00","breadcrumb":{"@id":"https:\/\/saltoecologico.es\/index.php\/2025\/06\/10\/espejo-energetico\/#breadcrumb"},"inLanguage":"es","potentialAction":[{"@type":"ReadAction","target":["https:\/\/saltoecologico.es\/index.php\/2025\/06\/10\/espejo-energetico\/"]}]},{"@type":"ImageObject","inLanguage":"es","@id":"https:\/\/saltoecologico.es\/index.php\/2025\/06\/10\/espejo-energetico\/#primaryimage","url":"https:\/\/saltoecologico.es\/wp-content\/uploads\/2025\/06\/Espejo-energetico.jpg","contentUrl":"https:\/\/saltoecologico.es\/wp-content\/uploads\/2025\/06\/Espejo-energetico.jpg","width":1024,"height":683},{"@type":"BreadcrumbList","@id":"https:\/\/saltoecologico.es\/index.php\/2025\/06\/10\/espejo-energetico\/#breadcrumb","itemListElement":[{"@type":"ListItem","position":1,"name":"Portada","item":"https:\/\/saltoecologico.es\/"},{"@type":"ListItem","position":2,"name":"Espejo energ\u00e9tico (I)"}]},{"@type":"WebSite","@id":"https:\/\/saltoecologico.es\/#website","url":"https:\/\/saltoecologico.es\/","name":"Salto Ecol\u00f3gico","description":"","publisher":{"@id":"https:\/\/saltoecologico.es\/#organization"},"potentialAction":[{"@type":"SearchAction","target":{"@type":"EntryPoint","urlTemplate":"https:\/\/saltoecologico.es\/?s={search_term_string}"},"query-input":{"@type":"PropertyValueSpecification","valueRequired":true,"valueName":"search_term_string"}}],"inLanguage":"es"},{"@type":"Organization","@id":"https:\/\/saltoecologico.es\/#organization","name":"Salto a la Transici\u00f3n Ecol\u00f3gica","url":"https:\/\/saltoecologico.es\/","logo":{"@type":"ImageObject","inLanguage":"es","@id":"https:\/\/saltoecologico.es\/#\/schema\/logo\/image\/","url":"https:\/\/saltoecologico.es\/wp-content\/uploads\/2025\/04\/Logo-STE.jpg","contentUrl":"https:\/\/saltoecologico.es\/wp-content\/uploads\/2025\/04\/Logo-STE.jpg","width":435,"height":435,"caption":"Salto a la Transici\u00f3n Ecol\u00f3gica"},"image":{"@id":"https:\/\/saltoecologico.es\/#\/schema\/logo\/image\/"},"sameAs":["https:\/\/www.facebook.com\/Saltotransicionecologica"]},{"@type":"Person","@id":"https:\/\/saltoecologico.es\/#\/schema\/person\/7175eec4b3c123d86c675313c3a01a0b","name":"admin","image":{"@type":"ImageObject","inLanguage":"es","@id":"https:\/\/secure.gravatar.com\/avatar\/4c215dc57bbc7b2f2f470ac9bd197f3f112636a584e575a732d0206a2d9c9806?s=96&d=mm&r=g","url":"https:\/\/secure.gravatar.com\/avatar\/4c215dc57bbc7b2f2f470ac9bd197f3f112636a584e575a732d0206a2d9c9806?s=96&d=mm&r=g","contentUrl":"https:\/\/secure.gravatar.com\/avatar\/4c215dc57bbc7b2f2f470ac9bd197f3f112636a584e575a732d0206a2d9c9806?s=96&d=mm&r=g","caption":"admin"},"sameAs":["https:\/\/saltoecologico.es"],"url":"https:\/\/saltoecologico.es\/index.php\/author\/saltoecologico\/"}]}},"_links":{"self":[{"href":"https:\/\/saltoecologico.es\/index.php\/wp-json\/wp\/v2\/posts\/1129","targetHints":{"allow":["GET"]}}],"collection":[{"href":"https:\/\/saltoecologico.es\/index.php\/wp-json\/wp\/v2\/posts"}],"about":[{"href":"https:\/\/saltoecologico.es\/index.php\/wp-json\/wp\/v2\/types\/post"}],"author":[{"embeddable":true,"href":"https:\/\/saltoecologico.es\/index.php\/wp-json\/wp\/v2\/users\/1"}],"replies":[{"embeddable":true,"href":"https:\/\/saltoecologico.es\/index.php\/wp-json\/wp\/v2\/comments?post=1129"}],"version-history":[{"count":2,"href":"https:\/\/saltoecologico.es\/index.php\/wp-json\/wp\/v2\/posts\/1129\/revisions"}],"predecessor-version":[{"id":1132,"href":"https:\/\/saltoecologico.es\/index.php\/wp-json\/wp\/v2\/posts\/1129\/revisions\/1132"}],"wp:featuredmedia":[{"embeddable":true,"href":"https:\/\/saltoecologico.es\/index.php\/wp-json\/wp\/v2\/media\/1130"}],"wp:attachment":[{"href":"https:\/\/saltoecologico.es\/index.php\/wp-json\/wp\/v2\/media?parent=1129"}],"wp:term":[{"taxonomy":"category","embeddable":true,"href":"https:\/\/saltoecologico.es\/index.php\/wp-json\/wp\/v2\/categories?post=1129"},{"taxonomy":"post_tag","embeddable":true,"href":"https:\/\/saltoecologico.es\/index.php\/wp-json\/wp\/v2\/tags?post=1129"}],"curies":[{"name":"wp","href":"https:\/\/api.w.org\/{rel}","templated":true}]}}