{"id":1134,"date":"2025-06-13T20:06:27","date_gmt":"2025-06-13T20:06:27","guid":{"rendered":"https:\/\/saltoecologico.es\/?p=1134"},"modified":"2025-06-13T20:06:31","modified_gmt":"2025-06-13T20:06:31","slug":"ceros-en-la-palma","status":"publish","type":"post","link":"https:\/\/saltoecologico.es\/index.php\/2025\/06\/13\/ceros-en-la-palma\/","title":{"rendered":"Ceros en La Palma"},"content":{"rendered":"\n<p class=\"wp-block-paragraph\"><strong>\u00bfCu\u00e1ntos ceros m\u00e1s necesita La Palma?<\/strong><\/p>\n\n\n\n<p class=\"wp-block-paragraph\">La Palma vuelve a vivir un nuevo apag\u00f3n total. Ya son tres ceros el\u00e9ctricos en lo que va de a\u00f1o. Un hecho de esta gravedad no puede seguir abord\u00e1ndose con notas de prensa llenas de vaguedades o con promesas que nunca se materializan. Es hora de pasar de las excusas a las soluciones. Y las soluciones existen. Requieren valent\u00eda pol\u00edtica, determinaci\u00f3n t\u00e9cnica y, sobre todo, una visi\u00f3n que sit\u00fae la seguridad de los palmeros por encima de los intereses corporativos.<\/p>\n\n\n\n<p class=\"wp-block-paragraph\">Tanto el Gobierno de Canarias como el Gobierno central tienen herramientas \u2014ordinarias y extraordinarias\u2014 para actuar con contundencia. Si no las utilizan, la ciudadan\u00eda tendr\u00e1 derecho a concluir que est\u00e1n permitiendo esta degradaci\u00f3n deliberadamente. A continuaci\u00f3n, expongo algunas de las <strong>medidas urgentes y necesarias<\/strong> que pueden y deben tomarse.<\/p>\n\n\n\n<p class=\"wp-block-paragraph\"><strong>Emergencia energ\u00e9tica insular<\/strong><\/p>\n\n\n\n<p class=\"wp-block-paragraph\">La primera decisi\u00f3n pol\u00edtica valiente ser\u00eda declarar La Palma en <strong>situaci\u00f3n de emergencia energ\u00e9tica<\/strong>, al amparo de las competencias auton\u00f3micas en materia de ordenaci\u00f3n energ\u00e9tica. Esta figura, m\u00e1s all\u00e1 del titular, permitir\u00eda <strong>acelerar procedimientos<\/strong>, <strong>movilizar recursos extraordinarios<\/strong> y coordinar de forma directa a los equipos t\u00e9cnicos del Gobierno de Canarias con el Ministerio para la Transici\u00f3n Ecol\u00f3gica. Esta isla no puede seguir esperando mientras se hunde en la oscuridad.<\/p>\n\n\n\n<p class=\"wp-block-paragraph\"><strong>Declarar espec\u00edficamente a La Palma en \u00absituaci\u00f3n cr\u00edtica o prioritaria dentro de la emergencia energ\u00e9tica existente\u00bb<\/strong> s\u00ed puede tener un <strong>valor t\u00e9cnico, pol\u00edtico y estrat\u00e9gico a\u00f1adido<\/strong>, con implicaciones claras.<\/p>\n\n\n\n<p class=\"wp-block-paragraph\"><strong>Grupos electr\u00f3genos de respaldo ya<\/strong><\/p>\n\n\n\n<p class=\"wp-block-paragraph\">Dada la actual situaci\u00f3n no hay excusas para que La Palma no disponga de grupos electr\u00f3genos m\u00f3viles que puedan entrar en funcionamiento en caso de emergencia, como se hizo en La Gomera. Mientras tanto, en esta isla con tres apagones a cuestas, no se busca una soluci\u00f3n a corto plazo a la altura de la gravedad de la situaci\u00f3n \u00bfD\u00f3nde est\u00e1n los criterios objetivos? \u00bfD\u00f3nde est\u00e1 la planificaci\u00f3n equitativa?<\/p>\n\n\n\n<p class=\"wp-block-paragraph\">La propuesta m\u00e1s racional y ambiciosa ser\u00eda:<\/p>\n\n\n\n<ol class=\"wp-block-list\">\n<li><strong>Instalar ya grupos m\u00f3viles de emergencia<\/strong> como soluci\u00f3n de contingencia inmediata para evitar nuevos ceros.<\/li>\n\n\n\n<li><strong>Iniciar de inmediato la planificaci\u00f3n y tramitaci\u00f3n de sistemas de bater\u00edas<\/strong> para suplantar gradualmente a los grupos y convertirlas en parte del sistema base.<\/li>\n\n\n\n<li><strong>Integrar esas bater\u00edas en la estrategia de almacenamiento de renovables<\/strong> a medio plazo, junto con bombeo, geotermia firme y autoconsumo inteligente.<\/li>\n<\/ol>\n\n\n\n<p class=\"wp-block-paragraph\"><strong>Intervenci\u00f3n temporal del sistema<\/strong><\/p>\n\n\n\n<p class=\"wp-block-paragraph\">Si la empresa concesionaria no puede garantizar el servicio, y los fallos se repiten de forma sistem\u00e1tica, <strong>el Estado o la Comunidad Aut\u00f3noma debe intervenir<\/strong>. No estamos hablando de nacionalizar, sino de una <strong>gesti\u00f3n temporal y excepcional de las instalaciones cr\u00edticas<\/strong>, hasta garantizar la seguridad del suministro. Si una planta de agua o un hospital fallara tres veces en seis meses, nadie dudar\u00eda en actuar. \u00bfPor qu\u00e9 aqu\u00ed s\u00ed?<\/p>\n\n\n\n<p class=\"wp-block-paragraph\"><strong>Auditor\u00eda externa independiente<\/strong><\/p>\n\n\n\n<p class=\"wp-block-paragraph\">La ra\u00edz del problema en La Palma no est\u00e1 solo en los motores envejecidos, sino en una red auxiliar precaria, obsoleta y mal mantenida: sistemas de protecci\u00f3n anticuados, subestaciones deterioradas, transformadores con m\u00e1s de cuarenta a\u00f1os de servicio, l\u00edneas que se caen con el viento.<\/p>\n\n\n\n<p class=\"wp-block-paragraph\">Es imprescindible una <strong>auditor\u00eda externa, profesional e independiente<\/strong>, encargada por una instituci\u00f3n neutral como el IDAE o la CNMC. No puede seguir d\u00e1ndose cr\u00e9dito \u00fanicamente a los informes que presentan las propias empresas implicadas. Esta auditor\u00eda debe arrojar luz sobre las causas reales y establecer un plan de renovaci\u00f3n estructural con plazos y presupuesto.<\/p>\n\n\n\n<p class=\"wp-block-paragraph\"><strong>Inversi\u00f3n acelerada en infraestructuras<\/strong><\/p>\n\n\n\n<p class=\"wp-block-paragraph\">A trav\u00e9s de fondos europeos o estatales, se puede articular un <strong>plan de modernizaci\u00f3n expr\u00e9s<\/strong> para sustituir los elementos m\u00e1s cr\u00edticos de la red. Se trata de intervenir quir\u00fargicamente en los puntos donde el fallo es m\u00e1s probable: servicios auxiliares, rel\u00e9s de protecci\u00f3n, cuadros de mando, etc. No se puede permitir que la isla entera dependa de sistemas que ya deber\u00edan estar retirados hace d\u00e9cadas.<\/p>\n\n\n\n<p class=\"wp-block-paragraph\"><strong>Comit\u00e9 de seguimiento con transparencia<\/strong><\/p>\n\n\n\n<p class=\"wp-block-paragraph\">La ciudadan\u00eda merece ser informada. Proponemos la creaci\u00f3n de un <strong>comit\u00e9 de seguimiento t\u00e9cnico y ciudadano<\/strong>, con participaci\u00f3n de profesionales independientes, representantes insulares y asociaciones vecinales. Este comit\u00e9 podr\u00eda publicar informes mensuales, servir como canal de denuncia t\u00e9cnica y promover una cultura de responsabilidad y transparencia. El oscurantismo actual solo genera desconfianza.<\/p>\n\n\n\n<p class=\"wp-block-paragraph\"><strong>Un nuevo modelo energ\u00e9tico para La Palma<\/strong><\/p>\n\n\n\n<p class=\"wp-block-paragraph\">A medio plazo, La Palma necesita algo m\u00e1s que parches. Necesita una <strong>estrategia de resiliencia energ\u00e9tica insular<\/strong>: con renovables, almacenamiento distribuido, autoconsumo gestionado, redes inteligentes, capacidad de operaci\u00f3n en isla y renovables firmes como la geotermia o el bombeo reversible. La transici\u00f3n energ\u00e9tica no puede hacerse a costa de la seguridad del suministro, pero tampoco puede justificarse la inacci\u00f3n bajo el paraguas de la emergencia.<\/p>\n\n\n\n<hr class=\"wp-block-separator has-alpha-channel-opacity\"\/>\n\n\n\n<p class=\"wp-block-paragraph\"><strong>La ciudadan\u00eda palmera no pide milagros. Pide rigor, soluciones y respeto.<\/strong> El silencio administrativo y la pasividad t\u00e9cnica ya no son aceptables. Si el Gobierno de Canarias quiere tener credibilidad, debe actuar hoy. No ma\u00f1ana. No despu\u00e9s del pr\u00f3ximo cero. Hoy. Porque lo que est\u00e1 en juego no es solo la luz, sino la dignidad de una isla que merece ser tratada como lo que es: parte esencial de Canarias.<\/p>\n","protected":false},"excerpt":{"rendered":"<p>\u00bfCu\u00e1ntos ceros m\u00e1s necesita La Palma? La Palma vuelve a vivir un nuevo apag\u00f3n total. Ya son tres ceros el\u00e9ctricos en lo que va de a\u00f1o. Un hecho de esta gravedad no puede seguir abord\u00e1ndose con notas de prensa llenas de vaguedades o con promesas que nunca se materializan. Es hora de pasar de las [&hellip;]<\/p>\n","protected":false},"author":1,"featured_media":1135,"comment_status":"open","ping_status":"open","sticky":false,"template":"","format":"standard","meta":{"footnotes":""},"categories":[55],"tags":[],"class_list":["post-1134","post","type-post","status-publish","format-standard","has-post-thumbnail","category-general"],"yoast_head":"<!-- This site is optimized with the Yoast SEO plugin v28.2 - https:\/\/yoast.com\/product\/yoast-seo-wordpress\/ -->\n<title>Ceros en La Palma - Salto Ecol\u00f3gico<\/title>\n<meta name=\"robots\" content=\"index, follow, max-snippet:-1, max-image-preview:large, max-video-preview:-1\" \/>\n<link rel=\"canonical\" href=\"https:\/\/saltoecologico.es\/index.php\/2025\/06\/13\/ceros-en-la-palma\/\" \/>\n<meta property=\"og:locale\" content=\"es_ES\" \/>\n<meta property=\"og:type\" content=\"article\" \/>\n<meta property=\"og:title\" content=\"Ceros en La Palma - Salto Ecol\u00f3gico\" \/>\n<meta property=\"og:description\" content=\"\u00bfCu\u00e1ntos ceros m\u00e1s necesita La Palma? La Palma vuelve a vivir un nuevo apag\u00f3n total. Ya son tres ceros el\u00e9ctricos en lo que va de a\u00f1o. Un hecho de esta gravedad no puede seguir abord\u00e1ndose con notas de prensa llenas de vaguedades o con promesas que nunca se materializan. Es hora de pasar de las [&hellip;]\" \/>\n<meta property=\"og:url\" content=\"https:\/\/saltoecologico.es\/index.php\/2025\/06\/13\/ceros-en-la-palma\/\" \/>\n<meta property=\"og:site_name\" content=\"Salto Ecol\u00f3gico\" \/>\n<meta property=\"article:publisher\" content=\"https:\/\/www.facebook.com\/Saltotransicionecologica\" \/>\n<meta property=\"article:published_time\" content=\"2025-06-13T20:06:27+00:00\" \/>\n<meta property=\"article:modified_time\" content=\"2025-06-13T20:06:31+00:00\" \/>\n<meta property=\"og:image\" content=\"https:\/\/saltoecologico.es\/wp-content\/uploads\/2025\/06\/Guinchos.jpg\" \/>\n\t<meta property=\"og:image:width\" content=\"1024\" \/>\n\t<meta property=\"og:image:height\" content=\"683\" \/>\n\t<meta property=\"og:image:type\" content=\"image\/jpeg\" \/>\n<meta name=\"author\" content=\"admin\" \/>\n<meta name=\"twitter:card\" content=\"summary_large_image\" \/>\n<meta name=\"twitter:label1\" content=\"Escrito por\" \/>\n\t<meta name=\"twitter:data1\" content=\"admin\" \/>\n\t<meta name=\"twitter:label2\" content=\"Tiempo de lectura\" \/>\n\t<meta name=\"twitter:data2\" content=\"5 minutos\" \/>\n<script type=\"application\/ld+json\" class=\"yoast-schema-graph\">{\"@context\":\"https:\\\/\\\/schema.org\",\"@graph\":[{\"@type\":\"Article\",\"@id\":\"https:\\\/\\\/saltoecologico.es\\\/index.php\\\/2025\\\/06\\\/13\\\/ceros-en-la-palma\\\/#article\",\"isPartOf\":{\"@id\":\"https:\\\/\\\/saltoecologico.es\\\/index.php\\\/2025\\\/06\\\/13\\\/ceros-en-la-palma\\\/\"},\"author\":{\"name\":\"admin\",\"@id\":\"https:\\\/\\\/saltoecologico.es\\\/#\\\/schema\\\/person\\\/7175eec4b3c123d86c675313c3a01a0b\"},\"headline\":\"Ceros en La Palma\",\"datePublished\":\"2025-06-13T20:06:27+00:00\",\"dateModified\":\"2025-06-13T20:06:31+00:00\",\"mainEntityOfPage\":{\"@id\":\"https:\\\/\\\/saltoecologico.es\\\/index.php\\\/2025\\\/06\\\/13\\\/ceros-en-la-palma\\\/\"},\"wordCount\":928,\"commentCount\":0,\"publisher\":{\"@id\":\"https:\\\/\\\/saltoecologico.es\\\/#organization\"},\"image\":{\"@id\":\"https:\\\/\\\/saltoecologico.es\\\/index.php\\\/2025\\\/06\\\/13\\\/ceros-en-la-palma\\\/#primaryimage\"},\"thumbnailUrl\":\"https:\\\/\\\/saltoecologico.es\\\/wp-content\\\/uploads\\\/2025\\\/06\\\/Guinchos.jpg\",\"articleSection\":[\"General\"],\"inLanguage\":\"es\",\"potentialAction\":[{\"@type\":\"CommentAction\",\"name\":\"Comment\",\"target\":[\"https:\\\/\\\/saltoecologico.es\\\/index.php\\\/2025\\\/06\\\/13\\\/ceros-en-la-palma\\\/#respond\"]}]},{\"@type\":\"WebPage\",\"@id\":\"https:\\\/\\\/saltoecologico.es\\\/index.php\\\/2025\\\/06\\\/13\\\/ceros-en-la-palma\\\/\",\"url\":\"https:\\\/\\\/saltoecologico.es\\\/index.php\\\/2025\\\/06\\\/13\\\/ceros-en-la-palma\\\/\",\"name\":\"Ceros en La Palma - Salto Ecol\u00f3gico\",\"isPartOf\":{\"@id\":\"https:\\\/\\\/saltoecologico.es\\\/#website\"},\"primaryImageOfPage\":{\"@id\":\"https:\\\/\\\/saltoecologico.es\\\/index.php\\\/2025\\\/06\\\/13\\\/ceros-en-la-palma\\\/#primaryimage\"},\"image\":{\"@id\":\"https:\\\/\\\/saltoecologico.es\\\/index.php\\\/2025\\\/06\\\/13\\\/ceros-en-la-palma\\\/#primaryimage\"},\"thumbnailUrl\":\"https:\\\/\\\/saltoecologico.es\\\/wp-content\\\/uploads\\\/2025\\\/06\\\/Guinchos.jpg\",\"datePublished\":\"2025-06-13T20:06:27+00:00\",\"dateModified\":\"2025-06-13T20:06:31+00:00\",\"breadcrumb\":{\"@id\":\"https:\\\/\\\/saltoecologico.es\\\/index.php\\\/2025\\\/06\\\/13\\\/ceros-en-la-palma\\\/#breadcrumb\"},\"inLanguage\":\"es\",\"potentialAction\":[{\"@type\":\"ReadAction\",\"target\":[\"https:\\\/\\\/saltoecologico.es\\\/index.php\\\/2025\\\/06\\\/13\\\/ceros-en-la-palma\\\/\"]}]},{\"@type\":\"ImageObject\",\"inLanguage\":\"es\",\"@id\":\"https:\\\/\\\/saltoecologico.es\\\/index.php\\\/2025\\\/06\\\/13\\\/ceros-en-la-palma\\\/#primaryimage\",\"url\":\"https:\\\/\\\/saltoecologico.es\\\/wp-content\\\/uploads\\\/2025\\\/06\\\/Guinchos.jpg\",\"contentUrl\":\"https:\\\/\\\/saltoecologico.es\\\/wp-content\\\/uploads\\\/2025\\\/06\\\/Guinchos.jpg\",\"width\":1024,\"height\":683},{\"@type\":\"BreadcrumbList\",\"@id\":\"https:\\\/\\\/saltoecologico.es\\\/index.php\\\/2025\\\/06\\\/13\\\/ceros-en-la-palma\\\/#breadcrumb\",\"itemListElement\":[{\"@type\":\"ListItem\",\"position\":1,\"name\":\"Portada\",\"item\":\"https:\\\/\\\/saltoecologico.es\\\/\"},{\"@type\":\"ListItem\",\"position\":2,\"name\":\"Ceros en La Palma\"}]},{\"@type\":\"WebSite\",\"@id\":\"https:\\\/\\\/saltoecologico.es\\\/#website\",\"url\":\"https:\\\/\\\/saltoecologico.es\\\/\",\"name\":\"Salto Ecol\u00f3gico\",\"description\":\"\",\"publisher\":{\"@id\":\"https:\\\/\\\/saltoecologico.es\\\/#organization\"},\"potentialAction\":[{\"@type\":\"SearchAction\",\"target\":{\"@type\":\"EntryPoint\",\"urlTemplate\":\"https:\\\/\\\/saltoecologico.es\\\/?s={search_term_string}\"},\"query-input\":{\"@type\":\"PropertyValueSpecification\",\"valueRequired\":true,\"valueName\":\"search_term_string\"}}],\"inLanguage\":\"es\"},{\"@type\":\"Organization\",\"@id\":\"https:\\\/\\\/saltoecologico.es\\\/#organization\",\"name\":\"Salto a la Transici\u00f3n Ecol\u00f3gica\",\"url\":\"https:\\\/\\\/saltoecologico.es\\\/\",\"logo\":{\"@type\":\"ImageObject\",\"inLanguage\":\"es\",\"@id\":\"https:\\\/\\\/saltoecologico.es\\\/#\\\/schema\\\/logo\\\/image\\\/\",\"url\":\"https:\\\/\\\/saltoecologico.es\\\/wp-content\\\/uploads\\\/2025\\\/04\\\/Logo-STE.jpg\",\"contentUrl\":\"https:\\\/\\\/saltoecologico.es\\\/wp-content\\\/uploads\\\/2025\\\/04\\\/Logo-STE.jpg\",\"width\":435,\"height\":435,\"caption\":\"Salto a la Transici\u00f3n Ecol\u00f3gica\"},\"image\":{\"@id\":\"https:\\\/\\\/saltoecologico.es\\\/#\\\/schema\\\/logo\\\/image\\\/\"},\"sameAs\":[\"https:\\\/\\\/www.facebook.com\\\/Saltotransicionecologica\"]},{\"@type\":\"Person\",\"@id\":\"https:\\\/\\\/saltoecologico.es\\\/#\\\/schema\\\/person\\\/7175eec4b3c123d86c675313c3a01a0b\",\"name\":\"admin\",\"image\":{\"@type\":\"ImageObject\",\"inLanguage\":\"es\",\"@id\":\"https:\\\/\\\/secure.gravatar.com\\\/avatar\\\/4c215dc57bbc7b2f2f470ac9bd197f3f112636a584e575a732d0206a2d9c9806?s=96&d=mm&r=g\",\"url\":\"https:\\\/\\\/secure.gravatar.com\\\/avatar\\\/4c215dc57bbc7b2f2f470ac9bd197f3f112636a584e575a732d0206a2d9c9806?s=96&d=mm&r=g\",\"contentUrl\":\"https:\\\/\\\/secure.gravatar.com\\\/avatar\\\/4c215dc57bbc7b2f2f470ac9bd197f3f112636a584e575a732d0206a2d9c9806?s=96&d=mm&r=g\",\"caption\":\"admin\"},\"sameAs\":[\"https:\\\/\\\/saltoecologico.es\"],\"url\":\"https:\\\/\\\/saltoecologico.es\\\/index.php\\\/author\\\/saltoecologico\\\/\"}]}<\/script>\n<!-- \/ Yoast SEO plugin. -->","yoast_head_json":{"title":"Ceros en La Palma - Salto Ecol\u00f3gico","robots":{"index":"index","follow":"follow","max-snippet":"max-snippet:-1","max-image-preview":"max-image-preview:large","max-video-preview":"max-video-preview:-1"},"canonical":"https:\/\/saltoecologico.es\/index.php\/2025\/06\/13\/ceros-en-la-palma\/","og_locale":"es_ES","og_type":"article","og_title":"Ceros en La Palma - Salto Ecol\u00f3gico","og_description":"\u00bfCu\u00e1ntos ceros m\u00e1s necesita La Palma? La Palma vuelve a vivir un nuevo apag\u00f3n total. Ya son tres ceros el\u00e9ctricos en lo que va de a\u00f1o. Un hecho de esta gravedad no puede seguir abord\u00e1ndose con notas de prensa llenas de vaguedades o con promesas que nunca se materializan. Es hora de pasar de las [&hellip;]","og_url":"https:\/\/saltoecologico.es\/index.php\/2025\/06\/13\/ceros-en-la-palma\/","og_site_name":"Salto Ecol\u00f3gico","article_publisher":"https:\/\/www.facebook.com\/Saltotransicionecologica","article_published_time":"2025-06-13T20:06:27+00:00","article_modified_time":"2025-06-13T20:06:31+00:00","og_image":[{"width":1024,"height":683,"url":"https:\/\/saltoecologico.es\/wp-content\/uploads\/2025\/06\/Guinchos.jpg","type":"image\/jpeg"}],"author":"admin","twitter_card":"summary_large_image","twitter_misc":{"Escrito por":"admin","Tiempo de lectura":"5 minutos"},"schema":{"@context":"https:\/\/schema.org","@graph":[{"@type":"Article","@id":"https:\/\/saltoecologico.es\/index.php\/2025\/06\/13\/ceros-en-la-palma\/#article","isPartOf":{"@id":"https:\/\/saltoecologico.es\/index.php\/2025\/06\/13\/ceros-en-la-palma\/"},"author":{"name":"admin","@id":"https:\/\/saltoecologico.es\/#\/schema\/person\/7175eec4b3c123d86c675313c3a01a0b"},"headline":"Ceros en La Palma","datePublished":"2025-06-13T20:06:27+00:00","dateModified":"2025-06-13T20:06:31+00:00","mainEntityOfPage":{"@id":"https:\/\/saltoecologico.es\/index.php\/2025\/06\/13\/ceros-en-la-palma\/"},"wordCount":928,"commentCount":0,"publisher":{"@id":"https:\/\/saltoecologico.es\/#organization"},"image":{"@id":"https:\/\/saltoecologico.es\/index.php\/2025\/06\/13\/ceros-en-la-palma\/#primaryimage"},"thumbnailUrl":"https:\/\/saltoecologico.es\/wp-content\/uploads\/2025\/06\/Guinchos.jpg","articleSection":["General"],"inLanguage":"es","potentialAction":[{"@type":"CommentAction","name":"Comment","target":["https:\/\/saltoecologico.es\/index.php\/2025\/06\/13\/ceros-en-la-palma\/#respond"]}]},{"@type":"WebPage","@id":"https:\/\/saltoecologico.es\/index.php\/2025\/06\/13\/ceros-en-la-palma\/","url":"https:\/\/saltoecologico.es\/index.php\/2025\/06\/13\/ceros-en-la-palma\/","name":"Ceros en La Palma - Salto Ecol\u00f3gico","isPartOf":{"@id":"https:\/\/saltoecologico.es\/#website"},"primaryImageOfPage":{"@id":"https:\/\/saltoecologico.es\/index.php\/2025\/06\/13\/ceros-en-la-palma\/#primaryimage"},"image":{"@id":"https:\/\/saltoecologico.es\/index.php\/2025\/06\/13\/ceros-en-la-palma\/#primaryimage"},"thumbnailUrl":"https:\/\/saltoecologico.es\/wp-content\/uploads\/2025\/06\/Guinchos.jpg","datePublished":"2025-06-13T20:06:27+00:00","dateModified":"2025-06-13T20:06:31+00:00","breadcrumb":{"@id":"https:\/\/saltoecologico.es\/index.php\/2025\/06\/13\/ceros-en-la-palma\/#breadcrumb"},"inLanguage":"es","potentialAction":[{"@type":"ReadAction","target":["https:\/\/saltoecologico.es\/index.php\/2025\/06\/13\/ceros-en-la-palma\/"]}]},{"@type":"ImageObject","inLanguage":"es","@id":"https:\/\/saltoecologico.es\/index.php\/2025\/06\/13\/ceros-en-la-palma\/#primaryimage","url":"https:\/\/saltoecologico.es\/wp-content\/uploads\/2025\/06\/Guinchos.jpg","contentUrl":"https:\/\/saltoecologico.es\/wp-content\/uploads\/2025\/06\/Guinchos.jpg","width":1024,"height":683},{"@type":"BreadcrumbList","@id":"https:\/\/saltoecologico.es\/index.php\/2025\/06\/13\/ceros-en-la-palma\/#breadcrumb","itemListElement":[{"@type":"ListItem","position":1,"name":"Portada","item":"https:\/\/saltoecologico.es\/"},{"@type":"ListItem","position":2,"name":"Ceros en La Palma"}]},{"@type":"WebSite","@id":"https:\/\/saltoecologico.es\/#website","url":"https:\/\/saltoecologico.es\/","name":"Salto Ecol\u00f3gico","description":"","publisher":{"@id":"https:\/\/saltoecologico.es\/#organization"},"potentialAction":[{"@type":"SearchAction","target":{"@type":"EntryPoint","urlTemplate":"https:\/\/saltoecologico.es\/?s={search_term_string}"},"query-input":{"@type":"PropertyValueSpecification","valueRequired":true,"valueName":"search_term_string"}}],"inLanguage":"es"},{"@type":"Organization","@id":"https:\/\/saltoecologico.es\/#organization","name":"Salto a la Transici\u00f3n Ecol\u00f3gica","url":"https:\/\/saltoecologico.es\/","logo":{"@type":"ImageObject","inLanguage":"es","@id":"https:\/\/saltoecologico.es\/#\/schema\/logo\/image\/","url":"https:\/\/saltoecologico.es\/wp-content\/uploads\/2025\/04\/Logo-STE.jpg","contentUrl":"https:\/\/saltoecologico.es\/wp-content\/uploads\/2025\/04\/Logo-STE.jpg","width":435,"height":435,"caption":"Salto a la Transici\u00f3n Ecol\u00f3gica"},"image":{"@id":"https:\/\/saltoecologico.es\/#\/schema\/logo\/image\/"},"sameAs":["https:\/\/www.facebook.com\/Saltotransicionecologica"]},{"@type":"Person","@id":"https:\/\/saltoecologico.es\/#\/schema\/person\/7175eec4b3c123d86c675313c3a01a0b","name":"admin","image":{"@type":"ImageObject","inLanguage":"es","@id":"https:\/\/secure.gravatar.com\/avatar\/4c215dc57bbc7b2f2f470ac9bd197f3f112636a584e575a732d0206a2d9c9806?s=96&d=mm&r=g","url":"https:\/\/secure.gravatar.com\/avatar\/4c215dc57bbc7b2f2f470ac9bd197f3f112636a584e575a732d0206a2d9c9806?s=96&d=mm&r=g","contentUrl":"https:\/\/secure.gravatar.com\/avatar\/4c215dc57bbc7b2f2f470ac9bd197f3f112636a584e575a732d0206a2d9c9806?s=96&d=mm&r=g","caption":"admin"},"sameAs":["https:\/\/saltoecologico.es"],"url":"https:\/\/saltoecologico.es\/index.php\/author\/saltoecologico\/"}]}},"_links":{"self":[{"href":"https:\/\/saltoecologico.es\/index.php\/wp-json\/wp\/v2\/posts\/1134","targetHints":{"allow":["GET"]}}],"collection":[{"href":"https:\/\/saltoecologico.es\/index.php\/wp-json\/wp\/v2\/posts"}],"about":[{"href":"https:\/\/saltoecologico.es\/index.php\/wp-json\/wp\/v2\/types\/post"}],"author":[{"embeddable":true,"href":"https:\/\/saltoecologico.es\/index.php\/wp-json\/wp\/v2\/users\/1"}],"replies":[{"embeddable":true,"href":"https:\/\/saltoecologico.es\/index.php\/wp-json\/wp\/v2\/comments?post=1134"}],"version-history":[{"count":1,"href":"https:\/\/saltoecologico.es\/index.php\/wp-json\/wp\/v2\/posts\/1134\/revisions"}],"predecessor-version":[{"id":1136,"href":"https:\/\/saltoecologico.es\/index.php\/wp-json\/wp\/v2\/posts\/1134\/revisions\/1136"}],"wp:featuredmedia":[{"embeddable":true,"href":"https:\/\/saltoecologico.es\/index.php\/wp-json\/wp\/v2\/media\/1135"}],"wp:attachment":[{"href":"https:\/\/saltoecologico.es\/index.php\/wp-json\/wp\/v2\/media?parent=1134"}],"wp:term":[{"taxonomy":"category","embeddable":true,"href":"https:\/\/saltoecologico.es\/index.php\/wp-json\/wp\/v2\/categories?post=1134"},{"taxonomy":"post_tag","embeddable":true,"href":"https:\/\/saltoecologico.es\/index.php\/wp-json\/wp\/v2\/tags?post=1134"}],"curies":[{"name":"wp","href":"https:\/\/api.w.org\/{rel}","templated":true}]}}