{"id":1137,"date":"2025-06-17T18:11:56","date_gmt":"2025-06-17T18:11:56","guid":{"rendered":"https:\/\/saltoecologico.es\/?p=1137"},"modified":"2025-06-17T18:17:11","modified_gmt":"2025-06-17T18:17:11","slug":"diseccion-de-un-cero","status":"publish","type":"post","link":"https:\/\/saltoecologico.es\/index.php\/2025\/06\/17\/diseccion-de-un-cero\/","title":{"rendered":"Disecci\u00f3n de un cero"},"content":{"rendered":"\n<p class=\"wp-block-paragraph\"><strong>Informe Detallado sobre el Cero Energ\u00e9tico en La Palma del 10 de junio de 2025: Un An\u00e1lisis Profundo de los Fallos Sist\u00e9micos<\/strong><\/p>\n\n\n\n<p class=\"wp-block-paragraph\"><strong>1. Resumen Ejecutivo<\/strong><\/p>\n\n\n\n<p class=\"wp-block-paragraph\">Este informe t\u00e9cnico busca arrojar luz sobre el incidente de cero energ\u00e9tico que afect\u00f3 profundamente a la isla de La Palma el 10 de junio de 2025. El evento, que supuso una interrupci\u00f3n total del suministro el\u00e9ctrico, tuvo un impacto considerable en la vida de los habitantes y en los servicios esenciales de la isla.<\/p>\n\n\n\n<p class=\"wp-block-paragraph\">La cadena de acontecimientos que llev\u00f3 al colapso del sistema el\u00e9ctrico comenz\u00f3 con el disparo inesperado de un grupo generador, el Gas M\u00f3vil 2, en la central de Los Guinchos. Justo en ese momento, esta unidad aportaba 8,2 MW, lo que significaba el 28,37% de toda la generaci\u00f3n de la isla; una proporci\u00f3n realmente importante para un sistema el\u00e9ctrico aislado. La p\u00e9rdida repentina de esta capacidad de generaci\u00f3n fue la chispa que desencaden\u00f3 una serie de fallos en cascada dentro de los sistemas de protecci\u00f3n y regulaci\u00f3n del sistema el\u00e9ctrico insular.<\/p>\n\n\n\n<p class=\"wp-block-paragraph\">El an\u00e1lisis de lo ocurrido revela deficiencias cr\u00edticas en dos niveles fundamentales para la seguridad del sistema. En primer lugar, se observ\u00f3 una respuesta inadecuada, o incluso inexistente, de las reservas de regulaci\u00f3n \u2014primaria, secundaria y terciaria\u2014, que est\u00e1n precisamente dise\u00f1adas para compensar desequilibrios como la p\u00e9rdida de un grupo generador. Como consecuencia directa de este primer fallo, el sistema de deslastre autom\u00e1tico de cargas, que es la \u00faltima barrera de protecci\u00f3n para evitar un colapso total mediante la desconexi\u00f3n selectiva de la demanda, tampoco funcion\u00f3 como se esperaba. La inoperatividad de estas capas de defensa sucesivas sugiere una vulnerabilidad en el sistema que va m\u00e1s all\u00e1 de un simple fallo aislado de un componente.<\/p>\n\n\n\n<p class=\"wp-block-paragraph\">Un aspecto central de este an\u00e1lisis es la necesidad de mirar m\u00e1s all\u00e1 de la antig\u00fcedad del grupo generador Gas M\u00f3vil 2 como causa principal del incidente. Se argumenta que la Vida \u00datil Regulatoria (VUR) de dicha unidad se extiende hasta el a\u00f1o 2031, y se destaca la existencia de otros grupos generadores en la misma central con VUR expirada desde hace a\u00f1os que, sin embargo, contin\u00faan operativos. Esta perspectiva desv\u00eda el foco de la simple antig\u00fcedad del equipo que inici\u00f3 el fallo hacia la integridad y funcionalidad de todo el sistema de control y respuesta ante emergencias. Esto nos hace pensar que las inversiones y revisiones podr\u00edan ser m\u00e1s urgentes en estas \u00e1reas cr\u00edticas, aunque quiz\u00e1s menos visibles, del sistema el\u00e9ctrico.<\/p>\n\n\n\n<p class=\"wp-block-paragraph\">En conclusi\u00f3n, el cero energ\u00e9tico del 10 de junio pone de manifiesto problemas sist\u00e9micos profundos en la red el\u00e9ctrica de La Palma. Estos problemas podr\u00edan estar relacionados con la obsolescencia o el mal funcionamiento de otras instalaciones cruciales para la estabilidad del sistema, o con deficiencias en la planificaci\u00f3n e implementaci\u00f3n de los procedimientos operativos. Se subraya la imperiosa necesidad de un diagn\u00f3stico t\u00e9cnico exhaustivo, realizado por una entidad imparcial y con alta cualificaci\u00f3n, para determinar con precisi\u00f3n las causas ra\u00edz de estos fallos y poder as\u00ed implementar soluciones que realmente funcionen.<\/p>\n\n\n\n<p class=\"wp-block-paragraph\"><strong>2. Introducci\u00f3n<\/strong><\/p>\n\n\n\n<p class=\"wp-block-paragraph\">El 10 de junio de 2025, la isla de La Palma vivi\u00f3 un duro trance con un \u00abcero energ\u00e9tico\u00bb, un apag\u00f3n total que interrumpi\u00f3 el suministro el\u00e9ctrico a aproximadamente 50.000 personas. El incidente comenz\u00f3 alrededor de las 17:32 horas, sumiendo a la isla en una interrupci\u00f3n generalizada del servicio. El suministro el\u00e9ctrico empez\u00f3 a restablecerse de forma progresiva horas m\u00e1s tarde, y la situaci\u00f3n de alerta declarada por las autoridades concluy\u00f3 formalmente a las 21:20 horas, aunque algunas afectaciones, como en la telefon\u00eda m\u00f3vil, persistieron.<\/p>\n\n\n\n<p class=\"wp-block-paragraph\">Este apag\u00f3n no fue, lamentablemente, un suceso aislado. Se enmarca en un contexto de creciente preocupaci\u00f3n debido a una serie de interrupciones del suministro el\u00e9ctrico que La Palma ha venido sufriendo en semanas recientes. La gravedad del evento del 10 de junio fue tal que llev\u00f3 al Gobierno de Canarias a declarar la situaci\u00f3n de alerta y a activar el Plan Espec\u00edfico de Emergencias de Canarias por Riesgos de Accidentes Graves (PLATECA). Por su parte, la empresa Endesa comunic\u00f3 la existencia de un fallo en un generador de la central t\u00e9rmica de Los Guinchos, la principal fuente de generaci\u00f3n de la isla. En declaraciones posteriores, la Vicepresidenta Tercera y Ministra para la Transici\u00f3n Ecol\u00f3gica y el Reto Demogr\u00e1fico, Sara Aagesen, indic\u00f3 que el origen del problema se situ\u00f3 en \u00abuna turbina\u00bb. La repetici\u00f3n de estos incidentes sugiere que el evento del 10 de junio, aunque singular en su an\u00e1lisis t\u00e9cnico detallado, podr\u00eda ser un s\u00edntoma de problemas cr\u00f3nicos y subyacentes en el sistema el\u00e9ctrico de La Palma, m\u00e1s que una simple casualidad. La activaci\u00f3n de planes de emergencia y las declaraciones de altos cargos gubernamentales no hacen sino subrayar la severidad socioecon\u00f3mica de estos apagones en un sistema insular peque\u00f1o y aislado, lo que magnifica la importancia de un diagn\u00f3stico t\u00e9cnico preciso como el que se intenta ofrecer aqu\u00ed.<\/p>\n\n\n\n<p class=\"wp-block-paragraph\">El objetivo de este informe es realizar un an\u00e1lisis t\u00e9cnico exhaustivo de las causas y la secuencia de fallos que condujeron al cero energ\u00e9tico del 10 de junio de 2025 en La Palma. Este an\u00e1lisis se basa en datos t\u00e9cnicos y operativos disponibles, incluyendo informaci\u00f3n del Anuario Energ\u00e9tico de Canarias y de Red El\u00e9ctrica de Espa\u00f1a. Se incorporar\u00e1n y analizar\u00e1n cr\u00edticamente las tablas de datos para sustentar las afirmaciones y el desarrollo del an\u00e1lisis.<\/p>\n\n\n\n<p class=\"wp-block-paragraph\">La estructura del informe abordar\u00e1, en primer lugar, la configuraci\u00f3n del sistema el\u00e9ctrico de La Palma justo antes del incidente, detallando la capacidad instalada y el mix de generaci\u00f3n. Posteriormente, se examinar\u00e1 la cascada de fallos t\u00e9cnicos identificados, desde el evento que dio origen a todo hasta el colapso total del sistema. A continuaci\u00f3n, se discutir\u00e1 el argumento referente a la obsolescencia de los equipos de generaci\u00f3n como factor causal. Finalmente, se presentar\u00e1n las conclusiones derivadas del an\u00e1lisis, poniendo el acento en las vulnerabilidades sist\u00e9micas identificadas y en la necesidad imperiosa de un diagn\u00f3stico certero.<\/p>\n\n\n\n<p class=\"wp-block-paragraph\"><strong>3. Configuraci\u00f3n del Sistema El\u00e9ctrico de La Palma Previo al Incidente<\/strong><\/p>\n\n\n\n<p class=\"wp-block-paragraph\">Para comprender la magnitud y las causas del cero energ\u00e9tico, es fundamental conocer el estado del sistema el\u00e9ctrico de La Palma en los momentos previos al colapso. Esta secci\u00f3n se basa en datos del Anuario Energ\u00e9tico de Canarias (publicado en mayo de 2025 con datos de 2023) y en informaci\u00f3n de Red El\u00e9ctrica de Espa\u00f1a.<\/p>\n\n\n\n<p class=\"wp-block-paragraph\"><strong>3.1. Capacidad Instalada en la Central de Los Guinchos<\/strong><\/p>\n\n\n\n<p class=\"wp-block-paragraph\">La central t\u00e9rmica de Los Guinchos es la principal infraestructura de generaci\u00f3n el\u00e9ctrica de La Palma. A continuaci\u00f3n, se detalla la potencia instalada de sus diferentes grupos generadores, as\u00ed como la fecha de caducidad te\u00f3rica de cada uno seg\u00fan su Vida \u00datil Regulatoria (VUR), establecida en 25 a\u00f1os desde su instalaci\u00f3n.<\/p>\n\n\n\n<p class=\"wp-block-paragraph\"><strong>Tabla 1: Potencia Instalada en la Central de Guinchos (Datos de 2023)<\/strong><\/p>\n\n\n\n<figure class=\"wp-block-table\"><table class=\"has-fixed-layout\"><tbody><tr><td><strong>Denominaci\u00f3n<\/strong><\/td><td><strong>Potencia (MW)<\/strong><\/td><td><strong>Caducidad (VUR)<\/strong><\/td><\/tr><tr><td>Di\u00e9sel 6<\/td><td>3,82<\/td><td>1998<\/td><\/tr><tr><td>Di\u00e9sel 7<\/td><td>3,82<\/td><td>1998<\/td><\/tr><tr><td>Di\u00e9sel 8<\/td><td>3,82<\/td><td>2000<\/td><\/tr><tr><td>Di\u00e9sel 9<\/td><td>4,30<\/td><td>2005<\/td><\/tr><tr><td>Di\u00e9sel 10<\/td><td>6,69<\/td><td>2008<\/td><\/tr><tr><td>Di\u00e9sel 11<\/td><td>6,69<\/td><td>2020<\/td><\/tr><tr><td>Di\u00e9sel 12<\/td><td>11,50<\/td><td>2026<\/td><\/tr><tr><td>Di\u00e9sel 13<\/td><td>11,20<\/td><td>2028<\/td><\/tr><tr><td>Di\u00e9sel 14<\/td><td>11,50<\/td><td>2031<\/td><\/tr><tr><td>Di\u00e9sel 15<\/td><td>11,50<\/td><td>2031<\/td><\/tr><tr><td>Gas m\u00f3vil 2<\/td><td>21,60<\/td><td>2031<\/td><\/tr><tr><td>Total<\/td><td>96,44<\/td><td><\/td><\/tr><\/tbody><\/table><\/figure>\n\n\n\n<p class=\"wp-block-paragraph\"><em>Fuente: Anuario Energ\u00e9tico de Canarias 2023 y Estrategias del Instituto Tecnol\u00f3gico de Canarias para VUR.<\/em><\/p>\n\n\n\n<p class=\"wp-block-paragraph\">Esta tabla es de crucial importancia, ya que establece una l\u00ednea base sobre la capacidad de generaci\u00f3n disponible y la antig\u00fcedad te\u00f3rica de las unidades, seg\u00fan el criterio de la VUR. Estos datos son fundamentales para el argumento que se desarrolla posteriormente en contra de la obsolescencia del grupo iniciador del fallo como causa principal del apag\u00f3n. Espec\u00edficamente, el hecho de que el grupo Gas M\u00f3vil 2, que se desconect\u00f3, tuviera una VUR vigente hasta 2031, mientras que otras unidades con VUR expirada en fechas tan tempranas como 1998 o 2000 segu\u00edan operativas, es un pilar de dicha argumentaci\u00f3n. El grupo Gas M\u00f3vil 2, por tanto, no hab\u00eda alcanzado el fin de su vida \u00fatil regulatoria en 2025.<\/p>\n\n\n\n<p class=\"wp-block-paragraph\">La existencia de m\u00faltiples unidades di\u00e9sel con VUR ya superada (Di\u00e9sel 6, 7, 8, 9, 10 y 11, seg\u00fan la Tabla 1) podr\u00eda estar contribuyendo a una menor fiabilidad general del parque de generaci\u00f3n di\u00e9sel. Esta situaci\u00f3n podr\u00eda, a su vez, forzar una mayor dependencia operativa del grupo de Gas M\u00f3vil 2, que es considerablemente m\u00e1s nuevo. Si las unidades di\u00e9sel m\u00e1s antiguas son percibidas como menos fiables o flexibles para la operaci\u00f3n diaria, el sistema podr\u00eda depender en mayor medida de la unidad de gas para cubrir la demanda y mantener la estabilidad, lo que har\u00eda que un fallo en esta unidad espec\u00edfica tuviera consecuencias m\u00e1s cr\u00edticas.<\/p>\n\n\n\n<p class=\"wp-block-paragraph\"><strong>3.2. Mix de Generaci\u00f3n y Demanda Inmediatamente Antes del Fallo<\/strong><\/p>\n\n\n\n<p class=\"wp-block-paragraph\">Datos obtenidos de Red El\u00e9ctrica de Espa\u00f1a describen el mix de generaci\u00f3n y la demanda total del sistema en el instante preciso previo al disparo del grupo de gas y el subsiguiente cero energ\u00e9tico. En ese momento, la demanda total del sistema el\u00e9ctrico de La Palma era de 29 MW.<\/p>\n\n\n\n<p class=\"wp-block-paragraph\"><strong>Tabla 2: Mix de Generaci\u00f3n antes del Disparo del Grupo de Gas<\/strong><\/p>\n\n\n\n<figure class=\"wp-block-table\"><table class=\"has-fixed-layout\"><tbody><tr><td><strong>Denominaci\u00f3n<\/strong><\/td><td><strong>Potencia (MW)<\/strong><\/td><td><strong>Porcentaje<\/strong><\/td><\/tr><tr><td>Demanda<\/td><td>29<\/td><td>100%<\/td><\/tr><tr><td>Turbina de gas<\/td><td>8,2<\/td><td>28,37%<\/td><\/tr><tr><td>Motores Di\u00e9sel<\/td><td>17,7<\/td><td>61,25%<\/td><\/tr><tr><td>E\u00f3lica<\/td><td>2<\/td><td>6,92%<\/td><\/tr><tr><td>Fotovoltaica<\/td><td>1<\/td><td>3,46%<\/td><\/tr><\/tbody><\/table><\/figure>\n\n\n\n<p class=\"wp-block-paragraph\">Fuente: Red El\u00e9ctrica de Espa\u00f1a.<\/p>\n\n\n\n<p class=\"wp-block-paragraph\">Nota: La suma de las potencias de generaci\u00f3n (8,2 + 17,7 + 2 + 1 = 28,9 MW) se aproxima a la demanda de 29 MW indicada. El porcentaje de la turbina de gas (28,37%) es el indicado.<\/p>\n\n\n\n<p class=\"wp-block-paragraph\">El grupo Gas M\u00f3vil 2, identificado en esta tabla como \u00abTurbina de gas\u00bb, estaba generando 8,2 MW, lo que representaba el 28,37% de la generaci\u00f3n total en ese instante. Este dato es clave, ya que la p\u00e9rdida de un solo grupo generador que cubre m\u00e1s de una cuarta parte de la demanda activa constituye una perturbaci\u00f3n de gran magnitud para un sistema el\u00e9ctrico aislado y de tama\u00f1o reducido como el de La Palma. La alta concentraci\u00f3n de generaci\u00f3n en una sola unidad (28,37% en el Gas M\u00f3vil 2) justo antes del fallo ilustra una vulnerabilidad inherente. La p\u00e9rdida de la unidad m\u00e1s grande en operaci\u00f3n (criterio N-1) debe ser, en principio, gestionable por las reservas operativas del sistema; el hecho de que no lo fuera anticipa los fallos en los mecanismos de regulaci\u00f3n que se analizar\u00e1n posteriormente.<\/p>\n\n\n\n<p class=\"wp-block-paragraph\">La Tabla 2 es vital porque cuantifica la dependencia del sistema en la unidad que fall\u00f3 en el momento del incidente, mostrando la magnitud del desequilibrio inicial entre generaci\u00f3n y demanda que los sistemas de control debieron afrontar.<\/p>\n\n\n\n<p class=\"wp-block-paragraph\">Es notable la presencia de generaci\u00f3n de origen renovable (e\u00f3lica y fotovoltaica), que en conjunto sumaban 3 MW, representando un 10,38% del mix de generaci\u00f3n en ese momento. Si bien esta contribuci\u00f3n es positiva, su magnitud no fue suficiente para mitigar el impacto del fallo de una unidad convencional de gran tama\u00f1o. Adem\u00e1s, la naturaleza intermitente de estas fuentes (sin sistemas de almacenamiento asociados expl\u00edcitamente mencionados en este contexto) implica que generalmente no proveen el mismo nivel de inercia o capacidad de regulaci\u00f3n primaria r\u00e1pida que los generadores s\u00edncronos convencionales, elementos cruciales para la estabilidad de frecuencia tras una perturbaci\u00f3n s\u00fabita.<\/p>\n\n\n\n<p class=\"wp-block-paragraph\"><strong>4. An\u00e1lisis T\u00e9cnico de la Cascada de Fallos<\/strong><\/p>\n\n\n\n<p class=\"wp-block-paragraph\">El colapso total del sistema el\u00e9ctrico de La Palma no fue el resultado de un \u00fanico fallo, sino de una secuencia de eventos y deficiencias en los mecanismos de protecci\u00f3n y control. Este apartado desglosa la cascada de fallos t\u00e9cnicos identificados.<\/p>\n\n\n\n<p class=\"wp-block-paragraph\"><strong>4.1. Evento Iniciador: Disparo del Grupo Gas M\u00f3vil 2<\/strong><\/p>\n\n\n\n<p class=\"wp-block-paragraph\">El incidente se desencaden\u00f3 por la desconexi\u00f3n s\u00fabita e imprevista, denominada t\u00e9cnicamente \u00abdisparo\u00bb, del grupo generador Gas M\u00f3vil 2. Como se estableci\u00f3 previamente, en el momento de su desconexi\u00f3n, esta unidad estaba aportando 8,2 MW al sistema, lo que equival\u00eda al 28,37% de la generaci\u00f3n total. La p\u00e9rdida instant\u00e1nea de una porci\u00f3n tan significativa de la capacidad de generaci\u00f3n activa constituye la perturbaci\u00f3n inicial que el sistema el\u00e9ctrico deber\u00eda haber sido capaz de gestionar a trav\u00e9s de sus mecanismos de regulaci\u00f3n y emergencia. Esta informaci\u00f3n es consistente con las declaraciones oficiales iniciales, que apuntaban a un fallo en \u00abuna turbina\u00bb en la central de Los Guinchos o, de forma m\u00e1s general, a \u00abun disparo de un grupo generador que ha provocado que caiga el resto del sistema\u00bb.<\/p>\n\n\n\n<p class=\"wp-block-paragraph\"><strong>4.2. Fallo de los Mecanismos de Reserva de Regulaci\u00f3n<\/strong><\/p>\n\n\n\n<p class=\"wp-block-paragraph\">Tras la p\u00e9rdida del Gas M\u00f3vil 2, la primera l\u00ednea de defensa del sistema el\u00e9ctrico son las reservas de regulaci\u00f3n. Estas reservas est\u00e1n dise\u00f1adas para activarse autom\u00e1ticamente y compensar desequilibrios entre generaci\u00f3n y demanda, manteniendo la estabilidad de la frecuencia.<\/p>\n\n\n\n<p class=\"wp-block-paragraph\">El marco regulatorio aplicable es el Procedimiento de Operaci\u00f3n del sistema el\u00e9ctrico P.O. SENP 1, titulado \u00abFuncionamiento de los sistemas el\u00e9ctricos no peninsulares\u00bb, aprobado por la Resoluci\u00f3n de 11 de diciembre de 2019 de la Secretar\u00eda de Estado de Energ\u00eda. Este procedimiento establece la obligatoriedad de disponer de tres niveles de reservas de regulaci\u00f3n (tambi\u00e9n conocidas como reserva rodante):<\/p>\n\n\n\n<ul class=\"wp-block-list\">\n<li><strong>Reserva de Regulaci\u00f3n Primaria:<\/strong> Debe ser, como m\u00ednimo, el 50% de la mayor potencia neta asignada a un grupo generador en el periodo horario considerado. Esta reserva act\u00faa de forma aut\u00f3noma y muy r\u00e1pida, t\u00edpicamente en un rango de 2 a 30 segundos, para detener la ca\u00edda de frecuencia tras una perturbaci\u00f3n.<\/li>\n\n\n\n<li><strong>Reserva de Regulaci\u00f3n Secundaria:<\/strong> La suma de las reservas primaria y secundaria asignadas debe igualar, al menos, el 100% de la mayor de las potencias netas asignadas a un grupo generador. Su funci\u00f3n es restaurar la frecuencia a su valor nominal y el equilibrio de potencia programado, actuando en un marco temporal que va desde los 20 segundos hasta los 15 minutos.<\/li>\n\n\n\n<li><strong>Reserva de Regulaci\u00f3n Terciaria:<\/strong> La reserva necesaria de regulaci\u00f3n terciaria a subir ser\u00e1, como referencia, igual a la mayor de las cantidades consideradas para la reserva secundaria. Esta reserva tiene por objeto resolver desv\u00edos persistentes y restituir la reserva de regulaci\u00f3n secundaria utilizada, actuando t\u00edpicamente en un plazo de hasta 15 minutos.<\/li>\n<\/ul>\n\n\n\n<p class=\"wp-block-paragraph\">Resulta evidente que este mecanismo fall\u00f3, ya sea porque no estaba adecuadamente planificado o porque, estando adecuadamente planificado, su implementaci\u00f3n en el momento cr\u00edtico no fue todo lo eficiente que deber\u00eda haber sido. La p\u00e9rdida de 8,2 MW del Gas M\u00f3vil 2, siendo esta la mayor unidad en funcionamiento en ese momento deber\u00eda haber sido cubierta por la acci\u00f3n coordinada de estas reservas. El hecho de que el sistema colapsara indica que esta cobertura no se materializ\u00f3. Esta apreciaci\u00f3n de un fallo en cadena es corroborada por declaraciones como las del director general de la empresa operadora, quien consider\u00f3 que \u00abno es normal que se vaya un grupo y le acompa\u00f1en todos los dem\u00e1s\u00bb, anunciando investigaciones al respecto.<\/p>\n\n\n\n<p class=\"wp-block-paragraph\"><strong>4.3. Fallo de los Procedimientos de Emergencia: Deslastre de Cargas<\/strong><\/p>\n\n\n\n<p class=\"wp-block-paragraph\">Ante el fallo de los mecanismos de reserva de regulaci\u00f3n para estabilizar el sistema, la siguiente y \u00faltima barrera de protecci\u00f3n es el deslastre autom\u00e1tico de cargas por frecuencia. Este procedimiento de emergencia est\u00e1 dise\u00f1ado para aliviar el sistema desconectando selectivamente porciones de la demanda cuando la frecuencia cae por debajo de umbrales preestablecidos, intentando as\u00ed evitar un colapso total.<\/p>\n\n\n\n<p class=\"wp-block-paragraph\">El marco regulatorio para estos planes es la Resoluci\u00f3n de 16 de enero de 2024, de la Direcci\u00f3n General de Pol\u00edtica Energ\u00e9tica y Minas, por la que se aprueban los planes de deslastre autom\u00e1tico de cargas de aplicaci\u00f3n en los sistemas el\u00e9ctricos de los territorios no peninsulares. El deslastre de cargas es una acci\u00f3n destinada a minimizar el alcance y la extensi\u00f3n de los incidentes una vez producidos y se considera una \u00abpr\u00e1ctica de operaci\u00f3n admisible e inevitable ante determinados desequilibrios entre generaci\u00f3n y demanda\u00bb en sistemas aislados como el de La Palma.<\/p>\n\n\n\n<p class=\"wp-block-paragraph\">A continuaci\u00f3n, se presenta una tabla que detalla los escalones de deslastre por frecuencia espec\u00edficos para La Palma:<\/p>\n\n\n\n<p class=\"wp-block-paragraph\"><strong>Tabla 3: Planes de Deslastre Autom\u00e1tico de Cargas en La Palma<\/strong><\/p>\n\n\n\n<figure class=\"wp-block-table\"><table class=\"has-fixed-layout\"><tbody><tr><td><strong>Escal\u00f3n<\/strong><\/td><td><strong>Frecuencia (Hz)<\/strong><\/td><td><strong>Temp (s)<\/strong><\/td><td><strong>Tapertura (s)<\/strong><\/td><td><strong>Carga (%)<\/strong><\/td><td><strong>Acumulado (%)<\/strong><\/td><\/tr><tr><td>Sf1<\/td><td>49,0<\/td><td>0,1<\/td><td>0,2<\/td><td>7,0<\/td><td>7,0<\/td><\/tr><tr><td>Sf2<\/td><td>48,8<\/td><td>0,1<\/td><td>0,2<\/td><td>7,0<\/td><td>14,0<\/td><\/tr><tr><td>Sf3<\/td><td>48,6<\/td><td>0,1<\/td><td>0,2<\/td><td>7,0<\/td><td>21,0<\/td><\/tr><tr><td>Sf4<\/td><td>48,4<\/td><td>0,1<\/td><td>0,2<\/td><td>7,0<\/td><td>28,0<\/td><\/tr><tr><td>Sf5<\/td><td>48,2<\/td><td>0,1<\/td><td>0,2<\/td><td>7,0<\/td><td>35,0<\/td><\/tr><tr><td>Sf6<\/td><td>48,0<\/td><td>0,1<\/td><td>0,2<\/td><td>7,0<\/td><td>42,0<\/td><\/tr><tr><td>Sf7<\/td><td>47,8<\/td><td>0,1<\/td><td>0,2<\/td><td>7,0<\/td><td>49,0<\/td><\/tr><tr><td>Sf8<\/td><td>47,6<\/td><td>0,1<\/td><td>0,2<\/td><td>7,0<\/td><td>56,0<\/td><\/tr><tr><td>Sf9<\/td><td>47,5<\/td><td>0,1<\/td><td>0,2<\/td><td>7,0<\/td><td>63,0<\/td><\/tr><tr><td>Sf10<\/td><td>49,0<\/td><td>15,0<\/td><td>0,2<\/td><td>7,0<\/td><td>70,0<\/td><\/tr><tr><td>Sf11<\/td><td>47,5<\/td><td>2,0<\/td><td>0,2<\/td><td>7,0<\/td><td>77,0<\/td><\/tr><\/tbody><\/table><\/figure>\n\n\n\n<p class=\"wp-block-paragraph\"><em>Fuente: Resoluci\u00f3n de 16 de enero de 2024.<\/em><\/p>\n\n\n\n<p class=\"wp-block-paragraph\">Esta tabla es esencial para comprender por qu\u00e9 se considera el no funcionamiento del deslastre como un fallo cr\u00edtico adicional. Muestra los umbrales de frecuencia y los porcentajes de carga que <em>deber\u00edan<\/em> haberse desconectado autom\u00e1ticamente para intentar salvar el sistema. Dada la p\u00e9rdida de generaci\u00f3n del 28,37%, se esperar\u00eda una ca\u00edda significativa de la frecuencia.<\/p>\n\n\n\n<p class=\"wp-block-paragraph\">La evaluaci\u00f3n del fallo del sistema de deslastre es inequ\u00edvoca: si la reserva no actu\u00f3 adecuadamente, tendr\u00eda que haber actuado el deslastre de carga, activando al menos hasta el cuarto escal\u00f3n, a una frecuencia de 48,4 Hz, lo que habr\u00eda deslastrado un 28% de la carga y devuelto el sistema a una condici\u00f3n mucho m\u00e1s estable. Evidentemente, esto tampoco funcion\u00f3, por lo que se constata un nuevo fallo.<\/p>\n\n\n\n<p class=\"wp-block-paragraph\">Se describe as\u00ed una clara cascada de fallos: Disparo del Grupo Generador \u2192 Fallo de las Reservas de Regulaci\u00f3n \u2192 Fallo del Sistema de Deslastre de Cargas \u2192 Cero Energ\u00e9tico. Esta secuencia constituye la espina dorsal t\u00e9cnica del incidente. El fallo de <em>m\u00faltiples<\/em> sistemas de protecci\u00f3n, dise\u00f1ados para actuar en capas sucesivas, sugiere un problema que podr\u00eda ser m\u00e1s profundo que simples errores operativos puntuales. Podr\u00eda indicar deficiencias en el dise\u00f1o coordinado del sistema de protecci\u00f3n, en el mantenimiento de sus componentes cr\u00edticos (como rel\u00e9s de frecuencia e interruptores), en la parametrizaci\u00f3n de estos sistemas autom\u00e1ticos, o incluso en la cultura de seguridad operacional. La llamada a una investigaci\u00f3n imparcial parece altamente justificada por esta falla multinivel.<\/p>\n\n\n\n<p class=\"wp-block-paragraph\">La tabla de deslastre (Tabla 3) muestra escalones de actuaci\u00f3n muy r\u00e1pidos (0,1 segundos de temporizaci\u00f3n para los primeros nueve escalones). Si la frecuencia del sistema cay\u00f3 de manera extremadamente brusca \u2014lo cual es plausible dada la gran magnitud de la p\u00e9rdida de generaci\u00f3n en relaci\u00f3n con la demanda y la probable baja inercia del sistema insular\u2014, es posible que haya atravesado varios umbrales de deslastre tan r\u00e1pidamente que los interruptores no tuvieran tiempo f\u00edsico de operar secuencialmente como estaba previsto. Tambi\u00e9n es concebible que la ca\u00edda de frecuencia fuera tan severa y r\u00e1pida (elevado RoCoF o Tasa de Cambio de la Frecuencia) que incluso una actuaci\u00f3n parcial del deslastre resultara insuficiente para detener la inestabilidad.<\/p>\n\n\n\n<p class=\"wp-block-paragraph\"><strong>5. Discusi\u00f3n sobre la Obsolescencia de los Grupos Generadores<\/strong><\/p>\n\n\n\n<p class=\"wp-block-paragraph\">Una parte fundamental de la reflexi\u00f3n sobre este incidente se dedica a rebatir la idea de que la obsolescencia de los grupos generadores fuera la causa principal del apag\u00f3n del 10 de junio. Esta tesis desaf\u00eda una narrativa que a menudo surge en el contexto de los sistemas el\u00e9ctricos insulares.<\/p>\n\n\n\n<p class=\"wp-block-paragraph\"><strong>5.1. Vida \u00datil Regulatoria (VUR) del Grupo Gas M\u00f3vil 2 y su Implicaci\u00f3n<\/strong><\/p>\n\n\n\n<p class=\"wp-block-paragraph\">Se ha determinado que la obsolescencia de los grupos no fue la causa principal, ya que el grupo que dispar\u00f3, el Gas M\u00f3vil 2, finaliza su Vida \u00datil Regulatoria en 2031 (ver Tabla 1). Por lo tanto, en 2025, fecha del incidente, esta unidad no hab\u00eda alcanzado el final de su VUR y, por ende, no podr\u00eda considerarse obsoleta bajo este criterio formal.<\/p>\n\n\n\n<p class=\"wp-block-paragraph\">Esta afirmaci\u00f3n contrasta con la percepci\u00f3n general y las quejas expresadas, por ejemplo, por el Cabildo de La Palma en una carta al Ministerio para la Transici\u00f3n Ecol\u00f3gica, donde se menciona que la central t\u00e9rmica de Los Guinchos \u00abopera con equipos que superan ampliamente su vida \u00fatil recomendada\u00bb. Es importante notar que no se niega que algunos equipos de la central puedan ser antiguos, sino que el enfoque se centra en que la <em>causa del disparo<\/em> del Gas M\u00f3vil 2 y el <em>subsiguiente colapso<\/em> no pueden atribuirse directamente a la obsolescencia <em>de esa unidad en particular<\/em>. Esta distinci\u00f3n es crucial para un diagn\u00f3stico preciso.<\/p>\n\n\n\n<p class=\"wp-block-paragraph\"><strong>5.2. Contexto Hist\u00f3rico de la VUR y Unidades Operativas<\/strong><\/p>\n\n\n\n<p class=\"wp-block-paragraph\">Para reforzar este argumento, se observa una pr\u00e1ctica hist\u00f3rica en la gesti\u00f3n de la VUR: se puede constatar c\u00f3mo la cuesti\u00f3n de la VUR no es algo que se haya tenido en cuenta de forma tajante en el pasado, ya que existen grupos funcionando que cumplieron su VUR en 1998 y sin embargo contin\u00faan operativos. Esta afirmaci\u00f3n se refiere a los grupos Di\u00e9sel 6 y Di\u00e9sel 7, cuya VUR expir\u00f3 en 1998 seg\u00fan la Tabla 1, y al Di\u00e9sel 8 (VUR expirada en 2000), entre otros.<\/p>\n\n\n\n<p class=\"wp-block-paragraph\">Esto sugiere que la VUR, si bien es un criterio regulatorio y econ\u00f3mico importante, no se ha aplicado hist\u00f3ricamente como un factor determinante y absoluto para la retirada de servicio de las unidades de generaci\u00f3n. La continuidad operativa de grupos que han superado ampliamente su VUR indica que la capacidad t\u00e9cnica puede extenderse m\u00e1s all\u00e1 de este horizonte temporal mediante un mantenimiento adecuado u otras consideraciones operativas.<\/p>\n\n\n\n<p class=\"wp-block-paragraph\"><strong>5.3. La Narrativa de la Obsolescencia versus Fallos en Otras Instalaciones del Sistema<\/strong><\/p>\n\n\n\n<p class=\"wp-block-paragraph\">Es importante adoptar una postura cr\u00edtica hacia lo que se ha denominado \u00abel relato de la obsolescencia de los grupos de generaci\u00f3n\u00bb, consider\u00e1ndolo en ocasiones como \u00abla excusa perfecta para cualquier fallo o anomal\u00eda en estos sistemas\u00bb. En lugar de centrarse \u00fanicamente en la edad de los generadores, se propone que el problema real podr\u00eda residir en \u00abla obsolescencia de las otras instalaciones del sistema, que como se ha visto fallaron estrepitosamente\u00bb. Con esto, se hace referencia inequ\u00edvoca a los sistemas de reserva de regulaci\u00f3n y al sistema de deslastre autom\u00e1tico de cargas, cuya inoperatividad fue determinante en el colapso total.<\/p>\n\n\n\n<p class=\"wp-block-paragraph\">Esta perspectiva es de gran relevancia: si los sistemas de control, protecci\u00f3n y respuesta a emergencias (que pueden tener sus propios problemas de obsolescencia, dise\u00f1o, mantenimiento o parametrizaci\u00f3n, no necesariamente ligados a la edad de los grandes grupos generadores) no operan correctamente, incluso un parque de generaci\u00f3n relativamente moderno podr\u00eda ser vulnerable a apagones generalizados tras una perturbaci\u00f3n inicial. La insistencia en que la \u00abobsolescencia de los grupos\u00bb puede ser una \u00abexcusa perfecta\u00bb podr\u00eda interpretarse como una advertencia de que esta narrativa simplista podr\u00eda estar desviando la atenci\u00f3n \u2014y, consecuentemente, las prioridades de inversi\u00f3n y mejora\u2014 de problemas m\u00e1s complejos, y quiz\u00e1s m\u00e1s costosos o dif\u00edciles de abordar, en los sistemas de control, protecci\u00f3n y operaci\u00f3n de la red, o incluso en la planificaci\u00f3n integral del sistema. Si la narrativa de la obsolescencia de los generadores ha sido dominante, esto podr\u00eda haber conducido a un enfoque en la sustituci\u00f3n de grandes unidades de generaci\u00f3n, descuidando la modernizaci\u00f3n y el robustecimiento de los sistemas de automatizaci\u00f3n, control y protecci\u00f3n que se identifican como los que realmente fallaron en esta ocasi\u00f3n.<\/p>\n\n\n\n<p class=\"wp-block-paragraph\"><strong>6. Vulnerabilidades Sist\u00e9micas y Necesidad de Diagn\u00f3stico Preciso<\/strong><\/p>\n\n\n\n<p class=\"wp-block-paragraph\">El an\u00e1lisis del incidente del 10 de junio no solo detalla los fallos t\u00e9cnicos, sino que tambi\u00e9n apunta hacia debilidades estructurales en el sistema el\u00e9ctrico de La Palma y subraya la imperiosa necesidad de un enfoque diagn\u00f3stico riguroso y certero.<\/p>\n\n\n\n<p class=\"wp-block-paragraph\"><strong>6.1. Recapitulaci\u00f3n de los Fallos Concatenados<\/strong><\/p>\n\n\n\n<p class=\"wp-block-paragraph\">Se enfatiza que el cero energ\u00e9tico no fue un evento simple, sino el resultado de una secuencia de fallos interconectados. La cadena se inici\u00f3 con el disparo de un grupo generador importante, pero la criticidad del evento se magnific\u00f3 por el subsiguiente mal funcionamiento de los mecanismos de reserva de regulaci\u00f3n (primaria, secundaria y terciaria) y, finalmente, por la no actuaci\u00f3n o actuaci\u00f3n ineficaz del sistema de deslastre autom\u00e1tico de cargas. Esta concatenaci\u00f3n de fallos en las sucesivas barreras de protecci\u00f3n del sistema es el n\u00facleo de la vulnerabilidad que qued\u00f3 expuesta durante el incidente.<\/p>\n\n\n\n<p class=\"wp-block-paragraph\"><strong>6.2. La Importancia de un An\u00e1lisis Imparcial para Identificar las Causas Ra\u00edz<\/strong><\/p>\n\n\n\n<p class=\"wp-block-paragraph\">La conclusi\u00f3n fundamental y m\u00e1s apremiante se resume en una pregunta cargada de significado: \u00abSi no somos capaces de diagnosticar el problema de manera adecuada, \u00bfC\u00f3mo vamos a ser capaces de aportar la soluci\u00f3n?\u00bb. Esta reflexi\u00f3n subraya la futilidad de intentar resolver problemas complejos sin una comprensi\u00f3n cabal de sus causas fundamentales.<\/p>\n\n\n\n<p class=\"wp-block-paragraph\">Por ello, se recalca la necesidad de que \u00abuna entidad imparcial y altamente cualificada exponga los problemas en su justa dimensi\u00f3n y medida\u00bb. Esta es una llamada expl\u00edcita a la realizaci\u00f3n de una investigaci\u00f3n t\u00e9cnica independiente, profunda y objetiva, que vaya m\u00e1s all\u00e1 de las explicaciones superficiales o de las narrativas preestablecidas. La petici\u00f3n de una \u00abentidad imparcial y altamente cualificada\u00bb puede interpretarse como una cr\u00edtica impl\u00edcita a la capacidad o voluntad de las entidades actualmente responsables de realizar un autodiagn\u00f3stico completamente transparente y exhaustivo, o al menos como una sugerencia de que la confianza p\u00fablica y la credibilidad de las soluciones propuestas requieren una validaci\u00f3n externa e independiente. Esta necesidad de una investigaci\u00f3n a fondo se ve reforzada por el hecho de que el propio director general de la empresa el\u00e9ctrica consider\u00f3 p\u00fablicamente que \u00abno es normal que se vaya un grupo y le acompa\u00f1en todos los dem\u00e1s\u201d, anunciando la apertura de investigaciones.<\/p>\n\n\n\n<p class=\"wp-block-paragraph\"><strong>6.3. Contexto de Incidentes Recurrentes y Preocupaci\u00f3n Institucional<\/strong><\/p>\n\n\n\n<p class=\"wp-block-paragraph\">El an\u00e1lisis t\u00e9cnico, aunque centrado espec\u00edficamente en el evento del 10 de junio, adquiere una resonancia mayor al considerarse en el contexto del historial reciente de apagones en La Palma. La preocupaci\u00f3n por esta situaci\u00f3n ha escalado a nivel institucional, llevando al Cabildo de La Palma a expresar formalmente su inquietud al Ministerio para la Transici\u00f3n Ecol\u00f3gica y el Reto Demogr\u00e1fico. En esta comunicaci\u00f3n, el Cabildo ha llegado a reclamar la intervenci\u00f3n del Estado y la declaraci\u00f3n de emergencia energ\u00e9tica para la isla.<\/p>\n\n\n\n<p class=\"wp-block-paragraph\">En diversas comunicaciones, se ha hecho referencia a la \u00abreiterada inestabilidad del suministro el\u00e9ctrico\u00bb <sup>4<\/sup>, a \u00abfallos estructurales en la red de generaci\u00f3n y distribuci\u00f3n, envejecida y carente de la necesaria inversi\u00f3n\u00bb, y se ha se\u00f1alado que La Palma es la \u00ab\u00fanica isla sin planes alternativos\u00bb o que no ha sido incluida en la declaraci\u00f3n de emergencia energ\u00e9tica como s\u00ed lo han sido otras islas del archipi\u00e9lago. Estos elementos externos, aunque no forman parte directa de este an\u00e1lisis t\u00e9cnico, proporcionan un contexto de urgencia y malestar que subraya la relevancia de las conclusiones sobre la necesidad de un diagn\u00f3stico preciso y la implementaci\u00f3n de soluciones efectivas y duraderas. Las preocupaciones del Cabildo sobre la falta de inversi\u00f3n, la infraestructura envejecida y la aparente exclusi\u00f3n de planes de emergencia se alinean con la idea de que existen problemas sist\u00e9micos. Aunque aqu\u00ed se enfocan fallos operativos espec\u00edficos, estos bien podr\u00edan ser s\u00edntomas de las deficiencias estructurales m\u00e1s amplias que preocupan a las autoridades insulares.<\/p>\n\n\n\n<p class=\"wp-block-paragraph\">El diagn\u00f3stico que apunta al fallo de los sistemas de control y protecci\u00f3n y no meramente a la obsolescencia de un generador, tiene implicaciones significativas para la planificaci\u00f3n futura y las inversiones en el sistema el\u00e9ctrico de La Palma, y potencialmente en otros sistemas insulares con caracter\u00edsticas similares. Podr\u00eda significar la necesidad de priorizar la modernizaci\u00f3n de la automatizaci\u00f3n, las protecciones, los sistemas de comunicaci\u00f3n y las redes inteligentes, en paralelo o incluso por encima de la simple sustituci\u00f3n de unidades de generaci\u00f3n.<\/p>\n\n\n\n<p class=\"wp-block-paragraph\"><strong>7. Conclusiones del An\u00e1lisis<\/strong><\/p>\n\n\n\n<p class=\"wp-block-paragraph\">El an\u00e1lisis del cero energ\u00e9tico ocurrido en La Palma el 10 de junio de 2025 permite extraer las siguientes conclusiones t\u00e9cnicas principales:<\/p>\n\n\n\n<ol start=\"1\" class=\"wp-block-list\">\n<li><strong>La obsolescencia del grupo generador iniciador no fue la causa primordial:<\/strong> Contrariamente a posibles narrativas simplificadoras, el grupo Gas M\u00f3vil 2, cuyo disparo desencaden\u00f3 el incidente, no se encontraba al final de su Vida \u00datil Regulatoria (VUR), la cual se extend\u00eda significativamente m\u00e1s all\u00e1 de la fecha del suceso. La operatividad de otros grupos mucho m\u00e1s antiguos en la misma central refuerza este punto.<\/li>\n\n\n\n<li><strong>Fallos secuenciales y catastr\u00f3ficos en los mecanismos de seguridad y control:<\/strong> La causa fundamental del apag\u00f3n total radica en el fallo concatenado de las capas de protecci\u00f3n del sistema el\u00e9ctrico. Espec\u00edficamente:\n<ul class=\"wp-block-list\">\n<li>Las reservas de regulaci\u00f3n (primaria, secundaria y terciaria), dise\u00f1adas para estabilizar el sistema tras la p\u00e9rdida de generaci\u00f3n, no respondieron de manera adecuada o eficiente.<\/li>\n\n\n\n<li>Posteriormente, el sistema de deslastre autom\u00e1tico de cargas, que representa la \u00faltima l\u00ednea de defensa para evitar un colapso mediante la desconexi\u00f3n selectiva de demanda, tampoco funcion\u00f3 conforme a su dise\u00f1o y programaci\u00f3n.<\/li>\n<\/ul>\n<\/li>\n\n\n\n<li><strong>Necesidad de reevaluar la narrativa de la obsolescencia:<\/strong> Se argumenta de forma convincente que la focalizaci\u00f3n exclusiva en la obsolescencia de los grupos de generaci\u00f3n puede enmascarar deficiencias cr\u00edticas en otras partes del sistema el\u00e9ctrico. Estas incluyen las instalaciones de control, los sistemas de protecci\u00f3n, los automatismos y los procedimientos operativos de emergencia, cuyo correcto funcionamiento es vital para la resiliencia de la red. El evento del 10 de junio fue, en esencia, un fallo de la \u00abinteligencia\u00bb y los \u00abreflejos\u00bb del sistema, no simplemente de su capacidad de generaci\u00f3n bruta o de la antig\u00fcedad de un componente aislado.<\/li>\n\n\n\n<li><strong>Urgencia de un diagn\u00f3stico t\u00e9cnico profundo e imparcial:<\/strong> La conclusi\u00f3n m\u00e1s perentoria es la necesidad cr\u00edtica de un diagn\u00f3stico t\u00e9cnico exhaustivo, realizado por una entidad independiente y altamente cualificada. Solo a trav\u00e9s de un an\u00e1lisis riguroso que identifique con precisi\u00f3n las causas ra\u00edz de estas fallas sist\u00e9micas ser\u00e1 posible dise\u00f1ar e implementar soluciones efectivas y duraderas que garanticen la estabilidad y fiabilidad del suministro el\u00e9ctrico en La Palma. Esta recomendaci\u00f3n de una investigaci\u00f3n imparcial es el paso adelante m\u00e1s crucial que se deriva de este an\u00e1lisis.<\/li>\n\n\n\n<li><strong>Vulnerabilidad de los sistemas aislados y criticidad de las protecciones:<\/strong> El incidente del 10 de junio subraya la inherente vulnerabilidad de los sistemas el\u00e9ctricos aislados, donde la p\u00e9rdida de una unidad de generaci\u00f3n importante puede tener consecuencias desproporcionadas. Asimismo, pone de manifiesto la importancia cr\u00edtica de la correcta planificaci\u00f3n, dise\u00f1o, implementaci\u00f3n, pruebas y mantenimiento riguroso de todas las capas de protecci\u00f3n y control del sistema.<\/li>\n<\/ol>\n\n\n\n<p class=\"wp-block-paragraph\">En definitiva, el an\u00e1lisis del cero energ\u00e9tico de La Palma ofrece una perspectiva t\u00e9cnica que trasciende las explicaciones superficiales y apunta a la necesidad de una revisi\u00f3n integral de la seguridad y operatividad del sistema el\u00e9ctrico insular, un desaf\u00edo que nos concierne a todos<\/p>\n","protected":false},"excerpt":{"rendered":"<p>Informe Detallado sobre el Cero Energ\u00e9tico en La Palma del 10 de junio de 2025: Un An\u00e1lisis Profundo de los Fallos Sist\u00e9micos 1. Resumen Ejecutivo Este informe t\u00e9cnico busca arrojar luz sobre el incidente de cero energ\u00e9tico que afect\u00f3 profundamente a la isla de La Palma el 10 de junio de 2025. El evento, que [&hellip;]<\/p>\n","protected":false},"author":1,"featured_media":1138,"comment_status":"open","ping_status":"open","sticky":false,"template":"","format":"standard","meta":{"footnotes":""},"categories":[36],"tags":[],"class_list":["post-1137","post","type-post","status-publish","format-standard","has-post-thumbnail","category-sistema-electrico"],"yoast_head":"<!-- This site is optimized with the Yoast SEO plugin v28.2 - https:\/\/yoast.com\/product\/yoast-seo-wordpress\/ -->\n<title>Disecci\u00f3n de un cero - Salto Ecol\u00f3gico<\/title>\n<meta name=\"robots\" content=\"index, follow, max-snippet:-1, max-image-preview:large, max-video-preview:-1\" \/>\n<link rel=\"canonical\" href=\"https:\/\/saltoecologico.es\/index.php\/2025\/06\/17\/diseccion-de-un-cero\/\" \/>\n<meta property=\"og:locale\" content=\"es_ES\" \/>\n<meta property=\"og:type\" content=\"article\" \/>\n<meta property=\"og:title\" content=\"Disecci\u00f3n de un cero - Salto Ecol\u00f3gico\" \/>\n<meta property=\"og:description\" content=\"Informe Detallado sobre el Cero Energ\u00e9tico en La Palma del 10 de junio de 2025: Un An\u00e1lisis Profundo de los Fallos Sist\u00e9micos 1. Resumen Ejecutivo Este informe t\u00e9cnico busca arrojar luz sobre el incidente de cero energ\u00e9tico que afect\u00f3 profundamente a la isla de La Palma el 10 de junio de 2025. El evento, que [&hellip;]\" \/>\n<meta property=\"og:url\" content=\"https:\/\/saltoecologico.es\/index.php\/2025\/06\/17\/diseccion-de-un-cero\/\" \/>\n<meta property=\"og:site_name\" content=\"Salto Ecol\u00f3gico\" \/>\n<meta property=\"article:publisher\" content=\"https:\/\/www.facebook.com\/Saltotransicionecologica\" \/>\n<meta property=\"article:published_time\" content=\"2025-06-17T18:11:56+00:00\" \/>\n<meta property=\"article:modified_time\" content=\"2025-06-17T18:17:11+00:00\" \/>\n<meta property=\"og:image\" content=\"https:\/\/saltoecologico.es\/wp-content\/uploads\/2025\/06\/Informe.jpg\" \/>\n\t<meta property=\"og:image:width\" content=\"1024\" \/>\n\t<meta property=\"og:image:height\" content=\"683\" \/>\n\t<meta property=\"og:image:type\" content=\"image\/jpeg\" \/>\n<meta name=\"author\" content=\"admin\" \/>\n<meta name=\"twitter:card\" content=\"summary_large_image\" \/>\n<meta name=\"twitter:label1\" content=\"Escrito por\" \/>\n\t<meta name=\"twitter:data1\" content=\"admin\" \/>\n\t<meta name=\"twitter:label2\" content=\"Tiempo de lectura\" \/>\n\t<meta name=\"twitter:data2\" content=\"26 minutos\" \/>\n<script type=\"application\/ld+json\" class=\"yoast-schema-graph\">{\"@context\":\"https:\\\/\\\/schema.org\",\"@graph\":[{\"@type\":\"Article\",\"@id\":\"https:\\\/\\\/saltoecologico.es\\\/index.php\\\/2025\\\/06\\\/17\\\/diseccion-de-un-cero\\\/#article\",\"isPartOf\":{\"@id\":\"https:\\\/\\\/saltoecologico.es\\\/index.php\\\/2025\\\/06\\\/17\\\/diseccion-de-un-cero\\\/\"},\"author\":{\"name\":\"admin\",\"@id\":\"https:\\\/\\\/saltoecologico.es\\\/#\\\/schema\\\/person\\\/7175eec4b3c123d86c675313c3a01a0b\"},\"headline\":\"Disecci\u00f3n de un cero\",\"datePublished\":\"2025-06-17T18:11:56+00:00\",\"dateModified\":\"2025-06-17T18:17:11+00:00\",\"mainEntityOfPage\":{\"@id\":\"https:\\\/\\\/saltoecologico.es\\\/index.php\\\/2025\\\/06\\\/17\\\/diseccion-de-un-cero\\\/\"},\"wordCount\":5228,\"commentCount\":0,\"publisher\":{\"@id\":\"https:\\\/\\\/saltoecologico.es\\\/#organization\"},\"image\":{\"@id\":\"https:\\\/\\\/saltoecologico.es\\\/index.php\\\/2025\\\/06\\\/17\\\/diseccion-de-un-cero\\\/#primaryimage\"},\"thumbnailUrl\":\"https:\\\/\\\/saltoecologico.es\\\/wp-content\\\/uploads\\\/2025\\\/06\\\/Informe.jpg\",\"articleSection\":[\"Sistema el\u00e9ctrico\"],\"inLanguage\":\"es\",\"potentialAction\":[{\"@type\":\"CommentAction\",\"name\":\"Comment\",\"target\":[\"https:\\\/\\\/saltoecologico.es\\\/index.php\\\/2025\\\/06\\\/17\\\/diseccion-de-un-cero\\\/#respond\"]}]},{\"@type\":\"WebPage\",\"@id\":\"https:\\\/\\\/saltoecologico.es\\\/index.php\\\/2025\\\/06\\\/17\\\/diseccion-de-un-cero\\\/\",\"url\":\"https:\\\/\\\/saltoecologico.es\\\/index.php\\\/2025\\\/06\\\/17\\\/diseccion-de-un-cero\\\/\",\"name\":\"Disecci\u00f3n de un cero - Salto Ecol\u00f3gico\",\"isPartOf\":{\"@id\":\"https:\\\/\\\/saltoecologico.es\\\/#website\"},\"primaryImageOfPage\":{\"@id\":\"https:\\\/\\\/saltoecologico.es\\\/index.php\\\/2025\\\/06\\\/17\\\/diseccion-de-un-cero\\\/#primaryimage\"},\"image\":{\"@id\":\"https:\\\/\\\/saltoecologico.es\\\/index.php\\\/2025\\\/06\\\/17\\\/diseccion-de-un-cero\\\/#primaryimage\"},\"thumbnailUrl\":\"https:\\\/\\\/saltoecologico.es\\\/wp-content\\\/uploads\\\/2025\\\/06\\\/Informe.jpg\",\"datePublished\":\"2025-06-17T18:11:56+00:00\",\"dateModified\":\"2025-06-17T18:17:11+00:00\",\"breadcrumb\":{\"@id\":\"https:\\\/\\\/saltoecologico.es\\\/index.php\\\/2025\\\/06\\\/17\\\/diseccion-de-un-cero\\\/#breadcrumb\"},\"inLanguage\":\"es\",\"potentialAction\":[{\"@type\":\"ReadAction\",\"target\":[\"https:\\\/\\\/saltoecologico.es\\\/index.php\\\/2025\\\/06\\\/17\\\/diseccion-de-un-cero\\\/\"]}]},{\"@type\":\"ImageObject\",\"inLanguage\":\"es\",\"@id\":\"https:\\\/\\\/saltoecologico.es\\\/index.php\\\/2025\\\/06\\\/17\\\/diseccion-de-un-cero\\\/#primaryimage\",\"url\":\"https:\\\/\\\/saltoecologico.es\\\/wp-content\\\/uploads\\\/2025\\\/06\\\/Informe.jpg\",\"contentUrl\":\"https:\\\/\\\/saltoecologico.es\\\/wp-content\\\/uploads\\\/2025\\\/06\\\/Informe.jpg\",\"width\":1024,\"height\":683},{\"@type\":\"BreadcrumbList\",\"@id\":\"https:\\\/\\\/saltoecologico.es\\\/index.php\\\/2025\\\/06\\\/17\\\/diseccion-de-un-cero\\\/#breadcrumb\",\"itemListElement\":[{\"@type\":\"ListItem\",\"position\":1,\"name\":\"Portada\",\"item\":\"https:\\\/\\\/saltoecologico.es\\\/\"},{\"@type\":\"ListItem\",\"position\":2,\"name\":\"Disecci\u00f3n de un cero\"}]},{\"@type\":\"WebSite\",\"@id\":\"https:\\\/\\\/saltoecologico.es\\\/#website\",\"url\":\"https:\\\/\\\/saltoecologico.es\\\/\",\"name\":\"Salto Ecol\u00f3gico\",\"description\":\"\",\"publisher\":{\"@id\":\"https:\\\/\\\/saltoecologico.es\\\/#organization\"},\"potentialAction\":[{\"@type\":\"SearchAction\",\"target\":{\"@type\":\"EntryPoint\",\"urlTemplate\":\"https:\\\/\\\/saltoecologico.es\\\/?s={search_term_string}\"},\"query-input\":{\"@type\":\"PropertyValueSpecification\",\"valueRequired\":true,\"valueName\":\"search_term_string\"}}],\"inLanguage\":\"es\"},{\"@type\":\"Organization\",\"@id\":\"https:\\\/\\\/saltoecologico.es\\\/#organization\",\"name\":\"Salto a la Transici\u00f3n Ecol\u00f3gica\",\"url\":\"https:\\\/\\\/saltoecologico.es\\\/\",\"logo\":{\"@type\":\"ImageObject\",\"inLanguage\":\"es\",\"@id\":\"https:\\\/\\\/saltoecologico.es\\\/#\\\/schema\\\/logo\\\/image\\\/\",\"url\":\"https:\\\/\\\/saltoecologico.es\\\/wp-content\\\/uploads\\\/2025\\\/04\\\/Logo-STE.jpg\",\"contentUrl\":\"https:\\\/\\\/saltoecologico.es\\\/wp-content\\\/uploads\\\/2025\\\/04\\\/Logo-STE.jpg\",\"width\":435,\"height\":435,\"caption\":\"Salto a la Transici\u00f3n Ecol\u00f3gica\"},\"image\":{\"@id\":\"https:\\\/\\\/saltoecologico.es\\\/#\\\/schema\\\/logo\\\/image\\\/\"},\"sameAs\":[\"https:\\\/\\\/www.facebook.com\\\/Saltotransicionecologica\"]},{\"@type\":\"Person\",\"@id\":\"https:\\\/\\\/saltoecologico.es\\\/#\\\/schema\\\/person\\\/7175eec4b3c123d86c675313c3a01a0b\",\"name\":\"admin\",\"image\":{\"@type\":\"ImageObject\",\"inLanguage\":\"es\",\"@id\":\"https:\\\/\\\/secure.gravatar.com\\\/avatar\\\/4c215dc57bbc7b2f2f470ac9bd197f3f112636a584e575a732d0206a2d9c9806?s=96&d=mm&r=g\",\"url\":\"https:\\\/\\\/secure.gravatar.com\\\/avatar\\\/4c215dc57bbc7b2f2f470ac9bd197f3f112636a584e575a732d0206a2d9c9806?s=96&d=mm&r=g\",\"contentUrl\":\"https:\\\/\\\/secure.gravatar.com\\\/avatar\\\/4c215dc57bbc7b2f2f470ac9bd197f3f112636a584e575a732d0206a2d9c9806?s=96&d=mm&r=g\",\"caption\":\"admin\"},\"sameAs\":[\"https:\\\/\\\/saltoecologico.es\"],\"url\":\"https:\\\/\\\/saltoecologico.es\\\/index.php\\\/author\\\/saltoecologico\\\/\"}]}<\/script>\n<!-- \/ Yoast SEO plugin. -->","yoast_head_json":{"title":"Disecci\u00f3n de un cero - Salto Ecol\u00f3gico","robots":{"index":"index","follow":"follow","max-snippet":"max-snippet:-1","max-image-preview":"max-image-preview:large","max-video-preview":"max-video-preview:-1"},"canonical":"https:\/\/saltoecologico.es\/index.php\/2025\/06\/17\/diseccion-de-un-cero\/","og_locale":"es_ES","og_type":"article","og_title":"Disecci\u00f3n de un cero - Salto Ecol\u00f3gico","og_description":"Informe Detallado sobre el Cero Energ\u00e9tico en La Palma del 10 de junio de 2025: Un An\u00e1lisis Profundo de los Fallos Sist\u00e9micos 1. Resumen Ejecutivo Este informe t\u00e9cnico busca arrojar luz sobre el incidente de cero energ\u00e9tico que afect\u00f3 profundamente a la isla de La Palma el 10 de junio de 2025. El evento, que [&hellip;]","og_url":"https:\/\/saltoecologico.es\/index.php\/2025\/06\/17\/diseccion-de-un-cero\/","og_site_name":"Salto Ecol\u00f3gico","article_publisher":"https:\/\/www.facebook.com\/Saltotransicionecologica","article_published_time":"2025-06-17T18:11:56+00:00","article_modified_time":"2025-06-17T18:17:11+00:00","og_image":[{"width":1024,"height":683,"url":"https:\/\/saltoecologico.es\/wp-content\/uploads\/2025\/06\/Informe.jpg","type":"image\/jpeg"}],"author":"admin","twitter_card":"summary_large_image","twitter_misc":{"Escrito por":"admin","Tiempo de lectura":"26 minutos"},"schema":{"@context":"https:\/\/schema.org","@graph":[{"@type":"Article","@id":"https:\/\/saltoecologico.es\/index.php\/2025\/06\/17\/diseccion-de-un-cero\/#article","isPartOf":{"@id":"https:\/\/saltoecologico.es\/index.php\/2025\/06\/17\/diseccion-de-un-cero\/"},"author":{"name":"admin","@id":"https:\/\/saltoecologico.es\/#\/schema\/person\/7175eec4b3c123d86c675313c3a01a0b"},"headline":"Disecci\u00f3n de un cero","datePublished":"2025-06-17T18:11:56+00:00","dateModified":"2025-06-17T18:17:11+00:00","mainEntityOfPage":{"@id":"https:\/\/saltoecologico.es\/index.php\/2025\/06\/17\/diseccion-de-un-cero\/"},"wordCount":5228,"commentCount":0,"publisher":{"@id":"https:\/\/saltoecologico.es\/#organization"},"image":{"@id":"https:\/\/saltoecologico.es\/index.php\/2025\/06\/17\/diseccion-de-un-cero\/#primaryimage"},"thumbnailUrl":"https:\/\/saltoecologico.es\/wp-content\/uploads\/2025\/06\/Informe.jpg","articleSection":["Sistema el\u00e9ctrico"],"inLanguage":"es","potentialAction":[{"@type":"CommentAction","name":"Comment","target":["https:\/\/saltoecologico.es\/index.php\/2025\/06\/17\/diseccion-de-un-cero\/#respond"]}]},{"@type":"WebPage","@id":"https:\/\/saltoecologico.es\/index.php\/2025\/06\/17\/diseccion-de-un-cero\/","url":"https:\/\/saltoecologico.es\/index.php\/2025\/06\/17\/diseccion-de-un-cero\/","name":"Disecci\u00f3n de un cero - Salto Ecol\u00f3gico","isPartOf":{"@id":"https:\/\/saltoecologico.es\/#website"},"primaryImageOfPage":{"@id":"https:\/\/saltoecologico.es\/index.php\/2025\/06\/17\/diseccion-de-un-cero\/#primaryimage"},"image":{"@id":"https:\/\/saltoecologico.es\/index.php\/2025\/06\/17\/diseccion-de-un-cero\/#primaryimage"},"thumbnailUrl":"https:\/\/saltoecologico.es\/wp-content\/uploads\/2025\/06\/Informe.jpg","datePublished":"2025-06-17T18:11:56+00:00","dateModified":"2025-06-17T18:17:11+00:00","breadcrumb":{"@id":"https:\/\/saltoecologico.es\/index.php\/2025\/06\/17\/diseccion-de-un-cero\/#breadcrumb"},"inLanguage":"es","potentialAction":[{"@type":"ReadAction","target":["https:\/\/saltoecologico.es\/index.php\/2025\/06\/17\/diseccion-de-un-cero\/"]}]},{"@type":"ImageObject","inLanguage":"es","@id":"https:\/\/saltoecologico.es\/index.php\/2025\/06\/17\/diseccion-de-un-cero\/#primaryimage","url":"https:\/\/saltoecologico.es\/wp-content\/uploads\/2025\/06\/Informe.jpg","contentUrl":"https:\/\/saltoecologico.es\/wp-content\/uploads\/2025\/06\/Informe.jpg","width":1024,"height":683},{"@type":"BreadcrumbList","@id":"https:\/\/saltoecologico.es\/index.php\/2025\/06\/17\/diseccion-de-un-cero\/#breadcrumb","itemListElement":[{"@type":"ListItem","position":1,"name":"Portada","item":"https:\/\/saltoecologico.es\/"},{"@type":"ListItem","position":2,"name":"Disecci\u00f3n de un cero"}]},{"@type":"WebSite","@id":"https:\/\/saltoecologico.es\/#website","url":"https:\/\/saltoecologico.es\/","name":"Salto Ecol\u00f3gico","description":"","publisher":{"@id":"https:\/\/saltoecologico.es\/#organization"},"potentialAction":[{"@type":"SearchAction","target":{"@type":"EntryPoint","urlTemplate":"https:\/\/saltoecologico.es\/?s={search_term_string}"},"query-input":{"@type":"PropertyValueSpecification","valueRequired":true,"valueName":"search_term_string"}}],"inLanguage":"es"},{"@type":"Organization","@id":"https:\/\/saltoecologico.es\/#organization","name":"Salto a la Transici\u00f3n Ecol\u00f3gica","url":"https:\/\/saltoecologico.es\/","logo":{"@type":"ImageObject","inLanguage":"es","@id":"https:\/\/saltoecologico.es\/#\/schema\/logo\/image\/","url":"https:\/\/saltoecologico.es\/wp-content\/uploads\/2025\/04\/Logo-STE.jpg","contentUrl":"https:\/\/saltoecologico.es\/wp-content\/uploads\/2025\/04\/Logo-STE.jpg","width":435,"height":435,"caption":"Salto a la Transici\u00f3n Ecol\u00f3gica"},"image":{"@id":"https:\/\/saltoecologico.es\/#\/schema\/logo\/image\/"},"sameAs":["https:\/\/www.facebook.com\/Saltotransicionecologica"]},{"@type":"Person","@id":"https:\/\/saltoecologico.es\/#\/schema\/person\/7175eec4b3c123d86c675313c3a01a0b","name":"admin","image":{"@type":"ImageObject","inLanguage":"es","@id":"https:\/\/secure.gravatar.com\/avatar\/4c215dc57bbc7b2f2f470ac9bd197f3f112636a584e575a732d0206a2d9c9806?s=96&d=mm&r=g","url":"https:\/\/secure.gravatar.com\/avatar\/4c215dc57bbc7b2f2f470ac9bd197f3f112636a584e575a732d0206a2d9c9806?s=96&d=mm&r=g","contentUrl":"https:\/\/secure.gravatar.com\/avatar\/4c215dc57bbc7b2f2f470ac9bd197f3f112636a584e575a732d0206a2d9c9806?s=96&d=mm&r=g","caption":"admin"},"sameAs":["https:\/\/saltoecologico.es"],"url":"https:\/\/saltoecologico.es\/index.php\/author\/saltoecologico\/"}]}},"_links":{"self":[{"href":"https:\/\/saltoecologico.es\/index.php\/wp-json\/wp\/v2\/posts\/1137","targetHints":{"allow":["GET"]}}],"collection":[{"href":"https:\/\/saltoecologico.es\/index.php\/wp-json\/wp\/v2\/posts"}],"about":[{"href":"https:\/\/saltoecologico.es\/index.php\/wp-json\/wp\/v2\/types\/post"}],"author":[{"embeddable":true,"href":"https:\/\/saltoecologico.es\/index.php\/wp-json\/wp\/v2\/users\/1"}],"replies":[{"embeddable":true,"href":"https:\/\/saltoecologico.es\/index.php\/wp-json\/wp\/v2\/comments?post=1137"}],"version-history":[{"count":4,"href":"https:\/\/saltoecologico.es\/index.php\/wp-json\/wp\/v2\/posts\/1137\/revisions"}],"predecessor-version":[{"id":1144,"href":"https:\/\/saltoecologico.es\/index.php\/wp-json\/wp\/v2\/posts\/1137\/revisions\/1144"}],"wp:featuredmedia":[{"embeddable":true,"href":"https:\/\/saltoecologico.es\/index.php\/wp-json\/wp\/v2\/media\/1138"}],"wp:attachment":[{"href":"https:\/\/saltoecologico.es\/index.php\/wp-json\/wp\/v2\/media?parent=1137"}],"wp:term":[{"taxonomy":"category","embeddable":true,"href":"https:\/\/saltoecologico.es\/index.php\/wp-json\/wp\/v2\/categories?post=1137"},{"taxonomy":"post_tag","embeddable":true,"href":"https:\/\/saltoecologico.es\/index.php\/wp-json\/wp\/v2\/tags?post=1137"}],"curies":[{"name":"wp","href":"https:\/\/api.w.org\/{rel}","templated":true}]}}