{"id":1145,"date":"2025-06-18T09:12:51","date_gmt":"2025-06-18T09:12:51","guid":{"rendered":"https:\/\/saltoecologico.es\/?p=1145"},"modified":"2025-06-18T09:28:50","modified_gmt":"2025-06-18T09:28:50","slug":"informe-del-cero-peninsular","status":"publish","type":"post","link":"https:\/\/saltoecologico.es\/index.php\/2025\/06\/18\/informe-del-cero-peninsular\/","title":{"rendered":"Informe del \u00abcero\u00bb peninsular."},"content":{"rendered":"\n<h2 class=\"wp-block-heading\"><strong>Lecciones de un colapso: el informe del Comit\u00e9 sobre la Crisis El\u00e9ctrica del 28 de abril<\/strong><\/h2>\n\n\n\n<p class=\"wp-block-paragraph\">El pasado <strong>28 de abril de 2025<\/strong>, a las <strong>12:33:30<\/strong>, el sistema el\u00e9ctrico de Espa\u00f1a y Portugal sufri\u00f3 un evento sin precedentes: un <strong>cero de tensi\u00f3n generalizado<\/strong> que desconect\u00f3 a la pen\u00ednsula ib\u00e9rica del sistema interconectado europeo. Ante la gravedad del incidente, el Consejo de Seguridad Nacional constituy\u00f3 de urgencia un comit\u00e9 multidisciplinar para analizar en profundidad lo ocurrido. Hoy, ya disponemos del informe no confidencial de ese grupo de trabajo, conocido como <strong>Comit\u00e9 28-A<\/strong>, y sus conclusiones merecen una reflexi\u00f3n sosegada pero firme.<\/p>\n\n\n\n<h3 class=\"wp-block-heading\">Una causa multifactorial, no un fallo \u00fanico<\/h3>\n\n\n\n<p class=\"wp-block-paragraph\">El informe es claro en su diagn\u00f3stico: no hubo un \u00fanico error, sino una <strong>concatenaci\u00f3n de circunstancias<\/strong> que, sumadas, derivaron en un colapso total. La causa inmediata fue una <strong>reacci\u00f3n en cadena de sobretensiones<\/strong>, generadas por desconexiones sucesivas de generaci\u00f3n el\u00e9ctrica, que provocaron nuevas desconexiones hasta vaciar de tensi\u00f3n la red.<\/p>\n\n\n\n<p class=\"wp-block-paragraph\">Y, aunque las redes sociales y algunos titulares alarmistas apuntaron inicialmente a la posibilidad de un ciberataque, el <strong>Grupo de Trabajo de Ciberseguridad<\/strong> descarta rotundamente esa hip\u00f3tesis: <strong>no hay indicio alguno de intromisi\u00f3n maliciosa<\/strong>.<\/p>\n\n\n\n<h3 class=\"wp-block-heading\">\u00bfQu\u00e9 factores contribuyeron al desastre?<\/h3>\n\n\n\n<p class=\"wp-block-paragraph\">El informe identifica varias debilidades estructurales y operativas que hicieron al sistema vulnerable:<\/p>\n\n\n\n<ol class=\"wp-block-list\">\n<li><strong>D\u00e9ficit de control din\u00e1mico de tensi\u00f3n<\/strong>: Faltaban grupos t\u00e9rmicos acoplados capaces de absorber energ\u00eda reactiva y estabilizar la tensi\u00f3n en caso de perturbaciones. Incluso algunos de los que estaban conectados no actuaron conforme a lo esperado.<\/li>\n\n\n\n<li><strong>Oscilaciones previas<\/strong>: En la hora anterior al colapso se registraron varias <strong>oscilaciones r\u00edtmicas de gran amplitud<\/strong>, algunas de origen local y otras compartidas con el continente. Las medidas adoptadas por el operador del sistema para contenerlas, lejos de ayudar, <strong>contribuyeron a elevar a\u00fan m\u00e1s la tensi\u00f3n<\/strong>.<\/li>\n\n\n\n<li><strong>Desconexiones prematuras de generaci\u00f3n renovable<\/strong>: Se detect\u00f3 que algunas instalaciones se desconectaron <strong>antes de alcanzar los niveles de tensi\u00f3n previstos para su desconexi\u00f3n<\/strong>, lo que precipit\u00f3 la p\u00e9rdida de m\u00e1s de <strong>1.600 MW en segundos<\/strong>.<\/li>\n<\/ol>\n\n\n\n<h3 class=\"wp-block-heading\">La secuencia del colapso: minuto a minuto<\/h3>\n\n\n\n<p class=\"wp-block-paragraph\">El Comit\u00e9 estructura los hechos en cinco fases:<\/p>\n\n\n\n<ul class=\"wp-block-list\">\n<li><strong>Fase 0 (ma\u00f1ana del 28)<\/strong>: Oscilaciones de tensi\u00f3n an\u00f3malas ya advertidas por varios agentes.<\/li>\n\n\n\n<li><strong>Fase 1 (12:00-12:30)<\/strong>: Dos grandes oscilaciones llevan al operador a modificar el mallado de la red.<\/li>\n\n\n\n<li><strong>Fase 2 (12:32:00 &#8211; 12:33:18)<\/strong>: Aumento sostenido de tensi\u00f3n. A las 12:33:17 se supera el umbral cr\u00edtico y comienzan las desconexiones masivas.<\/li>\n\n\n\n<li><strong>Fase 3 (12:33:18 &#8211; 12:33:30)<\/strong>: Ca\u00edda en cascada. El sistema se desconecta de Francia y Marruecos y entra en cero.<\/li>\n\n\n\n<li><strong>Fase 4 (recuperaci\u00f3n)<\/strong>: A las 22:30 ya se hab\u00eda restablecido el 50% de la demanda. A las 07:00 del d\u00eda siguiente, el 99,95%.<\/li>\n<\/ul>\n\n\n\n<h3 class=\"wp-block-heading\">Las recomendaciones: una hoja de ruta para la resiliencia<\/h3>\n\n\n\n<p class=\"wp-block-paragraph\">El informe no se limita a explicar el desastre, sino que <strong>propone un conjunto de medidas ambiciosas y urgentes<\/strong>, tanto en el \u00e1mbito el\u00e9ctrico como digital:<\/p>\n\n\n\n<ul class=\"wp-block-list\">\n<li><strong>Implantar un nuevo servicio de control de tensi\u00f3n<\/strong> que permita la participaci\u00f3n activa de renovables y sistemas de almacenamiento.<\/li>\n\n\n\n<li><strong>Introducir tecnolog\u00edas como compensadores s\u00edncronos<\/strong> para estabilizar la red.<\/li>\n\n\n\n<li><strong>Refuerzo normativo y supervisi\u00f3n t\u00e9cnica<\/strong> para garantizar que todos los agentes cumplen su rol.<\/li>\n\n\n\n<li><strong>Mejora de la ciberseguridad<\/strong>, segregaci\u00f3n de redes cr\u00edticas y adaptaci\u00f3n a las directivas europeas NIS 2 y CER.<\/li>\n<\/ul>\n\n\n\n<h3 class=\"wp-block-heading\">Un sistema en transformaci\u00f3n, pero a\u00fan fr\u00e1gil<\/h3>\n\n\n\n<p class=\"wp-block-paragraph\">Este episodio ha puesto de relieve que <strong>la transici\u00f3n energ\u00e9tica no es solo una cuesti\u00f3n tecnol\u00f3gica o econ\u00f3mica, sino tambi\u00e9n de robustez sist\u00e9mica<\/strong>. Incorporar m\u00e1s energ\u00edas renovables es esencial para frenar el cambio clim\u00e1tico, pero tambi\u00e9n debemos garantizar que el sistema que las acoge <strong>est\u00e1 preparado para gestionar su variabilidad y sus din\u00e1micas complejas<\/strong>.<\/p>\n\n\n\n<p class=\"wp-block-paragraph\">No basta con instalar m\u00e1s placas o aerogeneradores: debemos construir un sistema el\u00e9ctrico resiliente, flexible y seguro. Solo as\u00ed evitaremos que, en un futuro pr\u00f3ximo, lo que ocurri\u00f3 el 28 de abril vuelva a repetirse.<\/p>\n\n\n\n<hr class=\"wp-block-separator has-alpha-channel-opacity\"\/>\n\n\n\n<p class=\"wp-block-paragraph\">M\u00e1s abajo tienes el informe completo:<\/p>\n\n\n\n<p class=\"wp-block-paragraph\"><a href=\"https:\/\/saltoecologico.es\/wp-content\/uploads\/2025\/06\/Informe-no-confidencial-Comite-de-analisis-28A.pdf\">https:\/\/saltoecologico.es\/wp-content\/uploads\/2025\/06\/Informe-no-confidencial-Comite-de-analisis-28A.pdf<\/a><\/p>\n\n\n\n<!DOCTYPE html>\n<html lang=\"es\">\n<head>\n    <meta charset=\"UTF-8\">\n    <meta name=\"viewport\" content=\"width=device-width, initial-scale=1.0\">\n    <title>Crisis El\u00e9ctrica del 28 de Abril de 2025<\/title>\n    <style>\n        * {\n            margin: 0;\n            padding: 0;\n            box-sizing: border-box;\n        }\n\n        body {\n            font-family: 'Arial', sans-serif;\n            background: linear-gradient(135deg, #1e3c72 0%, #2a5298 100%);\n            color: #333;\n            overflow-x: hidden;\n        }\n\n        .container {\n            max-width: 1200px;\n            margin: 0 auto;\n            padding: 20px;\n        }\n\n        .header {\n            text-align: center;\n            margin-bottom: 40px;\n            padding: 30px;\n            background: rgba(255, 255, 255, 0.95);\n            border-radius: 20px;\n            box-shadow: 0 10px 30px rgba(0, 0, 0, 0.2);\n        }\n\n        .header h1 {\n            font-size: 2.5em;\n            color: #d32f2f;\n            margin-bottom: 10px;\n            text-shadow: 2px 2px 4px rgba(0, 0, 0, 0.1);\n        }\n\n        .header .date {\n            font-size: 1.3em;\n            color: #666;\n            font-weight: bold;\n        }\n\n        .timeline {\n            position: relative;\n            margin: 40px 0;\n        }\n\n        .timeline::before {\n            content: '';\n            position: absolute;\n            left: 50%;\n            transform: translateX(-50%);\n            width: 4px;\n            height: 100%;\n            background: linear-gradient(to bottom, #ff4444, #ffaa00, #ff4444);\n            border-radius: 2px;\n        }\n\n        .phase {\n            position: relative;\n            margin: 40px 0;\n            opacity: 0;\n            transform: translateY(30px);\n            transition: all 0.6s ease;\n        }\n\n        .phase.visible {\n            opacity: 1;\n            transform: translateY(0);\n        }\n\n        .phase-card {\n            background: white;\n            border-radius: 15px;\n            padding: 25px;\n            margin: 0 60px;\n            box-shadow: 0 8px 25px rgba(0, 0, 0, 0.15);\n            cursor: pointer;\n            transition: all 0.3s ease;\n            border-left: 5px solid #ff4444;\n        }\n\n        .phase-card:hover {\n            transform: translateY(-5px);\n            box-shadow: 0 15px 35px rgba(0, 0, 0, 0.25);\n        }\n\n        .phase-card.left {\n            margin-right: 50%;\n            margin-left: 20px;\n        }\n\n        .phase-card.right {\n            margin-left: 50%;\n            margin-right: 20px;\n        }\n\n        .phase-number {\n            position: absolute;\n            left: 50%;\n            transform: translateX(-50%);\n            top: 20px;\n            width: 60px;\n            height: 60px;\n            background: #ff4444;\n            border-radius: 50%;\n            display: flex;\n            align-items: center;\n            justify-content: center;\n            color: white;\n            font-weight: bold;\n            font-size: 1.2em;\n            box-shadow: 0 4px 15px rgba(255, 68, 68, 0.4);\n            z-index: 10;\n        }\n\n        .phase-time {\n            font-size: 1.1em;\n            font-weight: bold;\n            color: #ff4444;\n            margin-bottom: 10px;\n        }\n\n        .phase-title {\n            font-size: 1.3em;\n            font-weight: bold;\n            margin-bottom: 15px;\n            color: #333;\n        }\n\n        .phase-description {\n            color: #666;\n            line-height: 1.6;\n            margin-bottom: 15px;\n        }\n\n        .phase-details {\n            display: none;\n            margin-top: 20px;\n            padding: 20px;\n            background: #f8f9fa;\n            border-radius: 10px;\n            border-left: 4px solid #ff4444;\n        }\n\n        .phase-details.active {\n            display: block;\n            animation: slideDown 0.3s ease;\n        }\n\n        @keyframes slideDown {\n            from {\n                opacity: 0;\n                transform: translateY(-10px);\n            }\n            to {\n                opacity: 1;\n                transform: translateY(0);\n            }\n        }\n\n        .stats-grid {\n            display: grid;\n            grid-template-columns: repeat(auto-fit, minmax(250px, 1fr));\n            gap: 20px;\n            margin: 40px 0;\n        }\n\n        .stat-card {\n            background: white;\n            padding: 30px;\n            border-radius: 15px;\n            text-align: center;\n            box-shadow: 0 8px 25px rgba(0, 0, 0, 0.1);\n            transition: all 0.3s ease;\n            border-top: 4px solid #ff4444;\n        }\n\n        .stat-card:hover {\n            transform: translateY(-5px);\n            box-shadow: 0 15px 35px rgba(0, 0, 0, 0.2);\n        }\n\n        .stat-number {\n            font-size: 2.5em;\n            font-weight: bold;\n            color: #ff4444;\n            margin-bottom: 10px;\n        }\n\n        .stat-label {\n            color: #666;\n            font-size: 1.1em;\n        }\n\n        .conclusions {\n            background: white;\n            padding: 40px;\n            border-radius: 20px;\n            margin: 40px 0;\n            box-shadow: 0 10px 30px rgba(0, 0, 0, 0.15);\n        }\n\n        .conclusions h2 {\n            color: #ff4444;\n            font-size: 2em;\n            margin-bottom: 25px;\n            text-align: center;\n        }\n\n        .conclusion-item {\n            background: #f8f9fa;\n            padding: 20px;\n            margin: 15px 0;\n            border-radius: 10px;\n            border-left: 4px solid #ff4444;\n        }\n\n        .measures {\n            background: linear-gradient(135deg, #43a047 0%, #66bb6a 100%);\n            color: white;\n            padding: 40px;\n            border-radius: 20px;\n            margin: 40px 0;\n            box-shadow: 0 10px 30px rgba(0, 0, 0, 0.15);\n        }\n\n        .measures h2 {\n            font-size: 2em;\n            margin-bottom: 25px;\n            text-align: center;\n        }\n\n        .measure-item {\n            background: rgba(255, 255, 255, 0.1);\n            padding: 20px;\n            margin: 15px 0;\n            border-radius: 10px;\n            backdrop-filter: blur(10px);\n        }\n\n        .toggle-btn {\n            background: #ff4444;\n            color: white;\n            border: none;\n            padding: 10px 20px;\n            border-radius: 25px;\n            cursor: pointer;\n            font-weight: bold;\n            transition: all 0.3s ease;\n        }\n\n        .toggle-btn:hover {\n            background: #d32f2f;\n            transform: scale(1.05);\n        }\n\n        .progress-bar {\n            position: fixed;\n            top: 0;\n            left: 0;\n            width: 0%;\n            height: 4px;\n            background: linear-gradient(to right, #ff4444, #ffaa00);\n            z-index: 1000;\n            transition: width 0.3s ease;\n        }\n\n        @media (max-width: 768px) {\n            .timeline::before {\n                left: 20px;\n            }\n\n            .phase-card {\n                margin: 0 0 0 50px;\n            }\n\n            .phase-card.left,\n            .phase-card.right {\n                margin: 0 0 0 50px;\n            }\n\n            .phase-number {\n                left: 20px;\n                transform: none;\n            }\n\n            .header h1 {\n                font-size: 2em;\n            }\n\n            .stats-grid {\n                grid-template-columns: 1fr;\n            }\n        }\n\n        .fade-in {\n            opacity: 0;\n            transform: translateY(30px);\n            transition: all 0.6s ease;\n        }\n\n        .fade-in.visible {\n            opacity: 1;\n            transform: translateY(0);\n        }\n    <\/style>\n<\/head>\n<body>\n    <div class=\"progress-bar\" id=\"progressBar\"><\/div>\n    \n    <div class=\"container\">\n        <header class=\"header fade-in\">\n            <h1>\u26a1 Crisis El\u00e9ctrica Peninsular<\/h1>\n            <div class=\"date\">28 de Abril de 2025 &#8211; 12:33:30<\/div>\n            <p style=\"margin-top: 15px; font-size: 1.1em;\">Primer cero de tensi\u00f3n en la historia del sistema el\u00e9ctrico peninsular espa\u00f1ol<\/p>\n        <\/header>\n\n        <div class=\"stats-grid\">\n            <div class=\"stat-card fade-in\">\n                <div class=\"stat-number\">12<\/div>\n                <div class=\"stat-label\">segundos hasta el colapso<\/div>\n            <\/div>\n            <div class=\"stat-card fade-in\">\n                <div class=\"stat-number\">25.184<\/div>\n                <div class=\"stat-label\">MW de demanda afectada<\/div>\n            <\/div>\n            <div class=\"stat-card fade-in\">\n                <div class=\"stat-number\">26<\/div>\n                <div class=\"stat-label\">horas para reposici\u00f3n total<\/div>\n            <\/div>\n            <div class=\"stat-card fade-in\">\n                <div class=\"stat-number\">99.95%<\/div>\n                <div class=\"stat-label\">suministro repuesto en 19h<\/div>\n            <\/div>\n        <\/div>\n\n        <div class=\"timeline\">\n            <div class=\"phase\">\n                <div class=\"phase-number\">0<\/div>\n                <div class=\"phase-card left\">\n                    <div class=\"phase-time\">09:00 &#8211; 12:00<\/div>\n                    <div class=\"phase-title\">Inestabilidad Previa<\/div>\n                    <div class=\"phase-description\">\n                        Volatilidad at\u00edpica en las tensiones durante la ma\u00f1ana. Variaciones bruscas no habituales en el sistema.\n                    <\/div>\n                    <button class=\"toggle-btn\" onclick=\"toggleDetails(0)\">Ver detalles<\/button>\n                    <div class=\"phase-details\" id=\"details-0\">\n                        <strong>Eventos clave:<\/strong><br>\n                        \u2022 06:00h &#8211; Cambio de programa de 1.000 MW en interconexi\u00f3n con Francia<br>\n                        \u2022 09:02h &#8211; Desv\u00edo de frecuencia de -148 mHz<br>\n                        \u2022 10:30h &#8211; Mayor variabilidad en tensiones<br>\n                        \u2022 11:10h &#8211; Desconexi\u00f3n de instalaciones por variaciones de tensi\u00f3n\n                    <\/div>\n                <\/div>\n            <\/div>\n\n            <div class=\"phase\">\n                <div class=\"phase-number\">1<\/div>\n                <div class=\"phase-card right\">\n                    <div class=\"phase-time\">12:00 &#8211; 12:30<\/div>\n                    <div class=\"phase-title\">Oscilaciones del Sistema<\/div>\n                    <div class=\"phase-description\">\n                        Dos oscilaciones significativas: 12:03 (0,6Hz) y 12:19 (0,2Hz). Adopci\u00f3n de medidas de amortiguamiento.\n                    <\/div>\n                    <button class=\"toggle-btn\" onclick=\"toggleDetails(1)\">Ver detalles<\/button>\n                    <div class=\"phase-details\" id=\"details-1\">\n                        <strong>Oscilaci\u00f3n 12:03:<\/strong><br>\n                        \u2022 Frecuencia: 0,6Hz, amplitud: 70mHz<br>\n                        \u2022 Duraci\u00f3n: 4 minutos 42 segundos<br>\n                        \u2022 Detectada en Francia y Alemania<br><br>\n                        <strong>Medidas adoptadas:<\/strong><br>\n                        \u2022 Reducci\u00f3n intercambio Francia: 800 MW<br>\n                        \u2022 Conexi\u00f3n de 10 circuitos de 400kV<br>\n                        \u2022 Cambio modo HVDC a Pmode 1\n                    <\/div>\n                <\/div>\n            <\/div>\n\n            <div class=\"phase\">\n                <div class=\"phase-number\">2<\/div>\n                <div class=\"phase-card left\">\n                    <div class=\"phase-time\">12:32 &#8211; 12:33:18<\/div>\n                    <div class=\"phase-title\">P\u00e9rdidas por Sobretensi\u00f3n<\/div>\n                    <div class=\"phase-description\">\n                        Incremento lineal de tensiones. Tres eventos principales de p\u00e9rdida de generaci\u00f3n que inician la cascada.\n                    <\/div>\n                    <button class=\"toggle-btn\" onclick=\"toggleDetails(2)\">Ver detalles<\/button>\n                    <div class=\"phase-details\" id=\"details-2\">\n                        <strong>Eventos principales:<\/strong><br>\n                        \u2022 12:32:57 &#8211; P\u00e9rdida 355 MW (Granada)<br>\n                        \u2022 12:33:16 &#8211; P\u00e9rdida 730 MW (Badajoz)<br>\n                        \u2022 12:33:17 &#8211; P\u00e9rdida 550 MW (Sevilla)<br><br>\n                        <strong>Efecto cascada:<\/strong><br>\n                        Cada desconexi\u00f3n aumenta la tensi\u00f3n, causando m\u00e1s desconexiones\n                    <\/div>\n                <\/div>\n            <\/div>\n\n            <div class=\"phase\">\n                <div class=\"phase-number\">3<\/div>\n                <div class=\"phase-card right\">\n                    <div class=\"phase-time\">12:33:18 &#8211; 12:33:30<\/div>\n                    <div class=\"phase-title\">Colapso Total<\/div>\n                    <div class=\"phase-description\">\n                        Reacci\u00f3n en cadena imparable. Desconexi\u00f3n masiva por sobretensi\u00f3n seguida de subfrecuencia.\n                    <\/div>\n                    <button class=\"toggle-btn\" onclick=\"toggleDetails(3)\">Ver detalles<\/button>\n                    <div class=\"phase-details\" id=\"details-3\">\n                        <strong>Secuencia de colapso:<\/strong><br>\n                        \u2022 Tensiones >440kV en m\u00faltiples puntos<br>\n                        \u2022 Desconexi\u00f3n autom\u00e1tica de generaci\u00f3n<br>\n                        \u2022 P\u00e9rdida de sincronismo con Francia<br>\n                        \u2022 Activaci\u00f3n de deslastres autom\u00e1ticos<br>\n                        \u2022 Cero de tensi\u00f3n a las 12:33:30\n                    <\/div>\n                <\/div>\n            <\/div>\n\n            <div class=\"phase\">\n                <div class=\"phase-number\">4<\/div>\n                <div class=\"phase-card left\">\n                    <div class=\"phase-time\">12:33:30 &#8211; 14:36 (29 abril)<\/div>\n                    <div class=\"phase-title\">Reposici\u00f3n del Suministro<\/div>\n                    <div class=\"phase-description\">\n                        Proceso de reposici\u00f3n mediante islas energ\u00e9ticas. Reconocido internacionalmente por su agilidad.\n                    <\/div>\n                    <button class=\"toggle-btn\" onclick=\"toggleDetails(4)\">Ver detalles<\/button>\n                    <div class=\"phase-details\" id=\"details-4\">\n                        <strong>Estrategia de reposici\u00f3n:<\/strong><br>\n                        \u2022 Islas desde Francia y Marruecos<br>\n                        \u2022 Arranque aut\u00f3nomo de hidr\u00e1ulicas<br>\n                        \u2022 13:07h &#8211; Primera carga alimentada<br>\n                        \u2022 22:30h &#8211; 50% demanda repuesta<br>\n                        \u2022 07:00h (29\/4) &#8211; 99.95% suministro\n                    <\/div>\n                <\/div>\n            <\/div>\n        <\/div>\n\n        <div class=\"conclusions fade-in\">\n            <h2>\ud83d\udd0d Conclusiones Principales<\/h2>\n            <div class=\"conclusion-item\">\n                <strong>Origen multifactorial:<\/strong> No fue un fallo \u00fanico, sino una combinaci\u00f3n de factores que llevaron al sistema a un punto de no retorno.\n            <\/div>\n            <div class=\"conclusion-item\">\n                <strong>Insuficiente control de tensi\u00f3n:<\/strong> El sistema mostraba carencias en capacidades de control din\u00e1mico de tensiones.\n            <\/div>\n            <div class=\"conclusion-item\">\n                <strong>Efecto cascada:<\/strong> Las sobretensiones causaron desconexiones que a su vez generaron m\u00e1s sobretensiones.\n            <\/div>\n            <div class=\"conclusion-item\">\n                <strong>Sin evidencia de ciberataque:<\/strong> El an\u00e1lisis exhaustivo descart\u00f3 causas de naturaleza cibern\u00e9tica.\n            <\/div>\n        <\/div>\n\n        <div class=\"measures\">\n            <h2>\ud83d\udee0\ufe0f Medidas Propuestas<\/h2>\n            <div class=\"measure-item\">\n                <strong>Refuerzo del control de tensi\u00f3n:<\/strong> Actualizaci\u00f3n del P.O. 7.4 para permitir que renovables participen en control de tensi\u00f3n\n            <\/div>\n            <div class=\"measure-item\">\n                <strong>Nuevas tecnolog\u00edas:<\/strong> Incorporaci\u00f3n de compensadores s\u00edncronos, FACTS y reactancias adicionales\n            <\/div>\n            <div class=\"measure-item\">\n                <strong>Mayor supervisi\u00f3n:<\/strong> Refuerzo de la verificaci\u00f3n del cumplimiento de obligaciones por todos los agentes\n            <\/div>\n            <div class=\"measure-item\">\n                <strong>Incremento de interconexiones:<\/strong> Continuar el refuerzo de la conexi\u00f3n con el sistema europeo\n            <\/div>\n            <div class=\"measure-item\">\n                <strong>Ciberseguridad:<\/strong> Aceleraci\u00f3n de transposici\u00f3n de Directivas NIS 2 y CER\n            <\/div>\n        <\/div>\n    <\/div>\n\n    <script>\n        \/\/ Animaciones de scroll\n        const observerOptions = {\n            threshold: 0.1,\n            rootMargin: '0px 0px -50px 0px'\n        };\n\n        const observer = new IntersectionObserver((entries) => {\n            entries.forEach(entry => {\n                if (entry.isIntersecting) {\n                    entry.target.classList.add('visible');\n                }\n            });\n        }, observerOptions);\n\n        \/\/ Observar elementos para animaciones\n        document.querySelectorAll('.phase, .fade-in').forEach(el => {\n            observer.observe(el);\n        });\n\n        \/\/ Barra de progreso\n        function updateProgressBar() {\n            const winScroll = document.body.scrollTop || document.documentElement.scrollTop;\n            const height = document.documentElement.scrollHeight - document.documentElement.clientHeight;\n            const scrolled = (winScroll \/ height) * 100;\n            document.getElementById('progressBar').style.width = scrolled + '%';\n        }\n\n        window.addEventListener('scroll', updateProgressBar);\n\n        \/\/ Toggle detalles de las fases\n        function toggleDetails(phaseIndex) {\n            const details = document.getElementById(`details-${phaseIndex}`);\n            details.classList.toggle('active');\n        }\n\n        \/\/ Animaci\u00f3n inicial\n        window.addEventListener('load', () => {\n            setTimeout(() => {\n                document.querySelectorAll('.fade-in').forEach((el, index) => {\n                    setTimeout(() => {\n                        el.classList.add('visible');\n                    }, index * 200);\n                });\n            }, 300);\n        });\n\n        \/\/ Efectos de hover mejorados\n        document.querySelectorAll('.phase-card').forEach(card => {\n            card.addEventListener('mouseenter', function() {\n                this.style.borderLeftColor = '#ffaa00';\n            });\n            \n            card.addEventListener('mouseleave', function() {\n                this.style.borderLeftColor = '#ff4444';\n            });\n        });\n    <\/script>\n<\/body>\n<\/html>\n","protected":false},"excerpt":{"rendered":"<p>Lecciones de un colapso: el informe del Comit\u00e9 sobre la Crisis El\u00e9ctrica del 28 de abril El pasado 28 de abril de 2025, a las 12:33:30, el sistema el\u00e9ctrico de Espa\u00f1a y Portugal sufri\u00f3 un evento sin precedentes: un cero de tensi\u00f3n generalizado que desconect\u00f3 a la pen\u00ednsula ib\u00e9rica del sistema interconectado europeo. Ante la [&hellip;]<\/p>\n","protected":false},"author":1,"featured_media":1149,"comment_status":"open","ping_status":"open","sticky":false,"template":"","format":"standard","meta":{"footnotes":""},"categories":[36],"tags":[],"class_list":["post-1145","post","type-post","status-publish","format-standard","has-post-thumbnail","category-sistema-electrico"],"yoast_head":"<!-- This site is optimized with the Yoast SEO plugin v28.2 - https:\/\/yoast.com\/product\/yoast-seo-wordpress\/ -->\n<title>Informe del &quot;cero&quot; peninsular. - Salto Ecol\u00f3gico<\/title>\n<meta name=\"robots\" content=\"index, follow, max-snippet:-1, max-image-preview:large, max-video-preview:-1\" \/>\n<link rel=\"canonical\" href=\"https:\/\/saltoecologico.es\/index.php\/2025\/06\/18\/informe-del-cero-peninsular\/\" \/>\n<meta property=\"og:locale\" content=\"es_ES\" \/>\n<meta property=\"og:type\" content=\"article\" \/>\n<meta property=\"og:title\" content=\"Informe del &quot;cero&quot; peninsular. - Salto Ecol\u00f3gico\" \/>\n<meta property=\"og:description\" content=\"Lecciones de un colapso: el informe del Comit\u00e9 sobre la Crisis El\u00e9ctrica del 28 de abril El pasado 28 de abril de 2025, a las 12:33:30, el sistema el\u00e9ctrico de Espa\u00f1a y Portugal sufri\u00f3 un evento sin precedentes: un cero de tensi\u00f3n generalizado que desconect\u00f3 a la pen\u00ednsula ib\u00e9rica del sistema interconectado europeo. Ante la [&hellip;]\" \/>\n<meta property=\"og:url\" content=\"https:\/\/saltoecologico.es\/index.php\/2025\/06\/18\/informe-del-cero-peninsular\/\" \/>\n<meta property=\"og:site_name\" content=\"Salto Ecol\u00f3gico\" \/>\n<meta property=\"article:publisher\" content=\"https:\/\/www.facebook.com\/Saltotransicionecologica\" \/>\n<meta property=\"article:published_time\" content=\"2025-06-18T09:12:51+00:00\" \/>\n<meta property=\"article:modified_time\" content=\"2025-06-18T09:28:50+00:00\" \/>\n<meta property=\"og:image\" content=\"https:\/\/saltoecologico.es\/wp-content\/uploads\/2025\/06\/Informe-28-de-abril.jpg\" \/>\n\t<meta property=\"og:image:width\" content=\"1024\" \/>\n\t<meta property=\"og:image:height\" content=\"683\" \/>\n\t<meta property=\"og:image:type\" content=\"image\/jpeg\" \/>\n<meta name=\"author\" content=\"admin\" \/>\n<meta name=\"twitter:card\" content=\"summary_large_image\" \/>\n<meta name=\"twitter:label1\" content=\"Escrito por\" \/>\n\t<meta name=\"twitter:data1\" content=\"admin\" \/>\n\t<meta name=\"twitter:label2\" content=\"Tiempo de lectura\" \/>\n\t<meta name=\"twitter:data2\" content=\"6 minutos\" \/>\n<script type=\"application\/ld+json\" class=\"yoast-schema-graph\">{\"@context\":\"https:\\\/\\\/schema.org\",\"@graph\":[{\"@type\":\"Article\",\"@id\":\"https:\\\/\\\/saltoecologico.es\\\/index.php\\\/2025\\\/06\\\/18\\\/informe-del-cero-peninsular\\\/#article\",\"isPartOf\":{\"@id\":\"https:\\\/\\\/saltoecologico.es\\\/index.php\\\/2025\\\/06\\\/18\\\/informe-del-cero-peninsular\\\/\"},\"author\":{\"name\":\"admin\",\"@id\":\"https:\\\/\\\/saltoecologico.es\\\/#\\\/schema\\\/person\\\/7175eec4b3c123d86c675313c3a01a0b\"},\"headline\":\"Informe del \u00abcero\u00bb peninsular.\",\"datePublished\":\"2025-06-18T09:12:51+00:00\",\"dateModified\":\"2025-06-18T09:28:50+00:00\",\"mainEntityOfPage\":{\"@id\":\"https:\\\/\\\/saltoecologico.es\\\/index.php\\\/2025\\\/06\\\/18\\\/informe-del-cero-peninsular\\\/\"},\"wordCount\":1155,\"commentCount\":0,\"publisher\":{\"@id\":\"https:\\\/\\\/saltoecologico.es\\\/#organization\"},\"image\":{\"@id\":\"https:\\\/\\\/saltoecologico.es\\\/index.php\\\/2025\\\/06\\\/18\\\/informe-del-cero-peninsular\\\/#primaryimage\"},\"thumbnailUrl\":\"https:\\\/\\\/saltoecologico.es\\\/wp-content\\\/uploads\\\/2025\\\/06\\\/Informe-28-de-abril.jpg\",\"articleSection\":[\"Sistema el\u00e9ctrico\"],\"inLanguage\":\"es\",\"potentialAction\":[{\"@type\":\"CommentAction\",\"name\":\"Comment\",\"target\":[\"https:\\\/\\\/saltoecologico.es\\\/index.php\\\/2025\\\/06\\\/18\\\/informe-del-cero-peninsular\\\/#respond\"]}]},{\"@type\":\"WebPage\",\"@id\":\"https:\\\/\\\/saltoecologico.es\\\/index.php\\\/2025\\\/06\\\/18\\\/informe-del-cero-peninsular\\\/\",\"url\":\"https:\\\/\\\/saltoecologico.es\\\/index.php\\\/2025\\\/06\\\/18\\\/informe-del-cero-peninsular\\\/\",\"name\":\"Informe del \\\"cero\\\" peninsular. - Salto Ecol\u00f3gico\",\"isPartOf\":{\"@id\":\"https:\\\/\\\/saltoecologico.es\\\/#website\"},\"primaryImageOfPage\":{\"@id\":\"https:\\\/\\\/saltoecologico.es\\\/index.php\\\/2025\\\/06\\\/18\\\/informe-del-cero-peninsular\\\/#primaryimage\"},\"image\":{\"@id\":\"https:\\\/\\\/saltoecologico.es\\\/index.php\\\/2025\\\/06\\\/18\\\/informe-del-cero-peninsular\\\/#primaryimage\"},\"thumbnailUrl\":\"https:\\\/\\\/saltoecologico.es\\\/wp-content\\\/uploads\\\/2025\\\/06\\\/Informe-28-de-abril.jpg\",\"datePublished\":\"2025-06-18T09:12:51+00:00\",\"dateModified\":\"2025-06-18T09:28:50+00:00\",\"breadcrumb\":{\"@id\":\"https:\\\/\\\/saltoecologico.es\\\/index.php\\\/2025\\\/06\\\/18\\\/informe-del-cero-peninsular\\\/#breadcrumb\"},\"inLanguage\":\"es\",\"potentialAction\":[{\"@type\":\"ReadAction\",\"target\":[\"https:\\\/\\\/saltoecologico.es\\\/index.php\\\/2025\\\/06\\\/18\\\/informe-del-cero-peninsular\\\/\"]}]},{\"@type\":\"ImageObject\",\"inLanguage\":\"es\",\"@id\":\"https:\\\/\\\/saltoecologico.es\\\/index.php\\\/2025\\\/06\\\/18\\\/informe-del-cero-peninsular\\\/#primaryimage\",\"url\":\"https:\\\/\\\/saltoecologico.es\\\/wp-content\\\/uploads\\\/2025\\\/06\\\/Informe-28-de-abril.jpg\",\"contentUrl\":\"https:\\\/\\\/saltoecologico.es\\\/wp-content\\\/uploads\\\/2025\\\/06\\\/Informe-28-de-abril.jpg\",\"width\":1024,\"height\":683},{\"@type\":\"BreadcrumbList\",\"@id\":\"https:\\\/\\\/saltoecologico.es\\\/index.php\\\/2025\\\/06\\\/18\\\/informe-del-cero-peninsular\\\/#breadcrumb\",\"itemListElement\":[{\"@type\":\"ListItem\",\"position\":1,\"name\":\"Portada\",\"item\":\"https:\\\/\\\/saltoecologico.es\\\/\"},{\"@type\":\"ListItem\",\"position\":2,\"name\":\"Informe del \u00abcero\u00bb peninsular.\"}]},{\"@type\":\"WebSite\",\"@id\":\"https:\\\/\\\/saltoecologico.es\\\/#website\",\"url\":\"https:\\\/\\\/saltoecologico.es\\\/\",\"name\":\"Salto Ecol\u00f3gico\",\"description\":\"\",\"publisher\":{\"@id\":\"https:\\\/\\\/saltoecologico.es\\\/#organization\"},\"potentialAction\":[{\"@type\":\"SearchAction\",\"target\":{\"@type\":\"EntryPoint\",\"urlTemplate\":\"https:\\\/\\\/saltoecologico.es\\\/?s={search_term_string}\"},\"query-input\":{\"@type\":\"PropertyValueSpecification\",\"valueRequired\":true,\"valueName\":\"search_term_string\"}}],\"inLanguage\":\"es\"},{\"@type\":\"Organization\",\"@id\":\"https:\\\/\\\/saltoecologico.es\\\/#organization\",\"name\":\"Salto a la Transici\u00f3n Ecol\u00f3gica\",\"url\":\"https:\\\/\\\/saltoecologico.es\\\/\",\"logo\":{\"@type\":\"ImageObject\",\"inLanguage\":\"es\",\"@id\":\"https:\\\/\\\/saltoecologico.es\\\/#\\\/schema\\\/logo\\\/image\\\/\",\"url\":\"https:\\\/\\\/saltoecologico.es\\\/wp-content\\\/uploads\\\/2025\\\/04\\\/Logo-STE.jpg\",\"contentUrl\":\"https:\\\/\\\/saltoecologico.es\\\/wp-content\\\/uploads\\\/2025\\\/04\\\/Logo-STE.jpg\",\"width\":435,\"height\":435,\"caption\":\"Salto a la Transici\u00f3n Ecol\u00f3gica\"},\"image\":{\"@id\":\"https:\\\/\\\/saltoecologico.es\\\/#\\\/schema\\\/logo\\\/image\\\/\"},\"sameAs\":[\"https:\\\/\\\/www.facebook.com\\\/Saltotransicionecologica\"]},{\"@type\":\"Person\",\"@id\":\"https:\\\/\\\/saltoecologico.es\\\/#\\\/schema\\\/person\\\/7175eec4b3c123d86c675313c3a01a0b\",\"name\":\"admin\",\"image\":{\"@type\":\"ImageObject\",\"inLanguage\":\"es\",\"@id\":\"https:\\\/\\\/secure.gravatar.com\\\/avatar\\\/4c215dc57bbc7b2f2f470ac9bd197f3f112636a584e575a732d0206a2d9c9806?s=96&d=mm&r=g\",\"url\":\"https:\\\/\\\/secure.gravatar.com\\\/avatar\\\/4c215dc57bbc7b2f2f470ac9bd197f3f112636a584e575a732d0206a2d9c9806?s=96&d=mm&r=g\",\"contentUrl\":\"https:\\\/\\\/secure.gravatar.com\\\/avatar\\\/4c215dc57bbc7b2f2f470ac9bd197f3f112636a584e575a732d0206a2d9c9806?s=96&d=mm&r=g\",\"caption\":\"admin\"},\"sameAs\":[\"https:\\\/\\\/saltoecologico.es\"],\"url\":\"https:\\\/\\\/saltoecologico.es\\\/index.php\\\/author\\\/saltoecologico\\\/\"}]}<\/script>\n<!-- \/ Yoast SEO plugin. -->","yoast_head_json":{"title":"Informe del \"cero\" peninsular. - Salto Ecol\u00f3gico","robots":{"index":"index","follow":"follow","max-snippet":"max-snippet:-1","max-image-preview":"max-image-preview:large","max-video-preview":"max-video-preview:-1"},"canonical":"https:\/\/saltoecologico.es\/index.php\/2025\/06\/18\/informe-del-cero-peninsular\/","og_locale":"es_ES","og_type":"article","og_title":"Informe del \"cero\" peninsular. - Salto Ecol\u00f3gico","og_description":"Lecciones de un colapso: el informe del Comit\u00e9 sobre la Crisis El\u00e9ctrica del 28 de abril El pasado 28 de abril de 2025, a las 12:33:30, el sistema el\u00e9ctrico de Espa\u00f1a y Portugal sufri\u00f3 un evento sin precedentes: un cero de tensi\u00f3n generalizado que desconect\u00f3 a la pen\u00ednsula ib\u00e9rica del sistema interconectado europeo. Ante la [&hellip;]","og_url":"https:\/\/saltoecologico.es\/index.php\/2025\/06\/18\/informe-del-cero-peninsular\/","og_site_name":"Salto Ecol\u00f3gico","article_publisher":"https:\/\/www.facebook.com\/Saltotransicionecologica","article_published_time":"2025-06-18T09:12:51+00:00","article_modified_time":"2025-06-18T09:28:50+00:00","og_image":[{"width":1024,"height":683,"url":"https:\/\/saltoecologico.es\/wp-content\/uploads\/2025\/06\/Informe-28-de-abril.jpg","type":"image\/jpeg"}],"author":"admin","twitter_card":"summary_large_image","twitter_misc":{"Escrito por":"admin","Tiempo de lectura":"6 minutos"},"schema":{"@context":"https:\/\/schema.org","@graph":[{"@type":"Article","@id":"https:\/\/saltoecologico.es\/index.php\/2025\/06\/18\/informe-del-cero-peninsular\/#article","isPartOf":{"@id":"https:\/\/saltoecologico.es\/index.php\/2025\/06\/18\/informe-del-cero-peninsular\/"},"author":{"name":"admin","@id":"https:\/\/saltoecologico.es\/#\/schema\/person\/7175eec4b3c123d86c675313c3a01a0b"},"headline":"Informe del \u00abcero\u00bb peninsular.","datePublished":"2025-06-18T09:12:51+00:00","dateModified":"2025-06-18T09:28:50+00:00","mainEntityOfPage":{"@id":"https:\/\/saltoecologico.es\/index.php\/2025\/06\/18\/informe-del-cero-peninsular\/"},"wordCount":1155,"commentCount":0,"publisher":{"@id":"https:\/\/saltoecologico.es\/#organization"},"image":{"@id":"https:\/\/saltoecologico.es\/index.php\/2025\/06\/18\/informe-del-cero-peninsular\/#primaryimage"},"thumbnailUrl":"https:\/\/saltoecologico.es\/wp-content\/uploads\/2025\/06\/Informe-28-de-abril.jpg","articleSection":["Sistema el\u00e9ctrico"],"inLanguage":"es","potentialAction":[{"@type":"CommentAction","name":"Comment","target":["https:\/\/saltoecologico.es\/index.php\/2025\/06\/18\/informe-del-cero-peninsular\/#respond"]}]},{"@type":"WebPage","@id":"https:\/\/saltoecologico.es\/index.php\/2025\/06\/18\/informe-del-cero-peninsular\/","url":"https:\/\/saltoecologico.es\/index.php\/2025\/06\/18\/informe-del-cero-peninsular\/","name":"Informe del \"cero\" peninsular. - Salto Ecol\u00f3gico","isPartOf":{"@id":"https:\/\/saltoecologico.es\/#website"},"primaryImageOfPage":{"@id":"https:\/\/saltoecologico.es\/index.php\/2025\/06\/18\/informe-del-cero-peninsular\/#primaryimage"},"image":{"@id":"https:\/\/saltoecologico.es\/index.php\/2025\/06\/18\/informe-del-cero-peninsular\/#primaryimage"},"thumbnailUrl":"https:\/\/saltoecologico.es\/wp-content\/uploads\/2025\/06\/Informe-28-de-abril.jpg","datePublished":"2025-06-18T09:12:51+00:00","dateModified":"2025-06-18T09:28:50+00:00","breadcrumb":{"@id":"https:\/\/saltoecologico.es\/index.php\/2025\/06\/18\/informe-del-cero-peninsular\/#breadcrumb"},"inLanguage":"es","potentialAction":[{"@type":"ReadAction","target":["https:\/\/saltoecologico.es\/index.php\/2025\/06\/18\/informe-del-cero-peninsular\/"]}]},{"@type":"ImageObject","inLanguage":"es","@id":"https:\/\/saltoecologico.es\/index.php\/2025\/06\/18\/informe-del-cero-peninsular\/#primaryimage","url":"https:\/\/saltoecologico.es\/wp-content\/uploads\/2025\/06\/Informe-28-de-abril.jpg","contentUrl":"https:\/\/saltoecologico.es\/wp-content\/uploads\/2025\/06\/Informe-28-de-abril.jpg","width":1024,"height":683},{"@type":"BreadcrumbList","@id":"https:\/\/saltoecologico.es\/index.php\/2025\/06\/18\/informe-del-cero-peninsular\/#breadcrumb","itemListElement":[{"@type":"ListItem","position":1,"name":"Portada","item":"https:\/\/saltoecologico.es\/"},{"@type":"ListItem","position":2,"name":"Informe del \u00abcero\u00bb peninsular."}]},{"@type":"WebSite","@id":"https:\/\/saltoecologico.es\/#website","url":"https:\/\/saltoecologico.es\/","name":"Salto Ecol\u00f3gico","description":"","publisher":{"@id":"https:\/\/saltoecologico.es\/#organization"},"potentialAction":[{"@type":"SearchAction","target":{"@type":"EntryPoint","urlTemplate":"https:\/\/saltoecologico.es\/?s={search_term_string}"},"query-input":{"@type":"PropertyValueSpecification","valueRequired":true,"valueName":"search_term_string"}}],"inLanguage":"es"},{"@type":"Organization","@id":"https:\/\/saltoecologico.es\/#organization","name":"Salto a la Transici\u00f3n Ecol\u00f3gica","url":"https:\/\/saltoecologico.es\/","logo":{"@type":"ImageObject","inLanguage":"es","@id":"https:\/\/saltoecologico.es\/#\/schema\/logo\/image\/","url":"https:\/\/saltoecologico.es\/wp-content\/uploads\/2025\/04\/Logo-STE.jpg","contentUrl":"https:\/\/saltoecologico.es\/wp-content\/uploads\/2025\/04\/Logo-STE.jpg","width":435,"height":435,"caption":"Salto a la Transici\u00f3n Ecol\u00f3gica"},"image":{"@id":"https:\/\/saltoecologico.es\/#\/schema\/logo\/image\/"},"sameAs":["https:\/\/www.facebook.com\/Saltotransicionecologica"]},{"@type":"Person","@id":"https:\/\/saltoecologico.es\/#\/schema\/person\/7175eec4b3c123d86c675313c3a01a0b","name":"admin","image":{"@type":"ImageObject","inLanguage":"es","@id":"https:\/\/secure.gravatar.com\/avatar\/4c215dc57bbc7b2f2f470ac9bd197f3f112636a584e575a732d0206a2d9c9806?s=96&d=mm&r=g","url":"https:\/\/secure.gravatar.com\/avatar\/4c215dc57bbc7b2f2f470ac9bd197f3f112636a584e575a732d0206a2d9c9806?s=96&d=mm&r=g","contentUrl":"https:\/\/secure.gravatar.com\/avatar\/4c215dc57bbc7b2f2f470ac9bd197f3f112636a584e575a732d0206a2d9c9806?s=96&d=mm&r=g","caption":"admin"},"sameAs":["https:\/\/saltoecologico.es"],"url":"https:\/\/saltoecologico.es\/index.php\/author\/saltoecologico\/"}]}},"_links":{"self":[{"href":"https:\/\/saltoecologico.es\/index.php\/wp-json\/wp\/v2\/posts\/1145","targetHints":{"allow":["GET"]}}],"collection":[{"href":"https:\/\/saltoecologico.es\/index.php\/wp-json\/wp\/v2\/posts"}],"about":[{"href":"https:\/\/saltoecologico.es\/index.php\/wp-json\/wp\/v2\/types\/post"}],"author":[{"embeddable":true,"href":"https:\/\/saltoecologico.es\/index.php\/wp-json\/wp\/v2\/users\/1"}],"replies":[{"embeddable":true,"href":"https:\/\/saltoecologico.es\/index.php\/wp-json\/wp\/v2\/comments?post=1145"}],"version-history":[{"count":4,"href":"https:\/\/saltoecologico.es\/index.php\/wp-json\/wp\/v2\/posts\/1145\/revisions"}],"predecessor-version":[{"id":1154,"href":"https:\/\/saltoecologico.es\/index.php\/wp-json\/wp\/v2\/posts\/1145\/revisions\/1154"}],"wp:featuredmedia":[{"embeddable":true,"href":"https:\/\/saltoecologico.es\/index.php\/wp-json\/wp\/v2\/media\/1149"}],"wp:attachment":[{"href":"https:\/\/saltoecologico.es\/index.php\/wp-json\/wp\/v2\/media?parent=1145"}],"wp:term":[{"taxonomy":"category","embeddable":true,"href":"https:\/\/saltoecologico.es\/index.php\/wp-json\/wp\/v2\/categories?post=1145"},{"taxonomy":"post_tag","embeddable":true,"href":"https:\/\/saltoecologico.es\/index.php\/wp-json\/wp\/v2\/tags?post=1145"}],"curies":[{"name":"wp","href":"https:\/\/api.w.org\/{rel}","templated":true}]}}