{"id":1157,"date":"2025-06-20T21:16:24","date_gmt":"2025-06-20T21:16:24","guid":{"rendered":"https:\/\/saltoecologico.es\/?p=1157"},"modified":"2025-06-20T21:16:25","modified_gmt":"2025-06-20T21:16:25","slug":"comision-transicion-ecologica","status":"publish","type":"post","link":"https:\/\/saltoecologico.es\/index.php\/2025\/06\/20\/comision-transicion-ecologica\/","title":{"rendered":"Comisi\u00f3n Transici\u00f3n Ecol\u00f3gica"},"content":{"rendered":"\n<p class=\"wp-block-paragraph\"><strong>T\u00edtulo: La Palma no merece oscuridad: exigencia de rigor y futuro energ\u00e9tico digno<\/strong><\/p>\n\n\n\n<p class=\"wp-block-paragraph\">En la \u00faltima sesi\u00f3n de la Comisi\u00f3n de Transici\u00f3n Ecol\u00f3gica del Parlamento de Canarias, el sistema el\u00e9ctrico de La Palma volvi\u00f3 a situarse en el centro del debate. No por m\u00e9ritos de innovaci\u00f3n, ni por su contribuci\u00f3n a la transici\u00f3n energ\u00e9tica, sino por el en\u00e9simo \u201ccero energ\u00e9tico\u201d sufrido por la isla, el pasado 10 de junio, que dej\u00f3 a decenas de miles de personas sin suministro durante horas. Un episodio que, lejos de ser anecd\u00f3tico, resume una d\u00e9cada de negligencia, lentitud institucional y respuestas evasivas.<\/p>\n\n\n\n<p class=\"wp-block-paragraph\">Frente a esta realidad, la diputada socialista <strong>Alicia Vanoostende Simili<\/strong> ofreci\u00f3 una intervenci\u00f3n ejemplar, cargada de responsabilidad, conocimiento t\u00e9cnico y un profundo respeto hacia la ciudadan\u00eda palmera. Lo hizo sin estridencias, pero con la firmeza de quien sabe que <strong>ya no caben m\u00e1s excusas<\/strong>. Reiter\u00f3, con rigor, preguntas formuladas dos semanas antes que segu\u00edan sin respuesta: \u00bfD\u00f3nde est\u00e1 la auditor\u00eda independiente anunciada por la Consejer\u00eda tras declarar la emergencia energ\u00e9tica? \u00bfQu\u00e9 concluyen los informes de Endesa y Red El\u00e9ctrica? \u00bfEn qu\u00e9 consiste exactamente el plan de contingencia previsto ante la llegada del verano y de miles de personas con motivo de la Bajada de la Virgen?<\/p>\n\n\n\n<p class=\"wp-block-paragraph\">El consejero <strong>Zapata<\/strong>, en su respuesta, volvi\u00f3 a optar por un lenguaje t\u00e9cnico algo huidizo, que pareci\u00f3 m\u00e1s pensado para suavizar la inquietud pol\u00edtica que para clarificar la situaci\u00f3n. Habl\u00f3 de \u00abauditor\u00edas internas realizadas por funcionarios\u00bb, de un \u00abplan de acci\u00f3n\u00bb que no se concret\u00f3 y de una revisi\u00f3n en marcha de las l\u00edneas el\u00e9ctricas y nudos cr\u00edticos. Aunque reconoci\u00f3, esta vez s\u00ed, que <strong>de las ocho medidas de seguridad previstas para evitar el apag\u00f3n solo funcion\u00f3 una<\/strong>, eludi\u00f3 cualquier menci\u00f3n directa a posibles errores de gesti\u00f3n o falta de previsi\u00f3n por parte de su departamento.<\/p>\n\n\n\n<p class=\"wp-block-paragraph\">Lo cierto es que la r\u00e9plica de <em>Vanoostende<\/em> desmont\u00f3 elegantemente la narrativa oficial: el apag\u00f3n no fue provocado por obsolescencia de los grupos generadores, como se ha querido hacer ver, sino por un <strong>fallo en un grupo moderno<\/strong> y, sobre todo, por la <strong>inoperancia de los sistemas de seguridad de la propia central t\u00e9rmica<\/strong>. Una lectura que abre interrogantes muy serios sobre los protocolos, las inversiones efectivas y la supervisi\u00f3n operativa de las infraestructuras energ\u00e9ticas.<\/p>\n\n\n\n<p class=\"wp-block-paragraph\">Adem\u00e1s, su intervenci\u00f3n introdujo una dimensi\u00f3n simb\u00f3lica e hist\u00f3rica: <strong>La Palma fue el primer territorio insular con alumbrado p\u00fablico el\u00e9ctrico<\/strong> en Espa\u00f1a, en 1893, siendo entonces un modelo de modernidad. Que m\u00e1s de un siglo despu\u00e9s siga sufriendo apagones estructurales es, sencillamente, inaceptable. Y a\u00fan lo es m\u00e1s que se sigan dando respuestas a medio camino entre el tecnicismo burocr\u00e1tico y la resignaci\u00f3n.<\/p>\n\n\n\n<p class=\"wp-block-paragraph\">La diputada socialista no se limit\u00f3 a fiscalizar. Ofreci\u00f3 propuestas, reclam\u00f3 consenso, propuso un <strong>\u00ablobby palmero\u00bb<\/strong> para definir el modelo energ\u00e9tico de isla que se desea: uno basado en <strong>renovables, geotermia, almacenamiento<\/strong>, y con ambici\u00f3n de siglo XXI. Una visi\u00f3n que, lamentablemente, no encontr\u00f3 reflejo en la respuesta del consejero, quien se mostr\u00f3 una vez m\u00e1s excesivamente dependiente del relato justificativo y poco claro en los plazos y medidas concretas.<\/p>\n\n\n\n<p class=\"wp-block-paragraph\">La Palma necesita certezas, valent\u00eda y una planificaci\u00f3n estrat\u00e9gica que est\u00e9 a la altura del momento hist\u00f3rico. No puede seguir esperando. Y su ciudadan\u00eda, como bien expres\u00f3 la diputada <em>Vanoostende<\/em>, <strong>merece saber la verdad sin eufemismos ni ambages<\/strong>. Porque en materia energ\u00e9tica, lo que est\u00e1 en juego <strong>no es solo el suministro<\/strong>, sino <strong>la dignidad, la seguridad y el futuro<\/strong> de una isla que ya ha sido lo suficientemente golpeada.<\/p>\n\n\n\n<p class=\"wp-block-paragraph\"><em>Desde este espacio, nos sumamos a la llamada al consenso, al trabajo riguroso y a la rendici\u00f3n de cuentas. Lo ocurrido el 10 de junio no puede repetirse. Y no lo har\u00e1 si, como sociedad, decidimos no volver a mirar hacia otro lado.<\/em><\/p>\n\n\n\n<p class=\"wp-block-paragraph\"><\/p>\n\n\n\n<figure class=\"wp-block-embed is-type-video is-provider-youtube wp-block-embed-youtube wp-embed-aspect-16-9 wp-has-aspect-ratio\"><div class=\"wp-block-embed__wrapper\">\n<div class=\"youtube-embed\" data-video_id=\"5QIAQWEVa-Q\"><iframe loading=\"lazy\" hcb-fetch-image-from=\"https:\/\/www.youtube.com\/watch?v=5QIAQWEVa-Q\" title=\"Transici\u00f3n ecol\u00f3gica 19-06-2025\" width=\"696\" height=\"392\" src=\"https:\/\/www.youtube.com\/embed\/5QIAQWEVa-Q?feature=oembed&#038;enablejsapi=1\" frameborder=\"0\" allow=\"accelerometer; autoplay; clipboard-write; encrypted-media; gyroscope; picture-in-picture; web-share\" referrerpolicy=\"strict-origin-when-cross-origin\" allowfullscreen><\/iframe><\/div>\n<\/div><\/figure>\n","protected":false},"excerpt":{"rendered":"<p>T\u00edtulo: La Palma no merece oscuridad: exigencia de rigor y futuro energ\u00e9tico digno En la \u00faltima sesi\u00f3n de la Comisi\u00f3n de Transici\u00f3n Ecol\u00f3gica del Parlamento de Canarias, el sistema el\u00e9ctrico de La Palma volvi\u00f3 a situarse en el centro del debate. No por m\u00e9ritos de innovaci\u00f3n, ni por su contribuci\u00f3n a la transici\u00f3n energ\u00e9tica, sino [&hellip;]<\/p>\n","protected":false},"author":1,"featured_media":1158,"comment_status":"open","ping_status":"open","sticky":false,"template":"","format":"standard","meta":{"footnotes":""},"categories":[36],"tags":[],"class_list":["post-1157","post","type-post","status-publish","format-standard","has-post-thumbnail","category-sistema-electrico"],"yoast_head":"<!-- This site is optimized with the Yoast SEO plugin v28.2 - https:\/\/yoast.com\/product\/yoast-seo-wordpress\/ -->\n<title>Comisi\u00f3n Transici\u00f3n Ecol\u00f3gica - Salto Ecol\u00f3gico<\/title>\n<meta name=\"robots\" content=\"index, follow, max-snippet:-1, max-image-preview:large, max-video-preview:-1\" \/>\n<link rel=\"canonical\" href=\"https:\/\/saltoecologico.es\/index.php\/2025\/06\/20\/comision-transicion-ecologica\/\" \/>\n<meta property=\"og:locale\" content=\"es_ES\" \/>\n<meta property=\"og:type\" content=\"article\" \/>\n<meta property=\"og:title\" content=\"Comisi\u00f3n Transici\u00f3n Ecol\u00f3gica - Salto Ecol\u00f3gico\" \/>\n<meta property=\"og:description\" content=\"T\u00edtulo: La Palma no merece oscuridad: exigencia de rigor y futuro energ\u00e9tico digno En la \u00faltima sesi\u00f3n de la Comisi\u00f3n de Transici\u00f3n Ecol\u00f3gica del Parlamento de Canarias, el sistema el\u00e9ctrico de La Palma volvi\u00f3 a situarse en el centro del debate. No por m\u00e9ritos de innovaci\u00f3n, ni por su contribuci\u00f3n a la transici\u00f3n energ\u00e9tica, sino [&hellip;]\" \/>\n<meta property=\"og:url\" content=\"https:\/\/saltoecologico.es\/index.php\/2025\/06\/20\/comision-transicion-ecologica\/\" \/>\n<meta property=\"og:site_name\" content=\"Salto Ecol\u00f3gico\" \/>\n<meta property=\"article:publisher\" content=\"https:\/\/www.facebook.com\/Saltotransicionecologica\" \/>\n<meta property=\"article:published_time\" content=\"2025-06-20T21:16:24+00:00\" \/>\n<meta property=\"article:modified_time\" content=\"2025-06-20T21:16:25+00:00\" \/>\n<meta property=\"og:image\" content=\"https:\/\/saltoecologico.es\/wp-content\/uploads\/2025\/06\/Comision.jpg\" \/>\n\t<meta property=\"og:image:width\" content=\"1024\" \/>\n\t<meta property=\"og:image:height\" content=\"683\" \/>\n\t<meta property=\"og:image:type\" content=\"image\/jpeg\" \/>\n<meta name=\"author\" content=\"admin\" \/>\n<meta name=\"twitter:card\" content=\"summary_large_image\" \/>\n<meta name=\"twitter:label1\" content=\"Escrito por\" \/>\n\t<meta name=\"twitter:data1\" content=\"admin\" \/>\n\t<meta name=\"twitter:label2\" content=\"Tiempo de lectura\" \/>\n\t<meta name=\"twitter:data2\" content=\"3 minutos\" \/>\n<script type=\"application\/ld+json\" class=\"yoast-schema-graph\">{\"@context\":\"https:\\\/\\\/schema.org\",\"@graph\":[{\"@type\":\"Article\",\"@id\":\"https:\\\/\\\/saltoecologico.es\\\/index.php\\\/2025\\\/06\\\/20\\\/comision-transicion-ecologica\\\/#article\",\"isPartOf\":{\"@id\":\"https:\\\/\\\/saltoecologico.es\\\/index.php\\\/2025\\\/06\\\/20\\\/comision-transicion-ecologica\\\/\"},\"author\":{\"name\":\"admin\",\"@id\":\"https:\\\/\\\/saltoecologico.es\\\/#\\\/schema\\\/person\\\/7175eec4b3c123d86c675313c3a01a0b\"},\"headline\":\"Comisi\u00f3n Transici\u00f3n Ecol\u00f3gica\",\"datePublished\":\"2025-06-20T21:16:24+00:00\",\"dateModified\":\"2025-06-20T21:16:25+00:00\",\"mainEntityOfPage\":{\"@id\":\"https:\\\/\\\/saltoecologico.es\\\/index.php\\\/2025\\\/06\\\/20\\\/comision-transicion-ecologica\\\/\"},\"wordCount\":701,\"commentCount\":0,\"publisher\":{\"@id\":\"https:\\\/\\\/saltoecologico.es\\\/#organization\"},\"image\":{\"@id\":\"https:\\\/\\\/saltoecologico.es\\\/index.php\\\/2025\\\/06\\\/20\\\/comision-transicion-ecologica\\\/#primaryimage\"},\"thumbnailUrl\":\"https:\\\/\\\/saltoecologico.es\\\/wp-content\\\/uploads\\\/2025\\\/06\\\/Comision.jpg\",\"articleSection\":[\"Sistema el\u00e9ctrico\"],\"inLanguage\":\"es\",\"potentialAction\":[{\"@type\":\"CommentAction\",\"name\":\"Comment\",\"target\":[\"https:\\\/\\\/saltoecologico.es\\\/index.php\\\/2025\\\/06\\\/20\\\/comision-transicion-ecologica\\\/#respond\"]}]},{\"@type\":\"WebPage\",\"@id\":\"https:\\\/\\\/saltoecologico.es\\\/index.php\\\/2025\\\/06\\\/20\\\/comision-transicion-ecologica\\\/\",\"url\":\"https:\\\/\\\/saltoecologico.es\\\/index.php\\\/2025\\\/06\\\/20\\\/comision-transicion-ecologica\\\/\",\"name\":\"Comisi\u00f3n Transici\u00f3n Ecol\u00f3gica - Salto Ecol\u00f3gico\",\"isPartOf\":{\"@id\":\"https:\\\/\\\/saltoecologico.es\\\/#website\"},\"primaryImageOfPage\":{\"@id\":\"https:\\\/\\\/saltoecologico.es\\\/index.php\\\/2025\\\/06\\\/20\\\/comision-transicion-ecologica\\\/#primaryimage\"},\"image\":{\"@id\":\"https:\\\/\\\/saltoecologico.es\\\/index.php\\\/2025\\\/06\\\/20\\\/comision-transicion-ecologica\\\/#primaryimage\"},\"thumbnailUrl\":\"https:\\\/\\\/saltoecologico.es\\\/wp-content\\\/uploads\\\/2025\\\/06\\\/Comision.jpg\",\"datePublished\":\"2025-06-20T21:16:24+00:00\",\"dateModified\":\"2025-06-20T21:16:25+00:00\",\"breadcrumb\":{\"@id\":\"https:\\\/\\\/saltoecologico.es\\\/index.php\\\/2025\\\/06\\\/20\\\/comision-transicion-ecologica\\\/#breadcrumb\"},\"inLanguage\":\"es\",\"potentialAction\":[{\"@type\":\"ReadAction\",\"target\":[\"https:\\\/\\\/saltoecologico.es\\\/index.php\\\/2025\\\/06\\\/20\\\/comision-transicion-ecologica\\\/\"]}]},{\"@type\":\"ImageObject\",\"inLanguage\":\"es\",\"@id\":\"https:\\\/\\\/saltoecologico.es\\\/index.php\\\/2025\\\/06\\\/20\\\/comision-transicion-ecologica\\\/#primaryimage\",\"url\":\"https:\\\/\\\/saltoecologico.es\\\/wp-content\\\/uploads\\\/2025\\\/06\\\/Comision.jpg\",\"contentUrl\":\"https:\\\/\\\/saltoecologico.es\\\/wp-content\\\/uploads\\\/2025\\\/06\\\/Comision.jpg\",\"width\":1024,\"height\":683},{\"@type\":\"BreadcrumbList\",\"@id\":\"https:\\\/\\\/saltoecologico.es\\\/index.php\\\/2025\\\/06\\\/20\\\/comision-transicion-ecologica\\\/#breadcrumb\",\"itemListElement\":[{\"@type\":\"ListItem\",\"position\":1,\"name\":\"Portada\",\"item\":\"https:\\\/\\\/saltoecologico.es\\\/\"},{\"@type\":\"ListItem\",\"position\":2,\"name\":\"Comisi\u00f3n Transici\u00f3n Ecol\u00f3gica\"}]},{\"@type\":\"WebSite\",\"@id\":\"https:\\\/\\\/saltoecologico.es\\\/#website\",\"url\":\"https:\\\/\\\/saltoecologico.es\\\/\",\"name\":\"Salto Ecol\u00f3gico\",\"description\":\"\",\"publisher\":{\"@id\":\"https:\\\/\\\/saltoecologico.es\\\/#organization\"},\"potentialAction\":[{\"@type\":\"SearchAction\",\"target\":{\"@type\":\"EntryPoint\",\"urlTemplate\":\"https:\\\/\\\/saltoecologico.es\\\/?s={search_term_string}\"},\"query-input\":{\"@type\":\"PropertyValueSpecification\",\"valueRequired\":true,\"valueName\":\"search_term_string\"}}],\"inLanguage\":\"es\"},{\"@type\":\"Organization\",\"@id\":\"https:\\\/\\\/saltoecologico.es\\\/#organization\",\"name\":\"Salto a la Transici\u00f3n Ecol\u00f3gica\",\"url\":\"https:\\\/\\\/saltoecologico.es\\\/\",\"logo\":{\"@type\":\"ImageObject\",\"inLanguage\":\"es\",\"@id\":\"https:\\\/\\\/saltoecologico.es\\\/#\\\/schema\\\/logo\\\/image\\\/\",\"url\":\"https:\\\/\\\/saltoecologico.es\\\/wp-content\\\/uploads\\\/2025\\\/04\\\/Logo-STE.jpg\",\"contentUrl\":\"https:\\\/\\\/saltoecologico.es\\\/wp-content\\\/uploads\\\/2025\\\/04\\\/Logo-STE.jpg\",\"width\":435,\"height\":435,\"caption\":\"Salto a la Transici\u00f3n Ecol\u00f3gica\"},\"image\":{\"@id\":\"https:\\\/\\\/saltoecologico.es\\\/#\\\/schema\\\/logo\\\/image\\\/\"},\"sameAs\":[\"https:\\\/\\\/www.facebook.com\\\/Saltotransicionecologica\"]},{\"@type\":\"Person\",\"@id\":\"https:\\\/\\\/saltoecologico.es\\\/#\\\/schema\\\/person\\\/7175eec4b3c123d86c675313c3a01a0b\",\"name\":\"admin\",\"image\":{\"@type\":\"ImageObject\",\"inLanguage\":\"es\",\"@id\":\"https:\\\/\\\/secure.gravatar.com\\\/avatar\\\/4c215dc57bbc7b2f2f470ac9bd197f3f112636a584e575a732d0206a2d9c9806?s=96&d=mm&r=g\",\"url\":\"https:\\\/\\\/secure.gravatar.com\\\/avatar\\\/4c215dc57bbc7b2f2f470ac9bd197f3f112636a584e575a732d0206a2d9c9806?s=96&d=mm&r=g\",\"contentUrl\":\"https:\\\/\\\/secure.gravatar.com\\\/avatar\\\/4c215dc57bbc7b2f2f470ac9bd197f3f112636a584e575a732d0206a2d9c9806?s=96&d=mm&r=g\",\"caption\":\"admin\"},\"sameAs\":[\"https:\\\/\\\/saltoecologico.es\"],\"url\":\"https:\\\/\\\/saltoecologico.es\\\/index.php\\\/author\\\/saltoecologico\\\/\"}]}<\/script>\n<!-- \/ Yoast SEO plugin. -->","yoast_head_json":{"title":"Comisi\u00f3n Transici\u00f3n Ecol\u00f3gica - Salto Ecol\u00f3gico","robots":{"index":"index","follow":"follow","max-snippet":"max-snippet:-1","max-image-preview":"max-image-preview:large","max-video-preview":"max-video-preview:-1"},"canonical":"https:\/\/saltoecologico.es\/index.php\/2025\/06\/20\/comision-transicion-ecologica\/","og_locale":"es_ES","og_type":"article","og_title":"Comisi\u00f3n Transici\u00f3n Ecol\u00f3gica - Salto Ecol\u00f3gico","og_description":"T\u00edtulo: La Palma no merece oscuridad: exigencia de rigor y futuro energ\u00e9tico digno En la \u00faltima sesi\u00f3n de la Comisi\u00f3n de Transici\u00f3n Ecol\u00f3gica del Parlamento de Canarias, el sistema el\u00e9ctrico de La Palma volvi\u00f3 a situarse en el centro del debate. No por m\u00e9ritos de innovaci\u00f3n, ni por su contribuci\u00f3n a la transici\u00f3n energ\u00e9tica, sino [&hellip;]","og_url":"https:\/\/saltoecologico.es\/index.php\/2025\/06\/20\/comision-transicion-ecologica\/","og_site_name":"Salto Ecol\u00f3gico","article_publisher":"https:\/\/www.facebook.com\/Saltotransicionecologica","article_published_time":"2025-06-20T21:16:24+00:00","article_modified_time":"2025-06-20T21:16:25+00:00","og_image":[{"width":1024,"height":683,"url":"https:\/\/saltoecologico.es\/wp-content\/uploads\/2025\/06\/Comision.jpg","type":"image\/jpeg"}],"author":"admin","twitter_card":"summary_large_image","twitter_misc":{"Escrito por":"admin","Tiempo de lectura":"3 minutos"},"schema":{"@context":"https:\/\/schema.org","@graph":[{"@type":"Article","@id":"https:\/\/saltoecologico.es\/index.php\/2025\/06\/20\/comision-transicion-ecologica\/#article","isPartOf":{"@id":"https:\/\/saltoecologico.es\/index.php\/2025\/06\/20\/comision-transicion-ecologica\/"},"author":{"name":"admin","@id":"https:\/\/saltoecologico.es\/#\/schema\/person\/7175eec4b3c123d86c675313c3a01a0b"},"headline":"Comisi\u00f3n Transici\u00f3n Ecol\u00f3gica","datePublished":"2025-06-20T21:16:24+00:00","dateModified":"2025-06-20T21:16:25+00:00","mainEntityOfPage":{"@id":"https:\/\/saltoecologico.es\/index.php\/2025\/06\/20\/comision-transicion-ecologica\/"},"wordCount":701,"commentCount":0,"publisher":{"@id":"https:\/\/saltoecologico.es\/#organization"},"image":{"@id":"https:\/\/saltoecologico.es\/index.php\/2025\/06\/20\/comision-transicion-ecologica\/#primaryimage"},"thumbnailUrl":"https:\/\/saltoecologico.es\/wp-content\/uploads\/2025\/06\/Comision.jpg","articleSection":["Sistema el\u00e9ctrico"],"inLanguage":"es","potentialAction":[{"@type":"CommentAction","name":"Comment","target":["https:\/\/saltoecologico.es\/index.php\/2025\/06\/20\/comision-transicion-ecologica\/#respond"]}]},{"@type":"WebPage","@id":"https:\/\/saltoecologico.es\/index.php\/2025\/06\/20\/comision-transicion-ecologica\/","url":"https:\/\/saltoecologico.es\/index.php\/2025\/06\/20\/comision-transicion-ecologica\/","name":"Comisi\u00f3n Transici\u00f3n Ecol\u00f3gica - Salto Ecol\u00f3gico","isPartOf":{"@id":"https:\/\/saltoecologico.es\/#website"},"primaryImageOfPage":{"@id":"https:\/\/saltoecologico.es\/index.php\/2025\/06\/20\/comision-transicion-ecologica\/#primaryimage"},"image":{"@id":"https:\/\/saltoecologico.es\/index.php\/2025\/06\/20\/comision-transicion-ecologica\/#primaryimage"},"thumbnailUrl":"https:\/\/saltoecologico.es\/wp-content\/uploads\/2025\/06\/Comision.jpg","datePublished":"2025-06-20T21:16:24+00:00","dateModified":"2025-06-20T21:16:25+00:00","breadcrumb":{"@id":"https:\/\/saltoecologico.es\/index.php\/2025\/06\/20\/comision-transicion-ecologica\/#breadcrumb"},"inLanguage":"es","potentialAction":[{"@type":"ReadAction","target":["https:\/\/saltoecologico.es\/index.php\/2025\/06\/20\/comision-transicion-ecologica\/"]}]},{"@type":"ImageObject","inLanguage":"es","@id":"https:\/\/saltoecologico.es\/index.php\/2025\/06\/20\/comision-transicion-ecologica\/#primaryimage","url":"https:\/\/saltoecologico.es\/wp-content\/uploads\/2025\/06\/Comision.jpg","contentUrl":"https:\/\/saltoecologico.es\/wp-content\/uploads\/2025\/06\/Comision.jpg","width":1024,"height":683},{"@type":"BreadcrumbList","@id":"https:\/\/saltoecologico.es\/index.php\/2025\/06\/20\/comision-transicion-ecologica\/#breadcrumb","itemListElement":[{"@type":"ListItem","position":1,"name":"Portada","item":"https:\/\/saltoecologico.es\/"},{"@type":"ListItem","position":2,"name":"Comisi\u00f3n Transici\u00f3n Ecol\u00f3gica"}]},{"@type":"WebSite","@id":"https:\/\/saltoecologico.es\/#website","url":"https:\/\/saltoecologico.es\/","name":"Salto Ecol\u00f3gico","description":"","publisher":{"@id":"https:\/\/saltoecologico.es\/#organization"},"potentialAction":[{"@type":"SearchAction","target":{"@type":"EntryPoint","urlTemplate":"https:\/\/saltoecologico.es\/?s={search_term_string}"},"query-input":{"@type":"PropertyValueSpecification","valueRequired":true,"valueName":"search_term_string"}}],"inLanguage":"es"},{"@type":"Organization","@id":"https:\/\/saltoecologico.es\/#organization","name":"Salto a la Transici\u00f3n Ecol\u00f3gica","url":"https:\/\/saltoecologico.es\/","logo":{"@type":"ImageObject","inLanguage":"es","@id":"https:\/\/saltoecologico.es\/#\/schema\/logo\/image\/","url":"https:\/\/saltoecologico.es\/wp-content\/uploads\/2025\/04\/Logo-STE.jpg","contentUrl":"https:\/\/saltoecologico.es\/wp-content\/uploads\/2025\/04\/Logo-STE.jpg","width":435,"height":435,"caption":"Salto a la Transici\u00f3n Ecol\u00f3gica"},"image":{"@id":"https:\/\/saltoecologico.es\/#\/schema\/logo\/image\/"},"sameAs":["https:\/\/www.facebook.com\/Saltotransicionecologica"]},{"@type":"Person","@id":"https:\/\/saltoecologico.es\/#\/schema\/person\/7175eec4b3c123d86c675313c3a01a0b","name":"admin","image":{"@type":"ImageObject","inLanguage":"es","@id":"https:\/\/secure.gravatar.com\/avatar\/4c215dc57bbc7b2f2f470ac9bd197f3f112636a584e575a732d0206a2d9c9806?s=96&d=mm&r=g","url":"https:\/\/secure.gravatar.com\/avatar\/4c215dc57bbc7b2f2f470ac9bd197f3f112636a584e575a732d0206a2d9c9806?s=96&d=mm&r=g","contentUrl":"https:\/\/secure.gravatar.com\/avatar\/4c215dc57bbc7b2f2f470ac9bd197f3f112636a584e575a732d0206a2d9c9806?s=96&d=mm&r=g","caption":"admin"},"sameAs":["https:\/\/saltoecologico.es"],"url":"https:\/\/saltoecologico.es\/index.php\/author\/saltoecologico\/"}]}},"_links":{"self":[{"href":"https:\/\/saltoecologico.es\/index.php\/wp-json\/wp\/v2\/posts\/1157","targetHints":{"allow":["GET"]}}],"collection":[{"href":"https:\/\/saltoecologico.es\/index.php\/wp-json\/wp\/v2\/posts"}],"about":[{"href":"https:\/\/saltoecologico.es\/index.php\/wp-json\/wp\/v2\/types\/post"}],"author":[{"embeddable":true,"href":"https:\/\/saltoecologico.es\/index.php\/wp-json\/wp\/v2\/users\/1"}],"replies":[{"embeddable":true,"href":"https:\/\/saltoecologico.es\/index.php\/wp-json\/wp\/v2\/comments?post=1157"}],"version-history":[{"count":1,"href":"https:\/\/saltoecologico.es\/index.php\/wp-json\/wp\/v2\/posts\/1157\/revisions"}],"predecessor-version":[{"id":1159,"href":"https:\/\/saltoecologico.es\/index.php\/wp-json\/wp\/v2\/posts\/1157\/revisions\/1159"}],"wp:featuredmedia":[{"embeddable":true,"href":"https:\/\/saltoecologico.es\/index.php\/wp-json\/wp\/v2\/media\/1158"}],"wp:attachment":[{"href":"https:\/\/saltoecologico.es\/index.php\/wp-json\/wp\/v2\/media?parent=1157"}],"wp:term":[{"taxonomy":"category","embeddable":true,"href":"https:\/\/saltoecologico.es\/index.php\/wp-json\/wp\/v2\/categories?post=1157"},{"taxonomy":"post_tag","embeddable":true,"href":"https:\/\/saltoecologico.es\/index.php\/wp-json\/wp\/v2\/tags?post=1157"}],"curies":[{"name":"wp","href":"https:\/\/api.w.org\/{rel}","templated":true}]}}