{"id":1160,"date":"2025-06-26T10:44:27","date_gmt":"2025-06-26T10:44:27","guid":{"rendered":"https:\/\/saltoecologico.es\/?p=1160"},"modified":"2025-06-26T10:44:29","modified_gmt":"2025-06-26T10:44:29","slug":"una-emergencia-discutible","status":"publish","type":"post","link":"https:\/\/saltoecologico.es\/index.php\/2025\/06\/26\/una-emergencia-discutible\/","title":{"rendered":"Una emergencia discutible"},"content":{"rendered":"\n<h1 class=\"wp-block-heading\">UNA EMERGENCIA DISCUTIBLE<\/h1>\n\n\n\n<p class=\"wp-block-paragraph\">En una parcela costera del pol\u00edgono de Salinetas, en el municipio de Telde, se proyecta levantar una planta de generaci\u00f3n el\u00e9ctrica de emergencia compuesta por ocho motogeneradores de gas propano, con una potencia conjunta de 14,8 MW. Junto a ellos, se instalar\u00e1n dos tanques horizontales de 200 m\u00b3 dentro del recinto y una esfera exterior de 1.000 m\u00b3 conectada a las instalaciones. Todo esto, a escasa distancia de playas, viviendas y otras infraestructuras industriales ya existentes.<\/p>\n\n\n\n<p class=\"wp-block-paragraph\">Con una inversi\u00f3n que supera los 25 millones de euros, esta planta est\u00e1 promovida por DISA GENERACI\u00d3N bajo el argumento de cubrir una \u201cnecesidad urgente\u201d del sistema el\u00e9ctrico insular. Pero, \u00bfes realmente una soluci\u00f3n de emergencia o estamos ante un nuevo episodio de improvisaci\u00f3n energ\u00e9tica con consecuencias duraderas?<\/p>\n\n\n\n<h2 class=\"wp-block-heading\">\u00bfQu\u00e9 entendemos por \u201cemergencia\u201d?<\/h2>\n\n\n\n<p class=\"wp-block-paragraph\">El discurso oficial sit\u00faa esta planta como un refuerzo indispensable frente a un riesgo inminente de apagones. Sin embargo, los propios informes de Red El\u00e9ctrica de Espa\u00f1a se\u00f1alan una disponibilidad del sistema el\u00e9ctrico canario superior al 97% en 2023. No estamos, por tanto, ante una crisis estructural, sino ante una necesidad t\u00e9cnica puntual de garantizar estabilidad en momentos cr\u00edticos o ante fallos individuales.<\/p>\n\n\n\n<p class=\"wp-block-paragraph\">Es una diferencia clave. Porque si no hay una emergencia sostenida, \u00bfjustifica eso una infraestructura tan cara, voluminosa y contaminante? \u00bfNo existen otras formas de reforzar la seguridad del sistema sin comprometer el futuro energ\u00e9tico de la isla?<\/p>\n\n\n\n<h2 class=\"wp-block-heading\">Una inversi\u00f3n que no se parece a algo \u201ctemporal\u201d<\/h2>\n\n\n\n<p class=\"wp-block-paragraph\">La etiqueta de \u201ctemporal\u201d acompa\u00f1a a este proyecto como si se tratara de una soluci\u00f3n ligera y f\u00e1cilmente reversible. Pero la realidad es que una instalaci\u00f3n con subestaci\u00f3n el\u00e9ctrica propia, grandes dep\u00f3sitos de gas y motores industriales, dif\u00edcilmente puede entenderse como algo provisional. Menos a\u00fan cuando su vida \u00fatil puede alcanzar los 25 o 30 a\u00f1os o m\u00e1s, si no se establecen compromisos firmes de desmantelamiento.<\/p>\n\n\n\n<p class=\"wp-block-paragraph\">Es leg\u00edtimo preguntarse: \u00bftemporal para qui\u00e9n? \u00bfPara la empresa que amortizar\u00e1 su inversi\u00f3n durante d\u00e9cadas? \u00bfO para la ciudadan\u00eda, que deber\u00e1 convivir con los riesgos, las emisiones y la presencia de esta instalaci\u00f3n a escasos metros del mar?<\/p>\n\n\n\n<h2 class=\"wp-block-heading\">\u00bfY si miramos hacia adelante, no hacia atr\u00e1s?<\/h2>\n\n\n\n<p class=\"wp-block-paragraph\">La transici\u00f3n energ\u00e9tica en Canarias no puede permitirse contradicciones tan flagrantes. Mientras se anuncia el impulso de proyectos de hidr\u00f3geno verde y almacenamiento en bater\u00edas, se invierte en instalaciones de combustibles f\u00f3siles con impacto paisaj\u00edstico, ambiental y social.<\/p>\n\n\n\n<p class=\"wp-block-paragraph\">La planta de Salinetas, incluso si ofrece cierta flexibilidad futura para usar hidr\u00f3geno o biopropano, nacer\u00e1 quemando propano f\u00f3sil. En lugar de caminar hacia soluciones limpias, seguras y descentralizadas, retrocedemos hacia infraestructuras de alto riesgo y baja sostenibilidad. Todo ello bajo la coartada de una urgencia que no se sostiene con datos p\u00fablicos.<\/p>\n\n\n\n<h2 class=\"wp-block-heading\">La energ\u00eda que mueve una comunidad<\/h2>\n\n\n\n<p class=\"wp-block-paragraph\">Lo que est\u00e1 en juego no es solo una planta, sino el tipo de futuro que elegimos para Canarias. Un futuro que debe construirse con sentido com\u00fan, transparencia y participaci\u00f3n ciudadana.<\/p>\n\n\n\n<p class=\"wp-block-paragraph\">Detr\u00e1s de cada decisi\u00f3n energ\u00e9tica hay una dimensi\u00f3n humana que no puede ignorarse: la calidad del aire, la seguridad de las personas, el respeto al territorio, la justicia intergeneracional. No podemos permitirnos inversiones de ayer para los desaf\u00edos de ma\u00f1ana.<\/p>\n\n\n\n<p class=\"wp-block-paragraph\">Si de verdad esta planta es necesaria, que lo demuestren con transparencia, con planes vinculantes de desmantelamiento y con evaluaciones ambientales rigurosas. Pero si hay alternativas m\u00e1s limpias y seguras \u2014como todo parece indicar\u2014, entonces esta obra no es una emergencia\u2026 es una equivocaci\u00f3n estrat\u00e9gica.<\/p>\n","protected":false},"excerpt":{"rendered":"<p>UNA EMERGENCIA DISCUTIBLE En una parcela costera del pol\u00edgono de Salinetas, en el municipio de Telde, se proyecta levantar una planta de generaci\u00f3n el\u00e9ctrica de emergencia compuesta por ocho motogeneradores de gas propano, con una potencia conjunta de 14,8 MW. Junto a ellos, se instalar\u00e1n dos tanques horizontales de 200 m\u00b3 dentro del recinto y [&hellip;]<\/p>\n","protected":false},"author":1,"featured_media":1161,"comment_status":"open","ping_status":"open","sticky":false,"template":"","format":"standard","meta":{"footnotes":""},"categories":[55],"tags":[],"class_list":["post-1160","post","type-post","status-publish","format-standard","has-post-thumbnail","category-general"],"yoast_head":"<!-- This site is optimized with the Yoast SEO plugin v28.2 - https:\/\/yoast.com\/product\/yoast-seo-wordpress\/ -->\n<title>Una emergencia discutible - Salto Ecol\u00f3gico<\/title>\n<meta name=\"robots\" content=\"index, follow, max-snippet:-1, max-image-preview:large, max-video-preview:-1\" \/>\n<link rel=\"canonical\" href=\"https:\/\/saltoecologico.es\/index.php\/2025\/06\/26\/una-emergencia-discutible\/\" \/>\n<meta property=\"og:locale\" content=\"es_ES\" \/>\n<meta property=\"og:type\" content=\"article\" \/>\n<meta property=\"og:title\" content=\"Una emergencia discutible - Salto Ecol\u00f3gico\" \/>\n<meta property=\"og:description\" content=\"UNA EMERGENCIA DISCUTIBLE En una parcela costera del pol\u00edgono de Salinetas, en el municipio de Telde, se proyecta levantar una planta de generaci\u00f3n el\u00e9ctrica de emergencia compuesta por ocho motogeneradores de gas propano, con una potencia conjunta de 14,8 MW. Junto a ellos, se instalar\u00e1n dos tanques horizontales de 200 m\u00b3 dentro del recinto y [&hellip;]\" \/>\n<meta property=\"og:url\" content=\"https:\/\/saltoecologico.es\/index.php\/2025\/06\/26\/una-emergencia-discutible\/\" \/>\n<meta property=\"og:site_name\" content=\"Salto Ecol\u00f3gico\" \/>\n<meta property=\"article:publisher\" content=\"https:\/\/www.facebook.com\/Saltotransicionecologica\" \/>\n<meta property=\"article:published_time\" content=\"2025-06-26T10:44:27+00:00\" \/>\n<meta property=\"article:modified_time\" content=\"2025-06-26T10:44:29+00:00\" \/>\n<meta property=\"og:image\" content=\"https:\/\/saltoecologico.es\/wp-content\/uploads\/2025\/06\/Propano.jpg\" \/>\n\t<meta property=\"og:image:width\" content=\"1024\" \/>\n\t<meta property=\"og:image:height\" content=\"683\" \/>\n\t<meta property=\"og:image:type\" content=\"image\/jpeg\" \/>\n<meta name=\"author\" content=\"admin\" \/>\n<meta name=\"twitter:card\" content=\"summary_large_image\" \/>\n<meta name=\"twitter:label1\" content=\"Escrito por\" \/>\n\t<meta name=\"twitter:data1\" content=\"admin\" \/>\n\t<meta name=\"twitter:label2\" content=\"Tiempo de lectura\" \/>\n\t<meta name=\"twitter:data2\" content=\"3 minutos\" \/>\n<script type=\"application\/ld+json\" class=\"yoast-schema-graph\">{\"@context\":\"https:\\\/\\\/schema.org\",\"@graph\":[{\"@type\":\"Article\",\"@id\":\"https:\\\/\\\/saltoecologico.es\\\/index.php\\\/2025\\\/06\\\/26\\\/una-emergencia-discutible\\\/#article\",\"isPartOf\":{\"@id\":\"https:\\\/\\\/saltoecologico.es\\\/index.php\\\/2025\\\/06\\\/26\\\/una-emergencia-discutible\\\/\"},\"author\":{\"name\":\"admin\",\"@id\":\"https:\\\/\\\/saltoecologico.es\\\/#\\\/schema\\\/person\\\/7175eec4b3c123d86c675313c3a01a0b\"},\"headline\":\"Una emergencia discutible\",\"datePublished\":\"2025-06-26T10:44:27+00:00\",\"dateModified\":\"2025-06-26T10:44:29+00:00\",\"mainEntityOfPage\":{\"@id\":\"https:\\\/\\\/saltoecologico.es\\\/index.php\\\/2025\\\/06\\\/26\\\/una-emergencia-discutible\\\/\"},\"wordCount\":619,\"commentCount\":0,\"publisher\":{\"@id\":\"https:\\\/\\\/saltoecologico.es\\\/#organization\"},\"image\":{\"@id\":\"https:\\\/\\\/saltoecologico.es\\\/index.php\\\/2025\\\/06\\\/26\\\/una-emergencia-discutible\\\/#primaryimage\"},\"thumbnailUrl\":\"https:\\\/\\\/saltoecologico.es\\\/wp-content\\\/uploads\\\/2025\\\/06\\\/Propano.jpg\",\"articleSection\":[\"General\"],\"inLanguage\":\"es\",\"potentialAction\":[{\"@type\":\"CommentAction\",\"name\":\"Comment\",\"target\":[\"https:\\\/\\\/saltoecologico.es\\\/index.php\\\/2025\\\/06\\\/26\\\/una-emergencia-discutible\\\/#respond\"]}]},{\"@type\":\"WebPage\",\"@id\":\"https:\\\/\\\/saltoecologico.es\\\/index.php\\\/2025\\\/06\\\/26\\\/una-emergencia-discutible\\\/\",\"url\":\"https:\\\/\\\/saltoecologico.es\\\/index.php\\\/2025\\\/06\\\/26\\\/una-emergencia-discutible\\\/\",\"name\":\"Una emergencia discutible - Salto Ecol\u00f3gico\",\"isPartOf\":{\"@id\":\"https:\\\/\\\/saltoecologico.es\\\/#website\"},\"primaryImageOfPage\":{\"@id\":\"https:\\\/\\\/saltoecologico.es\\\/index.php\\\/2025\\\/06\\\/26\\\/una-emergencia-discutible\\\/#primaryimage\"},\"image\":{\"@id\":\"https:\\\/\\\/saltoecologico.es\\\/index.php\\\/2025\\\/06\\\/26\\\/una-emergencia-discutible\\\/#primaryimage\"},\"thumbnailUrl\":\"https:\\\/\\\/saltoecologico.es\\\/wp-content\\\/uploads\\\/2025\\\/06\\\/Propano.jpg\",\"datePublished\":\"2025-06-26T10:44:27+00:00\",\"dateModified\":\"2025-06-26T10:44:29+00:00\",\"breadcrumb\":{\"@id\":\"https:\\\/\\\/saltoecologico.es\\\/index.php\\\/2025\\\/06\\\/26\\\/una-emergencia-discutible\\\/#breadcrumb\"},\"inLanguage\":\"es\",\"potentialAction\":[{\"@type\":\"ReadAction\",\"target\":[\"https:\\\/\\\/saltoecologico.es\\\/index.php\\\/2025\\\/06\\\/26\\\/una-emergencia-discutible\\\/\"]}]},{\"@type\":\"ImageObject\",\"inLanguage\":\"es\",\"@id\":\"https:\\\/\\\/saltoecologico.es\\\/index.php\\\/2025\\\/06\\\/26\\\/una-emergencia-discutible\\\/#primaryimage\",\"url\":\"https:\\\/\\\/saltoecologico.es\\\/wp-content\\\/uploads\\\/2025\\\/06\\\/Propano.jpg\",\"contentUrl\":\"https:\\\/\\\/saltoecologico.es\\\/wp-content\\\/uploads\\\/2025\\\/06\\\/Propano.jpg\",\"width\":1024,\"height\":683},{\"@type\":\"BreadcrumbList\",\"@id\":\"https:\\\/\\\/saltoecologico.es\\\/index.php\\\/2025\\\/06\\\/26\\\/una-emergencia-discutible\\\/#breadcrumb\",\"itemListElement\":[{\"@type\":\"ListItem\",\"position\":1,\"name\":\"Portada\",\"item\":\"https:\\\/\\\/saltoecologico.es\\\/\"},{\"@type\":\"ListItem\",\"position\":2,\"name\":\"Una emergencia discutible\"}]},{\"@type\":\"WebSite\",\"@id\":\"https:\\\/\\\/saltoecologico.es\\\/#website\",\"url\":\"https:\\\/\\\/saltoecologico.es\\\/\",\"name\":\"Salto Ecol\u00f3gico\",\"description\":\"\",\"publisher\":{\"@id\":\"https:\\\/\\\/saltoecologico.es\\\/#organization\"},\"potentialAction\":[{\"@type\":\"SearchAction\",\"target\":{\"@type\":\"EntryPoint\",\"urlTemplate\":\"https:\\\/\\\/saltoecologico.es\\\/?s={search_term_string}\"},\"query-input\":{\"@type\":\"PropertyValueSpecification\",\"valueRequired\":true,\"valueName\":\"search_term_string\"}}],\"inLanguage\":\"es\"},{\"@type\":\"Organization\",\"@id\":\"https:\\\/\\\/saltoecologico.es\\\/#organization\",\"name\":\"Salto a la Transici\u00f3n Ecol\u00f3gica\",\"url\":\"https:\\\/\\\/saltoecologico.es\\\/\",\"logo\":{\"@type\":\"ImageObject\",\"inLanguage\":\"es\",\"@id\":\"https:\\\/\\\/saltoecologico.es\\\/#\\\/schema\\\/logo\\\/image\\\/\",\"url\":\"https:\\\/\\\/saltoecologico.es\\\/wp-content\\\/uploads\\\/2025\\\/04\\\/Logo-STE.jpg\",\"contentUrl\":\"https:\\\/\\\/saltoecologico.es\\\/wp-content\\\/uploads\\\/2025\\\/04\\\/Logo-STE.jpg\",\"width\":435,\"height\":435,\"caption\":\"Salto a la Transici\u00f3n Ecol\u00f3gica\"},\"image\":{\"@id\":\"https:\\\/\\\/saltoecologico.es\\\/#\\\/schema\\\/logo\\\/image\\\/\"},\"sameAs\":[\"https:\\\/\\\/www.facebook.com\\\/Saltotransicionecologica\"]},{\"@type\":\"Person\",\"@id\":\"https:\\\/\\\/saltoecologico.es\\\/#\\\/schema\\\/person\\\/7175eec4b3c123d86c675313c3a01a0b\",\"name\":\"admin\",\"image\":{\"@type\":\"ImageObject\",\"inLanguage\":\"es\",\"@id\":\"https:\\\/\\\/secure.gravatar.com\\\/avatar\\\/4c215dc57bbc7b2f2f470ac9bd197f3f112636a584e575a732d0206a2d9c9806?s=96&d=mm&r=g\",\"url\":\"https:\\\/\\\/secure.gravatar.com\\\/avatar\\\/4c215dc57bbc7b2f2f470ac9bd197f3f112636a584e575a732d0206a2d9c9806?s=96&d=mm&r=g\",\"contentUrl\":\"https:\\\/\\\/secure.gravatar.com\\\/avatar\\\/4c215dc57bbc7b2f2f470ac9bd197f3f112636a584e575a732d0206a2d9c9806?s=96&d=mm&r=g\",\"caption\":\"admin\"},\"sameAs\":[\"https:\\\/\\\/saltoecologico.es\"],\"url\":\"https:\\\/\\\/saltoecologico.es\\\/index.php\\\/author\\\/saltoecologico\\\/\"}]}<\/script>\n<!-- \/ Yoast SEO plugin. -->","yoast_head_json":{"title":"Una emergencia discutible - Salto Ecol\u00f3gico","robots":{"index":"index","follow":"follow","max-snippet":"max-snippet:-1","max-image-preview":"max-image-preview:large","max-video-preview":"max-video-preview:-1"},"canonical":"https:\/\/saltoecologico.es\/index.php\/2025\/06\/26\/una-emergencia-discutible\/","og_locale":"es_ES","og_type":"article","og_title":"Una emergencia discutible - Salto Ecol\u00f3gico","og_description":"UNA EMERGENCIA DISCUTIBLE En una parcela costera del pol\u00edgono de Salinetas, en el municipio de Telde, se proyecta levantar una planta de generaci\u00f3n el\u00e9ctrica de emergencia compuesta por ocho motogeneradores de gas propano, con una potencia conjunta de 14,8 MW. Junto a ellos, se instalar\u00e1n dos tanques horizontales de 200 m\u00b3 dentro del recinto y [&hellip;]","og_url":"https:\/\/saltoecologico.es\/index.php\/2025\/06\/26\/una-emergencia-discutible\/","og_site_name":"Salto Ecol\u00f3gico","article_publisher":"https:\/\/www.facebook.com\/Saltotransicionecologica","article_published_time":"2025-06-26T10:44:27+00:00","article_modified_time":"2025-06-26T10:44:29+00:00","og_image":[{"width":1024,"height":683,"url":"https:\/\/saltoecologico.es\/wp-content\/uploads\/2025\/06\/Propano.jpg","type":"image\/jpeg"}],"author":"admin","twitter_card":"summary_large_image","twitter_misc":{"Escrito por":"admin","Tiempo de lectura":"3 minutos"},"schema":{"@context":"https:\/\/schema.org","@graph":[{"@type":"Article","@id":"https:\/\/saltoecologico.es\/index.php\/2025\/06\/26\/una-emergencia-discutible\/#article","isPartOf":{"@id":"https:\/\/saltoecologico.es\/index.php\/2025\/06\/26\/una-emergencia-discutible\/"},"author":{"name":"admin","@id":"https:\/\/saltoecologico.es\/#\/schema\/person\/7175eec4b3c123d86c675313c3a01a0b"},"headline":"Una emergencia discutible","datePublished":"2025-06-26T10:44:27+00:00","dateModified":"2025-06-26T10:44:29+00:00","mainEntityOfPage":{"@id":"https:\/\/saltoecologico.es\/index.php\/2025\/06\/26\/una-emergencia-discutible\/"},"wordCount":619,"commentCount":0,"publisher":{"@id":"https:\/\/saltoecologico.es\/#organization"},"image":{"@id":"https:\/\/saltoecologico.es\/index.php\/2025\/06\/26\/una-emergencia-discutible\/#primaryimage"},"thumbnailUrl":"https:\/\/saltoecologico.es\/wp-content\/uploads\/2025\/06\/Propano.jpg","articleSection":["General"],"inLanguage":"es","potentialAction":[{"@type":"CommentAction","name":"Comment","target":["https:\/\/saltoecologico.es\/index.php\/2025\/06\/26\/una-emergencia-discutible\/#respond"]}]},{"@type":"WebPage","@id":"https:\/\/saltoecologico.es\/index.php\/2025\/06\/26\/una-emergencia-discutible\/","url":"https:\/\/saltoecologico.es\/index.php\/2025\/06\/26\/una-emergencia-discutible\/","name":"Una emergencia discutible - Salto Ecol\u00f3gico","isPartOf":{"@id":"https:\/\/saltoecologico.es\/#website"},"primaryImageOfPage":{"@id":"https:\/\/saltoecologico.es\/index.php\/2025\/06\/26\/una-emergencia-discutible\/#primaryimage"},"image":{"@id":"https:\/\/saltoecologico.es\/index.php\/2025\/06\/26\/una-emergencia-discutible\/#primaryimage"},"thumbnailUrl":"https:\/\/saltoecologico.es\/wp-content\/uploads\/2025\/06\/Propano.jpg","datePublished":"2025-06-26T10:44:27+00:00","dateModified":"2025-06-26T10:44:29+00:00","breadcrumb":{"@id":"https:\/\/saltoecologico.es\/index.php\/2025\/06\/26\/una-emergencia-discutible\/#breadcrumb"},"inLanguage":"es","potentialAction":[{"@type":"ReadAction","target":["https:\/\/saltoecologico.es\/index.php\/2025\/06\/26\/una-emergencia-discutible\/"]}]},{"@type":"ImageObject","inLanguage":"es","@id":"https:\/\/saltoecologico.es\/index.php\/2025\/06\/26\/una-emergencia-discutible\/#primaryimage","url":"https:\/\/saltoecologico.es\/wp-content\/uploads\/2025\/06\/Propano.jpg","contentUrl":"https:\/\/saltoecologico.es\/wp-content\/uploads\/2025\/06\/Propano.jpg","width":1024,"height":683},{"@type":"BreadcrumbList","@id":"https:\/\/saltoecologico.es\/index.php\/2025\/06\/26\/una-emergencia-discutible\/#breadcrumb","itemListElement":[{"@type":"ListItem","position":1,"name":"Portada","item":"https:\/\/saltoecologico.es\/"},{"@type":"ListItem","position":2,"name":"Una emergencia discutible"}]},{"@type":"WebSite","@id":"https:\/\/saltoecologico.es\/#website","url":"https:\/\/saltoecologico.es\/","name":"Salto Ecol\u00f3gico","description":"","publisher":{"@id":"https:\/\/saltoecologico.es\/#organization"},"potentialAction":[{"@type":"SearchAction","target":{"@type":"EntryPoint","urlTemplate":"https:\/\/saltoecologico.es\/?s={search_term_string}"},"query-input":{"@type":"PropertyValueSpecification","valueRequired":true,"valueName":"search_term_string"}}],"inLanguage":"es"},{"@type":"Organization","@id":"https:\/\/saltoecologico.es\/#organization","name":"Salto a la Transici\u00f3n Ecol\u00f3gica","url":"https:\/\/saltoecologico.es\/","logo":{"@type":"ImageObject","inLanguage":"es","@id":"https:\/\/saltoecologico.es\/#\/schema\/logo\/image\/","url":"https:\/\/saltoecologico.es\/wp-content\/uploads\/2025\/04\/Logo-STE.jpg","contentUrl":"https:\/\/saltoecologico.es\/wp-content\/uploads\/2025\/04\/Logo-STE.jpg","width":435,"height":435,"caption":"Salto a la Transici\u00f3n Ecol\u00f3gica"},"image":{"@id":"https:\/\/saltoecologico.es\/#\/schema\/logo\/image\/"},"sameAs":["https:\/\/www.facebook.com\/Saltotransicionecologica"]},{"@type":"Person","@id":"https:\/\/saltoecologico.es\/#\/schema\/person\/7175eec4b3c123d86c675313c3a01a0b","name":"admin","image":{"@type":"ImageObject","inLanguage":"es","@id":"https:\/\/secure.gravatar.com\/avatar\/4c215dc57bbc7b2f2f470ac9bd197f3f112636a584e575a732d0206a2d9c9806?s=96&d=mm&r=g","url":"https:\/\/secure.gravatar.com\/avatar\/4c215dc57bbc7b2f2f470ac9bd197f3f112636a584e575a732d0206a2d9c9806?s=96&d=mm&r=g","contentUrl":"https:\/\/secure.gravatar.com\/avatar\/4c215dc57bbc7b2f2f470ac9bd197f3f112636a584e575a732d0206a2d9c9806?s=96&d=mm&r=g","caption":"admin"},"sameAs":["https:\/\/saltoecologico.es"],"url":"https:\/\/saltoecologico.es\/index.php\/author\/saltoecologico\/"}]}},"_links":{"self":[{"href":"https:\/\/saltoecologico.es\/index.php\/wp-json\/wp\/v2\/posts\/1160","targetHints":{"allow":["GET"]}}],"collection":[{"href":"https:\/\/saltoecologico.es\/index.php\/wp-json\/wp\/v2\/posts"}],"about":[{"href":"https:\/\/saltoecologico.es\/index.php\/wp-json\/wp\/v2\/types\/post"}],"author":[{"embeddable":true,"href":"https:\/\/saltoecologico.es\/index.php\/wp-json\/wp\/v2\/users\/1"}],"replies":[{"embeddable":true,"href":"https:\/\/saltoecologico.es\/index.php\/wp-json\/wp\/v2\/comments?post=1160"}],"version-history":[{"count":1,"href":"https:\/\/saltoecologico.es\/index.php\/wp-json\/wp\/v2\/posts\/1160\/revisions"}],"predecessor-version":[{"id":1162,"href":"https:\/\/saltoecologico.es\/index.php\/wp-json\/wp\/v2\/posts\/1160\/revisions\/1162"}],"wp:featuredmedia":[{"embeddable":true,"href":"https:\/\/saltoecologico.es\/index.php\/wp-json\/wp\/v2\/media\/1161"}],"wp:attachment":[{"href":"https:\/\/saltoecologico.es\/index.php\/wp-json\/wp\/v2\/media?parent=1160"}],"wp:term":[{"taxonomy":"category","embeddable":true,"href":"https:\/\/saltoecologico.es\/index.php\/wp-json\/wp\/v2\/categories?post=1160"},{"taxonomy":"post_tag","embeddable":true,"href":"https:\/\/saltoecologico.es\/index.php\/wp-json\/wp\/v2\/tags?post=1160"}],"curies":[{"name":"wp","href":"https:\/\/api.w.org\/{rel}","templated":true}]}}