{"id":1164,"date":"2025-06-27T11:34:24","date_gmt":"2025-06-27T11:34:24","guid":{"rendered":"https:\/\/saltoecologico.es\/?p=1164"},"modified":"2025-06-27T11:34:25","modified_gmt":"2025-06-27T11:34:25","slug":"la-auditoria-que-no-vimos","status":"publish","type":"post","link":"https:\/\/saltoecologico.es\/index.php\/2025\/06\/27\/la-auditoria-que-no-vimos\/","title":{"rendered":"La auditor\u00eda que no vimos"},"content":{"rendered":"\n<h3 class=\"wp-block-heading\"><strong>Esa auditor\u00eda que no vimos (ni sabemos si existe)<\/strong><\/h3>\n\n\n\n<p class=\"wp-block-paragraph\">En pol\u00edtica, como en la vida, hay respuestas que suenan a evasiva antes incluso de terminar de pronunciarse. Y eso fue exactamente lo que ocurri\u00f3 cuando, en plena Comisi\u00f3n de Transici\u00f3n Ecol\u00f3gica, el consejero anunci\u00f3 que <strong>la auditor\u00eda prometida sobre el sistema el\u00e9ctrico canario ya se hab\u00eda hecho\u2026 por los propios funcionarios de su departamento<\/strong>.<\/p>\n\n\n\n<p class=\"wp-block-paragraph\">\u00bfPerd\u00f3n?<\/p>\n\n\n\n<p class=\"wp-block-paragraph\">La afirmaci\u00f3n cay\u00f3 como una gota tibia en un oc\u00e9ano de dudas. Porque si realmente se hizo, \u00bfd\u00f3nde est\u00e1? \u00bfQu\u00e9 metodolog\u00eda se emple\u00f3? \u00bfQu\u00e9 sistemas se auditaron? \u00bfQu\u00e9 conclusiones se extrajeron? <strong>Nada se explic\u00f3. Nada se entreg\u00f3. Nada se mostr\u00f3.<\/strong> Solo se nos pidi\u00f3 que crey\u00e9ramos en su existencia como quien cree en un acto de fe. Y en materia energ\u00e9tica, la fe sirve de poco.<\/p>\n\n\n\n<p class=\"wp-block-paragraph\">Podemos admitir que hay muchos funcionarios p\u00fablicos en Canarias preparados y comprometidos. Lo sabemos. Pero de ah\u00ed a pensar que <strong>pueden acometer una auditor\u00eda t\u00e9cnica y exhaustiva sobre todo un sistema el\u00e9ctrico insular, va un trecho largo.<\/strong> Cualquiera que haya trabajado m\u00ednimamente en este campo sabe que los sistemas de generaci\u00f3n, transporte y distribuci\u00f3n tienen complejidades propias y, sobre todo, que <strong>no basta con haber estado cerca para saber evaluarlos<\/strong>.<\/p>\n\n\n\n<p class=\"wp-block-paragraph\">De hecho, seamos honestos: <strong>los propios t\u00e9cnicos de las empresas del sector tienen \u00e1reas muy delimitadas de competencia.<\/strong> Un ingeniero que lleva diez a\u00f1os operando l\u00edneas de alta tensi\u00f3n no se pondr\u00e1 a evaluar una turbina de gas, ni al rev\u00e9s. La especializaci\u00f3n es absoluta. As\u00ed que pretender que un reducido grupo de funcionarios, ajenos al sistema, pueda realizar esa auditor\u00eda de forma rigurosa, es como decir que un buen m\u00e9dico de familia puede sustituir al equipo completo de un quir\u00f3fano cardiol\u00f3gico.<\/p>\n\n\n\n<p class=\"wp-block-paragraph\">Y aqu\u00ed entra una cuesti\u00f3n a\u00fan m\u00e1s inc\u00f3moda: <strong>\u00bfc\u00f3mo va a auditar la administraci\u00f3n\u2026 a la administraci\u00f3n?<\/strong> Porque uno de los objetivos esenciales de cualquier auditor\u00eda seria deber\u00eda ser tambi\u00e9n <strong>evaluar el papel de las propias instituciones p\u00fablicas<\/strong>, su capacidad de supervisi\u00f3n, los controles que han fallado, las alertas que no se atendieron o los procedimientos que no se aplicaron. Eso solo se puede hacer <strong>desde fuera<\/strong>, y con plena autonom\u00eda.<\/p>\n\n\n\n<p class=\"wp-block-paragraph\">En el caso de La Palma, donde los \u201cceros energ\u00e9ticos\u201d se han convertido casi en parte del calendario, lo m\u00ednimo que merece la ciudadan\u00eda es un diagn\u00f3stico claro, serio y completo. Porque hablar de auditor\u00eda y no acompa\u00f1arla de pruebas, de datos o de documentos verificables, no es hacer pol\u00edtica: <strong>es jugar con las palabras para ganar tiempo.<\/strong><\/p>\n\n\n\n<p class=\"wp-block-paragraph\">Quiz\u00e1 alguien crea que basta con mencionar la palabra \u201cauditor\u00eda\u201d para dar por cumplido el expediente. Pero no. Si no se publica el m\u00e9todo, si no se hacen p\u00fablicas las conclusiones, si no se sabe siquiera <strong>qu\u00e9 se ha mirado y qu\u00e9 se ha dejado de mirar<\/strong>, entonces no hablamos de una auditor\u00eda. Hablamos, con suerte, de una inspecci\u00f3n t\u00e9cnica. Y con menos suerte, de una excusa.<\/p>\n\n\n\n<p class=\"wp-block-paragraph\">El sistema el\u00e9ctrico canario no necesita m\u00e1s ruido, necesita certezas. Y para eso hace falta coraje institucional, voluntad de rendir cuentas y una auditor\u00eda de verdad. Una que venga firmada por profesionales independientes, que se publique sin filtros, y que diga con claridad qu\u00e9 funciona, qu\u00e9 no y por qu\u00e9.<\/p>\n\n\n\n<p class=\"wp-block-paragraph\"><strong>Los ciudadanos lo merecen. Y la democracia tambi\u00e9n.<\/strong><\/p>\n\n\n\n<hr class=\"wp-block-separator has-alpha-channel-opacity\"\/>\n\n\n\n<p class=\"wp-block-paragraph\"><\/p>\n","protected":false},"excerpt":{"rendered":"<p>Esa auditor\u00eda que no vimos (ni sabemos si existe) En pol\u00edtica, como en la vida, hay respuestas que suenan a evasiva antes incluso de terminar de pronunciarse. Y eso fue exactamente lo que ocurri\u00f3 cuando, en plena Comisi\u00f3n de Transici\u00f3n Ecol\u00f3gica, el consejero anunci\u00f3 que la auditor\u00eda prometida sobre el sistema el\u00e9ctrico canario ya se [&hellip;]<\/p>\n","protected":false},"author":1,"featured_media":1165,"comment_status":"open","ping_status":"open","sticky":false,"template":"","format":"standard","meta":{"footnotes":""},"categories":[55],"tags":[],"class_list":["post-1164","post","type-post","status-publish","format-standard","has-post-thumbnail","category-general"],"yoast_head":"<!-- This site is optimized with the Yoast SEO plugin v28.2 - https:\/\/yoast.com\/product\/yoast-seo-wordpress\/ -->\n<title>La auditor\u00eda que no vimos - Salto Ecol\u00f3gico<\/title>\n<meta name=\"robots\" content=\"index, follow, max-snippet:-1, max-image-preview:large, max-video-preview:-1\" \/>\n<link rel=\"canonical\" href=\"https:\/\/saltoecologico.es\/index.php\/2025\/06\/27\/la-auditoria-que-no-vimos\/\" \/>\n<meta property=\"og:locale\" content=\"es_ES\" \/>\n<meta property=\"og:type\" content=\"article\" \/>\n<meta property=\"og:title\" content=\"La auditor\u00eda que no vimos - Salto Ecol\u00f3gico\" \/>\n<meta property=\"og:description\" content=\"Esa auditor\u00eda que no vimos (ni sabemos si existe) En pol\u00edtica, como en la vida, hay respuestas que suenan a evasiva antes incluso de terminar de pronunciarse. Y eso fue exactamente lo que ocurri\u00f3 cuando, en plena Comisi\u00f3n de Transici\u00f3n Ecol\u00f3gica, el consejero anunci\u00f3 que la auditor\u00eda prometida sobre el sistema el\u00e9ctrico canario ya se [&hellip;]\" \/>\n<meta property=\"og:url\" content=\"https:\/\/saltoecologico.es\/index.php\/2025\/06\/27\/la-auditoria-que-no-vimos\/\" \/>\n<meta property=\"og:site_name\" content=\"Salto Ecol\u00f3gico\" \/>\n<meta property=\"article:publisher\" content=\"https:\/\/www.facebook.com\/Saltotransicionecologica\" \/>\n<meta property=\"article:published_time\" content=\"2025-06-27T11:34:24+00:00\" \/>\n<meta property=\"article:modified_time\" content=\"2025-06-27T11:34:25+00:00\" \/>\n<meta property=\"og:image\" content=\"https:\/\/saltoecologico.es\/wp-content\/uploads\/2025\/06\/Auditoria.jpg\" \/>\n\t<meta property=\"og:image:width\" content=\"1024\" \/>\n\t<meta property=\"og:image:height\" content=\"683\" \/>\n\t<meta property=\"og:image:type\" content=\"image\/jpeg\" \/>\n<meta name=\"author\" content=\"admin\" \/>\n<meta name=\"twitter:card\" content=\"summary_large_image\" \/>\n<meta name=\"twitter:label1\" content=\"Escrito por\" \/>\n\t<meta name=\"twitter:data1\" content=\"admin\" \/>\n\t<meta name=\"twitter:label2\" content=\"Tiempo de lectura\" \/>\n\t<meta name=\"twitter:data2\" content=\"3 minutos\" \/>\n<script type=\"application\/ld+json\" class=\"yoast-schema-graph\">{\"@context\":\"https:\\\/\\\/schema.org\",\"@graph\":[{\"@type\":\"Article\",\"@id\":\"https:\\\/\\\/saltoecologico.es\\\/index.php\\\/2025\\\/06\\\/27\\\/la-auditoria-que-no-vimos\\\/#article\",\"isPartOf\":{\"@id\":\"https:\\\/\\\/saltoecologico.es\\\/index.php\\\/2025\\\/06\\\/27\\\/la-auditoria-que-no-vimos\\\/\"},\"author\":{\"name\":\"admin\",\"@id\":\"https:\\\/\\\/saltoecologico.es\\\/#\\\/schema\\\/person\\\/7175eec4b3c123d86c675313c3a01a0b\"},\"headline\":\"La auditor\u00eda que no vimos\",\"datePublished\":\"2025-06-27T11:34:24+00:00\",\"dateModified\":\"2025-06-27T11:34:25+00:00\",\"mainEntityOfPage\":{\"@id\":\"https:\\\/\\\/saltoecologico.es\\\/index.php\\\/2025\\\/06\\\/27\\\/la-auditoria-que-no-vimos\\\/\"},\"wordCount\":605,\"commentCount\":0,\"publisher\":{\"@id\":\"https:\\\/\\\/saltoecologico.es\\\/#organization\"},\"image\":{\"@id\":\"https:\\\/\\\/saltoecologico.es\\\/index.php\\\/2025\\\/06\\\/27\\\/la-auditoria-que-no-vimos\\\/#primaryimage\"},\"thumbnailUrl\":\"https:\\\/\\\/saltoecologico.es\\\/wp-content\\\/uploads\\\/2025\\\/06\\\/Auditoria.jpg\",\"articleSection\":[\"General\"],\"inLanguage\":\"es\",\"potentialAction\":[{\"@type\":\"CommentAction\",\"name\":\"Comment\",\"target\":[\"https:\\\/\\\/saltoecologico.es\\\/index.php\\\/2025\\\/06\\\/27\\\/la-auditoria-que-no-vimos\\\/#respond\"]}]},{\"@type\":\"WebPage\",\"@id\":\"https:\\\/\\\/saltoecologico.es\\\/index.php\\\/2025\\\/06\\\/27\\\/la-auditoria-que-no-vimos\\\/\",\"url\":\"https:\\\/\\\/saltoecologico.es\\\/index.php\\\/2025\\\/06\\\/27\\\/la-auditoria-que-no-vimos\\\/\",\"name\":\"La auditor\u00eda que no vimos - Salto Ecol\u00f3gico\",\"isPartOf\":{\"@id\":\"https:\\\/\\\/saltoecologico.es\\\/#website\"},\"primaryImageOfPage\":{\"@id\":\"https:\\\/\\\/saltoecologico.es\\\/index.php\\\/2025\\\/06\\\/27\\\/la-auditoria-que-no-vimos\\\/#primaryimage\"},\"image\":{\"@id\":\"https:\\\/\\\/saltoecologico.es\\\/index.php\\\/2025\\\/06\\\/27\\\/la-auditoria-que-no-vimos\\\/#primaryimage\"},\"thumbnailUrl\":\"https:\\\/\\\/saltoecologico.es\\\/wp-content\\\/uploads\\\/2025\\\/06\\\/Auditoria.jpg\",\"datePublished\":\"2025-06-27T11:34:24+00:00\",\"dateModified\":\"2025-06-27T11:34:25+00:00\",\"breadcrumb\":{\"@id\":\"https:\\\/\\\/saltoecologico.es\\\/index.php\\\/2025\\\/06\\\/27\\\/la-auditoria-que-no-vimos\\\/#breadcrumb\"},\"inLanguage\":\"es\",\"potentialAction\":[{\"@type\":\"ReadAction\",\"target\":[\"https:\\\/\\\/saltoecologico.es\\\/index.php\\\/2025\\\/06\\\/27\\\/la-auditoria-que-no-vimos\\\/\"]}]},{\"@type\":\"ImageObject\",\"inLanguage\":\"es\",\"@id\":\"https:\\\/\\\/saltoecologico.es\\\/index.php\\\/2025\\\/06\\\/27\\\/la-auditoria-que-no-vimos\\\/#primaryimage\",\"url\":\"https:\\\/\\\/saltoecologico.es\\\/wp-content\\\/uploads\\\/2025\\\/06\\\/Auditoria.jpg\",\"contentUrl\":\"https:\\\/\\\/saltoecologico.es\\\/wp-content\\\/uploads\\\/2025\\\/06\\\/Auditoria.jpg\",\"width\":1024,\"height\":683},{\"@type\":\"BreadcrumbList\",\"@id\":\"https:\\\/\\\/saltoecologico.es\\\/index.php\\\/2025\\\/06\\\/27\\\/la-auditoria-que-no-vimos\\\/#breadcrumb\",\"itemListElement\":[{\"@type\":\"ListItem\",\"position\":1,\"name\":\"Portada\",\"item\":\"https:\\\/\\\/saltoecologico.es\\\/\"},{\"@type\":\"ListItem\",\"position\":2,\"name\":\"La auditor\u00eda que no vimos\"}]},{\"@type\":\"WebSite\",\"@id\":\"https:\\\/\\\/saltoecologico.es\\\/#website\",\"url\":\"https:\\\/\\\/saltoecologico.es\\\/\",\"name\":\"Salto Ecol\u00f3gico\",\"description\":\"\",\"publisher\":{\"@id\":\"https:\\\/\\\/saltoecologico.es\\\/#organization\"},\"potentialAction\":[{\"@type\":\"SearchAction\",\"target\":{\"@type\":\"EntryPoint\",\"urlTemplate\":\"https:\\\/\\\/saltoecologico.es\\\/?s={search_term_string}\"},\"query-input\":{\"@type\":\"PropertyValueSpecification\",\"valueRequired\":true,\"valueName\":\"search_term_string\"}}],\"inLanguage\":\"es\"},{\"@type\":\"Organization\",\"@id\":\"https:\\\/\\\/saltoecologico.es\\\/#organization\",\"name\":\"Salto a la Transici\u00f3n Ecol\u00f3gica\",\"url\":\"https:\\\/\\\/saltoecologico.es\\\/\",\"logo\":{\"@type\":\"ImageObject\",\"inLanguage\":\"es\",\"@id\":\"https:\\\/\\\/saltoecologico.es\\\/#\\\/schema\\\/logo\\\/image\\\/\",\"url\":\"https:\\\/\\\/saltoecologico.es\\\/wp-content\\\/uploads\\\/2025\\\/04\\\/Logo-STE.jpg\",\"contentUrl\":\"https:\\\/\\\/saltoecologico.es\\\/wp-content\\\/uploads\\\/2025\\\/04\\\/Logo-STE.jpg\",\"width\":435,\"height\":435,\"caption\":\"Salto a la Transici\u00f3n Ecol\u00f3gica\"},\"image\":{\"@id\":\"https:\\\/\\\/saltoecologico.es\\\/#\\\/schema\\\/logo\\\/image\\\/\"},\"sameAs\":[\"https:\\\/\\\/www.facebook.com\\\/Saltotransicionecologica\"]},{\"@type\":\"Person\",\"@id\":\"https:\\\/\\\/saltoecologico.es\\\/#\\\/schema\\\/person\\\/7175eec4b3c123d86c675313c3a01a0b\",\"name\":\"admin\",\"image\":{\"@type\":\"ImageObject\",\"inLanguage\":\"es\",\"@id\":\"https:\\\/\\\/secure.gravatar.com\\\/avatar\\\/4c215dc57bbc7b2f2f470ac9bd197f3f112636a584e575a732d0206a2d9c9806?s=96&d=mm&r=g\",\"url\":\"https:\\\/\\\/secure.gravatar.com\\\/avatar\\\/4c215dc57bbc7b2f2f470ac9bd197f3f112636a584e575a732d0206a2d9c9806?s=96&d=mm&r=g\",\"contentUrl\":\"https:\\\/\\\/secure.gravatar.com\\\/avatar\\\/4c215dc57bbc7b2f2f470ac9bd197f3f112636a584e575a732d0206a2d9c9806?s=96&d=mm&r=g\",\"caption\":\"admin\"},\"sameAs\":[\"https:\\\/\\\/saltoecologico.es\"],\"url\":\"https:\\\/\\\/saltoecologico.es\\\/index.php\\\/author\\\/saltoecologico\\\/\"}]}<\/script>\n<!-- \/ Yoast SEO plugin. -->","yoast_head_json":{"title":"La auditor\u00eda que no vimos - Salto Ecol\u00f3gico","robots":{"index":"index","follow":"follow","max-snippet":"max-snippet:-1","max-image-preview":"max-image-preview:large","max-video-preview":"max-video-preview:-1"},"canonical":"https:\/\/saltoecologico.es\/index.php\/2025\/06\/27\/la-auditoria-que-no-vimos\/","og_locale":"es_ES","og_type":"article","og_title":"La auditor\u00eda que no vimos - Salto Ecol\u00f3gico","og_description":"Esa auditor\u00eda que no vimos (ni sabemos si existe) En pol\u00edtica, como en la vida, hay respuestas que suenan a evasiva antes incluso de terminar de pronunciarse. Y eso fue exactamente lo que ocurri\u00f3 cuando, en plena Comisi\u00f3n de Transici\u00f3n Ecol\u00f3gica, el consejero anunci\u00f3 que la auditor\u00eda prometida sobre el sistema el\u00e9ctrico canario ya se [&hellip;]","og_url":"https:\/\/saltoecologico.es\/index.php\/2025\/06\/27\/la-auditoria-que-no-vimos\/","og_site_name":"Salto Ecol\u00f3gico","article_publisher":"https:\/\/www.facebook.com\/Saltotransicionecologica","article_published_time":"2025-06-27T11:34:24+00:00","article_modified_time":"2025-06-27T11:34:25+00:00","og_image":[{"width":1024,"height":683,"url":"https:\/\/saltoecologico.es\/wp-content\/uploads\/2025\/06\/Auditoria.jpg","type":"image\/jpeg"}],"author":"admin","twitter_card":"summary_large_image","twitter_misc":{"Escrito por":"admin","Tiempo de lectura":"3 minutos"},"schema":{"@context":"https:\/\/schema.org","@graph":[{"@type":"Article","@id":"https:\/\/saltoecologico.es\/index.php\/2025\/06\/27\/la-auditoria-que-no-vimos\/#article","isPartOf":{"@id":"https:\/\/saltoecologico.es\/index.php\/2025\/06\/27\/la-auditoria-que-no-vimos\/"},"author":{"name":"admin","@id":"https:\/\/saltoecologico.es\/#\/schema\/person\/7175eec4b3c123d86c675313c3a01a0b"},"headline":"La auditor\u00eda que no vimos","datePublished":"2025-06-27T11:34:24+00:00","dateModified":"2025-06-27T11:34:25+00:00","mainEntityOfPage":{"@id":"https:\/\/saltoecologico.es\/index.php\/2025\/06\/27\/la-auditoria-que-no-vimos\/"},"wordCount":605,"commentCount":0,"publisher":{"@id":"https:\/\/saltoecologico.es\/#organization"},"image":{"@id":"https:\/\/saltoecologico.es\/index.php\/2025\/06\/27\/la-auditoria-que-no-vimos\/#primaryimage"},"thumbnailUrl":"https:\/\/saltoecologico.es\/wp-content\/uploads\/2025\/06\/Auditoria.jpg","articleSection":["General"],"inLanguage":"es","potentialAction":[{"@type":"CommentAction","name":"Comment","target":["https:\/\/saltoecologico.es\/index.php\/2025\/06\/27\/la-auditoria-que-no-vimos\/#respond"]}]},{"@type":"WebPage","@id":"https:\/\/saltoecologico.es\/index.php\/2025\/06\/27\/la-auditoria-que-no-vimos\/","url":"https:\/\/saltoecologico.es\/index.php\/2025\/06\/27\/la-auditoria-que-no-vimos\/","name":"La auditor\u00eda que no vimos - Salto Ecol\u00f3gico","isPartOf":{"@id":"https:\/\/saltoecologico.es\/#website"},"primaryImageOfPage":{"@id":"https:\/\/saltoecologico.es\/index.php\/2025\/06\/27\/la-auditoria-que-no-vimos\/#primaryimage"},"image":{"@id":"https:\/\/saltoecologico.es\/index.php\/2025\/06\/27\/la-auditoria-que-no-vimos\/#primaryimage"},"thumbnailUrl":"https:\/\/saltoecologico.es\/wp-content\/uploads\/2025\/06\/Auditoria.jpg","datePublished":"2025-06-27T11:34:24+00:00","dateModified":"2025-06-27T11:34:25+00:00","breadcrumb":{"@id":"https:\/\/saltoecologico.es\/index.php\/2025\/06\/27\/la-auditoria-que-no-vimos\/#breadcrumb"},"inLanguage":"es","potentialAction":[{"@type":"ReadAction","target":["https:\/\/saltoecologico.es\/index.php\/2025\/06\/27\/la-auditoria-que-no-vimos\/"]}]},{"@type":"ImageObject","inLanguage":"es","@id":"https:\/\/saltoecologico.es\/index.php\/2025\/06\/27\/la-auditoria-que-no-vimos\/#primaryimage","url":"https:\/\/saltoecologico.es\/wp-content\/uploads\/2025\/06\/Auditoria.jpg","contentUrl":"https:\/\/saltoecologico.es\/wp-content\/uploads\/2025\/06\/Auditoria.jpg","width":1024,"height":683},{"@type":"BreadcrumbList","@id":"https:\/\/saltoecologico.es\/index.php\/2025\/06\/27\/la-auditoria-que-no-vimos\/#breadcrumb","itemListElement":[{"@type":"ListItem","position":1,"name":"Portada","item":"https:\/\/saltoecologico.es\/"},{"@type":"ListItem","position":2,"name":"La auditor\u00eda que no vimos"}]},{"@type":"WebSite","@id":"https:\/\/saltoecologico.es\/#website","url":"https:\/\/saltoecologico.es\/","name":"Salto Ecol\u00f3gico","description":"","publisher":{"@id":"https:\/\/saltoecologico.es\/#organization"},"potentialAction":[{"@type":"SearchAction","target":{"@type":"EntryPoint","urlTemplate":"https:\/\/saltoecologico.es\/?s={search_term_string}"},"query-input":{"@type":"PropertyValueSpecification","valueRequired":true,"valueName":"search_term_string"}}],"inLanguage":"es"},{"@type":"Organization","@id":"https:\/\/saltoecologico.es\/#organization","name":"Salto a la Transici\u00f3n Ecol\u00f3gica","url":"https:\/\/saltoecologico.es\/","logo":{"@type":"ImageObject","inLanguage":"es","@id":"https:\/\/saltoecologico.es\/#\/schema\/logo\/image\/","url":"https:\/\/saltoecologico.es\/wp-content\/uploads\/2025\/04\/Logo-STE.jpg","contentUrl":"https:\/\/saltoecologico.es\/wp-content\/uploads\/2025\/04\/Logo-STE.jpg","width":435,"height":435,"caption":"Salto a la Transici\u00f3n Ecol\u00f3gica"},"image":{"@id":"https:\/\/saltoecologico.es\/#\/schema\/logo\/image\/"},"sameAs":["https:\/\/www.facebook.com\/Saltotransicionecologica"]},{"@type":"Person","@id":"https:\/\/saltoecologico.es\/#\/schema\/person\/7175eec4b3c123d86c675313c3a01a0b","name":"admin","image":{"@type":"ImageObject","inLanguage":"es","@id":"https:\/\/secure.gravatar.com\/avatar\/4c215dc57bbc7b2f2f470ac9bd197f3f112636a584e575a732d0206a2d9c9806?s=96&d=mm&r=g","url":"https:\/\/secure.gravatar.com\/avatar\/4c215dc57bbc7b2f2f470ac9bd197f3f112636a584e575a732d0206a2d9c9806?s=96&d=mm&r=g","contentUrl":"https:\/\/secure.gravatar.com\/avatar\/4c215dc57bbc7b2f2f470ac9bd197f3f112636a584e575a732d0206a2d9c9806?s=96&d=mm&r=g","caption":"admin"},"sameAs":["https:\/\/saltoecologico.es"],"url":"https:\/\/saltoecologico.es\/index.php\/author\/saltoecologico\/"}]}},"_links":{"self":[{"href":"https:\/\/saltoecologico.es\/index.php\/wp-json\/wp\/v2\/posts\/1164","targetHints":{"allow":["GET"]}}],"collection":[{"href":"https:\/\/saltoecologico.es\/index.php\/wp-json\/wp\/v2\/posts"}],"about":[{"href":"https:\/\/saltoecologico.es\/index.php\/wp-json\/wp\/v2\/types\/post"}],"author":[{"embeddable":true,"href":"https:\/\/saltoecologico.es\/index.php\/wp-json\/wp\/v2\/users\/1"}],"replies":[{"embeddable":true,"href":"https:\/\/saltoecologico.es\/index.php\/wp-json\/wp\/v2\/comments?post=1164"}],"version-history":[{"count":1,"href":"https:\/\/saltoecologico.es\/index.php\/wp-json\/wp\/v2\/posts\/1164\/revisions"}],"predecessor-version":[{"id":1166,"href":"https:\/\/saltoecologico.es\/index.php\/wp-json\/wp\/v2\/posts\/1164\/revisions\/1166"}],"wp:featuredmedia":[{"embeddable":true,"href":"https:\/\/saltoecologico.es\/index.php\/wp-json\/wp\/v2\/media\/1165"}],"wp:attachment":[{"href":"https:\/\/saltoecologico.es\/index.php\/wp-json\/wp\/v2\/media?parent=1164"}],"wp:term":[{"taxonomy":"category","embeddable":true,"href":"https:\/\/saltoecologico.es\/index.php\/wp-json\/wp\/v2\/categories?post=1164"},{"taxonomy":"post_tag","embeddable":true,"href":"https:\/\/saltoecologico.es\/index.php\/wp-json\/wp\/v2\/tags?post=1164"}],"curies":[{"name":"wp","href":"https:\/\/api.w.org\/{rel}","templated":true}]}}