{"id":1167,"date":"2025-07-02T21:58:02","date_gmt":"2025-07-02T21:58:02","guid":{"rendered":"https:\/\/saltoecologico.es\/?p=1167"},"modified":"2025-07-02T22:00:21","modified_gmt":"2025-07-02T22:00:21","slug":"la-respuesta-de-disa-a-la-zamora","status":"publish","type":"post","link":"https:\/\/saltoecologico.es\/index.php\/2025\/07\/02\/la-respuesta-de-disa-a-la-zamora\/","title":{"rendered":"La respuesta de Disa a La Zamora"},"content":{"rendered":"\n<p class=\"wp-block-paragraph\"><strong>Central de Tigaiga: La Respuesta de DISA No Logra Calmar los Temores de la Comunidad<\/strong><\/p>\n\n\n\n<p class=\"wp-block-paragraph\">La respuesta oficial de DISA a las alegaciones ciudadanas sobre el proyecto de la central de emergencia de 14,8 MW en Los Realejos elude las principales preocupaciones sanitarias y medioambientales. Aunque la empresa insiste en el cumplimiento de la normativa, sus argumentos minimizan la envergadura del proyecto y desestiman las peticiones de estudios de impacto espec\u00edficos y localizados, dejando a los vecinos de La Zamora con una sensaci\u00f3n de indefensi\u00f3n y con sus inquietudes sin resolver.<\/p>\n\n\n\n<p class=\"wp-block-paragraph\">Los vecinos presentaron una serie de alegaciones formales contra la construcci\u00f3n de la \u00abPlanta de Generaci\u00f3n de Emergencia Tigaiga\u00bb, un proyecto de DISA Generaci\u00f3n S.L.U. Las alegaciones, dirigidas a la Direcci\u00f3n General de Energ\u00eda del Gobierno de Canarias, exponen temores fundados sobre la salud p\u00fablica, la contaminaci\u00f3n ac\u00fastica y la degradaci\u00f3n de su entorno residencial.<\/p>\n\n\n\n<p class=\"wp-block-paragraph\">La r\u00e9plica de DISA, fechada el 23 de junio de 2025, intenta rebatir estos puntos. Sin embargo, un an\u00e1lisis cr\u00edtico revela una pauta de ret\u00f3rica evasiva y una incapacidad para abordar la esencia de las preocupaciones de la comunidad.<\/p>\n\n\n\n<p class=\"wp-block-paragraph\"><strong>Sobre la Contaminaci\u00f3n Ac\u00fastica: Una Propuesta Basada en la Confianza<\/strong><\/p>\n\n\n\n<p class=\"wp-block-paragraph\">La cr\u00edtica m\u00e1s contundente de los vecinos se centra en el ruido. Exigen estudios ac\u00fasticos espec\u00edficos para las viviendas m\u00e1s cercanas que garanticen el cumplimiento de los l\u00edmites sonoros nocturnos (45 dB(A)) y diurnos (55 dB(A)).<\/p>\n\n\n\n<p class=\"wp-block-paragraph\">La respuesta de DISA es sorprendente. La empresa afirma que \u00abno es necesario la realizaci\u00f3n de un estudio ac\u00fastico espec\u00edfico\u00bb. Su justificaci\u00f3n es que la zona ya sufre niveles de ruido elevados por la cercan\u00eda de la carretera TF-333, que alcanzan hasta 75 dB. DISA estima que el ruido de la nueva planta \u00abquedar\u00eda neutralizado por el ruido ambiental preexistente\u00bb y promete incorporar \u00abmedidas correctoras adicionales\u00bb solo despu\u00e9s de que la planta est\u00e9 en funcionamiento y <em>si<\/em> se detectan niveles excesivos.<\/p>\n\n\n\n<p class=\"wp-block-paragraph\">Este argumento es profundamente deficiente. Sugerir que a\u00f1adir un nuevo foco de ruido industrial a un entorno ya ruidoso es aceptable ignora los demostrados impactos en la salud de la exposici\u00f3n acumulada al ruido. Para los residentes, este enfoque de \u00abconstruir ahora y medir despu\u00e9s\u00bb es una promesa vac\u00eda que sustituye las garant\u00edas preventivas a las que tienen derecho.<\/p>\n\n\n\n<p class=\"wp-block-paragraph\"><strong>Sobre los Riesgos para la Salud: Un Di\u00e1logo de Sordos<\/strong><\/p>\n\n\n\n<p class=\"wp-block-paragraph\">Los vecinos expresaron su alarma por los riesgos para la salud derivados de los campos electromagn\u00e9ticos (CEM) de baja frecuencia generados por los ocho motores-generadores de gas y la subestaci\u00f3n de la planta, situados a escasos 100 metros de las viviendas. Citando el \u00abprincipio de precauci\u00f3n\u00bb, solicitaron un modelo espec\u00edfico de exposici\u00f3n a los CEM en sus hogares y detalles sobre las medidas de mitigaci\u00f3n.<\/p>\n\n\n\n<p class=\"wp-block-paragraph\">En respuesta, DISA adjunta un \u00abEstudio de Campos Magn\u00e9ticos\u00bb que concluye que los l\u00edmites de radiaci\u00f3n \u00abest\u00e1n muy por debajo de los l\u00edmites t\u00e9cnicos establecidos en la normativa vigente\u00bb. El estudio muestra que el l\u00edmite legal de 100 \u00b5T solo se supera en la proximidad inmediata de los conductores, dentro de un recinto cerrado y de acceso restringido.<\/p>\n\n\n\n<p class=\"wp-block-paragraph\">Sin embargo, esta respuesta no aborda la cuesti\u00f3n de fondo de los vecinos. Su preocupaci\u00f3n no era solo cumplir con el m\u00e1ximo legal, sino conocer los niveles reales de exposici\u00f3n en sus hogares y garantizar que fueran tan bajos como fuera razonablemente posible, un pilar del principio de precauci\u00f3n que invocaron. Al centrarse \u00fanicamente en el l\u00edmite legal, que es muy superior a la exposici\u00f3n dom\u00e9stica habitual, DISA elude la petici\u00f3n de una evaluaci\u00f3n orientada a la seguridad y adaptada al entorno residencial.<\/p>\n\n\n\n<p class=\"wp-block-paragraph\">Adem\u00e1s, la petici\u00f3n de una evaluaci\u00f3n integral del impacto <em>acumulativo<\/em> en la salud p\u00fablica \u2014sumando CEM, contaminaci\u00f3n atmosf\u00e9rica y ruido\u2014 fue respondida asegurando que estos factores se consideraron por separado en el documento ambiental. Este enfoque fragmentado no proporciona la evaluaci\u00f3n de impacto en la salud que es obligatoria para proyectos industriales situados a menos de 500 metros de n\u00facleos residenciales.<\/p>\n\n\n\n<p class=\"wp-block-paragraph\"><strong>Sobre el Paisaje y la Escala del Proyecto: Minimizaci\u00f3n y Tergiversaci\u00f3n<\/strong><\/p>\n\n\n\n<p class=\"wp-block-paragraph\">Las alegaciones describen la zona como \u00abrodeada de viviendas habitadas y de parcelas r\u00fasticas\u00bb y denuncian el impacto negativo que la planta industrial tendr\u00e1 en el entorno residencial y la calidad de vida.<\/p>\n\n\n\n<p class=\"wp-block-paragraph\">DISA responde que la zona ya presenta \u00abdiversas infraestructuras previas\u00bb y que su estado actual \u00abfavorece la inserci\u00f3n del proyecto sin generar un impacto visual significativo\u00bb. Esta afirmaci\u00f3n desestima la experiencia vivida por los residentes y redefine su barrio como un corredor preindustrializado.<\/p>\n\n\n\n<p class=\"wp-block-paragraph\">De forma a\u00fan m\u00e1s reveladora, DISA intenta minimizar la importancia del proyecto comparando la instalaci\u00f3n industrial de 14,8 MW con \u00abun generador el\u00e9ctrico como los que muchas personas tienen en sus viviendas o fincas\u00bb. Esta comparaci\u00f3n es un truco de ret\u00f3rica, dise\u00f1ado para reducir la percepci\u00f3n de un desarrollo industrial que incluye ocho grandes motogeneradores y una subestaci\u00f3n de potencia.<\/p>\n\n\n\n<p class=\"wp-block-paragraph\">Si bien la necesidad de seguridad energ\u00e9tica para prevenir apagones es real, no puede servir como justificaci\u00f3n para anular evaluaciones sanitarias y medioambientales leg\u00edtimas y espec\u00edficas. La respuesta de DISA, caracterizada por sus evasivas y garant\u00edas gen\u00e9ricas, no logra construir la confianza p\u00fablica necesaria para un proyecto de esta magnitud, dejando sin respuesta las peticiones centrales de la comunidad de La Zamora: estudios espec\u00edficos, preventivos e integrales.<\/p>\n\n\n\n<p class=\"wp-block-paragraph\"><strong><a href=\"https:\/\/saltoecologico.es\/wp-content\/uploads\/2025\/07\/DISA-responde.pdf\" target=\"_blank\" rel=\"noreferrer noopener\">La respuesta de DISA<\/a><\/strong><\/p>\n\n\n\n<p class=\"wp-block-paragraph\"><\/p>\n","protected":false},"excerpt":{"rendered":"<p>Central de Tigaiga: La Respuesta de DISA No Logra Calmar los Temores de la Comunidad La respuesta oficial de DISA a las alegaciones ciudadanas sobre el proyecto de la central de emergencia de 14,8 MW en Los Realejos elude las principales preocupaciones sanitarias y medioambientales. Aunque la empresa insiste en el cumplimiento de la normativa, [&hellip;]<\/p>\n","protected":false},"author":1,"featured_media":1168,"comment_status":"open","ping_status":"open","sticky":false,"template":"","format":"standard","meta":{"footnotes":""},"categories":[55],"tags":[],"class_list":["post-1167","post","type-post","status-publish","format-standard","has-post-thumbnail","category-general"],"yoast_head":"<!-- This site is optimized with the Yoast SEO plugin v28.2 - https:\/\/yoast.com\/product\/yoast-seo-wordpress\/ -->\n<title>La respuesta de Disa a La Zamora - Salto Ecol\u00f3gico<\/title>\n<meta name=\"robots\" content=\"index, follow, max-snippet:-1, max-image-preview:large, max-video-preview:-1\" \/>\n<link rel=\"canonical\" href=\"https:\/\/saltoecologico.es\/index.php\/2025\/07\/02\/la-respuesta-de-disa-a-la-zamora\/\" \/>\n<meta property=\"og:locale\" content=\"es_ES\" \/>\n<meta property=\"og:type\" content=\"article\" \/>\n<meta property=\"og:title\" content=\"La respuesta de Disa a La Zamora - Salto Ecol\u00f3gico\" \/>\n<meta property=\"og:description\" content=\"Central de Tigaiga: La Respuesta de DISA No Logra Calmar los Temores de la Comunidad La respuesta oficial de DISA a las alegaciones ciudadanas sobre el proyecto de la central de emergencia de 14,8 MW en Los Realejos elude las principales preocupaciones sanitarias y medioambientales. Aunque la empresa insiste en el cumplimiento de la normativa, [&hellip;]\" \/>\n<meta property=\"og:url\" content=\"https:\/\/saltoecologico.es\/index.php\/2025\/07\/02\/la-respuesta-de-disa-a-la-zamora\/\" \/>\n<meta property=\"og:site_name\" content=\"Salto Ecol\u00f3gico\" \/>\n<meta property=\"article:publisher\" content=\"https:\/\/www.facebook.com\/Saltotransicionecologica\" \/>\n<meta property=\"article:published_time\" content=\"2025-07-02T21:58:02+00:00\" \/>\n<meta property=\"article:modified_time\" content=\"2025-07-02T22:00:21+00:00\" \/>\n<meta property=\"og:image\" content=\"https:\/\/saltoecologico.es\/wp-content\/uploads\/2025\/07\/Imagen-Disa-1024x683.png\" \/>\n\t<meta property=\"og:image:width\" content=\"1024\" \/>\n\t<meta property=\"og:image:height\" content=\"683\" \/>\n\t<meta property=\"og:image:type\" content=\"image\/png\" \/>\n<meta name=\"author\" content=\"admin\" \/>\n<meta name=\"twitter:card\" content=\"summary_large_image\" \/>\n<meta name=\"twitter:label1\" content=\"Escrito por\" \/>\n\t<meta name=\"twitter:data1\" content=\"admin\" \/>\n\t<meta name=\"twitter:label2\" content=\"Tiempo de lectura\" \/>\n\t<meta name=\"twitter:data2\" content=\"5 minutos\" \/>\n<script type=\"application\/ld+json\" class=\"yoast-schema-graph\">{\"@context\":\"https:\\\/\\\/schema.org\",\"@graph\":[{\"@type\":\"Article\",\"@id\":\"https:\\\/\\\/saltoecologico.es\\\/index.php\\\/2025\\\/07\\\/02\\\/la-respuesta-de-disa-a-la-zamora\\\/#article\",\"isPartOf\":{\"@id\":\"https:\\\/\\\/saltoecologico.es\\\/index.php\\\/2025\\\/07\\\/02\\\/la-respuesta-de-disa-a-la-zamora\\\/\"},\"author\":{\"name\":\"admin\",\"@id\":\"https:\\\/\\\/saltoecologico.es\\\/#\\\/schema\\\/person\\\/7175eec4b3c123d86c675313c3a01a0b\"},\"headline\":\"La respuesta de Disa a La Zamora\",\"datePublished\":\"2025-07-02T21:58:02+00:00\",\"dateModified\":\"2025-07-02T22:00:21+00:00\",\"mainEntityOfPage\":{\"@id\":\"https:\\\/\\\/saltoecologico.es\\\/index.php\\\/2025\\\/07\\\/02\\\/la-respuesta-de-disa-a-la-zamora\\\/\"},\"wordCount\":957,\"commentCount\":0,\"publisher\":{\"@id\":\"https:\\\/\\\/saltoecologico.es\\\/#organization\"},\"image\":{\"@id\":\"https:\\\/\\\/saltoecologico.es\\\/index.php\\\/2025\\\/07\\\/02\\\/la-respuesta-de-disa-a-la-zamora\\\/#primaryimage\"},\"thumbnailUrl\":\"https:\\\/\\\/saltoecologico.es\\\/wp-content\\\/uploads\\\/2025\\\/07\\\/Imagen-Disa.png\",\"articleSection\":[\"General\"],\"inLanguage\":\"es\",\"potentialAction\":[{\"@type\":\"CommentAction\",\"name\":\"Comment\",\"target\":[\"https:\\\/\\\/saltoecologico.es\\\/index.php\\\/2025\\\/07\\\/02\\\/la-respuesta-de-disa-a-la-zamora\\\/#respond\"]}]},{\"@type\":\"WebPage\",\"@id\":\"https:\\\/\\\/saltoecologico.es\\\/index.php\\\/2025\\\/07\\\/02\\\/la-respuesta-de-disa-a-la-zamora\\\/\",\"url\":\"https:\\\/\\\/saltoecologico.es\\\/index.php\\\/2025\\\/07\\\/02\\\/la-respuesta-de-disa-a-la-zamora\\\/\",\"name\":\"La respuesta de Disa a La Zamora - Salto Ecol\u00f3gico\",\"isPartOf\":{\"@id\":\"https:\\\/\\\/saltoecologico.es\\\/#website\"},\"primaryImageOfPage\":{\"@id\":\"https:\\\/\\\/saltoecologico.es\\\/index.php\\\/2025\\\/07\\\/02\\\/la-respuesta-de-disa-a-la-zamora\\\/#primaryimage\"},\"image\":{\"@id\":\"https:\\\/\\\/saltoecologico.es\\\/index.php\\\/2025\\\/07\\\/02\\\/la-respuesta-de-disa-a-la-zamora\\\/#primaryimage\"},\"thumbnailUrl\":\"https:\\\/\\\/saltoecologico.es\\\/wp-content\\\/uploads\\\/2025\\\/07\\\/Imagen-Disa.png\",\"datePublished\":\"2025-07-02T21:58:02+00:00\",\"dateModified\":\"2025-07-02T22:00:21+00:00\",\"breadcrumb\":{\"@id\":\"https:\\\/\\\/saltoecologico.es\\\/index.php\\\/2025\\\/07\\\/02\\\/la-respuesta-de-disa-a-la-zamora\\\/#breadcrumb\"},\"inLanguage\":\"es\",\"potentialAction\":[{\"@type\":\"ReadAction\",\"target\":[\"https:\\\/\\\/saltoecologico.es\\\/index.php\\\/2025\\\/07\\\/02\\\/la-respuesta-de-disa-a-la-zamora\\\/\"]}]},{\"@type\":\"ImageObject\",\"inLanguage\":\"es\",\"@id\":\"https:\\\/\\\/saltoecologico.es\\\/index.php\\\/2025\\\/07\\\/02\\\/la-respuesta-de-disa-a-la-zamora\\\/#primaryimage\",\"url\":\"https:\\\/\\\/saltoecologico.es\\\/wp-content\\\/uploads\\\/2025\\\/07\\\/Imagen-Disa.png\",\"contentUrl\":\"https:\\\/\\\/saltoecologico.es\\\/wp-content\\\/uploads\\\/2025\\\/07\\\/Imagen-Disa.png\",\"width\":1536,\"height\":1024},{\"@type\":\"BreadcrumbList\",\"@id\":\"https:\\\/\\\/saltoecologico.es\\\/index.php\\\/2025\\\/07\\\/02\\\/la-respuesta-de-disa-a-la-zamora\\\/#breadcrumb\",\"itemListElement\":[{\"@type\":\"ListItem\",\"position\":1,\"name\":\"Portada\",\"item\":\"https:\\\/\\\/saltoecologico.es\\\/\"},{\"@type\":\"ListItem\",\"position\":2,\"name\":\"La respuesta de Disa a La Zamora\"}]},{\"@type\":\"WebSite\",\"@id\":\"https:\\\/\\\/saltoecologico.es\\\/#website\",\"url\":\"https:\\\/\\\/saltoecologico.es\\\/\",\"name\":\"Salto Ecol\u00f3gico\",\"description\":\"\",\"publisher\":{\"@id\":\"https:\\\/\\\/saltoecologico.es\\\/#organization\"},\"potentialAction\":[{\"@type\":\"SearchAction\",\"target\":{\"@type\":\"EntryPoint\",\"urlTemplate\":\"https:\\\/\\\/saltoecologico.es\\\/?s={search_term_string}\"},\"query-input\":{\"@type\":\"PropertyValueSpecification\",\"valueRequired\":true,\"valueName\":\"search_term_string\"}}],\"inLanguage\":\"es\"},{\"@type\":\"Organization\",\"@id\":\"https:\\\/\\\/saltoecologico.es\\\/#organization\",\"name\":\"Salto a la Transici\u00f3n Ecol\u00f3gica\",\"url\":\"https:\\\/\\\/saltoecologico.es\\\/\",\"logo\":{\"@type\":\"ImageObject\",\"inLanguage\":\"es\",\"@id\":\"https:\\\/\\\/saltoecologico.es\\\/#\\\/schema\\\/logo\\\/image\\\/\",\"url\":\"https:\\\/\\\/saltoecologico.es\\\/wp-content\\\/uploads\\\/2025\\\/04\\\/Logo-STE.jpg\",\"contentUrl\":\"https:\\\/\\\/saltoecologico.es\\\/wp-content\\\/uploads\\\/2025\\\/04\\\/Logo-STE.jpg\",\"width\":435,\"height\":435,\"caption\":\"Salto a la Transici\u00f3n Ecol\u00f3gica\"},\"image\":{\"@id\":\"https:\\\/\\\/saltoecologico.es\\\/#\\\/schema\\\/logo\\\/image\\\/\"},\"sameAs\":[\"https:\\\/\\\/www.facebook.com\\\/Saltotransicionecologica\"]},{\"@type\":\"Person\",\"@id\":\"https:\\\/\\\/saltoecologico.es\\\/#\\\/schema\\\/person\\\/7175eec4b3c123d86c675313c3a01a0b\",\"name\":\"admin\",\"image\":{\"@type\":\"ImageObject\",\"inLanguage\":\"es\",\"@id\":\"https:\\\/\\\/secure.gravatar.com\\\/avatar\\\/4c215dc57bbc7b2f2f470ac9bd197f3f112636a584e575a732d0206a2d9c9806?s=96&d=mm&r=g\",\"url\":\"https:\\\/\\\/secure.gravatar.com\\\/avatar\\\/4c215dc57bbc7b2f2f470ac9bd197f3f112636a584e575a732d0206a2d9c9806?s=96&d=mm&r=g\",\"contentUrl\":\"https:\\\/\\\/secure.gravatar.com\\\/avatar\\\/4c215dc57bbc7b2f2f470ac9bd197f3f112636a584e575a732d0206a2d9c9806?s=96&d=mm&r=g\",\"caption\":\"admin\"},\"sameAs\":[\"https:\\\/\\\/saltoecologico.es\"],\"url\":\"https:\\\/\\\/saltoecologico.es\\\/index.php\\\/author\\\/saltoecologico\\\/\"}]}<\/script>\n<!-- \/ Yoast SEO plugin. -->","yoast_head_json":{"title":"La respuesta de Disa a La Zamora - Salto Ecol\u00f3gico","robots":{"index":"index","follow":"follow","max-snippet":"max-snippet:-1","max-image-preview":"max-image-preview:large","max-video-preview":"max-video-preview:-1"},"canonical":"https:\/\/saltoecologico.es\/index.php\/2025\/07\/02\/la-respuesta-de-disa-a-la-zamora\/","og_locale":"es_ES","og_type":"article","og_title":"La respuesta de Disa a La Zamora - Salto Ecol\u00f3gico","og_description":"Central de Tigaiga: La Respuesta de DISA No Logra Calmar los Temores de la Comunidad La respuesta oficial de DISA a las alegaciones ciudadanas sobre el proyecto de la central de emergencia de 14,8 MW en Los Realejos elude las principales preocupaciones sanitarias y medioambientales. Aunque la empresa insiste en el cumplimiento de la normativa, [&hellip;]","og_url":"https:\/\/saltoecologico.es\/index.php\/2025\/07\/02\/la-respuesta-de-disa-a-la-zamora\/","og_site_name":"Salto Ecol\u00f3gico","article_publisher":"https:\/\/www.facebook.com\/Saltotransicionecologica","article_published_time":"2025-07-02T21:58:02+00:00","article_modified_time":"2025-07-02T22:00:21+00:00","og_image":[{"width":1024,"height":683,"url":"https:\/\/saltoecologico.es\/wp-content\/uploads\/2025\/07\/Imagen-Disa-1024x683.png","type":"image\/png"}],"author":"admin","twitter_card":"summary_large_image","twitter_misc":{"Escrito por":"admin","Tiempo de lectura":"5 minutos"},"schema":{"@context":"https:\/\/schema.org","@graph":[{"@type":"Article","@id":"https:\/\/saltoecologico.es\/index.php\/2025\/07\/02\/la-respuesta-de-disa-a-la-zamora\/#article","isPartOf":{"@id":"https:\/\/saltoecologico.es\/index.php\/2025\/07\/02\/la-respuesta-de-disa-a-la-zamora\/"},"author":{"name":"admin","@id":"https:\/\/saltoecologico.es\/#\/schema\/person\/7175eec4b3c123d86c675313c3a01a0b"},"headline":"La respuesta de Disa a La Zamora","datePublished":"2025-07-02T21:58:02+00:00","dateModified":"2025-07-02T22:00:21+00:00","mainEntityOfPage":{"@id":"https:\/\/saltoecologico.es\/index.php\/2025\/07\/02\/la-respuesta-de-disa-a-la-zamora\/"},"wordCount":957,"commentCount":0,"publisher":{"@id":"https:\/\/saltoecologico.es\/#organization"},"image":{"@id":"https:\/\/saltoecologico.es\/index.php\/2025\/07\/02\/la-respuesta-de-disa-a-la-zamora\/#primaryimage"},"thumbnailUrl":"https:\/\/saltoecologico.es\/wp-content\/uploads\/2025\/07\/Imagen-Disa.png","articleSection":["General"],"inLanguage":"es","potentialAction":[{"@type":"CommentAction","name":"Comment","target":["https:\/\/saltoecologico.es\/index.php\/2025\/07\/02\/la-respuesta-de-disa-a-la-zamora\/#respond"]}]},{"@type":"WebPage","@id":"https:\/\/saltoecologico.es\/index.php\/2025\/07\/02\/la-respuesta-de-disa-a-la-zamora\/","url":"https:\/\/saltoecologico.es\/index.php\/2025\/07\/02\/la-respuesta-de-disa-a-la-zamora\/","name":"La respuesta de Disa a La Zamora - Salto Ecol\u00f3gico","isPartOf":{"@id":"https:\/\/saltoecologico.es\/#website"},"primaryImageOfPage":{"@id":"https:\/\/saltoecologico.es\/index.php\/2025\/07\/02\/la-respuesta-de-disa-a-la-zamora\/#primaryimage"},"image":{"@id":"https:\/\/saltoecologico.es\/index.php\/2025\/07\/02\/la-respuesta-de-disa-a-la-zamora\/#primaryimage"},"thumbnailUrl":"https:\/\/saltoecologico.es\/wp-content\/uploads\/2025\/07\/Imagen-Disa.png","datePublished":"2025-07-02T21:58:02+00:00","dateModified":"2025-07-02T22:00:21+00:00","breadcrumb":{"@id":"https:\/\/saltoecologico.es\/index.php\/2025\/07\/02\/la-respuesta-de-disa-a-la-zamora\/#breadcrumb"},"inLanguage":"es","potentialAction":[{"@type":"ReadAction","target":["https:\/\/saltoecologico.es\/index.php\/2025\/07\/02\/la-respuesta-de-disa-a-la-zamora\/"]}]},{"@type":"ImageObject","inLanguage":"es","@id":"https:\/\/saltoecologico.es\/index.php\/2025\/07\/02\/la-respuesta-de-disa-a-la-zamora\/#primaryimage","url":"https:\/\/saltoecologico.es\/wp-content\/uploads\/2025\/07\/Imagen-Disa.png","contentUrl":"https:\/\/saltoecologico.es\/wp-content\/uploads\/2025\/07\/Imagen-Disa.png","width":1536,"height":1024},{"@type":"BreadcrumbList","@id":"https:\/\/saltoecologico.es\/index.php\/2025\/07\/02\/la-respuesta-de-disa-a-la-zamora\/#breadcrumb","itemListElement":[{"@type":"ListItem","position":1,"name":"Portada","item":"https:\/\/saltoecologico.es\/"},{"@type":"ListItem","position":2,"name":"La respuesta de Disa a La Zamora"}]},{"@type":"WebSite","@id":"https:\/\/saltoecologico.es\/#website","url":"https:\/\/saltoecologico.es\/","name":"Salto Ecol\u00f3gico","description":"","publisher":{"@id":"https:\/\/saltoecologico.es\/#organization"},"potentialAction":[{"@type":"SearchAction","target":{"@type":"EntryPoint","urlTemplate":"https:\/\/saltoecologico.es\/?s={search_term_string}"},"query-input":{"@type":"PropertyValueSpecification","valueRequired":true,"valueName":"search_term_string"}}],"inLanguage":"es"},{"@type":"Organization","@id":"https:\/\/saltoecologico.es\/#organization","name":"Salto a la Transici\u00f3n Ecol\u00f3gica","url":"https:\/\/saltoecologico.es\/","logo":{"@type":"ImageObject","inLanguage":"es","@id":"https:\/\/saltoecologico.es\/#\/schema\/logo\/image\/","url":"https:\/\/saltoecologico.es\/wp-content\/uploads\/2025\/04\/Logo-STE.jpg","contentUrl":"https:\/\/saltoecologico.es\/wp-content\/uploads\/2025\/04\/Logo-STE.jpg","width":435,"height":435,"caption":"Salto a la Transici\u00f3n Ecol\u00f3gica"},"image":{"@id":"https:\/\/saltoecologico.es\/#\/schema\/logo\/image\/"},"sameAs":["https:\/\/www.facebook.com\/Saltotransicionecologica"]},{"@type":"Person","@id":"https:\/\/saltoecologico.es\/#\/schema\/person\/7175eec4b3c123d86c675313c3a01a0b","name":"admin","image":{"@type":"ImageObject","inLanguage":"es","@id":"https:\/\/secure.gravatar.com\/avatar\/4c215dc57bbc7b2f2f470ac9bd197f3f112636a584e575a732d0206a2d9c9806?s=96&d=mm&r=g","url":"https:\/\/secure.gravatar.com\/avatar\/4c215dc57bbc7b2f2f470ac9bd197f3f112636a584e575a732d0206a2d9c9806?s=96&d=mm&r=g","contentUrl":"https:\/\/secure.gravatar.com\/avatar\/4c215dc57bbc7b2f2f470ac9bd197f3f112636a584e575a732d0206a2d9c9806?s=96&d=mm&r=g","caption":"admin"},"sameAs":["https:\/\/saltoecologico.es"],"url":"https:\/\/saltoecologico.es\/index.php\/author\/saltoecologico\/"}]}},"_links":{"self":[{"href":"https:\/\/saltoecologico.es\/index.php\/wp-json\/wp\/v2\/posts\/1167","targetHints":{"allow":["GET"]}}],"collection":[{"href":"https:\/\/saltoecologico.es\/index.php\/wp-json\/wp\/v2\/posts"}],"about":[{"href":"https:\/\/saltoecologico.es\/index.php\/wp-json\/wp\/v2\/types\/post"}],"author":[{"embeddable":true,"href":"https:\/\/saltoecologico.es\/index.php\/wp-json\/wp\/v2\/users\/1"}],"replies":[{"embeddable":true,"href":"https:\/\/saltoecologico.es\/index.php\/wp-json\/wp\/v2\/comments?post=1167"}],"version-history":[{"count":2,"href":"https:\/\/saltoecologico.es\/index.php\/wp-json\/wp\/v2\/posts\/1167\/revisions"}],"predecessor-version":[{"id":1172,"href":"https:\/\/saltoecologico.es\/index.php\/wp-json\/wp\/v2\/posts\/1167\/revisions\/1172"}],"wp:featuredmedia":[{"embeddable":true,"href":"https:\/\/saltoecologico.es\/index.php\/wp-json\/wp\/v2\/media\/1168"}],"wp:attachment":[{"href":"https:\/\/saltoecologico.es\/index.php\/wp-json\/wp\/v2\/media?parent=1167"}],"wp:term":[{"taxonomy":"category","embeddable":true,"href":"https:\/\/saltoecologico.es\/index.php\/wp-json\/wp\/v2\/categories?post=1167"},{"taxonomy":"post_tag","embeddable":true,"href":"https:\/\/saltoecologico.es\/index.php\/wp-json\/wp\/v2\/tags?post=1167"}],"curies":[{"name":"wp","href":"https:\/\/api.w.org\/{rel}","templated":true}]}}