{"id":1174,"date":"2025-07-07T17:19:05","date_gmt":"2025-07-07T17:19:05","guid":{"rendered":"https:\/\/saltoecologico.es\/?p=1174"},"modified":"2025-07-07T17:31:18","modified_gmt":"2025-07-07T17:31:18","slug":"propano-en-la-costa","status":"publish","type":"post","link":"https:\/\/saltoecologico.es\/index.php\/2025\/07\/07\/propano-en-la-costa\/","title":{"rendered":"Propano en la costa"},"content":{"rendered":"\n<p class=\"wp-block-paragraph\"><strong>Propano en la costa: los riesgos invisibles de la nueva planta de DISA<\/strong><\/p>\n\n\n\n<p class=\"wp-block-paragraph\">En Salinetas, una zona costera que muchos asociamos con paseos al atardecer, brisa marina y comunidades tranquilas, se proyecta una instalaci\u00f3n que, de llevarse a cabo, cambiar\u00e1 no solo el paisaje, sino tambi\u00e9n la percepci\u00f3n de seguridad de sus habitantes. Hablamos de una planta el\u00e9ctrica de emergencia que almacenar\u00e1, a escasos cientos de metros del mar y de n\u00facleos poblados, m\u00e1s de <strong>700 toneladas de gas propano<\/strong>.<\/p>\n\n\n\n<p class=\"wp-block-paragraph\">Una decisi\u00f3n de tal magnitud, aunque pueda esconderse tras tecnicismos, <strong>toca directamente a las personas<\/strong>: a quienes viven, trabajan o pasean por la zona. Por eso, m\u00e1s all\u00e1 de los c\u00e1lculos y memorias t\u00e9cnicas, <strong>merece una reflexi\u00f3n profundamente humana y sensata<\/strong>.<\/p>\n\n\n\n<hr class=\"wp-block-separator has-alpha-channel-opacity\"\/>\n\n\n\n<p class=\"wp-block-paragraph\"><strong>El volumen importa: 700 toneladas que no son cualquier cosa<\/strong><\/p>\n\n\n\n<p class=\"wp-block-paragraph\">La planta incluye <strong>dos tanques horizontales de 200 m\u00b3<\/strong> y una <strong>enorme esfera de 1.000 m\u00b3<\/strong> situada en un recinto adyacente, formando un sistema integrado de almacenamiento de propano. Para que nos hagamos una idea: hablamos de una capacidad equivalente a m\u00e1s de <strong>30 camiones cisterna cargados de gas<\/strong> en una misma ubicaci\u00f3n.<\/p>\n\n\n\n<p class=\"wp-block-paragraph\">Y no se trata solo del volumen. El propano, en caso de fuga o incendio, <strong>puede provocar explosiones de alta intensidad<\/strong> (BLEVE, VCE). Las medidas de seguridad propuestas \u2014rociadores de agua, sensores de gas, v\u00e1lvulas de alivio\u2014 son necesarias, pero \u00bfson suficientes? \u00bfQui\u00e9n garantiza que un fallo humano, un imprevisto o un accidente externo no desencadene una tragedia?<\/p>\n\n\n\n<hr class=\"wp-block-separator has-alpha-channel-opacity\"\/>\n\n\n\n<p class=\"wp-block-paragraph\"><strong>El Plan de Emergencia que no est\u00e1<\/strong><\/p>\n\n\n\n<p class=\"wp-block-paragraph\">La normativa europea y estatal obliga a que instalaciones con esta cantidad de gas desarrollen un <strong>Plan de Emergencia Exterior (PEE)<\/strong> coordinado con el ayuntamiento, el Cabildo y Protecci\u00f3n Civil. Pero <strong>ese plan no aparece<\/strong> en la documentaci\u00f3n del proyecto.<\/p>\n\n\n\n<p class=\"wp-block-paragraph\">Esto no es un detalle menor. Significa que hoy, si la planta estuviera en funcionamiento y algo fallara, <strong>no habr\u00eda un protocolo claro para evacuar, proteger o asistir a la poblaci\u00f3n cercana<\/strong>. Y eso, en pleno siglo XXI, no es admisible.<\/p>\n\n\n\n<hr class=\"wp-block-separator has-alpha-channel-opacity\"\/>\n\n\n\n<p class=\"wp-block-paragraph\"><strong>\u00bfY si miramos a nuestro alrededor?<\/strong><\/p>\n\n\n\n<p class=\"wp-block-paragraph\">El emplazamiento propuesto no est\u00e1 en un pol\u00edgono remoto del interior. Est\u00e1 en una zona costera, con una playa a menos de un kil\u00f3metro, viviendas, restaurantes, centros deportivos y escolares en las inmediaciones. A lo largo del a\u00f1o, miles de personas viven, trabajan o disfrutan de este entorno. <strong>\u00bfHemos pensado en ellas?<\/strong><\/p>\n\n\n\n<p class=\"wp-block-paragraph\">Una planta de estas caracter\u00edsticas \u2014por muy silenciosa que parezca sobre el papel\u2014 <strong>modifica la vida cotidiana de una comunidad entera<\/strong>. Eleva la preocupaci\u00f3n, condiciona la inversi\u00f3n en turismo o vivienda, y siembra una incertidumbre que no se evapora con promesas.<\/p>\n\n\n\n<hr class=\"wp-block-separator has-alpha-channel-opacity\"\/>\n\n\n\n<p class=\"wp-block-paragraph\"><strong>La seguridad no es una estad\u00edstica, es un derecho<\/strong><\/p>\n\n\n\n<p class=\"wp-block-paragraph\">No pedimos milagros. Solo <strong>prudencia, humanidad y sentido com\u00fan<\/strong>. Las decisiones energ\u00e9ticas deben partir de datos, s\u00ed, pero tambi\u00e9n de principios: <strong>la protecci\u00f3n de la vida, del entorno, del bienestar colectivo<\/strong>.<\/p>\n\n\n\n<p class=\"wp-block-paragraph\">Cuando hablamos de riesgos tecnol\u00f3gicos, no basta con decir que \u201ctodo est\u00e1 previsto\u201d. Hay que demostrarlo. Hay que dialogar con la ciudadan\u00eda, incluir a los vecinos en las decisiones que les afectan, y garantizar que <strong>no se est\u00e1 comprando estabilidad t\u00e9cnica a costa de la tranquilidad de las personas<\/strong>.<\/p>\n\n\n\n<hr class=\"wp-block-separator has-alpha-channel-opacity\"\/>\n\n\n\n<p class=\"wp-block-paragraph\"><strong>Construyamos confianza, no tensi\u00f3n<\/strong><\/p>\n\n\n\n<p class=\"wp-block-paragraph\">Si DISA quiere ser parte del futuro energ\u00e9tico de Canarias, tiene una gran responsabilidad: la de actuar con transparencia, con sensibilidad social y con vocaci\u00f3n de permanencia, no solo t\u00e9cnica sino \u00e9tica. Y si las autoridades quieren ser garantes del bien com\u00fan, deben exigir que <strong>la seguridad no sea una promesa vaga, sino una garant\u00eda real y verificable<\/strong>.<\/p>\n\n\n\n<p class=\"wp-block-paragraph\">Porque lo que se juega en Salinetas no es solo un modelo energ\u00e9tico. <strong>Es el tipo de sociedad que queremos construir: una que prioriza la vida, o una que acepta el riesgo como parte del paisaje<\/strong>.<\/p>\n\n\n\n<hr class=\"wp-block-separator has-alpha-channel-opacity\"\/>\n","protected":false},"excerpt":{"rendered":"<p>Propano en la costa: los riesgos invisibles de la nueva planta de DISA En Salinetas, una zona costera que muchos asociamos con paseos al atardecer, brisa marina y comunidades tranquilas, se proyecta una instalaci\u00f3n que, de llevarse a cabo, cambiar\u00e1 no solo el paisaje, sino tambi\u00e9n la percepci\u00f3n de seguridad de sus habitantes. Hablamos de [&hellip;]<\/p>\n","protected":false},"author":1,"featured_media":1177,"comment_status":"open","ping_status":"open","sticky":false,"template":"","format":"standard","meta":{"footnotes":""},"categories":[55],"tags":[],"class_list":["post-1174","post","type-post","status-publish","format-standard","has-post-thumbnail","category-general"],"yoast_head":"<!-- This site is optimized with the Yoast SEO plugin v28.2 - https:\/\/yoast.com\/product\/yoast-seo-wordpress\/ -->\n<title>Propano en la costa - Salto Ecol\u00f3gico<\/title>\n<meta name=\"robots\" content=\"index, follow, max-snippet:-1, max-image-preview:large, max-video-preview:-1\" \/>\n<link rel=\"canonical\" href=\"https:\/\/saltoecologico.es\/index.php\/2025\/07\/07\/propano-en-la-costa\/\" \/>\n<meta property=\"og:locale\" content=\"es_ES\" \/>\n<meta property=\"og:type\" content=\"article\" \/>\n<meta property=\"og:title\" content=\"Propano en la costa - Salto Ecol\u00f3gico\" \/>\n<meta property=\"og:description\" content=\"Propano en la costa: los riesgos invisibles de la nueva planta de DISA En Salinetas, una zona costera que muchos asociamos con paseos al atardecer, brisa marina y comunidades tranquilas, se proyecta una instalaci\u00f3n que, de llevarse a cabo, cambiar\u00e1 no solo el paisaje, sino tambi\u00e9n la percepci\u00f3n de seguridad de sus habitantes. Hablamos de [&hellip;]\" \/>\n<meta property=\"og:url\" content=\"https:\/\/saltoecologico.es\/index.php\/2025\/07\/07\/propano-en-la-costa\/\" \/>\n<meta property=\"og:site_name\" content=\"Salto Ecol\u00f3gico\" \/>\n<meta property=\"article:publisher\" content=\"https:\/\/www.facebook.com\/Saltotransicionecologica\" \/>\n<meta property=\"article:published_time\" content=\"2025-07-07T17:19:05+00:00\" \/>\n<meta property=\"article:modified_time\" content=\"2025-07-07T17:31:18+00:00\" \/>\n<meta property=\"og:image\" content=\"https:\/\/saltoecologico.es\/wp-content\/uploads\/2025\/07\/Salinetas-2.jpeg\" \/>\n\t<meta property=\"og:image:width\" content=\"1536\" \/>\n\t<meta property=\"og:image:height\" content=\"1024\" \/>\n\t<meta property=\"og:image:type\" content=\"image\/jpeg\" \/>\n<meta name=\"author\" content=\"admin\" \/>\n<meta name=\"twitter:card\" content=\"summary_large_image\" \/>\n<meta name=\"twitter:label1\" content=\"Escrito por\" \/>\n\t<meta name=\"twitter:data1\" content=\"admin\" \/>\n\t<meta name=\"twitter:label2\" content=\"Tiempo de lectura\" \/>\n\t<meta name=\"twitter:data2\" content=\"4 minutos\" \/>\n<script type=\"application\/ld+json\" class=\"yoast-schema-graph\">{\"@context\":\"https:\\\/\\\/schema.org\",\"@graph\":[{\"@type\":\"Article\",\"@id\":\"https:\\\/\\\/saltoecologico.es\\\/index.php\\\/2025\\\/07\\\/07\\\/propano-en-la-costa\\\/#article\",\"isPartOf\":{\"@id\":\"https:\\\/\\\/saltoecologico.es\\\/index.php\\\/2025\\\/07\\\/07\\\/propano-en-la-costa\\\/\"},\"author\":{\"name\":\"admin\",\"@id\":\"https:\\\/\\\/saltoecologico.es\\\/#\\\/schema\\\/person\\\/7175eec4b3c123d86c675313c3a01a0b\"},\"headline\":\"Propano en la costa\",\"datePublished\":\"2025-07-07T17:19:05+00:00\",\"dateModified\":\"2025-07-07T17:31:18+00:00\",\"mainEntityOfPage\":{\"@id\":\"https:\\\/\\\/saltoecologico.es\\\/index.php\\\/2025\\\/07\\\/07\\\/propano-en-la-costa\\\/\"},\"wordCount\":655,\"commentCount\":0,\"publisher\":{\"@id\":\"https:\\\/\\\/saltoecologico.es\\\/#organization\"},\"image\":{\"@id\":\"https:\\\/\\\/saltoecologico.es\\\/index.php\\\/2025\\\/07\\\/07\\\/propano-en-la-costa\\\/#primaryimage\"},\"thumbnailUrl\":\"https:\\\/\\\/saltoecologico.es\\\/wp-content\\\/uploads\\\/2025\\\/07\\\/Salinetas-2.jpeg\",\"articleSection\":[\"General\"],\"inLanguage\":\"es\",\"potentialAction\":[{\"@type\":\"CommentAction\",\"name\":\"Comment\",\"target\":[\"https:\\\/\\\/saltoecologico.es\\\/index.php\\\/2025\\\/07\\\/07\\\/propano-en-la-costa\\\/#respond\"]}]},{\"@type\":\"WebPage\",\"@id\":\"https:\\\/\\\/saltoecologico.es\\\/index.php\\\/2025\\\/07\\\/07\\\/propano-en-la-costa\\\/\",\"url\":\"https:\\\/\\\/saltoecologico.es\\\/index.php\\\/2025\\\/07\\\/07\\\/propano-en-la-costa\\\/\",\"name\":\"Propano en la costa - Salto Ecol\u00f3gico\",\"isPartOf\":{\"@id\":\"https:\\\/\\\/saltoecologico.es\\\/#website\"},\"primaryImageOfPage\":{\"@id\":\"https:\\\/\\\/saltoecologico.es\\\/index.php\\\/2025\\\/07\\\/07\\\/propano-en-la-costa\\\/#primaryimage\"},\"image\":{\"@id\":\"https:\\\/\\\/saltoecologico.es\\\/index.php\\\/2025\\\/07\\\/07\\\/propano-en-la-costa\\\/#primaryimage\"},\"thumbnailUrl\":\"https:\\\/\\\/saltoecologico.es\\\/wp-content\\\/uploads\\\/2025\\\/07\\\/Salinetas-2.jpeg\",\"datePublished\":\"2025-07-07T17:19:05+00:00\",\"dateModified\":\"2025-07-07T17:31:18+00:00\",\"breadcrumb\":{\"@id\":\"https:\\\/\\\/saltoecologico.es\\\/index.php\\\/2025\\\/07\\\/07\\\/propano-en-la-costa\\\/#breadcrumb\"},\"inLanguage\":\"es\",\"potentialAction\":[{\"@type\":\"ReadAction\",\"target\":[\"https:\\\/\\\/saltoecologico.es\\\/index.php\\\/2025\\\/07\\\/07\\\/propano-en-la-costa\\\/\"]}]},{\"@type\":\"ImageObject\",\"inLanguage\":\"es\",\"@id\":\"https:\\\/\\\/saltoecologico.es\\\/index.php\\\/2025\\\/07\\\/07\\\/propano-en-la-costa\\\/#primaryimage\",\"url\":\"https:\\\/\\\/saltoecologico.es\\\/wp-content\\\/uploads\\\/2025\\\/07\\\/Salinetas-2.jpeg\",\"contentUrl\":\"https:\\\/\\\/saltoecologico.es\\\/wp-content\\\/uploads\\\/2025\\\/07\\\/Salinetas-2.jpeg\",\"width\":1536,\"height\":1024},{\"@type\":\"BreadcrumbList\",\"@id\":\"https:\\\/\\\/saltoecologico.es\\\/index.php\\\/2025\\\/07\\\/07\\\/propano-en-la-costa\\\/#breadcrumb\",\"itemListElement\":[{\"@type\":\"ListItem\",\"position\":1,\"name\":\"Portada\",\"item\":\"https:\\\/\\\/saltoecologico.es\\\/\"},{\"@type\":\"ListItem\",\"position\":2,\"name\":\"Propano en la costa\"}]},{\"@type\":\"WebSite\",\"@id\":\"https:\\\/\\\/saltoecologico.es\\\/#website\",\"url\":\"https:\\\/\\\/saltoecologico.es\\\/\",\"name\":\"Salto Ecol\u00f3gico\",\"description\":\"\",\"publisher\":{\"@id\":\"https:\\\/\\\/saltoecologico.es\\\/#organization\"},\"potentialAction\":[{\"@type\":\"SearchAction\",\"target\":{\"@type\":\"EntryPoint\",\"urlTemplate\":\"https:\\\/\\\/saltoecologico.es\\\/?s={search_term_string}\"},\"query-input\":{\"@type\":\"PropertyValueSpecification\",\"valueRequired\":true,\"valueName\":\"search_term_string\"}}],\"inLanguage\":\"es\"},{\"@type\":\"Organization\",\"@id\":\"https:\\\/\\\/saltoecologico.es\\\/#organization\",\"name\":\"Salto a la Transici\u00f3n Ecol\u00f3gica\",\"url\":\"https:\\\/\\\/saltoecologico.es\\\/\",\"logo\":{\"@type\":\"ImageObject\",\"inLanguage\":\"es\",\"@id\":\"https:\\\/\\\/saltoecologico.es\\\/#\\\/schema\\\/logo\\\/image\\\/\",\"url\":\"https:\\\/\\\/saltoecologico.es\\\/wp-content\\\/uploads\\\/2025\\\/04\\\/Logo-STE.jpg\",\"contentUrl\":\"https:\\\/\\\/saltoecologico.es\\\/wp-content\\\/uploads\\\/2025\\\/04\\\/Logo-STE.jpg\",\"width\":435,\"height\":435,\"caption\":\"Salto a la Transici\u00f3n Ecol\u00f3gica\"},\"image\":{\"@id\":\"https:\\\/\\\/saltoecologico.es\\\/#\\\/schema\\\/logo\\\/image\\\/\"},\"sameAs\":[\"https:\\\/\\\/www.facebook.com\\\/Saltotransicionecologica\"]},{\"@type\":\"Person\",\"@id\":\"https:\\\/\\\/saltoecologico.es\\\/#\\\/schema\\\/person\\\/7175eec4b3c123d86c675313c3a01a0b\",\"name\":\"admin\",\"image\":{\"@type\":\"ImageObject\",\"inLanguage\":\"es\",\"@id\":\"https:\\\/\\\/secure.gravatar.com\\\/avatar\\\/4c215dc57bbc7b2f2f470ac9bd197f3f112636a584e575a732d0206a2d9c9806?s=96&d=mm&r=g\",\"url\":\"https:\\\/\\\/secure.gravatar.com\\\/avatar\\\/4c215dc57bbc7b2f2f470ac9bd197f3f112636a584e575a732d0206a2d9c9806?s=96&d=mm&r=g\",\"contentUrl\":\"https:\\\/\\\/secure.gravatar.com\\\/avatar\\\/4c215dc57bbc7b2f2f470ac9bd197f3f112636a584e575a732d0206a2d9c9806?s=96&d=mm&r=g\",\"caption\":\"admin\"},\"sameAs\":[\"https:\\\/\\\/saltoecologico.es\"],\"url\":\"https:\\\/\\\/saltoecologico.es\\\/index.php\\\/author\\\/saltoecologico\\\/\"}]}<\/script>\n<!-- \/ Yoast SEO plugin. -->","yoast_head_json":{"title":"Propano en la costa - Salto Ecol\u00f3gico","robots":{"index":"index","follow":"follow","max-snippet":"max-snippet:-1","max-image-preview":"max-image-preview:large","max-video-preview":"max-video-preview:-1"},"canonical":"https:\/\/saltoecologico.es\/index.php\/2025\/07\/07\/propano-en-la-costa\/","og_locale":"es_ES","og_type":"article","og_title":"Propano en la costa - Salto Ecol\u00f3gico","og_description":"Propano en la costa: los riesgos invisibles de la nueva planta de DISA En Salinetas, una zona costera que muchos asociamos con paseos al atardecer, brisa marina y comunidades tranquilas, se proyecta una instalaci\u00f3n que, de llevarse a cabo, cambiar\u00e1 no solo el paisaje, sino tambi\u00e9n la percepci\u00f3n de seguridad de sus habitantes. Hablamos de [&hellip;]","og_url":"https:\/\/saltoecologico.es\/index.php\/2025\/07\/07\/propano-en-la-costa\/","og_site_name":"Salto Ecol\u00f3gico","article_publisher":"https:\/\/www.facebook.com\/Saltotransicionecologica","article_published_time":"2025-07-07T17:19:05+00:00","article_modified_time":"2025-07-07T17:31:18+00:00","og_image":[{"width":1536,"height":1024,"url":"https:\/\/saltoecologico.es\/wp-content\/uploads\/2025\/07\/Salinetas-2.jpeg","type":"image\/jpeg"}],"author":"admin","twitter_card":"summary_large_image","twitter_misc":{"Escrito por":"admin","Tiempo de lectura":"4 minutos"},"schema":{"@context":"https:\/\/schema.org","@graph":[{"@type":"Article","@id":"https:\/\/saltoecologico.es\/index.php\/2025\/07\/07\/propano-en-la-costa\/#article","isPartOf":{"@id":"https:\/\/saltoecologico.es\/index.php\/2025\/07\/07\/propano-en-la-costa\/"},"author":{"name":"admin","@id":"https:\/\/saltoecologico.es\/#\/schema\/person\/7175eec4b3c123d86c675313c3a01a0b"},"headline":"Propano en la costa","datePublished":"2025-07-07T17:19:05+00:00","dateModified":"2025-07-07T17:31:18+00:00","mainEntityOfPage":{"@id":"https:\/\/saltoecologico.es\/index.php\/2025\/07\/07\/propano-en-la-costa\/"},"wordCount":655,"commentCount":0,"publisher":{"@id":"https:\/\/saltoecologico.es\/#organization"},"image":{"@id":"https:\/\/saltoecologico.es\/index.php\/2025\/07\/07\/propano-en-la-costa\/#primaryimage"},"thumbnailUrl":"https:\/\/saltoecologico.es\/wp-content\/uploads\/2025\/07\/Salinetas-2.jpeg","articleSection":["General"],"inLanguage":"es","potentialAction":[{"@type":"CommentAction","name":"Comment","target":["https:\/\/saltoecologico.es\/index.php\/2025\/07\/07\/propano-en-la-costa\/#respond"]}]},{"@type":"WebPage","@id":"https:\/\/saltoecologico.es\/index.php\/2025\/07\/07\/propano-en-la-costa\/","url":"https:\/\/saltoecologico.es\/index.php\/2025\/07\/07\/propano-en-la-costa\/","name":"Propano en la costa - Salto Ecol\u00f3gico","isPartOf":{"@id":"https:\/\/saltoecologico.es\/#website"},"primaryImageOfPage":{"@id":"https:\/\/saltoecologico.es\/index.php\/2025\/07\/07\/propano-en-la-costa\/#primaryimage"},"image":{"@id":"https:\/\/saltoecologico.es\/index.php\/2025\/07\/07\/propano-en-la-costa\/#primaryimage"},"thumbnailUrl":"https:\/\/saltoecologico.es\/wp-content\/uploads\/2025\/07\/Salinetas-2.jpeg","datePublished":"2025-07-07T17:19:05+00:00","dateModified":"2025-07-07T17:31:18+00:00","breadcrumb":{"@id":"https:\/\/saltoecologico.es\/index.php\/2025\/07\/07\/propano-en-la-costa\/#breadcrumb"},"inLanguage":"es","potentialAction":[{"@type":"ReadAction","target":["https:\/\/saltoecologico.es\/index.php\/2025\/07\/07\/propano-en-la-costa\/"]}]},{"@type":"ImageObject","inLanguage":"es","@id":"https:\/\/saltoecologico.es\/index.php\/2025\/07\/07\/propano-en-la-costa\/#primaryimage","url":"https:\/\/saltoecologico.es\/wp-content\/uploads\/2025\/07\/Salinetas-2.jpeg","contentUrl":"https:\/\/saltoecologico.es\/wp-content\/uploads\/2025\/07\/Salinetas-2.jpeg","width":1536,"height":1024},{"@type":"BreadcrumbList","@id":"https:\/\/saltoecologico.es\/index.php\/2025\/07\/07\/propano-en-la-costa\/#breadcrumb","itemListElement":[{"@type":"ListItem","position":1,"name":"Portada","item":"https:\/\/saltoecologico.es\/"},{"@type":"ListItem","position":2,"name":"Propano en la costa"}]},{"@type":"WebSite","@id":"https:\/\/saltoecologico.es\/#website","url":"https:\/\/saltoecologico.es\/","name":"Salto Ecol\u00f3gico","description":"","publisher":{"@id":"https:\/\/saltoecologico.es\/#organization"},"potentialAction":[{"@type":"SearchAction","target":{"@type":"EntryPoint","urlTemplate":"https:\/\/saltoecologico.es\/?s={search_term_string}"},"query-input":{"@type":"PropertyValueSpecification","valueRequired":true,"valueName":"search_term_string"}}],"inLanguage":"es"},{"@type":"Organization","@id":"https:\/\/saltoecologico.es\/#organization","name":"Salto a la Transici\u00f3n Ecol\u00f3gica","url":"https:\/\/saltoecologico.es\/","logo":{"@type":"ImageObject","inLanguage":"es","@id":"https:\/\/saltoecologico.es\/#\/schema\/logo\/image\/","url":"https:\/\/saltoecologico.es\/wp-content\/uploads\/2025\/04\/Logo-STE.jpg","contentUrl":"https:\/\/saltoecologico.es\/wp-content\/uploads\/2025\/04\/Logo-STE.jpg","width":435,"height":435,"caption":"Salto a la Transici\u00f3n Ecol\u00f3gica"},"image":{"@id":"https:\/\/saltoecologico.es\/#\/schema\/logo\/image\/"},"sameAs":["https:\/\/www.facebook.com\/Saltotransicionecologica"]},{"@type":"Person","@id":"https:\/\/saltoecologico.es\/#\/schema\/person\/7175eec4b3c123d86c675313c3a01a0b","name":"admin","image":{"@type":"ImageObject","inLanguage":"es","@id":"https:\/\/secure.gravatar.com\/avatar\/4c215dc57bbc7b2f2f470ac9bd197f3f112636a584e575a732d0206a2d9c9806?s=96&d=mm&r=g","url":"https:\/\/secure.gravatar.com\/avatar\/4c215dc57bbc7b2f2f470ac9bd197f3f112636a584e575a732d0206a2d9c9806?s=96&d=mm&r=g","contentUrl":"https:\/\/secure.gravatar.com\/avatar\/4c215dc57bbc7b2f2f470ac9bd197f3f112636a584e575a732d0206a2d9c9806?s=96&d=mm&r=g","caption":"admin"},"sameAs":["https:\/\/saltoecologico.es"],"url":"https:\/\/saltoecologico.es\/index.php\/author\/saltoecologico\/"}]}},"_links":{"self":[{"href":"https:\/\/saltoecologico.es\/index.php\/wp-json\/wp\/v2\/posts\/1174","targetHints":{"allow":["GET"]}}],"collection":[{"href":"https:\/\/saltoecologico.es\/index.php\/wp-json\/wp\/v2\/posts"}],"about":[{"href":"https:\/\/saltoecologico.es\/index.php\/wp-json\/wp\/v2\/types\/post"}],"author":[{"embeddable":true,"href":"https:\/\/saltoecologico.es\/index.php\/wp-json\/wp\/v2\/users\/1"}],"replies":[{"embeddable":true,"href":"https:\/\/saltoecologico.es\/index.php\/wp-json\/wp\/v2\/comments?post=1174"}],"version-history":[{"count":1,"href":"https:\/\/saltoecologico.es\/index.php\/wp-json\/wp\/v2\/posts\/1174\/revisions"}],"predecessor-version":[{"id":1176,"href":"https:\/\/saltoecologico.es\/index.php\/wp-json\/wp\/v2\/posts\/1174\/revisions\/1176"}],"wp:featuredmedia":[{"embeddable":true,"href":"https:\/\/saltoecologico.es\/index.php\/wp-json\/wp\/v2\/media\/1177"}],"wp:attachment":[{"href":"https:\/\/saltoecologico.es\/index.php\/wp-json\/wp\/v2\/media?parent=1174"}],"wp:term":[{"taxonomy":"category","embeddable":true,"href":"https:\/\/saltoecologico.es\/index.php\/wp-json\/wp\/v2\/categories?post=1174"},{"taxonomy":"post_tag","embeddable":true,"href":"https:\/\/saltoecologico.es\/index.php\/wp-json\/wp\/v2\/tags?post=1174"}],"curies":[{"name":"wp","href":"https:\/\/api.w.org\/{rel}","templated":true}]}}