{"id":1178,"date":"2025-07-10T20:40:21","date_gmt":"2025-07-10T20:40:21","guid":{"rendered":"https:\/\/saltoecologico.es\/?p=1178"},"modified":"2025-07-10T20:40:23","modified_gmt":"2025-07-10T20:40:23","slug":"firma-la-peticion","status":"publish","type":"post","link":"https:\/\/saltoecologico.es\/index.php\/2025\/07\/10\/firma-la-peticion\/","title":{"rendered":"\u00a1\u00a1\u00a1Firma la petici\u00f3n!!!"},"content":{"rendered":"\n<p class=\"wp-block-paragraph\">\u00a1NO a la ubicaci\u00f3n de la Planta de Generaci\u00f3n de Emergencia \u201cPlanta Tigaiga\u201d en La Zamora (Los Realejos)!<\/p>\n\n\n\n<p class=\"wp-block-paragraph\"><strong>A la atenci\u00f3n de la Direcci\u00f3n General de Energ\u00eda del Gobierno de Canarias.<\/strong><\/p>\n\n\n\n<p class=\"wp-block-paragraph\">Los firmantes de esta petici\u00f3n expresamos nuestra <strong>firme oposici\u00f3n<\/strong> al proyecto de instalaci\u00f3n de la Planta de Generaci\u00f3n de Emergencia de 14,8 MW \u2013 conocida como <strong>Planta Tigaiga<\/strong> \u2013 en <strong>La Zamora&nbsp; Expte. GE25\/017.<\/strong>, Los Realejos, <strong>&nbsp;Expte. GE25\/017, <\/strong>seg\u00fan el anuncio publicado en el <strong>BOC n\u00famero 83 del 28 de abril de 2025<\/strong>.<\/p>\n\n\n\n<p class=\"wp-block-paragraph\">Este rechazo se fundamenta en:<\/p>\n\n\n\n<p class=\"wp-block-paragraph\">\ud83d\udd34 <strong>&nbsp;Impacto ambiental, social y sanitario inaceptable:<\/strong><\/p>\n\n\n\n<p class=\"wp-block-paragraph\">La ubicaci\u00f3n prevista se encuentra <strong>a escasos 35 metros de viviendas habitadas por vecinos y vecinas de Los Realejos<\/strong>, lo cual implica una <strong>exposici\u00f3n directa a contaminaci\u00f3n atmosf\u00e9rica y ac\u00fastica<\/strong> derivada del funcionamiento de la planta.<\/p>\n\n\n\n<p class=\"wp-block-paragraph\">Adem\u00e1s, no existe una <strong>Declaraci\u00f3n de Impacto Ambiental (DIA)<\/strong> clara y favorable. La falta de garant\u00edas sobre el mantenimiento, seguridad y control de emisiones genera <strong>una profunda inseguridad jur\u00eddica y medioambiental<\/strong>, con consecuencias negativas para la salud p\u00fablica, el entorno natural y el paisaje.<\/p>\n\n\n\n<p class=\"wp-block-paragraph\">\ud83d\udd34 <strong>&nbsp;Incompatibilidad con el Planeamiento Municipal y las normativas ambientales:<\/strong><\/p>\n\n\n\n<p class=\"wp-block-paragraph\">La instalaci\u00f3n se ubicar\u00eda en suelo r\u00fastico, contraviniendo el <strong>Plan General de Ordenaci\u00f3n (PGO)<\/strong> y el <strong>PACES de Los Realejos<\/strong>, as\u00ed como los principios de la <strong>Ley Canaria de Cambio Clim\u00e1tico y Transici\u00f3n Energ\u00e9tica<\/strong>. Esta planta supone un grave retroceso en la planificaci\u00f3n sostenible del municipio.<\/p>\n\n\n\n<p class=\"wp-block-paragraph\">\ud83d\udd34 <strong>Afecci\u00f3n a proyectos municipales estrat\u00e9gicos:<\/strong><\/p>\n\n\n\n<p class=\"wp-block-paragraph\">La planta se ubicar\u00eda cerca del espacio planificado para el <strong>Centro comarcal de atenci\u00f3n a personas con discapacidad<\/strong>, quedando este centro social estrat\u00e9gico <strong>encajado entre dos plantas energ\u00e9ticas<\/strong>. Esta situaci\u00f3n resulta inasumible y atenta contra el bienestar, la integraci\u00f3n y el desarrollo social del municipio.<\/p>\n\n\n\n<p class=\"wp-block-paragraph\">\ud83d\udce2 <strong>Por todo ello, solicitamos:<\/strong><\/p>\n\n\n\n<ol class=\"wp-block-list\">\n<li>La <strong>revocaci\u00f3n inmediata<\/strong> de la ubicaci\u00f3n prevista para la Planta Tigaiga.<\/li>\n\n\n\n<li>El respeto a la <strong>planificaci\u00f3n local y cumplimiento institucional del PACES\u00a0<\/strong>\u00abPlan de Acci\u00f3n para el Clima y la Energ\u00eda Sostenible(PACES)\u00bb del municipio de Los Realejos.<\/li>\n\n\n\n<li>El impulso de un modelo energ\u00e9tico <strong>sostenible, limpio y justo.<\/strong><\/li>\n<\/ol>\n\n\n\n<p class=\"wp-block-paragraph\">Para conocer m\u00e1s acerca nuestra acci\u00f3n <strong>puedes consultar nuestra web:&nbsp;<\/strong><strong><a href=\"https:\/\/noelectricasenlazamora.com\/\">https:\/\/noelectricasenlazamora.com\/<\/a>&nbsp;o en Redes sociales @noelectricasenlazamora&nbsp;<\/strong><\/p>\n\n\n\n<p class=\"wp-block-paragraph\"><span style=\"background-color:#f7cc62\" class=\"td_text_highlight_marker\"><strong><a href=\"https:\/\/forms.gle\/6VnEdZ7g3cAeQE2X7\" target=\"_blank\" rel=\"noreferrer noopener\">FIRMA LA PETICI\u00d3N<\/a><\/strong><\/span><\/p>\n\n\n\n<p class=\"wp-block-paragraph\"><\/p>\n","protected":false},"excerpt":{"rendered":"<p>\u00a1NO a la ubicaci\u00f3n de la Planta de Generaci\u00f3n de Emergencia \u201cPlanta Tigaiga\u201d en La Zamora (Los Realejos)! A la atenci\u00f3n de la Direcci\u00f3n General de Energ\u00eda del Gobierno de Canarias. Los firmantes de esta petici\u00f3n expresamos nuestra firme oposici\u00f3n al proyecto de instalaci\u00f3n de la Planta de Generaci\u00f3n de Emergencia de 14,8 MW \u2013 [&hellip;]<\/p>\n","protected":false},"author":1,"featured_media":1179,"comment_status":"open","ping_status":"open","sticky":false,"template":"","format":"standard","meta":{"footnotes":""},"categories":[55],"tags":[],"class_list":["post-1178","post","type-post","status-publish","format-standard","has-post-thumbnail","category-general"],"yoast_head":"<!-- This site is optimized with the Yoast SEO plugin v28.2 - https:\/\/yoast.com\/product\/yoast-seo-wordpress\/ -->\n<title>\u00a1\u00a1\u00a1Firma la petici\u00f3n!!! - Salto Ecol\u00f3gico<\/title>\n<meta name=\"robots\" content=\"index, follow, max-snippet:-1, max-image-preview:large, max-video-preview:-1\" \/>\n<link rel=\"canonical\" href=\"https:\/\/saltoecologico.es\/index.php\/2025\/07\/10\/firma-la-peticion\/\" \/>\n<meta property=\"og:locale\" content=\"es_ES\" \/>\n<meta property=\"og:type\" content=\"article\" \/>\n<meta property=\"og:title\" content=\"\u00a1\u00a1\u00a1Firma la petici\u00f3n!!! - Salto Ecol\u00f3gico\" \/>\n<meta property=\"og:description\" content=\"\u00a1NO a la ubicaci\u00f3n de la Planta de Generaci\u00f3n de Emergencia \u201cPlanta Tigaiga\u201d en La Zamora (Los Realejos)! A la atenci\u00f3n de la Direcci\u00f3n General de Energ\u00eda del Gobierno de Canarias. Los firmantes de esta petici\u00f3n expresamos nuestra firme oposici\u00f3n al proyecto de instalaci\u00f3n de la Planta de Generaci\u00f3n de Emergencia de 14,8 MW \u2013 [&hellip;]\" \/>\n<meta property=\"og:url\" content=\"https:\/\/saltoecologico.es\/index.php\/2025\/07\/10\/firma-la-peticion\/\" \/>\n<meta property=\"og:site_name\" content=\"Salto Ecol\u00f3gico\" \/>\n<meta property=\"article:publisher\" content=\"https:\/\/www.facebook.com\/Saltotransicionecologica\" \/>\n<meta property=\"article:published_time\" content=\"2025-07-10T20:40:21+00:00\" \/>\n<meta property=\"article:modified_time\" content=\"2025-07-10T20:40:23+00:00\" \/>\n<meta property=\"og:image\" content=\"https:\/\/saltoecologico.es\/wp-content\/uploads\/2025\/07\/Captura-de-pantalla-2025-07-10-212720.png\" \/>\n\t<meta property=\"og:image:width\" content=\"840\" \/>\n\t<meta property=\"og:image:height\" content=\"528\" \/>\n\t<meta property=\"og:image:type\" content=\"image\/png\" \/>\n<meta name=\"author\" content=\"admin\" \/>\n<meta name=\"twitter:card\" content=\"summary_large_image\" \/>\n<meta name=\"twitter:label1\" content=\"Escrito por\" \/>\n\t<meta name=\"twitter:data1\" content=\"admin\" \/>\n\t<meta name=\"twitter:label2\" content=\"Tiempo de lectura\" \/>\n\t<meta name=\"twitter:data2\" content=\"2 minutos\" \/>\n<script type=\"application\/ld+json\" class=\"yoast-schema-graph\">{\"@context\":\"https:\\\/\\\/schema.org\",\"@graph\":[{\"@type\":\"Article\",\"@id\":\"https:\\\/\\\/saltoecologico.es\\\/index.php\\\/2025\\\/07\\\/10\\\/firma-la-peticion\\\/#article\",\"isPartOf\":{\"@id\":\"https:\\\/\\\/saltoecologico.es\\\/index.php\\\/2025\\\/07\\\/10\\\/firma-la-peticion\\\/\"},\"author\":{\"name\":\"admin\",\"@id\":\"https:\\\/\\\/saltoecologico.es\\\/#\\\/schema\\\/person\\\/7175eec4b3c123d86c675313c3a01a0b\"},\"headline\":\"\u00a1\u00a1\u00a1Firma la petici\u00f3n!!!\",\"datePublished\":\"2025-07-10T20:40:21+00:00\",\"dateModified\":\"2025-07-10T20:40:23+00:00\",\"mainEntityOfPage\":{\"@id\":\"https:\\\/\\\/saltoecologico.es\\\/index.php\\\/2025\\\/07\\\/10\\\/firma-la-peticion\\\/\"},\"wordCount\":403,\"commentCount\":0,\"publisher\":{\"@id\":\"https:\\\/\\\/saltoecologico.es\\\/#organization\"},\"image\":{\"@id\":\"https:\\\/\\\/saltoecologico.es\\\/index.php\\\/2025\\\/07\\\/10\\\/firma-la-peticion\\\/#primaryimage\"},\"thumbnailUrl\":\"https:\\\/\\\/saltoecologico.es\\\/wp-content\\\/uploads\\\/2025\\\/07\\\/Captura-de-pantalla-2025-07-10-212720.png\",\"articleSection\":[\"General\"],\"inLanguage\":\"es\",\"potentialAction\":[{\"@type\":\"CommentAction\",\"name\":\"Comment\",\"target\":[\"https:\\\/\\\/saltoecologico.es\\\/index.php\\\/2025\\\/07\\\/10\\\/firma-la-peticion\\\/#respond\"]}]},{\"@type\":\"WebPage\",\"@id\":\"https:\\\/\\\/saltoecologico.es\\\/index.php\\\/2025\\\/07\\\/10\\\/firma-la-peticion\\\/\",\"url\":\"https:\\\/\\\/saltoecologico.es\\\/index.php\\\/2025\\\/07\\\/10\\\/firma-la-peticion\\\/\",\"name\":\"\u00a1\u00a1\u00a1Firma la petici\u00f3n!!! - Salto Ecol\u00f3gico\",\"isPartOf\":{\"@id\":\"https:\\\/\\\/saltoecologico.es\\\/#website\"},\"primaryImageOfPage\":{\"@id\":\"https:\\\/\\\/saltoecologico.es\\\/index.php\\\/2025\\\/07\\\/10\\\/firma-la-peticion\\\/#primaryimage\"},\"image\":{\"@id\":\"https:\\\/\\\/saltoecologico.es\\\/index.php\\\/2025\\\/07\\\/10\\\/firma-la-peticion\\\/#primaryimage\"},\"thumbnailUrl\":\"https:\\\/\\\/saltoecologico.es\\\/wp-content\\\/uploads\\\/2025\\\/07\\\/Captura-de-pantalla-2025-07-10-212720.png\",\"datePublished\":\"2025-07-10T20:40:21+00:00\",\"dateModified\":\"2025-07-10T20:40:23+00:00\",\"breadcrumb\":{\"@id\":\"https:\\\/\\\/saltoecologico.es\\\/index.php\\\/2025\\\/07\\\/10\\\/firma-la-peticion\\\/#breadcrumb\"},\"inLanguage\":\"es\",\"potentialAction\":[{\"@type\":\"ReadAction\",\"target\":[\"https:\\\/\\\/saltoecologico.es\\\/index.php\\\/2025\\\/07\\\/10\\\/firma-la-peticion\\\/\"]}]},{\"@type\":\"ImageObject\",\"inLanguage\":\"es\",\"@id\":\"https:\\\/\\\/saltoecologico.es\\\/index.php\\\/2025\\\/07\\\/10\\\/firma-la-peticion\\\/#primaryimage\",\"url\":\"https:\\\/\\\/saltoecologico.es\\\/wp-content\\\/uploads\\\/2025\\\/07\\\/Captura-de-pantalla-2025-07-10-212720.png\",\"contentUrl\":\"https:\\\/\\\/saltoecologico.es\\\/wp-content\\\/uploads\\\/2025\\\/07\\\/Captura-de-pantalla-2025-07-10-212720.png\",\"width\":840,\"height\":528},{\"@type\":\"BreadcrumbList\",\"@id\":\"https:\\\/\\\/saltoecologico.es\\\/index.php\\\/2025\\\/07\\\/10\\\/firma-la-peticion\\\/#breadcrumb\",\"itemListElement\":[{\"@type\":\"ListItem\",\"position\":1,\"name\":\"Portada\",\"item\":\"https:\\\/\\\/saltoecologico.es\\\/\"},{\"@type\":\"ListItem\",\"position\":2,\"name\":\"\u00a1\u00a1\u00a1Firma la petici\u00f3n!!!\"}]},{\"@type\":\"WebSite\",\"@id\":\"https:\\\/\\\/saltoecologico.es\\\/#website\",\"url\":\"https:\\\/\\\/saltoecologico.es\\\/\",\"name\":\"Salto Ecol\u00f3gico\",\"description\":\"\",\"publisher\":{\"@id\":\"https:\\\/\\\/saltoecologico.es\\\/#organization\"},\"potentialAction\":[{\"@type\":\"SearchAction\",\"target\":{\"@type\":\"EntryPoint\",\"urlTemplate\":\"https:\\\/\\\/saltoecologico.es\\\/?s={search_term_string}\"},\"query-input\":{\"@type\":\"PropertyValueSpecification\",\"valueRequired\":true,\"valueName\":\"search_term_string\"}}],\"inLanguage\":\"es\"},{\"@type\":\"Organization\",\"@id\":\"https:\\\/\\\/saltoecologico.es\\\/#organization\",\"name\":\"Salto a la Transici\u00f3n Ecol\u00f3gica\",\"url\":\"https:\\\/\\\/saltoecologico.es\\\/\",\"logo\":{\"@type\":\"ImageObject\",\"inLanguage\":\"es\",\"@id\":\"https:\\\/\\\/saltoecologico.es\\\/#\\\/schema\\\/logo\\\/image\\\/\",\"url\":\"https:\\\/\\\/saltoecologico.es\\\/wp-content\\\/uploads\\\/2025\\\/04\\\/Logo-STE.jpg\",\"contentUrl\":\"https:\\\/\\\/saltoecologico.es\\\/wp-content\\\/uploads\\\/2025\\\/04\\\/Logo-STE.jpg\",\"width\":435,\"height\":435,\"caption\":\"Salto a la Transici\u00f3n Ecol\u00f3gica\"},\"image\":{\"@id\":\"https:\\\/\\\/saltoecologico.es\\\/#\\\/schema\\\/logo\\\/image\\\/\"},\"sameAs\":[\"https:\\\/\\\/www.facebook.com\\\/Saltotransicionecologica\"]},{\"@type\":\"Person\",\"@id\":\"https:\\\/\\\/saltoecologico.es\\\/#\\\/schema\\\/person\\\/7175eec4b3c123d86c675313c3a01a0b\",\"name\":\"admin\",\"image\":{\"@type\":\"ImageObject\",\"inLanguage\":\"es\",\"@id\":\"https:\\\/\\\/secure.gravatar.com\\\/avatar\\\/4c215dc57bbc7b2f2f470ac9bd197f3f112636a584e575a732d0206a2d9c9806?s=96&d=mm&r=g\",\"url\":\"https:\\\/\\\/secure.gravatar.com\\\/avatar\\\/4c215dc57bbc7b2f2f470ac9bd197f3f112636a584e575a732d0206a2d9c9806?s=96&d=mm&r=g\",\"contentUrl\":\"https:\\\/\\\/secure.gravatar.com\\\/avatar\\\/4c215dc57bbc7b2f2f470ac9bd197f3f112636a584e575a732d0206a2d9c9806?s=96&d=mm&r=g\",\"caption\":\"admin\"},\"sameAs\":[\"https:\\\/\\\/saltoecologico.es\"],\"url\":\"https:\\\/\\\/saltoecologico.es\\\/index.php\\\/author\\\/saltoecologico\\\/\"}]}<\/script>\n<!-- \/ Yoast SEO plugin. -->","yoast_head_json":{"title":"\u00a1\u00a1\u00a1Firma la petici\u00f3n!!! - Salto Ecol\u00f3gico","robots":{"index":"index","follow":"follow","max-snippet":"max-snippet:-1","max-image-preview":"max-image-preview:large","max-video-preview":"max-video-preview:-1"},"canonical":"https:\/\/saltoecologico.es\/index.php\/2025\/07\/10\/firma-la-peticion\/","og_locale":"es_ES","og_type":"article","og_title":"\u00a1\u00a1\u00a1Firma la petici\u00f3n!!! - Salto Ecol\u00f3gico","og_description":"\u00a1NO a la ubicaci\u00f3n de la Planta de Generaci\u00f3n de Emergencia \u201cPlanta Tigaiga\u201d en La Zamora (Los Realejos)! A la atenci\u00f3n de la Direcci\u00f3n General de Energ\u00eda del Gobierno de Canarias. Los firmantes de esta petici\u00f3n expresamos nuestra firme oposici\u00f3n al proyecto de instalaci\u00f3n de la Planta de Generaci\u00f3n de Emergencia de 14,8 MW \u2013 [&hellip;]","og_url":"https:\/\/saltoecologico.es\/index.php\/2025\/07\/10\/firma-la-peticion\/","og_site_name":"Salto Ecol\u00f3gico","article_publisher":"https:\/\/www.facebook.com\/Saltotransicionecologica","article_published_time":"2025-07-10T20:40:21+00:00","article_modified_time":"2025-07-10T20:40:23+00:00","og_image":[{"width":840,"height":528,"url":"https:\/\/saltoecologico.es\/wp-content\/uploads\/2025\/07\/Captura-de-pantalla-2025-07-10-212720.png","type":"image\/png"}],"author":"admin","twitter_card":"summary_large_image","twitter_misc":{"Escrito por":"admin","Tiempo de lectura":"2 minutos"},"schema":{"@context":"https:\/\/schema.org","@graph":[{"@type":"Article","@id":"https:\/\/saltoecologico.es\/index.php\/2025\/07\/10\/firma-la-peticion\/#article","isPartOf":{"@id":"https:\/\/saltoecologico.es\/index.php\/2025\/07\/10\/firma-la-peticion\/"},"author":{"name":"admin","@id":"https:\/\/saltoecologico.es\/#\/schema\/person\/7175eec4b3c123d86c675313c3a01a0b"},"headline":"\u00a1\u00a1\u00a1Firma la petici\u00f3n!!!","datePublished":"2025-07-10T20:40:21+00:00","dateModified":"2025-07-10T20:40:23+00:00","mainEntityOfPage":{"@id":"https:\/\/saltoecologico.es\/index.php\/2025\/07\/10\/firma-la-peticion\/"},"wordCount":403,"commentCount":0,"publisher":{"@id":"https:\/\/saltoecologico.es\/#organization"},"image":{"@id":"https:\/\/saltoecologico.es\/index.php\/2025\/07\/10\/firma-la-peticion\/#primaryimage"},"thumbnailUrl":"https:\/\/saltoecologico.es\/wp-content\/uploads\/2025\/07\/Captura-de-pantalla-2025-07-10-212720.png","articleSection":["General"],"inLanguage":"es","potentialAction":[{"@type":"CommentAction","name":"Comment","target":["https:\/\/saltoecologico.es\/index.php\/2025\/07\/10\/firma-la-peticion\/#respond"]}]},{"@type":"WebPage","@id":"https:\/\/saltoecologico.es\/index.php\/2025\/07\/10\/firma-la-peticion\/","url":"https:\/\/saltoecologico.es\/index.php\/2025\/07\/10\/firma-la-peticion\/","name":"\u00a1\u00a1\u00a1Firma la petici\u00f3n!!! - Salto Ecol\u00f3gico","isPartOf":{"@id":"https:\/\/saltoecologico.es\/#website"},"primaryImageOfPage":{"@id":"https:\/\/saltoecologico.es\/index.php\/2025\/07\/10\/firma-la-peticion\/#primaryimage"},"image":{"@id":"https:\/\/saltoecologico.es\/index.php\/2025\/07\/10\/firma-la-peticion\/#primaryimage"},"thumbnailUrl":"https:\/\/saltoecologico.es\/wp-content\/uploads\/2025\/07\/Captura-de-pantalla-2025-07-10-212720.png","datePublished":"2025-07-10T20:40:21+00:00","dateModified":"2025-07-10T20:40:23+00:00","breadcrumb":{"@id":"https:\/\/saltoecologico.es\/index.php\/2025\/07\/10\/firma-la-peticion\/#breadcrumb"},"inLanguage":"es","potentialAction":[{"@type":"ReadAction","target":["https:\/\/saltoecologico.es\/index.php\/2025\/07\/10\/firma-la-peticion\/"]}]},{"@type":"ImageObject","inLanguage":"es","@id":"https:\/\/saltoecologico.es\/index.php\/2025\/07\/10\/firma-la-peticion\/#primaryimage","url":"https:\/\/saltoecologico.es\/wp-content\/uploads\/2025\/07\/Captura-de-pantalla-2025-07-10-212720.png","contentUrl":"https:\/\/saltoecologico.es\/wp-content\/uploads\/2025\/07\/Captura-de-pantalla-2025-07-10-212720.png","width":840,"height":528},{"@type":"BreadcrumbList","@id":"https:\/\/saltoecologico.es\/index.php\/2025\/07\/10\/firma-la-peticion\/#breadcrumb","itemListElement":[{"@type":"ListItem","position":1,"name":"Portada","item":"https:\/\/saltoecologico.es\/"},{"@type":"ListItem","position":2,"name":"\u00a1\u00a1\u00a1Firma la petici\u00f3n!!!"}]},{"@type":"WebSite","@id":"https:\/\/saltoecologico.es\/#website","url":"https:\/\/saltoecologico.es\/","name":"Salto Ecol\u00f3gico","description":"","publisher":{"@id":"https:\/\/saltoecologico.es\/#organization"},"potentialAction":[{"@type":"SearchAction","target":{"@type":"EntryPoint","urlTemplate":"https:\/\/saltoecologico.es\/?s={search_term_string}"},"query-input":{"@type":"PropertyValueSpecification","valueRequired":true,"valueName":"search_term_string"}}],"inLanguage":"es"},{"@type":"Organization","@id":"https:\/\/saltoecologico.es\/#organization","name":"Salto a la Transici\u00f3n Ecol\u00f3gica","url":"https:\/\/saltoecologico.es\/","logo":{"@type":"ImageObject","inLanguage":"es","@id":"https:\/\/saltoecologico.es\/#\/schema\/logo\/image\/","url":"https:\/\/saltoecologico.es\/wp-content\/uploads\/2025\/04\/Logo-STE.jpg","contentUrl":"https:\/\/saltoecologico.es\/wp-content\/uploads\/2025\/04\/Logo-STE.jpg","width":435,"height":435,"caption":"Salto a la Transici\u00f3n Ecol\u00f3gica"},"image":{"@id":"https:\/\/saltoecologico.es\/#\/schema\/logo\/image\/"},"sameAs":["https:\/\/www.facebook.com\/Saltotransicionecologica"]},{"@type":"Person","@id":"https:\/\/saltoecologico.es\/#\/schema\/person\/7175eec4b3c123d86c675313c3a01a0b","name":"admin","image":{"@type":"ImageObject","inLanguage":"es","@id":"https:\/\/secure.gravatar.com\/avatar\/4c215dc57bbc7b2f2f470ac9bd197f3f112636a584e575a732d0206a2d9c9806?s=96&d=mm&r=g","url":"https:\/\/secure.gravatar.com\/avatar\/4c215dc57bbc7b2f2f470ac9bd197f3f112636a584e575a732d0206a2d9c9806?s=96&d=mm&r=g","contentUrl":"https:\/\/secure.gravatar.com\/avatar\/4c215dc57bbc7b2f2f470ac9bd197f3f112636a584e575a732d0206a2d9c9806?s=96&d=mm&r=g","caption":"admin"},"sameAs":["https:\/\/saltoecologico.es"],"url":"https:\/\/saltoecologico.es\/index.php\/author\/saltoecologico\/"}]}},"_links":{"self":[{"href":"https:\/\/saltoecologico.es\/index.php\/wp-json\/wp\/v2\/posts\/1178","targetHints":{"allow":["GET"]}}],"collection":[{"href":"https:\/\/saltoecologico.es\/index.php\/wp-json\/wp\/v2\/posts"}],"about":[{"href":"https:\/\/saltoecologico.es\/index.php\/wp-json\/wp\/v2\/types\/post"}],"author":[{"embeddable":true,"href":"https:\/\/saltoecologico.es\/index.php\/wp-json\/wp\/v2\/users\/1"}],"replies":[{"embeddable":true,"href":"https:\/\/saltoecologico.es\/index.php\/wp-json\/wp\/v2\/comments?post=1178"}],"version-history":[{"count":1,"href":"https:\/\/saltoecologico.es\/index.php\/wp-json\/wp\/v2\/posts\/1178\/revisions"}],"predecessor-version":[{"id":1180,"href":"https:\/\/saltoecologico.es\/index.php\/wp-json\/wp\/v2\/posts\/1178\/revisions\/1180"}],"wp:featuredmedia":[{"embeddable":true,"href":"https:\/\/saltoecologico.es\/index.php\/wp-json\/wp\/v2\/media\/1179"}],"wp:attachment":[{"href":"https:\/\/saltoecologico.es\/index.php\/wp-json\/wp\/v2\/media?parent=1178"}],"wp:term":[{"taxonomy":"category","embeddable":true,"href":"https:\/\/saltoecologico.es\/index.php\/wp-json\/wp\/v2\/categories?post=1178"},{"taxonomy":"post_tag","embeddable":true,"href":"https:\/\/saltoecologico.es\/index.php\/wp-json\/wp\/v2\/tags?post=1178"}],"curies":[{"name":"wp","href":"https:\/\/api.w.org\/{rel}","templated":true}]}}