{"id":1184,"date":"2025-08-06T10:00:14","date_gmt":"2025-08-06T10:00:14","guid":{"rendered":"https:\/\/saltoecologico.es\/?p=1184"},"modified":"2025-08-06T10:02:54","modified_gmt":"2025-08-06T10:02:54","slug":"matar-mosquitos-a-canonazos","status":"publish","type":"post","link":"https:\/\/saltoecologico.es\/index.php\/2025\/08\/06\/matar-mosquitos-a-canonazos\/","title":{"rendered":"Matar mosquitos a ca\u00f1onazos"},"content":{"rendered":"\n<p class=\"wp-block-paragraph\">Esta es la expresi\u00f3n que utiliz\u00f3 la diputada socialista Alicia Vanoostende en la Comisi\u00f3n de Transici\u00f3n Ecol\u00f3gica el 28 de julio pasado al referirse al proceso en marcha de los grupos de emergencia. Y no es para menos: al discurso del consejero Hern\u00e1ndez Zapata sobre esta cuesti\u00f3n le est\u00e1n apareciendo fisuras cada vez m\u00e1s evidentes. Veamos por qu\u00e9.<\/p>\n\n\n\n<p class=\"wp-block-paragraph\">En primer lugar, es dif\u00edcil seguir ignorando los potenciales peligros y riesgos para la salud y la calidad de vida de los vecinos \u201csacrificados\u201d por esta pol\u00edtica miope de la Consejer\u00eda en lugares como La Zamora, Salinetas y Clavellinas. Porque, de entre todas las opciones disponibles, la Consejer\u00eda ha optado por la alternativa menos precisa, menos sostenible, m\u00e1s costosa y m\u00e1s peligrosa para abordar un problema coyuntural en los sistemas el\u00e9ctricos canarios. No otra cosa son estos grupos de emergencia alimentados por propano a escasos metros de zonas residenciales.<\/p>\n\n\n\n<p class=\"wp-block-paragraph\">Y lo de \u201ccoyuntural\u201d no es una figura ret\u00f3rica. El informe de Red El\u00e9ctrica de Espa\u00f1a (REE) \u2014al que continuamente se le atribuye la \u201ccarga de la prueba\u201d\u2014 es claro al respecto. En su p\u00e1gina 5, el informe de 2021 indica que la necesidad de este suplemento de potencia t\u00e9rmica est\u00e1 relacionada con el cierre de los grupos de vapor de Jin\u00e1mar y Candelaria, el cual no fue acompa\u00f1ado del refuerzo de las l\u00edneas de transporte Sur-Norte para evitar sobrecargas. Es probable que la Consejer\u00eda conociera esta debilidad, pero opt\u00f3 por dar una patada hacia adelante, diluy\u00e9ndola en el relato oficial del miedo a los apagones por falta de generaci\u00f3n, en lugar de enfrentar el problema de fondo: la falta de inversi\u00f3n en las redes por parte del operador y del cuasi monopolio que representa Enel-Endesa.<\/p>\n\n\n\n<p class=\"wp-block-paragraph\">Adem\u00e1s, ya se han desvelado las causas reales de los \u00faltimos apagones sufridos en Canarias \u2014como el de La Gomera\u2014 y nada tuvieron que ver con la falta de generaci\u00f3n. En todos los casos, los fallos se debieron al mal estado de las redes y a la precariedad de las instalaciones, todas ellas responsabilidad del cuasi monopolista.<\/p>\n\n\n\n<p class=\"wp-block-paragraph\">Y a esto se suma un nuevo elemento decisivo: la irrupci\u00f3n de las bater\u00edas BESS combinadas con compensadores s\u00edncronos como alternativa limpia y viable a estos grupos de emergencia que tantos inconvenientes presentan. Se trata de una tecnolog\u00eda ya madura y lista para su implantaci\u00f3n, cuyo \u00fanico obst\u00e1culo es la definici\u00f3n de un marco retributivo estable. La no convalidaci\u00f3n del Real Decreto-Ley 7\/2025, que deb\u00eda establecer dicho marco, no puede usarse como excusa para seguir anclados en una estrategia claramente err\u00f3nea para resolver problemas que son, en esencia, coyunturales y transitorios.<\/p>\n\n\n\n<p class=\"wp-block-paragraph\">Dando una respuesta adecuada a los problemas coyunturales seremos capaces de sentar las bases del nuevo modelo energ\u00e9tico para Canarias que debe regir en las pr\u00f3ximas d\u00e9cadas. Si la respuesta de corto plazo es la instalaci\u00f3n de grupos de emergencia, el modelo a largo plazo ser\u00e1, en esencia, el mismo que el que tenemos: emisiones GEI que, aunque menores, seguir\u00e1n siendo en t\u00e9rminos per c\u00e1pita y por km<sup>2<\/sup> muy superiores a las del resto de los territorios de Espa\u00f1a.<\/p>\n\n\n\n<p class=\"wp-block-paragraph\">Una soluci\u00f3n ineficiente, poco eficaz y muy costosa en t\u00e9rminos econ\u00f3micos porque el esfuerzo inversor deber\u00e1 ser doble: el capital que va destinado a nuevos grupos que funcionen con gas y el que vaya destinado a renovables, bombeos reversibles, bater\u00edas y redes. Pensar que es compatible ambas cosas es desconocer un principio b\u00e1sico como es el de la \u201crestricci\u00f3n presupuestaria\u201d. El capital no es infinito, y menos a\u00fan despu\u00e9s de agosto de 2026 cuando desaparezca el Plan de Recuperaci\u00f3n, Transformaci\u00f3n y Resiliencia.<\/p>\n\n\n\n<p class=\"wp-block-paragraph\">Como dijo John Maynard Keynes en los a\u00f1os 30, justificando su giro hacia pol\u00edticas intervencionistas tras la Gran Depresi\u00f3n: \u201cWhen the facts change, I change my mind. What do you do, sir?\u201d (Cuando los hechos cambian, yo cambio de opini\u00f3n. \u00bfQu\u00e9 hace usted, se\u00f1or?)<\/p>\n\n\n\n<p class=\"wp-block-paragraph\">Esta frase deber\u00eda aplic\u00e1rsela el consejero Hern\u00e1ndez Zapata, ahora que los hechos han cambiado. El cambio clim\u00e1tico exige medidas audaces, y aunque no se ponga en duda la buena intenci\u00f3n inicial de esta Consejer\u00eda con los grupos de emergencia, el escenario actual es otro, y eso obliga a revisar y corregir decisiones. M\u00e1s a\u00fan cuando hay personas directamente afectadas.<\/p>\n\n\n\n<p class=\"wp-block-paragraph\">Con la alternativa ya disponible de bater\u00edas y compensadores, persistir en los grupos de emergencia de gasoil y propano no es otra cosa que pretender \u201cmatar mosquitos a ca\u00f1onazos\u201d.<\/p>\n\n\n\n<p class=\"wp-block-paragraph\">Firmado: Fernando Meli\u00e1n Rodr\u00edguez y Jos\u00e9 Juan Sans\u00f3 Fern\u00e1ndez<\/p>\n","protected":false},"excerpt":{"rendered":"<p>Esta es la expresi\u00f3n que utiliz\u00f3 la diputada socialista Alicia Vanoostende en la Comisi\u00f3n de Transici\u00f3n Ecol\u00f3gica el 28 de julio pasado al referirse al proceso en marcha de los grupos de emergencia. Y no es para menos: al discurso del consejero Hern\u00e1ndez Zapata sobre esta cuesti\u00f3n le est\u00e1n apareciendo fisuras cada vez m\u00e1s evidentes. [&hellip;]<\/p>\n","protected":false},"author":1,"featured_media":1185,"comment_status":"open","ping_status":"open","sticky":false,"template":"","format":"standard","meta":{"footnotes":""},"categories":[55],"tags":[],"class_list":["post-1184","post","type-post","status-publish","format-standard","has-post-thumbnail","category-general"],"yoast_head":"<!-- This site is optimized with the Yoast SEO plugin v28.2 - https:\/\/yoast.com\/product\/yoast-seo-wordpress\/ -->\n<title>Matar mosquitos a ca\u00f1onazos - Salto Ecol\u00f3gico<\/title>\n<meta name=\"robots\" content=\"index, follow, max-snippet:-1, max-image-preview:large, max-video-preview:-1\" \/>\n<link rel=\"canonical\" href=\"https:\/\/saltoecologico.es\/index.php\/2025\/08\/06\/matar-mosquitos-a-canonazos\/\" \/>\n<meta property=\"og:locale\" content=\"es_ES\" \/>\n<meta property=\"og:type\" content=\"article\" \/>\n<meta property=\"og:title\" content=\"Matar mosquitos a ca\u00f1onazos - Salto Ecol\u00f3gico\" \/>\n<meta property=\"og:description\" content=\"Esta es la expresi\u00f3n que utiliz\u00f3 la diputada socialista Alicia Vanoostende en la Comisi\u00f3n de Transici\u00f3n Ecol\u00f3gica el 28 de julio pasado al referirse al proceso en marcha de los grupos de emergencia. Y no es para menos: al discurso del consejero Hern\u00e1ndez Zapata sobre esta cuesti\u00f3n le est\u00e1n apareciendo fisuras cada vez m\u00e1s evidentes. [&hellip;]\" \/>\n<meta property=\"og:url\" content=\"https:\/\/saltoecologico.es\/index.php\/2025\/08\/06\/matar-mosquitos-a-canonazos\/\" \/>\n<meta property=\"og:site_name\" content=\"Salto Ecol\u00f3gico\" \/>\n<meta property=\"article:publisher\" content=\"https:\/\/www.facebook.com\/Saltotransicionecologica\" \/>\n<meta property=\"article:published_time\" content=\"2025-08-06T10:00:14+00:00\" \/>\n<meta property=\"article:modified_time\" content=\"2025-08-06T10:02:54+00:00\" \/>\n<meta property=\"og:image\" content=\"https:\/\/saltoecologico.es\/wp-content\/uploads\/2025\/08\/Matar-mosquitos.png\" \/>\n\t<meta property=\"og:image:width\" content=\"1024\" \/>\n\t<meta property=\"og:image:height\" content=\"1024\" \/>\n\t<meta property=\"og:image:type\" content=\"image\/png\" \/>\n<meta name=\"author\" content=\"admin\" \/>\n<meta name=\"twitter:card\" content=\"summary_large_image\" \/>\n<meta name=\"twitter:label1\" content=\"Escrito por\" \/>\n\t<meta name=\"twitter:data1\" content=\"admin\" \/>\n\t<meta name=\"twitter:label2\" content=\"Tiempo de lectura\" \/>\n\t<meta name=\"twitter:data2\" content=\"4 minutos\" \/>\n<script type=\"application\/ld+json\" class=\"yoast-schema-graph\">{\"@context\":\"https:\\\/\\\/schema.org\",\"@graph\":[{\"@type\":\"Article\",\"@id\":\"https:\\\/\\\/saltoecologico.es\\\/index.php\\\/2025\\\/08\\\/06\\\/matar-mosquitos-a-canonazos\\\/#article\",\"isPartOf\":{\"@id\":\"https:\\\/\\\/saltoecologico.es\\\/index.php\\\/2025\\\/08\\\/06\\\/matar-mosquitos-a-canonazos\\\/\"},\"author\":{\"name\":\"admin\",\"@id\":\"https:\\\/\\\/saltoecologico.es\\\/#\\\/schema\\\/person\\\/7175eec4b3c123d86c675313c3a01a0b\"},\"headline\":\"Matar mosquitos a ca\u00f1onazos\",\"datePublished\":\"2025-08-06T10:00:14+00:00\",\"dateModified\":\"2025-08-06T10:02:54+00:00\",\"mainEntityOfPage\":{\"@id\":\"https:\\\/\\\/saltoecologico.es\\\/index.php\\\/2025\\\/08\\\/06\\\/matar-mosquitos-a-canonazos\\\/\"},\"wordCount\":807,\"commentCount\":0,\"publisher\":{\"@id\":\"https:\\\/\\\/saltoecologico.es\\\/#organization\"},\"image\":{\"@id\":\"https:\\\/\\\/saltoecologico.es\\\/index.php\\\/2025\\\/08\\\/06\\\/matar-mosquitos-a-canonazos\\\/#primaryimage\"},\"thumbnailUrl\":\"https:\\\/\\\/saltoecologico.es\\\/wp-content\\\/uploads\\\/2025\\\/08\\\/Matar-mosquitos.png\",\"articleSection\":[\"General\"],\"inLanguage\":\"es\",\"potentialAction\":[{\"@type\":\"CommentAction\",\"name\":\"Comment\",\"target\":[\"https:\\\/\\\/saltoecologico.es\\\/index.php\\\/2025\\\/08\\\/06\\\/matar-mosquitos-a-canonazos\\\/#respond\"]}]},{\"@type\":\"WebPage\",\"@id\":\"https:\\\/\\\/saltoecologico.es\\\/index.php\\\/2025\\\/08\\\/06\\\/matar-mosquitos-a-canonazos\\\/\",\"url\":\"https:\\\/\\\/saltoecologico.es\\\/index.php\\\/2025\\\/08\\\/06\\\/matar-mosquitos-a-canonazos\\\/\",\"name\":\"Matar mosquitos a ca\u00f1onazos - Salto Ecol\u00f3gico\",\"isPartOf\":{\"@id\":\"https:\\\/\\\/saltoecologico.es\\\/#website\"},\"primaryImageOfPage\":{\"@id\":\"https:\\\/\\\/saltoecologico.es\\\/index.php\\\/2025\\\/08\\\/06\\\/matar-mosquitos-a-canonazos\\\/#primaryimage\"},\"image\":{\"@id\":\"https:\\\/\\\/saltoecologico.es\\\/index.php\\\/2025\\\/08\\\/06\\\/matar-mosquitos-a-canonazos\\\/#primaryimage\"},\"thumbnailUrl\":\"https:\\\/\\\/saltoecologico.es\\\/wp-content\\\/uploads\\\/2025\\\/08\\\/Matar-mosquitos.png\",\"datePublished\":\"2025-08-06T10:00:14+00:00\",\"dateModified\":\"2025-08-06T10:02:54+00:00\",\"breadcrumb\":{\"@id\":\"https:\\\/\\\/saltoecologico.es\\\/index.php\\\/2025\\\/08\\\/06\\\/matar-mosquitos-a-canonazos\\\/#breadcrumb\"},\"inLanguage\":\"es\",\"potentialAction\":[{\"@type\":\"ReadAction\",\"target\":[\"https:\\\/\\\/saltoecologico.es\\\/index.php\\\/2025\\\/08\\\/06\\\/matar-mosquitos-a-canonazos\\\/\"]}]},{\"@type\":\"ImageObject\",\"inLanguage\":\"es\",\"@id\":\"https:\\\/\\\/saltoecologico.es\\\/index.php\\\/2025\\\/08\\\/06\\\/matar-mosquitos-a-canonazos\\\/#primaryimage\",\"url\":\"https:\\\/\\\/saltoecologico.es\\\/wp-content\\\/uploads\\\/2025\\\/08\\\/Matar-mosquitos.png\",\"contentUrl\":\"https:\\\/\\\/saltoecologico.es\\\/wp-content\\\/uploads\\\/2025\\\/08\\\/Matar-mosquitos.png\",\"width\":1024,\"height\":1024},{\"@type\":\"BreadcrumbList\",\"@id\":\"https:\\\/\\\/saltoecologico.es\\\/index.php\\\/2025\\\/08\\\/06\\\/matar-mosquitos-a-canonazos\\\/#breadcrumb\",\"itemListElement\":[{\"@type\":\"ListItem\",\"position\":1,\"name\":\"Portada\",\"item\":\"https:\\\/\\\/saltoecologico.es\\\/\"},{\"@type\":\"ListItem\",\"position\":2,\"name\":\"Matar mosquitos a ca\u00f1onazos\"}]},{\"@type\":\"WebSite\",\"@id\":\"https:\\\/\\\/saltoecologico.es\\\/#website\",\"url\":\"https:\\\/\\\/saltoecologico.es\\\/\",\"name\":\"Salto Ecol\u00f3gico\",\"description\":\"\",\"publisher\":{\"@id\":\"https:\\\/\\\/saltoecologico.es\\\/#organization\"},\"potentialAction\":[{\"@type\":\"SearchAction\",\"target\":{\"@type\":\"EntryPoint\",\"urlTemplate\":\"https:\\\/\\\/saltoecologico.es\\\/?s={search_term_string}\"},\"query-input\":{\"@type\":\"PropertyValueSpecification\",\"valueRequired\":true,\"valueName\":\"search_term_string\"}}],\"inLanguage\":\"es\"},{\"@type\":\"Organization\",\"@id\":\"https:\\\/\\\/saltoecologico.es\\\/#organization\",\"name\":\"Salto a la Transici\u00f3n Ecol\u00f3gica\",\"url\":\"https:\\\/\\\/saltoecologico.es\\\/\",\"logo\":{\"@type\":\"ImageObject\",\"inLanguage\":\"es\",\"@id\":\"https:\\\/\\\/saltoecologico.es\\\/#\\\/schema\\\/logo\\\/image\\\/\",\"url\":\"https:\\\/\\\/saltoecologico.es\\\/wp-content\\\/uploads\\\/2025\\\/04\\\/Logo-STE.jpg\",\"contentUrl\":\"https:\\\/\\\/saltoecologico.es\\\/wp-content\\\/uploads\\\/2025\\\/04\\\/Logo-STE.jpg\",\"width\":435,\"height\":435,\"caption\":\"Salto a la Transici\u00f3n Ecol\u00f3gica\"},\"image\":{\"@id\":\"https:\\\/\\\/saltoecologico.es\\\/#\\\/schema\\\/logo\\\/image\\\/\"},\"sameAs\":[\"https:\\\/\\\/www.facebook.com\\\/Saltotransicionecologica\"]},{\"@type\":\"Person\",\"@id\":\"https:\\\/\\\/saltoecologico.es\\\/#\\\/schema\\\/person\\\/7175eec4b3c123d86c675313c3a01a0b\",\"name\":\"admin\",\"image\":{\"@type\":\"ImageObject\",\"inLanguage\":\"es\",\"@id\":\"https:\\\/\\\/secure.gravatar.com\\\/avatar\\\/4c215dc57bbc7b2f2f470ac9bd197f3f112636a584e575a732d0206a2d9c9806?s=96&d=mm&r=g\",\"url\":\"https:\\\/\\\/secure.gravatar.com\\\/avatar\\\/4c215dc57bbc7b2f2f470ac9bd197f3f112636a584e575a732d0206a2d9c9806?s=96&d=mm&r=g\",\"contentUrl\":\"https:\\\/\\\/secure.gravatar.com\\\/avatar\\\/4c215dc57bbc7b2f2f470ac9bd197f3f112636a584e575a732d0206a2d9c9806?s=96&d=mm&r=g\",\"caption\":\"admin\"},\"sameAs\":[\"https:\\\/\\\/saltoecologico.es\"],\"url\":\"https:\\\/\\\/saltoecologico.es\\\/index.php\\\/author\\\/saltoecologico\\\/\"}]}<\/script>\n<!-- \/ Yoast SEO plugin. -->","yoast_head_json":{"title":"Matar mosquitos a ca\u00f1onazos - Salto Ecol\u00f3gico","robots":{"index":"index","follow":"follow","max-snippet":"max-snippet:-1","max-image-preview":"max-image-preview:large","max-video-preview":"max-video-preview:-1"},"canonical":"https:\/\/saltoecologico.es\/index.php\/2025\/08\/06\/matar-mosquitos-a-canonazos\/","og_locale":"es_ES","og_type":"article","og_title":"Matar mosquitos a ca\u00f1onazos - Salto Ecol\u00f3gico","og_description":"Esta es la expresi\u00f3n que utiliz\u00f3 la diputada socialista Alicia Vanoostende en la Comisi\u00f3n de Transici\u00f3n Ecol\u00f3gica el 28 de julio pasado al referirse al proceso en marcha de los grupos de emergencia. Y no es para menos: al discurso del consejero Hern\u00e1ndez Zapata sobre esta cuesti\u00f3n le est\u00e1n apareciendo fisuras cada vez m\u00e1s evidentes. [&hellip;]","og_url":"https:\/\/saltoecologico.es\/index.php\/2025\/08\/06\/matar-mosquitos-a-canonazos\/","og_site_name":"Salto Ecol\u00f3gico","article_publisher":"https:\/\/www.facebook.com\/Saltotransicionecologica","article_published_time":"2025-08-06T10:00:14+00:00","article_modified_time":"2025-08-06T10:02:54+00:00","og_image":[{"width":1024,"height":1024,"url":"https:\/\/saltoecologico.es\/wp-content\/uploads\/2025\/08\/Matar-mosquitos.png","type":"image\/png"}],"author":"admin","twitter_card":"summary_large_image","twitter_misc":{"Escrito por":"admin","Tiempo de lectura":"4 minutos"},"schema":{"@context":"https:\/\/schema.org","@graph":[{"@type":"Article","@id":"https:\/\/saltoecologico.es\/index.php\/2025\/08\/06\/matar-mosquitos-a-canonazos\/#article","isPartOf":{"@id":"https:\/\/saltoecologico.es\/index.php\/2025\/08\/06\/matar-mosquitos-a-canonazos\/"},"author":{"name":"admin","@id":"https:\/\/saltoecologico.es\/#\/schema\/person\/7175eec4b3c123d86c675313c3a01a0b"},"headline":"Matar mosquitos a ca\u00f1onazos","datePublished":"2025-08-06T10:00:14+00:00","dateModified":"2025-08-06T10:02:54+00:00","mainEntityOfPage":{"@id":"https:\/\/saltoecologico.es\/index.php\/2025\/08\/06\/matar-mosquitos-a-canonazos\/"},"wordCount":807,"commentCount":0,"publisher":{"@id":"https:\/\/saltoecologico.es\/#organization"},"image":{"@id":"https:\/\/saltoecologico.es\/index.php\/2025\/08\/06\/matar-mosquitos-a-canonazos\/#primaryimage"},"thumbnailUrl":"https:\/\/saltoecologico.es\/wp-content\/uploads\/2025\/08\/Matar-mosquitos.png","articleSection":["General"],"inLanguage":"es","potentialAction":[{"@type":"CommentAction","name":"Comment","target":["https:\/\/saltoecologico.es\/index.php\/2025\/08\/06\/matar-mosquitos-a-canonazos\/#respond"]}]},{"@type":"WebPage","@id":"https:\/\/saltoecologico.es\/index.php\/2025\/08\/06\/matar-mosquitos-a-canonazos\/","url":"https:\/\/saltoecologico.es\/index.php\/2025\/08\/06\/matar-mosquitos-a-canonazos\/","name":"Matar mosquitos a ca\u00f1onazos - Salto Ecol\u00f3gico","isPartOf":{"@id":"https:\/\/saltoecologico.es\/#website"},"primaryImageOfPage":{"@id":"https:\/\/saltoecologico.es\/index.php\/2025\/08\/06\/matar-mosquitos-a-canonazos\/#primaryimage"},"image":{"@id":"https:\/\/saltoecologico.es\/index.php\/2025\/08\/06\/matar-mosquitos-a-canonazos\/#primaryimage"},"thumbnailUrl":"https:\/\/saltoecologico.es\/wp-content\/uploads\/2025\/08\/Matar-mosquitos.png","datePublished":"2025-08-06T10:00:14+00:00","dateModified":"2025-08-06T10:02:54+00:00","breadcrumb":{"@id":"https:\/\/saltoecologico.es\/index.php\/2025\/08\/06\/matar-mosquitos-a-canonazos\/#breadcrumb"},"inLanguage":"es","potentialAction":[{"@type":"ReadAction","target":["https:\/\/saltoecologico.es\/index.php\/2025\/08\/06\/matar-mosquitos-a-canonazos\/"]}]},{"@type":"ImageObject","inLanguage":"es","@id":"https:\/\/saltoecologico.es\/index.php\/2025\/08\/06\/matar-mosquitos-a-canonazos\/#primaryimage","url":"https:\/\/saltoecologico.es\/wp-content\/uploads\/2025\/08\/Matar-mosquitos.png","contentUrl":"https:\/\/saltoecologico.es\/wp-content\/uploads\/2025\/08\/Matar-mosquitos.png","width":1024,"height":1024},{"@type":"BreadcrumbList","@id":"https:\/\/saltoecologico.es\/index.php\/2025\/08\/06\/matar-mosquitos-a-canonazos\/#breadcrumb","itemListElement":[{"@type":"ListItem","position":1,"name":"Portada","item":"https:\/\/saltoecologico.es\/"},{"@type":"ListItem","position":2,"name":"Matar mosquitos a ca\u00f1onazos"}]},{"@type":"WebSite","@id":"https:\/\/saltoecologico.es\/#website","url":"https:\/\/saltoecologico.es\/","name":"Salto Ecol\u00f3gico","description":"","publisher":{"@id":"https:\/\/saltoecologico.es\/#organization"},"potentialAction":[{"@type":"SearchAction","target":{"@type":"EntryPoint","urlTemplate":"https:\/\/saltoecologico.es\/?s={search_term_string}"},"query-input":{"@type":"PropertyValueSpecification","valueRequired":true,"valueName":"search_term_string"}}],"inLanguage":"es"},{"@type":"Organization","@id":"https:\/\/saltoecologico.es\/#organization","name":"Salto a la Transici\u00f3n Ecol\u00f3gica","url":"https:\/\/saltoecologico.es\/","logo":{"@type":"ImageObject","inLanguage":"es","@id":"https:\/\/saltoecologico.es\/#\/schema\/logo\/image\/","url":"https:\/\/saltoecologico.es\/wp-content\/uploads\/2025\/04\/Logo-STE.jpg","contentUrl":"https:\/\/saltoecologico.es\/wp-content\/uploads\/2025\/04\/Logo-STE.jpg","width":435,"height":435,"caption":"Salto a la Transici\u00f3n Ecol\u00f3gica"},"image":{"@id":"https:\/\/saltoecologico.es\/#\/schema\/logo\/image\/"},"sameAs":["https:\/\/www.facebook.com\/Saltotransicionecologica"]},{"@type":"Person","@id":"https:\/\/saltoecologico.es\/#\/schema\/person\/7175eec4b3c123d86c675313c3a01a0b","name":"admin","image":{"@type":"ImageObject","inLanguage":"es","@id":"https:\/\/secure.gravatar.com\/avatar\/4c215dc57bbc7b2f2f470ac9bd197f3f112636a584e575a732d0206a2d9c9806?s=96&d=mm&r=g","url":"https:\/\/secure.gravatar.com\/avatar\/4c215dc57bbc7b2f2f470ac9bd197f3f112636a584e575a732d0206a2d9c9806?s=96&d=mm&r=g","contentUrl":"https:\/\/secure.gravatar.com\/avatar\/4c215dc57bbc7b2f2f470ac9bd197f3f112636a584e575a732d0206a2d9c9806?s=96&d=mm&r=g","caption":"admin"},"sameAs":["https:\/\/saltoecologico.es"],"url":"https:\/\/saltoecologico.es\/index.php\/author\/saltoecologico\/"}]}},"_links":{"self":[{"href":"https:\/\/saltoecologico.es\/index.php\/wp-json\/wp\/v2\/posts\/1184","targetHints":{"allow":["GET"]}}],"collection":[{"href":"https:\/\/saltoecologico.es\/index.php\/wp-json\/wp\/v2\/posts"}],"about":[{"href":"https:\/\/saltoecologico.es\/index.php\/wp-json\/wp\/v2\/types\/post"}],"author":[{"embeddable":true,"href":"https:\/\/saltoecologico.es\/index.php\/wp-json\/wp\/v2\/users\/1"}],"replies":[{"embeddable":true,"href":"https:\/\/saltoecologico.es\/index.php\/wp-json\/wp\/v2\/comments?post=1184"}],"version-history":[{"count":2,"href":"https:\/\/saltoecologico.es\/index.php\/wp-json\/wp\/v2\/posts\/1184\/revisions"}],"predecessor-version":[{"id":1188,"href":"https:\/\/saltoecologico.es\/index.php\/wp-json\/wp\/v2\/posts\/1184\/revisions\/1188"}],"wp:featuredmedia":[{"embeddable":true,"href":"https:\/\/saltoecologico.es\/index.php\/wp-json\/wp\/v2\/media\/1185"}],"wp:attachment":[{"href":"https:\/\/saltoecologico.es\/index.php\/wp-json\/wp\/v2\/media?parent=1184"}],"wp:term":[{"taxonomy":"category","embeddable":true,"href":"https:\/\/saltoecologico.es\/index.php\/wp-json\/wp\/v2\/categories?post=1184"},{"taxonomy":"post_tag","embeddable":true,"href":"https:\/\/saltoecologico.es\/index.php\/wp-json\/wp\/v2\/tags?post=1184"}],"curies":[{"name":"wp","href":"https:\/\/api.w.org\/{rel}","templated":true}]}}