{"id":1190,"date":"2025-08-21T11:45:59","date_gmt":"2025-08-21T11:45:59","guid":{"rendered":"https:\/\/saltoecologico.es\/?p=1190"},"modified":"2025-08-21T11:46:01","modified_gmt":"2025-08-21T11:46:01","slug":"borrador-automaticopropano-en-salinetas","status":"publish","type":"post","link":"https:\/\/saltoecologico.es\/index.php\/2025\/08\/21\/borrador-automaticopropano-en-salinetas\/","title":{"rendered":"Tres asociaciones se unen para rechazar la planta de propano en Salinetas"},"content":{"rendered":"\n<p class=\"wp-block-paragraph\"><strong>Se trata de la asociaci\u00f3n vecinal MECLASA, el colectivo Turc\u00f3n-Ecologistas en Acci\u00f3n y la asociaci\u00f3n ciudadana \u201cSalto a la Transici\u00f3n Ecol\u00f3gica\u201d. Todas ellas presentaron alegaciones el pasado mes de junio a la Direcci\u00f3n General de Energ\u00eda de la CONSEJER\u00cdA DE TRANSICI\u00d3N ECOL\u00d3GICA Y ENERG\u00cdA, del Gobierno de Canarias, impulsor de este expediente; as\u00ed como, al Ayuntamiento de Telde, para que haga una declaraci\u00f3n opuesta al proyecto de la empresa DISA.<\/strong><\/p>\n\n\n\n<p class=\"wp-block-paragraph\">El proyecto de Salinetas, lleva por nombre \u201cLa Garita\u201d, y requiere de una declaraci\u00f3n de utilidad p\u00fablica para la construcci\u00f3n de una Planta de Generaci\u00f3n de Emergencia de 14,8 MW con un almacenamiento previsto de 1.000 m\u00b3 de propano, adem\u00e1s de dos dep\u00f3sitos horizontales de 200 m\u00b3, en un \u00e1rea situada a menos de 280 metros de viviendas habitadas. Este tipo de almacenamiento, clasificado como de riesgo elevado seg\u00fan la normativa SEVESO III (Directiva 2012\/18\/UE), representa un peligro potencial en caso de fuga, incendio o explosi\u00f3n, <strong>especialmente por la presi\u00f3n y el volumen del gas almacenado.<\/strong> <strong>La proximidad a zonas residenciales vulnera el principio de precauci\u00f3n y la protecci\u00f3n de la salud p\u00fablica<\/strong>.<\/p>\n\n\n\n<p class=\"wp-block-paragraph\">Por otro lado, el funcionamiento de ocho motores de combusti\u00f3n para generaci\u00f3n el\u00e9ctrica con una potencia total de 14,8 MW, utilizando como combustible el propano, generar\u00e1 <strong>emisiones significativas de NO\u2093, CO, part\u00edculas y compuestos org\u00e1nicos vol\u00e1tiles, <\/strong>incluso si se trata de grupos de emergencia. Estas emisiones impactar\u00e1n directamente en la calidad del aire de las zonas residenciales colindantes. Su ubicaci\u00f3n es incompatible con la calificaci\u00f3n del suelo ya que se trata de un suelo r\u00fastico de protecci\u00f3n de entornos (SRPEN), y la autorizaci\u00f3n excepcional para uso industrial o energ\u00e9tico en esta categor\u00eda, est\u00e1 supeditada a que no existan alternativas razonables y que el uso sea de car\u00e1cter necesario e insustituible en esa localizaci\u00f3n.<\/p>\n\n\n\n<p class=\"wp-block-paragraph\">Las asociaciones consideran que es un \u201caut\u00e9ntico pelotazo urban\u00edstico\u201d el que quiere ejecutar la empresa <strong>DISA<\/strong>, al verse ampliado sus instalaciones industriales, cuesti\u00f3n que llevan a\u00f1os estudiando. El Gobierno de Canarias con su injustificado benepl\u00e1cito, acceder\u00eda a esa transformaci\u00f3n del suelo r\u00fastico cuya vocaci\u00f3n es otra.<\/p>\n\n\n\n<p class=\"wp-block-paragraph\">En la reuni\u00f3n celebrada este mi\u00e9rcoles en el local de MECLASA, las tres asociaciones establecieron varias acciones, a modo de hoja de ruta, para comenzar una campa\u00f1a de difusi\u00f3n y oposici\u00f3n, a la vez que <strong>animan a los vecinos y vecinas a participar de esta iniciativa.<\/strong><\/p>\n\n\n\n<p class=\"wp-block-paragraph\">Asimismo, le piden tanto al Gobierno de Canarias, Direcci\u00f3n General de Energ\u00eda como al Ayuntamiento de Telde, m\u00e1xima transparencia en su gesti\u00f3n. Al primero de ellos, la remisi\u00f3n y <strong>publicaci\u00f3n del documento \u201cDECLARACI\u00d3N DE IMPACTO AMBIENTAL\u201d,<\/strong> <strong>cuesti\u00f3n que no publicaron en el tr\u00e1mite de informaci\u00f3n p\u00fablica<\/strong>; y al ayuntamiento que remita a estos colectivos, y publique su informe de incompatibilidad urban\u00edstica, preceptivo en el tr\u00e1mite ya que ha pasado tres meses desde el inicio del mismo.<\/p>\n\n\n\n<p class=\"wp-block-paragraph\">Otras de las acciones propuestas, es mantener un <strong>encuentro con la plataforma vecinal de Los Realejos <\/strong>que sufre una situaci\u00f3n urban\u00edstica similar.<\/p>\n\n\n\n<p class=\"wp-block-paragraph\">Insiste este movimiento vecinal que la instalaci\u00f3n de esta planta contin\u00faa en la carbonizaci\u00f3n del sistema energ\u00e9tico y no se justifica. Piden al Gobierno de Canarias el archivo de la petici\u00f3n de la empresa DISA.<\/p>\n\n\n\n<p class=\"wp-block-paragraph\"><a href=\"https:\/\/teldeactualidad.com\/art\/173714\/frente-comun-de-vecinos-y-ecologistas-contra-la-planta-de-propano-en-salinetas\">https:\/\/teldeactualidad.com\/art\/173714\/frente-comun-de-vecinos-y-ecologistas-contra-la-planta-de-propano-en-salinetas<\/a><\/p>\n\n\n\n<p class=\"wp-block-paragraph\"><\/p>\n\n\n\n<figure class=\"wp-block-image size-large\"><img loading=\"lazy\" decoding=\"async\" width=\"1024\" height=\"258\" src=\"https:\/\/saltoecologico.es\/wp-content\/uploads\/2025\/08\/Salinetas-Asociaciones-1024x258.jpg\" alt=\"\" class=\"wp-image-1191\" srcset=\"https:\/\/saltoecologico.es\/wp-content\/uploads\/2025\/08\/Salinetas-Asociaciones-1024x258.jpg 1024w, https:\/\/saltoecologico.es\/wp-content\/uploads\/2025\/08\/Salinetas-Asociaciones-300x75.jpg 300w, https:\/\/saltoecologico.es\/wp-content\/uploads\/2025\/08\/Salinetas-Asociaciones-768x193.jpg 768w, https:\/\/saltoecologico.es\/wp-content\/uploads\/2025\/08\/Salinetas-Asociaciones-150x38.jpg 150w, https:\/\/saltoecologico.es\/wp-content\/uploads\/2025\/08\/Salinetas-Asociaciones-696x175.jpg 696w, https:\/\/saltoecologico.es\/wp-content\/uploads\/2025\/08\/Salinetas-Asociaciones-1068x269.jpg 1068w, https:\/\/saltoecologico.es\/wp-content\/uploads\/2025\/08\/Salinetas-Asociaciones.jpg 1208w\" sizes=\"auto, (max-width: 1024px) 100vw, 1024px\" \/><\/figure>\n","protected":false},"excerpt":{"rendered":"<p>Se trata de la asociaci\u00f3n vecinal MECLASA, el colectivo Turc\u00f3n-Ecologistas en Acci\u00f3n y la asociaci\u00f3n ciudadana \u201cSalto a la Transici\u00f3n Ecol\u00f3gica\u201d. Todas ellas presentaron alegaciones el pasado mes de junio a la Direcci\u00f3n General de Energ\u00eda de la CONSEJER\u00cdA DE TRANSICI\u00d3N ECOL\u00d3GICA Y ENERG\u00cdA, del Gobierno de Canarias, impulsor de este expediente; as\u00ed como, al [&hellip;]<\/p>\n","protected":false},"author":1,"featured_media":1192,"comment_status":"open","ping_status":"open","sticky":false,"template":"","format":"standard","meta":{"footnotes":""},"categories":[55],"tags":[],"class_list":["post-1190","post","type-post","status-publish","format-standard","has-post-thumbnail","category-general"],"yoast_head":"<!-- This site is optimized with the Yoast SEO plugin v28.2 - https:\/\/yoast.com\/product\/yoast-seo-wordpress\/ -->\n<title>Tres asociaciones se unen para rechazar la planta de propano en Salinetas - Salto Ecol\u00f3gico<\/title>\n<meta name=\"robots\" content=\"index, follow, max-snippet:-1, max-image-preview:large, max-video-preview:-1\" \/>\n<link rel=\"canonical\" href=\"https:\/\/saltoecologico.es\/index.php\/2025\/08\/21\/borrador-automaticopropano-en-salinetas\/\" \/>\n<meta property=\"og:locale\" content=\"es_ES\" \/>\n<meta property=\"og:type\" content=\"article\" \/>\n<meta property=\"og:title\" content=\"Tres asociaciones se unen para rechazar la planta de propano en Salinetas - Salto Ecol\u00f3gico\" \/>\n<meta property=\"og:description\" content=\"Se trata de la asociaci\u00f3n vecinal MECLASA, el colectivo Turc\u00f3n-Ecologistas en Acci\u00f3n y la asociaci\u00f3n ciudadana \u201cSalto a la Transici\u00f3n Ecol\u00f3gica\u201d. Todas ellas presentaron alegaciones el pasado mes de junio a la Direcci\u00f3n General de Energ\u00eda de la CONSEJER\u00cdA DE TRANSICI\u00d3N ECOL\u00d3GICA Y ENERG\u00cdA, del Gobierno de Canarias, impulsor de este expediente; as\u00ed como, al [&hellip;]\" \/>\n<meta property=\"og:url\" content=\"https:\/\/saltoecologico.es\/index.php\/2025\/08\/21\/borrador-automaticopropano-en-salinetas\/\" \/>\n<meta property=\"og:site_name\" content=\"Salto Ecol\u00f3gico\" \/>\n<meta property=\"article:publisher\" content=\"https:\/\/www.facebook.com\/Saltotransicionecologica\" \/>\n<meta property=\"article:published_time\" content=\"2025-08-21T11:45:59+00:00\" \/>\n<meta property=\"article:modified_time\" content=\"2025-08-21T11:46:01+00:00\" \/>\n<meta property=\"og:image\" content=\"https:\/\/saltoecologico.es\/wp-content\/uploads\/2025\/08\/Salinetas.jpg\" \/>\n\t<meta property=\"og:image:width\" content=\"1024\" \/>\n\t<meta property=\"og:image:height\" content=\"576\" \/>\n\t<meta property=\"og:image:type\" content=\"image\/jpeg\" \/>\n<meta name=\"author\" content=\"admin\" \/>\n<meta name=\"twitter:card\" content=\"summary_large_image\" \/>\n<meta name=\"twitter:label1\" content=\"Escrito por\" \/>\n\t<meta name=\"twitter:data1\" content=\"admin\" \/>\n\t<meta name=\"twitter:label2\" content=\"Tiempo de lectura\" \/>\n\t<meta name=\"twitter:data2\" content=\"3 minutos\" \/>\n<script type=\"application\/ld+json\" class=\"yoast-schema-graph\">{\"@context\":\"https:\\\/\\\/schema.org\",\"@graph\":[{\"@type\":\"Article\",\"@id\":\"https:\\\/\\\/saltoecologico.es\\\/index.php\\\/2025\\\/08\\\/21\\\/borrador-automaticopropano-en-salinetas\\\/#article\",\"isPartOf\":{\"@id\":\"https:\\\/\\\/saltoecologico.es\\\/index.php\\\/2025\\\/08\\\/21\\\/borrador-automaticopropano-en-salinetas\\\/\"},\"author\":{\"name\":\"admin\",\"@id\":\"https:\\\/\\\/saltoecologico.es\\\/#\\\/schema\\\/person\\\/7175eec4b3c123d86c675313c3a01a0b\"},\"headline\":\"Tres asociaciones se unen para rechazar la planta de propano en Salinetas\",\"datePublished\":\"2025-08-21T11:45:59+00:00\",\"dateModified\":\"2025-08-21T11:46:01+00:00\",\"mainEntityOfPage\":{\"@id\":\"https:\\\/\\\/saltoecologico.es\\\/index.php\\\/2025\\\/08\\\/21\\\/borrador-automaticopropano-en-salinetas\\\/\"},\"wordCount\":608,\"commentCount\":0,\"publisher\":{\"@id\":\"https:\\\/\\\/saltoecologico.es\\\/#organization\"},\"image\":{\"@id\":\"https:\\\/\\\/saltoecologico.es\\\/index.php\\\/2025\\\/08\\\/21\\\/borrador-automaticopropano-en-salinetas\\\/#primaryimage\"},\"thumbnailUrl\":\"https:\\\/\\\/saltoecologico.es\\\/wp-content\\\/uploads\\\/2025\\\/08\\\/Salinetas.jpg\",\"articleSection\":[\"General\"],\"inLanguage\":\"es\",\"potentialAction\":[{\"@type\":\"CommentAction\",\"name\":\"Comment\",\"target\":[\"https:\\\/\\\/saltoecologico.es\\\/index.php\\\/2025\\\/08\\\/21\\\/borrador-automaticopropano-en-salinetas\\\/#respond\"]}]},{\"@type\":\"WebPage\",\"@id\":\"https:\\\/\\\/saltoecologico.es\\\/index.php\\\/2025\\\/08\\\/21\\\/borrador-automaticopropano-en-salinetas\\\/\",\"url\":\"https:\\\/\\\/saltoecologico.es\\\/index.php\\\/2025\\\/08\\\/21\\\/borrador-automaticopropano-en-salinetas\\\/\",\"name\":\"Tres asociaciones se unen para rechazar la planta de propano en Salinetas - Salto Ecol\u00f3gico\",\"isPartOf\":{\"@id\":\"https:\\\/\\\/saltoecologico.es\\\/#website\"},\"primaryImageOfPage\":{\"@id\":\"https:\\\/\\\/saltoecologico.es\\\/index.php\\\/2025\\\/08\\\/21\\\/borrador-automaticopropano-en-salinetas\\\/#primaryimage\"},\"image\":{\"@id\":\"https:\\\/\\\/saltoecologico.es\\\/index.php\\\/2025\\\/08\\\/21\\\/borrador-automaticopropano-en-salinetas\\\/#primaryimage\"},\"thumbnailUrl\":\"https:\\\/\\\/saltoecologico.es\\\/wp-content\\\/uploads\\\/2025\\\/08\\\/Salinetas.jpg\",\"datePublished\":\"2025-08-21T11:45:59+00:00\",\"dateModified\":\"2025-08-21T11:46:01+00:00\",\"breadcrumb\":{\"@id\":\"https:\\\/\\\/saltoecologico.es\\\/index.php\\\/2025\\\/08\\\/21\\\/borrador-automaticopropano-en-salinetas\\\/#breadcrumb\"},\"inLanguage\":\"es\",\"potentialAction\":[{\"@type\":\"ReadAction\",\"target\":[\"https:\\\/\\\/saltoecologico.es\\\/index.php\\\/2025\\\/08\\\/21\\\/borrador-automaticopropano-en-salinetas\\\/\"]}]},{\"@type\":\"ImageObject\",\"inLanguage\":\"es\",\"@id\":\"https:\\\/\\\/saltoecologico.es\\\/index.php\\\/2025\\\/08\\\/21\\\/borrador-automaticopropano-en-salinetas\\\/#primaryimage\",\"url\":\"https:\\\/\\\/saltoecologico.es\\\/wp-content\\\/uploads\\\/2025\\\/08\\\/Salinetas.jpg\",\"contentUrl\":\"https:\\\/\\\/saltoecologico.es\\\/wp-content\\\/uploads\\\/2025\\\/08\\\/Salinetas.jpg\",\"width\":1024,\"height\":576},{\"@type\":\"BreadcrumbList\",\"@id\":\"https:\\\/\\\/saltoecologico.es\\\/index.php\\\/2025\\\/08\\\/21\\\/borrador-automaticopropano-en-salinetas\\\/#breadcrumb\",\"itemListElement\":[{\"@type\":\"ListItem\",\"position\":1,\"name\":\"Portada\",\"item\":\"https:\\\/\\\/saltoecologico.es\\\/\"},{\"@type\":\"ListItem\",\"position\":2,\"name\":\"Tres asociaciones se unen para rechazar la planta de propano en Salinetas\"}]},{\"@type\":\"WebSite\",\"@id\":\"https:\\\/\\\/saltoecologico.es\\\/#website\",\"url\":\"https:\\\/\\\/saltoecologico.es\\\/\",\"name\":\"Salto Ecol\u00f3gico\",\"description\":\"\",\"publisher\":{\"@id\":\"https:\\\/\\\/saltoecologico.es\\\/#organization\"},\"potentialAction\":[{\"@type\":\"SearchAction\",\"target\":{\"@type\":\"EntryPoint\",\"urlTemplate\":\"https:\\\/\\\/saltoecologico.es\\\/?s={search_term_string}\"},\"query-input\":{\"@type\":\"PropertyValueSpecification\",\"valueRequired\":true,\"valueName\":\"search_term_string\"}}],\"inLanguage\":\"es\"},{\"@type\":\"Organization\",\"@id\":\"https:\\\/\\\/saltoecologico.es\\\/#organization\",\"name\":\"Salto a la Transici\u00f3n Ecol\u00f3gica\",\"url\":\"https:\\\/\\\/saltoecologico.es\\\/\",\"logo\":{\"@type\":\"ImageObject\",\"inLanguage\":\"es\",\"@id\":\"https:\\\/\\\/saltoecologico.es\\\/#\\\/schema\\\/logo\\\/image\\\/\",\"url\":\"https:\\\/\\\/saltoecologico.es\\\/wp-content\\\/uploads\\\/2025\\\/04\\\/Logo-STE.jpg\",\"contentUrl\":\"https:\\\/\\\/saltoecologico.es\\\/wp-content\\\/uploads\\\/2025\\\/04\\\/Logo-STE.jpg\",\"width\":435,\"height\":435,\"caption\":\"Salto a la Transici\u00f3n Ecol\u00f3gica\"},\"image\":{\"@id\":\"https:\\\/\\\/saltoecologico.es\\\/#\\\/schema\\\/logo\\\/image\\\/\"},\"sameAs\":[\"https:\\\/\\\/www.facebook.com\\\/Saltotransicionecologica\"]},{\"@type\":\"Person\",\"@id\":\"https:\\\/\\\/saltoecologico.es\\\/#\\\/schema\\\/person\\\/7175eec4b3c123d86c675313c3a01a0b\",\"name\":\"admin\",\"image\":{\"@type\":\"ImageObject\",\"inLanguage\":\"es\",\"@id\":\"https:\\\/\\\/secure.gravatar.com\\\/avatar\\\/4c215dc57bbc7b2f2f470ac9bd197f3f112636a584e575a732d0206a2d9c9806?s=96&d=mm&r=g\",\"url\":\"https:\\\/\\\/secure.gravatar.com\\\/avatar\\\/4c215dc57bbc7b2f2f470ac9bd197f3f112636a584e575a732d0206a2d9c9806?s=96&d=mm&r=g\",\"contentUrl\":\"https:\\\/\\\/secure.gravatar.com\\\/avatar\\\/4c215dc57bbc7b2f2f470ac9bd197f3f112636a584e575a732d0206a2d9c9806?s=96&d=mm&r=g\",\"caption\":\"admin\"},\"sameAs\":[\"https:\\\/\\\/saltoecologico.es\"],\"url\":\"https:\\\/\\\/saltoecologico.es\\\/index.php\\\/author\\\/saltoecologico\\\/\"}]}<\/script>\n<!-- \/ Yoast SEO plugin. -->","yoast_head_json":{"title":"Tres asociaciones se unen para rechazar la planta de propano en Salinetas - Salto Ecol\u00f3gico","robots":{"index":"index","follow":"follow","max-snippet":"max-snippet:-1","max-image-preview":"max-image-preview:large","max-video-preview":"max-video-preview:-1"},"canonical":"https:\/\/saltoecologico.es\/index.php\/2025\/08\/21\/borrador-automaticopropano-en-salinetas\/","og_locale":"es_ES","og_type":"article","og_title":"Tres asociaciones se unen para rechazar la planta de propano en Salinetas - Salto Ecol\u00f3gico","og_description":"Se trata de la asociaci\u00f3n vecinal MECLASA, el colectivo Turc\u00f3n-Ecologistas en Acci\u00f3n y la asociaci\u00f3n ciudadana \u201cSalto a la Transici\u00f3n Ecol\u00f3gica\u201d. Todas ellas presentaron alegaciones el pasado mes de junio a la Direcci\u00f3n General de Energ\u00eda de la CONSEJER\u00cdA DE TRANSICI\u00d3N ECOL\u00d3GICA Y ENERG\u00cdA, del Gobierno de Canarias, impulsor de este expediente; as\u00ed como, al [&hellip;]","og_url":"https:\/\/saltoecologico.es\/index.php\/2025\/08\/21\/borrador-automaticopropano-en-salinetas\/","og_site_name":"Salto Ecol\u00f3gico","article_publisher":"https:\/\/www.facebook.com\/Saltotransicionecologica","article_published_time":"2025-08-21T11:45:59+00:00","article_modified_time":"2025-08-21T11:46:01+00:00","og_image":[{"width":1024,"height":576,"url":"https:\/\/saltoecologico.es\/wp-content\/uploads\/2025\/08\/Salinetas.jpg","type":"image\/jpeg"}],"author":"admin","twitter_card":"summary_large_image","twitter_misc":{"Escrito por":"admin","Tiempo de lectura":"3 minutos"},"schema":{"@context":"https:\/\/schema.org","@graph":[{"@type":"Article","@id":"https:\/\/saltoecologico.es\/index.php\/2025\/08\/21\/borrador-automaticopropano-en-salinetas\/#article","isPartOf":{"@id":"https:\/\/saltoecologico.es\/index.php\/2025\/08\/21\/borrador-automaticopropano-en-salinetas\/"},"author":{"name":"admin","@id":"https:\/\/saltoecologico.es\/#\/schema\/person\/7175eec4b3c123d86c675313c3a01a0b"},"headline":"Tres asociaciones se unen para rechazar la planta de propano en Salinetas","datePublished":"2025-08-21T11:45:59+00:00","dateModified":"2025-08-21T11:46:01+00:00","mainEntityOfPage":{"@id":"https:\/\/saltoecologico.es\/index.php\/2025\/08\/21\/borrador-automaticopropano-en-salinetas\/"},"wordCount":608,"commentCount":0,"publisher":{"@id":"https:\/\/saltoecologico.es\/#organization"},"image":{"@id":"https:\/\/saltoecologico.es\/index.php\/2025\/08\/21\/borrador-automaticopropano-en-salinetas\/#primaryimage"},"thumbnailUrl":"https:\/\/saltoecologico.es\/wp-content\/uploads\/2025\/08\/Salinetas.jpg","articleSection":["General"],"inLanguage":"es","potentialAction":[{"@type":"CommentAction","name":"Comment","target":["https:\/\/saltoecologico.es\/index.php\/2025\/08\/21\/borrador-automaticopropano-en-salinetas\/#respond"]}]},{"@type":"WebPage","@id":"https:\/\/saltoecologico.es\/index.php\/2025\/08\/21\/borrador-automaticopropano-en-salinetas\/","url":"https:\/\/saltoecologico.es\/index.php\/2025\/08\/21\/borrador-automaticopropano-en-salinetas\/","name":"Tres asociaciones se unen para rechazar la planta de propano en Salinetas - Salto Ecol\u00f3gico","isPartOf":{"@id":"https:\/\/saltoecologico.es\/#website"},"primaryImageOfPage":{"@id":"https:\/\/saltoecologico.es\/index.php\/2025\/08\/21\/borrador-automaticopropano-en-salinetas\/#primaryimage"},"image":{"@id":"https:\/\/saltoecologico.es\/index.php\/2025\/08\/21\/borrador-automaticopropano-en-salinetas\/#primaryimage"},"thumbnailUrl":"https:\/\/saltoecologico.es\/wp-content\/uploads\/2025\/08\/Salinetas.jpg","datePublished":"2025-08-21T11:45:59+00:00","dateModified":"2025-08-21T11:46:01+00:00","breadcrumb":{"@id":"https:\/\/saltoecologico.es\/index.php\/2025\/08\/21\/borrador-automaticopropano-en-salinetas\/#breadcrumb"},"inLanguage":"es","potentialAction":[{"@type":"ReadAction","target":["https:\/\/saltoecologico.es\/index.php\/2025\/08\/21\/borrador-automaticopropano-en-salinetas\/"]}]},{"@type":"ImageObject","inLanguage":"es","@id":"https:\/\/saltoecologico.es\/index.php\/2025\/08\/21\/borrador-automaticopropano-en-salinetas\/#primaryimage","url":"https:\/\/saltoecologico.es\/wp-content\/uploads\/2025\/08\/Salinetas.jpg","contentUrl":"https:\/\/saltoecologico.es\/wp-content\/uploads\/2025\/08\/Salinetas.jpg","width":1024,"height":576},{"@type":"BreadcrumbList","@id":"https:\/\/saltoecologico.es\/index.php\/2025\/08\/21\/borrador-automaticopropano-en-salinetas\/#breadcrumb","itemListElement":[{"@type":"ListItem","position":1,"name":"Portada","item":"https:\/\/saltoecologico.es\/"},{"@type":"ListItem","position":2,"name":"Tres asociaciones se unen para rechazar la planta de propano en Salinetas"}]},{"@type":"WebSite","@id":"https:\/\/saltoecologico.es\/#website","url":"https:\/\/saltoecologico.es\/","name":"Salto Ecol\u00f3gico","description":"","publisher":{"@id":"https:\/\/saltoecologico.es\/#organization"},"potentialAction":[{"@type":"SearchAction","target":{"@type":"EntryPoint","urlTemplate":"https:\/\/saltoecologico.es\/?s={search_term_string}"},"query-input":{"@type":"PropertyValueSpecification","valueRequired":true,"valueName":"search_term_string"}}],"inLanguage":"es"},{"@type":"Organization","@id":"https:\/\/saltoecologico.es\/#organization","name":"Salto a la Transici\u00f3n Ecol\u00f3gica","url":"https:\/\/saltoecologico.es\/","logo":{"@type":"ImageObject","inLanguage":"es","@id":"https:\/\/saltoecologico.es\/#\/schema\/logo\/image\/","url":"https:\/\/saltoecologico.es\/wp-content\/uploads\/2025\/04\/Logo-STE.jpg","contentUrl":"https:\/\/saltoecologico.es\/wp-content\/uploads\/2025\/04\/Logo-STE.jpg","width":435,"height":435,"caption":"Salto a la Transici\u00f3n Ecol\u00f3gica"},"image":{"@id":"https:\/\/saltoecologico.es\/#\/schema\/logo\/image\/"},"sameAs":["https:\/\/www.facebook.com\/Saltotransicionecologica"]},{"@type":"Person","@id":"https:\/\/saltoecologico.es\/#\/schema\/person\/7175eec4b3c123d86c675313c3a01a0b","name":"admin","image":{"@type":"ImageObject","inLanguage":"es","@id":"https:\/\/secure.gravatar.com\/avatar\/4c215dc57bbc7b2f2f470ac9bd197f3f112636a584e575a732d0206a2d9c9806?s=96&d=mm&r=g","url":"https:\/\/secure.gravatar.com\/avatar\/4c215dc57bbc7b2f2f470ac9bd197f3f112636a584e575a732d0206a2d9c9806?s=96&d=mm&r=g","contentUrl":"https:\/\/secure.gravatar.com\/avatar\/4c215dc57bbc7b2f2f470ac9bd197f3f112636a584e575a732d0206a2d9c9806?s=96&d=mm&r=g","caption":"admin"},"sameAs":["https:\/\/saltoecologico.es"],"url":"https:\/\/saltoecologico.es\/index.php\/author\/saltoecologico\/"}]}},"_links":{"self":[{"href":"https:\/\/saltoecologico.es\/index.php\/wp-json\/wp\/v2\/posts\/1190","targetHints":{"allow":["GET"]}}],"collection":[{"href":"https:\/\/saltoecologico.es\/index.php\/wp-json\/wp\/v2\/posts"}],"about":[{"href":"https:\/\/saltoecologico.es\/index.php\/wp-json\/wp\/v2\/types\/post"}],"author":[{"embeddable":true,"href":"https:\/\/saltoecologico.es\/index.php\/wp-json\/wp\/v2\/users\/1"}],"replies":[{"embeddable":true,"href":"https:\/\/saltoecologico.es\/index.php\/wp-json\/wp\/v2\/comments?post=1190"}],"version-history":[{"count":1,"href":"https:\/\/saltoecologico.es\/index.php\/wp-json\/wp\/v2\/posts\/1190\/revisions"}],"predecessor-version":[{"id":1193,"href":"https:\/\/saltoecologico.es\/index.php\/wp-json\/wp\/v2\/posts\/1190\/revisions\/1193"}],"wp:featuredmedia":[{"embeddable":true,"href":"https:\/\/saltoecologico.es\/index.php\/wp-json\/wp\/v2\/media\/1192"}],"wp:attachment":[{"href":"https:\/\/saltoecologico.es\/index.php\/wp-json\/wp\/v2\/media?parent=1190"}],"wp:term":[{"taxonomy":"category","embeddable":true,"href":"https:\/\/saltoecologico.es\/index.php\/wp-json\/wp\/v2\/categories?post=1190"},{"taxonomy":"post_tag","embeddable":true,"href":"https:\/\/saltoecologico.es\/index.php\/wp-json\/wp\/v2\/tags?post=1190"}],"curies":[{"name":"wp","href":"https:\/\/api.w.org\/{rel}","templated":true}]}}