{"id":1200,"date":"2025-10-09T20:38:59","date_gmt":"2025-10-09T20:38:59","guid":{"rendered":"https:\/\/saltoecologico.es\/?p=1200"},"modified":"2025-10-09T20:39:02","modified_gmt":"2025-10-09T20:39:02","slug":"barco-electrico-en-gran-canaria","status":"publish","type":"post","link":"https:\/\/saltoecologico.es\/index.php\/2025\/10\/09\/barco-electrico-en-gran-canaria\/","title":{"rendered":"Barco el\u00e9ctrico en Gran Canaria"},"content":{"rendered":"\n<p class=\"wp-block-paragraph\">Gran Canaria no es ajena a la improvisaci\u00f3n del Gobierno canario ante los cambios que requiere el sistema el\u00e9ctrico para hacer frente al cambio clim\u00e1tico. Pero a diferencia de otras islas, el Cabildo insular se ha implicado en este proceso, en dos apartados fundamentales,&nbsp;la extensi\u00f3n en&nbsp;la implantaci\u00f3n de las renovables y el ya avanzado desarrollo de una gran central de bombeo reversible, Salto de Chira. Estos dos elementos unidos podr\u00edan dar muchas alegr\u00edas en un futuro pr\u00f3ximo, pasando la penetraci\u00f3n de renovables del actual 24% a entre un 50 y un 70% , lo cual en una isla poblada como esta ser\u00eda un hito mundial. Con Salto de Chira, Gran Canaria hace frente a un parque de generaci\u00f3n t\u00e9rmica que envejece de forma limpia, aunque es ineludible la necesidad de una segunda central de bombeo para dejar definitivamente en un segundo plano la necesidad de energ\u00eda f\u00f3sil.<\/p>\n\n\n\n<p class=\"wp-block-paragraph\">Pero lo anterior por s\u00ed solo no es suficiente, el resto de las administraciones tienen que cumplir con su parte y no es el caso. Ya se sabe el problema que existe en todas las islas con el mal estado de las redes y las instalaciones, competencia del operador, Endesa Distribuci\u00f3n, y en \u00faltima instancia del Gobierno canario, este problema junto a la falta de cumplimiento de los protocolos son la causa principal de los apagones. Esta situaci\u00f3n&nbsp;se agravar\u00e1 en Gran Canaria a medida que se acerca la entrada en funcionamiento de Salto de Chira, pues al igual que la central de Juan Grande, se encuentra en el sur de la isla. Por tanto, la prioridad de Gran Canaria es el fortalecimiento de las redes de transporte y distribuci\u00f3n, concretamente repotenciando el doble circuito de 220 KV, que tal y como refleja el informe de REE de 2021, en determinadas circunstancias no cumple el n-1\u201c.&nbsp;<\/p>\n\n\n\n<p class=\"wp-block-paragraph\">Pero en lugar de tomar medidas para resolver este crucial problema, el Gobierno canario intenta paliar sus consecuencias y se ha metido en la aventura de las medidas de emergencia, y la medida estrella en Gran Canaria es el atraque de una central el\u00e9ctrica flotante, o&nbsp;<em>powership<\/em>, en nuestro puerto.<\/p>\n\n\n\n<p class=\"wp-block-paragraph\">\u00bfEs este barco la soluci\u00f3n que necesitamos o un costoso parche que compromete nuestro futuro?&nbsp;Desde Salto a la Transici\u00f3n Ecol\u00f3gica lo tenemos claro. Se trata de un atajo peligroso, un caballo de Troya que, bajo una apariencia de soluci\u00f3n inmediata, introduce una dependencia a largo plazo de los combustibles f\u00f3siles y frena la verdadera transici\u00f3n energ\u00e9tica.<\/p>\n\n\n\n<p class=\"wp-block-paragraph\">A primera vista, un barco que llega y genera electricidad suena bien. Sin embargo, la realidad econ\u00f3mica es muy diferente. Estos contratos no son una inversi\u00f3n en un activo propiedad de la isla, sino un alquiler que transfiere ingentes sumas de dinero fuera de Canarias. Precedentes internacionales muestran que el alquiler de estas barcazas se cifra en cientos de millones de d\u00f3lares por periodos de apenas 18 meses.<\/p>\n\n\n\n<p class=\"wp-block-paragraph\">Este modelo crea un grave riesgo de bloqueo f\u00f3sil (<em>lock-in<\/em>). Al firmar un contrato plurianual, nos atamos financieramente a un generador contaminante, desincentivando y compitiendo directamente con la inversi\u00f3n en las soluciones definitivas que ya est\u00e1n en marcha.<\/p>\n\n\n\n<p class=\"wp-block-paragraph\">La instalaci\u00f3n de una central de estas caracter\u00edsticas en el Puerto de Las Palmas, un n\u00facleo ya castigado por las emisiones industriales, tendr\u00eda consecuencias directas de contaminaci\u00f3n atmosf\u00e9rica, ac\u00fastica y t\u00e9rmica (la operaci\u00f3n continua generar\u00eda un ruido considerable y descargar\u00eda agua caliente, alterando el ecosistema marino local). Adem\u00e1s, no podemos ignorar que el historial operativo de estas centrales flotantes est\u00e1 marcado por controversias ambientales y legales en pa\u00edses como Sud\u00e1frica, donde las autoridades denegaron los permisos por evaluaciones de impacto ambiental \u201cfundamentalmente defectuosas\u201d.<\/p>\n\n\n\n<p class=\"wp-block-paragraph\">Gran Canaria no se enfrenta a una elecci\u00f3n entre un barco contaminante y la nada. La isla ya tiene en marcha un portafolio de soluciones tecnol\u00f3gicamente superiores, limpias y dise\u00f1adas a medida para resolver nuestros desaf\u00edos energ\u00e9ticos de ra\u00edz. Adem\u00e1s de Salto de Chira, con el que alcanzaremos el fin de los vertidos de renovables, adem\u00e1s de ser una contribuci\u00f3n valiosa a la estabilidad para la red, los sistemas de almacenamiento de energ\u00eda en bater\u00edas (BESS) son una tecnolog\u00eda madura que ofrece una respuesta casi instant\u00e1nea para el control de frecuencia y el almacenamiento a menor escala. Ya en Gran Canaria se est\u00e1n instalando sistemas BESS. Hay proyectos en marcha en San Bartolom\u00e9 de Tirajana (600 kWh) y Vega de San Mateo (430 kWh) y otro previsto en el Puerto de Las Palmas. Adem\u00e1s, el Gobierno de Espa\u00f1a y el IDAE est\u00e1n promoviendo activamente el almacenamiento a gran escala con cientos de millones de euros en ayudas.&nbsp;<\/p>\n\n\n\n<p class=\"wp-block-paragraph\">Pero como dec\u00edamos al principio, la inversi\u00f3n invisible pero cr\u00edtica es modernizar la red. Debemos asegurar que los sistemas autom\u00e1ticos de protecci\u00f3n, como el deslastre de cargas que fall\u00f3 en el pasado, funcionen a la perfecci\u00f3n.<\/p>\n\n\n\n<p class=\"wp-block-paragraph\">En conclusi\u00f3n, para Salto a la Transici\u00f3n Ecol\u00f3gica, la central flotante es un desv\u00edo que nos aleja de nuestro destino,&nbsp;un sistema energ\u00e9tico descarbonizado, resiliente y 100% canario.<\/p>\n\n\n\n<p class=\"wp-block-paragraph\"><a href=\"https:\/\/www.eldiario.es\/canariasahora\/opinion\/barco-electrico-gran-canaria-solucion-urgente-hipoteca-plazo_132_12669835.html?fbclid=IwY2xjawNU-jdleHRuA2FlbQIxMABicmlkETBPNW9TM0NqS3V6VEU5YU8zAR7U3TF47wNOBHidQhWExnTifFlIaEkwh4G5PW9kfAYVIQcbsTV37R3AaCIr7w_aem_PcuYxQbpHOvXpQIY2zGBrA\">https:\/\/www.eldiario.es\/canariasahora\/opinion\/barco-electrico-gran-canaria-solucion-urgente-hipoteca-plazo_132_12669835.html?fbclid=IwY2xjawNU-jdleHRuA2FlbQIxMABicmlkETBPNW9TM0NqS3V6VEU5YU8zAR7U3TF47wNOBHidQhWExnTifFlIaEkwh4G5PW9kfAYVIQcbsTV37R3AaCIr7w_aem_PcuYxQbpHOvXpQIY2zGBrA<\/a><\/p>\n\n\n\n<p class=\"wp-block-paragraph\"><\/p>\n","protected":false},"excerpt":{"rendered":"<p>Gran Canaria no es ajena a la improvisaci\u00f3n del Gobierno canario ante los cambios que requiere el sistema el\u00e9ctrico para hacer frente al cambio clim\u00e1tico. Pero a diferencia de otras islas, el Cabildo insular se ha implicado en este proceso, en dos apartados fundamentales,&nbsp;la extensi\u00f3n en&nbsp;la implantaci\u00f3n de las renovables y el ya avanzado desarrollo [&hellip;]<\/p>\n","protected":false},"author":1,"featured_media":1201,"comment_status":"open","ping_status":"open","sticky":false,"template":"","format":"standard","meta":{"footnotes":""},"categories":[42],"tags":[],"class_list":["post-1200","post","type-post","status-publish","format-standard","has-post-thumbnail","category-fosiles"],"yoast_head":"<!-- This site is optimized with the Yoast SEO plugin v28.2 - https:\/\/yoast.com\/product\/yoast-seo-wordpress\/ -->\n<title>Barco el\u00e9ctrico en Gran Canaria - Salto Ecol\u00f3gico<\/title>\n<meta name=\"robots\" content=\"index, follow, max-snippet:-1, max-image-preview:large, max-video-preview:-1\" \/>\n<link rel=\"canonical\" href=\"https:\/\/saltoecologico.es\/index.php\/2025\/10\/09\/barco-electrico-en-gran-canaria\/\" \/>\n<meta property=\"og:locale\" content=\"es_ES\" \/>\n<meta property=\"og:type\" content=\"article\" \/>\n<meta property=\"og:title\" content=\"Barco el\u00e9ctrico en Gran Canaria - Salto Ecol\u00f3gico\" \/>\n<meta property=\"og:description\" content=\"Gran Canaria no es ajena a la improvisaci\u00f3n del Gobierno canario ante los cambios que requiere el sistema el\u00e9ctrico para hacer frente al cambio clim\u00e1tico. Pero a diferencia de otras islas, el Cabildo insular se ha implicado en este proceso, en dos apartados fundamentales,&nbsp;la extensi\u00f3n en&nbsp;la implantaci\u00f3n de las renovables y el ya avanzado desarrollo [&hellip;]\" \/>\n<meta property=\"og:url\" content=\"https:\/\/saltoecologico.es\/index.php\/2025\/10\/09\/barco-electrico-en-gran-canaria\/\" \/>\n<meta property=\"og:site_name\" content=\"Salto Ecol\u00f3gico\" \/>\n<meta property=\"article:publisher\" content=\"https:\/\/www.facebook.com\/Saltotransicionecologica\" \/>\n<meta property=\"article:published_time\" content=\"2025-10-09T20:38:59+00:00\" \/>\n<meta property=\"article:modified_time\" content=\"2025-10-09T20:39:02+00:00\" \/>\n<meta property=\"og:image\" content=\"https:\/\/saltoecologico.es\/wp-content\/uploads\/2025\/10\/Powership-1.jpg\" \/>\n\t<meta property=\"og:image:width\" content=\"1024\" \/>\n\t<meta property=\"og:image:height\" content=\"578\" \/>\n\t<meta property=\"og:image:type\" content=\"image\/jpeg\" \/>\n<meta name=\"author\" content=\"admin\" \/>\n<meta name=\"twitter:card\" content=\"summary_large_image\" \/>\n<meta name=\"twitter:label1\" content=\"Escrito por\" \/>\n\t<meta name=\"twitter:data1\" content=\"admin\" \/>\n\t<meta name=\"twitter:label2\" content=\"Tiempo de lectura\" \/>\n\t<meta name=\"twitter:data2\" content=\"4 minutos\" \/>\n<script type=\"application\/ld+json\" class=\"yoast-schema-graph\">{\"@context\":\"https:\\\/\\\/schema.org\",\"@graph\":[{\"@type\":\"Article\",\"@id\":\"https:\\\/\\\/saltoecologico.es\\\/index.php\\\/2025\\\/10\\\/09\\\/barco-electrico-en-gran-canaria\\\/#article\",\"isPartOf\":{\"@id\":\"https:\\\/\\\/saltoecologico.es\\\/index.php\\\/2025\\\/10\\\/09\\\/barco-electrico-en-gran-canaria\\\/\"},\"author\":{\"name\":\"admin\",\"@id\":\"https:\\\/\\\/saltoecologico.es\\\/#\\\/schema\\\/person\\\/7175eec4b3c123d86c675313c3a01a0b\"},\"headline\":\"Barco el\u00e9ctrico en Gran Canaria\",\"datePublished\":\"2025-10-09T20:38:59+00:00\",\"dateModified\":\"2025-10-09T20:39:02+00:00\",\"mainEntityOfPage\":{\"@id\":\"https:\\\/\\\/saltoecologico.es\\\/index.php\\\/2025\\\/10\\\/09\\\/barco-electrico-en-gran-canaria\\\/\"},\"wordCount\":929,\"commentCount\":0,\"publisher\":{\"@id\":\"https:\\\/\\\/saltoecologico.es\\\/#organization\"},\"image\":{\"@id\":\"https:\\\/\\\/saltoecologico.es\\\/index.php\\\/2025\\\/10\\\/09\\\/barco-electrico-en-gran-canaria\\\/#primaryimage\"},\"thumbnailUrl\":\"https:\\\/\\\/saltoecologico.es\\\/wp-content\\\/uploads\\\/2025\\\/10\\\/Powership-1.jpg\",\"articleSection\":[\"F\u00f3siles\"],\"inLanguage\":\"es\",\"potentialAction\":[{\"@type\":\"CommentAction\",\"name\":\"Comment\",\"target\":[\"https:\\\/\\\/saltoecologico.es\\\/index.php\\\/2025\\\/10\\\/09\\\/barco-electrico-en-gran-canaria\\\/#respond\"]}]},{\"@type\":\"WebPage\",\"@id\":\"https:\\\/\\\/saltoecologico.es\\\/index.php\\\/2025\\\/10\\\/09\\\/barco-electrico-en-gran-canaria\\\/\",\"url\":\"https:\\\/\\\/saltoecologico.es\\\/index.php\\\/2025\\\/10\\\/09\\\/barco-electrico-en-gran-canaria\\\/\",\"name\":\"Barco el\u00e9ctrico en Gran Canaria - Salto Ecol\u00f3gico\",\"isPartOf\":{\"@id\":\"https:\\\/\\\/saltoecologico.es\\\/#website\"},\"primaryImageOfPage\":{\"@id\":\"https:\\\/\\\/saltoecologico.es\\\/index.php\\\/2025\\\/10\\\/09\\\/barco-electrico-en-gran-canaria\\\/#primaryimage\"},\"image\":{\"@id\":\"https:\\\/\\\/saltoecologico.es\\\/index.php\\\/2025\\\/10\\\/09\\\/barco-electrico-en-gran-canaria\\\/#primaryimage\"},\"thumbnailUrl\":\"https:\\\/\\\/saltoecologico.es\\\/wp-content\\\/uploads\\\/2025\\\/10\\\/Powership-1.jpg\",\"datePublished\":\"2025-10-09T20:38:59+00:00\",\"dateModified\":\"2025-10-09T20:39:02+00:00\",\"breadcrumb\":{\"@id\":\"https:\\\/\\\/saltoecologico.es\\\/index.php\\\/2025\\\/10\\\/09\\\/barco-electrico-en-gran-canaria\\\/#breadcrumb\"},\"inLanguage\":\"es\",\"potentialAction\":[{\"@type\":\"ReadAction\",\"target\":[\"https:\\\/\\\/saltoecologico.es\\\/index.php\\\/2025\\\/10\\\/09\\\/barco-electrico-en-gran-canaria\\\/\"]}]},{\"@type\":\"ImageObject\",\"inLanguage\":\"es\",\"@id\":\"https:\\\/\\\/saltoecologico.es\\\/index.php\\\/2025\\\/10\\\/09\\\/barco-electrico-en-gran-canaria\\\/#primaryimage\",\"url\":\"https:\\\/\\\/saltoecologico.es\\\/wp-content\\\/uploads\\\/2025\\\/10\\\/Powership-1.jpg\",\"contentUrl\":\"https:\\\/\\\/saltoecologico.es\\\/wp-content\\\/uploads\\\/2025\\\/10\\\/Powership-1.jpg\",\"width\":1024,\"height\":578},{\"@type\":\"BreadcrumbList\",\"@id\":\"https:\\\/\\\/saltoecologico.es\\\/index.php\\\/2025\\\/10\\\/09\\\/barco-electrico-en-gran-canaria\\\/#breadcrumb\",\"itemListElement\":[{\"@type\":\"ListItem\",\"position\":1,\"name\":\"Portada\",\"item\":\"https:\\\/\\\/saltoecologico.es\\\/\"},{\"@type\":\"ListItem\",\"position\":2,\"name\":\"Barco el\u00e9ctrico en Gran Canaria\"}]},{\"@type\":\"WebSite\",\"@id\":\"https:\\\/\\\/saltoecologico.es\\\/#website\",\"url\":\"https:\\\/\\\/saltoecologico.es\\\/\",\"name\":\"Salto Ecol\u00f3gico\",\"description\":\"\",\"publisher\":{\"@id\":\"https:\\\/\\\/saltoecologico.es\\\/#organization\"},\"potentialAction\":[{\"@type\":\"SearchAction\",\"target\":{\"@type\":\"EntryPoint\",\"urlTemplate\":\"https:\\\/\\\/saltoecologico.es\\\/?s={search_term_string}\"},\"query-input\":{\"@type\":\"PropertyValueSpecification\",\"valueRequired\":true,\"valueName\":\"search_term_string\"}}],\"inLanguage\":\"es\"},{\"@type\":\"Organization\",\"@id\":\"https:\\\/\\\/saltoecologico.es\\\/#organization\",\"name\":\"Salto a la Transici\u00f3n Ecol\u00f3gica\",\"url\":\"https:\\\/\\\/saltoecologico.es\\\/\",\"logo\":{\"@type\":\"ImageObject\",\"inLanguage\":\"es\",\"@id\":\"https:\\\/\\\/saltoecologico.es\\\/#\\\/schema\\\/logo\\\/image\\\/\",\"url\":\"https:\\\/\\\/saltoecologico.es\\\/wp-content\\\/uploads\\\/2025\\\/04\\\/Logo-STE.jpg\",\"contentUrl\":\"https:\\\/\\\/saltoecologico.es\\\/wp-content\\\/uploads\\\/2025\\\/04\\\/Logo-STE.jpg\",\"width\":435,\"height\":435,\"caption\":\"Salto a la Transici\u00f3n Ecol\u00f3gica\"},\"image\":{\"@id\":\"https:\\\/\\\/saltoecologico.es\\\/#\\\/schema\\\/logo\\\/image\\\/\"},\"sameAs\":[\"https:\\\/\\\/www.facebook.com\\\/Saltotransicionecologica\"]},{\"@type\":\"Person\",\"@id\":\"https:\\\/\\\/saltoecologico.es\\\/#\\\/schema\\\/person\\\/7175eec4b3c123d86c675313c3a01a0b\",\"name\":\"admin\",\"image\":{\"@type\":\"ImageObject\",\"inLanguage\":\"es\",\"@id\":\"https:\\\/\\\/secure.gravatar.com\\\/avatar\\\/4c215dc57bbc7b2f2f470ac9bd197f3f112636a584e575a732d0206a2d9c9806?s=96&d=mm&r=g\",\"url\":\"https:\\\/\\\/secure.gravatar.com\\\/avatar\\\/4c215dc57bbc7b2f2f470ac9bd197f3f112636a584e575a732d0206a2d9c9806?s=96&d=mm&r=g\",\"contentUrl\":\"https:\\\/\\\/secure.gravatar.com\\\/avatar\\\/4c215dc57bbc7b2f2f470ac9bd197f3f112636a584e575a732d0206a2d9c9806?s=96&d=mm&r=g\",\"caption\":\"admin\"},\"sameAs\":[\"https:\\\/\\\/saltoecologico.es\"],\"url\":\"https:\\\/\\\/saltoecologico.es\\\/index.php\\\/author\\\/saltoecologico\\\/\"}]}<\/script>\n<!-- \/ Yoast SEO plugin. -->","yoast_head_json":{"title":"Barco el\u00e9ctrico en Gran Canaria - Salto Ecol\u00f3gico","robots":{"index":"index","follow":"follow","max-snippet":"max-snippet:-1","max-image-preview":"max-image-preview:large","max-video-preview":"max-video-preview:-1"},"canonical":"https:\/\/saltoecologico.es\/index.php\/2025\/10\/09\/barco-electrico-en-gran-canaria\/","og_locale":"es_ES","og_type":"article","og_title":"Barco el\u00e9ctrico en Gran Canaria - Salto Ecol\u00f3gico","og_description":"Gran Canaria no es ajena a la improvisaci\u00f3n del Gobierno canario ante los cambios que requiere el sistema el\u00e9ctrico para hacer frente al cambio clim\u00e1tico. Pero a diferencia de otras islas, el Cabildo insular se ha implicado en este proceso, en dos apartados fundamentales,&nbsp;la extensi\u00f3n en&nbsp;la implantaci\u00f3n de las renovables y el ya avanzado desarrollo [&hellip;]","og_url":"https:\/\/saltoecologico.es\/index.php\/2025\/10\/09\/barco-electrico-en-gran-canaria\/","og_site_name":"Salto Ecol\u00f3gico","article_publisher":"https:\/\/www.facebook.com\/Saltotransicionecologica","article_published_time":"2025-10-09T20:38:59+00:00","article_modified_time":"2025-10-09T20:39:02+00:00","og_image":[{"width":1024,"height":578,"url":"https:\/\/saltoecologico.es\/wp-content\/uploads\/2025\/10\/Powership-1.jpg","type":"image\/jpeg"}],"author":"admin","twitter_card":"summary_large_image","twitter_misc":{"Escrito por":"admin","Tiempo de lectura":"4 minutos"},"schema":{"@context":"https:\/\/schema.org","@graph":[{"@type":"Article","@id":"https:\/\/saltoecologico.es\/index.php\/2025\/10\/09\/barco-electrico-en-gran-canaria\/#article","isPartOf":{"@id":"https:\/\/saltoecologico.es\/index.php\/2025\/10\/09\/barco-electrico-en-gran-canaria\/"},"author":{"name":"admin","@id":"https:\/\/saltoecologico.es\/#\/schema\/person\/7175eec4b3c123d86c675313c3a01a0b"},"headline":"Barco el\u00e9ctrico en Gran Canaria","datePublished":"2025-10-09T20:38:59+00:00","dateModified":"2025-10-09T20:39:02+00:00","mainEntityOfPage":{"@id":"https:\/\/saltoecologico.es\/index.php\/2025\/10\/09\/barco-electrico-en-gran-canaria\/"},"wordCount":929,"commentCount":0,"publisher":{"@id":"https:\/\/saltoecologico.es\/#organization"},"image":{"@id":"https:\/\/saltoecologico.es\/index.php\/2025\/10\/09\/barco-electrico-en-gran-canaria\/#primaryimage"},"thumbnailUrl":"https:\/\/saltoecologico.es\/wp-content\/uploads\/2025\/10\/Powership-1.jpg","articleSection":["F\u00f3siles"],"inLanguage":"es","potentialAction":[{"@type":"CommentAction","name":"Comment","target":["https:\/\/saltoecologico.es\/index.php\/2025\/10\/09\/barco-electrico-en-gran-canaria\/#respond"]}]},{"@type":"WebPage","@id":"https:\/\/saltoecologico.es\/index.php\/2025\/10\/09\/barco-electrico-en-gran-canaria\/","url":"https:\/\/saltoecologico.es\/index.php\/2025\/10\/09\/barco-electrico-en-gran-canaria\/","name":"Barco el\u00e9ctrico en Gran Canaria - Salto Ecol\u00f3gico","isPartOf":{"@id":"https:\/\/saltoecologico.es\/#website"},"primaryImageOfPage":{"@id":"https:\/\/saltoecologico.es\/index.php\/2025\/10\/09\/barco-electrico-en-gran-canaria\/#primaryimage"},"image":{"@id":"https:\/\/saltoecologico.es\/index.php\/2025\/10\/09\/barco-electrico-en-gran-canaria\/#primaryimage"},"thumbnailUrl":"https:\/\/saltoecologico.es\/wp-content\/uploads\/2025\/10\/Powership-1.jpg","datePublished":"2025-10-09T20:38:59+00:00","dateModified":"2025-10-09T20:39:02+00:00","breadcrumb":{"@id":"https:\/\/saltoecologico.es\/index.php\/2025\/10\/09\/barco-electrico-en-gran-canaria\/#breadcrumb"},"inLanguage":"es","potentialAction":[{"@type":"ReadAction","target":["https:\/\/saltoecologico.es\/index.php\/2025\/10\/09\/barco-electrico-en-gran-canaria\/"]}]},{"@type":"ImageObject","inLanguage":"es","@id":"https:\/\/saltoecologico.es\/index.php\/2025\/10\/09\/barco-electrico-en-gran-canaria\/#primaryimage","url":"https:\/\/saltoecologico.es\/wp-content\/uploads\/2025\/10\/Powership-1.jpg","contentUrl":"https:\/\/saltoecologico.es\/wp-content\/uploads\/2025\/10\/Powership-1.jpg","width":1024,"height":578},{"@type":"BreadcrumbList","@id":"https:\/\/saltoecologico.es\/index.php\/2025\/10\/09\/barco-electrico-en-gran-canaria\/#breadcrumb","itemListElement":[{"@type":"ListItem","position":1,"name":"Portada","item":"https:\/\/saltoecologico.es\/"},{"@type":"ListItem","position":2,"name":"Barco el\u00e9ctrico en Gran Canaria"}]},{"@type":"WebSite","@id":"https:\/\/saltoecologico.es\/#website","url":"https:\/\/saltoecologico.es\/","name":"Salto Ecol\u00f3gico","description":"","publisher":{"@id":"https:\/\/saltoecologico.es\/#organization"},"potentialAction":[{"@type":"SearchAction","target":{"@type":"EntryPoint","urlTemplate":"https:\/\/saltoecologico.es\/?s={search_term_string}"},"query-input":{"@type":"PropertyValueSpecification","valueRequired":true,"valueName":"search_term_string"}}],"inLanguage":"es"},{"@type":"Organization","@id":"https:\/\/saltoecologico.es\/#organization","name":"Salto a la Transici\u00f3n Ecol\u00f3gica","url":"https:\/\/saltoecologico.es\/","logo":{"@type":"ImageObject","inLanguage":"es","@id":"https:\/\/saltoecologico.es\/#\/schema\/logo\/image\/","url":"https:\/\/saltoecologico.es\/wp-content\/uploads\/2025\/04\/Logo-STE.jpg","contentUrl":"https:\/\/saltoecologico.es\/wp-content\/uploads\/2025\/04\/Logo-STE.jpg","width":435,"height":435,"caption":"Salto a la Transici\u00f3n Ecol\u00f3gica"},"image":{"@id":"https:\/\/saltoecologico.es\/#\/schema\/logo\/image\/"},"sameAs":["https:\/\/www.facebook.com\/Saltotransicionecologica"]},{"@type":"Person","@id":"https:\/\/saltoecologico.es\/#\/schema\/person\/7175eec4b3c123d86c675313c3a01a0b","name":"admin","image":{"@type":"ImageObject","inLanguage":"es","@id":"https:\/\/secure.gravatar.com\/avatar\/4c215dc57bbc7b2f2f470ac9bd197f3f112636a584e575a732d0206a2d9c9806?s=96&d=mm&r=g","url":"https:\/\/secure.gravatar.com\/avatar\/4c215dc57bbc7b2f2f470ac9bd197f3f112636a584e575a732d0206a2d9c9806?s=96&d=mm&r=g","contentUrl":"https:\/\/secure.gravatar.com\/avatar\/4c215dc57bbc7b2f2f470ac9bd197f3f112636a584e575a732d0206a2d9c9806?s=96&d=mm&r=g","caption":"admin"},"sameAs":["https:\/\/saltoecologico.es"],"url":"https:\/\/saltoecologico.es\/index.php\/author\/saltoecologico\/"}]}},"_links":{"self":[{"href":"https:\/\/saltoecologico.es\/index.php\/wp-json\/wp\/v2\/posts\/1200","targetHints":{"allow":["GET"]}}],"collection":[{"href":"https:\/\/saltoecologico.es\/index.php\/wp-json\/wp\/v2\/posts"}],"about":[{"href":"https:\/\/saltoecologico.es\/index.php\/wp-json\/wp\/v2\/types\/post"}],"author":[{"embeddable":true,"href":"https:\/\/saltoecologico.es\/index.php\/wp-json\/wp\/v2\/users\/1"}],"replies":[{"embeddable":true,"href":"https:\/\/saltoecologico.es\/index.php\/wp-json\/wp\/v2\/comments?post=1200"}],"version-history":[{"count":1,"href":"https:\/\/saltoecologico.es\/index.php\/wp-json\/wp\/v2\/posts\/1200\/revisions"}],"predecessor-version":[{"id":1202,"href":"https:\/\/saltoecologico.es\/index.php\/wp-json\/wp\/v2\/posts\/1200\/revisions\/1202"}],"wp:featuredmedia":[{"embeddable":true,"href":"https:\/\/saltoecologico.es\/index.php\/wp-json\/wp\/v2\/media\/1201"}],"wp:attachment":[{"href":"https:\/\/saltoecologico.es\/index.php\/wp-json\/wp\/v2\/media?parent=1200"}],"wp:term":[{"taxonomy":"category","embeddable":true,"href":"https:\/\/saltoecologico.es\/index.php\/wp-json\/wp\/v2\/categories?post=1200"},{"taxonomy":"post_tag","embeddable":true,"href":"https:\/\/saltoecologico.es\/index.php\/wp-json\/wp\/v2\/tags?post=1200"}],"curies":[{"name":"wp","href":"https:\/\/api.w.org\/{rel}","templated":true}]}}