{"id":1211,"date":"2026-01-08T10:47:17","date_gmt":"2026-01-08T10:47:17","guid":{"rendered":"https:\/\/saltoecologico.es\/?p=1211"},"modified":"2026-01-08T10:47:22","modified_gmt":"2026-01-08T10:47:22","slug":"gran-canaria-2025","status":"publish","type":"post","link":"https:\/\/saltoecologico.es\/index.php\/2026\/01\/08\/gran-canaria-2025\/","title":{"rendered":"Gran Canaria 2025: Desglose del Sistema El\u00e9ctrico"},"content":{"rendered":"\n<h1 class=\"wp-block-heading\">Gran Canaria 2025: La verdad inc\u00f3moda y la llave del cambio<\/h1>\n\n\n\n<p class=\"wp-block-paragraph\">A menudo, cuando encendemos la luz o cargamos nuestro veh\u00edculo el\u00e9ctrico, no somos conscientes de la maquinaria invisible que se pone en marcha para hacerlo posible. La electricidad nos parece un milagro instant\u00e1neo, limpio y silencioso. Sin embargo, los datos de generaci\u00f3n el\u00e9ctrica de Gran Canaria 2025 nos cuentan una historia diferente; una historia de luces y sombras que debemos afrontar si realmente queremos proteger nuestro archipi\u00e9lago.<\/p>\n\n\n\n<p class=\"wp-block-paragraph\">Hoy desglosamos las cifras reales de nuestro sistema el\u00e9ctrico. No para aburrir con tecnicismos, sino para entender d\u00f3nde estamos y, sobre todo, c\u00f3mo una tecnolog\u00eda clave puede cambiar las reglas del juego el pr\u00f3ximo a\u00f1o.<\/p>\n\n\n\n<h2 class=\"wp-block-heading\">Una fotograf\u00eda del sistema: El 26,4% no es suficiente<\/h2>\n\n\n\n<p class=\"wp-block-paragraph\">Al observar los datos consolidados del a\u00f1o, lo primero que salta a la vista es el dato de <strong>penetraci\u00f3n de renovables: un 26,40%<\/strong>.<\/p>\n\n\n\n<p class=\"wp-block-paragraph\">Si miramos el vaso medio lleno, significa que m\u00e1s de una cuarta parte de la energ\u00eda que ha movido la isla (casi un mill\u00f3n de MWh entre e\u00f3lica y fotovoltaica) ha provenido del sol y del viento. Son 903.958 MWh que no han emitido ni un solo gramo de di\u00f3xido de carbono. Eso es una victoria parcial.<\/p>\n\n\n\n<p class=\"wp-block-paragraph\">Pero si miramos la realidad a los ojos, el vaso est\u00e1 dolorosamente medio vac\u00edo. En un territorio ba\u00f1ado por el sol y azotado por los alisios, seguir dependiendo en casi un 74% de la quema de combustibles f\u00f3siles es un lastre que nuestra biodiversidad y nuestro clima ya no pueden permitirse.<\/p>\n\n\n\n<h2 class=\"wp-block-heading\">El peso de 1,6 millones de toneladas de CO2<\/h2>\n\n\n\n<p class=\"wp-block-paragraph\">El dato m\u00e1s duro de digerir es el de las emisiones. Para generar los 3,4 TWh que la isla ha demandado, hemos lanzado a la atm\u00f3sfera <strong>1.647.053 toneladas de CO2 equivalente<\/strong>.<\/p>\n\n\n\n<p class=\"wp-block-paragraph\">Para ponerlo en perspectiva: imaginemos una columna de humo invisible pero constante que asfixia nuestro cielo. Esta cifra es la consecuencia directa de nuestra dependencia de las centrales t\u00e9rmicas. Y aqu\u00ed es donde los datos nos dan una pista de por d\u00f3nde empezar a recortar.<\/p>\n\n\n\n<h3 class=\"wp-block-heading\">Los culpables de la ineficiencia<\/h3>\n\n\n\n<p class=\"wp-block-paragraph\">No todas las formas de generar electricidad con f\u00f3siles son iguales, y la tabla de 2025 es reveladora:<\/p>\n\n\n\n<ol start=\"1\" class=\"wp-block-list\">\n<li><strong>El gigante del Ciclo Combinado:<\/strong> Representa la mayor parte de nuestra generaci\u00f3n. Aunque m\u00e1s eficiente (0,56 tn CO2e\/MWh), su volumen masivo lo hace responsable de la mayor parte de las emisiones.<\/li>\n\n\n\n<li><strong>La \u00absuciedad\u00bb de las <a href=\"https:\/\/es.wikipedia.org\/wiki\/Turbina_de_gas\">Turbinas de Gas<\/a>:<\/strong> F\u00edjate en este dato: tienen un factor de emisi\u00f3n de <strong>1,12 tn CO2e\/MWh<\/strong>. Son, con diferencia, las m\u00e1quinas m\u00e1s ineficientes y contaminantes de la red. Cada vez que arrancan para cubrir un pico de demanda puntual, el da\u00f1o ambiental se duplica respecto a otras opciones.<\/li>\n<\/ol>\n\n\n\n<figure class=\"wp-block-image size-large\"><img loading=\"lazy\" decoding=\"async\" width=\"1024\" height=\"572\" src=\"https:\/\/saltoecologico.es\/wp-content\/uploads\/2026\/01\/Cuadro-de-mandos-2025-1024x572.jpg\" alt=\"Gran Canaria 2025\" class=\"wp-image-1212\" srcset=\"https:\/\/saltoecologico.es\/wp-content\/uploads\/2026\/01\/Cuadro-de-mandos-2025-1024x572.jpg 1024w, https:\/\/saltoecologico.es\/wp-content\/uploads\/2026\/01\/Cuadro-de-mandos-2025-300x167.jpg 300w, https:\/\/saltoecologico.es\/wp-content\/uploads\/2026\/01\/Cuadro-de-mandos-2025-768x429.jpg 768w, https:\/\/saltoecologico.es\/wp-content\/uploads\/2026\/01\/Cuadro-de-mandos-2025-1536x857.jpg 1536w, https:\/\/saltoecologico.es\/wp-content\/uploads\/2026\/01\/Cuadro-de-mandos-2025-2048x1143.jpg 2048w, https:\/\/saltoecologico.es\/wp-content\/uploads\/2026\/01\/Cuadro-de-mandos-2025-753x420.jpg 753w, https:\/\/saltoecologico.es\/wp-content\/uploads\/2026\/01\/Cuadro-de-mandos-2025-150x84.jpg 150w, https:\/\/saltoecologico.es\/wp-content\/uploads\/2026\/01\/Cuadro-de-mandos-2025-696x388.jpg 696w, https:\/\/saltoecologico.es\/wp-content\/uploads\/2026\/01\/Cuadro-de-mandos-2025-1068x596.jpg 1068w, https:\/\/saltoecologico.es\/wp-content\/uploads\/2026\/01\/Cuadro-de-mandos-2025-1920x1072.jpg 1920w\" sizes=\"auto, (max-width: 1024px) 100vw, 1024px\" \/><\/figure>\n\n\n\n<h2 class=\"wp-block-heading\">El almacenamiento: El gran punto de inflexi\u00f3n<\/h2>\n\n\n\n<p class=\"wp-block-paragraph\">Aqu\u00ed es donde entra la esperanza y la estrategia para el futuro inmediato. Si miramos esos n\u00fameros, surge una pregunta obvia: \u00bfPor qu\u00e9 seguimos quemando gas y fuel si tenemos sol y viento?<\/p>\n\n\n\n<p class=\"wp-block-paragraph\">La respuesta es simple: porque el viento no sopla siempre y el sol se pone cada tarde. Hasta ahora, necesit\u00e1bamos mantener las centrales t\u00e9rmicas encendidas como respaldo. Pero <strong>el almacenamiento energ\u00e9tico (bater\u00edas y <a href=\"https:\/\/saltoecologico.es\/index.php\/2025\/04\/08\/las-ninas\/\">bombeo hidr\u00e1ulico<\/a>)<\/strong> est\u00e1 a punto de reescribir esta tabla para el a\u00f1o que viene.<\/p>\n\n\n\n<p class=\"wp-block-paragraph\">Imagina por un momento c\u00f3mo cambiar\u00edan estos n\u00fameros con un sistema de almacenamiento robusto:<\/p>\n\n\n\n<h3 class=\"wp-block-heading\">1. Adi\u00f3s a las Turbinas de Gas (y sus emisiones r\u00e9cord)<\/h3>\n\n\n\n<p class=\"wp-block-paragraph\">Esas turbinas de gas que ves en la tabla, las que emiten 1,12 toneladas de CO2 por MWh, se utilizan a menudo para picos r\u00e1pidos de demanda. Una bater\u00eda responde en milisegundos y con cero emisiones. Si sustituy\u00e9ramos esos 56.223 MWh de turbinas de gas por energ\u00eda limpia almacenada, eliminar\u00edamos de un plumazo las fuentes m\u00e1s sucias del sistema.<\/p>\n\n\n\n<h3 class=\"wp-block-heading\">2. Convertir la noche en d\u00eda<\/h3>\n\n\n\n<p class=\"wp-block-paragraph\">Actualmente, cuando el sol cae, la fotovoltaica (208.354 MWh este a\u00f1o) se va a cero y entran los motores di\u00e9sel y el vapor. Con almacenamiento, podr\u00edamos guardar el exceso de sol del mediod\u00eda para usarlo a la hora de la cena. Esto desplazar\u00eda directamente a las Turbinas de Vapor (0,90 tn CO2e\/MWh), reduciendo dr\u00e1sticamente esa huella de carbono.<\/p>\n\n\n\n<h3 class=\"wp-block-heading\">3. Romper el techo del 26,40%<\/h3>\n\n\n\n<p class=\"wp-block-paragraph\">Muchas veces, los aerogeneradores se paran aunque haya viento porque el sistema no puede absorber m\u00e1s energ\u00eda en ese momento sin desestabilizarse. El almacenamiento act\u00faa como una esponja gigante, permitiendo aprovechar hasta el \u00faltimo soplo de viento. Con las infraestructuras adecuadas, ese 26,40% podr\u00eda saltar f\u00e1cilmente por encima del 40% o 50% en muy poco tiempo, sin necesidad de instalar ni un solo molino nuevo, solo aprovechando mejor los que ya tenemos.<\/p>\n\n\n\n<h2 class=\"wp-block-heading\">Conclusiones: La urgencia de acelerar<\/h2>\n\n\n\n<p class=\"wp-block-paragraph\">La transici\u00f3n energ\u00e9tica en Canarias no es un capricho t\u00e9cnico, es una emergencia vital. Los n\u00fameros de 2025 son claros: la tecnolog\u00eda renovable ya est\u00e1 aqu\u00ed, pero nos falta el \u00abpegamento\u00bb que une la generaci\u00f3n limpia con la demanda constante.<\/p>\n\n\n\n<p class=\"wp-block-paragraph\">Ese pegamento es el almacenamiento. No se trata solo de instalar m\u00e1s paneles, sino de ser capaces de gestionar esa energ\u00eda con inteligencia. Si apostamos fuerte por acumular energ\u00eda, la tabla del a\u00f1o que viene no ser\u00e1 una simple actualizaci\u00f3n de esta; ser\u00e1 una revoluci\u00f3n.<\/p>\n\n\n\n<p class=\"wp-block-paragraph\">El futuro es el\u00e9ctrico y renovable, pero para llegar a \u00e9l, primero tenemos que aprender a guardar el sol en una botella.<\/p>\n\n\n\n<figure class=\"wp-block-embed is-type-video is-provider-youtube wp-block-embed-youtube wp-embed-aspect-16-9 wp-has-aspect-ratio\"><div class=\"wp-block-embed__wrapper\">\n<iframe loading=\"lazy\" hcb-fetch-image-from=\"https:\/\/youtu.be\/BQIoS1Z0hpc\" title=\"Gran Canaria 2025\" width=\"696\" height=\"392\" src=\"https:\/\/www.youtube.com\/embed\/BQIoS1Z0hpc?feature=oembed\" frameborder=\"0\" allow=\"accelerometer; autoplay; clipboard-write; encrypted-media; gyroscope; picture-in-picture; web-share\" referrerpolicy=\"strict-origin-when-cross-origin\" allowfullscreen><\/iframe>\n<\/div><\/figure>\n","protected":false},"excerpt":{"rendered":"<p>Gran Canaria 2025: La verdad inc\u00f3moda y la llave del cambio A menudo, cuando encendemos la luz o cargamos nuestro veh\u00edculo el\u00e9ctrico, no somos conscientes de la maquinaria invisible que se pone en marcha para hacerlo posible. La electricidad nos parece un milagro instant\u00e1neo, limpio y silencioso. Sin embargo, los datos de generaci\u00f3n el\u00e9ctrica de [&hellip;]<\/p>\n","protected":false},"author":1,"featured_media":1213,"comment_status":"open","ping_status":"open","sticky":false,"template":"","format":"standard","meta":{"footnotes":""},"categories":[36],"tags":[],"class_list":["post-1211","post","type-post","status-publish","format-standard","has-post-thumbnail","category-sistema-electrico"],"yoast_head":"<!-- This site is optimized with the Yoast SEO plugin v28.2 - https:\/\/yoast.com\/product\/yoast-seo-wordpress\/ -->\n<title>Gran Canaria 2025: Desglose del Sistema El\u00e9ctrico - Salto Ecol\u00f3gico<\/title>\n<meta name=\"description\" content=\"Descubre c\u00f3mo la generaci\u00f3n el\u00e9ctrica en Gran Canaria 2025 revela el impacto de las energ\u00edas renovables en el archipi\u00e9lago.\" \/>\n<meta name=\"robots\" content=\"index, follow, max-snippet:-1, max-image-preview:large, max-video-preview:-1\" \/>\n<link rel=\"canonical\" href=\"https:\/\/saltoecologico.es\/index.php\/2026\/01\/08\/gran-canaria-2025\/\" \/>\n<meta property=\"og:locale\" content=\"es_ES\" \/>\n<meta property=\"og:type\" content=\"article\" \/>\n<meta property=\"og:title\" content=\"Gran Canaria 2025: Desglose del Sistema El\u00e9ctrico - Salto Ecol\u00f3gico\" \/>\n<meta property=\"og:description\" content=\"Descubre c\u00f3mo la generaci\u00f3n el\u00e9ctrica en Gran Canaria 2025 revela el impacto de las energ\u00edas renovables en el archipi\u00e9lago.\" \/>\n<meta property=\"og:url\" content=\"https:\/\/saltoecologico.es\/index.php\/2026\/01\/08\/gran-canaria-2025\/\" \/>\n<meta property=\"og:site_name\" content=\"Salto Ecol\u00f3gico\" \/>\n<meta property=\"article:publisher\" content=\"https:\/\/www.facebook.com\/Saltotransicionecologica\" \/>\n<meta property=\"article:published_time\" content=\"2026-01-08T10:47:17+00:00\" \/>\n<meta property=\"article:modified_time\" content=\"2026-01-08T10:47:22+00:00\" \/>\n<meta property=\"og:image\" content=\"https:\/\/saltoecologico.es\/wp-content\/uploads\/2026\/01\/GC-2025.jpg\" \/>\n\t<meta property=\"og:image:width\" content=\"1024\" \/>\n\t<meta property=\"og:image:height\" content=\"578\" \/>\n\t<meta property=\"og:image:type\" content=\"image\/jpeg\" \/>\n<meta name=\"author\" content=\"admin\" \/>\n<meta name=\"twitter:card\" content=\"summary_large_image\" \/>\n<meta name=\"twitter:label1\" content=\"Escrito por\" \/>\n\t<meta name=\"twitter:data1\" content=\"admin\" \/>\n\t<meta name=\"twitter:label2\" content=\"Tiempo de lectura\" \/>\n\t<meta name=\"twitter:data2\" content=\"5 minutos\" \/>\n<script type=\"application\/ld+json\" class=\"yoast-schema-graph\">{\"@context\":\"https:\\\/\\\/schema.org\",\"@graph\":[{\"@type\":\"Article\",\"@id\":\"https:\\\/\\\/saltoecologico.es\\\/index.php\\\/2026\\\/01\\\/08\\\/gran-canaria-2025\\\/#article\",\"isPartOf\":{\"@id\":\"https:\\\/\\\/saltoecologico.es\\\/index.php\\\/2026\\\/01\\\/08\\\/gran-canaria-2025\\\/\"},\"author\":{\"name\":\"admin\",\"@id\":\"https:\\\/\\\/saltoecologico.es\\\/#\\\/schema\\\/person\\\/7175eec4b3c123d86c675313c3a01a0b\"},\"headline\":\"Gran Canaria 2025: Desglose del Sistema El\u00e9ctrico\",\"datePublished\":\"2026-01-08T10:47:17+00:00\",\"dateModified\":\"2026-01-08T10:47:22+00:00\",\"mainEntityOfPage\":{\"@id\":\"https:\\\/\\\/saltoecologico.es\\\/index.php\\\/2026\\\/01\\\/08\\\/gran-canaria-2025\\\/\"},\"wordCount\":944,\"commentCount\":0,\"publisher\":{\"@id\":\"https:\\\/\\\/saltoecologico.es\\\/#organization\"},\"image\":{\"@id\":\"https:\\\/\\\/saltoecologico.es\\\/index.php\\\/2026\\\/01\\\/08\\\/gran-canaria-2025\\\/#primaryimage\"},\"thumbnailUrl\":\"https:\\\/\\\/saltoecologico.es\\\/wp-content\\\/uploads\\\/2026\\\/01\\\/GC-2025.jpg\",\"articleSection\":[\"Sistema el\u00e9ctrico\"],\"inLanguage\":\"es\",\"potentialAction\":[{\"@type\":\"CommentAction\",\"name\":\"Comment\",\"target\":[\"https:\\\/\\\/saltoecologico.es\\\/index.php\\\/2026\\\/01\\\/08\\\/gran-canaria-2025\\\/#respond\"]}]},{\"@type\":\"WebPage\",\"@id\":\"https:\\\/\\\/saltoecologico.es\\\/index.php\\\/2026\\\/01\\\/08\\\/gran-canaria-2025\\\/\",\"url\":\"https:\\\/\\\/saltoecologico.es\\\/index.php\\\/2026\\\/01\\\/08\\\/gran-canaria-2025\\\/\",\"name\":\"Gran Canaria 2025: Desglose del Sistema El\u00e9ctrico - Salto Ecol\u00f3gico\",\"isPartOf\":{\"@id\":\"https:\\\/\\\/saltoecologico.es\\\/#website\"},\"primaryImageOfPage\":{\"@id\":\"https:\\\/\\\/saltoecologico.es\\\/index.php\\\/2026\\\/01\\\/08\\\/gran-canaria-2025\\\/#primaryimage\"},\"image\":{\"@id\":\"https:\\\/\\\/saltoecologico.es\\\/index.php\\\/2026\\\/01\\\/08\\\/gran-canaria-2025\\\/#primaryimage\"},\"thumbnailUrl\":\"https:\\\/\\\/saltoecologico.es\\\/wp-content\\\/uploads\\\/2026\\\/01\\\/GC-2025.jpg\",\"datePublished\":\"2026-01-08T10:47:17+00:00\",\"dateModified\":\"2026-01-08T10:47:22+00:00\",\"description\":\"Descubre c\u00f3mo la generaci\u00f3n el\u00e9ctrica en Gran Canaria 2025 revela el impacto de las energ\u00edas renovables en el archipi\u00e9lago.\",\"breadcrumb\":{\"@id\":\"https:\\\/\\\/saltoecologico.es\\\/index.php\\\/2026\\\/01\\\/08\\\/gran-canaria-2025\\\/#breadcrumb\"},\"inLanguage\":\"es\",\"potentialAction\":[{\"@type\":\"ReadAction\",\"target\":[\"https:\\\/\\\/saltoecologico.es\\\/index.php\\\/2026\\\/01\\\/08\\\/gran-canaria-2025\\\/\"]}]},{\"@type\":\"ImageObject\",\"inLanguage\":\"es\",\"@id\":\"https:\\\/\\\/saltoecologico.es\\\/index.php\\\/2026\\\/01\\\/08\\\/gran-canaria-2025\\\/#primaryimage\",\"url\":\"https:\\\/\\\/saltoecologico.es\\\/wp-content\\\/uploads\\\/2026\\\/01\\\/GC-2025.jpg\",\"contentUrl\":\"https:\\\/\\\/saltoecologico.es\\\/wp-content\\\/uploads\\\/2026\\\/01\\\/GC-2025.jpg\",\"width\":1024,\"height\":578},{\"@type\":\"BreadcrumbList\",\"@id\":\"https:\\\/\\\/saltoecologico.es\\\/index.php\\\/2026\\\/01\\\/08\\\/gran-canaria-2025\\\/#breadcrumb\",\"itemListElement\":[{\"@type\":\"ListItem\",\"position\":1,\"name\":\"Portada\",\"item\":\"https:\\\/\\\/saltoecologico.es\\\/\"},{\"@type\":\"ListItem\",\"position\":2,\"name\":\"Gran Canaria 2025: Desglose del Sistema El\u00e9ctrico\"}]},{\"@type\":\"WebSite\",\"@id\":\"https:\\\/\\\/saltoecologico.es\\\/#website\",\"url\":\"https:\\\/\\\/saltoecologico.es\\\/\",\"name\":\"Salto Ecol\u00f3gico\",\"description\":\"\",\"publisher\":{\"@id\":\"https:\\\/\\\/saltoecologico.es\\\/#organization\"},\"potentialAction\":[{\"@type\":\"SearchAction\",\"target\":{\"@type\":\"EntryPoint\",\"urlTemplate\":\"https:\\\/\\\/saltoecologico.es\\\/?s={search_term_string}\"},\"query-input\":{\"@type\":\"PropertyValueSpecification\",\"valueRequired\":true,\"valueName\":\"search_term_string\"}}],\"inLanguage\":\"es\"},{\"@type\":\"Organization\",\"@id\":\"https:\\\/\\\/saltoecologico.es\\\/#organization\",\"name\":\"Salto a la Transici\u00f3n Ecol\u00f3gica\",\"url\":\"https:\\\/\\\/saltoecologico.es\\\/\",\"logo\":{\"@type\":\"ImageObject\",\"inLanguage\":\"es\",\"@id\":\"https:\\\/\\\/saltoecologico.es\\\/#\\\/schema\\\/logo\\\/image\\\/\",\"url\":\"https:\\\/\\\/saltoecologico.es\\\/wp-content\\\/uploads\\\/2025\\\/04\\\/Logo-STE.jpg\",\"contentUrl\":\"https:\\\/\\\/saltoecologico.es\\\/wp-content\\\/uploads\\\/2025\\\/04\\\/Logo-STE.jpg\",\"width\":435,\"height\":435,\"caption\":\"Salto a la Transici\u00f3n Ecol\u00f3gica\"},\"image\":{\"@id\":\"https:\\\/\\\/saltoecologico.es\\\/#\\\/schema\\\/logo\\\/image\\\/\"},\"sameAs\":[\"https:\\\/\\\/www.facebook.com\\\/Saltotransicionecologica\"]},{\"@type\":\"Person\",\"@id\":\"https:\\\/\\\/saltoecologico.es\\\/#\\\/schema\\\/person\\\/7175eec4b3c123d86c675313c3a01a0b\",\"name\":\"admin\",\"image\":{\"@type\":\"ImageObject\",\"inLanguage\":\"es\",\"@id\":\"https:\\\/\\\/secure.gravatar.com\\\/avatar\\\/4c215dc57bbc7b2f2f470ac9bd197f3f112636a584e575a732d0206a2d9c9806?s=96&d=mm&r=g\",\"url\":\"https:\\\/\\\/secure.gravatar.com\\\/avatar\\\/4c215dc57bbc7b2f2f470ac9bd197f3f112636a584e575a732d0206a2d9c9806?s=96&d=mm&r=g\",\"contentUrl\":\"https:\\\/\\\/secure.gravatar.com\\\/avatar\\\/4c215dc57bbc7b2f2f470ac9bd197f3f112636a584e575a732d0206a2d9c9806?s=96&d=mm&r=g\",\"caption\":\"admin\"},\"sameAs\":[\"https:\\\/\\\/saltoecologico.es\"],\"url\":\"https:\\\/\\\/saltoecologico.es\\\/index.php\\\/author\\\/saltoecologico\\\/\"}]}<\/script>\n<!-- \/ Yoast SEO plugin. -->","yoast_head_json":{"title":"Gran Canaria 2025: Desglose del Sistema El\u00e9ctrico - Salto Ecol\u00f3gico","description":"Descubre c\u00f3mo la generaci\u00f3n el\u00e9ctrica en Gran Canaria 2025 revela el impacto de las energ\u00edas renovables en el archipi\u00e9lago.","robots":{"index":"index","follow":"follow","max-snippet":"max-snippet:-1","max-image-preview":"max-image-preview:large","max-video-preview":"max-video-preview:-1"},"canonical":"https:\/\/saltoecologico.es\/index.php\/2026\/01\/08\/gran-canaria-2025\/","og_locale":"es_ES","og_type":"article","og_title":"Gran Canaria 2025: Desglose del Sistema El\u00e9ctrico - Salto Ecol\u00f3gico","og_description":"Descubre c\u00f3mo la generaci\u00f3n el\u00e9ctrica en Gran Canaria 2025 revela el impacto de las energ\u00edas renovables en el archipi\u00e9lago.","og_url":"https:\/\/saltoecologico.es\/index.php\/2026\/01\/08\/gran-canaria-2025\/","og_site_name":"Salto Ecol\u00f3gico","article_publisher":"https:\/\/www.facebook.com\/Saltotransicionecologica","article_published_time":"2026-01-08T10:47:17+00:00","article_modified_time":"2026-01-08T10:47:22+00:00","og_image":[{"width":1024,"height":578,"url":"https:\/\/saltoecologico.es\/wp-content\/uploads\/2026\/01\/GC-2025.jpg","type":"image\/jpeg"}],"author":"admin","twitter_card":"summary_large_image","twitter_misc":{"Escrito por":"admin","Tiempo de lectura":"5 minutos"},"schema":{"@context":"https:\/\/schema.org","@graph":[{"@type":"Article","@id":"https:\/\/saltoecologico.es\/index.php\/2026\/01\/08\/gran-canaria-2025\/#article","isPartOf":{"@id":"https:\/\/saltoecologico.es\/index.php\/2026\/01\/08\/gran-canaria-2025\/"},"author":{"name":"admin","@id":"https:\/\/saltoecologico.es\/#\/schema\/person\/7175eec4b3c123d86c675313c3a01a0b"},"headline":"Gran Canaria 2025: Desglose del Sistema El\u00e9ctrico","datePublished":"2026-01-08T10:47:17+00:00","dateModified":"2026-01-08T10:47:22+00:00","mainEntityOfPage":{"@id":"https:\/\/saltoecologico.es\/index.php\/2026\/01\/08\/gran-canaria-2025\/"},"wordCount":944,"commentCount":0,"publisher":{"@id":"https:\/\/saltoecologico.es\/#organization"},"image":{"@id":"https:\/\/saltoecologico.es\/index.php\/2026\/01\/08\/gran-canaria-2025\/#primaryimage"},"thumbnailUrl":"https:\/\/saltoecologico.es\/wp-content\/uploads\/2026\/01\/GC-2025.jpg","articleSection":["Sistema el\u00e9ctrico"],"inLanguage":"es","potentialAction":[{"@type":"CommentAction","name":"Comment","target":["https:\/\/saltoecologico.es\/index.php\/2026\/01\/08\/gran-canaria-2025\/#respond"]}]},{"@type":"WebPage","@id":"https:\/\/saltoecologico.es\/index.php\/2026\/01\/08\/gran-canaria-2025\/","url":"https:\/\/saltoecologico.es\/index.php\/2026\/01\/08\/gran-canaria-2025\/","name":"Gran Canaria 2025: Desglose del Sistema El\u00e9ctrico - Salto Ecol\u00f3gico","isPartOf":{"@id":"https:\/\/saltoecologico.es\/#website"},"primaryImageOfPage":{"@id":"https:\/\/saltoecologico.es\/index.php\/2026\/01\/08\/gran-canaria-2025\/#primaryimage"},"image":{"@id":"https:\/\/saltoecologico.es\/index.php\/2026\/01\/08\/gran-canaria-2025\/#primaryimage"},"thumbnailUrl":"https:\/\/saltoecologico.es\/wp-content\/uploads\/2026\/01\/GC-2025.jpg","datePublished":"2026-01-08T10:47:17+00:00","dateModified":"2026-01-08T10:47:22+00:00","description":"Descubre c\u00f3mo la generaci\u00f3n el\u00e9ctrica en Gran Canaria 2025 revela el impacto de las energ\u00edas renovables en el archipi\u00e9lago.","breadcrumb":{"@id":"https:\/\/saltoecologico.es\/index.php\/2026\/01\/08\/gran-canaria-2025\/#breadcrumb"},"inLanguage":"es","potentialAction":[{"@type":"ReadAction","target":["https:\/\/saltoecologico.es\/index.php\/2026\/01\/08\/gran-canaria-2025\/"]}]},{"@type":"ImageObject","inLanguage":"es","@id":"https:\/\/saltoecologico.es\/index.php\/2026\/01\/08\/gran-canaria-2025\/#primaryimage","url":"https:\/\/saltoecologico.es\/wp-content\/uploads\/2026\/01\/GC-2025.jpg","contentUrl":"https:\/\/saltoecologico.es\/wp-content\/uploads\/2026\/01\/GC-2025.jpg","width":1024,"height":578},{"@type":"BreadcrumbList","@id":"https:\/\/saltoecologico.es\/index.php\/2026\/01\/08\/gran-canaria-2025\/#breadcrumb","itemListElement":[{"@type":"ListItem","position":1,"name":"Portada","item":"https:\/\/saltoecologico.es\/"},{"@type":"ListItem","position":2,"name":"Gran Canaria 2025: Desglose del Sistema El\u00e9ctrico"}]},{"@type":"WebSite","@id":"https:\/\/saltoecologico.es\/#website","url":"https:\/\/saltoecologico.es\/","name":"Salto Ecol\u00f3gico","description":"","publisher":{"@id":"https:\/\/saltoecologico.es\/#organization"},"potentialAction":[{"@type":"SearchAction","target":{"@type":"EntryPoint","urlTemplate":"https:\/\/saltoecologico.es\/?s={search_term_string}"},"query-input":{"@type":"PropertyValueSpecification","valueRequired":true,"valueName":"search_term_string"}}],"inLanguage":"es"},{"@type":"Organization","@id":"https:\/\/saltoecologico.es\/#organization","name":"Salto a la Transici\u00f3n Ecol\u00f3gica","url":"https:\/\/saltoecologico.es\/","logo":{"@type":"ImageObject","inLanguage":"es","@id":"https:\/\/saltoecologico.es\/#\/schema\/logo\/image\/","url":"https:\/\/saltoecologico.es\/wp-content\/uploads\/2025\/04\/Logo-STE.jpg","contentUrl":"https:\/\/saltoecologico.es\/wp-content\/uploads\/2025\/04\/Logo-STE.jpg","width":435,"height":435,"caption":"Salto a la Transici\u00f3n Ecol\u00f3gica"},"image":{"@id":"https:\/\/saltoecologico.es\/#\/schema\/logo\/image\/"},"sameAs":["https:\/\/www.facebook.com\/Saltotransicionecologica"]},{"@type":"Person","@id":"https:\/\/saltoecologico.es\/#\/schema\/person\/7175eec4b3c123d86c675313c3a01a0b","name":"admin","image":{"@type":"ImageObject","inLanguage":"es","@id":"https:\/\/secure.gravatar.com\/avatar\/4c215dc57bbc7b2f2f470ac9bd197f3f112636a584e575a732d0206a2d9c9806?s=96&d=mm&r=g","url":"https:\/\/secure.gravatar.com\/avatar\/4c215dc57bbc7b2f2f470ac9bd197f3f112636a584e575a732d0206a2d9c9806?s=96&d=mm&r=g","contentUrl":"https:\/\/secure.gravatar.com\/avatar\/4c215dc57bbc7b2f2f470ac9bd197f3f112636a584e575a732d0206a2d9c9806?s=96&d=mm&r=g","caption":"admin"},"sameAs":["https:\/\/saltoecologico.es"],"url":"https:\/\/saltoecologico.es\/index.php\/author\/saltoecologico\/"}]}},"_links":{"self":[{"href":"https:\/\/saltoecologico.es\/index.php\/wp-json\/wp\/v2\/posts\/1211","targetHints":{"allow":["GET"]}}],"collection":[{"href":"https:\/\/saltoecologico.es\/index.php\/wp-json\/wp\/v2\/posts"}],"about":[{"href":"https:\/\/saltoecologico.es\/index.php\/wp-json\/wp\/v2\/types\/post"}],"author":[{"embeddable":true,"href":"https:\/\/saltoecologico.es\/index.php\/wp-json\/wp\/v2\/users\/1"}],"replies":[{"embeddable":true,"href":"https:\/\/saltoecologico.es\/index.php\/wp-json\/wp\/v2\/comments?post=1211"}],"version-history":[{"count":1,"href":"https:\/\/saltoecologico.es\/index.php\/wp-json\/wp\/v2\/posts\/1211\/revisions"}],"predecessor-version":[{"id":1214,"href":"https:\/\/saltoecologico.es\/index.php\/wp-json\/wp\/v2\/posts\/1211\/revisions\/1214"}],"wp:featuredmedia":[{"embeddable":true,"href":"https:\/\/saltoecologico.es\/index.php\/wp-json\/wp\/v2\/media\/1213"}],"wp:attachment":[{"href":"https:\/\/saltoecologico.es\/index.php\/wp-json\/wp\/v2\/media?parent=1211"}],"wp:term":[{"taxonomy":"category","embeddable":true,"href":"https:\/\/saltoecologico.es\/index.php\/wp-json\/wp\/v2\/categories?post=1211"},{"taxonomy":"post_tag","embeddable":true,"href":"https:\/\/saltoecologico.es\/index.php\/wp-json\/wp\/v2\/tags?post=1211"}],"curies":[{"name":"wp","href":"https:\/\/api.w.org\/{rel}","templated":true}]}}