{"id":1216,"date":"2026-01-29T19:48:27","date_gmt":"2026-01-29T19:48:27","guid":{"rendered":"https:\/\/saltoecologico.es\/?p=1216"},"modified":"2026-01-29T19:48:30","modified_gmt":"2026-01-29T19:48:30","slug":"el-abandono-de-endesa","status":"publish","type":"post","link":"https:\/\/saltoecologico.es\/index.php\/2026\/01\/29\/el-abandono-de-endesa\/","title":{"rendered":"El abandono de Endesa"},"content":{"rendered":"\n<p class=\"wp-block-paragraph\">Ha salido a la luz,&nbsp;a trav\u00e9s de informaciones period\u00edsticas, que Endesa decidi\u00f3 abandonar su propuesta en el proceso de concurrencia competitiva en cuatro islas&nbsp;en un momento ya muy avanzado del mismo. Esta decisi\u00f3n est\u00e1 en concordancia con las \u00faltimas l\u00edneas estrat\u00e9gicas de su accionista mayoritario, Enel, que prioriza la asignaci\u00f3n de capital a proyectos con seguridad financiera y retorno predecible, evitando inversiones en activos que no cumplan esos criterios. El hecho revela que incluso los operadores m\u00e1s capacitados perciben riesgos significativos en mantener un modelo basado en combustibles f\u00f3siles y evidencia la necesidad de replantear la estrategia energ\u00e9tica del archipi\u00e9lago.<\/p>\n\n\n\n<p class=\"wp-block-paragraph\">La respuesta del Gobierno canario, pidiendo al Estado&nbsp;la convocatoria de&nbsp;un nuevo concurso para los grupos t\u00e9rmicos, carece de estrategia y es poco realista, y retrasar\u00eda a\u00fan m\u00e1s la transici\u00f3n imprescindible hacia un sistema m\u00e1s seguro y sostenible. Adem\u00e1s, desaprovecha la oportunidad de un cambio de rumbo en las pol\u00edticas energ\u00e9ticas, perpetuando soluciones que no resuelven los problemas de fondo y mantienen al archipi\u00e9lago dependiente de combustibles f\u00f3siles vol\u00e1tiles.<\/p>\n\n\n\n<p class=\"wp-block-paragraph\">La retirada de Endesa es una alerta clara: mantener o ampliar la generaci\u00f3n f\u00f3sil incrementa riesgos econ\u00f3micos, energ\u00e9ticos y geopol\u00edticos, exponiendo a las islas a la volatilidad del gas y el di\u00e9sel, tensiones internacionales y posibles restricciones de suministro. Los hechos recientes demuestran que estas contingencias no son hipot\u00e9ticas: las subidas de precios y las interrupciones afectan directamente a la estabilidad del sistema el\u00e9ctrico y a los costes energ\u00e9ticos de hogares y empresas.<\/p>\n\n\n\n<p class=\"wp-block-paragraph\">Por el contrario, las energ\u00edas renovables con almacenamiento, como fotovoltaica y e\u00f3lica combinadas con bombeo y bater\u00edas BESS, ofrecen un modelo m\u00e1s seguro, flexible y aut\u00f3nomo. No dependen de mercados externos y permiten gestionar la generaci\u00f3n intermitente de manera eficiente, asegurando potencia firme y continuidad del suministro.&nbsp;<\/p>\n\n\n\n<p class=\"wp-block-paragraph\">En conclusi\u00f3n, repetir concursos f\u00f3siles ser\u00eda un error evidente. Canarias debe aprovechar las oportunidades de las energ\u00edas renovables y el almacenamiento para garantizar seguridad energ\u00e9tica, estabilidad de precios y sostenibilidad. Frenar la transici\u00f3n equivale a asumir riesgos innecesarios que comprometen la econom\u00eda y el futuro del archipi\u00e9lago.<\/p>\n\n\n\n<p class=\"wp-block-paragraph\"><a href=\"https:\/\/www.eldiario.es\/canariasahora\/opinion\/abandono-endesa-evidencia-canarias-necesita-acelerar-transicion-energetica_132_12946304.html\">https:\/\/www.eldiario.es\/canariasahora\/opinion\/abandono-endesa-evidencia-canarias-necesita-acelerar-transicion-energetica_132_12946304.html<\/a><\/p>\n","protected":false},"excerpt":{"rendered":"<p>Ha salido a la luz,&nbsp;a trav\u00e9s de informaciones period\u00edsticas, que Endesa decidi\u00f3 abandonar su propuesta en el proceso de concurrencia competitiva en cuatro islas&nbsp;en un momento ya muy avanzado del mismo. Esta decisi\u00f3n est\u00e1 en concordancia con las \u00faltimas l\u00edneas estrat\u00e9gicas de su accionista mayoritario, Enel, que prioriza la asignaci\u00f3n de capital a proyectos con [&hellip;]<\/p>\n","protected":false},"author":1,"featured_media":1217,"comment_status":"open","ping_status":"open","sticky":false,"template":"","format":"standard","meta":{"footnotes":""},"categories":[58],"tags":[],"class_list":["post-1216","post","type-post","status-publish","format-standard","has-post-thumbnail","category-concurrencia-competitiva"],"yoast_head":"<!-- This site is optimized with the Yoast SEO plugin v28.2 - https:\/\/yoast.com\/product\/yoast-seo-wordpress\/ -->\n<title>El abandono de Endesa - Salto Ecol\u00f3gico<\/title>\n<meta name=\"description\" content=\"El abandono de Endesa y la evidencia de que Canarias necesita acelerar la transici\u00f3n energ\u00e9tica para alcanzar un futuro sostenible\" \/>\n<meta name=\"robots\" content=\"index, follow, max-snippet:-1, max-image-preview:large, max-video-preview:-1\" \/>\n<link rel=\"canonical\" href=\"https:\/\/saltoecologico.es\/index.php\/2026\/01\/29\/el-abandono-de-endesa\/\" \/>\n<meta property=\"og:locale\" content=\"es_ES\" \/>\n<meta property=\"og:type\" content=\"article\" \/>\n<meta property=\"og:title\" content=\"El abandono de Endesa - Salto Ecol\u00f3gico\" \/>\n<meta property=\"og:description\" content=\"El abandono de Endesa y la evidencia de que Canarias necesita acelerar la transici\u00f3n energ\u00e9tica para alcanzar un futuro sostenible\" \/>\n<meta property=\"og:url\" content=\"https:\/\/saltoecologico.es\/index.php\/2026\/01\/29\/el-abandono-de-endesa\/\" \/>\n<meta property=\"og:site_name\" content=\"Salto Ecol\u00f3gico\" \/>\n<meta property=\"article:publisher\" content=\"https:\/\/www.facebook.com\/Saltotransicionecologica\" \/>\n<meta property=\"article:published_time\" content=\"2026-01-29T19:48:27+00:00\" \/>\n<meta property=\"article:modified_time\" content=\"2026-01-29T19:48:30+00:00\" \/>\n<meta property=\"og:image\" content=\"https:\/\/saltoecologico.es\/wp-content\/uploads\/2026\/01\/Endesa.jpg\" \/>\n\t<meta property=\"og:image:width\" content=\"1024\" \/>\n\t<meta property=\"og:image:height\" content=\"572\" \/>\n\t<meta property=\"og:image:type\" content=\"image\/jpeg\" \/>\n<meta name=\"author\" content=\"admin\" \/>\n<meta name=\"twitter:card\" content=\"summary_large_image\" \/>\n<meta name=\"twitter:label1\" content=\"Escrito por\" \/>\n\t<meta name=\"twitter:data1\" content=\"admin\" \/>\n\t<meta name=\"twitter:label2\" content=\"Tiempo de lectura\" \/>\n\t<meta name=\"twitter:data2\" content=\"2 minutos\" \/>\n<script type=\"application\/ld+json\" class=\"yoast-schema-graph\">{\"@context\":\"https:\\\/\\\/schema.org\",\"@graph\":[{\"@type\":\"Article\",\"@id\":\"https:\\\/\\\/saltoecologico.es\\\/index.php\\\/2026\\\/01\\\/29\\\/el-abandono-de-endesa\\\/#article\",\"isPartOf\":{\"@id\":\"https:\\\/\\\/saltoecologico.es\\\/index.php\\\/2026\\\/01\\\/29\\\/el-abandono-de-endesa\\\/\"},\"author\":{\"name\":\"admin\",\"@id\":\"https:\\\/\\\/saltoecologico.es\\\/#\\\/schema\\\/person\\\/7175eec4b3c123d86c675313c3a01a0b\"},\"headline\":\"El abandono de Endesa\",\"datePublished\":\"2026-01-29T19:48:27+00:00\",\"dateModified\":\"2026-01-29T19:48:30+00:00\",\"mainEntityOfPage\":{\"@id\":\"https:\\\/\\\/saltoecologico.es\\\/index.php\\\/2026\\\/01\\\/29\\\/el-abandono-de-endesa\\\/\"},\"wordCount\":401,\"commentCount\":0,\"publisher\":{\"@id\":\"https:\\\/\\\/saltoecologico.es\\\/#organization\"},\"image\":{\"@id\":\"https:\\\/\\\/saltoecologico.es\\\/index.php\\\/2026\\\/01\\\/29\\\/el-abandono-de-endesa\\\/#primaryimage\"},\"thumbnailUrl\":\"https:\\\/\\\/saltoecologico.es\\\/wp-content\\\/uploads\\\/2026\\\/01\\\/Endesa.jpg\",\"articleSection\":[\"Concurrencia competitiva\"],\"inLanguage\":\"es\",\"potentialAction\":[{\"@type\":\"CommentAction\",\"name\":\"Comment\",\"target\":[\"https:\\\/\\\/saltoecologico.es\\\/index.php\\\/2026\\\/01\\\/29\\\/el-abandono-de-endesa\\\/#respond\"]}]},{\"@type\":\"WebPage\",\"@id\":\"https:\\\/\\\/saltoecologico.es\\\/index.php\\\/2026\\\/01\\\/29\\\/el-abandono-de-endesa\\\/\",\"url\":\"https:\\\/\\\/saltoecologico.es\\\/index.php\\\/2026\\\/01\\\/29\\\/el-abandono-de-endesa\\\/\",\"name\":\"El abandono de Endesa - Salto Ecol\u00f3gico\",\"isPartOf\":{\"@id\":\"https:\\\/\\\/saltoecologico.es\\\/#website\"},\"primaryImageOfPage\":{\"@id\":\"https:\\\/\\\/saltoecologico.es\\\/index.php\\\/2026\\\/01\\\/29\\\/el-abandono-de-endesa\\\/#primaryimage\"},\"image\":{\"@id\":\"https:\\\/\\\/saltoecologico.es\\\/index.php\\\/2026\\\/01\\\/29\\\/el-abandono-de-endesa\\\/#primaryimage\"},\"thumbnailUrl\":\"https:\\\/\\\/saltoecologico.es\\\/wp-content\\\/uploads\\\/2026\\\/01\\\/Endesa.jpg\",\"datePublished\":\"2026-01-29T19:48:27+00:00\",\"dateModified\":\"2026-01-29T19:48:30+00:00\",\"description\":\"El abandono de Endesa y la evidencia de que Canarias necesita acelerar la transici\u00f3n energ\u00e9tica para alcanzar un futuro sostenible\",\"breadcrumb\":{\"@id\":\"https:\\\/\\\/saltoecologico.es\\\/index.php\\\/2026\\\/01\\\/29\\\/el-abandono-de-endesa\\\/#breadcrumb\"},\"inLanguage\":\"es\",\"potentialAction\":[{\"@type\":\"ReadAction\",\"target\":[\"https:\\\/\\\/saltoecologico.es\\\/index.php\\\/2026\\\/01\\\/29\\\/el-abandono-de-endesa\\\/\"]}]},{\"@type\":\"ImageObject\",\"inLanguage\":\"es\",\"@id\":\"https:\\\/\\\/saltoecologico.es\\\/index.php\\\/2026\\\/01\\\/29\\\/el-abandono-de-endesa\\\/#primaryimage\",\"url\":\"https:\\\/\\\/saltoecologico.es\\\/wp-content\\\/uploads\\\/2026\\\/01\\\/Endesa.jpg\",\"contentUrl\":\"https:\\\/\\\/saltoecologico.es\\\/wp-content\\\/uploads\\\/2026\\\/01\\\/Endesa.jpg\",\"width\":1024,\"height\":572},{\"@type\":\"BreadcrumbList\",\"@id\":\"https:\\\/\\\/saltoecologico.es\\\/index.php\\\/2026\\\/01\\\/29\\\/el-abandono-de-endesa\\\/#breadcrumb\",\"itemListElement\":[{\"@type\":\"ListItem\",\"position\":1,\"name\":\"Portada\",\"item\":\"https:\\\/\\\/saltoecologico.es\\\/\"},{\"@type\":\"ListItem\",\"position\":2,\"name\":\"El abandono de Endesa\"}]},{\"@type\":\"WebSite\",\"@id\":\"https:\\\/\\\/saltoecologico.es\\\/#website\",\"url\":\"https:\\\/\\\/saltoecologico.es\\\/\",\"name\":\"Salto Ecol\u00f3gico\",\"description\":\"\",\"publisher\":{\"@id\":\"https:\\\/\\\/saltoecologico.es\\\/#organization\"},\"potentialAction\":[{\"@type\":\"SearchAction\",\"target\":{\"@type\":\"EntryPoint\",\"urlTemplate\":\"https:\\\/\\\/saltoecologico.es\\\/?s={search_term_string}\"},\"query-input\":{\"@type\":\"PropertyValueSpecification\",\"valueRequired\":true,\"valueName\":\"search_term_string\"}}],\"inLanguage\":\"es\"},{\"@type\":\"Organization\",\"@id\":\"https:\\\/\\\/saltoecologico.es\\\/#organization\",\"name\":\"Salto a la Transici\u00f3n Ecol\u00f3gica\",\"url\":\"https:\\\/\\\/saltoecologico.es\\\/\",\"logo\":{\"@type\":\"ImageObject\",\"inLanguage\":\"es\",\"@id\":\"https:\\\/\\\/saltoecologico.es\\\/#\\\/schema\\\/logo\\\/image\\\/\",\"url\":\"https:\\\/\\\/saltoecologico.es\\\/wp-content\\\/uploads\\\/2025\\\/04\\\/Logo-STE.jpg\",\"contentUrl\":\"https:\\\/\\\/saltoecologico.es\\\/wp-content\\\/uploads\\\/2025\\\/04\\\/Logo-STE.jpg\",\"width\":435,\"height\":435,\"caption\":\"Salto a la Transici\u00f3n Ecol\u00f3gica\"},\"image\":{\"@id\":\"https:\\\/\\\/saltoecologico.es\\\/#\\\/schema\\\/logo\\\/image\\\/\"},\"sameAs\":[\"https:\\\/\\\/www.facebook.com\\\/Saltotransicionecologica\"]},{\"@type\":\"Person\",\"@id\":\"https:\\\/\\\/saltoecologico.es\\\/#\\\/schema\\\/person\\\/7175eec4b3c123d86c675313c3a01a0b\",\"name\":\"admin\",\"image\":{\"@type\":\"ImageObject\",\"inLanguage\":\"es\",\"@id\":\"https:\\\/\\\/secure.gravatar.com\\\/avatar\\\/4c215dc57bbc7b2f2f470ac9bd197f3f112636a584e575a732d0206a2d9c9806?s=96&d=mm&r=g\",\"url\":\"https:\\\/\\\/secure.gravatar.com\\\/avatar\\\/4c215dc57bbc7b2f2f470ac9bd197f3f112636a584e575a732d0206a2d9c9806?s=96&d=mm&r=g\",\"contentUrl\":\"https:\\\/\\\/secure.gravatar.com\\\/avatar\\\/4c215dc57bbc7b2f2f470ac9bd197f3f112636a584e575a732d0206a2d9c9806?s=96&d=mm&r=g\",\"caption\":\"admin\"},\"sameAs\":[\"https:\\\/\\\/saltoecologico.es\"],\"url\":\"https:\\\/\\\/saltoecologico.es\\\/index.php\\\/author\\\/saltoecologico\\\/\"}]}<\/script>\n<!-- \/ Yoast SEO plugin. -->","yoast_head_json":{"title":"El abandono de Endesa - Salto Ecol\u00f3gico","description":"El abandono de Endesa y la evidencia de que Canarias necesita acelerar la transici\u00f3n energ\u00e9tica para alcanzar un futuro sostenible","robots":{"index":"index","follow":"follow","max-snippet":"max-snippet:-1","max-image-preview":"max-image-preview:large","max-video-preview":"max-video-preview:-1"},"canonical":"https:\/\/saltoecologico.es\/index.php\/2026\/01\/29\/el-abandono-de-endesa\/","og_locale":"es_ES","og_type":"article","og_title":"El abandono de Endesa - Salto Ecol\u00f3gico","og_description":"El abandono de Endesa y la evidencia de que Canarias necesita acelerar la transici\u00f3n energ\u00e9tica para alcanzar un futuro sostenible","og_url":"https:\/\/saltoecologico.es\/index.php\/2026\/01\/29\/el-abandono-de-endesa\/","og_site_name":"Salto Ecol\u00f3gico","article_publisher":"https:\/\/www.facebook.com\/Saltotransicionecologica","article_published_time":"2026-01-29T19:48:27+00:00","article_modified_time":"2026-01-29T19:48:30+00:00","og_image":[{"width":1024,"height":572,"url":"https:\/\/saltoecologico.es\/wp-content\/uploads\/2026\/01\/Endesa.jpg","type":"image\/jpeg"}],"author":"admin","twitter_card":"summary_large_image","twitter_misc":{"Escrito por":"admin","Tiempo de lectura":"2 minutos"},"schema":{"@context":"https:\/\/schema.org","@graph":[{"@type":"Article","@id":"https:\/\/saltoecologico.es\/index.php\/2026\/01\/29\/el-abandono-de-endesa\/#article","isPartOf":{"@id":"https:\/\/saltoecologico.es\/index.php\/2026\/01\/29\/el-abandono-de-endesa\/"},"author":{"name":"admin","@id":"https:\/\/saltoecologico.es\/#\/schema\/person\/7175eec4b3c123d86c675313c3a01a0b"},"headline":"El abandono de Endesa","datePublished":"2026-01-29T19:48:27+00:00","dateModified":"2026-01-29T19:48:30+00:00","mainEntityOfPage":{"@id":"https:\/\/saltoecologico.es\/index.php\/2026\/01\/29\/el-abandono-de-endesa\/"},"wordCount":401,"commentCount":0,"publisher":{"@id":"https:\/\/saltoecologico.es\/#organization"},"image":{"@id":"https:\/\/saltoecologico.es\/index.php\/2026\/01\/29\/el-abandono-de-endesa\/#primaryimage"},"thumbnailUrl":"https:\/\/saltoecologico.es\/wp-content\/uploads\/2026\/01\/Endesa.jpg","articleSection":["Concurrencia competitiva"],"inLanguage":"es","potentialAction":[{"@type":"CommentAction","name":"Comment","target":["https:\/\/saltoecologico.es\/index.php\/2026\/01\/29\/el-abandono-de-endesa\/#respond"]}]},{"@type":"WebPage","@id":"https:\/\/saltoecologico.es\/index.php\/2026\/01\/29\/el-abandono-de-endesa\/","url":"https:\/\/saltoecologico.es\/index.php\/2026\/01\/29\/el-abandono-de-endesa\/","name":"El abandono de Endesa - Salto Ecol\u00f3gico","isPartOf":{"@id":"https:\/\/saltoecologico.es\/#website"},"primaryImageOfPage":{"@id":"https:\/\/saltoecologico.es\/index.php\/2026\/01\/29\/el-abandono-de-endesa\/#primaryimage"},"image":{"@id":"https:\/\/saltoecologico.es\/index.php\/2026\/01\/29\/el-abandono-de-endesa\/#primaryimage"},"thumbnailUrl":"https:\/\/saltoecologico.es\/wp-content\/uploads\/2026\/01\/Endesa.jpg","datePublished":"2026-01-29T19:48:27+00:00","dateModified":"2026-01-29T19:48:30+00:00","description":"El abandono de Endesa y la evidencia de que Canarias necesita acelerar la transici\u00f3n energ\u00e9tica para alcanzar un futuro sostenible","breadcrumb":{"@id":"https:\/\/saltoecologico.es\/index.php\/2026\/01\/29\/el-abandono-de-endesa\/#breadcrumb"},"inLanguage":"es","potentialAction":[{"@type":"ReadAction","target":["https:\/\/saltoecologico.es\/index.php\/2026\/01\/29\/el-abandono-de-endesa\/"]}]},{"@type":"ImageObject","inLanguage":"es","@id":"https:\/\/saltoecologico.es\/index.php\/2026\/01\/29\/el-abandono-de-endesa\/#primaryimage","url":"https:\/\/saltoecologico.es\/wp-content\/uploads\/2026\/01\/Endesa.jpg","contentUrl":"https:\/\/saltoecologico.es\/wp-content\/uploads\/2026\/01\/Endesa.jpg","width":1024,"height":572},{"@type":"BreadcrumbList","@id":"https:\/\/saltoecologico.es\/index.php\/2026\/01\/29\/el-abandono-de-endesa\/#breadcrumb","itemListElement":[{"@type":"ListItem","position":1,"name":"Portada","item":"https:\/\/saltoecologico.es\/"},{"@type":"ListItem","position":2,"name":"El abandono de Endesa"}]},{"@type":"WebSite","@id":"https:\/\/saltoecologico.es\/#website","url":"https:\/\/saltoecologico.es\/","name":"Salto Ecol\u00f3gico","description":"","publisher":{"@id":"https:\/\/saltoecologico.es\/#organization"},"potentialAction":[{"@type":"SearchAction","target":{"@type":"EntryPoint","urlTemplate":"https:\/\/saltoecologico.es\/?s={search_term_string}"},"query-input":{"@type":"PropertyValueSpecification","valueRequired":true,"valueName":"search_term_string"}}],"inLanguage":"es"},{"@type":"Organization","@id":"https:\/\/saltoecologico.es\/#organization","name":"Salto a la Transici\u00f3n Ecol\u00f3gica","url":"https:\/\/saltoecologico.es\/","logo":{"@type":"ImageObject","inLanguage":"es","@id":"https:\/\/saltoecologico.es\/#\/schema\/logo\/image\/","url":"https:\/\/saltoecologico.es\/wp-content\/uploads\/2025\/04\/Logo-STE.jpg","contentUrl":"https:\/\/saltoecologico.es\/wp-content\/uploads\/2025\/04\/Logo-STE.jpg","width":435,"height":435,"caption":"Salto a la Transici\u00f3n Ecol\u00f3gica"},"image":{"@id":"https:\/\/saltoecologico.es\/#\/schema\/logo\/image\/"},"sameAs":["https:\/\/www.facebook.com\/Saltotransicionecologica"]},{"@type":"Person","@id":"https:\/\/saltoecologico.es\/#\/schema\/person\/7175eec4b3c123d86c675313c3a01a0b","name":"admin","image":{"@type":"ImageObject","inLanguage":"es","@id":"https:\/\/secure.gravatar.com\/avatar\/4c215dc57bbc7b2f2f470ac9bd197f3f112636a584e575a732d0206a2d9c9806?s=96&d=mm&r=g","url":"https:\/\/secure.gravatar.com\/avatar\/4c215dc57bbc7b2f2f470ac9bd197f3f112636a584e575a732d0206a2d9c9806?s=96&d=mm&r=g","contentUrl":"https:\/\/secure.gravatar.com\/avatar\/4c215dc57bbc7b2f2f470ac9bd197f3f112636a584e575a732d0206a2d9c9806?s=96&d=mm&r=g","caption":"admin"},"sameAs":["https:\/\/saltoecologico.es"],"url":"https:\/\/saltoecologico.es\/index.php\/author\/saltoecologico\/"}]}},"_links":{"self":[{"href":"https:\/\/saltoecologico.es\/index.php\/wp-json\/wp\/v2\/posts\/1216","targetHints":{"allow":["GET"]}}],"collection":[{"href":"https:\/\/saltoecologico.es\/index.php\/wp-json\/wp\/v2\/posts"}],"about":[{"href":"https:\/\/saltoecologico.es\/index.php\/wp-json\/wp\/v2\/types\/post"}],"author":[{"embeddable":true,"href":"https:\/\/saltoecologico.es\/index.php\/wp-json\/wp\/v2\/users\/1"}],"replies":[{"embeddable":true,"href":"https:\/\/saltoecologico.es\/index.php\/wp-json\/wp\/v2\/comments?post=1216"}],"version-history":[{"count":1,"href":"https:\/\/saltoecologico.es\/index.php\/wp-json\/wp\/v2\/posts\/1216\/revisions"}],"predecessor-version":[{"id":1218,"href":"https:\/\/saltoecologico.es\/index.php\/wp-json\/wp\/v2\/posts\/1216\/revisions\/1218"}],"wp:featuredmedia":[{"embeddable":true,"href":"https:\/\/saltoecologico.es\/index.php\/wp-json\/wp\/v2\/media\/1217"}],"wp:attachment":[{"href":"https:\/\/saltoecologico.es\/index.php\/wp-json\/wp\/v2\/media?parent=1216"}],"wp:term":[{"taxonomy":"category","embeddable":true,"href":"https:\/\/saltoecologico.es\/index.php\/wp-json\/wp\/v2\/categories?post=1216"},{"taxonomy":"post_tag","embeddable":true,"href":"https:\/\/saltoecologico.es\/index.php\/wp-json\/wp\/v2\/tags?post=1216"}],"curies":[{"name":"wp","href":"https:\/\/api.w.org\/{rel}","templated":true}]}}