{"id":1219,"date":"2026-02-04T21:21:28","date_gmt":"2026-02-04T21:21:28","guid":{"rendered":"https:\/\/saltoecologico.es\/?p=1219"},"modified":"2026-02-04T21:21:33","modified_gmt":"2026-02-04T21:21:33","slug":"la-hoja-de-ruta","status":"publish","type":"post","link":"https:\/\/saltoecologico.es\/index.php\/2026\/02\/04\/la-hoja-de-ruta\/","title":{"rendered":"La Hoja de Ruta para la \u00abIsla Bonita\u00bb"},"content":{"rendered":"\n<h1 class=\"wp-block-heading\">1. El Alma de la Isla y el Imperativo de la Luz<\/h1>\n\n\n\n<p class=\"wp-block-paragraph\">La Palma no es simplemente un territorio geogr\u00e1fico anclado en las aguas profundas del Atl\u00e1ntico; es un organismo vivo, una entidad que respira a trav\u00e9s de sus bosques de laurisilva y exhala por las grietas de sus volcanes recientes. Conocida universalmente como la \u00abIsla Bonita\u00bb, este enclave declarado Reserva de la Biosfera encarna una paradoja que define nuestro tiempo: posee una riqueza natural desbordante \u2014viento, sol, agua y geotermia latente\u2014 y, sin embargo, vive atada a un cord\u00f3n umbilical de combustibles f\u00f3siles tra\u00eddos por mar, quemando hidrocarburos para mantener encendida la luz de sus hogares y la vitalidad de su econom\u00eda.<\/p>\n\n\n\n<p class=\"wp-block-paragraph\">Esta dependencia energ\u00e9tica no es solo una cuesti\u00f3n de balance econ\u00f3mico o de log\u00edstica de suministros; es una herida en la autonom\u00eda de la isla y una amenaza latente a su estabilidad. La historia reciente, marcada por la erupci\u00f3n del volc\u00e1n en Cumbre Vieja, nos ha ense\u00f1ado con crudeza la fragilidad de nuestras infraestructuras y la necesidad imperiosa de la resiliencia. No podemos seguir confiando el bienestar de los palmeros a la llegada puntual de un barco petrolero, ni podemos permitir que la producci\u00f3n de energ\u00eda siga siendo una fuente de emisiones que contradice la vocaci\u00f3n ecol\u00f3gica de nuestro territorio.<\/p>\n\n\n\n<h3 class=\"wp-block-heading\">El documento<\/h3>\n\n\n\n<p class=\"wp-block-paragraph\">El presente documento no es un simple informe t\u00e9cnico; es una hoja de ruta detallada, c\u00e1lida y rigurosa hacia la soberan\u00eda energ\u00e9tica. Es un dise\u00f1o de ingenier\u00eda con alma, que busca transformar el sistema nervioso de la isla para que deje de depender de la combusti\u00f3n y pase a fluir en sinton\u00eda con los ciclos naturales. La propuesta que aqu\u00ed se despliega recoge lo mejor del conocimiento t\u00e9cnico acumulado en estudios recientes, pero lo refina y humaniza con modificaciones cr\u00edticas: una central hidroel\u00e9ctrica m\u00e1s flexible y fraccionada, la incorporaci\u00f3n de tecnolog\u00eda de estabilidad s\u00edncrona y la preservaci\u00f3n inteligente de lo existente como garant\u00eda de seguridad.<\/p>\n\n\n\n<p class=\"wp-block-paragraph\">Nos encontramos ante el desaf\u00edo de construir un sistema 100% renovable que no solo sea t\u00e9cnicamente viable, sino que sea socialmente justo, est\u00e9ticamente respetuoso y operativamente robusto. Un sistema donde la tecnolog\u00eda no se imponga al paisaje, sino que se integre en \u00e9l como un bancal m\u00e1s en la ladera. A lo largo de estas p\u00e1ginas, desgranaremos c\u00f3mo el agua, el viento y el sol pueden orquestarse para silenciar los motores di\u00e9sel de Los Guinchos, dej\u00e1ndolos descansar como centinelas de reserva, mientras La Palma abraza un futuro donde la energ\u00eda es, por fin, tan limpia y libre como su cielo.<\/p>\n\n\n\n<h2 class=\"wp-block-heading\">2. Diagn\u00f3stico de un Sistema Aislado: La Fragilidad de la Red Actual<\/h2>\n\n\n\n<p class=\"wp-block-paragraph\">Para proponer una cura, primero debemos entender la fisiolog\u00eda del paciente. El sistema el\u00e9ctrico de La Palma es un Sistema El\u00e9ctrico Aislado (SEIE), una condici\u00f3n que lo hace <a href=\"https:\/\/saltoecologico.es\/index.php\/2025\/06\/13\/ceros-en-la-palma\/\">intr\u00ednsecamente fr\u00e1gil<\/a>. A diferencia de los sistemas continentales europeos, donde miles de centrales est\u00e1n interconectadas formando un \u00aboc\u00e9ano\u00bb de energ\u00eda capaz de absorber cualquier perturbaci\u00f3n, la red de La Palma es una peque\u00f1a \u00abbalsa\u00bb en medio del mar. Cualquier ola \u2014una nube que tapa el sol, una racha de viento que cesa, un fallo en un motor\u2014 se siente inmediatamente en toda la estructura.<\/p>\n\n\n\n<h3 class=\"wp-block-heading\">2.1. La Tiran\u00eda de la Demanda y la Generaci\u00f3n T\u00e9rmica<\/h3>\n\n\n\n<p class=\"wp-block-paragraph\">El perfil de consumo de la isla dicta las reglas del juego. Hist\u00f3ricamente, la demanda de electricidad en La Palma oscila entre un valle nocturno de unos 18-20 MW y picos que, en momentos de m\u00e1xima afluencia tur\u00edstica o calor extremo, pueden rozar los 48-50 MW. Este rango define el terreno de juego para cualquier soluci\u00f3n renovable. El sistema actual cubre esta demanda quemando fueloil y gas\u00f3leo en la Central T\u00e9rmica de Los Guinchos. Esta instalaci\u00f3n ha sido el coraz\u00f3n incansable de la isla, proporcionando no solo energ\u00eda (MW), sino dos elementos invisibles que son el \u00abpegamento\u00bb de la red el\u00e9ctrica: la inercia y la estabilidad de tensi\u00f3n.<\/p>\n\n\n\n<p class=\"wp-block-paragraph\">La inercia es la resistencia f\u00edsica al cambio. Los grandes generadores de Los Guinchos son masas de metal girando a velocidad constante; cuando hay una perturbaci\u00f3n, esa masa tiende a seguir girando, dando tiempo a los sistemas de control para reaccionar. Sin esa inercia f\u00edsica, la red se vuelve vol\u00e1til y propensa a apagones instant\u00e1neos o \u00abceros energ\u00e9ticos\u00bb, eventos que desgraciadamente la poblaci\u00f3n palmera conoce bien.<\/p>\n\n\n\n<h3 class=\"wp-block-heading\">2.2. La Paradoja del Vertido y el Freno a las Renovables<\/h3>\n\n\n\n<p class=\"wp-block-paragraph\">Aqu\u00ed reside la gran tragedia del modelo actual. La Palma tiene sol y viento de sobra, pero no puede aprovecharlos plenamente. Cuando la producci\u00f3n e\u00f3lica o solar aumenta, los operadores de la red se ven obligados a \u00abtirar\u00bb esa energ\u00eda (curtailment) porque no pueden apagar los motores di\u00e9sel. Los motores tienen un \u00abm\u00ednimo t\u00e9cnico\u00bb; si bajan de cierta potencia, se vuelven inestables o sufren aver\u00edas. Adem\u00e1s, si se apagaran todos, la red perder\u00eda su referencia de frecuencia y colapsar\u00eda.<\/p>\n\n\n\n<p class=\"wp-block-paragraph\">El resultado es que, en d\u00edas ventosos y soleados, los aerogeneradores se frenan y los paneles se desconectan mientras se sigue quemando combustible f\u00f3sil para mantener la estabilidad. Es un desperdicio econ\u00f3mico y ambiental insostenible. El dise\u00f1o que proponemos a continuaci\u00f3n rompe este c\u00edrculo vicioso mediante tres pilares: almacenamiento masivo (agua), respuesta r\u00e1pida (bater\u00edas) y estabilidad artificial (compensadores s\u00edncronos).<\/p>\n\n\n\n<h3 class=\"wp-block-heading\">2.3. Tabla de Par\u00e1metros Cr\u00edticos del Sistema Actual<\/h3>\n\n\n\n<figure class=\"wp-block-table\"><table class=\"has-fixed-layout\"><tbody><tr><td><strong>Indicador<\/strong><\/td><td><strong>Valor Aproximado<\/strong><\/td><td><strong>Implicaci\u00f3n para el Dise\u00f1o Renovable<\/strong><\/td><\/tr><tr><td><strong>Demanda Punta<\/strong><\/td><td>45 &#8211; 50 MW<\/td><td>La nueva central debe ser capaz de cubrir el 100% de este valor por s\u00ed sola en caso de emergencia.<\/td><\/tr><tr><td><strong>Demanda Valle<\/strong><\/td><td>18 &#8211; 20 MW<\/td><td>El sistema debe ser capaz de operar de forma estable a muy baja carga durante la madrugada.<\/td><\/tr><tr><td><strong>Penetraci\u00f3n Renovable<\/strong><\/td><td>~10-15% (Hist\u00f3rico)<\/td><td>Margen de crecimiento inmenso; el objetivo es llegar al 100% t\u00e9cnico.<\/td><\/tr><tr><td><strong>Dependencia F\u00f3sil<\/strong><\/td><td>&gt; 90%<\/td><td>Vulnerabilidad total a precios del petr\u00f3leo y log\u00edstica mar\u00edtima.<\/td><\/tr><tr><td><strong>Estabilidad<\/strong><\/td><td>Baja (Poca inercia)<\/td><td>Necesidad cr\u00edtica de a\u00f1adir inercia mediante compensadores o hidroel\u00e9ctrica.<\/td><\/tr><\/tbody><\/table><\/figure>\n\n\n\n<h2 class=\"wp-block-heading\">3. El Coraz\u00f3n Hidr\u00e1ulico: Reingenier\u00eda para la Flexibilidad (5&#215;10 MW)<\/h2>\n\n\n\n<p class=\"wp-block-paragraph\">La propuesta central para descarbonizar la isla se basa en el almacenamiento hidr\u00e1ulico: utilizar el agua como una bater\u00eda gigante. Sin embargo, diferimos de las propuestas t\u00e9cnicas est\u00e1ndar que suelen sugerir pocas m\u00e1quinas de gran tama\u00f1o (por ejemplo, 2 turbinas de 25 MW). Para una isla compleja y peque\u00f1a como La Palma, la fuerza bruta no es la respuesta; la respuesta es la flexibilidad. Por ello, proponemos una <strong>Central Hidroel\u00e9ctrica de Bombeo Reversible (CHBR) equipada con 5 grupos de 10 MW cada uno<\/strong>.<\/p>\n\n\n\n<h3 class=\"wp-block-heading\">3.1. Por qu\u00e9 5 Grupos de 10 MW son Superiores a 2 de 25 MW<\/h3>\n\n\n\n<p class=\"wp-block-paragraph\">La ingenier\u00eda de sistemas aislados es un arte de precisi\u00f3n. Instalar dos grandes turbinas de 25 MW ser\u00eda como intentar tallar un diamante con un martillo pil\u00f3n. Si la demanda de la isla cae a 20 MW por la noche, una turbina de 25 MW tendr\u00eda que operar a carga parcial, perdiendo eficiencia y sufriendo mayor desgaste mec\u00e1nico (cavitaci\u00f3n, vibraciones). Si esa \u00fanica m\u00e1quina fallara, la isla perder\u00eda instant\u00e1neamente el 50% de su capacidad de generaci\u00f3n.<\/p>\n\n\n\n<p class=\"wp-block-paragraph\">La configuraci\u00f3n de <strong>5 grupos de 10 MW<\/strong> ofrece ventajas operativas decisivas que se alinean con un enfoque elegante y resiliente:<\/p>\n\n\n\n<ol class=\"wp-block-list\">\n<li><strong>Eficiencia en Todo el Rango:<\/strong> Podemos encender 1, 2, 3, 4 o 5 m\u00e1quinas seg\u00fan la demanda exacta. Si la isla consume 28 MW, encendemos tres m\u00e1quinas a plena carga (30 MW) o las ajustamos para operar en su punto \u00f3ptimo de rendimiento. Nunca estamos obligados a operar una m\u00e1quina gigante a un rendimiento pobre.<\/li>\n\n\n\n<li><strong>Seguridad N-1 Robusta:<\/strong> Si un grupo de 10 MW falla o entra en revisi\u00f3n, la central retiene el 80% de su capacidad (40 MW), lo cual es suficiente para cubrir la gran mayor\u00eda de las horas del a\u00f1o. La p\u00e9rdida de una unidad es un incidente menor, no una crisis sist\u00e9mica.<\/li>\n\n\n\n<li><strong>Suavidad en la Red:<\/strong> Arrancar una m\u00e1quina de 25 MW provoca un \u00abgolpe\u00bb de tensi\u00f3n en la red; arrancar una de 10 MW es mucho m\u00e1s suave. En un sistema d\u00e9bil como el de La Palma, esta delicadeza es vital para no perturbar la calidad del suministro a los vecinos.<\/li>\n\n\n\n<li><strong>Mantenimiento Escalonado:<\/strong> Se pueden rotar las m\u00e1quinas para mantenimiento sin detener la planta, asegurando una disponibilidad perpetua, algo cr\u00edtico cuando se pretende que esta sea la fuente principal de energ\u00eda.<\/li>\n<\/ol>\n\n\n\n<h3 class=\"wp-block-heading\">3.2. La Laguna de Barlovento: Revalorizando el Patrimonio Hidr\u00e1ulico<\/h3>\n\n\n\n<p class=\"wp-block-paragraph\">El proyecto se ancla en el aprovechamiento de la <strong><a href=\"https:\/\/visitlapalma.es\/municipios\/barlovento\/\">Laguna de Barlovento<\/a><\/strong> como dep\u00f3sito superior. Esta infraestructura, con una capacidad nominal superior a los 3 hm\u00b3 (aunque operativamente limitada a menudo a 1,7-2 hm\u00b3), es el gran \u00abtanque de combustible\u00bb renovable de la isla. Situada a una cota de 600 metros sobre el nivel del mar, ofrece un salto hidr\u00e1ulico excepcional.<\/p>\n\n\n\n<p class=\"wp-block-paragraph\">La f\u00edsica es clara: la energ\u00eda potencial depende de la altura y el volumen. Con un salto de 600 metros, cada metro c\u00fabico de agua almacena una cantidad inmensa de energ\u00eda. Para lograr una autonom\u00eda estrat\u00e9gica de <strong>16 horas a plena potencia (50 MW)<\/strong>, necesitamos almacenar unos <strong>800 MWh<\/strong>. Esto requiere movilizar c\u00edclicamente apenas <strong>0,55 hm\u00b3<\/strong> de agua entre el dep\u00f3sito superior y el inferior.<\/p>\n\n\n\n<p class=\"wp-block-paragraph\">Este volumen es perfectamente compatible con el uso agr\u00edcola de la Laguna. De hecho, el proyecto energ\u00e9tico financiar\u00e1 la necesaria <strong>impermeabilizaci\u00f3n integral<\/strong> de la Laguna de Barlovento, solucionando sus problemas hist\u00f3ricos de fugas. La central no compite con los agricultores; se convierte en su mejor aliada, garantizando que el embalse est\u00e9 siempre mantenido y operativo, y proporcionando energ\u00eda barata para elevar agua de cotas bajas o desalarla si fuera necesario.<\/p>\n\n\n\n<h3 class=\"wp-block-heading\">3.3. El Dep\u00f3sito Inferior y el Ciclo del Agua<\/h3>\n\n\n\n<p class=\"wp-block-paragraph\">Para cerrar el circuito, se propone la construcci\u00f3n de una balsa de regulaci\u00f3n en cota baja (cercana a la costa, pero no en el mar) o la ampliaci\u00f3n t\u00e9cnica del sistema de balsas de Adeyahamen-Bediesta si la orograf\u00eda lo permite. Se descarta el uso directo de agua de mar para evitar la corrosi\u00f3n de los equipos y, sobre todo, para eliminar cualquier riesgo de salinizaci\u00f3n de las tierras agr\u00edcolas de Barlovento en caso de filtraciones en el dep\u00f3sito superior. El sistema operar\u00e1 con agua dulce en un circuito cerrado, minimizando la evaporaci\u00f3n y maximizando cada gota.<\/p>\n\n\n\n<figure class=\"wp-block-image size-full\"><img loading=\"lazy\" decoding=\"async\" width=\"1024\" height=\"572\" src=\"https:\/\/saltoecologico.es\/wp-content\/uploads\/2026\/02\/La-Palma.jpg\" alt=\"La hoja de Ruta\" class=\"wp-image-1220\" srcset=\"https:\/\/saltoecologico.es\/wp-content\/uploads\/2026\/02\/La-Palma.jpg 1024w, https:\/\/saltoecologico.es\/wp-content\/uploads\/2026\/02\/La-Palma-300x168.jpg 300w, https:\/\/saltoecologico.es\/wp-content\/uploads\/2026\/02\/La-Palma-768x429.jpg 768w, https:\/\/saltoecologico.es\/wp-content\/uploads\/2026\/02\/La-Palma-752x420.jpg 752w, https:\/\/saltoecologico.es\/wp-content\/uploads\/2026\/02\/La-Palma-150x84.jpg 150w, https:\/\/saltoecologico.es\/wp-content\/uploads\/2026\/02\/La-Palma-696x389.jpg 696w\" sizes=\"auto, (max-width: 1024px) 100vw, 1024px\" \/><\/figure>\n\n\n\n<h2 class=\"wp-block-heading\">4. La Columna Vertebral de la Estabilidad: Compensadores S\u00edncronos<\/h2>\n\n\n\n<p class=\"wp-block-paragraph\">La transici\u00f3n energ\u00e9tica a menudo olvida un detalle invisible: la estabilidad electromec\u00e1nica. Los paneles solares y los aerogeneradores modernos se conectan a la red a trav\u00e9s de electr\u00f3nica de potencia (inversores). Son equipos \u00abligeros\u00bb digitalmente hablando; no tienen peso f\u00edsico. Si apagamos la t\u00e9rmica de Los Guinchos y nos quedamos solo con renovables e inversores, la red se vuelve \u00abblanda\u00bb. Ante un cortocircuito, no hay fuerza suficiente para disparar los fusibles de protecci\u00f3n; ante una ca\u00edda de carga, la frecuencia vuela sin control.<\/p>\n\n\n\n<p class=\"wp-block-paragraph\">Aqu\u00ed introducimos la segunda gran modificaci\u00f3n al dise\u00f1o est\u00e1ndar: la incorporaci\u00f3n de <strong>Compensadores S\u00edncronos<\/strong>.<\/p>\n\n\n\n<h3 class=\"wp-block-heading\">4.1. \u00bfQu\u00e9 son y por qu\u00e9 son imprescindibles?<\/h3>\n\n\n\n<p class=\"wp-block-paragraph\">Un compensador s\u00edncrono es, en esencia, un generador cl\u00e1sico (como los de una t\u00e9rmica) pero sin turbina que lo mueva. Es un gran motor el\u00e9ctrico que gira \u00aben vac\u00edo\u00bb, conectado a la red, consumiendo una cantidad \u00ednfima de energ\u00eda para mantenerse rodando. Su funci\u00f3n no es producir vatios, sino aportar <strong>inercia<\/strong> y <strong>fuerza<\/strong>.<\/p>\n\n\n\n<p class=\"wp-block-paragraph\">En el dise\u00f1o para La Palma, estos equipos son los encargados de dotar a la red 100% renovable de la solidez de una red convencional. Sus ventajas son insustituibles:<\/p>\n\n\n\n<ol class=\"wp-block-list\">\n<li><strong>Inercia Real (No Simulada):<\/strong> Aportan una masa rotante f\u00edsica que se opone instant\u00e1neamente a los cambios de frecuencia. Si falla un parque e\u00f3lico, la inercia del compensador entrega energ\u00eda cin\u00e9tica almacenada en su rotor de forma inmediata, frenando la ca\u00edda del sistema antes de que act\u00faen las bater\u00edas. Es la primera l\u00ednea de defensa f\u00edsica.<\/li>\n\n\n\n<li><strong>Corriente de Cortocircuito:<\/strong> Tienen la capacidad de inyectar corrientes muy altas (3 a 5 veces su nominal) en milisegundos si hay una aver\u00eda en una l\u00ednea. Esto es vital para que las protecciones de la red \u00abvean\u00bb el fallo y lo a\u00edslen. Sin ellos, en una red 100% solar, un cortocircuito podr\u00eda pasar desapercibido para las protecciones, causando incendios o da\u00f1os catastr\u00f3ficos a los equipos.<\/li>\n\n\n\n<li><strong>Control de Tensi\u00f3n:<\/strong> Act\u00faan como estabilizadores de voltaje din\u00e1micos, absorbiendo o inyectando reactiva para mantener el voltaje estable en los extremos de la red, algo crucial en la geograf\u00eda alargada de la isla.<\/li>\n<\/ol>\n\n\n\n<h3 class=\"wp-block-heading\">4.2. Ubicaci\u00f3n Estrat\u00e9gica<\/h3>\n\n\n\n<p class=\"wp-block-paragraph\">Se propone la instalaci\u00f3n de dos unidades de compensadores s\u00edncronos en nodos cr\u00edticos de la red de 66 kV:<\/p>\n\n\n\n<ol class=\"wp-block-list\">\n<li><strong>Subestaci\u00f3n de Los Guinchos:<\/strong> Para mantener la fortaleza del nodo principal de la isla y facilitar la transici\u00f3n desde la t\u00e9rmica.<\/li>\n\n\n\n<li><strong>Subestaci\u00f3n del Valle de Aridane o Fuencaliente:<\/strong> Para dar soporte de tensi\u00f3n en la zona de mayor consumo tur\u00edstico y agr\u00edcola, y cerrar el anillo de estabilidad.<\/li>\n<\/ol>\n\n\n\n<p class=\"wp-block-paragraph\">Estos equipos son la garant\u00eda de que, aunque la energ\u00eda venga del sol y el viento, la calidad de la onda el\u00e9ctrica sea perfecta, protegiendo los electrodom\u00e9sticos de los ciudadanos y la maquinaria industrial sensible.<\/p>\n\n\n\n<figure class=\"wp-block-image size-full\"><img loading=\"lazy\" decoding=\"async\" width=\"1024\" height=\"572\" src=\"https:\/\/saltoecologico.es\/wp-content\/uploads\/2026\/02\/La-Palma-1.jpg\" alt=\"La hoja de Ruta\" class=\"wp-image-1221\" srcset=\"https:\/\/saltoecologico.es\/wp-content\/uploads\/2026\/02\/La-Palma-1.jpg 1024w, https:\/\/saltoecologico.es\/wp-content\/uploads\/2026\/02\/La-Palma-1-300x168.jpg 300w, https:\/\/saltoecologico.es\/wp-content\/uploads\/2026\/02\/La-Palma-1-768x429.jpg 768w, https:\/\/saltoecologico.es\/wp-content\/uploads\/2026\/02\/La-Palma-1-752x420.jpg 752w, https:\/\/saltoecologico.es\/wp-content\/uploads\/2026\/02\/La-Palma-1-150x84.jpg 150w, https:\/\/saltoecologico.es\/wp-content\/uploads\/2026\/02\/La-Palma-1-696x389.jpg 696w\" sizes=\"auto, (max-width: 1024px) 100vw, 1024px\" \/><\/figure>\n\n\n\n<h2 class=\"wp-block-heading\">5. El Sistema Nervioso: Bater\u00edas y Tecnolog\u00eda Grid-Forming<\/h2>\n\n\n\n<p class=\"wp-block-paragraph\">Si la hidr\u00e1ulica es el m\u00fasculo y los compensadores son el esqueleto, las bater\u00edas (BESS) son el sistema nervioso de respuesta r\u00e1pida. Proponemos mantener el dimensionamiento de <strong>40 MW \/ 80 MWh<\/strong>, pero con una inteligencia distribuida y tecnolog\u00eda de vanguardia.<\/p>\n\n\n\n<h3 class=\"wp-block-heading\">5.1. Tecnolog\u00eda \u00abGrid-Forming\u00bb (Formadores de Red)<\/h3>\n\n\n\n<p class=\"wp-block-paragraph\">No sirve cualquier bater\u00eda. Las bater\u00edas convencionales \u00absiguen\u00bb a la red (grid-following); necesitan que alguien m\u00e1s marque el ritmo (la frecuencia). Para una La Palma aut\u00f3noma, necesitamos bater\u00edas que <strong>creen<\/strong> la red (grid-forming). Estos inversores avanzados generan su propia onda de tensi\u00f3n y frecuencia, permitiendo que la isla funcione incluso si la central hidr\u00e1ulica y los compensadores est\u00e1n parados (por ejemplo, tras un apag\u00f3n total).<\/p>\n\n\n\n<p class=\"wp-block-paragraph\">Esta capacidad de <strong>Black Start<\/strong> (arranque en negro) es fundamental. Si ocurre un apag\u00f3n total, las bater\u00edas Grid-Forming son las primeras en despertar, energizando las l\u00edneas para que luego puedan arrancar los compensadores s\u00edncronos y, finalmente, bombear agua o arrancar las turbinas hidr\u00e1ulicas.<\/p>\n\n\n\n<h3 class=\"wp-block-heading\">5.2. Distribuci\u00f3n \u00abAcupuntural\u00bb de las Bater\u00edas<\/h3>\n\n\n\n<p class=\"wp-block-paragraph\">En lugar de una macro-bater\u00eda centralizada, proponemos distribuir estos 40 MW en tres nodos estrat\u00e9gicos para maximizar la resiliencia local. Es una estrategia de acupuntura energ\u00e9tica: aplicar la soluci\u00f3n justo donde la red tiene \u00abdolor\u00bb.<\/p>\n\n\n\n<figure class=\"wp-block-table\"><table class=\"has-fixed-layout\"><tbody><tr><td><strong>Nodo Estrat\u00e9gico<\/strong><\/td><td><strong>Ubicaci\u00f3n<\/strong><\/td><td><strong>Potencia \/ Energ\u00eda<\/strong><\/td><td><strong>Misi\u00f3n T\u00e9cnica y Social<\/strong><\/td><\/tr><tr><td><strong>Nodo 1: El Ancla<\/strong><\/td><td>S.E. Los Guinchos<\/td><td>20 MW \/ 40 MWh<\/td><td>Sustituir la regulaci\u00f3n primaria de los motores di\u00e9sel y servir de base para el arranque del sistema.<\/td><\/tr><tr><td><strong>Nodo 2: El Renacer<\/strong><\/td><td>S.E. Las Bre\u00f1as (Oeste)<\/td><td>10 MW \/ 20 MWh<\/td><td>Estabilizar el Valle de Aridane, zona castigada por el volc\u00e1n, garantizando calidad de suministro local.<\/td><\/tr><tr><td><strong>Nodo 3: El Cierre<\/strong><\/td><td>S.E. Fuencaliente (Sur)<\/td><td>10 MW \/ 20 MWh<\/td><td>Gestionar la fluctuaci\u00f3n de los parques e\u00f3licos del sur y estabilizar el anillo de 66 kV.<\/td><\/tr><\/tbody><\/table><\/figure>\n\n\n\n<p class=\"wp-block-paragraph\">Esta distribuci\u00f3n asegura que, si una l\u00ednea de alta tensi\u00f3n se cae, las zonas aisladas pueden seguir teniendo soporte temporal, aumentando la supervivencia del suministro en barrios y municipios.<\/p>\n\n\n\n<figure class=\"wp-block-image size-full\"><img loading=\"lazy\" decoding=\"async\" width=\"1024\" height=\"572\" src=\"https:\/\/saltoecologico.es\/wp-content\/uploads\/2026\/02\/La-Palma-2.jpg\" alt=\"La hoja de Ruta\" class=\"wp-image-1222\" srcset=\"https:\/\/saltoecologico.es\/wp-content\/uploads\/2026\/02\/La-Palma-2.jpg 1024w, https:\/\/saltoecologico.es\/wp-content\/uploads\/2026\/02\/La-Palma-2-300x168.jpg 300w, https:\/\/saltoecologico.es\/wp-content\/uploads\/2026\/02\/La-Palma-2-768x429.jpg 768w, https:\/\/saltoecologico.es\/wp-content\/uploads\/2026\/02\/La-Palma-2-752x420.jpg 752w, https:\/\/saltoecologico.es\/wp-content\/uploads\/2026\/02\/La-Palma-2-150x84.jpg 150w, https:\/\/saltoecologico.es\/wp-content\/uploads\/2026\/02\/La-Palma-2-696x389.jpg 696w\" sizes=\"auto, (max-width: 1024px) 100vw, 1024px\" \/><\/figure>\n\n\n\n<h2 class=\"wp-block-heading\">6. La Nueva Generaci\u00f3n: Cosechando los Elementos<\/h2>\n\n\n\n<p class=\"wp-block-paragraph\">Con el sistema de almacenamiento y estabilidad definido, podemos dimensionar con generosidad las fuentes de energ\u00eda renovable. El objetivo es cubrir una demanda futura estimada en 350-380 GWh anuales, anticipando la electrificaci\u00f3n del transporte y la desalinizaci\u00f3n de agua.<\/p>\n\n\n\n<h3 class=\"wp-block-heading\">6.1. Energ\u00eda Solar Fotovoltaica: El Motor Diurno<\/h3>\n\n\n\n<p class=\"wp-block-paragraph\">El sol es el recurso m\u00e1s democr\u00e1tico de La Palma. Se propone alcanzar los <strong>70 MWp<\/strong> de potencia instalada, donde se contemple las plantas fotovoltaicas grandes, los autoconsumos y las comunidades energ\u00e9ticas.<\/p>\n\n\n\n<h3 class=\"wp-block-heading\">6.2. Energ\u00eda E\u00f3lica: El Guardi\u00e1n Nocturno<\/h3>\n\n\n\n<p class=\"wp-block-paragraph\">El viento alisio es la constante vital de Canarias.<\/p>\n\n\n\n<ul class=\"wp-block-list\">\n<li><strong>Repotenciaci\u00f3n Terrestre (40 MW):<\/strong> Sustituir los viejos molinos peque\u00f1os por m\u00e1quinas modernas, m\u00e1s potentes y silenciosas, reduciendo el n\u00famero total de aerogeneradores en el paisaje pero aumentando la producci\u00f3n.<\/li>\n\n\n\n<li><strong>E\u00f3lica Marina (35 MW):<\/strong> La Palma mira al mar. Un parque flotante experimental aprovechar\u00eda el recurso e\u00f3lico superior y constante del oc\u00e9ano, actuando como carga base y reduciendo la presi\u00f3n visual en tierra. Esta diversificaci\u00f3n es clave: cuando no hay viento en tierra, a menudo lo hay en el mar.<\/li>\n<\/ul>\n\n\n\n<figure class=\"wp-block-image size-full\"><img loading=\"lazy\" decoding=\"async\" width=\"1024\" height=\"572\" src=\"https:\/\/saltoecologico.es\/wp-content\/uploads\/2026\/02\/La-Palma-3.jpg\" alt=\"La hoja de Ruta\" class=\"wp-image-1223\" srcset=\"https:\/\/saltoecologico.es\/wp-content\/uploads\/2026\/02\/La-Palma-3.jpg 1024w, https:\/\/saltoecologico.es\/wp-content\/uploads\/2026\/02\/La-Palma-3-300x168.jpg 300w, https:\/\/saltoecologico.es\/wp-content\/uploads\/2026\/02\/La-Palma-3-768x429.jpg 768w, https:\/\/saltoecologico.es\/wp-content\/uploads\/2026\/02\/La-Palma-3-752x420.jpg 752w, https:\/\/saltoecologico.es\/wp-content\/uploads\/2026\/02\/La-Palma-3-150x84.jpg 150w, https:\/\/saltoecologico.es\/wp-content\/uploads\/2026\/02\/La-Palma-3-696x389.jpg 696w\" sizes=\"auto, (max-width: 1024px) 100vw, 1024px\" \/><\/figure>\n\n\n\n<h2 class=\"wp-block-heading\">7. La Central de Los Guinchos: De la Carga Base a la Reserva Estrat\u00e9gica<\/h2>\n\n\n\n<p class=\"wp-block-paragraph\">En esta visi\u00f3n de futuro, la Central T\u00e9rmica de Los Guinchos no se desmantela ni se demoniza; se transforma. Pasa de ser el actor principal que trabaja 24 horas al d\u00eda, emitiendo CO2 constantemente, a convertirse en un <strong>Reserva Estrat\u00e9gica de Garant\u00eda<\/strong>.<\/p>\n\n\n\n<h3 class=\"wp-block-heading\">7.1. El Concepto de Seguridad \u00daltima<\/h3>\n\n\n\n<p class=\"wp-block-paragraph\">La transici\u00f3n a un modelo 100% renovable conlleva riesgos estad\u00edsticos, como los periodos de calma e\u00f3lica y cielos cubiertos que duran varios d\u00edas (<em>Dunkelflaute<\/em>). Aunque la central hidr\u00e1ulica tiene 16 horas de autonom\u00eda, \u00bfqu\u00e9 pasa si la calma dura 3 d\u00edas?<\/p>\n\n\n\n<p class=\"wp-block-paragraph\">Aqu\u00ed es donde Los Guinchos juega su nuevo papel. La central quedar\u00e1 en modo de espera, con sus tanques llenos y sus m\u00e1quinas mantenidas, lista para arrancar solo en situaciones de emergencia extrema o fallo catastr\u00f3fico del sistema renovable.<\/p>\n\n\n\n<ul class=\"wp-block-list\">\n<li><strong>Seguridad Psicol\u00f3gica y Real:<\/strong> Saber que existe un respaldo f\u00f3sil permite operar el sistema renovable al l\u00edmite de su eficiencia sin miedo al apag\u00f3n.<\/li>\n\n\n\n<li><strong>Transici\u00f3n Justa:<\/strong> Permite mantener el empleo t\u00e9cnico cualificado en la central, reorientando las tareas hacia el mantenimiento de la disponibilidad y la operaci\u00f3n de los nuevos compensadores s\u00edncronos ubicados en el mismo recinto.<\/li>\n\n\n\n<li><strong>Coste Eficiente:<\/strong> Es mucho m\u00e1s barato mantener una central amortizada parada que sobredimensionar las bater\u00edas para eventos que ocurren una vez al a\u00f1o. Los Guinchos ser\u00e1 el \u00abcintur\u00f3n de seguridad\u00bb: esperamos no usarlo nunca, pero es vital tenerlo abrochado.<\/li>\n<\/ul>\n\n\n\n<h2 class=\"wp-block-heading\">8. Impacto Humano, Social y Paisaj\u00edstico<\/h2>\n\n\n\n<p class=\"wp-block-paragraph\">La ingenier\u00eda que proponemos no es un fin en s\u00ed misma, sino un medio para mejorar la vida en La Palma.<\/p>\n\n\n\n<h3 class=\"wp-block-heading\">8.1. Democratizaci\u00f3n y Comunidad<\/h3>\n\n\n\n<p class=\"wp-block-paragraph\">Este modelo rompe con el esquema vertical de la energ\u00eda. Las comunidades energ\u00e9ticas y el autoconsumo convierten a cada palmero en un actor del sistema. La energ\u00eda deja de ser una factura misteriosa para convertirse en un recurso gestionado localmente, generando orgullo de pertenencia y conciencia de ahorro.<\/p>\n\n\n\n<h3 class=\"wp-block-heading\">8.2. Est\u00e9tica y Silencio<\/h3>\n\n\n\n<p class=\"wp-block-paragraph\">La mayor transformaci\u00f3n ser\u00e1 sensorial. Al apagar los motores di\u00e9sel de funcionamiento continuo, el ruido de fondo industrial desaparecer\u00e1 de las cercan\u00edas de la capital. La central hidroel\u00e9ctrica, con sus conducciones soterradas y sus edificios integrados en piedra volc\u00e1nica y cubiertas vegetales, ser\u00e1 una infraestructura silenciosa y discreta. Los compensadores s\u00edncronos, m\u00e1quinas rotativas cerradas, operan con un zumbido apenas perceptible comparado con la explosi\u00f3n de los pistones di\u00e9sel.<\/p>\n\n\n\n<h3 class=\"wp-block-heading\">8.3. Soberan\u00eda H\u00eddrica<\/h3>\n\n\n\n<p class=\"wp-block-paragraph\">El nexo agua-energ\u00eda es vital. La inversi\u00f3n en la Laguna de Barlovento y las nuevas conducciones mejorar\u00e1 la garant\u00eda de agua para el campo palmero. La energ\u00eda renovable barata permitir\u00e1 desalar agua sin culpa clim\u00e1tica, asegurando el futuro del pl\u00e1tano y el aguacate frente a las sequ\u00edas. Es un pacto de solidaridad entre el sector energ\u00e9tico y el agr\u00edcola.<\/p>\n\n\n\n<h2 class=\"wp-block-heading\">9. Hoja de Ruta para la Ejecuci\u00f3n<\/h2>\n\n\n\n<p class=\"wp-block-paragraph\">La transformaci\u00f3n es urgente, pero debe ser ordenada. Proponemos una secuencia l\u00f3gica de implementaci\u00f3n:<\/p>\n\n\n\n<ol class=\"wp-block-list\">\n<li><strong>Fase 1: Refuerzo Inmediato (A\u00f1os 1-2).<\/strong> Instalaci\u00f3n de los Compensadores S\u00edncronos y las Bater\u00edas (Nodos 1, 2 y 3). Esto estabilizar\u00e1 la red actual inmediatamente, permitiendo integrar m\u00e1s renovables existentes y reduciendo los apagones incluso antes de que llegue la hidr\u00e1ulica. Declaraci\u00f3n del proyecto como de Inter\u00e9s General para agilizar tr\u00e1mites.<\/li>\n\n\n\n<li><strong>Fase 2: Infraestructura Hidr\u00e1ulica (A\u00f1os 2-5).<\/strong> Obras de impermeabilizaci\u00f3n de la Laguna de Barlovento y construcci\u00f3n de la tuber\u00eda forzada y la central de 5&#215;10 MW. Es la obra civil m\u00e1s compleja y requiere tiempo.<\/li>\n\n\n\n<li><strong>Fase 3: Despliegue de Generaci\u00f3n (A\u00f1os 2-6).<\/strong> Instalaci\u00f3n progresiva de fotovoltaica en techos y repotenciaci\u00f3n e\u00f3lica, acompasada con la capacidad de almacenamiento para evitar vertidos.<\/li>\n\n\n\n<li><strong>Fase 4: Transici\u00f3n a Reserva (A\u00f1o 6).<\/strong> Una vez probada la central hidr\u00e1ulica, Los Guinchos pasa oficialmente a estado de reserva fr\u00eda. La Palma opera ya al 100% renovable en condiciones normales.<\/li>\n<\/ol>\n\n\n\n<h2 class=\"wp-block-heading\">10. Conclusi\u00f3n: Un Legado de Responsabilidad<\/h2>\n\n\n\n<p class=\"wp-block-paragraph\">La propuesta t\u00e9cnica detallada en este informe \u2014con sus 5 turbinas flexibles, sus compensadores s\u00edncronos robustos, sus bater\u00edas inteligentes y su reserva estrat\u00e9gica\u2014 no es una carta a los Reyes Magos; es un proyecto de ingenier\u00eda maduro, calculado y necesario.<\/p>\n\n\n\n<p class=\"wp-block-paragraph\">La Palma tiene la oportunidad de convertirse en un faro global. No solo por ser la primera isla en descarbonizarse, sino por hacerlo con un modelo que respeta su orograf\u00eda, integra a su gente y valora su seguridad. Transformar la fuerza del viento y el agua en luz es el homenaje m\u00e1s hermoso que podemos rendir a esta tierra volc\u00e1nica. Es hora de que la Isla Bonita sea tambi\u00e9n la Isla Soberana, due\u00f1a de su propio futuro, libre de humos y llena de energ\u00eda limpia. El camino est\u00e1 trazado; solo falta la voluntad de recorrerlo juntos.<\/p>\n\n\n\n<h3 class=\"wp-block-heading\">Anexo T\u00e9cnico: Resumen de Infraestructuras Clave<\/h3>\n\n\n\n<figure class=\"wp-block-table\"><table class=\"has-fixed-layout\"><tbody><tr><td><strong>Infraestructura<\/strong><\/td><td><strong>Especificaci\u00f3n T\u00e9cnica<\/strong><\/td><td><strong>Funci\u00f3n en el Sistema<\/strong><\/td><\/tr><tr><td><strong>Central Hidroel\u00e9ctrica (CHBR)<\/strong><\/td><td><strong>5 grupos x 10 MW<\/strong> (Turbinaci\u00f3n) &nbsp; 60 MW (Bombeo Variable) &nbsp; 800 MWh Almacenamiento<\/td><td>Balance energ\u00e9tico horario, seguimiento de carga flexible, absorci\u00f3n de excedentes solares.<\/td><\/tr><tr><td><strong>Compensadores S\u00edncronos<\/strong><\/td><td><strong>2 Unidades<\/strong> (Alta Inercia)<\/td><td>Inercia f\u00edsica instant\u00e1nea, corriente de cortocircuito, estabilidad de tensi\u00f3n.<\/td><\/tr><tr><td><strong>Bater\u00edas (BESS)<\/strong><\/td><td><strong>40 MW \/ 80 MWh<\/strong> <strong>&nbsp;<\/strong> Tecnolog\u00eda Grid-Forming<\/td><td>Respuesta r\u00e1pida (&lt;100ms), inercia sint\u00e9tica, arranque en negro (Black Start).<\/td><\/tr><tr><td><strong>Generaci\u00f3n Solar<\/strong><\/td><td><strong>70 MWp<\/strong><\/td><td>Fuente primaria diurna para carga de bombeo y consumo directo.<\/td><\/tr><tr><td><strong>Generaci\u00f3n E\u00f3lica<\/strong><\/td><td><strong>40 MW (Tierra) + 35 MW (Mar)<\/strong><\/td><td>Fuente primaria nocturna y d\u00edas nublados.<\/td><\/tr><tr><td><strong>Central Los Guinchos<\/strong><\/td><td><strong>Reserva Estrat\u00e9gica<\/strong><\/td><td>Garant\u00eda de suministro ante eventos catastr\u00f3ficos o <em>Dunkelflaute<\/em> prolongado.<\/td><\/tr><\/tbody><\/table><\/figure>\n\n\n\n<hr class=\"wp-block-separator has-alpha-channel-opacity\"\/>\n\n\n\n<p class=\"wp-block-paragraph\"><em>Este informe ha sido elaborado integrando las mejores pr\u00e1cticas de ingenier\u00eda de sistemas aislados, adaptando las soluciones a la singularidad de La Palma para garantizar un futuro sostenible, seguro y profundamente humano.<\/em><\/p>\n\n\n\n<figure class=\"wp-block-embed is-type-video is-provider-youtube wp-block-embed-youtube wp-embed-aspect-16-9 wp-has-aspect-ratio\"><div class=\"wp-block-embed__wrapper\">\n<iframe loading=\"lazy\" hcb-fetch-image-from=\"https:\/\/youtu.be\/BehCQvY9Rig\" title=\"La Palma  Renacimiento\" width=\"696\" height=\"392\" src=\"https:\/\/www.youtube.com\/embed\/BehCQvY9Rig?feature=oembed\" frameborder=\"0\" allow=\"accelerometer; autoplay; clipboard-write; encrypted-media; gyroscope; picture-in-picture; web-share\" referrerpolicy=\"strict-origin-when-cross-origin\" allowfullscreen><\/iframe>\n<\/div><\/figure>\n","protected":false},"excerpt":{"rendered":"<p>1. El Alma de la Isla y el Imperativo de la Luz La Palma no es simplemente un territorio geogr\u00e1fico anclado en las aguas profundas del Atl\u00e1ntico; es un organismo vivo, una entidad que respira a trav\u00e9s de sus bosques de laurisilva y exhala por las grietas de sus volcanes recientes. Conocida universalmente como la [&hellip;]<\/p>\n","protected":false},"author":1,"featured_media":1224,"comment_status":"open","ping_status":"open","sticky":false,"template":"","format":"standard","meta":{"footnotes":""},"categories":[55],"tags":[],"class_list":["post-1219","post","type-post","status-publish","format-standard","has-post-thumbnail","category-general"],"yoast_head":"<!-- This site is optimized with the Yoast SEO plugin v28.2 - https:\/\/yoast.com\/product\/yoast-seo-wordpress\/ -->\n<title>La Hoja de Ruta para la &quot;Isla Bonita&quot; - Salto Ecol\u00f3gico<\/title>\n<meta name=\"description\" content=\"La hoja de ruta para la &quot;Isla Bonita&quot; no solo es un informe t\u00e9cnico, es una propuesta de soberan\u00eda energ\u00e9tica para una isla soberana.\" \/>\n<meta name=\"robots\" content=\"index, follow, max-snippet:-1, max-image-preview:large, max-video-preview:-1\" \/>\n<link rel=\"canonical\" href=\"https:\/\/saltoecologico.es\/index.php\/2026\/02\/04\/la-hoja-de-ruta\/\" \/>\n<meta property=\"og:locale\" content=\"es_ES\" \/>\n<meta property=\"og:type\" content=\"article\" \/>\n<meta property=\"og:title\" content=\"La Hoja de Ruta para la &quot;Isla Bonita&quot; - Salto Ecol\u00f3gico\" \/>\n<meta property=\"og:description\" content=\"La hoja de ruta para la &quot;Isla Bonita&quot; no solo es un informe t\u00e9cnico, es una propuesta de soberan\u00eda energ\u00e9tica para una isla soberana.\" \/>\n<meta property=\"og:url\" content=\"https:\/\/saltoecologico.es\/index.php\/2026\/02\/04\/la-hoja-de-ruta\/\" \/>\n<meta property=\"og:site_name\" content=\"Salto Ecol\u00f3gico\" \/>\n<meta property=\"article:publisher\" content=\"https:\/\/www.facebook.com\/Saltotransicionecologica\" \/>\n<meta property=\"article:published_time\" content=\"2026-02-04T21:21:28+00:00\" \/>\n<meta property=\"article:modified_time\" content=\"2026-02-04T21:21:33+00:00\" \/>\n<meta property=\"og:image\" content=\"https:\/\/saltoecologico.es\/wp-content\/uploads\/2026\/02\/La-Palma-4.jpg\" \/>\n\t<meta property=\"og:image:width\" content=\"1024\" \/>\n\t<meta property=\"og:image:height\" content=\"572\" \/>\n\t<meta property=\"og:image:type\" content=\"image\/jpeg\" \/>\n<meta name=\"author\" content=\"admin\" \/>\n<meta name=\"twitter:card\" content=\"summary_large_image\" \/>\n<meta name=\"twitter:label1\" content=\"Escrito por\" \/>\n\t<meta name=\"twitter:data1\" content=\"admin\" \/>\n\t<meta name=\"twitter:label2\" content=\"Tiempo de lectura\" \/>\n\t<meta name=\"twitter:data2\" content=\"18 minutos\" \/>\n<script type=\"application\/ld+json\" class=\"yoast-schema-graph\">{\"@context\":\"https:\\\/\\\/schema.org\",\"@graph\":[{\"@type\":\"Article\",\"@id\":\"https:\\\/\\\/saltoecologico.es\\\/index.php\\\/2026\\\/02\\\/04\\\/la-hoja-de-ruta\\\/#article\",\"isPartOf\":{\"@id\":\"https:\\\/\\\/saltoecologico.es\\\/index.php\\\/2026\\\/02\\\/04\\\/la-hoja-de-ruta\\\/\"},\"author\":{\"name\":\"admin\",\"@id\":\"https:\\\/\\\/saltoecologico.es\\\/#\\\/schema\\\/person\\\/7175eec4b3c123d86c675313c3a01a0b\"},\"headline\":\"La Hoja de Ruta para la \u00abIsla Bonita\u00bb\",\"datePublished\":\"2026-02-04T21:21:28+00:00\",\"dateModified\":\"2026-02-04T21:21:33+00:00\",\"mainEntityOfPage\":{\"@id\":\"https:\\\/\\\/saltoecologico.es\\\/index.php\\\/2026\\\/02\\\/04\\\/la-hoja-de-ruta\\\/\"},\"wordCount\":3853,\"commentCount\":0,\"publisher\":{\"@id\":\"https:\\\/\\\/saltoecologico.es\\\/#organization\"},\"image\":{\"@id\":\"https:\\\/\\\/saltoecologico.es\\\/index.php\\\/2026\\\/02\\\/04\\\/la-hoja-de-ruta\\\/#primaryimage\"},\"thumbnailUrl\":\"https:\\\/\\\/saltoecologico.es\\\/wp-content\\\/uploads\\\/2026\\\/02\\\/La-Palma-4.jpg\",\"articleSection\":[\"General\"],\"inLanguage\":\"es\",\"potentialAction\":[{\"@type\":\"CommentAction\",\"name\":\"Comment\",\"target\":[\"https:\\\/\\\/saltoecologico.es\\\/index.php\\\/2026\\\/02\\\/04\\\/la-hoja-de-ruta\\\/#respond\"]}]},{\"@type\":\"WebPage\",\"@id\":\"https:\\\/\\\/saltoecologico.es\\\/index.php\\\/2026\\\/02\\\/04\\\/la-hoja-de-ruta\\\/\",\"url\":\"https:\\\/\\\/saltoecologico.es\\\/index.php\\\/2026\\\/02\\\/04\\\/la-hoja-de-ruta\\\/\",\"name\":\"La Hoja de Ruta para la \\\"Isla Bonita\\\" - Salto Ecol\u00f3gico\",\"isPartOf\":{\"@id\":\"https:\\\/\\\/saltoecologico.es\\\/#website\"},\"primaryImageOfPage\":{\"@id\":\"https:\\\/\\\/saltoecologico.es\\\/index.php\\\/2026\\\/02\\\/04\\\/la-hoja-de-ruta\\\/#primaryimage\"},\"image\":{\"@id\":\"https:\\\/\\\/saltoecologico.es\\\/index.php\\\/2026\\\/02\\\/04\\\/la-hoja-de-ruta\\\/#primaryimage\"},\"thumbnailUrl\":\"https:\\\/\\\/saltoecologico.es\\\/wp-content\\\/uploads\\\/2026\\\/02\\\/La-Palma-4.jpg\",\"datePublished\":\"2026-02-04T21:21:28+00:00\",\"dateModified\":\"2026-02-04T21:21:33+00:00\",\"description\":\"La hoja de ruta para la \\\"Isla Bonita\\\" no solo es un informe t\u00e9cnico, es una propuesta de soberan\u00eda energ\u00e9tica para una isla soberana.\",\"breadcrumb\":{\"@id\":\"https:\\\/\\\/saltoecologico.es\\\/index.php\\\/2026\\\/02\\\/04\\\/la-hoja-de-ruta\\\/#breadcrumb\"},\"inLanguage\":\"es\",\"potentialAction\":[{\"@type\":\"ReadAction\",\"target\":[\"https:\\\/\\\/saltoecologico.es\\\/index.php\\\/2026\\\/02\\\/04\\\/la-hoja-de-ruta\\\/\"]}]},{\"@type\":\"ImageObject\",\"inLanguage\":\"es\",\"@id\":\"https:\\\/\\\/saltoecologico.es\\\/index.php\\\/2026\\\/02\\\/04\\\/la-hoja-de-ruta\\\/#primaryimage\",\"url\":\"https:\\\/\\\/saltoecologico.es\\\/wp-content\\\/uploads\\\/2026\\\/02\\\/La-Palma-4.jpg\",\"contentUrl\":\"https:\\\/\\\/saltoecologico.es\\\/wp-content\\\/uploads\\\/2026\\\/02\\\/La-Palma-4.jpg\",\"width\":1024,\"height\":572},{\"@type\":\"BreadcrumbList\",\"@id\":\"https:\\\/\\\/saltoecologico.es\\\/index.php\\\/2026\\\/02\\\/04\\\/la-hoja-de-ruta\\\/#breadcrumb\",\"itemListElement\":[{\"@type\":\"ListItem\",\"position\":1,\"name\":\"Portada\",\"item\":\"https:\\\/\\\/saltoecologico.es\\\/\"},{\"@type\":\"ListItem\",\"position\":2,\"name\":\"La Hoja de Ruta para la \u00abIsla Bonita\u00bb\"}]},{\"@type\":\"WebSite\",\"@id\":\"https:\\\/\\\/saltoecologico.es\\\/#website\",\"url\":\"https:\\\/\\\/saltoecologico.es\\\/\",\"name\":\"Salto Ecol\u00f3gico\",\"description\":\"\",\"publisher\":{\"@id\":\"https:\\\/\\\/saltoecologico.es\\\/#organization\"},\"potentialAction\":[{\"@type\":\"SearchAction\",\"target\":{\"@type\":\"EntryPoint\",\"urlTemplate\":\"https:\\\/\\\/saltoecologico.es\\\/?s={search_term_string}\"},\"query-input\":{\"@type\":\"PropertyValueSpecification\",\"valueRequired\":true,\"valueName\":\"search_term_string\"}}],\"inLanguage\":\"es\"},{\"@type\":\"Organization\",\"@id\":\"https:\\\/\\\/saltoecologico.es\\\/#organization\",\"name\":\"Salto a la Transici\u00f3n Ecol\u00f3gica\",\"url\":\"https:\\\/\\\/saltoecologico.es\\\/\",\"logo\":{\"@type\":\"ImageObject\",\"inLanguage\":\"es\",\"@id\":\"https:\\\/\\\/saltoecologico.es\\\/#\\\/schema\\\/logo\\\/image\\\/\",\"url\":\"https:\\\/\\\/saltoecologico.es\\\/wp-content\\\/uploads\\\/2025\\\/04\\\/Logo-STE.jpg\",\"contentUrl\":\"https:\\\/\\\/saltoecologico.es\\\/wp-content\\\/uploads\\\/2025\\\/04\\\/Logo-STE.jpg\",\"width\":435,\"height\":435,\"caption\":\"Salto a la Transici\u00f3n Ecol\u00f3gica\"},\"image\":{\"@id\":\"https:\\\/\\\/saltoecologico.es\\\/#\\\/schema\\\/logo\\\/image\\\/\"},\"sameAs\":[\"https:\\\/\\\/www.facebook.com\\\/Saltotransicionecologica\"]},{\"@type\":\"Person\",\"@id\":\"https:\\\/\\\/saltoecologico.es\\\/#\\\/schema\\\/person\\\/7175eec4b3c123d86c675313c3a01a0b\",\"name\":\"admin\",\"image\":{\"@type\":\"ImageObject\",\"inLanguage\":\"es\",\"@id\":\"https:\\\/\\\/secure.gravatar.com\\\/avatar\\\/4c215dc57bbc7b2f2f470ac9bd197f3f112636a584e575a732d0206a2d9c9806?s=96&d=mm&r=g\",\"url\":\"https:\\\/\\\/secure.gravatar.com\\\/avatar\\\/4c215dc57bbc7b2f2f470ac9bd197f3f112636a584e575a732d0206a2d9c9806?s=96&d=mm&r=g\",\"contentUrl\":\"https:\\\/\\\/secure.gravatar.com\\\/avatar\\\/4c215dc57bbc7b2f2f470ac9bd197f3f112636a584e575a732d0206a2d9c9806?s=96&d=mm&r=g\",\"caption\":\"admin\"},\"sameAs\":[\"https:\\\/\\\/saltoecologico.es\"],\"url\":\"https:\\\/\\\/saltoecologico.es\\\/index.php\\\/author\\\/saltoecologico\\\/\"}]}<\/script>\n<!-- \/ Yoast SEO plugin. -->","yoast_head_json":{"title":"La Hoja de Ruta para la \"Isla Bonita\" - Salto Ecol\u00f3gico","description":"La hoja de ruta para la \"Isla Bonita\" no solo es un informe t\u00e9cnico, es una propuesta de soberan\u00eda energ\u00e9tica para una isla soberana.","robots":{"index":"index","follow":"follow","max-snippet":"max-snippet:-1","max-image-preview":"max-image-preview:large","max-video-preview":"max-video-preview:-1"},"canonical":"https:\/\/saltoecologico.es\/index.php\/2026\/02\/04\/la-hoja-de-ruta\/","og_locale":"es_ES","og_type":"article","og_title":"La Hoja de Ruta para la \"Isla Bonita\" - Salto Ecol\u00f3gico","og_description":"La hoja de ruta para la \"Isla Bonita\" no solo es un informe t\u00e9cnico, es una propuesta de soberan\u00eda energ\u00e9tica para una isla soberana.","og_url":"https:\/\/saltoecologico.es\/index.php\/2026\/02\/04\/la-hoja-de-ruta\/","og_site_name":"Salto Ecol\u00f3gico","article_publisher":"https:\/\/www.facebook.com\/Saltotransicionecologica","article_published_time":"2026-02-04T21:21:28+00:00","article_modified_time":"2026-02-04T21:21:33+00:00","og_image":[{"width":1024,"height":572,"url":"https:\/\/saltoecologico.es\/wp-content\/uploads\/2026\/02\/La-Palma-4.jpg","type":"image\/jpeg"}],"author":"admin","twitter_card":"summary_large_image","twitter_misc":{"Escrito por":"admin","Tiempo de lectura":"18 minutos"},"schema":{"@context":"https:\/\/schema.org","@graph":[{"@type":"Article","@id":"https:\/\/saltoecologico.es\/index.php\/2026\/02\/04\/la-hoja-de-ruta\/#article","isPartOf":{"@id":"https:\/\/saltoecologico.es\/index.php\/2026\/02\/04\/la-hoja-de-ruta\/"},"author":{"name":"admin","@id":"https:\/\/saltoecologico.es\/#\/schema\/person\/7175eec4b3c123d86c675313c3a01a0b"},"headline":"La Hoja de Ruta para la \u00abIsla Bonita\u00bb","datePublished":"2026-02-04T21:21:28+00:00","dateModified":"2026-02-04T21:21:33+00:00","mainEntityOfPage":{"@id":"https:\/\/saltoecologico.es\/index.php\/2026\/02\/04\/la-hoja-de-ruta\/"},"wordCount":3853,"commentCount":0,"publisher":{"@id":"https:\/\/saltoecologico.es\/#organization"},"image":{"@id":"https:\/\/saltoecologico.es\/index.php\/2026\/02\/04\/la-hoja-de-ruta\/#primaryimage"},"thumbnailUrl":"https:\/\/saltoecologico.es\/wp-content\/uploads\/2026\/02\/La-Palma-4.jpg","articleSection":["General"],"inLanguage":"es","potentialAction":[{"@type":"CommentAction","name":"Comment","target":["https:\/\/saltoecologico.es\/index.php\/2026\/02\/04\/la-hoja-de-ruta\/#respond"]}]},{"@type":"WebPage","@id":"https:\/\/saltoecologico.es\/index.php\/2026\/02\/04\/la-hoja-de-ruta\/","url":"https:\/\/saltoecologico.es\/index.php\/2026\/02\/04\/la-hoja-de-ruta\/","name":"La Hoja de Ruta para la \"Isla Bonita\" - Salto Ecol\u00f3gico","isPartOf":{"@id":"https:\/\/saltoecologico.es\/#website"},"primaryImageOfPage":{"@id":"https:\/\/saltoecologico.es\/index.php\/2026\/02\/04\/la-hoja-de-ruta\/#primaryimage"},"image":{"@id":"https:\/\/saltoecologico.es\/index.php\/2026\/02\/04\/la-hoja-de-ruta\/#primaryimage"},"thumbnailUrl":"https:\/\/saltoecologico.es\/wp-content\/uploads\/2026\/02\/La-Palma-4.jpg","datePublished":"2026-02-04T21:21:28+00:00","dateModified":"2026-02-04T21:21:33+00:00","description":"La hoja de ruta para la \"Isla Bonita\" no solo es un informe t\u00e9cnico, es una propuesta de soberan\u00eda energ\u00e9tica para una isla soberana.","breadcrumb":{"@id":"https:\/\/saltoecologico.es\/index.php\/2026\/02\/04\/la-hoja-de-ruta\/#breadcrumb"},"inLanguage":"es","potentialAction":[{"@type":"ReadAction","target":["https:\/\/saltoecologico.es\/index.php\/2026\/02\/04\/la-hoja-de-ruta\/"]}]},{"@type":"ImageObject","inLanguage":"es","@id":"https:\/\/saltoecologico.es\/index.php\/2026\/02\/04\/la-hoja-de-ruta\/#primaryimage","url":"https:\/\/saltoecologico.es\/wp-content\/uploads\/2026\/02\/La-Palma-4.jpg","contentUrl":"https:\/\/saltoecologico.es\/wp-content\/uploads\/2026\/02\/La-Palma-4.jpg","width":1024,"height":572},{"@type":"BreadcrumbList","@id":"https:\/\/saltoecologico.es\/index.php\/2026\/02\/04\/la-hoja-de-ruta\/#breadcrumb","itemListElement":[{"@type":"ListItem","position":1,"name":"Portada","item":"https:\/\/saltoecologico.es\/"},{"@type":"ListItem","position":2,"name":"La Hoja de Ruta para la \u00abIsla Bonita\u00bb"}]},{"@type":"WebSite","@id":"https:\/\/saltoecologico.es\/#website","url":"https:\/\/saltoecologico.es\/","name":"Salto Ecol\u00f3gico","description":"","publisher":{"@id":"https:\/\/saltoecologico.es\/#organization"},"potentialAction":[{"@type":"SearchAction","target":{"@type":"EntryPoint","urlTemplate":"https:\/\/saltoecologico.es\/?s={search_term_string}"},"query-input":{"@type":"PropertyValueSpecification","valueRequired":true,"valueName":"search_term_string"}}],"inLanguage":"es"},{"@type":"Organization","@id":"https:\/\/saltoecologico.es\/#organization","name":"Salto a la Transici\u00f3n Ecol\u00f3gica","url":"https:\/\/saltoecologico.es\/","logo":{"@type":"ImageObject","inLanguage":"es","@id":"https:\/\/saltoecologico.es\/#\/schema\/logo\/image\/","url":"https:\/\/saltoecologico.es\/wp-content\/uploads\/2025\/04\/Logo-STE.jpg","contentUrl":"https:\/\/saltoecologico.es\/wp-content\/uploads\/2025\/04\/Logo-STE.jpg","width":435,"height":435,"caption":"Salto a la Transici\u00f3n Ecol\u00f3gica"},"image":{"@id":"https:\/\/saltoecologico.es\/#\/schema\/logo\/image\/"},"sameAs":["https:\/\/www.facebook.com\/Saltotransicionecologica"]},{"@type":"Person","@id":"https:\/\/saltoecologico.es\/#\/schema\/person\/7175eec4b3c123d86c675313c3a01a0b","name":"admin","image":{"@type":"ImageObject","inLanguage":"es","@id":"https:\/\/secure.gravatar.com\/avatar\/4c215dc57bbc7b2f2f470ac9bd197f3f112636a584e575a732d0206a2d9c9806?s=96&d=mm&r=g","url":"https:\/\/secure.gravatar.com\/avatar\/4c215dc57bbc7b2f2f470ac9bd197f3f112636a584e575a732d0206a2d9c9806?s=96&d=mm&r=g","contentUrl":"https:\/\/secure.gravatar.com\/avatar\/4c215dc57bbc7b2f2f470ac9bd197f3f112636a584e575a732d0206a2d9c9806?s=96&d=mm&r=g","caption":"admin"},"sameAs":["https:\/\/saltoecologico.es"],"url":"https:\/\/saltoecologico.es\/index.php\/author\/saltoecologico\/"}]}},"_links":{"self":[{"href":"https:\/\/saltoecologico.es\/index.php\/wp-json\/wp\/v2\/posts\/1219","targetHints":{"allow":["GET"]}}],"collection":[{"href":"https:\/\/saltoecologico.es\/index.php\/wp-json\/wp\/v2\/posts"}],"about":[{"href":"https:\/\/saltoecologico.es\/index.php\/wp-json\/wp\/v2\/types\/post"}],"author":[{"embeddable":true,"href":"https:\/\/saltoecologico.es\/index.php\/wp-json\/wp\/v2\/users\/1"}],"replies":[{"embeddable":true,"href":"https:\/\/saltoecologico.es\/index.php\/wp-json\/wp\/v2\/comments?post=1219"}],"version-history":[{"count":1,"href":"https:\/\/saltoecologico.es\/index.php\/wp-json\/wp\/v2\/posts\/1219\/revisions"}],"predecessor-version":[{"id":1225,"href":"https:\/\/saltoecologico.es\/index.php\/wp-json\/wp\/v2\/posts\/1219\/revisions\/1225"}],"wp:featuredmedia":[{"embeddable":true,"href":"https:\/\/saltoecologico.es\/index.php\/wp-json\/wp\/v2\/media\/1224"}],"wp:attachment":[{"href":"https:\/\/saltoecologico.es\/index.php\/wp-json\/wp\/v2\/media?parent=1219"}],"wp:term":[{"taxonomy":"category","embeddable":true,"href":"https:\/\/saltoecologico.es\/index.php\/wp-json\/wp\/v2\/categories?post=1219"},{"taxonomy":"post_tag","embeddable":true,"href":"https:\/\/saltoecologico.es\/index.php\/wp-json\/wp\/v2\/tags?post=1219"}],"curies":[{"name":"wp","href":"https:\/\/api.w.org\/{rel}","templated":true}]}}