{"id":1227,"date":"2026-02-25T19:24:05","date_gmt":"2026-02-25T19:24:05","guid":{"rendered":"https:\/\/saltoecologico.es\/?p=1227"},"modified":"2026-02-25T19:24:09","modified_gmt":"2026-02-25T19:24:09","slug":"procedimiento-de-concurrencia-competitiva","status":"publish","type":"post","link":"https:\/\/saltoecologico.es\/index.php\/2026\/02\/25\/procedimiento-de-concurrencia-competitiva\/","title":{"rendered":"Procedimiento de concurrencia competitiva: Su resoluci\u00f3n"},"content":{"rendered":"\n<h3 class=\"wp-block-heading\"><strong>An\u00e1lisis de la Resoluci\u00f3n del BOE sobre el R\u00e9gimen Retributivo Adicional: \u00bfGarant\u00eda de suministro o freno a la transici\u00f3n energ\u00e9tica en Canarias?<\/strong><\/h3>\n\n\n\n<p class=\"wp-block-paragraph\">El martes 24 de febrero de 2026, el Bolet\u00edn Oficial del Estado (BOE) public\u00f3 una disposici\u00f3n crucial para el futuro inmediato de nuestra red. La<a href=\"http:\/\/chrome-extension:\/\/efaidnbmnnnibpcajpcglclefindmkaj\/https:\/\/www.boe.es\/boe\/dias\/2026\/02\/24\/pdfs\/BOE-A-2026-4268.pdf\"> Resoluci\u00f3n de 3 de febrero de 2026<\/a> de la Direcci\u00f3n General de Pol\u00edtica Energ\u00e9tica y Minas. Esta resoluci\u00f3n resuelve el procedimiento de concurrencia competitiva para otorgar compatibilidad y reconocer el r\u00e9gimen retributivo adicional a diversas centrales de generaci\u00f3n en los territorios no peninsulares, incluyendo Canarias.<\/p>\n\n\n\n<p class=\"wp-block-paragraph\">Frente a la innegable realidad del cambio clim\u00e1tico antropog\u00e9nico, impulsado por los gases de efecto invernadero derivados de los combustibles f\u00f3siles, cualquier decisi\u00f3n sobre nuestro parque de generaci\u00f3n t\u00e9rmica debe analizarse con lupa. \u00bfEstamos avanzando hacia la descarbonizaci\u00f3n o simplemente perpetuando un modelo obsoleto por necesidades t\u00e9cnicas a corto plazo?<\/p>\n\n\n\n<h3 class=\"wp-block-heading\"><strong>\u00bfQu\u00e9 implica esta resoluci\u00f3n para los sistemas el\u00e9ctricos aislados?<\/strong><\/h3>\n\n\n\n<p class=\"wp-block-paragraph\">En los sistemas el\u00e9ctricos aislados, garantizar que la oferta de energ\u00eda cubra la demanda en todo momento es un desaf\u00edo t\u00e9cnico de primer orden. La resoluci\u00f3n tiene como prop\u00f3sito fundamental garantizar el suministro de energ\u00eda el\u00e9ctrica en estos territorios. Para lograrlo, el Ministerio ha evaluado las solicitudes de las empresas generadoras bas\u00e1ndose en los informes t\u00e9cnico-econ\u00f3micos del operador del sistema (Red El\u00e9ctrica).<\/p>\n\n\n\n<p class=\"wp-block-paragraph\">Esta evaluaci\u00f3n t\u00e9cnica otorga un r\u00e9gimen retributivo adicional a ciertos grupos de generaci\u00f3n. Priorizando aquellos que minimizan los costes totales para el sistema y favorecen la seguridad de suministro. En la pr\u00e1ctica, esto se traduce en extender la vida \u00fatil regulatoria de grupos t\u00e9rmicos existentes o autorizar nuevas inversiones en tecnolog\u00edas de combusti\u00f3n.<\/p>\n\n\n\n<h3 class=\"wp-block-heading\"><strong>Luces y sombras t\u00e9cnicas del documento<\/strong><\/h3>\n\n\n\n<p class=\"wp-block-paragraph\">Al desgranar los anexos de la resoluci\u00f3n, encontramos decisiones que reflejan las tensiones entre la operaci\u00f3n de la red y las restricciones ambientales:<\/p>\n\n\n\n<ul class=\"wp-block-list\">\n<li><strong>Exclusi\u00f3n por limitaciones medioambientales y de tama\u00f1o<\/strong>. Se ha denegado la compatibilidad a grupos que solicitaban extender su vida \u00fatil pero presentaban limitaciones en sus horas de funcionamiento por motivos medioambientales. Asimismo, se han descartado grupos con un tama\u00f1o excesivo que no resultaban adecuados para su respectivo sistema el\u00e9ctrico.<\/li>\n\n\n\n<li><strong>Restricciones urban\u00edsticas en Canarias<\/strong>. Atendiendo a los informes del Gobierno de Canarias, se han bloqueado proyectos espec\u00edficos debido a restricciones urban\u00edsticas e impedimentos para su ejecuci\u00f3n. Entre ellos destacan las exclusiones en las centrales de Las Salinas en Fuerteventura y Candelaria en Tenerife. Adem\u00e1s, han quedado fuera los proyectos Muelle Grande 1 y Muelle Grande 2 en Gran Canaria.<\/li>\n\n\n\n<li><strong>El monopolio de facto y la excepci\u00f3n legal<\/strong>. La Comisi\u00f3n Nacional de los Mercados y la Competencia confirm\u00f3 que, aunque el grupo Endesa supera la cuota del 40% en potencia instalada en todos los territorios no peninsulares, puede optar a esta resoluci\u00f3n para asegurar la cobertura de la demanda.<\/li>\n\n\n\n<li><strong>Extensiones \u00absin inversi\u00f3n\u00bb:<\/strong> A los grupos de generaci\u00f3n cuya vida \u00fatil regulatoria ha finalizado o finalizar\u00e1 pronto, y que no realizar\u00e1n nuevas inversiones, se les reconoce este r\u00e9gimen adicional por un periodo de 5 a\u00f1os. Durante este tiempo, percibir\u00e1n los costes fijos de operaci\u00f3n y mantenimiento, adem\u00e1s de la retribuci\u00f3n por costes variables de generaci\u00f3n.<\/li>\n<\/ul>\n\n\n\n<figure class=\"wp-block-image size-full\"><img loading=\"lazy\" decoding=\"async\" width=\"1024\" height=\"572\" src=\"https:\/\/saltoecologico.es\/wp-content\/uploads\/2026\/02\/Resolucion-2.jpg\" alt=\"Procedimiento de concurrencia competitiva\" class=\"wp-image-1229\" srcset=\"https:\/\/saltoecologico.es\/wp-content\/uploads\/2026\/02\/Resolucion-2.jpg 1024w, https:\/\/saltoecologico.es\/wp-content\/uploads\/2026\/02\/Resolucion-2-300x168.jpg 300w, https:\/\/saltoecologico.es\/wp-content\/uploads\/2026\/02\/Resolucion-2-768x429.jpg 768w, https:\/\/saltoecologico.es\/wp-content\/uploads\/2026\/02\/Resolucion-2-752x420.jpg 752w, https:\/\/saltoecologico.es\/wp-content\/uploads\/2026\/02\/Resolucion-2-150x84.jpg 150w, https:\/\/saltoecologico.es\/wp-content\/uploads\/2026\/02\/Resolucion-2-696x389.jpg 696w\" sizes=\"auto, (max-width: 1024px) 100vw, 1024px\" \/><\/figure>\n\n\n\n<h3 class=\"wp-block-heading\"><strong>Las tecnolog\u00edas aprobadas: Un repaso al Anexo I<\/strong><\/h3>\n\n\n\n<p class=\"wp-block-paragraph\">El Anexo I de la resoluci\u00f3n detalla los grupos a los que se les ha otorgado compatibilidad, revelando las zonas donde seguiremos anclados a la combusti\u00f3n. Aunque la resoluci\u00f3n tambi\u00e9n incluye a los subsistemas de Mallorca y Menorca (con extensiones en Son Reus y Mah\u00f3n), as\u00ed como a Ceuta y Melilla, nuestro foco vital est\u00e1 en las redes insulares canarias.<\/p>\n\n\n\n<h4 class=\"wp-block-heading\"><strong>Gran Canaria: El peso de Jin\u00e1mar y Barranco de Tirajana<\/strong><\/h4>\n\n\n\n<p class=\"wp-block-paragraph\">En Gran Canaria, el respaldo t\u00e9rmico se concentra en dos grandes nudos hist\u00f3ricos:<\/p>\n\n\n\n<ul class=\"wp-block-list\">\n<li><strong>Jin\u00e1mar (66 kV):<\/strong> Se ha autorizado la extensi\u00f3n de vida de antiguos grupos Di\u00e9sel de 2 tiempos. Adem\u00e1s, se aprueban nuevas inversiones millonarias en turbinas de gas <em>heavy duty<\/em> operadas por Endesa.<\/li>\n\n\n\n<li><strong>Barranco de Tirajana (220 kV y 66 kV):<\/strong> Este nudo vital en el sur de la isla consolida su posici\u00f3n con la aprobaci\u00f3n de cuantiosas inversiones y extensiones para ciclos combinados de configuraci\u00f3n 2&#215;1, as\u00ed como turbinas de gas <em>heavy duty<\/em>.<\/li>\n<\/ul>\n\n\n\n<h4 class=\"wp-block-heading\"><strong>Tenerife: La expansi\u00f3n en Granadilla y nuevos nudos<\/strong><\/h4>\n\n\n\n<p class=\"wp-block-paragraph\">Tenerife presenta un escenario de gran movimiento, consolidando el sur pero abriendo nuevos focos de generaci\u00f3n distribuida:<\/p>\n\n\n\n<ul class=\"wp-block-list\">\n<li><strong>Granadilla (220 kV y 66 kV):<\/strong> Sigue siendo el gran pulm\u00f3n t\u00e9rmico. A las extensiones de los grupos Di\u00e9sel de 2 tiempos e inversiones en turbinas de gas <em>heavy duty<\/em> y ciclos combinados de Endesa , se suma un actor importante: Sampol Ingenier\u00eda y Obras. Esta empresa instalar\u00e1 m\u00faltiples grupos nuevos de motores de gas conectados a la red de 220 kV.<\/li>\n\n\n\n<li><strong>Arona (66 kV):<\/strong> Se aprueba la extensi\u00f3n y la inversi\u00f3n para turbinas de gas aeroderivadas.<\/li>\n\n\n\n<li><strong>Realejos y Dique del Este (66 kV):<\/strong> Sampol tambi\u00e9n ha logrado la autorizaci\u00f3n para instalar nuevos motores de gas en el norte (Realejos) y en la zona portuaria de Santa Cruz (Dique del Este).<\/li>\n<\/ul>\n\n\n\n<h4 class=\"wp-block-heading\"><strong>Lanzarote y Fuerteventura: Di\u00e9sel y nuevos motores<\/strong><\/h4>\n\n\n\n<p class=\"wp-block-paragraph\">El sistema el\u00e9ctricamente interconectado de las islas orientales muestra una fuerte dependencia de tecnolog\u00edas muy contaminantes:<\/p>\n\n\n\n<ul class=\"wp-block-list\">\n<li><strong>Punta Grande (Lanzarote, 66 kV):<\/strong> Endesa mantiene su predominio con la extensi\u00f3n de vida de m\u00faltiples grupos Di\u00e9sel de 4 tiempos y fuertes inversiones en turbinas de gas <em>heavy duty<\/em>.<\/li>\n\n\n\n<li><strong>Puerto del Rosario y Jares (Fuerteventura):<\/strong> El nudo de Puerto del Rosario a 66 kV experimentar\u00e1 un notable crecimiento. Por un lado, Disa Generaci\u00f3n instalar\u00e1 nuevos grupos Di\u00e9sel de 4 tiempos (proyectos Carriones, Guisguey, Tamariche y Tef\u00eda). Por otro, Sampol pondr\u00e1 en marcha nuevos motores de gas tanto en Puerto del Rosario como en el nudo de Jares a 132 kV.<\/li>\n\n\n\n<li><strong>Gran Tarajal (Fuerteventura, 66 kV):<\/strong> La empresa Canary Carreteras conectar\u00e1 nuevos grupos Di\u00e9sel de 4 tiempos bajo los proyectos Maxorata I y II.<\/li>\n<\/ul>\n\n\n\n<h4 class=\"wp-block-heading\"><strong>Las islas no capitalinas: Dependencia del Di\u00e9sel<\/strong><\/h4>\n\n\n\n<p class=\"wp-block-paragraph\">La situaci\u00f3n en las islas menores es un recordatorio de la vulnerabilidad de los microsistemas:<\/p>\n\n\n\n<ul class=\"wp-block-list\">\n<li><strong>La Palma (Los Guinchos, 66 kV y 30 kV):<\/strong> Toda la potencia autorizada (tanto nuevas inversiones como extensiones) corresponde a grupos Di\u00e9sel de 4 tiempos operados por Endesa.<\/li>\n\n\n\n<li><strong>La Gomera (San Sebasti\u00e1n, 22 kV):<\/strong> Se extienden los grupos Di\u00e9sel de 4 tiempos existentes en la capital.<\/li>\n\n\n\n<li><strong>El Hierro (Llanos Blancos, 20 kV):<\/strong> A pesar de los grandes avances renovables de la isla, la seguridad de suministro sigue requiriendo la extensi\u00f3n de la vida regulatoria de sus peque\u00f1os grupos Di\u00e9sel de 4 tiempos.<\/li>\n<\/ul>\n\n\n\n<h3 class=\"wp-block-heading\"><strong>Una reflexi\u00f3n obligada desde la operaci\u00f3n del sistema<\/strong><\/h3>\n\n\n\n<p class=\"wp-block-paragraph\">Las m\u00e1quinas s\u00edncronas tradicionales aportan algo que hoy por hoy es cr\u00edtico: inercia f\u00edsica y firmeza. Ante un hueco de tensi\u00f3n o una racha de viento que cae abruptamente, estos fierros pesados mantienen el sistema en pie.<\/p>\n\n\n\n<p class=\"wp-block-paragraph\">Sin embargo, autorizar nuevas inversiones con vidas regulatorias de 10 a\u00f1os para ciclos combinados o turbinas de gas, y permitir la proliferaci\u00f3n de nuevos motores di\u00e9sel de 4 tiempos, es una p\u00edldora amarga. Nos asegura que la luz no se apague hoy, pero hipoteca nuestra huella de carbono ma\u00f1ana.<\/p>\n\n\n\n<p class=\"wp-block-paragraph\">La transici\u00f3n energ\u00e9tica es inaplazable. Esta resoluci\u00f3n debe leerse no como un plan de futuro, sino como el soporte vital temporal de un modelo enfermo. <a href=\"https:\/\/saltoecologico.es\/index.php\/2025\/05\/17\/alegaciones-a-la-emergencia\/\">Nuestro horizonte<\/a> debe ser acelerar masivamente el almacenamiento (bater\u00edas de gran escala y bombeo hidr\u00e1ulico), los compensadores s\u00edncronos y las redes inteligentes para que, en la pr\u00f3xima d\u00e9cada, este mapa t\u00e9rmico sea solo un recuerdo de un pasado superado.<\/p>\n","protected":false},"excerpt":{"rendered":"<p>An\u00e1lisis de la Resoluci\u00f3n del BOE sobre el R\u00e9gimen Retributivo Adicional: \u00bfGarant\u00eda de suministro o freno a la transici\u00f3n energ\u00e9tica en Canarias? El martes 24 de febrero de 2026, el Bolet\u00edn Oficial del Estado (BOE) public\u00f3 una disposici\u00f3n crucial para el futuro inmediato de nuestra red. La Resoluci\u00f3n de 3 de febrero de 2026 de [&hellip;]<\/p>\n","protected":false},"author":1,"featured_media":1230,"comment_status":"open","ping_status":"open","sticky":false,"template":"","format":"standard","meta":{"footnotes":""},"categories":[58],"tags":[],"class_list":["post-1227","post","type-post","status-publish","format-standard","has-post-thumbnail","category-concurrencia-competitiva"],"yoast_head":"<!-- This site is optimized with the Yoast SEO plugin v28.2 - https:\/\/yoast.com\/product\/yoast-seo-wordpress\/ -->\n<title>Procedimiento de concurrencia competitiva: Su resoluci\u00f3n - Salto Ecol\u00f3gico<\/title>\n<meta name=\"description\" content=\"La resoluci\u00f3n del proceso de concurrencia competitiva para otorgar la retribuci\u00f3n adicional a grupos de generaci\u00f3n el\u00e9ctrica.\" \/>\n<meta name=\"robots\" content=\"index, follow, max-snippet:-1, max-image-preview:large, max-video-preview:-1\" \/>\n<link rel=\"canonical\" href=\"https:\/\/saltoecologico.es\/index.php\/2026\/02\/25\/procedimiento-de-concurrencia-competitiva\/\" \/>\n<meta property=\"og:locale\" content=\"es_ES\" \/>\n<meta property=\"og:type\" content=\"article\" \/>\n<meta property=\"og:title\" content=\"Procedimiento de concurrencia competitiva: Su resoluci\u00f3n - Salto Ecol\u00f3gico\" \/>\n<meta property=\"og:description\" content=\"La resoluci\u00f3n del proceso de concurrencia competitiva para otorgar la retribuci\u00f3n adicional a grupos de generaci\u00f3n el\u00e9ctrica.\" \/>\n<meta property=\"og:url\" content=\"https:\/\/saltoecologico.es\/index.php\/2026\/02\/25\/procedimiento-de-concurrencia-competitiva\/\" \/>\n<meta property=\"og:site_name\" content=\"Salto Ecol\u00f3gico\" \/>\n<meta property=\"article:publisher\" content=\"https:\/\/www.facebook.com\/Saltotransicionecologica\" \/>\n<meta property=\"article:published_time\" content=\"2026-02-25T19:24:05+00:00\" \/>\n<meta property=\"article:modified_time\" content=\"2026-02-25T19:24:09+00:00\" \/>\n<meta property=\"og:image\" content=\"https:\/\/saltoecologico.es\/wp-content\/uploads\/2026\/02\/Resolucion-1-1.jpg\" \/>\n\t<meta property=\"og:image:width\" content=\"1024\" \/>\n\t<meta property=\"og:image:height\" content=\"572\" \/>\n\t<meta property=\"og:image:type\" content=\"image\/jpeg\" \/>\n<meta name=\"author\" content=\"admin\" \/>\n<meta name=\"twitter:card\" content=\"summary_large_image\" \/>\n<meta name=\"twitter:label1\" content=\"Escrito por\" \/>\n\t<meta name=\"twitter:data1\" content=\"admin\" \/>\n\t<meta name=\"twitter:label2\" content=\"Tiempo de lectura\" \/>\n\t<meta name=\"twitter:data2\" content=\"6 minutos\" \/>\n<script type=\"application\/ld+json\" class=\"yoast-schema-graph\">{\"@context\":\"https:\\\/\\\/schema.org\",\"@graph\":[{\"@type\":\"Article\",\"@id\":\"https:\\\/\\\/saltoecologico.es\\\/index.php\\\/2026\\\/02\\\/25\\\/procedimiento-de-concurrencia-competitiva\\\/#article\",\"isPartOf\":{\"@id\":\"https:\\\/\\\/saltoecologico.es\\\/index.php\\\/2026\\\/02\\\/25\\\/procedimiento-de-concurrencia-competitiva\\\/\"},\"author\":{\"name\":\"admin\",\"@id\":\"https:\\\/\\\/saltoecologico.es\\\/#\\\/schema\\\/person\\\/7175eec4b3c123d86c675313c3a01a0b\"},\"headline\":\"Procedimiento de concurrencia competitiva: Su resoluci\u00f3n\",\"datePublished\":\"2026-02-25T19:24:05+00:00\",\"dateModified\":\"2026-02-25T19:24:09+00:00\",\"mainEntityOfPage\":{\"@id\":\"https:\\\/\\\/saltoecologico.es\\\/index.php\\\/2026\\\/02\\\/25\\\/procedimiento-de-concurrencia-competitiva\\\/\"},\"wordCount\":1314,\"commentCount\":0,\"publisher\":{\"@id\":\"https:\\\/\\\/saltoecologico.es\\\/#organization\"},\"image\":{\"@id\":\"https:\\\/\\\/saltoecologico.es\\\/index.php\\\/2026\\\/02\\\/25\\\/procedimiento-de-concurrencia-competitiva\\\/#primaryimage\"},\"thumbnailUrl\":\"https:\\\/\\\/saltoecologico.es\\\/wp-content\\\/uploads\\\/2026\\\/02\\\/Resolucion-1-1.jpg\",\"articleSection\":[\"Concurrencia competitiva\"],\"inLanguage\":\"es\",\"potentialAction\":[{\"@type\":\"CommentAction\",\"name\":\"Comment\",\"target\":[\"https:\\\/\\\/saltoecologico.es\\\/index.php\\\/2026\\\/02\\\/25\\\/procedimiento-de-concurrencia-competitiva\\\/#respond\"]}]},{\"@type\":\"WebPage\",\"@id\":\"https:\\\/\\\/saltoecologico.es\\\/index.php\\\/2026\\\/02\\\/25\\\/procedimiento-de-concurrencia-competitiva\\\/\",\"url\":\"https:\\\/\\\/saltoecologico.es\\\/index.php\\\/2026\\\/02\\\/25\\\/procedimiento-de-concurrencia-competitiva\\\/\",\"name\":\"Procedimiento de concurrencia competitiva: Su resoluci\u00f3n - Salto Ecol\u00f3gico\",\"isPartOf\":{\"@id\":\"https:\\\/\\\/saltoecologico.es\\\/#website\"},\"primaryImageOfPage\":{\"@id\":\"https:\\\/\\\/saltoecologico.es\\\/index.php\\\/2026\\\/02\\\/25\\\/procedimiento-de-concurrencia-competitiva\\\/#primaryimage\"},\"image\":{\"@id\":\"https:\\\/\\\/saltoecologico.es\\\/index.php\\\/2026\\\/02\\\/25\\\/procedimiento-de-concurrencia-competitiva\\\/#primaryimage\"},\"thumbnailUrl\":\"https:\\\/\\\/saltoecologico.es\\\/wp-content\\\/uploads\\\/2026\\\/02\\\/Resolucion-1-1.jpg\",\"datePublished\":\"2026-02-25T19:24:05+00:00\",\"dateModified\":\"2026-02-25T19:24:09+00:00\",\"description\":\"La resoluci\u00f3n del proceso de concurrencia competitiva para otorgar la retribuci\u00f3n adicional a grupos de generaci\u00f3n el\u00e9ctrica.\",\"breadcrumb\":{\"@id\":\"https:\\\/\\\/saltoecologico.es\\\/index.php\\\/2026\\\/02\\\/25\\\/procedimiento-de-concurrencia-competitiva\\\/#breadcrumb\"},\"inLanguage\":\"es\",\"potentialAction\":[{\"@type\":\"ReadAction\",\"target\":[\"https:\\\/\\\/saltoecologico.es\\\/index.php\\\/2026\\\/02\\\/25\\\/procedimiento-de-concurrencia-competitiva\\\/\"]}]},{\"@type\":\"ImageObject\",\"inLanguage\":\"es\",\"@id\":\"https:\\\/\\\/saltoecologico.es\\\/index.php\\\/2026\\\/02\\\/25\\\/procedimiento-de-concurrencia-competitiva\\\/#primaryimage\",\"url\":\"https:\\\/\\\/saltoecologico.es\\\/wp-content\\\/uploads\\\/2026\\\/02\\\/Resolucion-1-1.jpg\",\"contentUrl\":\"https:\\\/\\\/saltoecologico.es\\\/wp-content\\\/uploads\\\/2026\\\/02\\\/Resolucion-1-1.jpg\",\"width\":1024,\"height\":572},{\"@type\":\"BreadcrumbList\",\"@id\":\"https:\\\/\\\/saltoecologico.es\\\/index.php\\\/2026\\\/02\\\/25\\\/procedimiento-de-concurrencia-competitiva\\\/#breadcrumb\",\"itemListElement\":[{\"@type\":\"ListItem\",\"position\":1,\"name\":\"Portada\",\"item\":\"https:\\\/\\\/saltoecologico.es\\\/\"},{\"@type\":\"ListItem\",\"position\":2,\"name\":\"Procedimiento de concurrencia competitiva: Su resoluci\u00f3n\"}]},{\"@type\":\"WebSite\",\"@id\":\"https:\\\/\\\/saltoecologico.es\\\/#website\",\"url\":\"https:\\\/\\\/saltoecologico.es\\\/\",\"name\":\"Salto Ecol\u00f3gico\",\"description\":\"\",\"publisher\":{\"@id\":\"https:\\\/\\\/saltoecologico.es\\\/#organization\"},\"potentialAction\":[{\"@type\":\"SearchAction\",\"target\":{\"@type\":\"EntryPoint\",\"urlTemplate\":\"https:\\\/\\\/saltoecologico.es\\\/?s={search_term_string}\"},\"query-input\":{\"@type\":\"PropertyValueSpecification\",\"valueRequired\":true,\"valueName\":\"search_term_string\"}}],\"inLanguage\":\"es\"},{\"@type\":\"Organization\",\"@id\":\"https:\\\/\\\/saltoecologico.es\\\/#organization\",\"name\":\"Salto a la Transici\u00f3n Ecol\u00f3gica\",\"url\":\"https:\\\/\\\/saltoecologico.es\\\/\",\"logo\":{\"@type\":\"ImageObject\",\"inLanguage\":\"es\",\"@id\":\"https:\\\/\\\/saltoecologico.es\\\/#\\\/schema\\\/logo\\\/image\\\/\",\"url\":\"https:\\\/\\\/saltoecologico.es\\\/wp-content\\\/uploads\\\/2025\\\/04\\\/Logo-STE.jpg\",\"contentUrl\":\"https:\\\/\\\/saltoecologico.es\\\/wp-content\\\/uploads\\\/2025\\\/04\\\/Logo-STE.jpg\",\"width\":435,\"height\":435,\"caption\":\"Salto a la Transici\u00f3n Ecol\u00f3gica\"},\"image\":{\"@id\":\"https:\\\/\\\/saltoecologico.es\\\/#\\\/schema\\\/logo\\\/image\\\/\"},\"sameAs\":[\"https:\\\/\\\/www.facebook.com\\\/Saltotransicionecologica\"]},{\"@type\":\"Person\",\"@id\":\"https:\\\/\\\/saltoecologico.es\\\/#\\\/schema\\\/person\\\/7175eec4b3c123d86c675313c3a01a0b\",\"name\":\"admin\",\"image\":{\"@type\":\"ImageObject\",\"inLanguage\":\"es\",\"@id\":\"https:\\\/\\\/secure.gravatar.com\\\/avatar\\\/4c215dc57bbc7b2f2f470ac9bd197f3f112636a584e575a732d0206a2d9c9806?s=96&d=mm&r=g\",\"url\":\"https:\\\/\\\/secure.gravatar.com\\\/avatar\\\/4c215dc57bbc7b2f2f470ac9bd197f3f112636a584e575a732d0206a2d9c9806?s=96&d=mm&r=g\",\"contentUrl\":\"https:\\\/\\\/secure.gravatar.com\\\/avatar\\\/4c215dc57bbc7b2f2f470ac9bd197f3f112636a584e575a732d0206a2d9c9806?s=96&d=mm&r=g\",\"caption\":\"admin\"},\"sameAs\":[\"https:\\\/\\\/saltoecologico.es\"],\"url\":\"https:\\\/\\\/saltoecologico.es\\\/index.php\\\/author\\\/saltoecologico\\\/\"}]}<\/script>\n<!-- \/ Yoast SEO plugin. -->","yoast_head_json":{"title":"Procedimiento de concurrencia competitiva: Su resoluci\u00f3n - Salto Ecol\u00f3gico","description":"La resoluci\u00f3n del proceso de concurrencia competitiva para otorgar la retribuci\u00f3n adicional a grupos de generaci\u00f3n el\u00e9ctrica.","robots":{"index":"index","follow":"follow","max-snippet":"max-snippet:-1","max-image-preview":"max-image-preview:large","max-video-preview":"max-video-preview:-1"},"canonical":"https:\/\/saltoecologico.es\/index.php\/2026\/02\/25\/procedimiento-de-concurrencia-competitiva\/","og_locale":"es_ES","og_type":"article","og_title":"Procedimiento de concurrencia competitiva: Su resoluci\u00f3n - Salto Ecol\u00f3gico","og_description":"La resoluci\u00f3n del proceso de concurrencia competitiva para otorgar la retribuci\u00f3n adicional a grupos de generaci\u00f3n el\u00e9ctrica.","og_url":"https:\/\/saltoecologico.es\/index.php\/2026\/02\/25\/procedimiento-de-concurrencia-competitiva\/","og_site_name":"Salto Ecol\u00f3gico","article_publisher":"https:\/\/www.facebook.com\/Saltotransicionecologica","article_published_time":"2026-02-25T19:24:05+00:00","article_modified_time":"2026-02-25T19:24:09+00:00","og_image":[{"width":1024,"height":572,"url":"https:\/\/saltoecologico.es\/wp-content\/uploads\/2026\/02\/Resolucion-1-1.jpg","type":"image\/jpeg"}],"author":"admin","twitter_card":"summary_large_image","twitter_misc":{"Escrito por":"admin","Tiempo de lectura":"6 minutos"},"schema":{"@context":"https:\/\/schema.org","@graph":[{"@type":"Article","@id":"https:\/\/saltoecologico.es\/index.php\/2026\/02\/25\/procedimiento-de-concurrencia-competitiva\/#article","isPartOf":{"@id":"https:\/\/saltoecologico.es\/index.php\/2026\/02\/25\/procedimiento-de-concurrencia-competitiva\/"},"author":{"name":"admin","@id":"https:\/\/saltoecologico.es\/#\/schema\/person\/7175eec4b3c123d86c675313c3a01a0b"},"headline":"Procedimiento de concurrencia competitiva: Su resoluci\u00f3n","datePublished":"2026-02-25T19:24:05+00:00","dateModified":"2026-02-25T19:24:09+00:00","mainEntityOfPage":{"@id":"https:\/\/saltoecologico.es\/index.php\/2026\/02\/25\/procedimiento-de-concurrencia-competitiva\/"},"wordCount":1314,"commentCount":0,"publisher":{"@id":"https:\/\/saltoecologico.es\/#organization"},"image":{"@id":"https:\/\/saltoecologico.es\/index.php\/2026\/02\/25\/procedimiento-de-concurrencia-competitiva\/#primaryimage"},"thumbnailUrl":"https:\/\/saltoecologico.es\/wp-content\/uploads\/2026\/02\/Resolucion-1-1.jpg","articleSection":["Concurrencia competitiva"],"inLanguage":"es","potentialAction":[{"@type":"CommentAction","name":"Comment","target":["https:\/\/saltoecologico.es\/index.php\/2026\/02\/25\/procedimiento-de-concurrencia-competitiva\/#respond"]}]},{"@type":"WebPage","@id":"https:\/\/saltoecologico.es\/index.php\/2026\/02\/25\/procedimiento-de-concurrencia-competitiva\/","url":"https:\/\/saltoecologico.es\/index.php\/2026\/02\/25\/procedimiento-de-concurrencia-competitiva\/","name":"Procedimiento de concurrencia competitiva: Su resoluci\u00f3n - Salto Ecol\u00f3gico","isPartOf":{"@id":"https:\/\/saltoecologico.es\/#website"},"primaryImageOfPage":{"@id":"https:\/\/saltoecologico.es\/index.php\/2026\/02\/25\/procedimiento-de-concurrencia-competitiva\/#primaryimage"},"image":{"@id":"https:\/\/saltoecologico.es\/index.php\/2026\/02\/25\/procedimiento-de-concurrencia-competitiva\/#primaryimage"},"thumbnailUrl":"https:\/\/saltoecologico.es\/wp-content\/uploads\/2026\/02\/Resolucion-1-1.jpg","datePublished":"2026-02-25T19:24:05+00:00","dateModified":"2026-02-25T19:24:09+00:00","description":"La resoluci\u00f3n del proceso de concurrencia competitiva para otorgar la retribuci\u00f3n adicional a grupos de generaci\u00f3n el\u00e9ctrica.","breadcrumb":{"@id":"https:\/\/saltoecologico.es\/index.php\/2026\/02\/25\/procedimiento-de-concurrencia-competitiva\/#breadcrumb"},"inLanguage":"es","potentialAction":[{"@type":"ReadAction","target":["https:\/\/saltoecologico.es\/index.php\/2026\/02\/25\/procedimiento-de-concurrencia-competitiva\/"]}]},{"@type":"ImageObject","inLanguage":"es","@id":"https:\/\/saltoecologico.es\/index.php\/2026\/02\/25\/procedimiento-de-concurrencia-competitiva\/#primaryimage","url":"https:\/\/saltoecologico.es\/wp-content\/uploads\/2026\/02\/Resolucion-1-1.jpg","contentUrl":"https:\/\/saltoecologico.es\/wp-content\/uploads\/2026\/02\/Resolucion-1-1.jpg","width":1024,"height":572},{"@type":"BreadcrumbList","@id":"https:\/\/saltoecologico.es\/index.php\/2026\/02\/25\/procedimiento-de-concurrencia-competitiva\/#breadcrumb","itemListElement":[{"@type":"ListItem","position":1,"name":"Portada","item":"https:\/\/saltoecologico.es\/"},{"@type":"ListItem","position":2,"name":"Procedimiento de concurrencia competitiva: Su resoluci\u00f3n"}]},{"@type":"WebSite","@id":"https:\/\/saltoecologico.es\/#website","url":"https:\/\/saltoecologico.es\/","name":"Salto Ecol\u00f3gico","description":"","publisher":{"@id":"https:\/\/saltoecologico.es\/#organization"},"potentialAction":[{"@type":"SearchAction","target":{"@type":"EntryPoint","urlTemplate":"https:\/\/saltoecologico.es\/?s={search_term_string}"},"query-input":{"@type":"PropertyValueSpecification","valueRequired":true,"valueName":"search_term_string"}}],"inLanguage":"es"},{"@type":"Organization","@id":"https:\/\/saltoecologico.es\/#organization","name":"Salto a la Transici\u00f3n Ecol\u00f3gica","url":"https:\/\/saltoecologico.es\/","logo":{"@type":"ImageObject","inLanguage":"es","@id":"https:\/\/saltoecologico.es\/#\/schema\/logo\/image\/","url":"https:\/\/saltoecologico.es\/wp-content\/uploads\/2025\/04\/Logo-STE.jpg","contentUrl":"https:\/\/saltoecologico.es\/wp-content\/uploads\/2025\/04\/Logo-STE.jpg","width":435,"height":435,"caption":"Salto a la Transici\u00f3n Ecol\u00f3gica"},"image":{"@id":"https:\/\/saltoecologico.es\/#\/schema\/logo\/image\/"},"sameAs":["https:\/\/www.facebook.com\/Saltotransicionecologica"]},{"@type":"Person","@id":"https:\/\/saltoecologico.es\/#\/schema\/person\/7175eec4b3c123d86c675313c3a01a0b","name":"admin","image":{"@type":"ImageObject","inLanguage":"es","@id":"https:\/\/secure.gravatar.com\/avatar\/4c215dc57bbc7b2f2f470ac9bd197f3f112636a584e575a732d0206a2d9c9806?s=96&d=mm&r=g","url":"https:\/\/secure.gravatar.com\/avatar\/4c215dc57bbc7b2f2f470ac9bd197f3f112636a584e575a732d0206a2d9c9806?s=96&d=mm&r=g","contentUrl":"https:\/\/secure.gravatar.com\/avatar\/4c215dc57bbc7b2f2f470ac9bd197f3f112636a584e575a732d0206a2d9c9806?s=96&d=mm&r=g","caption":"admin"},"sameAs":["https:\/\/saltoecologico.es"],"url":"https:\/\/saltoecologico.es\/index.php\/author\/saltoecologico\/"}]}},"_links":{"self":[{"href":"https:\/\/saltoecologico.es\/index.php\/wp-json\/wp\/v2\/posts\/1227","targetHints":{"allow":["GET"]}}],"collection":[{"href":"https:\/\/saltoecologico.es\/index.php\/wp-json\/wp\/v2\/posts"}],"about":[{"href":"https:\/\/saltoecologico.es\/index.php\/wp-json\/wp\/v2\/types\/post"}],"author":[{"embeddable":true,"href":"https:\/\/saltoecologico.es\/index.php\/wp-json\/wp\/v2\/users\/1"}],"replies":[{"embeddable":true,"href":"https:\/\/saltoecologico.es\/index.php\/wp-json\/wp\/v2\/comments?post=1227"}],"version-history":[{"count":1,"href":"https:\/\/saltoecologico.es\/index.php\/wp-json\/wp\/v2\/posts\/1227\/revisions"}],"predecessor-version":[{"id":1231,"href":"https:\/\/saltoecologico.es\/index.php\/wp-json\/wp\/v2\/posts\/1227\/revisions\/1231"}],"wp:featuredmedia":[{"embeddable":true,"href":"https:\/\/saltoecologico.es\/index.php\/wp-json\/wp\/v2\/media\/1230"}],"wp:attachment":[{"href":"https:\/\/saltoecologico.es\/index.php\/wp-json\/wp\/v2\/media?parent=1227"}],"wp:term":[{"taxonomy":"category","embeddable":true,"href":"https:\/\/saltoecologico.es\/index.php\/wp-json\/wp\/v2\/categories?post=1227"},{"taxonomy":"post_tag","embeddable":true,"href":"https:\/\/saltoecologico.es\/index.php\/wp-json\/wp\/v2\/tags?post=1227"}],"curies":[{"name":"wp","href":"https:\/\/api.w.org\/{rel}","templated":true}]}}