{"id":1232,"date":"2026-02-27T12:52:06","date_gmt":"2026-02-27T12:52:06","guid":{"rendered":"https:\/\/saltoecologico.es\/?p=1232"},"modified":"2026-02-27T21:55:34","modified_gmt":"2026-02-27T21:55:34","slug":"radiografia-de-gran-canaria","status":"publish","type":"post","link":"https:\/\/saltoecologico.es\/index.php\/2026\/02\/27\/radiografia-de-gran-canaria\/","title":{"rendered":"Radiograf\u00eda de Gran Canaria tras la concurrencia competitiva"},"content":{"rendered":"\n<h2 class=\"wp-block-heading\"><strong>\u00bfQu\u00e9 supone la \u00faltima resoluci\u00f3n del BOE para nuestro futuro renovable?<\/strong><\/h2>\n\n\n\n<p class=\"wp-block-paragraph\">El cambio clim\u00e1tico antropog\u00e9nico, impulsado por las emisiones de gases de efecto invernadero procedentes de los combustibles f\u00f3siles, no es una amenaza lejana. Es el mayor desaf\u00edo al que nos enfrentamos hoy. En los sistemas el\u00e9ctricos aislados, como el nuestro, cada decisi\u00f3n cuenta. El martes 24 de febrero de 2026, el Bolet\u00edn Oficial del Estado (BOE) public\u00f3 <a href=\"https:\/\/www.boe.es\/diario_boe\/txt.php?id=BOE-A-2026-4268\">la resoluci\u00f3n<\/a> que define qu\u00e9 centrales t\u00e9rmicas seguir\u00e1n operando y recibiendo <a href=\"https:\/\/saltoecologico.es\/index.php\/2026\/02\/25\/procedimiento-de-concurrencia-competitiva\/\">retribuci\u00f3n adicional en los territorios no peninsulares<\/a>.<\/p>\n\n\n\n<p class=\"wp-block-paragraph\">Para Gran Canaria, esta resoluci\u00f3n es un mapa n\u00edtido de nuestra realidad operativa actual. Aunque garantizar que la luz no se apague es la m\u00e1xima prioridad t\u00e9cnica a corto plazo, debemos analizar con rigor qu\u00e9 tecnolog\u00edas se est\u00e1n perpetuando y c\u00f3mo esto condiciona nuestra urgente e inaplazable transici\u00f3n energ\u00e9tica hacia un modelo 100% renovable.<\/p>\n\n\n\n<h2 class=\"wp-block-heading\"><strong>El peso de los gigantes: Jin\u00e1mar y Barranco de Tirajana<\/strong><\/h2>\n\n\n\n<p class=\"wp-block-paragraph\">Al analizar el Anexo I de la resoluci\u00f3n, que lista los grupos con resoluci\u00f3n favorable de compatibilidad, observamos que la generaci\u00f3n t\u00e9rmica de respaldo en Gran Canaria seguir\u00e1 fuertemente anclada a sus dos grandes nudos hist\u00f3ricos. La dependencia de los hidrocarburos se mantiene a trav\u00e9s de extensiones de vida \u00fatil e inyecciones de capital en tecnolog\u00edas f\u00f3siles.<\/p>\n\n\n\n<h3 class=\"wp-block-heading\"><strong>Central T\u00e9rmica de Jin\u00e1mar (66 kV)<\/strong><\/h3>\n\n\n\n<p class=\"wp-block-paragraph\">En el nudo de Jin\u00e1mar, la resoluci\u00f3n autoriza la continuidad de grupos muy veteranos y altamente contaminantes, a la vez que permite nuevas inversiones:<\/p>\n\n\n\n<ul class=\"wp-block-list\">\n<li><strong>Motores Di\u00e9sel:<\/strong> Se ha concedido la extensi\u00f3n a los grupos Endesa GC-JI-03 y GC-JI-04. Se trata de motores di\u00e9sel de 2 tiempos, cada uno con una potencia autorizada de 20,51 MW.<\/li>\n\n\n\n<li><strong>Turbinas de Gas:<\/strong> Se aprueban nuevas inversiones para las turbinas de gas <em>heavy duty<\/em> Endesa GC-JI-01 y GC-JI-02. A cada una, con 32,34 MW de potencia, se le reconoce un valor de inversi\u00f3n de 2.744.440,80 \u20ac y una nueva vida \u00fatil regulatoria de 10 a\u00f1os.<\/li>\n<\/ul>\n\n\n\n<h3 class=\"wp-block-heading\"><strong>Central T\u00e9rmica de Barranco de Tirajana (220 kV y 66 kV)<\/strong><\/h3>\n\n\n\n<p class=\"wp-block-paragraph\">El coraz\u00f3n energ\u00e9tico del sur de la isla consolida su posici\u00f3n hegem\u00f3nica con la aprobaci\u00f3n de cuantiosas inversiones. Se prolonga el uso del gas natural y el di\u00e9sel durante al menos una d\u00e9cada m\u00e1s:<\/p>\n\n\n\n<ul class=\"wp-block-list\">\n<li><strong>Ciclos Combinados:<\/strong> Se autorizan inversiones millonarias para los grupos de configuraci\u00f3n 2&#215;1 Endesa GC-BA-04 y GC-BA-03, con 68,70 MW cada uno. Las inversiones reconocidas superan los 13,6 millones y 14,2 millones de euros respectivamente, otorg\u00e1ndoles 10 a\u00f1os m\u00e1s de vida regulatoria. Adem\u00e1s, se extiende la vida \u00fatil del grupo GC-BA-05, tambi\u00e9n de 68,70 MW.<\/li>\n\n\n\n<li><strong>Turbinas de Gas:<\/strong> En la red de 66 kV, el grupo Endesa GC-BA-01 (<em>heavy duty<\/em> de 32,34 MW) recibe luz verde para una inversi\u00f3n de m\u00e1s de 12,5 millones de euros. Blindando su operaci\u00f3n por otros 10 a\u00f1os.<\/li>\n<\/ul>\n\n\n\n<h2 class=\"wp-block-heading\"><strong>La sensatez de alargar lo existente frente a hipotecar el futuro<\/strong><\/h2>\n\n\n\n<p class=\"wp-block-paragraph\">Al leer estas cifras multimillonarias en nuevas inversiones f\u00f3siles, es de justicia poner en valor una realidad inc\u00f3moda. El tiempo acaba dando la raz\u00f3n a quienes, desde hace ya mucho tiempo y guiados por el sentido com\u00fan t\u00e9cnico, ven\u00edamos advirtiendo de que la soluci\u00f3n transitoria m\u00e1s l\u00f3gica no era construir m\u00e1s t\u00e9rmicas, sino ampliar la vida \u00fatil de las m\u00e1quinas ya existentes.<\/p>\n\n\n\n<p class=\"wp-block-paragraph\">Como puente hacia un sistema 100% renovable, exprimir los grupos que ya estaban operativos y amortizados era el mal menor. Sin embargo, autorizar e incentivar inversiones millonarias a diez a\u00f1os vista en nuevas turbinas y ciclos combinados nos ata econ\u00f3micamente a un modelo de combusti\u00f3n que deber\u00edamos estar desmantelando. Nos garantiza la luz hoy, s\u00ed, pero hipoteca nuestra descarbonizaci\u00f3n ma\u00f1ana.<\/p>\n\n\n\n<figure class=\"wp-block-image size-full\"><img loading=\"lazy\" decoding=\"async\" width=\"1024\" height=\"572\" src=\"https:\/\/saltoecologico.es\/wp-content\/uploads\/2026\/02\/Gran-Canaria-2.jpg\" alt=\"https:\/\/saltoecologico.es\/index.php\/2026\/02\/25\/procedimiento-de-concurrencia-competitiva\/\" class=\"wp-image-1233\" srcset=\"https:\/\/saltoecologico.es\/wp-content\/uploads\/2026\/02\/Gran-Canaria-2.jpg 1024w, https:\/\/saltoecologico.es\/wp-content\/uploads\/2026\/02\/Gran-Canaria-2-300x168.jpg 300w, https:\/\/saltoecologico.es\/wp-content\/uploads\/2026\/02\/Gran-Canaria-2-768x429.jpg 768w, https:\/\/saltoecologico.es\/wp-content\/uploads\/2026\/02\/Gran-Canaria-2-752x420.jpg 752w, https:\/\/saltoecologico.es\/wp-content\/uploads\/2026\/02\/Gran-Canaria-2-150x84.jpg 150w, https:\/\/saltoecologico.es\/wp-content\/uploads\/2026\/02\/Gran-Canaria-2-696x389.jpg 696w\" sizes=\"auto, (max-width: 1024px) 100vw, 1024px\" \/><\/figure>\n\n\n\n<h2 class=\"wp-block-heading\"><strong>Los proyectos que se quedan en el camino<\/strong><\/h2>\n\n\n\n<p class=\"wp-block-paragraph\">El Anexo II de la resoluci\u00f3n resulta igualmente revelador, ya que detalla las solicitudes a las que no se les otorga compatibilidad. Estas exclusiones dibujan los l\u00edmites t\u00e9cnicos y urban\u00edsticos de la isla:<\/p>\n\n\n\n<ul class=\"wp-block-list\">\n<li><strong>Impedimentos urban\u00edsticos:<\/strong> Los proyectos GC-Muelle Grande 1 y GC-Muelle Grande 2 han sido denegados por impedimentos para su ejecuci\u00f3n.<\/li>\n\n\n\n<li><strong>Criterios de eficiencia econ\u00f3mica:<\/strong> Numerosos proyectos han sido descartados por el orden de prelaci\u00f3n t\u00e9cnico-econ\u00f3mico elaborado por el operador del sistema, buscando minimizar los costes totales. Entre ellos se encuentran GC4-Melenara, GC3-Salinetas, GC2-Taliarte, GC1-Lomo Magullo, El Goro y Llano Alegre.<\/li>\n\n\n\n<li><strong>Desistimientos:<\/strong> El titular renunci\u00f3 a continuar con el tr\u00e1mite de los grupos Endesa GC-JI-05 y GC-JI-06.<\/li>\n<\/ul>\n\n\n\n<p class=\"wp-block-paragraph\">Evidentemente las cuestiones t\u00e9cnicas ha pesado y mucho en estas exclusiones. Pero tambi\u00e9n y de una manera importante las luchas ciudadanas que han visibilizado de manera contundente su oposici\u00f3n a proyectos en determinadas ubicaciones con las del puerto de Las Palmas.<\/p>\n\n\n\n<h2 class=\"wp-block-heading\"><strong>La ingenier\u00eda frente al reloj clim\u00e1tico: El papel vital del Salto de Chira<\/strong><\/h2>\n\n\n\n<p class=\"wp-block-paragraph\">Desde el centro de control de un sistema aislado, sabemos que la red respira a trav\u00e9s del equilibrio instant\u00e1neo. Hoy por hoy, las pesadas masas rotantes de estos grupos t\u00e9rmicos en Jin\u00e1mar y Tirajana aportan la inercia, la firmeza y la potencia de cortocircuito imprescindibles para evitar apagones cuando el viento cesa o una nube cubre nuestras plantas solares.<\/p>\n\n\n\n<p class=\"wp-block-paragraph\">Pero no podemos permitirnos caer en el letargo bajo la falsa sensaci\u00f3n de seguridad que dan estos hierros calientes. Aqu\u00ed es donde infraestructuras como el <strong>Salto de Chira<\/strong> dejan de ser un simple proyecto para convertirse en la piedra angular de nuestra supervivencia clim\u00e1tica. Esta central hidroel\u00e9ctrica de bombeo reversible jugar\u00e1 un papel absolutamente crucial para aportar esa potencia firme, gestionabilidad e inercia s\u00edncrona que hoy nos vemos obligados a mendigarle al gas y al di\u00e9sel. Es el verdadero pulm\u00f3n de almacenamiento masivo a gran escala que dotar\u00e1 de robustez a la red insular y nos permitir\u00e1, por fin, apagar definitivamente los motores t\u00e9rmicos de forma segura.<\/p>\n\n\n\n<p class=\"wp-block-paragraph\">La descarbonizaci\u00f3n profunda de Gran Canaria pasa obligatoriamente por un despliegue masivo y acelerado de este almacenamiento de larga duraci\u00f3n, sumado a bater\u00edas, hibridaci\u00f3n inteligente y compensadores s\u00edncronos. Tenemos las herramientas y el conocimiento; ahora necesitamos la celeridad que el clima nos exige.<\/p>\n","protected":false},"excerpt":{"rendered":"<p>\u00bfQu\u00e9 supone la \u00faltima resoluci\u00f3n del BOE para nuestro futuro renovable? El cambio clim\u00e1tico antropog\u00e9nico, impulsado por las emisiones de gases de efecto invernadero procedentes de los combustibles f\u00f3siles, no es una amenaza lejana. Es el mayor desaf\u00edo al que nos enfrentamos hoy. En los sistemas el\u00e9ctricos aislados, como el nuestro, cada decisi\u00f3n cuenta. El [&hellip;]<\/p>\n","protected":false},"author":1,"featured_media":1234,"comment_status":"open","ping_status":"open","sticky":false,"template":"","format":"standard","meta":{"footnotes":""},"categories":[58],"tags":[],"class_list":["post-1232","post","type-post","status-publish","format-standard","has-post-thumbnail","category-concurrencia-competitiva"],"yoast_head":"<!-- This site is optimized with the Yoast SEO plugin v28.2 - https:\/\/yoast.com\/product\/yoast-seo-wordpress\/ -->\n<title>Radiograf\u00eda de Gran Canaria tras la concurrencia competitiva - Salto Ecol\u00f3gico<\/title>\n<meta name=\"description\" content=\"La radiograf\u00eda de Gran Canaria nos permite analizar como ha quedado la generaci\u00f3n el\u00e9ctrica en la isla despu\u00e9s del proceso de concurrencia.\" \/>\n<meta name=\"robots\" content=\"index, follow, max-snippet:-1, max-image-preview:large, max-video-preview:-1\" \/>\n<link rel=\"canonical\" href=\"https:\/\/saltoecologico.es\/index.php\/2026\/02\/27\/radiografia-de-gran-canaria\/\" \/>\n<meta property=\"og:locale\" content=\"es_ES\" \/>\n<meta property=\"og:type\" content=\"article\" \/>\n<meta property=\"og:title\" content=\"Radiograf\u00eda de Gran Canaria tras la concurrencia competitiva - Salto Ecol\u00f3gico\" \/>\n<meta property=\"og:description\" content=\"La radiograf\u00eda de Gran Canaria nos permite analizar como ha quedado la generaci\u00f3n el\u00e9ctrica en la isla despu\u00e9s del proceso de concurrencia.\" \/>\n<meta property=\"og:url\" content=\"https:\/\/saltoecologico.es\/index.php\/2026\/02\/27\/radiografia-de-gran-canaria\/\" \/>\n<meta property=\"og:site_name\" content=\"Salto Ecol\u00f3gico\" \/>\n<meta property=\"article:publisher\" content=\"https:\/\/www.facebook.com\/Saltotransicionecologica\" \/>\n<meta property=\"article:published_time\" content=\"2026-02-27T12:52:06+00:00\" \/>\n<meta property=\"article:modified_time\" content=\"2026-02-27T21:55:34+00:00\" \/>\n<meta property=\"og:image\" content=\"https:\/\/saltoecologico.es\/wp-content\/uploads\/2026\/02\/Gran-Canaria-1.jpg\" \/>\n\t<meta property=\"og:image:width\" content=\"1024\" \/>\n\t<meta property=\"og:image:height\" content=\"572\" \/>\n\t<meta property=\"og:image:type\" content=\"image\/jpeg\" \/>\n<meta name=\"author\" content=\"admin\" \/>\n<meta name=\"twitter:card\" content=\"summary_large_image\" \/>\n<meta name=\"twitter:label1\" content=\"Escrito por\" \/>\n\t<meta name=\"twitter:data1\" content=\"admin\" \/>\n\t<meta name=\"twitter:label2\" content=\"Tiempo de lectura\" \/>\n\t<meta name=\"twitter:data2\" content=\"5 minutos\" \/>\n<script type=\"application\/ld+json\" class=\"yoast-schema-graph\">{\"@context\":\"https:\\\/\\\/schema.org\",\"@graph\":[{\"@type\":\"Article\",\"@id\":\"https:\\\/\\\/saltoecologico.es\\\/index.php\\\/2026\\\/02\\\/27\\\/radiografia-de-gran-canaria\\\/#article\",\"isPartOf\":{\"@id\":\"https:\\\/\\\/saltoecologico.es\\\/index.php\\\/2026\\\/02\\\/27\\\/radiografia-de-gran-canaria\\\/\"},\"author\":{\"name\":\"admin\",\"@id\":\"https:\\\/\\\/saltoecologico.es\\\/#\\\/schema\\\/person\\\/7175eec4b3c123d86c675313c3a01a0b\"},\"headline\":\"Radiograf\u00eda de Gran Canaria tras la concurrencia competitiva\",\"datePublished\":\"2026-02-27T12:52:06+00:00\",\"dateModified\":\"2026-02-27T21:55:34+00:00\",\"mainEntityOfPage\":{\"@id\":\"https:\\\/\\\/saltoecologico.es\\\/index.php\\\/2026\\\/02\\\/27\\\/radiografia-de-gran-canaria\\\/\"},\"wordCount\":1059,\"commentCount\":0,\"publisher\":{\"@id\":\"https:\\\/\\\/saltoecologico.es\\\/#organization\"},\"image\":{\"@id\":\"https:\\\/\\\/saltoecologico.es\\\/index.php\\\/2026\\\/02\\\/27\\\/radiografia-de-gran-canaria\\\/#primaryimage\"},\"thumbnailUrl\":\"https:\\\/\\\/saltoecologico.es\\\/wp-content\\\/uploads\\\/2026\\\/02\\\/Gran-Canaria-1.jpg\",\"articleSection\":[\"Concurrencia competitiva\"],\"inLanguage\":\"es\",\"potentialAction\":[{\"@type\":\"CommentAction\",\"name\":\"Comment\",\"target\":[\"https:\\\/\\\/saltoecologico.es\\\/index.php\\\/2026\\\/02\\\/27\\\/radiografia-de-gran-canaria\\\/#respond\"]}]},{\"@type\":\"WebPage\",\"@id\":\"https:\\\/\\\/saltoecologico.es\\\/index.php\\\/2026\\\/02\\\/27\\\/radiografia-de-gran-canaria\\\/\",\"url\":\"https:\\\/\\\/saltoecologico.es\\\/index.php\\\/2026\\\/02\\\/27\\\/radiografia-de-gran-canaria\\\/\",\"name\":\"Radiograf\u00eda de Gran Canaria tras la concurrencia competitiva - Salto Ecol\u00f3gico\",\"isPartOf\":{\"@id\":\"https:\\\/\\\/saltoecologico.es\\\/#website\"},\"primaryImageOfPage\":{\"@id\":\"https:\\\/\\\/saltoecologico.es\\\/index.php\\\/2026\\\/02\\\/27\\\/radiografia-de-gran-canaria\\\/#primaryimage\"},\"image\":{\"@id\":\"https:\\\/\\\/saltoecologico.es\\\/index.php\\\/2026\\\/02\\\/27\\\/radiografia-de-gran-canaria\\\/#primaryimage\"},\"thumbnailUrl\":\"https:\\\/\\\/saltoecologico.es\\\/wp-content\\\/uploads\\\/2026\\\/02\\\/Gran-Canaria-1.jpg\",\"datePublished\":\"2026-02-27T12:52:06+00:00\",\"dateModified\":\"2026-02-27T21:55:34+00:00\",\"description\":\"La radiograf\u00eda de Gran Canaria nos permite analizar como ha quedado la generaci\u00f3n el\u00e9ctrica en la isla despu\u00e9s del proceso de concurrencia.\",\"breadcrumb\":{\"@id\":\"https:\\\/\\\/saltoecologico.es\\\/index.php\\\/2026\\\/02\\\/27\\\/radiografia-de-gran-canaria\\\/#breadcrumb\"},\"inLanguage\":\"es\",\"potentialAction\":[{\"@type\":\"ReadAction\",\"target\":[\"https:\\\/\\\/saltoecologico.es\\\/index.php\\\/2026\\\/02\\\/27\\\/radiografia-de-gran-canaria\\\/\"]}]},{\"@type\":\"ImageObject\",\"inLanguage\":\"es\",\"@id\":\"https:\\\/\\\/saltoecologico.es\\\/index.php\\\/2026\\\/02\\\/27\\\/radiografia-de-gran-canaria\\\/#primaryimage\",\"url\":\"https:\\\/\\\/saltoecologico.es\\\/wp-content\\\/uploads\\\/2026\\\/02\\\/Gran-Canaria-1.jpg\",\"contentUrl\":\"https:\\\/\\\/saltoecologico.es\\\/wp-content\\\/uploads\\\/2026\\\/02\\\/Gran-Canaria-1.jpg\",\"width\":1024,\"height\":572},{\"@type\":\"BreadcrumbList\",\"@id\":\"https:\\\/\\\/saltoecologico.es\\\/index.php\\\/2026\\\/02\\\/27\\\/radiografia-de-gran-canaria\\\/#breadcrumb\",\"itemListElement\":[{\"@type\":\"ListItem\",\"position\":1,\"name\":\"Portada\",\"item\":\"https:\\\/\\\/saltoecologico.es\\\/\"},{\"@type\":\"ListItem\",\"position\":2,\"name\":\"Radiograf\u00eda de Gran Canaria tras la concurrencia competitiva\"}]},{\"@type\":\"WebSite\",\"@id\":\"https:\\\/\\\/saltoecologico.es\\\/#website\",\"url\":\"https:\\\/\\\/saltoecologico.es\\\/\",\"name\":\"Salto Ecol\u00f3gico\",\"description\":\"\",\"publisher\":{\"@id\":\"https:\\\/\\\/saltoecologico.es\\\/#organization\"},\"potentialAction\":[{\"@type\":\"SearchAction\",\"target\":{\"@type\":\"EntryPoint\",\"urlTemplate\":\"https:\\\/\\\/saltoecologico.es\\\/?s={search_term_string}\"},\"query-input\":{\"@type\":\"PropertyValueSpecification\",\"valueRequired\":true,\"valueName\":\"search_term_string\"}}],\"inLanguage\":\"es\"},{\"@type\":\"Organization\",\"@id\":\"https:\\\/\\\/saltoecologico.es\\\/#organization\",\"name\":\"Salto a la Transici\u00f3n Ecol\u00f3gica\",\"url\":\"https:\\\/\\\/saltoecologico.es\\\/\",\"logo\":{\"@type\":\"ImageObject\",\"inLanguage\":\"es\",\"@id\":\"https:\\\/\\\/saltoecologico.es\\\/#\\\/schema\\\/logo\\\/image\\\/\",\"url\":\"https:\\\/\\\/saltoecologico.es\\\/wp-content\\\/uploads\\\/2025\\\/04\\\/Logo-STE.jpg\",\"contentUrl\":\"https:\\\/\\\/saltoecologico.es\\\/wp-content\\\/uploads\\\/2025\\\/04\\\/Logo-STE.jpg\",\"width\":435,\"height\":435,\"caption\":\"Salto a la Transici\u00f3n Ecol\u00f3gica\"},\"image\":{\"@id\":\"https:\\\/\\\/saltoecologico.es\\\/#\\\/schema\\\/logo\\\/image\\\/\"},\"sameAs\":[\"https:\\\/\\\/www.facebook.com\\\/Saltotransicionecologica\"]},{\"@type\":\"Person\",\"@id\":\"https:\\\/\\\/saltoecologico.es\\\/#\\\/schema\\\/person\\\/7175eec4b3c123d86c675313c3a01a0b\",\"name\":\"admin\",\"image\":{\"@type\":\"ImageObject\",\"inLanguage\":\"es\",\"@id\":\"https:\\\/\\\/secure.gravatar.com\\\/avatar\\\/4c215dc57bbc7b2f2f470ac9bd197f3f112636a584e575a732d0206a2d9c9806?s=96&d=mm&r=g\",\"url\":\"https:\\\/\\\/secure.gravatar.com\\\/avatar\\\/4c215dc57bbc7b2f2f470ac9bd197f3f112636a584e575a732d0206a2d9c9806?s=96&d=mm&r=g\",\"contentUrl\":\"https:\\\/\\\/secure.gravatar.com\\\/avatar\\\/4c215dc57bbc7b2f2f470ac9bd197f3f112636a584e575a732d0206a2d9c9806?s=96&d=mm&r=g\",\"caption\":\"admin\"},\"sameAs\":[\"https:\\\/\\\/saltoecologico.es\"],\"url\":\"https:\\\/\\\/saltoecologico.es\\\/index.php\\\/author\\\/saltoecologico\\\/\"}]}<\/script>\n<!-- \/ Yoast SEO plugin. -->","yoast_head_json":{"title":"Radiograf\u00eda de Gran Canaria tras la concurrencia competitiva - Salto Ecol\u00f3gico","description":"La radiograf\u00eda de Gran Canaria nos permite analizar como ha quedado la generaci\u00f3n el\u00e9ctrica en la isla despu\u00e9s del proceso de concurrencia.","robots":{"index":"index","follow":"follow","max-snippet":"max-snippet:-1","max-image-preview":"max-image-preview:large","max-video-preview":"max-video-preview:-1"},"canonical":"https:\/\/saltoecologico.es\/index.php\/2026\/02\/27\/radiografia-de-gran-canaria\/","og_locale":"es_ES","og_type":"article","og_title":"Radiograf\u00eda de Gran Canaria tras la concurrencia competitiva - Salto Ecol\u00f3gico","og_description":"La radiograf\u00eda de Gran Canaria nos permite analizar como ha quedado la generaci\u00f3n el\u00e9ctrica en la isla despu\u00e9s del proceso de concurrencia.","og_url":"https:\/\/saltoecologico.es\/index.php\/2026\/02\/27\/radiografia-de-gran-canaria\/","og_site_name":"Salto Ecol\u00f3gico","article_publisher":"https:\/\/www.facebook.com\/Saltotransicionecologica","article_published_time":"2026-02-27T12:52:06+00:00","article_modified_time":"2026-02-27T21:55:34+00:00","og_image":[{"width":1024,"height":572,"url":"https:\/\/saltoecologico.es\/wp-content\/uploads\/2026\/02\/Gran-Canaria-1.jpg","type":"image\/jpeg"}],"author":"admin","twitter_card":"summary_large_image","twitter_misc":{"Escrito por":"admin","Tiempo de lectura":"5 minutos"},"schema":{"@context":"https:\/\/schema.org","@graph":[{"@type":"Article","@id":"https:\/\/saltoecologico.es\/index.php\/2026\/02\/27\/radiografia-de-gran-canaria\/#article","isPartOf":{"@id":"https:\/\/saltoecologico.es\/index.php\/2026\/02\/27\/radiografia-de-gran-canaria\/"},"author":{"name":"admin","@id":"https:\/\/saltoecologico.es\/#\/schema\/person\/7175eec4b3c123d86c675313c3a01a0b"},"headline":"Radiograf\u00eda de Gran Canaria tras la concurrencia competitiva","datePublished":"2026-02-27T12:52:06+00:00","dateModified":"2026-02-27T21:55:34+00:00","mainEntityOfPage":{"@id":"https:\/\/saltoecologico.es\/index.php\/2026\/02\/27\/radiografia-de-gran-canaria\/"},"wordCount":1059,"commentCount":0,"publisher":{"@id":"https:\/\/saltoecologico.es\/#organization"},"image":{"@id":"https:\/\/saltoecologico.es\/index.php\/2026\/02\/27\/radiografia-de-gran-canaria\/#primaryimage"},"thumbnailUrl":"https:\/\/saltoecologico.es\/wp-content\/uploads\/2026\/02\/Gran-Canaria-1.jpg","articleSection":["Concurrencia competitiva"],"inLanguage":"es","potentialAction":[{"@type":"CommentAction","name":"Comment","target":["https:\/\/saltoecologico.es\/index.php\/2026\/02\/27\/radiografia-de-gran-canaria\/#respond"]}]},{"@type":"WebPage","@id":"https:\/\/saltoecologico.es\/index.php\/2026\/02\/27\/radiografia-de-gran-canaria\/","url":"https:\/\/saltoecologico.es\/index.php\/2026\/02\/27\/radiografia-de-gran-canaria\/","name":"Radiograf\u00eda de Gran Canaria tras la concurrencia competitiva - Salto Ecol\u00f3gico","isPartOf":{"@id":"https:\/\/saltoecologico.es\/#website"},"primaryImageOfPage":{"@id":"https:\/\/saltoecologico.es\/index.php\/2026\/02\/27\/radiografia-de-gran-canaria\/#primaryimage"},"image":{"@id":"https:\/\/saltoecologico.es\/index.php\/2026\/02\/27\/radiografia-de-gran-canaria\/#primaryimage"},"thumbnailUrl":"https:\/\/saltoecologico.es\/wp-content\/uploads\/2026\/02\/Gran-Canaria-1.jpg","datePublished":"2026-02-27T12:52:06+00:00","dateModified":"2026-02-27T21:55:34+00:00","description":"La radiograf\u00eda de Gran Canaria nos permite analizar como ha quedado la generaci\u00f3n el\u00e9ctrica en la isla despu\u00e9s del proceso de concurrencia.","breadcrumb":{"@id":"https:\/\/saltoecologico.es\/index.php\/2026\/02\/27\/radiografia-de-gran-canaria\/#breadcrumb"},"inLanguage":"es","potentialAction":[{"@type":"ReadAction","target":["https:\/\/saltoecologico.es\/index.php\/2026\/02\/27\/radiografia-de-gran-canaria\/"]}]},{"@type":"ImageObject","inLanguage":"es","@id":"https:\/\/saltoecologico.es\/index.php\/2026\/02\/27\/radiografia-de-gran-canaria\/#primaryimage","url":"https:\/\/saltoecologico.es\/wp-content\/uploads\/2026\/02\/Gran-Canaria-1.jpg","contentUrl":"https:\/\/saltoecologico.es\/wp-content\/uploads\/2026\/02\/Gran-Canaria-1.jpg","width":1024,"height":572},{"@type":"BreadcrumbList","@id":"https:\/\/saltoecologico.es\/index.php\/2026\/02\/27\/radiografia-de-gran-canaria\/#breadcrumb","itemListElement":[{"@type":"ListItem","position":1,"name":"Portada","item":"https:\/\/saltoecologico.es\/"},{"@type":"ListItem","position":2,"name":"Radiograf\u00eda de Gran Canaria tras la concurrencia competitiva"}]},{"@type":"WebSite","@id":"https:\/\/saltoecologico.es\/#website","url":"https:\/\/saltoecologico.es\/","name":"Salto Ecol\u00f3gico","description":"","publisher":{"@id":"https:\/\/saltoecologico.es\/#organization"},"potentialAction":[{"@type":"SearchAction","target":{"@type":"EntryPoint","urlTemplate":"https:\/\/saltoecologico.es\/?s={search_term_string}"},"query-input":{"@type":"PropertyValueSpecification","valueRequired":true,"valueName":"search_term_string"}}],"inLanguage":"es"},{"@type":"Organization","@id":"https:\/\/saltoecologico.es\/#organization","name":"Salto a la Transici\u00f3n Ecol\u00f3gica","url":"https:\/\/saltoecologico.es\/","logo":{"@type":"ImageObject","inLanguage":"es","@id":"https:\/\/saltoecologico.es\/#\/schema\/logo\/image\/","url":"https:\/\/saltoecologico.es\/wp-content\/uploads\/2025\/04\/Logo-STE.jpg","contentUrl":"https:\/\/saltoecologico.es\/wp-content\/uploads\/2025\/04\/Logo-STE.jpg","width":435,"height":435,"caption":"Salto a la Transici\u00f3n Ecol\u00f3gica"},"image":{"@id":"https:\/\/saltoecologico.es\/#\/schema\/logo\/image\/"},"sameAs":["https:\/\/www.facebook.com\/Saltotransicionecologica"]},{"@type":"Person","@id":"https:\/\/saltoecologico.es\/#\/schema\/person\/7175eec4b3c123d86c675313c3a01a0b","name":"admin","image":{"@type":"ImageObject","inLanguage":"es","@id":"https:\/\/secure.gravatar.com\/avatar\/4c215dc57bbc7b2f2f470ac9bd197f3f112636a584e575a732d0206a2d9c9806?s=96&d=mm&r=g","url":"https:\/\/secure.gravatar.com\/avatar\/4c215dc57bbc7b2f2f470ac9bd197f3f112636a584e575a732d0206a2d9c9806?s=96&d=mm&r=g","contentUrl":"https:\/\/secure.gravatar.com\/avatar\/4c215dc57bbc7b2f2f470ac9bd197f3f112636a584e575a732d0206a2d9c9806?s=96&d=mm&r=g","caption":"admin"},"sameAs":["https:\/\/saltoecologico.es"],"url":"https:\/\/saltoecologico.es\/index.php\/author\/saltoecologico\/"}]}},"_links":{"self":[{"href":"https:\/\/saltoecologico.es\/index.php\/wp-json\/wp\/v2\/posts\/1232","targetHints":{"allow":["GET"]}}],"collection":[{"href":"https:\/\/saltoecologico.es\/index.php\/wp-json\/wp\/v2\/posts"}],"about":[{"href":"https:\/\/saltoecologico.es\/index.php\/wp-json\/wp\/v2\/types\/post"}],"author":[{"embeddable":true,"href":"https:\/\/saltoecologico.es\/index.php\/wp-json\/wp\/v2\/users\/1"}],"replies":[{"embeddable":true,"href":"https:\/\/saltoecologico.es\/index.php\/wp-json\/wp\/v2\/comments?post=1232"}],"version-history":[{"count":2,"href":"https:\/\/saltoecologico.es\/index.php\/wp-json\/wp\/v2\/posts\/1232\/revisions"}],"predecessor-version":[{"id":1236,"href":"https:\/\/saltoecologico.es\/index.php\/wp-json\/wp\/v2\/posts\/1232\/revisions\/1236"}],"wp:featuredmedia":[{"embeddable":true,"href":"https:\/\/saltoecologico.es\/index.php\/wp-json\/wp\/v2\/media\/1234"}],"wp:attachment":[{"href":"https:\/\/saltoecologico.es\/index.php\/wp-json\/wp\/v2\/media?parent=1232"}],"wp:term":[{"taxonomy":"category","embeddable":true,"href":"https:\/\/saltoecologico.es\/index.php\/wp-json\/wp\/v2\/categories?post=1232"},{"taxonomy":"post_tag","embeddable":true,"href":"https:\/\/saltoecologico.es\/index.php\/wp-json\/wp\/v2\/tags?post=1232"}],"curies":[{"name":"wp","href":"https:\/\/api.w.org\/{rel}","templated":true}]}}