{"id":1237,"date":"2026-02-28T21:22:44","date_gmt":"2026-02-28T21:22:44","guid":{"rendered":"https:\/\/saltoecologico.es\/?p=1237"},"modified":"2026-04-10T11:38:43","modified_gmt":"2026-04-10T11:38:43","slug":"doble-rasero-en-tenerife","status":"publish","type":"post","link":"https:\/\/saltoecologico.es\/index.php\/2026\/02\/28\/doble-rasero-en-tenerife\/","title":{"rendered":"Doble rasero en Tenerife. M\u00e1s generaci\u00f3n f\u00f3sil"},"content":{"rendered":"\n<h2 class=\"wp-block-heading\">Nueva Generaci\u00f3n F\u00f3sil<\/h2>\n\n\n\n<p class=\"wp-block-paragraph\">El reloj clim\u00e1tico no perdona. Quienes conocen de cerca las entra\u00f1as de nuestras redes insulares saben que el calentamiento global, provocado directamente por la quema descontrolada de combustibles f\u00f3siles, no es una hip\u00f3tesis, es la mayor amenaza a la que nos enfrentamos. La transici\u00f3n hacia un modelo 100% renovable no es una opci\u00f3n est\u00e9tica, es una emergencia vital.<\/p>\n\n\n\n<p class=\"wp-block-paragraph\">Sin embargo, al analizar la <a href=\"https:\/\/www.boe.es\/diario_boe\/txt.php?id=BOE-A-2026-4268\">reciente resoluci\u00f3n del Bolet\u00edn Oficial del Estado del 24 de febrero de 2026<\/a>, la realidad reguladora choca frontalmente con las aspiraciones clim\u00e1ticas. Hoy queremos invitarles a una lectura cr\u00edtica y profunda sobre lo que este documento dicta para el <strong>sistema el\u00e9ctrico de Tenerife<\/strong> y contrastarlo con las noticias que, parad\u00f3jicamente, han marcado esta misma semana.<\/p>\n\n\n\n<h2 class=\"wp-block-heading\">Radiograf\u00eda de la Resoluci\u00f3n: Una Apuesta F\u00f3sil para Tenerife<\/h2>\n\n\n\n<p class=\"wp-block-paragraph\">El BOE ha publicado la resoluci\u00f3n de la Direcci\u00f3n General de Pol\u00edtica Energ\u00e9tica y Minas. En ella se otorga la compatibilidad para recibir un r\u00e9gimen retributivo adicional a una preocupante cantidad de potencia f\u00f3sil en nuestra isla. Lejos de acelerar el apag\u00f3n t\u00e9rmico, se afianza la dependencia de los hidrocarburos.<\/p>\n\n\n\n<p class=\"wp-block-paragraph\">Veamos en detalle el impacto real para nuestra isla:<\/p>\n\n\n\n<ul class=\"wp-block-list\">\n<li><strong>Una avalancha de nuevos motores de gas:<\/strong> Se aprueba la instalaci\u00f3n de 11 nuevos proyectos a cargo de la empresa SAMPOL INGENIERIA Y OBRAS SA.<\/li>\n\n\n\n<li>Cada uno de estos grupos de motores de gas aportar\u00e1 17,29 MW al sistema.<\/li>\n\n\n\n<li>Estar\u00e1n distribuidos estrat\u00e9gicamente: siete en Granadilla, dos en Realejos y dos en Dique del Este.<\/li>\n\n\n\n<li><strong>Millones para afianzar el gas de Endesa:<\/strong> A la Uni\u00f3n El\u00e9ctrica de Canarias Generaci\u00f3n, SAU se le aprueban jugosas inversiones de modernizaci\u00f3n.<\/li>\n\n\n\n<li>Concretamente, se le autorizan m\u00e1s de 16 millones de euros (16.940.618,30 \u20ac) para el grupo TF-GR-03, un ciclo combinado de configuraci\u00f3n 2&#215;1 en Granadilla.<\/li>\n\n\n\n<li>Tambi\u00e9n se aprueban casi 15 millones (14.970.749,10 \u20ac) para el grupo TF-GR-01, una turbina de gas <em>heavy duty<\/em> en el mismo nudo.<\/li>\n\n\n\n<li><strong>Prolongando la agon\u00eda de instalaciones obsoletas:<\/strong> La resoluci\u00f3n tambi\u00e9n concede \u00abextensiones\u00bb de vida \u00fatil para vetustos grupos di\u00e9sel de 2 tiempos en Granadilla (TF-GR-05 y TF-GR-06).<\/li>\n\n\n\n<li>Igualmente, se alarga la vida de turbinas aeroderivadas en Arona (TF-AR-01 y TF-AR-02).<\/li>\n<\/ul>\n\n\n\n<p class=\"wp-block-paragraph\">El \u00fanico rayo de luz en este desprop\u00f3sito f\u00f3sil es la denegaci\u00f3n de compatibilidad a los obsoletos grupos de la hist\u00f3rica central de Candelaria (Endesa TF-CA-01 y TF-CA-02), excluidos afortunadamente por \u00abrestricciones urban\u00edsticas\u00bb. Otros proyectos en esa misma central constan como desistidos.<\/p>\n\n\n\n<h2 class=\"wp-block-heading\">El Inexplicable Silencio del Ecologismo<\/h2>\n\n\n\n<p class=\"wp-block-paragraph\">Aqu\u00ed es donde debemos hacer una pausa y mirarnos al espejo como sociedad. Se acaba de autorizar por el Estado la instalaci\u00f3n de casi 190 nuevos megavatios de motores de combusti\u00f3n y se ha regado con m\u00e1s de 30 millones de euros el afianzamiento de turbinas de gas. Estamos hipotecando nuestra atm\u00f3sfera y anclando el sistema el\u00e9ctrico de Tenerife a los gases de efecto invernadero para la pr\u00f3xima d\u00e9cada.<\/p>\n\n\n\n<p class=\"wp-block-paragraph\">\u00bfD\u00f3nde est\u00e1 la indignaci\u00f3n? La pasividad del movimiento ecologista tinerfe\u00f1o ante este aluvi\u00f3n de nueva generaci\u00f3n f\u00f3sil es, francamente, ensordecedora. Se movilizan recursos, manifiestos y protestas masivas contra otro tipo de infraestructuras, pero cuando se trata de la m\u00e9dula espinal del cambio clim\u00e1tico \u2014las chimeneas t\u00e9rmicas que queman hidrocarburos d\u00eda y noche en nuestras costas\u2014 reina el m\u00e1s absoluto de los silencios.<\/p>\n\n\n\n<p class=\"wp-block-paragraph\">Hacer la vista gorda ante la instalaci\u00f3n de docenas de megavatios f\u00f3siles bajo la excusa t\u00e9cnica de la \u00abestabilidad de la red\u00bb es una complacencia peligrosa, porque legitima un modelo que nos condena clim\u00e1ticamente y retrasa la exigencia de verdaderas alternativas de almacenamiento limpio.<\/p>\n\n\n\n<figure class=\"wp-block-image size-full\"><img loading=\"lazy\" decoding=\"async\" width=\"1024\" height=\"572\" src=\"https:\/\/saltoecologico.es\/wp-content\/uploads\/2026\/02\/Tenerife-2.jpg\" alt=\"Doble racero en Tenerife\" class=\"wp-image-1238\" srcset=\"https:\/\/saltoecologico.es\/wp-content\/uploads\/2026\/02\/Tenerife-2.jpg 1024w, https:\/\/saltoecologico.es\/wp-content\/uploads\/2026\/02\/Tenerife-2-300x168.jpg 300w, https:\/\/saltoecologico.es\/wp-content\/uploads\/2026\/02\/Tenerife-2-768x429.jpg 768w, https:\/\/saltoecologico.es\/wp-content\/uploads\/2026\/02\/Tenerife-2-752x420.jpg 752w, https:\/\/saltoecologico.es\/wp-content\/uploads\/2026\/02\/Tenerife-2-150x84.jpg 150w, https:\/\/saltoecologico.es\/wp-content\/uploads\/2026\/02\/Tenerife-2-696x389.jpg 696w\" sizes=\"auto, (max-width: 1024px) 100vw, 1024px\" \/><\/figure>\n\n\n\n<h2 class=\"wp-block-heading\">La Verdadera Soluci\u00f3n: La Central Hidroel\u00e9ctrica de G\u00fc\u00edmar<\/h2>\n\n\n\n<p class=\"wp-block-paragraph\">La profunda frustraci\u00f3n que produce la resoluci\u00f3n del BOE contrasta radicalmente con la gran noticia que, justo el 27 de febrero de 2026, marca nuestro horizonte. El Ministerio para la Transici\u00f3n Ecol\u00f3gica acaba de dar el pistoletazo de salida al proyecto de la <strong>central hidroel\u00e9ctrica de bombeo reversible en G\u00fc\u00edmar<\/strong>.<\/p>\n\n\n\n<p class=\"wp-block-paragraph\">Esta macro-infraestructura es exactamente lo que un sistema el\u00e9ctrico aislado necesita para descarbonizarse de verdad. Con una inversi\u00f3n prevista de 1.000 millones de euros y aprovechando inteligentemente el pasivo ambiental hist\u00f3rico de las antiguas canteras, este colosal \u00abdisco duro\u00bb energ\u00e9tico contar\u00e1 con 200 MW de potencia de turbinaci\u00f3n.<\/p>\n\n\n\n<p class=\"wp-block-paragraph\"><a href=\"https:\/\/saltoecologico.es\/index.php\/2022\/07\/10\/nant-de-dance\/\">El bombeo reversible<\/a> es la tecnolog\u00eda probada a gran escala que nos permitir\u00e1 guardar los excedentes de viento y sol para usarlos cuando la naturaleza no brilla ni sopla. Gracias a G\u00fc\u00edmar, podremos apagar por fin esos mismos motores de gas y grupos di\u00e9sel que hoy vemos c\u00f3mo se perpet\u00faan en el BOE. Es la llave maestra para ahorrar unos 200 millones de euros anuales en nuestra factura de generaci\u00f3n y, lo que es infinitamente m\u00e1s urgente, erradicar millones de toneladas de CO2 de nuestro entorno.<\/p>\n\n\n\n<h3 class=\"wp-block-heading\">El Pr\u00f3ximo Paso<\/h3>\n\n\n\n<p class=\"wp-block-paragraph\">No podemos abrazar la transici\u00f3n energ\u00e9tica a medias. Mientras apoyamos con entusiasmo el indispensable avance del salto hidroel\u00e9ctrico de G\u00fc\u00edmar, debemos ser enormemente cr\u00edticos e implacables con las resoluciones que nos atan al pasado f\u00f3sil. La emergencia clim\u00e1tica no admite parches de gas ni silencios c\u00f3mplices; exige valent\u00eda, almacenamiento masivo a gran escala y un rechazo frontal a seguir envenenando el \u00fanico aire que tenemos.<\/p>\n\n\n\n<p class=\"wp-block-paragraph\"><\/p>\n","protected":false},"excerpt":{"rendered":"<p>Nueva Generaci\u00f3n F\u00f3sil El reloj clim\u00e1tico no perdona. Quienes conocen de cerca las entra\u00f1as de nuestras redes insulares saben que el calentamiento global, provocado directamente por la quema descontrolada de combustibles f\u00f3siles, no es una hip\u00f3tesis, es la mayor amenaza a la que nos enfrentamos. La transici\u00f3n hacia un modelo 100% renovable no es una [&hellip;]<\/p>\n","protected":false},"author":1,"featured_media":1239,"comment_status":"open","ping_status":"open","sticky":false,"template":"","format":"standard","meta":{"footnotes":""},"categories":[58],"tags":[],"class_list":["post-1237","post","type-post","status-publish","format-standard","has-post-thumbnail","category-concurrencia-competitiva"],"yoast_head":"<!-- This site is optimized with the Yoast SEO plugin v28.2 - https:\/\/yoast.com\/product\/yoast-seo-wordpress\/ -->\n<title>Doble rasero en Tenerife. M\u00e1s generaci\u00f3n f\u00f3sil - Salto Ecol\u00f3gico<\/title>\n<meta name=\"description\" content=\"Doble rasero en Tenerife al tener la buena noticia del comienzo del proyecto del bombeo en G\u00fc\u00edmar frente a la mala de mas generaci\u00f3n f\u00f3sil.\" \/>\n<meta name=\"robots\" content=\"index, follow, max-snippet:-1, max-image-preview:large, max-video-preview:-1\" \/>\n<link rel=\"canonical\" href=\"https:\/\/saltoecologico.es\/index.php\/2026\/02\/28\/doble-rasero-en-tenerife\/\" \/>\n<meta property=\"og:locale\" content=\"es_ES\" \/>\n<meta property=\"og:type\" content=\"article\" \/>\n<meta property=\"og:title\" content=\"Doble rasero en Tenerife. M\u00e1s generaci\u00f3n f\u00f3sil - Salto Ecol\u00f3gico\" \/>\n<meta property=\"og:description\" content=\"Doble rasero en Tenerife al tener la buena noticia del comienzo del proyecto del bombeo en G\u00fc\u00edmar frente a la mala de mas generaci\u00f3n f\u00f3sil.\" \/>\n<meta property=\"og:url\" content=\"https:\/\/saltoecologico.es\/index.php\/2026\/02\/28\/doble-rasero-en-tenerife\/\" \/>\n<meta property=\"og:site_name\" content=\"Salto Ecol\u00f3gico\" \/>\n<meta property=\"article:publisher\" content=\"https:\/\/www.facebook.com\/Saltotransicionecologica\" \/>\n<meta property=\"article:published_time\" content=\"2026-02-28T21:22:44+00:00\" \/>\n<meta property=\"article:modified_time\" content=\"2026-04-10T11:38:43+00:00\" \/>\n<meta property=\"og:image\" content=\"https:\/\/saltoecologico.es\/wp-content\/uploads\/2026\/02\/Tenerife-1.jpg\" \/>\n\t<meta property=\"og:image:width\" content=\"1024\" \/>\n\t<meta property=\"og:image:height\" content=\"572\" \/>\n\t<meta property=\"og:image:type\" content=\"image\/jpeg\" \/>\n<meta name=\"author\" content=\"admin\" \/>\n<meta name=\"twitter:card\" content=\"summary_large_image\" \/>\n<meta name=\"twitter:label1\" content=\"Escrito por\" \/>\n\t<meta name=\"twitter:data1\" content=\"admin\" \/>\n\t<meta name=\"twitter:label2\" content=\"Tiempo de lectura\" \/>\n\t<meta name=\"twitter:data2\" content=\"5 minutos\" \/>\n<script type=\"application\/ld+json\" class=\"yoast-schema-graph\">{\"@context\":\"https:\\\/\\\/schema.org\",\"@graph\":[{\"@type\":\"Article\",\"@id\":\"https:\\\/\\\/saltoecologico.es\\\/index.php\\\/2026\\\/02\\\/28\\\/doble-rasero-en-tenerife\\\/#article\",\"isPartOf\":{\"@id\":\"https:\\\/\\\/saltoecologico.es\\\/index.php\\\/2026\\\/02\\\/28\\\/doble-rasero-en-tenerife\\\/\"},\"author\":{\"name\":\"admin\",\"@id\":\"https:\\\/\\\/saltoecologico.es\\\/#\\\/schema\\\/person\\\/7175eec4b3c123d86c675313c3a01a0b\"},\"headline\":\"Doble rasero en Tenerife. M\u00e1s generaci\u00f3n f\u00f3sil\",\"datePublished\":\"2026-02-28T21:22:44+00:00\",\"dateModified\":\"2026-04-10T11:38:43+00:00\",\"mainEntityOfPage\":{\"@id\":\"https:\\\/\\\/saltoecologico.es\\\/index.php\\\/2026\\\/02\\\/28\\\/doble-rasero-en-tenerife\\\/\"},\"wordCount\":921,\"commentCount\":0,\"publisher\":{\"@id\":\"https:\\\/\\\/saltoecologico.es\\\/#organization\"},\"image\":{\"@id\":\"https:\\\/\\\/saltoecologico.es\\\/index.php\\\/2026\\\/02\\\/28\\\/doble-rasero-en-tenerife\\\/#primaryimage\"},\"thumbnailUrl\":\"https:\\\/\\\/saltoecologico.es\\\/wp-content\\\/uploads\\\/2026\\\/02\\\/Tenerife-1.jpg\",\"articleSection\":[\"Concurrencia competitiva\"],\"inLanguage\":\"es\",\"potentialAction\":[{\"@type\":\"CommentAction\",\"name\":\"Comment\",\"target\":[\"https:\\\/\\\/saltoecologico.es\\\/index.php\\\/2026\\\/02\\\/28\\\/doble-rasero-en-tenerife\\\/#respond\"]}]},{\"@type\":\"WebPage\",\"@id\":\"https:\\\/\\\/saltoecologico.es\\\/index.php\\\/2026\\\/02\\\/28\\\/doble-rasero-en-tenerife\\\/\",\"url\":\"https:\\\/\\\/saltoecologico.es\\\/index.php\\\/2026\\\/02\\\/28\\\/doble-rasero-en-tenerife\\\/\",\"name\":\"Doble rasero en Tenerife. M\u00e1s generaci\u00f3n f\u00f3sil - Salto Ecol\u00f3gico\",\"isPartOf\":{\"@id\":\"https:\\\/\\\/saltoecologico.es\\\/#website\"},\"primaryImageOfPage\":{\"@id\":\"https:\\\/\\\/saltoecologico.es\\\/index.php\\\/2026\\\/02\\\/28\\\/doble-rasero-en-tenerife\\\/#primaryimage\"},\"image\":{\"@id\":\"https:\\\/\\\/saltoecologico.es\\\/index.php\\\/2026\\\/02\\\/28\\\/doble-rasero-en-tenerife\\\/#primaryimage\"},\"thumbnailUrl\":\"https:\\\/\\\/saltoecologico.es\\\/wp-content\\\/uploads\\\/2026\\\/02\\\/Tenerife-1.jpg\",\"datePublished\":\"2026-02-28T21:22:44+00:00\",\"dateModified\":\"2026-04-10T11:38:43+00:00\",\"description\":\"Doble rasero en Tenerife al tener la buena noticia del comienzo del proyecto del bombeo en G\u00fc\u00edmar frente a la mala de mas generaci\u00f3n f\u00f3sil.\",\"breadcrumb\":{\"@id\":\"https:\\\/\\\/saltoecologico.es\\\/index.php\\\/2026\\\/02\\\/28\\\/doble-rasero-en-tenerife\\\/#breadcrumb\"},\"inLanguage\":\"es\",\"potentialAction\":[{\"@type\":\"ReadAction\",\"target\":[\"https:\\\/\\\/saltoecologico.es\\\/index.php\\\/2026\\\/02\\\/28\\\/doble-rasero-en-tenerife\\\/\"]}]},{\"@type\":\"ImageObject\",\"inLanguage\":\"es\",\"@id\":\"https:\\\/\\\/saltoecologico.es\\\/index.php\\\/2026\\\/02\\\/28\\\/doble-rasero-en-tenerife\\\/#primaryimage\",\"url\":\"https:\\\/\\\/saltoecologico.es\\\/wp-content\\\/uploads\\\/2026\\\/02\\\/Tenerife-1.jpg\",\"contentUrl\":\"https:\\\/\\\/saltoecologico.es\\\/wp-content\\\/uploads\\\/2026\\\/02\\\/Tenerife-1.jpg\",\"width\":1024,\"height\":572},{\"@type\":\"BreadcrumbList\",\"@id\":\"https:\\\/\\\/saltoecologico.es\\\/index.php\\\/2026\\\/02\\\/28\\\/doble-rasero-en-tenerife\\\/#breadcrumb\",\"itemListElement\":[{\"@type\":\"ListItem\",\"position\":1,\"name\":\"Portada\",\"item\":\"https:\\\/\\\/saltoecologico.es\\\/\"},{\"@type\":\"ListItem\",\"position\":2,\"name\":\"Doble rasero en Tenerife. M\u00e1s generaci\u00f3n f\u00f3sil\"}]},{\"@type\":\"WebSite\",\"@id\":\"https:\\\/\\\/saltoecologico.es\\\/#website\",\"url\":\"https:\\\/\\\/saltoecologico.es\\\/\",\"name\":\"Salto Ecol\u00f3gico\",\"description\":\"\",\"publisher\":{\"@id\":\"https:\\\/\\\/saltoecologico.es\\\/#organization\"},\"potentialAction\":[{\"@type\":\"SearchAction\",\"target\":{\"@type\":\"EntryPoint\",\"urlTemplate\":\"https:\\\/\\\/saltoecologico.es\\\/?s={search_term_string}\"},\"query-input\":{\"@type\":\"PropertyValueSpecification\",\"valueRequired\":true,\"valueName\":\"search_term_string\"}}],\"inLanguage\":\"es\"},{\"@type\":\"Organization\",\"@id\":\"https:\\\/\\\/saltoecologico.es\\\/#organization\",\"name\":\"Salto a la Transici\u00f3n Ecol\u00f3gica\",\"url\":\"https:\\\/\\\/saltoecologico.es\\\/\",\"logo\":{\"@type\":\"ImageObject\",\"inLanguage\":\"es\",\"@id\":\"https:\\\/\\\/saltoecologico.es\\\/#\\\/schema\\\/logo\\\/image\\\/\",\"url\":\"https:\\\/\\\/saltoecologico.es\\\/wp-content\\\/uploads\\\/2025\\\/04\\\/Logo-STE.jpg\",\"contentUrl\":\"https:\\\/\\\/saltoecologico.es\\\/wp-content\\\/uploads\\\/2025\\\/04\\\/Logo-STE.jpg\",\"width\":435,\"height\":435,\"caption\":\"Salto a la Transici\u00f3n Ecol\u00f3gica\"},\"image\":{\"@id\":\"https:\\\/\\\/saltoecologico.es\\\/#\\\/schema\\\/logo\\\/image\\\/\"},\"sameAs\":[\"https:\\\/\\\/www.facebook.com\\\/Saltotransicionecologica\"]},{\"@type\":\"Person\",\"@id\":\"https:\\\/\\\/saltoecologico.es\\\/#\\\/schema\\\/person\\\/7175eec4b3c123d86c675313c3a01a0b\",\"name\":\"admin\",\"image\":{\"@type\":\"ImageObject\",\"inLanguage\":\"es\",\"@id\":\"https:\\\/\\\/secure.gravatar.com\\\/avatar\\\/4c215dc57bbc7b2f2f470ac9bd197f3f112636a584e575a732d0206a2d9c9806?s=96&d=mm&r=g\",\"url\":\"https:\\\/\\\/secure.gravatar.com\\\/avatar\\\/4c215dc57bbc7b2f2f470ac9bd197f3f112636a584e575a732d0206a2d9c9806?s=96&d=mm&r=g\",\"contentUrl\":\"https:\\\/\\\/secure.gravatar.com\\\/avatar\\\/4c215dc57bbc7b2f2f470ac9bd197f3f112636a584e575a732d0206a2d9c9806?s=96&d=mm&r=g\",\"caption\":\"admin\"},\"sameAs\":[\"https:\\\/\\\/saltoecologico.es\"],\"url\":\"https:\\\/\\\/saltoecologico.es\\\/index.php\\\/author\\\/saltoecologico\\\/\"}]}<\/script>\n<!-- \/ Yoast SEO plugin. -->","yoast_head_json":{"title":"Doble rasero en Tenerife. M\u00e1s generaci\u00f3n f\u00f3sil - Salto Ecol\u00f3gico","description":"Doble rasero en Tenerife al tener la buena noticia del comienzo del proyecto del bombeo en G\u00fc\u00edmar frente a la mala de mas generaci\u00f3n f\u00f3sil.","robots":{"index":"index","follow":"follow","max-snippet":"max-snippet:-1","max-image-preview":"max-image-preview:large","max-video-preview":"max-video-preview:-1"},"canonical":"https:\/\/saltoecologico.es\/index.php\/2026\/02\/28\/doble-rasero-en-tenerife\/","og_locale":"es_ES","og_type":"article","og_title":"Doble rasero en Tenerife. M\u00e1s generaci\u00f3n f\u00f3sil - Salto Ecol\u00f3gico","og_description":"Doble rasero en Tenerife al tener la buena noticia del comienzo del proyecto del bombeo en G\u00fc\u00edmar frente a la mala de mas generaci\u00f3n f\u00f3sil.","og_url":"https:\/\/saltoecologico.es\/index.php\/2026\/02\/28\/doble-rasero-en-tenerife\/","og_site_name":"Salto Ecol\u00f3gico","article_publisher":"https:\/\/www.facebook.com\/Saltotransicionecologica","article_published_time":"2026-02-28T21:22:44+00:00","article_modified_time":"2026-04-10T11:38:43+00:00","og_image":[{"width":1024,"height":572,"url":"https:\/\/saltoecologico.es\/wp-content\/uploads\/2026\/02\/Tenerife-1.jpg","type":"image\/jpeg"}],"author":"admin","twitter_card":"summary_large_image","twitter_misc":{"Escrito por":"admin","Tiempo de lectura":"5 minutos"},"schema":{"@context":"https:\/\/schema.org","@graph":[{"@type":"Article","@id":"https:\/\/saltoecologico.es\/index.php\/2026\/02\/28\/doble-rasero-en-tenerife\/#article","isPartOf":{"@id":"https:\/\/saltoecologico.es\/index.php\/2026\/02\/28\/doble-rasero-en-tenerife\/"},"author":{"name":"admin","@id":"https:\/\/saltoecologico.es\/#\/schema\/person\/7175eec4b3c123d86c675313c3a01a0b"},"headline":"Doble rasero en Tenerife. M\u00e1s generaci\u00f3n f\u00f3sil","datePublished":"2026-02-28T21:22:44+00:00","dateModified":"2026-04-10T11:38:43+00:00","mainEntityOfPage":{"@id":"https:\/\/saltoecologico.es\/index.php\/2026\/02\/28\/doble-rasero-en-tenerife\/"},"wordCount":921,"commentCount":0,"publisher":{"@id":"https:\/\/saltoecologico.es\/#organization"},"image":{"@id":"https:\/\/saltoecologico.es\/index.php\/2026\/02\/28\/doble-rasero-en-tenerife\/#primaryimage"},"thumbnailUrl":"https:\/\/saltoecologico.es\/wp-content\/uploads\/2026\/02\/Tenerife-1.jpg","articleSection":["Concurrencia competitiva"],"inLanguage":"es","potentialAction":[{"@type":"CommentAction","name":"Comment","target":["https:\/\/saltoecologico.es\/index.php\/2026\/02\/28\/doble-rasero-en-tenerife\/#respond"]}]},{"@type":"WebPage","@id":"https:\/\/saltoecologico.es\/index.php\/2026\/02\/28\/doble-rasero-en-tenerife\/","url":"https:\/\/saltoecologico.es\/index.php\/2026\/02\/28\/doble-rasero-en-tenerife\/","name":"Doble rasero en Tenerife. M\u00e1s generaci\u00f3n f\u00f3sil - Salto Ecol\u00f3gico","isPartOf":{"@id":"https:\/\/saltoecologico.es\/#website"},"primaryImageOfPage":{"@id":"https:\/\/saltoecologico.es\/index.php\/2026\/02\/28\/doble-rasero-en-tenerife\/#primaryimage"},"image":{"@id":"https:\/\/saltoecologico.es\/index.php\/2026\/02\/28\/doble-rasero-en-tenerife\/#primaryimage"},"thumbnailUrl":"https:\/\/saltoecologico.es\/wp-content\/uploads\/2026\/02\/Tenerife-1.jpg","datePublished":"2026-02-28T21:22:44+00:00","dateModified":"2026-04-10T11:38:43+00:00","description":"Doble rasero en Tenerife al tener la buena noticia del comienzo del proyecto del bombeo en G\u00fc\u00edmar frente a la mala de mas generaci\u00f3n f\u00f3sil.","breadcrumb":{"@id":"https:\/\/saltoecologico.es\/index.php\/2026\/02\/28\/doble-rasero-en-tenerife\/#breadcrumb"},"inLanguage":"es","potentialAction":[{"@type":"ReadAction","target":["https:\/\/saltoecologico.es\/index.php\/2026\/02\/28\/doble-rasero-en-tenerife\/"]}]},{"@type":"ImageObject","inLanguage":"es","@id":"https:\/\/saltoecologico.es\/index.php\/2026\/02\/28\/doble-rasero-en-tenerife\/#primaryimage","url":"https:\/\/saltoecologico.es\/wp-content\/uploads\/2026\/02\/Tenerife-1.jpg","contentUrl":"https:\/\/saltoecologico.es\/wp-content\/uploads\/2026\/02\/Tenerife-1.jpg","width":1024,"height":572},{"@type":"BreadcrumbList","@id":"https:\/\/saltoecologico.es\/index.php\/2026\/02\/28\/doble-rasero-en-tenerife\/#breadcrumb","itemListElement":[{"@type":"ListItem","position":1,"name":"Portada","item":"https:\/\/saltoecologico.es\/"},{"@type":"ListItem","position":2,"name":"Doble rasero en Tenerife. M\u00e1s generaci\u00f3n f\u00f3sil"}]},{"@type":"WebSite","@id":"https:\/\/saltoecologico.es\/#website","url":"https:\/\/saltoecologico.es\/","name":"Salto Ecol\u00f3gico","description":"","publisher":{"@id":"https:\/\/saltoecologico.es\/#organization"},"potentialAction":[{"@type":"SearchAction","target":{"@type":"EntryPoint","urlTemplate":"https:\/\/saltoecologico.es\/?s={search_term_string}"},"query-input":{"@type":"PropertyValueSpecification","valueRequired":true,"valueName":"search_term_string"}}],"inLanguage":"es"},{"@type":"Organization","@id":"https:\/\/saltoecologico.es\/#organization","name":"Salto a la Transici\u00f3n Ecol\u00f3gica","url":"https:\/\/saltoecologico.es\/","logo":{"@type":"ImageObject","inLanguage":"es","@id":"https:\/\/saltoecologico.es\/#\/schema\/logo\/image\/","url":"https:\/\/saltoecologico.es\/wp-content\/uploads\/2025\/04\/Logo-STE.jpg","contentUrl":"https:\/\/saltoecologico.es\/wp-content\/uploads\/2025\/04\/Logo-STE.jpg","width":435,"height":435,"caption":"Salto a la Transici\u00f3n Ecol\u00f3gica"},"image":{"@id":"https:\/\/saltoecologico.es\/#\/schema\/logo\/image\/"},"sameAs":["https:\/\/www.facebook.com\/Saltotransicionecologica"]},{"@type":"Person","@id":"https:\/\/saltoecologico.es\/#\/schema\/person\/7175eec4b3c123d86c675313c3a01a0b","name":"admin","image":{"@type":"ImageObject","inLanguage":"es","@id":"https:\/\/secure.gravatar.com\/avatar\/4c215dc57bbc7b2f2f470ac9bd197f3f112636a584e575a732d0206a2d9c9806?s=96&d=mm&r=g","url":"https:\/\/secure.gravatar.com\/avatar\/4c215dc57bbc7b2f2f470ac9bd197f3f112636a584e575a732d0206a2d9c9806?s=96&d=mm&r=g","contentUrl":"https:\/\/secure.gravatar.com\/avatar\/4c215dc57bbc7b2f2f470ac9bd197f3f112636a584e575a732d0206a2d9c9806?s=96&d=mm&r=g","caption":"admin"},"sameAs":["https:\/\/saltoecologico.es"],"url":"https:\/\/saltoecologico.es\/index.php\/author\/saltoecologico\/"}]}},"_links":{"self":[{"href":"https:\/\/saltoecologico.es\/index.php\/wp-json\/wp\/v2\/posts\/1237","targetHints":{"allow":["GET"]}}],"collection":[{"href":"https:\/\/saltoecologico.es\/index.php\/wp-json\/wp\/v2\/posts"}],"about":[{"href":"https:\/\/saltoecologico.es\/index.php\/wp-json\/wp\/v2\/types\/post"}],"author":[{"embeddable":true,"href":"https:\/\/saltoecologico.es\/index.php\/wp-json\/wp\/v2\/users\/1"}],"replies":[{"embeddable":true,"href":"https:\/\/saltoecologico.es\/index.php\/wp-json\/wp\/v2\/comments?post=1237"}],"version-history":[{"count":2,"href":"https:\/\/saltoecologico.es\/index.php\/wp-json\/wp\/v2\/posts\/1237\/revisions"}],"predecessor-version":[{"id":1241,"href":"https:\/\/saltoecologico.es\/index.php\/wp-json\/wp\/v2\/posts\/1237\/revisions\/1241"}],"wp:featuredmedia":[{"embeddable":true,"href":"https:\/\/saltoecologico.es\/index.php\/wp-json\/wp\/v2\/media\/1239"}],"wp:attachment":[{"href":"https:\/\/saltoecologico.es\/index.php\/wp-json\/wp\/v2\/media?parent=1237"}],"wp:term":[{"taxonomy":"category","embeddable":true,"href":"https:\/\/saltoecologico.es\/index.php\/wp-json\/wp\/v2\/categories?post=1237"},{"taxonomy":"post_tag","embeddable":true,"href":"https:\/\/saltoecologico.es\/index.php\/wp-json\/wp\/v2\/tags?post=1237"}],"curies":[{"name":"wp","href":"https:\/\/api.w.org\/{rel}","templated":true}]}}