{"id":1242,"date":"2026-03-02T20:21:52","date_gmt":"2026-03-02T20:21:52","guid":{"rendered":"https:\/\/saltoecologico.es\/?p=1242"},"modified":"2026-03-02T20:21:56","modified_gmt":"2026-03-02T20:21:56","slug":"futuro-electrico-de-lanzarote","status":"publish","type":"post","link":"https:\/\/saltoecologico.es\/index.php\/2026\/03\/02\/futuro-electrico-de-lanzarote\/","title":{"rendered":"Futuro el\u00e9ctrico de Lanzarote: an\u00e1lisis de nuevas normativas"},"content":{"rendered":"\n<h2 class=\"wp-block-heading\"><strong>El Futuro El\u00e9ctrico de Lanzarote a la Luz del BOE de febrero de 2026<\/strong><\/h2>\n\n\n\n<p class=\"wp-block-paragraph\">La crisis clim\u00e1tica antropog\u00e9nica, impulsada irremediablemente por la quema de combustibles f\u00f3siles, nos exige una profunda reflexi\u00f3n sobre c\u00f3mo gestionamos nuestra energ\u00eda. En los territorios insulares, donde la fragilidad del entorno natural choca frontalmente con la necesidad de garantizar el suministro el\u00e9ctrico, cada decisi\u00f3n regulatoria marca nuestro camino hacia el futuro.<\/p>\n\n\n\n<p class=\"wp-block-paragraph\">Recientemente, el 24 de febrero de 2026, se public\u00f3 en el Bolet\u00edn Oficial del Estado (BOE) <a href=\"https:\/\/www.boe.es\/diario_boe\/txt.php?id=BOE-A-2026-4269\">la Resoluci\u00f3n de 3 de febrero de 2026 <\/a>de la Direcci\u00f3n General de Pol\u00edtica Energ\u00e9tica y Minas. Esta norma resuelve el procedimiento competitivo para otorgar el r\u00e9gimen retributivo adicional a las instalaciones de los territorios no peninsulares.<\/p>\n\n\n\n<p class=\"wp-block-paragraph\">A continuaci\u00f3n, desgranamos desde una perspectiva t\u00e9cnica y ambiental qu\u00e9 significa exactamente este documento para la isla de Lanzarote.<\/p>\n\n\n\n<h2 class=\"wp-block-heading\"><strong>1. El Contexto: Un Subsistema Interconectado<\/strong><\/h2>\n\n\n\n<p class=\"wp-block-paragraph\">Lo primero que debemos tener en cuenta al leer la resoluci\u00f3n es que trata nuestra red insular como el sistema el\u00e9ctrico conjunto de \u00abLanzarote-Fuerteventura\u00bb. Las necesidades de generaci\u00f3n, estabilidad t\u00e9cnica y cobertura de la demanda se eval\u00faan de forma unificada para ambas islas, lo que explica por qu\u00e9 muchas de las nuevas inversiones autorizadas se concentran geogr\u00e1ficamente en Fuerteventura (con m\u00faltiples proyectos de motores de gas aprobados en Puerto del Rosario y Jares).<\/p>\n\n\n\n<h2 class=\"wp-block-heading\"><strong>2. Lo que se aprueba en Lanzarote: La Central de Punta Grande<\/strong><\/h2>\n\n\n\n<p class=\"wp-block-paragraph\">El n\u00facleo t\u00e9rmico de Lanzarote se sit\u00faa en el nudo de Punta Grande. Si miramos hacia el objetivo irrenunciable de descarbonizar nuestra econom\u00eda para frenar el cambio clim\u00e1tico, las noticias que arroja el Anexo I de la resoluci\u00f3n presentan un escenario de continuidad f\u00f3sil:<\/p>\n\n\n\n<h3 class=\"wp-block-heading\"><strong>Extensi\u00f3n de vida \u00fatil de grupos di\u00e9sel<\/strong><\/h3>\n\n\n\n<ul class=\"wp-block-list\">\n<li>Se ha otorgado resoluci\u00f3n favorable para la extensi\u00f3n de la vida \u00fatil de varios grupos que operan con tecnolog\u00eda di\u00e9sel de 4 tiempos conectados a la red de 66 kV.<\/li>\n\n\n\n<li>En concreto, se aprueba la continuidad de los grupos LZ-PG-03, LZ-PG-04 y LZ-PG-05, aportando cada uno 6,49 MW de potencia neta.<\/li>\n\n\n\n<li>Tambi\u00e9n se extiende la vida de los grupos LZ-PG-09 y LZ-PG-10, de 17,20 MW cada uno.<\/li>\n\n\n\n<li>A estos cinco grupos se les reconoce el r\u00e9gimen retributivo adicional por un periodo de 5 a\u00f1os al finalizar su vida \u00fatil regulatoria sin necesidad de realizar nuevas inversiones.<\/li>\n<\/ul>\n\n\n\n<h3 class=\"wp-block-heading\"><strong>Nueva inversi\u00f3n autorizada<\/strong><\/h3>\n\n\n\n<ul class=\"wp-block-list\">\n<li> El grupo Endesa LZ-PG-01, una turbina de gas \u00abheavy duty\u00bb de 19,60 MW, ha recibido aprobaci\u00f3n para una nueva inversi\u00f3n.<\/li>\n\n\n\n<li>Esta inversi\u00f3n asciende a 8.418.302,10 euros y le otorga una nueva vida \u00fatil regulatoria de 10 a\u00f1os.<\/li>\n<\/ul>\n\n\n\n<h2 class=\"wp-block-heading\"><strong>3. Lo que queda fuera: Limpiando el parque de generaci\u00f3n<\/strong><\/h2>\n\n\n\n<p class=\"wp-block-paragraph\">El Anexo II de la resoluci\u00f3n tambi\u00e9n nos muestra una purga t\u00e9cnica de las solicitudes que no han prosperado, lo que desde el punto de vista de la planificaci\u00f3n supone descartar cierta capacidad f\u00f3sil en el horizonte analizado:<\/p>\n\n\n\n<ul class=\"wp-block-list\">\n<li><strong>Por desistimiento del promotor:<\/strong> Han quedado fuera los grupos LZ-PG-11, LZ-PG-12, LZ-PG-13, LZ-PG-14 y LZ-PG-15.<\/li>\n\n\n\n<li><strong>Por el orden de prelaci\u00f3n t\u00e9cnico-econ\u00f3mico:<\/strong> Se han descartado los proyectos de los grupos LZ-PG-06, LZ-PG-07 y LZ-PG-08.<\/li>\n\n\n\n<li><strong>Por tama\u00f1o inadecuado:<\/strong> El grupo LZ-PG-02 fue excluido al considerarse que posee un \u00abtama\u00f1o no adecuado para el subsistema\u00bb.<\/li>\n<\/ul>\n\n\n\n<p class=\"wp-block-paragraph\">A estos grupos excluidos se les declara la p\u00e9rdida del r\u00e9gimen retributivo adicional, supeditada a que el operador del sistema emita un informe asegurando que su retirada no compromete la garant\u00eda de suministro.<\/p>\n\n\n\n<figure class=\"wp-block-image size-full\"><img loading=\"lazy\" decoding=\"async\" width=\"1024\" height=\"559\" src=\"https:\/\/saltoecologico.es\/wp-content\/uploads\/2026\/03\/Lanzarote-1.jpg\" alt=\"Futuro el\u00e9ctrico de Lanzarote\" class=\"wp-image-1243\" srcset=\"https:\/\/saltoecologico.es\/wp-content\/uploads\/2026\/03\/Lanzarote-1.jpg 1024w, https:\/\/saltoecologico.es\/wp-content\/uploads\/2026\/03\/Lanzarote-1-300x164.jpg 300w, https:\/\/saltoecologico.es\/wp-content\/uploads\/2026\/03\/Lanzarote-1-768x419.jpg 768w, https:\/\/saltoecologico.es\/wp-content\/uploads\/2026\/03\/Lanzarote-1-769x420.jpg 769w, https:\/\/saltoecologico.es\/wp-content\/uploads\/2026\/03\/Lanzarote-1-150x82.jpg 150w, https:\/\/saltoecologico.es\/wp-content\/uploads\/2026\/03\/Lanzarote-1-696x380.jpg 696w\" sizes=\"auto, (max-width: 1024px) 100vw, 1024px\" \/><\/figure>\n\n\n\n<h2 class=\"wp-block-heading\"><strong>4. Los Obst\u00e1culos Actuales en la Transici\u00f3n Energ\u00e9tica de Lanzarote<\/strong><\/h2>\n\n\n\n<p class=\"wp-block-paragraph\">M\u00e1s all\u00e1 de la reciente resoluci\u00f3n del BOE que consolida la dependencia f\u00f3sil a corto plazo, el camino hacia la descarbonizaci\u00f3n en la isla se est\u00e1 topando con barreras institucionales y discursos que, lejos de ayudar, les alejan del objetivo. Como observadores comprometidos con nuestro entorno, no podemos pasar por alto una serie de problem\u00e1ticas recientes, plenamente vigentes a fecha de hoy, que amenazan el futuro energ\u00e9tico insular.<\/p>\n\n\n\n<h3 class=\"wp-block-heading\"><strong>El mito de los tejados y el rechazo a las ZAR<\/strong><\/h3>\n\n\n\n<p class=\"wp-block-paragraph\">\u00daltimamente, vemos c\u00f3mo las administraciones de Lanzarote, p\u00e9simamente asesoradas, han ca\u00eddo en el relato falaz de que el problema se soluciona \u00fanicamente colocando placas fotovoltaicas en las cubiertas. Argumentan que se debe priorizar el uso de los tejados antes de plantear cualquier implantaci\u00f3n en el suelo. Si bien el autoconsumo es una pieza fant\u00e1stica y vital del rompecabezas, los n\u00fameros son tozudos: es material y t\u00e9cnicamente imposible configurar un sistema 100% renovable y estable para una isla entera apoy\u00e1ndonos exclusivamente en los tejados. <a href=\"https:\/\/saltoecologico.es\/index.php\/2023\/08\/16\/ptecan-y-lanzarote\/\">Necesitamos plantas de generaci\u00f3n a mayor escala.<\/a><\/p>\n\n\n\n<p class=\"wp-block-paragraph\">Esta falsa creencia ha llevado a las instituciones insulares a solicitar la paralizaci\u00f3n oficial de las famosas ZAR (Zonas de Aceleraci\u00f3n de Renovables). Estas zonas, que hab\u00edan sido acordadas previamente con el Gobierno auton\u00f3mico para delimitar los terrenos m\u00e1s aptos para la e\u00f3lica y la fotovoltaica, est\u00e1n siendo desechadas bajo la premisa de que no son necesarias, utilizando para ello datos de utilizaci\u00f3n del espacio y capacidad de generaci\u00f3n totalmente err\u00f3neos.<\/p>\n\n\n\n<h3 class=\"wp-block-heading\"><strong>Un d\u00e9ficit energ\u00e9tico preocupante frente a Fuerteventura<\/strong><\/h3>\n\n\n\n<p class=\"wp-block-paragraph\">Es francamente lamentable que se juegue con algo tan cr\u00edtico e importante como el suministro el\u00e9ctrico. Debemos recordar que Lanzarote y Fuerteventura operan como un \u00fanico sistema interconectado mediante cable submarino. En este balance conjunto, Lanzarote es deficitaria energ\u00e9ticamente con respecto a su isla vecina y, para colmo, presenta una de las tasas de penetraci\u00f3n de energ\u00edas renovables m\u00e1s bajas de todo el archipi\u00e9lago.<\/p>\n\n\n\n<p class=\"wp-block-paragraph\">Frenar el despliegue de nueva generaci\u00f3n limpia no solo les estanca en la quema de combustibles f\u00f3siles, sino que aumenta su vulnerabilidad y dependencia de las infraestructuras majoreras para mantener la luz encendida en sus hogares.<\/p>\n\n\n\n<h3 class=\"wp-block-heading\"><strong>La urgencia de abaratar un sistema el\u00e9ctrico subsidiado<\/strong><\/h3>\n\n\n\n<p class=\"wp-block-paragraph\">Por \u00faltimo, pero no menos importante, nos enfrentamos a una cuesti\u00f3n de solidaridad y eficiencia econ\u00f3mica. El sistema el\u00e9ctrico de los territorios no peninsulares, como es el caso de Canarias, est\u00e1 fuertemente subsidiado a nivel nacional de una manera muy generosa para garantizar que todos paguemos lo mismo en nuestra factura de la luz.<\/p>\n\n\n\n<p class=\"wp-block-paragraph\">Resulta muy lamentable que, contando con este respaldo estatal, no se est\u00e9n haciendo a nivel local los esfuerzos necesarios para abaratar los alt\u00edsimos costes de generaci\u00f3n del sistema. Las energ\u00edas renovables son, a d\u00eda de hoy, infinitamente m\u00e1s baratas que arrancar motores de combusti\u00f3n quemando gasoil importado. Cada megavatio verde que se deja de instalar por trabas burocr\u00e1ticas o relatos inexactos es un sobrecoste millonario que asume el conjunto de la sociedad.<\/p>\n\n\n\n<p class=\"wp-block-paragraph\">La emergencia clim\u00e1tica no entiende de pausas institucionales. Se necesita rigor t\u00e9cnico, valent\u00eda pol\u00edtica y un compromiso real para transformar el modelo energ\u00e9tico antes de que sea demasiado tarde.<\/p>\n","protected":false},"excerpt":{"rendered":"<p>El Futuro El\u00e9ctrico de Lanzarote a la Luz del BOE de febrero de 2026 La crisis clim\u00e1tica antropog\u00e9nica, impulsada irremediablemente por la quema de combustibles f\u00f3siles, nos exige una profunda reflexi\u00f3n sobre c\u00f3mo gestionamos nuestra energ\u00eda. En los territorios insulares, donde la fragilidad del entorno natural choca frontalmente con la necesidad de garantizar el suministro [&hellip;]<\/p>\n","protected":false},"author":1,"featured_media":1244,"comment_status":"open","ping_status":"open","sticky":false,"template":"","format":"standard","meta":{"footnotes":""},"categories":[58],"tags":[],"class_list":["post-1242","post","type-post","status-publish","format-standard","has-post-thumbnail","category-concurrencia-competitiva"],"yoast_head":"<!-- This site is optimized with the Yoast SEO plugin v28.2 - https:\/\/yoast.com\/product\/yoast-seo-wordpress\/ -->\n<title>Futuro el\u00e9ctrico de Lanzarote: an\u00e1lisis de nuevas normativas - Salto Ecol\u00f3gico<\/title>\n<meta name=\"description\" content=\"El futuro el\u00e9ctrico de Lanzarote no se muestra muy sostenible que digamos a la vista de lo publicado en el BOE y de ciertas actitudes.\" \/>\n<meta name=\"robots\" content=\"index, follow, max-snippet:-1, max-image-preview:large, max-video-preview:-1\" \/>\n<link rel=\"canonical\" href=\"https:\/\/saltoecologico.es\/index.php\/2026\/03\/02\/futuro-electrico-de-lanzarote\/\" \/>\n<meta property=\"og:locale\" content=\"es_ES\" \/>\n<meta property=\"og:type\" content=\"article\" \/>\n<meta property=\"og:title\" content=\"Futuro el\u00e9ctrico de Lanzarote: an\u00e1lisis de nuevas normativas - Salto Ecol\u00f3gico\" \/>\n<meta property=\"og:description\" content=\"El futuro el\u00e9ctrico de Lanzarote no se muestra muy sostenible que digamos a la vista de lo publicado en el BOE y de ciertas actitudes.\" \/>\n<meta property=\"og:url\" content=\"https:\/\/saltoecologico.es\/index.php\/2026\/03\/02\/futuro-electrico-de-lanzarote\/\" \/>\n<meta property=\"og:site_name\" content=\"Salto Ecol\u00f3gico\" \/>\n<meta property=\"article:publisher\" content=\"https:\/\/www.facebook.com\/Saltotransicionecologica\" \/>\n<meta property=\"article:published_time\" content=\"2026-03-02T20:21:52+00:00\" \/>\n<meta property=\"article:modified_time\" content=\"2026-03-02T20:21:56+00:00\" \/>\n<meta property=\"og:image\" content=\"https:\/\/saltoecologico.es\/wp-content\/uploads\/2026\/03\/Lanzarote-2.jpg\" \/>\n\t<meta property=\"og:image:width\" content=\"1024\" \/>\n\t<meta property=\"og:image:height\" content=\"572\" \/>\n\t<meta property=\"og:image:type\" content=\"image\/jpeg\" \/>\n<meta name=\"author\" content=\"admin\" \/>\n<meta name=\"twitter:card\" content=\"summary_large_image\" \/>\n<meta name=\"twitter:label1\" content=\"Escrito por\" \/>\n\t<meta name=\"twitter:data1\" content=\"admin\" \/>\n\t<meta name=\"twitter:label2\" content=\"Tiempo de lectura\" \/>\n\t<meta name=\"twitter:data2\" content=\"6 minutos\" \/>\n<script type=\"application\/ld+json\" class=\"yoast-schema-graph\">{\"@context\":\"https:\\\/\\\/schema.org\",\"@graph\":[{\"@type\":\"Article\",\"@id\":\"https:\\\/\\\/saltoecologico.es\\\/index.php\\\/2026\\\/03\\\/02\\\/futuro-electrico-de-lanzarote\\\/#article\",\"isPartOf\":{\"@id\":\"https:\\\/\\\/saltoecologico.es\\\/index.php\\\/2026\\\/03\\\/02\\\/futuro-electrico-de-lanzarote\\\/\"},\"author\":{\"name\":\"admin\",\"@id\":\"https:\\\/\\\/saltoecologico.es\\\/#\\\/schema\\\/person\\\/7175eec4b3c123d86c675313c3a01a0b\"},\"headline\":\"Futuro el\u00e9ctrico de Lanzarote: an\u00e1lisis de nuevas normativas\",\"datePublished\":\"2026-03-02T20:21:52+00:00\",\"dateModified\":\"2026-03-02T20:21:56+00:00\",\"mainEntityOfPage\":{\"@id\":\"https:\\\/\\\/saltoecologico.es\\\/index.php\\\/2026\\\/03\\\/02\\\/futuro-electrico-de-lanzarote\\\/\"},\"wordCount\":1175,\"commentCount\":0,\"publisher\":{\"@id\":\"https:\\\/\\\/saltoecologico.es\\\/#organization\"},\"image\":{\"@id\":\"https:\\\/\\\/saltoecologico.es\\\/index.php\\\/2026\\\/03\\\/02\\\/futuro-electrico-de-lanzarote\\\/#primaryimage\"},\"thumbnailUrl\":\"https:\\\/\\\/saltoecologico.es\\\/wp-content\\\/uploads\\\/2026\\\/03\\\/Lanzarote-2.jpg\",\"articleSection\":[\"Concurrencia competitiva\"],\"inLanguage\":\"es\",\"potentialAction\":[{\"@type\":\"CommentAction\",\"name\":\"Comment\",\"target\":[\"https:\\\/\\\/saltoecologico.es\\\/index.php\\\/2026\\\/03\\\/02\\\/futuro-electrico-de-lanzarote\\\/#respond\"]}]},{\"@type\":\"WebPage\",\"@id\":\"https:\\\/\\\/saltoecologico.es\\\/index.php\\\/2026\\\/03\\\/02\\\/futuro-electrico-de-lanzarote\\\/\",\"url\":\"https:\\\/\\\/saltoecologico.es\\\/index.php\\\/2026\\\/03\\\/02\\\/futuro-electrico-de-lanzarote\\\/\",\"name\":\"Futuro el\u00e9ctrico de Lanzarote: an\u00e1lisis de nuevas normativas - Salto Ecol\u00f3gico\",\"isPartOf\":{\"@id\":\"https:\\\/\\\/saltoecologico.es\\\/#website\"},\"primaryImageOfPage\":{\"@id\":\"https:\\\/\\\/saltoecologico.es\\\/index.php\\\/2026\\\/03\\\/02\\\/futuro-electrico-de-lanzarote\\\/#primaryimage\"},\"image\":{\"@id\":\"https:\\\/\\\/saltoecologico.es\\\/index.php\\\/2026\\\/03\\\/02\\\/futuro-electrico-de-lanzarote\\\/#primaryimage\"},\"thumbnailUrl\":\"https:\\\/\\\/saltoecologico.es\\\/wp-content\\\/uploads\\\/2026\\\/03\\\/Lanzarote-2.jpg\",\"datePublished\":\"2026-03-02T20:21:52+00:00\",\"dateModified\":\"2026-03-02T20:21:56+00:00\",\"description\":\"El futuro el\u00e9ctrico de Lanzarote no se muestra muy sostenible que digamos a la vista de lo publicado en el BOE y de ciertas actitudes.\",\"breadcrumb\":{\"@id\":\"https:\\\/\\\/saltoecologico.es\\\/index.php\\\/2026\\\/03\\\/02\\\/futuro-electrico-de-lanzarote\\\/#breadcrumb\"},\"inLanguage\":\"es\",\"potentialAction\":[{\"@type\":\"ReadAction\",\"target\":[\"https:\\\/\\\/saltoecologico.es\\\/index.php\\\/2026\\\/03\\\/02\\\/futuro-electrico-de-lanzarote\\\/\"]}]},{\"@type\":\"ImageObject\",\"inLanguage\":\"es\",\"@id\":\"https:\\\/\\\/saltoecologico.es\\\/index.php\\\/2026\\\/03\\\/02\\\/futuro-electrico-de-lanzarote\\\/#primaryimage\",\"url\":\"https:\\\/\\\/saltoecologico.es\\\/wp-content\\\/uploads\\\/2026\\\/03\\\/Lanzarote-2.jpg\",\"contentUrl\":\"https:\\\/\\\/saltoecologico.es\\\/wp-content\\\/uploads\\\/2026\\\/03\\\/Lanzarote-2.jpg\",\"width\":1024,\"height\":572},{\"@type\":\"BreadcrumbList\",\"@id\":\"https:\\\/\\\/saltoecologico.es\\\/index.php\\\/2026\\\/03\\\/02\\\/futuro-electrico-de-lanzarote\\\/#breadcrumb\",\"itemListElement\":[{\"@type\":\"ListItem\",\"position\":1,\"name\":\"Portada\",\"item\":\"https:\\\/\\\/saltoecologico.es\\\/\"},{\"@type\":\"ListItem\",\"position\":2,\"name\":\"Futuro el\u00e9ctrico de Lanzarote: an\u00e1lisis de nuevas normativas\"}]},{\"@type\":\"WebSite\",\"@id\":\"https:\\\/\\\/saltoecologico.es\\\/#website\",\"url\":\"https:\\\/\\\/saltoecologico.es\\\/\",\"name\":\"Salto Ecol\u00f3gico\",\"description\":\"\",\"publisher\":{\"@id\":\"https:\\\/\\\/saltoecologico.es\\\/#organization\"},\"potentialAction\":[{\"@type\":\"SearchAction\",\"target\":{\"@type\":\"EntryPoint\",\"urlTemplate\":\"https:\\\/\\\/saltoecologico.es\\\/?s={search_term_string}\"},\"query-input\":{\"@type\":\"PropertyValueSpecification\",\"valueRequired\":true,\"valueName\":\"search_term_string\"}}],\"inLanguage\":\"es\"},{\"@type\":\"Organization\",\"@id\":\"https:\\\/\\\/saltoecologico.es\\\/#organization\",\"name\":\"Salto a la Transici\u00f3n Ecol\u00f3gica\",\"url\":\"https:\\\/\\\/saltoecologico.es\\\/\",\"logo\":{\"@type\":\"ImageObject\",\"inLanguage\":\"es\",\"@id\":\"https:\\\/\\\/saltoecologico.es\\\/#\\\/schema\\\/logo\\\/image\\\/\",\"url\":\"https:\\\/\\\/saltoecologico.es\\\/wp-content\\\/uploads\\\/2025\\\/04\\\/Logo-STE.jpg\",\"contentUrl\":\"https:\\\/\\\/saltoecologico.es\\\/wp-content\\\/uploads\\\/2025\\\/04\\\/Logo-STE.jpg\",\"width\":435,\"height\":435,\"caption\":\"Salto a la Transici\u00f3n Ecol\u00f3gica\"},\"image\":{\"@id\":\"https:\\\/\\\/saltoecologico.es\\\/#\\\/schema\\\/logo\\\/image\\\/\"},\"sameAs\":[\"https:\\\/\\\/www.facebook.com\\\/Saltotransicionecologica\"]},{\"@type\":\"Person\",\"@id\":\"https:\\\/\\\/saltoecologico.es\\\/#\\\/schema\\\/person\\\/7175eec4b3c123d86c675313c3a01a0b\",\"name\":\"admin\",\"image\":{\"@type\":\"ImageObject\",\"inLanguage\":\"es\",\"@id\":\"https:\\\/\\\/secure.gravatar.com\\\/avatar\\\/4c215dc57bbc7b2f2f470ac9bd197f3f112636a584e575a732d0206a2d9c9806?s=96&d=mm&r=g\",\"url\":\"https:\\\/\\\/secure.gravatar.com\\\/avatar\\\/4c215dc57bbc7b2f2f470ac9bd197f3f112636a584e575a732d0206a2d9c9806?s=96&d=mm&r=g\",\"contentUrl\":\"https:\\\/\\\/secure.gravatar.com\\\/avatar\\\/4c215dc57bbc7b2f2f470ac9bd197f3f112636a584e575a732d0206a2d9c9806?s=96&d=mm&r=g\",\"caption\":\"admin\"},\"sameAs\":[\"https:\\\/\\\/saltoecologico.es\"],\"url\":\"https:\\\/\\\/saltoecologico.es\\\/index.php\\\/author\\\/saltoecologico\\\/\"}]}<\/script>\n<!-- \/ Yoast SEO plugin. -->","yoast_head_json":{"title":"Futuro el\u00e9ctrico de Lanzarote: an\u00e1lisis de nuevas normativas - Salto Ecol\u00f3gico","description":"El futuro el\u00e9ctrico de Lanzarote no se muestra muy sostenible que digamos a la vista de lo publicado en el BOE y de ciertas actitudes.","robots":{"index":"index","follow":"follow","max-snippet":"max-snippet:-1","max-image-preview":"max-image-preview:large","max-video-preview":"max-video-preview:-1"},"canonical":"https:\/\/saltoecologico.es\/index.php\/2026\/03\/02\/futuro-electrico-de-lanzarote\/","og_locale":"es_ES","og_type":"article","og_title":"Futuro el\u00e9ctrico de Lanzarote: an\u00e1lisis de nuevas normativas - Salto Ecol\u00f3gico","og_description":"El futuro el\u00e9ctrico de Lanzarote no se muestra muy sostenible que digamos a la vista de lo publicado en el BOE y de ciertas actitudes.","og_url":"https:\/\/saltoecologico.es\/index.php\/2026\/03\/02\/futuro-electrico-de-lanzarote\/","og_site_name":"Salto Ecol\u00f3gico","article_publisher":"https:\/\/www.facebook.com\/Saltotransicionecologica","article_published_time":"2026-03-02T20:21:52+00:00","article_modified_time":"2026-03-02T20:21:56+00:00","og_image":[{"width":1024,"height":572,"url":"https:\/\/saltoecologico.es\/wp-content\/uploads\/2026\/03\/Lanzarote-2.jpg","type":"image\/jpeg"}],"author":"admin","twitter_card":"summary_large_image","twitter_misc":{"Escrito por":"admin","Tiempo de lectura":"6 minutos"},"schema":{"@context":"https:\/\/schema.org","@graph":[{"@type":"Article","@id":"https:\/\/saltoecologico.es\/index.php\/2026\/03\/02\/futuro-electrico-de-lanzarote\/#article","isPartOf":{"@id":"https:\/\/saltoecologico.es\/index.php\/2026\/03\/02\/futuro-electrico-de-lanzarote\/"},"author":{"name":"admin","@id":"https:\/\/saltoecologico.es\/#\/schema\/person\/7175eec4b3c123d86c675313c3a01a0b"},"headline":"Futuro el\u00e9ctrico de Lanzarote: an\u00e1lisis de nuevas normativas","datePublished":"2026-03-02T20:21:52+00:00","dateModified":"2026-03-02T20:21:56+00:00","mainEntityOfPage":{"@id":"https:\/\/saltoecologico.es\/index.php\/2026\/03\/02\/futuro-electrico-de-lanzarote\/"},"wordCount":1175,"commentCount":0,"publisher":{"@id":"https:\/\/saltoecologico.es\/#organization"},"image":{"@id":"https:\/\/saltoecologico.es\/index.php\/2026\/03\/02\/futuro-electrico-de-lanzarote\/#primaryimage"},"thumbnailUrl":"https:\/\/saltoecologico.es\/wp-content\/uploads\/2026\/03\/Lanzarote-2.jpg","articleSection":["Concurrencia competitiva"],"inLanguage":"es","potentialAction":[{"@type":"CommentAction","name":"Comment","target":["https:\/\/saltoecologico.es\/index.php\/2026\/03\/02\/futuro-electrico-de-lanzarote\/#respond"]}]},{"@type":"WebPage","@id":"https:\/\/saltoecologico.es\/index.php\/2026\/03\/02\/futuro-electrico-de-lanzarote\/","url":"https:\/\/saltoecologico.es\/index.php\/2026\/03\/02\/futuro-electrico-de-lanzarote\/","name":"Futuro el\u00e9ctrico de Lanzarote: an\u00e1lisis de nuevas normativas - Salto Ecol\u00f3gico","isPartOf":{"@id":"https:\/\/saltoecologico.es\/#website"},"primaryImageOfPage":{"@id":"https:\/\/saltoecologico.es\/index.php\/2026\/03\/02\/futuro-electrico-de-lanzarote\/#primaryimage"},"image":{"@id":"https:\/\/saltoecologico.es\/index.php\/2026\/03\/02\/futuro-electrico-de-lanzarote\/#primaryimage"},"thumbnailUrl":"https:\/\/saltoecologico.es\/wp-content\/uploads\/2026\/03\/Lanzarote-2.jpg","datePublished":"2026-03-02T20:21:52+00:00","dateModified":"2026-03-02T20:21:56+00:00","description":"El futuro el\u00e9ctrico de Lanzarote no se muestra muy sostenible que digamos a la vista de lo publicado en el BOE y de ciertas actitudes.","breadcrumb":{"@id":"https:\/\/saltoecologico.es\/index.php\/2026\/03\/02\/futuro-electrico-de-lanzarote\/#breadcrumb"},"inLanguage":"es","potentialAction":[{"@type":"ReadAction","target":["https:\/\/saltoecologico.es\/index.php\/2026\/03\/02\/futuro-electrico-de-lanzarote\/"]}]},{"@type":"ImageObject","inLanguage":"es","@id":"https:\/\/saltoecologico.es\/index.php\/2026\/03\/02\/futuro-electrico-de-lanzarote\/#primaryimage","url":"https:\/\/saltoecologico.es\/wp-content\/uploads\/2026\/03\/Lanzarote-2.jpg","contentUrl":"https:\/\/saltoecologico.es\/wp-content\/uploads\/2026\/03\/Lanzarote-2.jpg","width":1024,"height":572},{"@type":"BreadcrumbList","@id":"https:\/\/saltoecologico.es\/index.php\/2026\/03\/02\/futuro-electrico-de-lanzarote\/#breadcrumb","itemListElement":[{"@type":"ListItem","position":1,"name":"Portada","item":"https:\/\/saltoecologico.es\/"},{"@type":"ListItem","position":2,"name":"Futuro el\u00e9ctrico de Lanzarote: an\u00e1lisis de nuevas normativas"}]},{"@type":"WebSite","@id":"https:\/\/saltoecologico.es\/#website","url":"https:\/\/saltoecologico.es\/","name":"Salto Ecol\u00f3gico","description":"","publisher":{"@id":"https:\/\/saltoecologico.es\/#organization"},"potentialAction":[{"@type":"SearchAction","target":{"@type":"EntryPoint","urlTemplate":"https:\/\/saltoecologico.es\/?s={search_term_string}"},"query-input":{"@type":"PropertyValueSpecification","valueRequired":true,"valueName":"search_term_string"}}],"inLanguage":"es"},{"@type":"Organization","@id":"https:\/\/saltoecologico.es\/#organization","name":"Salto a la Transici\u00f3n Ecol\u00f3gica","url":"https:\/\/saltoecologico.es\/","logo":{"@type":"ImageObject","inLanguage":"es","@id":"https:\/\/saltoecologico.es\/#\/schema\/logo\/image\/","url":"https:\/\/saltoecologico.es\/wp-content\/uploads\/2025\/04\/Logo-STE.jpg","contentUrl":"https:\/\/saltoecologico.es\/wp-content\/uploads\/2025\/04\/Logo-STE.jpg","width":435,"height":435,"caption":"Salto a la Transici\u00f3n Ecol\u00f3gica"},"image":{"@id":"https:\/\/saltoecologico.es\/#\/schema\/logo\/image\/"},"sameAs":["https:\/\/www.facebook.com\/Saltotransicionecologica"]},{"@type":"Person","@id":"https:\/\/saltoecologico.es\/#\/schema\/person\/7175eec4b3c123d86c675313c3a01a0b","name":"admin","image":{"@type":"ImageObject","inLanguage":"es","@id":"https:\/\/secure.gravatar.com\/avatar\/4c215dc57bbc7b2f2f470ac9bd197f3f112636a584e575a732d0206a2d9c9806?s=96&d=mm&r=g","url":"https:\/\/secure.gravatar.com\/avatar\/4c215dc57bbc7b2f2f470ac9bd197f3f112636a584e575a732d0206a2d9c9806?s=96&d=mm&r=g","contentUrl":"https:\/\/secure.gravatar.com\/avatar\/4c215dc57bbc7b2f2f470ac9bd197f3f112636a584e575a732d0206a2d9c9806?s=96&d=mm&r=g","caption":"admin"},"sameAs":["https:\/\/saltoecologico.es"],"url":"https:\/\/saltoecologico.es\/index.php\/author\/saltoecologico\/"}]}},"_links":{"self":[{"href":"https:\/\/saltoecologico.es\/index.php\/wp-json\/wp\/v2\/posts\/1242","targetHints":{"allow":["GET"]}}],"collection":[{"href":"https:\/\/saltoecologico.es\/index.php\/wp-json\/wp\/v2\/posts"}],"about":[{"href":"https:\/\/saltoecologico.es\/index.php\/wp-json\/wp\/v2\/types\/post"}],"author":[{"embeddable":true,"href":"https:\/\/saltoecologico.es\/index.php\/wp-json\/wp\/v2\/users\/1"}],"replies":[{"embeddable":true,"href":"https:\/\/saltoecologico.es\/index.php\/wp-json\/wp\/v2\/comments?post=1242"}],"version-history":[{"count":1,"href":"https:\/\/saltoecologico.es\/index.php\/wp-json\/wp\/v2\/posts\/1242\/revisions"}],"predecessor-version":[{"id":1245,"href":"https:\/\/saltoecologico.es\/index.php\/wp-json\/wp\/v2\/posts\/1242\/revisions\/1245"}],"wp:featuredmedia":[{"embeddable":true,"href":"https:\/\/saltoecologico.es\/index.php\/wp-json\/wp\/v2\/media\/1244"}],"wp:attachment":[{"href":"https:\/\/saltoecologico.es\/index.php\/wp-json\/wp\/v2\/media?parent=1242"}],"wp:term":[{"taxonomy":"category","embeddable":true,"href":"https:\/\/saltoecologico.es\/index.php\/wp-json\/wp\/v2\/categories?post=1242"},{"taxonomy":"post_tag","embeddable":true,"href":"https:\/\/saltoecologico.es\/index.php\/wp-json\/wp\/v2\/tags?post=1242"}],"curies":[{"name":"wp","href":"https:\/\/api.w.org\/{rel}","templated":true}]}}