{"id":1251,"date":"2026-03-13T22:35:36","date_gmt":"2026-03-13T22:35:36","guid":{"rendered":"https:\/\/saltoecologico.es\/?p=1251"},"modified":"2026-03-13T22:35:41","modified_gmt":"2026-03-13T22:35:41","slug":"racionalizacion-administrativa-de-bombeos","status":"publish","type":"post","link":"https:\/\/saltoecologico.es\/index.php\/2026\/03\/13\/racionalizacion-administrativa-de-bombeos\/","title":{"rendered":"Racionalizaci\u00f3n administrativa de bombeos"},"content":{"rendered":"\n<h1 class=\"wp-block-heading\">Informe Integral sobre la Racionalizaci\u00f3n Administrativa de las Centrales Hidr\u00e1ulicas Reversibles: Un Imperativo para la Estabilidad de la Red y la Transici\u00f3n Energ\u00e9tica<\/h1>\n\n\n\n<h2 class=\"wp-block-heading\">1. El Desaf\u00edo Existencial: El Cambio Clim\u00e1tico Antropog\u00e9nico y la Urgencia de la Descarbonizaci\u00f3n<\/h2>\n\n\n\n<h3 class=\"wp-block-heading\">1.1. La Alteraci\u00f3n del Equilibrio Termodin\u00e1mico Planetario<\/h3>\n\n\n\n<p class=\"wp-block-paragraph\" id=\"p-c_61514ed1feb0aac3_02a6cfbf-64c6-4138-89eb-2f926226c04f-19\">El fen\u00f3meno del cambio clim\u00e1tico antropog\u00e9nico se erige, con incuestionable rotundidad, como la amenaza m\u00e1s formidable y transversal a la que se ha enfrentado la civilizaci\u00f3n moderna a lo largo de su historia. La comunidad cient\u00edfica internacional ha establecido un consenso abrumador que vincula indisolublemente el aumento sostenido de la temperatura media global con la acumulaci\u00f3n desproporcionada de gases de efecto invernadero (GEI) en la atm\u00f3sfera terrestre. Esta acumulaci\u00f3n tiene un origen inequ\u00edvoco. La quema incesante y masiva de combustibles f\u00f3siles \u2014carb\u00f3n, petr\u00f3leo y gas natural\u2014 que ha motorizado el desarrollo econ\u00f3mico humano desde los albores de la Revoluci\u00f3n Industrial.<\/p>\n\n\n\n<p class=\"wp-block-paragraph\" id=\"p-c_61514ed1feb0aac3_02a6cfbf-64c6-4138-89eb-2f926226c04f-20\">Los datos son elocuentes y profundamente preocupantes. Las concentraciones de di\u00f3xido de carbono en nuestra atm\u00f3sfera han experimentado un incremento cercano al 30% desde el comienzo de la era industrial. Alterando el delicado equilibrio termodin\u00e1mico que ha permitido el florecimiento de la vida y de las sociedades humanas durante el Holoceno. Las consecuencias de esta alteraci\u00f3n ya no son proyecciones te\u00f3ricas en modelos clim\u00e1ticos. Son realidades tangibles que se manifiestan a trav\u00e9s de la intensificaci\u00f3n de fen\u00f3menos meteorol\u00f3gicos extremos. La alteraci\u00f3n de los patrones de precipitaci\u00f3n, el retroceso de los glaciares, la acidificaci\u00f3n de los oc\u00e9anos y la elevaci\u00f3n sostenida del nivel del mar.<\/p>\n\n\n\n<p class=\"wp-block-paragraph\" id=\"p-c_61514ed1feb0aac3_02a6cfbf-64c6-4138-89eb-2f926226c04f-21\">Ante este panorama, la inacci\u00f3n o la dilaci\u00f3n representan un riesgo inaceptable. La humanidad se encuentra ante una ventana de oportunidad temporal sumamente estrecha para mitigar los efectos m\u00e1s devastadores de esta crisis estructural. La descarbonizaci\u00f3n profunda de la econom\u00eda y, muy particularmente, del sector de la generaci\u00f3n el\u00e9ctrica, no es una mera preferencia tecnol\u00f3gica o un nicho de mercado. Es un imperativo \u00e9tico, intergeneracional y de estricta supervivencia. Es imperioso transitar hacia un modelo basado \u00edntegramente en fuentes de energ\u00eda renovable con la m\u00e1xima celeridad que permitan la t\u00e9cnica y la regulaci\u00f3n.<\/p>\n\n\n\n<h3 class=\"wp-block-heading\">1.2. El Marco Estrat\u00e9gico y los Compromisos de Reducci\u00f3n de Emisiones<\/h3>\n\n\n\n<p class=\"wp-block-paragraph\" id=\"p-c_61514ed1feb0aac3_02a6cfbf-64c6-4138-89eb-2f926226c04f-22\">En respuesta a esta urgencia clim\u00e1tica, las instituciones globales y regionales han articulado marcos de actuaci\u00f3n orientados a transformar radicalmente el modelo productivo. En el contexto de la Uni\u00f3n Europea y del Estado espa\u00f1ol, la transici\u00f3n hacia una econom\u00eda descarbonizada para el a\u00f1o 2050 constituye el vector fundamental de todas las pol\u00edticas p\u00fablicas.<sup><\/sup><\/p>\n\n\n\n<p class=\"wp-block-paragraph\" id=\"p-c_61514ed1feb0aac3_02a6cfbf-64c6-4138-89eb-2f926226c04f-23\"><a href=\"https:\/\/www.miteco.gob.es\/es\/energia\/estrategia-normativa\/pniec-23-30.html\">El Plan Nacional Integrado de Energ\u00eda y Clima (PNIEC) 2023-2030<\/a> representa la hoja de ruta estrat\u00e9gica que cristaliza estos compromisos en territorio nacional. Este plan no solo establece objetivos vinculantes de reducci\u00f3n de emisiones de gases de efecto invernadero. Impone una cuota de penetraci\u00f3n de energ\u00edas renovables sin precedentes en el uso final de la energ\u00eda y en el mix de generaci\u00f3n el\u00e9ctrica. La Ley 7\/2021, de 20 de mayo, de cambio clim\u00e1tico y transici\u00f3n energ\u00e9tica, eleva estos compromisos a rango de ley. Estableciendo la obligaci\u00f3n legal de desplegar las energ\u00edas renovables de manera compatible con la conservaci\u00f3n del patrimonio natural y la adecuada ordenaci\u00f3n territorial.<\/p>\n\n\n\n<p class=\"wp-block-paragraph\" id=\"p-c_61514ed1feb0aac3_02a6cfbf-64c6-4138-89eb-2f926226c04f-24\">Sin embargo, la arquitectura de un sistema el\u00e9ctrico cien por cien renovable entra\u00f1a desaf\u00edos t\u00e9cnicos de una magnitud colosal. La sustituci\u00f3n de centrales t\u00e9rmicas convencionales \u2014que proporcionan energ\u00eda firme y a demanda\u2014 por parques e\u00f3licos y plantas solares fotovoltaicas, introduce un factor de variabilidad que pone a prueba los fundamentos de la ingenier\u00eda de redes el\u00e9ctricas.<sup><\/sup><\/p>\n\n\n\n<h2 class=\"wp-block-heading\">2. La Anatom\u00eda de los Sistemas El\u00e9ctricos: Variabilidad, Intermitencia y el Rol del Almacenamiento<\/h2>\n\n\n\n<h3 class=\"wp-block-heading\">2.1. El Reto Tecnol\u00f3gico de la Generaci\u00f3n Renovable No Gestionable<\/h3>\n\n\n\n<h4 class=\"wp-block-heading\">El Problema<\/h4>\n\n\n\n<p class=\"wp-block-paragraph\" id=\"p-c_61514ed1feb0aac3_02a6cfbf-64c6-4138-89eb-2f926226c04f-25\">La energ\u00eda del sol y del viento es limpia, inagotable y, en la actualidad, extraordinariamente competitiva desde el punto de vista econ\u00f3mico. No obstante, su naturaleza es intr\u00ednsecamente intermitente y no gestionable. Los operadores del sistema el\u00e9ctrico no pueden gobernar a voluntad el momento ni la intensidad con la que el viento sopla o el sol incide sobre los paneles solares. Esta caracter\u00edstica choca frontalmente con la premisa m\u00e1s sagrada de la operaci\u00f3n de cualquier red el\u00e9ctrica. En cada instante, la cantidad de energ\u00eda producida debe ser exactamente igual a la cantidad de energ\u00eda consumida.<\/p>\n\n\n\n<p class=\"wp-block-paragraph\" id=\"p-c_61514ed1feb0aac3_02a6cfbf-64c6-4138-89eb-2f926226c04f-26\">Cuando este equilibrio se rompe, la frecuencia de la red (fijada en 50 hercios en Europa) experimenta desviaciones. Si la frecuencia cae por debajo de umbrales cr\u00edticos debido a una falta de generaci\u00f3n repentina, el sistema corre el riesgo de sufrir desconexiones en cascada. Culminando en apagones masivos o ceros energ\u00e9ticos. Tradicionalmente, este equilibrio se ha mantenido gracias a la flexibilidad de las grandes centrales t\u00e9rmicas e hidroel\u00e9ctricas convencionales, capaces de incrementar o reducir su potencia en cuesti\u00f3n de segundos o minutos.<\/p>\n\n\n\n<h4 class=\"wp-block-heading\">Las Consecuencias<\/h4>\n\n\n\n<p class=\"wp-block-paragraph\" id=\"p-c_61514ed1feb0aac3_02a6cfbf-64c6-4138-89eb-2f926226c04f-27\">Con la penetraci\u00f3n masiva de la fotovoltaica, los sistemas el\u00e9ctricos modernos se enfrentan al fen\u00f3meno conocido como la \u00abcurva de pato\u00bb (duck curve). Durante las horas centrales del d\u00eda, la producci\u00f3n solar inunda la red, reduciendo la necesidad de generaci\u00f3n convencional a m\u00ednimos hist\u00f3ricos. En estos periodos, si la generaci\u00f3n supera el consumo y no existe capacidad de almacenamiento, los operadores se ven obligados a ordenar el apagado de plantas renovables, produci\u00e9ndose los denominados \u00abvertidos de energ\u00eda\u00bb o energ\u00eda rechazada, un inmenso desperdicio de recursos limpios. Por el contrario, a medida que el sol se oculta y la demanda el\u00e9ctrica asciende dr\u00e1sticamente al final de la jornada, el sistema requiere la entrada abrupta de miles de megavatios en un lapso muy corto. Sin almacenamiento, esta rampa de demanda vespertina solo puede ser cubierta quemando ingentes cantidades de gas natural o carb\u00f3n. Frustrando as\u00ed los objetivos de reducci\u00f3n de emisiones.<\/p>\n\n\n\n<h3 class=\"wp-block-heading\">2.2. La Firmeza y la Inercia S\u00edncrona: Propiedades Irremplazables de la Red<\/h3>\n\n\n\n<p class=\"wp-block-paragraph\" id=\"p-c_61514ed1feb0aac3_02a6cfbf-64c6-4138-89eb-2f926226c04f-28\">M\u00e1s all\u00e1 del mero balance de energ\u00eda (megavatios-hora), la estabilidad de una red el\u00e9ctrica depende de servicios auxiliares cr\u00edticos, entre los que destaca la \u00abinercia s\u00edncrona\u00bb.<sup><\/sup> Las centrales t\u00e9rmicas y nucleares, as\u00ed como las instalaciones hidroel\u00e9ctricas, cuentan con inmensos alternadores y turbinas de acero que giran en perfecta sincron\u00eda electromagn\u00e9tica con la red.<sup><\/sup> Esta enorme masa rotante posee energ\u00eda cin\u00e9tica almacenada f\u00edsicamente. Si un gran generador falla repentinamente, la inercia de todas las dem\u00e1s m\u00e1quinas rotantes del sistema se opone al cambio brusco de frecuencia, amortiguando la ca\u00edda y otorgando un tiempo vital (medido en milisegundos y segundos) para que los sistemas de control primario reaccionen y restablezcan el equilibrio.<sup><\/sup><\/p>\n\n\n\n<p class=\"wp-block-paragraph\" id=\"p-c_61514ed1feb0aac3_02a6cfbf-64c6-4138-89eb-2f926226c04f-29\">Los parques e\u00f3licos y fotovoltaicos, por su parte, se acoplan a la red mediante conversores de electr\u00f3nica de potencia (inversores). Carecen de masas rodantes acopladas directamente a la frecuencia de la red y, por lo tanto, no aportan inercia s\u00edncrona real de forma natural. A medida que desplazamos la generaci\u00f3n f\u00f3sil por generaci\u00f3n renovable basada en inversores, las redes el\u00e9ctricas se vuelven \u00abm\u00e1s ligeras\u00bb y vulnerables. Increment\u00e1ndose dram\u00e1ticamente la tasa de cambio de frecuencia ante perturbaciones.<\/p>\n\n\n\n<h3 class=\"wp-block-heading\">2.3. El Almacenamiento Energ\u00e9tico como Tercer Pilar del Sistema<\/h3>\n\n\n\n<p class=\"wp-block-paragraph\" id=\"p-c_61514ed1feb0aac3_02a6cfbf-64c6-4138-89eb-2f926226c04f-30\">Para resolver la cuadratura del c\u00edrculo \u2014integrar masivamente renovables intermitentes y, al mismo tiempo, mantener la robustez y seguridad del suministro\u2014, el almacenamiento de energ\u00eda a gran escala se erige como el elemento indispensable y el tercer pilar fundamental del sistema el\u00e9ctrico, junto a la generaci\u00f3n y el transporte.<sup><\/sup><\/p>\n\n\n\n<p class=\"wp-block-paragraph\" id=\"p-c_61514ed1feb0aac3_02a6cfbf-64c6-4138-89eb-2f926226c04f-31\">El PNIEC reconoce esta necesidad imperiosa y establece un objetivo de 22,5 gigavatios (GW) de potencia instalada de almacenamiento en Espa\u00f1a para el a\u00f1o 2030. Este almacenamiento debe cumplir una doble funci\u00f3n. Por un lado, arbitraje de energ\u00eda (desplazar inmensos vol\u00famenes de energ\u00eda desde las horas de super\u00e1vit renovable hacia las horas de d\u00e9ficit). Por otro, la prestaci\u00f3n de servicios de ajuste, firmeza e inercia para sostener los par\u00e1metros de calidad de onda de la red.<\/p>\n\n\n\n<figure class=\"wp-block-image size-full\"><img loading=\"lazy\" decoding=\"async\" width=\"1024\" height=\"559\" src=\"https:\/\/saltoecologico.es\/wp-content\/uploads\/2026\/03\/Alegaciones-1.jpg\" alt=\"Racionalizaci\u00f3n administrativa de bombeos\" class=\"wp-image-1252\" srcset=\"https:\/\/saltoecologico.es\/wp-content\/uploads\/2026\/03\/Alegaciones-1.jpg 1024w, https:\/\/saltoecologico.es\/wp-content\/uploads\/2026\/03\/Alegaciones-1-300x164.jpg 300w, https:\/\/saltoecologico.es\/wp-content\/uploads\/2026\/03\/Alegaciones-1-768x419.jpg 768w, https:\/\/saltoecologico.es\/wp-content\/uploads\/2026\/03\/Alegaciones-1-769x420.jpg 769w, https:\/\/saltoecologico.es\/wp-content\/uploads\/2026\/03\/Alegaciones-1-150x82.jpg 150w, https:\/\/saltoecologico.es\/wp-content\/uploads\/2026\/03\/Alegaciones-1-696x380.jpg 696w\" sizes=\"auto, (max-width: 1024px) 100vw, 1024px\" \/><\/figure>\n\n\n\n<h2 class=\"wp-block-heading\">3. Centrales Hidr\u00e1ulicas Reversibles frente a Sistemas de Bater\u00edas: Un An\u00e1lisis Comparativo Profundo<\/h2>\n\n\n\n<p class=\"wp-block-paragraph\" id=\"p-c_61514ed1feb0aac3_02a6cfbf-64c6-4138-89eb-2f926226c04f-32\">En el abanico tecnol\u00f3gico del almacenamiento energ\u00e9tico destacan dos tecnolog\u00edas predominantes: los Sistemas de Almacenamiento de Energ\u00eda en Bater\u00edas (BESS, fundamentalmente de iones de litio) y las Centrales Hidr\u00e1ulicas Reversibles (CHR) o centrales de bombeo. Es un error conceptual com\u00fan, recurrente en debates no especializados, contraponer ambas tecnolog\u00edas como excluyentes. En la realidad de la ingenier\u00eda de redes, son herramientas netamente complementarias que operan en nichos de necesidad distintos. Si bien las CHR poseen atributos que las hacen irreemplazables a nivel macroestructural.<\/p>\n\n\n\n<h3 class=\"wp-block-heading\">3.1. Principios de Funcionamiento de las Centrales Hidr\u00e1ulicas Reversibles (CHR)<\/h3>\n\n\n\n<p class=\"wp-block-paragraph\" id=\"p-c_61514ed1feb0aac3_02a6cfbf-64c6-4138-89eb-2f926226c04f-33\">Una CHR es una maravilla de la ingenier\u00eda civil y electromec\u00e1nica. Consta fundamentalmente de dos embalses ubicados a diferente cota altim\u00e9trica, conectados mediante un intrincado sistema de galer\u00edas, pozos y tuber\u00edas forzadas subterr\u00e1neas, en cuyo trayecto se aloja una central hidroel\u00e9ctrica subterr\u00e1nea o en caverna equipada con grupos turbina-bomba y motores-alternadores.<sup><\/sup><\/p>\n\n\n\n<p class=\"wp-block-paragraph\" id=\"p-c_61514ed1feb0aac3_02a6cfbf-64c6-4138-89eb-2f926226c04f-34\">Su funcionamiento se divide en dos fases operativas diametralmente opuestas, pero complementarias <sup><\/sup>:<\/p>\n\n\n\n<ul class=\"wp-block-list\">\n<li><strong>Fase de Bombeo (Almacenamiento):<\/strong> Durante los valles de demanda o los picos de sobreproducci\u00f3n renovable (cuando la energ\u00eda es abundante y econ\u00f3mica, o existe riesgo inminente de vertido), la central consume electricidad de la red para accionar enormes bombas que elevan el agua desde el embalse inferior hasta el embalse superior. En este proceso, la energ\u00eda el\u00e9ctrica se transforma y se almacena bajo la forma de energ\u00eda potencial gravitatoria en la masa de agua alojada en la cota superior.<\/li>\n\n\n\n<li><strong>Fase de Turbinaci\u00f3n (Generaci\u00f3n):<\/strong> Durante los picos de demanda o la ausencia de viento y sol, el proceso se invierte. El agua almacenada en el embalse superior se libera, precipit\u00e1ndose por gravedad a trav\u00e9s de la tuber\u00eda forzada hacia el embalse inferior. La fuerza cin\u00e9tica del agua hace girar las turbinas, accionando los alternadores e inyectando energ\u00eda el\u00e9ctrica limpia, gestionable y s\u00edncrona de vuelta al sistema el\u00e9ctrico en el momento de mayor criticidad.<\/li>\n<\/ul>\n\n\n\n<h3 class=\"wp-block-heading\">3.2. Superioridad Estrat\u00e9gica y Atributos T\u00e9cnicos de las CHR<\/h3>\n\n\n\n<p class=\"wp-block-paragraph\" id=\"p-c_61514ed1feb0aac3_02a6cfbf-64c6-4138-89eb-2f926226c04f-37\">Las ventajas t\u00e9cnicas, econ\u00f3micas y operacionales del almacenamiento por bombeo hidr\u00e1ulico configuran a esta tecnolog\u00eda como la verdadera columna vertebral de la transici\u00f3n energ\u00e9tica a gran escala <sup><\/sup>:<\/p>\n\n\n\n<h4 class=\"wp-block-heading\"><strong>Capacidad de Almacenamiento Masivo y Estacional<\/strong><\/h4>\n\n\n\n<p class=\"wp-block-paragraph\">A diferencia de las bater\u00edas, que emulan la inercia mediante sofisticados algoritmos de software y electr\u00f3nica de potencia, las CHR aportan inercia s\u00edncrona real y f\u00edsica al sistema gracias al giro de sus rotores de centenares de toneladas. Adicionalmente, los generadores s\u00edncronos de las CHR son formidables reguladores de tensi\u00f3n. Pueden inyectar o absorber grandes cantidades de potencia reactiva de forma continua. Estabilizando los voltajes de la red y proporcionando la corriente de cortocircuito necesaria para el correcto funcionamiento de los sistemas de protecci\u00f3n el\u00e9ctrica frente a fallos o perturbaciones severas.<\/p>\n\n\n\n<h4 class=\"wp-block-heading\"><strong>Vida \u00datil, Eficiencia y Sostenibilidad Ambiental<\/strong><\/h4>\n\n\n\n<p class=\"wp-block-paragraph\">Las bater\u00edas qu\u00edmicas sufren una degradaci\u00f3n inexorable con cada ciclo de carga y descarga, requiriendo sustituciones de las celdas cada 10 a 15 a\u00f1os. Adem\u00e1s, su manufactura implica complejas cadenas de suministro global de minerales cr\u00edticos (litio, cobalto, n\u00edquel) y plantea enormes retos de reciclaje. En contraste, la obra civil de una presa y una caverna tiene una vida \u00fatil garantizada que supera ampliamente el siglo (100 a\u00f1os), mientras que los equipos electromec\u00e1nicos pueden operar ininterrumpidamente durante 50 a\u00f1os sin merma de su rendimiento original. Con eficiencias de ciclo completo (round-trip) que oscilan entre el 75% y el 80%, los estudios de An\u00e1lisis de Ciclo de Vida certifican que las CHR presentan la menor tasa de emisiones de gases de efecto invernadero por kilovatio-hora almacenado a lo largo de su vida \u00fatil operativa en comparaci\u00f3n con cualquier otra tecnolog\u00eda de almacenamiento comercial.<\/p>\n\n\n\n<h4 class=\"wp-block-heading\"><strong>Flexibilidad Din\u00e1mica y Control Avanzado<\/strong><\/h4>\n\n\n\n<p class=\"wp-block-paragraph\">Las CHR modernas emplean tecnolog\u00eda de velocidad variable. Esto supone un salto cualitativo monumental. Ya que permite a la central regular la potencia que absorbe de la red <em>incluso cuando est\u00e1 en modo de bombeo<\/em>. Esta capacidad convierte a las centrales de bombeo en herramientas de precisi\u00f3n extrema para seguir los rizos de la curva de generaci\u00f3n renovable. Adem\u00e1s de ejecutar el control secundario de frecuencia, aportando una flexibilidad que antes estaba reservada \u00fanicamente a las turbinas de gas.<\/p>\n\n\n\n<ol start=\"1\" class=\"wp-block-list\"><\/ol>\n\n\n\n<figure class=\"wp-block-table\"><table class=\"has-fixed-layout\"><thead><tr><td><strong>Par\u00e1metro Comparativo<\/strong><\/td><td><strong>Sistemas de Bater\u00edas (BESS, Ion-Litio)<\/strong><\/td><td><strong>Centrales Hidr\u00e1ulicas Reversibles (CHR)<\/strong><\/td><\/tr><\/thead><tbody><tr><td><strong>Escala T\u00edpica de Potencia<\/strong><\/td><td>10 MW &#8211; 250 MW<\/td><td>100 MW &#8211; 3.000 MW<\/td><\/tr><tr><td><strong>Capacidad de Almacenamiento<\/strong><\/td><td>Megavatios-hora (MWh)<\/td><td>Gigavatios-hora (GWh)<\/td><\/tr><tr><td><strong>Autonom\u00eda a Plena Carga<\/strong><\/td><td>1 a 4 horas (Desplazamiento intradiario)<\/td><td>8 horas a m\u00faltiples d\u00edas (Desplazamiento estacional) <sup><\/sup><\/td><\/tr><tr><td><strong>Aporte de Inercia a la Red<\/strong><\/td><td>Sint\u00e9tica \/ Emulada mediante inversores<\/td><td>F\u00edsica y real (Masas rotantes s\u00edncronas) <sup><\/sup><\/td><\/tr><tr><td><strong>Tiempo de Respuesta (Regulaci\u00f3n)<\/strong><\/td><td>Milisegundos <sup><\/sup><\/td><td>Segundos a pocos minutos <sup><\/sup><\/td><\/tr><tr><td><strong>Vida \u00datil de la Instalaci\u00f3n<\/strong><\/td><td>10 a 15 a\u00f1os (Sujeta a degradaci\u00f3n qu\u00edmica)<\/td><td>50 a 100 a\u00f1os (Sin p\u00e9rdida de rendimiento) <sup><\/sup><\/td><\/tr><tr><td><strong>Eficiencia de Ciclo (Round-Trip)<\/strong><\/td><td>85% &#8211; 90%<\/td><td>75% &#8211; 80% <sup><\/sup><\/td><\/tr><tr><td><strong>Impacto Socioambiental de Materiales<\/strong><\/td><td>Dependencia de cadenas de suministro globales y miner\u00eda cr\u00edtica<\/td><td>Infraestructura civil local, uso del dominio p\u00fablico hidr\u00e1ulico <sup><\/sup><\/td><\/tr><\/tbody><\/table><\/figure>\n\n\n\n<p class=\"wp-block-paragraph\" id=\"p-c_61514ed1feb0aac3_02a6cfbf-64c6-4138-89eb-2f926226c04f-43\">Tabla 1: Comparativa t\u00e9cnica pormenorizada entre las tecnolog\u00edas de Almacenamiento en Bater\u00edas y las Centrales Hidr\u00e1ulicas Reversibles.<sup><\/sup><\/p>\n\n\n\n<h2 class=\"wp-block-heading\">4. El Paradigma de la Extrema Fragilidad: Los Sistemas El\u00e9ctricos Aislados<\/h2>\n\n\n\n<p class=\"wp-block-paragraph\" id=\"p-c_61514ed1feb0aac3_02a6cfbf-64c6-4138-89eb-2f926226c04f-44\">Para comprender la magnitud de la necesidad de almacenamiento hidr\u00e1ulico, es imprescindible analizar el comportamiento de los sistemas el\u00e9ctricos aislados o insulares. Estos territorios act\u00faan como laboratorios a escala real de los desaf\u00edos energ\u00e9ticos del futuro.<sup><\/sup><\/p>\n\n\n\n<h3 class=\"wp-block-heading\">4.1. La Tiran\u00eda del Aislamiento F\u00edsico<\/h3>\n\n\n\n<p class=\"wp-block-paragraph\" id=\"p-c_61514ed1feb0aac3_02a6cfbf-64c6-4138-89eb-2f926226c04f-45\">Los sistemas el\u00e9ctricos aislados, por su propia condici\u00f3n geogr\u00e1fica, carecen de interconexiones en corriente alterna con los masivos y robustos sistemas continentales europeos.<sup><\/sup> En la Europa continental, una perturbaci\u00f3n en una planta generadora en Francia es absorbida y estabilizada casi instant\u00e1neamente por la inercia combinada de miles de centrales conectadas sincr\u00f3nicamente desde Portugal hasta Polonia. En un archipi\u00e9lago alejado de la plataforma continental, la red el\u00e9ctrica es d\u00e9bil y fr\u00e1gil.<sup><\/sup> La p\u00e9rdida de un solo grupo generador de tama\u00f1o medio puede representar un porcentaje tan elevado de la demanda instant\u00e1nea que, sin una respuesta de correcci\u00f3n masiva en segundos, el sistema colapsar\u00eda inevitablemente provocando un apag\u00f3n general (cero energ\u00e9tico).<sup><\/sup><\/p>\n\n\n\n<p class=\"wp-block-paragraph\" id=\"p-c_61514ed1feb0aac3_02a6cfbf-64c6-4138-89eb-2f926226c04f-46\">Esta fragilidad hist\u00f3rica ha obligado a los operadores de sistemas insulares a mantener una dependencia casi absoluta y patol\u00f3gica de la quema de combustibles f\u00f3siles. Operando grandes y pesados motores de combusti\u00f3n interna, turbinas de vapor y grupos de gasoil o fueloil pesado. Estos grupos, adem\u00e1s de generar elevados costes de producci\u00f3n (sobrecostes de generaci\u00f3n extrapeninsular que asume solidariamente el Estado) y de emitir cantidades ingentes de CO2 y gases contaminantes, se han mantenido encendidos por pura necesidad t\u00e9cnica: son los \u00fanicos que aportaban la firmeza y la inercia necesarias para evitar apagones.<\/p>\n\n\n\n<h3 class=\"wp-block-heading\">4.2. El Techo de Cristal Renovable y la Soluci\u00f3n del Almacenamiento Masivo<\/h3>\n\n\n\n<p class=\"wp-block-paragraph\" id=\"p-c_61514ed1feb0aac3_02a6cfbf-64c6-4138-89eb-2f926226c04f-47\">Los territorios insulares son parad\u00f3jicamente agraciados con recursos naturales de enorme potencia, dominados por los intensos vientos alisios y unos niveles de irradiaci\u00f3n solar excepcionales.<sup><\/sup> Sin embargo, integrar esta energ\u00eda renovable choca contra un techo de cristal f\u00edsico. Si el operador del sistema permite la entrada masiva de energ\u00eda e\u00f3lica durante la noche y apaga los motores t\u00e9rmicos para ahorrar combustible, la red se queda sin inercia ni capacidad de control de tensi\u00f3n. Ante la m\u00e1s m\u00ednima fluctuaci\u00f3n del viento, se producir\u00eda un colapso.<sup><\/sup> Por tanto, gran parte de la energ\u00eda e\u00f3lica producida debe ser tristemente desechada para mantener encendidas las centrales contaminantes.<sup><\/sup><\/p>\n\n\n\n<p class=\"wp-block-paragraph\" id=\"p-c_61514ed1feb0aac3_02a6cfbf-64c6-4138-89eb-2f926226c04f-48\">La \u00fanica tecnolog\u00eda madura, contrastada y de escala suficiente para romper este techo de cristal hacia la descarbonizaci\u00f3n total de los sistemas insulares es el bombeo hidr\u00e1ulico. Estas infraestructuras se erigen no ya como meros componentes del mercado. Se erigen como herramientas de operaci\u00f3n del sistema y garantes de la seguridad nacional en el \u00e1mbito energ\u00e9tico.<\/p>\n\n\n\n<p class=\"wp-block-paragraph\" id=\"p-c_61514ed1feb0aac3_02a6cfbf-64c6-4138-89eb-2f926226c04f-49\">Un caso paradigm\u00e1tico de estudio que ilustra esta din\u00e1mica transformadora es el desarrollo de grandes infraestructuras hidroel\u00e9ctricas en cuencas insulares. Que aprovechan la orograf\u00eda accidentada y las presas existentes. Consideremos el impacto de una planta de bombeo reversible de gran escala. <a href=\"https:\/\/saltoecologico.es\/index.php\/2022\/09\/18\/aclaracion\/\">Con una potencia de 200 MW en un sistema insular,<\/a> podr\u00eda llegar a cubrir aproximadamente el 36% de la demanda punta de toda la isla. Aportando una capacidad de almacenamiento de 3,5 GWh. Esto dota al territorio de una autonom\u00eda energ\u00e9tica rotunda.<\/p>\n\n\n\n<p class=\"wp-block-paragraph\" id=\"p-c_61514ed1feb0aac3_02a6cfbf-64c6-4138-89eb-2f926226c04f-50\">El impacto de este tipo de infraestructuras es triple <sup><\/sup>:<\/p>\n\n\n\n<h4 class=\"wp-block-heading\"><strong>Econ\u00f3mico<\/strong><\/h4>\n\n\n\n<p class=\"wp-block-paragraph\">Almacenan el excedente renovable (gratuito) y evitan la quema de costosos combustibles f\u00f3siles. Reduciendo sustancialmente los sobrecostes del sistema el\u00e9ctrico insular en decenas o incluso cientos de millones de euros anuales.<\/p>\n\n\n\n<h4 class=\"wp-block-heading\"><strong>Clim\u00e1tico<\/strong><\/h4>\n\n\n\n<p class=\"wp-block-paragraph\">Permiten el incremento exponencial de la participaci\u00f3n de renovables en el mix, reduciendo las emisiones directas de CO2 de forma dram\u00e1tica.<\/p>\n\n\n\n<h4 class=\"wp-block-heading\"><strong>Seguridad H\u00eddrica y Ambiental:<\/strong> <\/h4>\n\n\n\n<p class=\"wp-block-paragraph\">En territorios afectados por un intenso estr\u00e9s h\u00eddrico y la disminuci\u00f3n paulatina de precipitaciones, los proyectos de bombeo pueden acoplarse estrat\u00e9gicamente a plantas de desalinizaci\u00f3n de agua de mar alimentadas con energ\u00edas renovables. El agua desalada se bombea a los embalses superiores, garantizando no solo la funci\u00f3n de almacenamiento energ\u00e9tico (la \u00abbater\u00eda\u00bb), sino aportando caudales vitales para la reforestaci\u00f3n de cuencas, la pervivencia de la agricultura de median\u00edas y el consumo humano. Adicionalmente, estos proyectos incorporan rigurosos planes de restauraci\u00f3n vegetal, recuperando ecosistemas end\u00e9micos aut\u00f3ctonos degradados.<\/p>\n\n\n\n<ol start=\"1\" class=\"wp-block-list\"><\/ol>\n\n\n\n<h2 class=\"wp-block-heading\">5. El Laberinto Regulatorio y el Riesgo de Asfixia Administrativa<\/h2>\n\n\n\n<p class=\"wp-block-paragraph\" id=\"p-c_61514ed1feb0aac3_02a6cfbf-64c6-4138-89eb-2f926226c04f-54\">Frente a la abrumadora evidencia t\u00e9cnica, econ\u00f3mica y ambiental que demanda el despliegue expedito de Centrales Hidr\u00e1ulicas Reversibles (CHR) en el territorio nacional, nos encontramos ante un escenario de disfunci\u00f3n burocr\u00e1tica profunda.<sup><\/sup> El desarrollo de un proyecto de almacenamiento hidr\u00e1ulico, que en un escenario \u00f3ptimo requerir\u00eda una planificaci\u00f3n de ejecuci\u00f3n constructiva de un lustro, se encuentra actualmente enredado en una mara\u00f1a procedimental que puede dilatar los plazos de tramitaci\u00f3n oficial entre 4 y 14 a\u00f1os.<sup><\/sup> Este horizonte temporal no solo desincentiva el despliegue del capital, sino que es incompatible con el car\u00e1cter de urgencia inherente a la crisis clim\u00e1tica.<sup><\/sup><\/p>\n\n\n\n<h3 class=\"wp-block-heading\">5.1. La Superposici\u00f3n de Jurisdicciones y Leyes Sectoriales<\/h3>\n\n\n\n<p class=\"wp-block-paragraph\" id=\"p-c_61514ed1feb0aac3_02a6cfbf-64c6-4138-89eb-2f926226c04f-55\">La par\u00e1lisis actual emana de la multiplicidad de administraciones involucradas y de la aplicaci\u00f3n paralela, inconexa y secuencial de normativas sectoriales que no fueron dise\u00f1adas para interrelacionarse de manera arm\u00f3nica.<sup><\/sup><\/p>\n\n\n\n<p class=\"wp-block-paragraph\" id=\"p-c_61514ed1feb0aac3_02a6cfbf-64c6-4138-89eb-2f926226c04f-56\">Un promotor que aspire a construir una CHR de inter\u00e9s estatal (por encima de 50 MW o que afecte a varias Comunidades Aut\u00f3nomas) debe sortear tres esferas normativas densas y complejas <sup><\/sup>:<\/p>\n\n\n\n<ol start=\"1\" class=\"wp-block-list\">\n<li><strong>La Dimensi\u00f3n Energ\u00e9tica y El\u00e9ctrica:<\/strong> Regida por la Ley 24\/2013, del Sector El\u00e9ctrico, el Real Decreto 1955\/2000 (tramitaci\u00f3n de instalaciones) y el reciente Real Decreto 1183\/2020 (acceso y conexi\u00f3n). Requiere la obtenci\u00f3n de la Autorizaci\u00f3n Administrativa Previa (AAP). La Autorizaci\u00f3n Administrativa de Construcci\u00f3n (AAC). La Declaraci\u00f3n de Utilidad P\u00fablica (DUP) y el indispensable Permiso de Acceso y Conexi\u00f3n (PAC) a la red de transporte o distribuci\u00f3n.<\/li>\n\n\n\n<li><strong>La Dimensi\u00f3n del Dominio P\u00fablico Hidr\u00e1ulico:<\/strong> Gobernada por el Texto Refundido de la Ley de Aguas (R.D. Legislativo 1\/2001) y el Reglamento del Dominio P\u00fablico Hidr\u00e1ulico (R.D. 849\/1986). Exige someterse a procesos de concurrencia de proyectos y concursos p\u00fablicos para obtener la concesi\u00f3n de aprovechamiento privativo de las aguas y del espacio de los embalses.<\/li>\n\n\n\n<li><strong>La Dimensi\u00f3n Medioambiental:<\/strong> Al amparo de la Ley 21\/2013, de evaluaci\u00f3n ambiental, debido al indudable impacto de las grandes obras civiles, t\u00faneles y l\u00edneas de evacuaci\u00f3n. Culmina con la preceptiva y estricta Declaraci\u00f3n de Impacto Ambiental (DIA) emitida por el \u00f3rgano ambiental.<\/li>\n<\/ol>\n\n\n\n<h3 class=\"wp-block-heading\">5.2. El Interbloqueo Procedimental y la Desconexi\u00f3n Red-Agua<\/h3>\n\n\n\n<p class=\"wp-block-paragraph\" id=\"p-c_61514ed1feb0aac3_02a6cfbf-64c6-4138-89eb-2f926226c04f-60\">La disfunci\u00f3n m\u00e1s grave del sistema actual, expuesta certeramente en los antecedentes de la consulta p\u00fablica previa del Ministerio para la Transici\u00f3n Ecol\u00f3gica y el Reto Demogr\u00e1fico (MITECO), es la total desconexi\u00f3n entre la tramitaci\u00f3n de los nudos de acceso el\u00e9ctrico y la tramitaci\u00f3n de las concesiones de agua.<sup><\/sup><\/p>\n\n\n\n<p class=\"wp-block-paragraph\" id=\"p-c_61514ed1feb0aac3_02a6cfbf-64c6-4138-89eb-2f926226c04f-61\">Hoy en d\u00eda, el proceso es un desprop\u00f3sito l\u00f3gico. La adjudicaci\u00f3n de la capacidad de la red el\u00e9ctrica se realiza mediante mecanismos de concurso o prelaci\u00f3n que ignoran por completo los expedientes de uso del agua.<sup><\/sup> El promotor se enfrenta a un doble riesgo letal de \u00abinterbloqueo\u00bb:<\/p>\n\n\n\n<ul class=\"wp-block-list\">\n<li><strong>Caso A:<\/strong> Un proyecto obtiene brillantemente los permisos de acceso y conexi\u00f3n a la red de transporte el\u00e9ctrica tras una ardua tramitaci\u00f3n, pero posteriormente pierde el concurso concesional de aguas frente a otro actor, o sufre un retraso decenal en la Confederaci\u00f3n Hidrogr\u00e1fica. La capacidad de la red el\u00e9ctrica queda \u00absecuestrada\u00bb o bloqueada, impidiendo que otros proyectos vitales se conecten.<\/li>\n\n\n\n<li><strong>Caso B:<\/strong> Un proyecto obtiene la concesi\u00f3n h\u00eddrica sobre el embalse, pero al intentar tramitar la conexi\u00f3n a la red, el nudo el\u00e9ctrico m\u00e1s cercano ya ha sido adjudicado a numerosos parques fotovoltaicos que agotaron la capacidad f\u00edsica de la subestaci\u00f3n. Una central vital para el sistema no puede verter ni consumir energ\u00eda, naciendo muerta operativamente.<\/li>\n<\/ul>\n\n\n\n<p class=\"wp-block-paragraph\" id=\"p-c_61514ed1feb0aac3_02a6cfbf-64c6-4138-89eb-2f926226c04f-62\">Adicionalmente, el esquema secuencial de las informaciones p\u00fablicas produce un desgaste est\u00e9ril.<sup><\/sup> Cada administraci\u00f3n (energ\u00eda, agua, medio ambiente) somete el proyecto a exposici\u00f3n p\u00fablica de manera fragmentada en diferentes momentos temporales. Esto triplica la carga administrativa de los ayuntamientos, cabildos y organizaciones medioambientales que deben analizar legajos de miles de folios repetidas veces, abriendo la puerta a interpretaciones contradictorias, alegaciones cruzadas y un terreno abonado para la litigiosidad que empantana las inversiones.<sup><\/sup><\/p>\n\n\n\n<h2 class=\"wp-block-heading\">6. An\u00e1lisis de la Iniciativa Normativa del MITECO: Hacia el Procedimiento Administrativo Unificado<\/h2>\n\n\n\n<p class=\"wp-block-paragraph\" id=\"p-c_61514ed1feb0aac3_02a6cfbf-64c6-4138-89eb-2f926226c04f-63\">El diagn\u00f3stico institucional emitido por el MITECO reconoce paladinamente la ineficacia del marco actual. Por tanto y en aplicaci\u00f3n del mandato reglamentario previsto en el art\u00edculo 22.2 de la Ley 24\/2013, propone la instauraci\u00f3n de un procedimiento administrativo unificado. Esta iniciativa, actualmente en fase de consulta p\u00fablica previa, no representa una mera modificaci\u00f3n burocr\u00e1tica menor. Representa una cirug\u00eda estructural sobre el esqueleto administrativo del Estado para garantizar la operatividad de los compromisos clim\u00e1ticos asumidos en el PNIEC.<\/p>\n\n\n\n<p class=\"wp-block-paragraph\" id=\"p-c_61514ed1feb0aac3_02a6cfbf-64c6-4138-89eb-2f926226c04f-64\">El objetivo central de la norma proyectada es articular una verdadera tramitaci\u00f3n coordinada que aglutine, bajo el paraguas de un solo expediente administrativo y una resoluci\u00f3n \u00fanica, las autorizaciones sustantivas del sector el\u00e9ctrico. El otorgamiento de la concesi\u00f3n del dominio p\u00fablico hidr\u00e1ulico y la evaluaci\u00f3n de impacto ambiental. De especial relevancia es la propuesta de asegurar que exista una obligada correlaci\u00f3n y coordinaci\u00f3n temporal y material en los procedimientos de concurrencia competitiva. De tal modo que el sujeto que obtenga los permisos de acceso y conexi\u00f3n sea inequ\u00edvocamente el mismo que obtenga la concesi\u00f3n de uso para almacenamiento hidr\u00e1ulico.<\/p>\n\n\n\n<p class=\"wp-block-paragraph\" id=\"p-c_61514ed1feb0aac3_02a6cfbf-64c6-4138-89eb-2f926226c04f-65\">Es fundamental destacar que el MITECO rechaza expresamente alternativas no regulatorias. Argumentando con solidez que ni circulares internas ni disposiciones de menor rango jer\u00e1rquico poseer\u00edan la fuerza jur\u00eddica coercitiva necesaria para alinear a las tres ramas fundamentales de la Administraci\u00f3n (Energ\u00e9tica, Hidr\u00e1ulica y Ambiental) en un proceso unificado y garantista.<\/p>\n\n\n\n<p class=\"wp-block-paragraph\">El \u00e9xito de esta norma, sin embargo, depender\u00e1 de la profundidad, el rigor y la audacia t\u00e9cnica con la que se redacte su articulado final. Por ello, el proceso de consulta p\u00fablica reviste una importancia estrat\u00e9gica vital.<\/p>\n\n\n\n<h2 class=\"wp-block-heading\">7. Respuestas Exhaustivas a las Cuestiones Planteadas en la Consulta P\u00fablica del MITECO<\/h2>\n\n\n\n<p class=\"wp-block-paragraph\" id=\"p-c_61514ed1feb0aac3_02a6cfbf-64c6-4138-89eb-2f926226c04f-66\">A continuaci\u00f3n, se articulan y desarrollan de manera argumentada las respuestas a las cuatro cuestiones fundamentales requeridas por el formulario de la \u00abConsulta P\u00fablica Previa sobre la elaboraci\u00f3n de un procedimiento administrativo unificado para el otorgamiento de permisos y autorizaciones de instalaciones de producci\u00f3n y la concesi\u00f3n de aguas en las centrales hidr\u00e1ulicas reversibles\u00bb.<sup><\/sup> El an\u00e1lisis est\u00e1 redactado con rigor t\u00e9cnico y vocaci\u00f3n constructiva, adapt\u00e1ndose a los requerimientos de extensi\u00f3n y profundidad que exige la envergadura de la iniciativa.<\/p>\n\n\n\n<hr class=\"wp-block-separator has-alpha-channel-opacity\"\/>\n\n\n\n<h3 class=\"wp-block-heading\"><strong>Cuesti\u00f3n 1: Dentro del marco normativo actual, \u00bfqu\u00e9 barreras identifica en la tramitaci\u00f3n y puesta en marcha de los proyectos de centrales hidr\u00e1ulicas reversibles?<\/strong><\/h3>\n\n\n\n<p class=\"wp-block-paragraph\">El an\u00e1lisis pormenorizado del ecosistema normativo actual revela barreras de \u00edndole sist\u00e9mica, procesal y temporal que han metamorfoseado el desarrollo de infraestructuras cr\u00edticas para la resiliencia clim\u00e1tica del pa\u00eds en un recorrido ineficiente y dilatorio. Las principales barreras identificadas son las siguientes:<\/p>\n\n\n\n<h4 class=\"wp-block-heading\"><strong>A. Fragmentaci\u00f3n Jurisdiccional y el Riesgo Estructural de Interbloqueo<\/strong><\/h4>\n\n\n\n<p class=\"wp-block-paragraph\" id=\"p-c_61514ed1feb0aac3_02a6cfbf-64c6-4138-89eb-2f926226c04f-67\">La barrera m\u00e1s lesiva y evidente radica en la tramitaci\u00f3n fragmentada, y operativamente estanca, de autorizaciones que son material y f\u00edsicamente interdependientes. La viabilidad de una Central Hidr\u00e1ulica Reversible (CHR) descansa irremisiblemente sobre dos pilares f\u00edsicos inseparables. La conexi\u00f3n a la red de transporte el\u00e9ctrico (para absorber y evacuar energ\u00eda s\u00edncrona) y la concesi\u00f3n de uso privativo del dominio p\u00fablico hidr\u00e1ulico (el almacenamiento din\u00e1mico y trasiego de vol\u00famenes de agua entre dos cotas). <\/p>\n\n\n\n<p class=\"wp-block-paragraph\" id=\"p-c_61514ed1feb0aac3_02a6cfbf-64c6-4138-89eb-2f926226c04f-67\">Bajo el marco vigente, el Real Decreto 1183\/2020 regula la asignaci\u00f3n de la capacidad y el acceso a los nudos de la red el\u00e9ctrica mediante criterios de concurrencia y prelaci\u00f3n completamente disociados temporal, jur\u00eddica y procedimentalmente del Texto Refundido de la Ley de Aguas (Real Decreto Legislativo 1\/2001) y del Reglamento del Dominio P\u00fablico Hidr\u00e1ulico, que adjudican las concesiones bajo procesos de competencia propios. Esta falta de vasos comunicantes institucionales engendra un \u00abriesgo de interbloqueo\u00bb devastador. Como se ha expuesto anteriormente, es factible que un proyecto adquiera derechos en un vector (ej. energ\u00eda) y fracase en el otro (ej. agua). Esto desincentiva radicalmente la inversi\u00f3n institucional a largo plazo. Inmoviliza capitales cuantiosos. Fomenta la especulaci\u00f3n de nudos el\u00e9ctricos por agentes no desarrolladores e impide la planificaci\u00f3n ordenada y racional de la transici\u00f3n energ\u00e9tica del Estado.<\/p>\n\n\n\n<h4 class=\"wp-block-heading\"><strong>B. Secuencialidad Ineficiente frente a Paralelismo Procesal Sincr\u00f3nico<\/strong><\/h4>\n\n\n\n<p class=\"wp-block-paragraph\" id=\"p-c_61514ed1feb0aac3_02a6cfbf-64c6-4138-89eb-2f926226c04f-68\">El esquema actual propicia de facto una tramitaci\u00f3n administrativa \u00aben cascada\u00bb o secuencial. Con asiduidad, el promotor no puede avanzar materialmente en la tramitaci\u00f3n de la Autorizaci\u00f3n Administrativa de Construcci\u00f3n (AAC) o en el proyecto de ejecuci\u00f3n sin haber obtenido, a priori y en firme, la Declaraci\u00f3n de Impacto Ambiental (DIA) y la concesi\u00f3n definitiva de aguas con su respectivo clausulado t\u00e9cnico. Cuando, durante la fase ambiental, los entes consultados (\u00f3rganos de biodiversidad auton\u00f3micos, confederaciones hidrogr\u00e1ficas, cabildos o direcciones de patrimonio cultural) emiten requerimientos de subsanaci\u00f3n o exigen variaciones al dise\u00f1o t\u00e9cnico del proyecto para minimizar impactos (por ejemplo, el desplazamiento de una caverna, la modificaci\u00f3n de la cota de toma, o la alteraci\u00f3n del trazado de una l\u00ednea soterrada de muy alta tensi\u00f3n) , el promotor se ve forzado a retroceder a la casilla de salida en las otras administraciones. <\/p>\n\n\n\n<p class=\"wp-block-paragraph\" id=\"p-c_61514ed1feb0aac3_02a6cfbf-64c6-4138-89eb-2f926226c04f-68\">Este proceso iterativo obliga a actualizar innumerables documentos t\u00e9cnicos. Reiniciando los plazos perentorios de la Ley 39\/2015 y reabriendo tediosos y repetitivos periodos de informaci\u00f3n p\u00fablica. Este bucle burocr\u00e1tico, carente de sinergia iterativa entre departamentos, es el principal causante de que proyectos declarados formalmente estrat\u00e9gicos demoren hasta catorce a\u00f1os en comenzar el movimiento de tierras.<\/p>\n\n\n\n<h4 class=\"wp-block-heading\"><strong>C. Fatiga de la Sociedad Civil y Duplicidad Sistem\u00e1tica en la Fase de Informaci\u00f3n P\u00fablica<\/strong><\/h4>\n\n\n\n<p class=\"wp-block-paragraph\" id=\"p-c_61514ed1feb0aac3_02a6cfbf-64c6-4138-89eb-2f926226c04f-69\">La informaci\u00f3n p\u00fablica, la consulta a las administraciones afectadas y la audiencia a los interesados son los garantes democr\u00e1ticos esenciales para asegurar la viabilidad socioambiental. Adem\u00e1s del respeto patrimonial y la mitigaci\u00f3n de impactos en el territorio. Sin embargo, la disociaci\u00f3n org\u00e1nica de los expedientes obliga a someter los mismos proyectos t\u00e9cnicos, con variaciones sem\u00e1nticas o de detalle menor, a sucesivos periodos de exposici\u00f3n p\u00fablica. Un ayuntamiento afectado, una asociaci\u00f3n ecologista o un particular cuyas fincas deban ser expropiadas o sometidas a servidumbre de paso se ven obligados a analizar densos expedientes de miles de p\u00e1ginas en la fase ambiental, meses despu\u00e9s en la fase concesional de aguas, y nuevamente en la fase de declaraci\u00f3n de utilidad p\u00fablica del sector el\u00e9ctrico. Esto desborda la capacidad de escrutinio t\u00e9cnico de la sociedad civil y de los peque\u00f1os consistorios, provocando una severa fatiga participativa. <\/p>\n\n\n\n<p class=\"wp-block-paragraph\" id=\"p-c_61514ed1feb0aac3_02a6cfbf-64c6-4138-89eb-2f926226c04f-69\">Adem\u00e1s, incrementa exponencialmente la probabilidad de que las administraciones instructores reciban alegaciones cruzadas o extempor\u00e1neas. Propiciando un alto nivel de inseguridad jur\u00eddica y alimentando el riesgo de que asociaciones presenten recursos contencioso-administrativos que puedan paralizar cautelarmente las inversiones.<\/p>\n\n\n\n<h4 class=\"wp-block-heading\"><strong>D. Ausencia de Priorizaci\u00f3n Jer\u00e1rquica Efectiva en la Instrucci\u00f3n Administrativa<\/strong> <\/h4>\n\n\n\n<p class=\"wp-block-paragraph\" id=\"p-c_61514ed1feb0aac3_02a6cfbf-64c6-4138-89eb-2f926226c04f-70\">A pesar de loables esfuerzos legislativos recientes, como el Real Decreto-ley 8\/2023 que modifica el texto refundido de la Ley de Aguas para priorizar expl\u00edcitamente el uso del almacenamiento hidr\u00e1ulico de energ\u00eda sobre otros usos industriales, esta priorizaci\u00f3n legal de primer nivel no se ha traducido en una priorizaci\u00f3n operativa en la base de la pir\u00e1mide funcionarial. En la pr\u00e1ctica diaria de las unidades tramitadoras y organismos de cuenca, las solicitudes de grandes CHR siguen integradas en las mismas lentas din\u00e1micas de resoluci\u00f3n que cualquier otra infraestructura convencional. No existe un marco normativo claro, a nivel de instrucciones procedimentales internas, que habilite un verdadero <em>fast-tracking<\/em> transversal que obligue a los departamentos involucrados a aplicar la celeridad que exige la consecuci\u00f3n del PNIEC y la emergencia clim\u00e1tica.<\/p>\n\n\n\n<figure class=\"wp-block-image size-full\"><img loading=\"lazy\" decoding=\"async\" width=\"1024\" height=\"559\" src=\"https:\/\/saltoecologico.es\/wp-content\/uploads\/2026\/03\/Alegaciones-2.jpg\" alt=\"Racionalizaci\u00f3n administrativa de bombeos\" class=\"wp-image-1253\" srcset=\"https:\/\/saltoecologico.es\/wp-content\/uploads\/2026\/03\/Alegaciones-2.jpg 1024w, https:\/\/saltoecologico.es\/wp-content\/uploads\/2026\/03\/Alegaciones-2-300x164.jpg 300w, https:\/\/saltoecologico.es\/wp-content\/uploads\/2026\/03\/Alegaciones-2-768x419.jpg 768w, https:\/\/saltoecologico.es\/wp-content\/uploads\/2026\/03\/Alegaciones-2-769x420.jpg 769w, https:\/\/saltoecologico.es\/wp-content\/uploads\/2026\/03\/Alegaciones-2-150x82.jpg 150w, https:\/\/saltoecologico.es\/wp-content\/uploads\/2026\/03\/Alegaciones-2-696x380.jpg 696w\" sizes=\"auto, (max-width: 1024px) 100vw, 1024px\" \/><\/figure>\n\n\n\n<hr class=\"wp-block-separator has-alpha-channel-opacity\"\/>\n\n\n\n<h3 class=\"wp-block-heading\"><strong>Cuesti\u00f3n 2: \u00bfQu\u00e9 planteamientos se podr\u00edan proponer para mejorar la tramitaci\u00f3n de los proyectos de centrales hidr\u00e1ulicas reversibles?<\/strong><\/h3>\n\n\n\n<p class=\"wp-block-paragraph\">Ante la evidencia de que las barreras detectadas amenazan el objetivo de descarbonizaci\u00f3n a 2050, el enfoque legal debe mutar desde un modelo de control fragmentado a un sistema hol\u00edstico, predecible y orientado a resultados. Se proponen los siguientes planteamientos vertebrales:<\/p>\n\n\n\n<h4 class=\"wp-block-heading\"><strong>A. Desarrollo y Materializaci\u00f3n Rigurosa del Expediente \u00danico y Resoluci\u00f3n Integrada<\/strong><\/h4>\n\n\n\n<p class=\"wp-block-paragraph\" id=\"p-c_61514ed1feb0aac3_02a6cfbf-64c6-4138-89eb-2f926226c04f-71\">El avance m\u00e1s apremiante debe ser la ex\u00e9gesis y el desarrollo reglamentario exhaustivo del art\u00edculo 22.2 de la Ley 24\/2013, instaurando un aut\u00e9ntico \u00abexpediente administrativo unificado\u00bb. En la pr\u00e1ctica, esto supone que la Direcci\u00f3n General de Pol\u00edtica Energ\u00e9tica y Minas (\u00f3rgano sustantivo), la Direcci\u00f3n General del Agua (\u00f3rgano hidr\u00e1ulico) y la Direcci\u00f3n General de Calidad y Evaluaci\u00f3n Ambiental (\u00f3rgano ambiental), deben compartir obligatoriamente una arquitectura y plataforma procedimental com\u00fan desde el \u00abD\u00eda Cero\u00bb de la presentaci\u00f3n del proyecto. El promotor \u00fanicamente deber\u00e1 presentar un \u00abProyecto T\u00e9cnico Consolidado\u00bb (acompa\u00f1ado de sus respectivos anexos y estudios de impacto) que servir\u00e1 de sustrato documental \u00fanico e inalterable sobre el cual operar\u00e1n de manera simult\u00e1nea todas las unidades ministeriales y organismos de cuenca para sus evaluaciones respectivas, eliminando las discrepancias de versi\u00f3n que plagan los expedientes paralelos.<\/p>\n\n\n\n<h4 class=\"wp-block-heading\"><strong>B. Implementaci\u00f3n del Principio de Coordinaci\u00f3n de Concursos (\u00abAlineaci\u00f3n Red-Agua\u00bb)<\/strong><\/h4>\n\n\n\n<p class=\"wp-block-paragraph\" id=\"p-c_61514ed1feb0aac3_02a6cfbf-64c6-4138-89eb-2f926226c04f-72\">Para dinamitar el problema del interbloqueo y evitar la especulaci\u00f3n, la administraci\u00f3n debe asumir un rol proactivo en la planificaci\u00f3n. El MITECO debe realizar una evaluaci\u00f3n de alto nivel para identificar geogr\u00e1fica y cartogr\u00e1ficamente qu\u00e9 masas de agua (especialmente aquellas con embalses de titularidad estatal existentes) presentan las condiciones t\u00e9cnicas, topogr\u00e1ficas y ambientales propicias para albergar instalaciones de almacenamiento reversible de impacto mitigable. <\/p>\n\n\n\n<p class=\"wp-block-paragraph\" id=\"p-c_61514ed1feb0aac3_02a6cfbf-64c6-4138-89eb-2f926226c04f-72\">De forma simult\u00e1nea, y en estrecha colaboraci\u00f3n t\u00e9cnica con el Operador del Sistema (Red El\u00e9ctrica), la planificaci\u00f3n de la red de transporte debe dictaminar y asegurar la disponibilidad de capacidad de evacuaci\u00f3n y acceso en los nudos de conexi\u00f3n adyacentes a esos emplazamientos h\u00eddricos estrat\u00e9gicos. La soluci\u00f3n normativa radical y necesaria es la instauraci\u00f3n de una <strong>licitaci\u00f3n conjunta y simult\u00e1nea<\/strong>. En lugar de convocar dos concursos disjuntos, las direcciones de agua y energ\u00eda deben articular un \u00abConcurso Integrado\u00bb donde el adjudicatario gane, en el mismo acto, el derecho de prelaci\u00f3n para el acceso a la red el\u00e9ctrica y el derecho preferente para la concesi\u00f3n del uso privativo de las aguas, sometiendo ambos derechos a la condici\u00f3n resolutoria estricta de obtener posteriormente una Declaraci\u00f3n de Impacto Ambiental favorable.<\/p>\n\n\n\n<h4 class=\"wp-block-heading\"><strong>C. Consolidaci\u00f3n y Sincronizaci\u00f3n de la Fase de Informaci\u00f3n P\u00fablica<\/strong> <\/h4>\n\n\n\n<p class=\"wp-block-paragraph\" id=\"p-c_61514ed1feb0aac3_02a6cfbf-64c6-4138-89eb-2f926226c04f-73\">El nuevo articulado reglamentario debe establecer plazos preclusivos, estrictos y vinculantes para la emisi\u00f3n de informes por parte de las diferentes administraciones (patrimonio, medio natural, salud p\u00fablica, municipios, etc.). Resulta cr\u00edtico instituir una \u00fanica \u00abFase de Informaci\u00f3n P\u00fablica Conjunta\u00bb de car\u00e1cter preceptivo. Durante este periodo temporal \u00fanico y claramente acotado, los interesados y ciudadanos podr\u00e1n examinar en bloque todos los v\u00e9rtices del proyecto: el Estudio de Impacto Ambiental, la separata detallada de expropiaciones o afecciones a bienes (para la Declaraci\u00f3n de Utilidad P\u00fablica), la justificaci\u00f3n energ\u00e9tica y el dise\u00f1o y par\u00e1metros de explotaci\u00f3n h\u00eddrica. Las alegaciones presentadas se canalizar\u00e1n hacia un \u00fanico \u00ab\u00d3rgano Instructor Coordinador\u00bb, que las catalogar\u00e1 y distribuir\u00e1 a las unidades t\u00e9cnicas correspondientes, centralizando un informe conjunto de respuestas que dotar\u00e1 de solidez y coherencia argumental a la futura resoluci\u00f3n administrativa, blindando el proceso ante futuros litigios contencioso-administrativos.<\/p>\n\n\n\n<h4 class=\"wp-block-heading\"><strong>D. Creaci\u00f3n Org\u00e1nica de una Oficina Nacional de Proyectos Estrat\u00e9gicos de Almacenamiento<\/strong><\/h4>\n\n\n\n<p class=\"wp-block-paragraph\" id=\"p-c_61514ed1feb0aac3_02a6cfbf-64c6-4138-89eb-2f926226c04f-74\">En la vertiente de la gobernanza de la Administraci\u00f3n General del Estado, se sugiere la creaci\u00f3n operativa de una oficina especializada o unidad de coordinaci\u00f3n interministerial. Esta figura, actuando como un gestor de proyectos global (Project Management Office) para el Estado, tendr\u00eda la potestad ejecutiva de asegurar que los hitos cr\u00edticos del expediente avancen bajo los principios de la econom\u00eda procesal y la celeridad. Esta oficina ser\u00eda la responsable de dirimir las discrepancias interpretativas internas entre confederaciones hidrogr\u00e1ficas y los organismos energ\u00e9ticos, velando porque los proyectos viables t\u00e9cnicamente no se asfixien en cuellos de botella burocr\u00e1ticos internos.<\/p>\n\n\n\n<hr class=\"wp-block-separator has-alpha-channel-opacity\"\/>\n\n\n\n<h3 class=\"wp-block-heading\"><strong>Cuesti\u00f3n 3: \u00bfQu\u00e9 elementos o tr\u00e1mites considera que deber\u00edan regularse mediante un procedimiento unificado?<\/strong><\/h3>\n\n\n\n<p class=\"wp-block-paragraph\" id=\"p-c_61514ed1feb0aac3_02a6cfbf-64c6-4138-89eb-2f926226c04f-75\">Para garantizar que el procedimiento unificado no se convierta en una mera declaraci\u00f3n de intenciones vac\u00eda de eficacia operativa, y para salvaguardar el escrupuloso cumplimiento de las garant\u00edas medioambientales y ciudadanas, el ciclo de vida del tr\u00e1mite unificado debe encapsular de manera indivisible los siguientes hitos y elementos procedimentales <sup><\/sup>:<\/p>\n\n\n\n<h4 class=\"wp-block-heading\"><strong>La Calificaci\u00f3n Inicial y Definici\u00f3n del Documento de Alcance Compartido<\/strong><\/h4>\n\n\n\n<p class=\"wp-block-paragraph\">El flujo debe iniciarse con la remisi\u00f3n por parte del promotor de un Anteproyecto Integral, acompa\u00f1ado del Documento Inicial del Proyecto. Este hito detonar\u00eda un periodo de consultas previas estandarizado, en el que el \u00d3rgano Sustantivo Energ\u00e9tico, el \u00d3rgano Ambiental y la Administraci\u00f3n Hidr\u00e1ulica (Confederaci\u00f3n u organismo auton\u00f3mico) trabajen en consuno para definir el \u00abDocumento de Alcance\u00bb del Estudio de Impacto Ambiental (EIA). Esto garantiza que el EIA redactado por el promotor abarque todas las expectativas y exigencias hidrogr\u00e1ficas (caudales ecol\u00f3gicos, calidad de agua, limnolog\u00eda de los embalses) y energ\u00e9ticas (electromagn\u00e9ticas, ruido de subestaciones) desde el primer borrador.<\/p>\n\n\n\n<h4 class=\"wp-block-heading\"><strong>Apertura de Informaci\u00f3n P\u00fablica y Consultas Institucionales (Hito Confluente)<\/strong><\/h4>\n\n\n\n<p class=\"wp-block-paragraph\">Debe consolidarse en un \u00fanico acto y en una \u00fanica publicaci\u00f3n oficial (con los correspondientes anuncios cruzados en diarios y BOE) la exposici\u00f3n de los siguientes elementos de forma indisoluble :<\/p>\n\n\n\n<p class=\"wp-block-paragraph\">La solicitud expl\u00edcita de la <strong>Autorizaci\u00f3n Administrativa Previa (AAP)<\/strong> y la <strong>Autorizaci\u00f3n Administrativa de Construcci\u00f3n (AAC)<\/strong>, detallando la potencia a instalar y las infraestructuras de evacuaci\u00f3n asociadas.<\/p>\n\n\n\n<p class=\"wp-block-paragraph\">La solicitud fundamentada de la <strong>Concesi\u00f3n de Aguas<\/strong> para el uso de almacenamiento reversible, exponiendo las reglas de explotaci\u00f3n (reg\u00edmenes de llenado y vaciado de los embalses).<\/p>\n\n\n\n<p class=\"wp-block-paragraph\">El <strong>Estudio de Impacto Ambiental (EIA)<\/strong> detallado, incluyendo estudios de reforestaci\u00f3n o restituci\u00f3n de flora (como tarajales o h\u00e1bitats protegidos) si el emplazamiento lo requiere.<\/p>\n\n\n\n<p class=\"wp-block-paragraph\">La solicitud para la <strong>Declaraci\u00f3n de Utilidad P\u00fablica (DUP)<\/strong>, con la Relaci\u00f3n de Bienes y Derechos Afectados (RBDA) imprescindible para los procesos expropiatorios de terrenos, pozos o derechos de paso de l\u00edneas el\u00e9ctricas.<\/p>\n\n\n\n<h4 class=\"wp-block-heading\"><strong>Subsanaci\u00f3n y Retroalimentaci\u00f3n Unificada de Modificaciones (Iteraci\u00f3n Eficiente)<\/strong><\/h4>\n\n\n\n<p class=\"wp-block-paragraph\">Si durante la fase de evaluaci\u00f3n y consulta p\u00fablica emergen alegaciones fundadas que obliguen al promotor a reformular aspectos del proyecto (e.g., soterrar un tramo a\u00e9reo de la l\u00ednea de evacuaci\u00f3n para proteger avifauna, o modificar la cota de restituci\u00f3n en el embalse), el procedimiento unificado debe prever un mecanismo automatizado por el cual este cambio en el proyecto t\u00e9cnico se actualice instant\u00e1nea y concurrentemente en la visi\u00f3n del \u00f3rgano hidr\u00e1ulico y del \u00f3rgano ambiental, evitando la necesidad de paralizar expedientes o reabrir el tr\u00e1mite general.<\/p>\n\n\n\n<h4 class=\"wp-block-heading\"><strong>El Acto Resolutorio Compuesto e Indivisible:<\/strong> <\/h4>\n\n\n\n<p class=\"wp-block-paragraph\">El procedimiento debe desembocar sin ambages en la expedici\u00f3n de un documento resolutivo integrador y vinculante, firmado por la autoridad competente de la AGE, que conceda en un solo acto de fe p\u00fablica :<\/p>\n\n\n\n<p class=\"wp-block-paragraph\">La <strong>Declaraci\u00f3n de Impacto Ambiental (DIA) Favorable<\/strong>, con su anexo de condicionantes ambientales, medidas compensatorias y programa de vigilancia ambiental.<\/p>\n\n\n\n<p class=\"wp-block-paragraph\">El <strong>Otorgamiento definitivo de la Concesi\u00f3n de Aguas<\/strong>, estipulando en su condicionado los usos, dotaciones, y el absoluto respeto a los caudales ecol\u00f3gicos m\u00ednimos definidos en los Planes Hidrol\u00f3gicos de Cuenca pertinentes.<\/p>\n\n\n\n<p class=\"wp-block-paragraph\">El otorgamiento de la <strong>AAP, la AAC y la DUP<\/strong> para las instalaciones electromec\u00e1nicas e infraestructuras anexas. La obtenci\u00f3n simult\u00e1nea de estos tres pilares conforma un hito de \u00abready to build\u00bb (listo para construir) incontestable, que permite a las corporaciones y entes financieros ejecutar sin demoras la inversi\u00f3n millonaria que suponen estas grandes infraestructuras civiles, apuntalando la consecuci\u00f3n de las metas del PNIEC.<\/p>\n\n\n\n<ol start=\"1\" class=\"wp-block-list\"><\/ol>\n\n\n\n<figure class=\"wp-block-table\"><table class=\"has-fixed-layout\"><thead><tr><td><strong>Fase Procedimental Cl\u00e1sica<\/strong><\/td><td><strong>Arquitectura del Procedimiento Administrativo Unificado (Propuesta)<\/strong><\/td><\/tr><\/thead><tbody><tr><td><strong>Punto de Entrada<\/strong><\/td><td>M\u00faltiples registros desconectados en Energ\u00eda, Medio Ambiente y Confederaci\u00f3n Hidrogr\u00e1fica.<\/td><\/tr><tr><td><strong>Definici\u00f3n de Alcance (EIA)<\/strong><\/td><td>\u00d3rgano ambiental define alcance con poca o nula integraci\u00f3n de criterios h\u00eddricos operativos.<\/td><\/tr><tr><td><strong>Informaci\u00f3n P\u00fablica<\/strong><\/td><td>Secuencial, de 3 a 4 exposiciones p\u00fablicas repetitivas a lo largo de varios a\u00f1os.<sup><\/sup><\/td><\/tr><tr><td><strong>Resoluci\u00f3n<\/strong><\/td><td>Actos condicionados (ej. \u00abAutorizaci\u00f3n condicionada a obtener la concesi\u00f3n&#8230;\u00bb), inseguridad jur\u00eddica.<\/td><\/tr><\/tbody><\/table><\/figure>\n\n\n\n<p class=\"wp-block-paragraph\"><em>Tabla 2: Matriz comparativa entre el procedimiento administrativo fragmentado actual y la arquitectura propuesta para el expediente unificado de Centrales Hidr\u00e1ulicas Reversibles.<\/em><\/p>\n\n\n\n<hr class=\"wp-block-separator has-alpha-channel-opacity\"\/>\n\n\n\n<h3 class=\"wp-block-heading\"><strong>Cuesti\u00f3n 4: \u00bfC\u00f3mo llevar\u00eda a cabo la coordinaci\u00f3n entre la normativa de aguas y la relativa a los permisos de acceso y conexi\u00f3n a la red?<\/strong><\/h3>\n\n\n\n<p class=\"wp-block-paragraph\" id=\"p-c_61514ed1feb0aac3_02a6cfbf-64c6-4138-89eb-2f926226c04f-86\">La coordinaci\u00f3n efectiva entre los derechos concesionales hidr\u00e1ulicos y los derechos de evacuaci\u00f3n el\u00e9ctrica constituye la clave de b\u00f3veda de toda esta reforma normativa, debiendo pasar de un modelo de asignaci\u00f3n ciega y azarosa a un paradigma de <strong>planificaci\u00f3n estrat\u00e9gica vinculante y concurrencia competitiva hol\u00edstica<\/strong>.<sup><\/sup><\/p>\n\n\n\n<p class=\"wp-block-paragraph\">Para resolver este nudo gordiano, la metodolog\u00eda normativa debe estructurarse mediante las siguientes fases de coordinaci\u00f3n operativa:<\/p>\n\n\n\n<h4 class=\"wp-block-heading\"><strong>Fase 1: La Planificaci\u00f3n Estrat\u00e9gica Proactiva del MITECO<\/strong><\/h4>\n\n\n\n<p class=\"wp-block-paragraph\" id=\"p-c_61514ed1feb0aac3_02a6cfbf-64c6-4138-89eb-2f926226c04f-87\">La coordinaci\u00f3n no puede nacer tras la solicitud del promotor, debe ser un ejercicio previo del Estado. El Operador del Sistema (Red El\u00e9ctrica) en comuni\u00f3n estrecha con la Secretar\u00eda de Estado de Medio Ambiente (Direcci\u00f3n General del Agua), deben cartografiar las cuencas y presas del Estado y cruzar estos datos con los an\u00e1lisis de saturaci\u00f3n y resiliencia de la red de transporte el\u00e9ctrico. <\/p>\n\n\n\n<p class=\"wp-block-paragraph\" id=\"p-c_61514ed1feb0aac3_02a6cfbf-64c6-4138-89eb-2f926226c04f-87\">Cuando se detecten enclaves hidr\u00e1ulicos \u00f3ptimos (por desnivel topogr\u00e1fico, capacidad de embalses y bajo impacto ambiental inicial), el Estado, haciendo uso irrestricto de las potestades del Real Decreto 1183\/2020 (art\u00edculos 18 y siguientes sobre concursos de capacidad), debe <strong>reservar cautelar y expl\u00edcitamente la capacidad de acceso<\/strong> en los nudos de la red m\u00e1s pr\u00f3ximos a dichas presas. Esta capacidad reservada quedar\u00e1 blindada y sustra\u00edda de los concursos generales para generaci\u00f3n e\u00f3lica o fotovoltaica convencional, afect\u00e1ndola exclusivamente al futuro desarrollo de la central de bombeo reversible en esa ubicaci\u00f3n.<\/p>\n\n\n\n<h4 class=\"wp-block-heading\"><strong>Fase 2: Convocatoria del \u00abConcurso Integrado de Recursos Estrat\u00e9gicos\u00bb<\/strong><\/h4>\n\n\n\n<p class=\"wp-block-paragraph\" id=\"p-c_61514ed1feb0aac3_02a6cfbf-64c6-4138-89eb-2f926226c04f-88\">La coordinaci\u00f3n definitiva cristalizar\u00e1 al sustituir los procedimientos de competencia de proyectos independientes por un Concurso P\u00fablico Unificado y Conjunto. La administraci\u00f3n energ\u00e9tica y la administraci\u00f3n hidr\u00e1ulica licitar\u00e1n, mediante unas bases rectoras comunes, el \u00abpaquete\u00bb indivisible. Las bases dictaminar\u00e1n categ\u00f3ricamente que no se puede ser adjudicatario del nudo el\u00e9ctrico sin ganar la concesi\u00f3n de aguas, y que la concesi\u00f3n de aguas no se otorgar\u00e1 a quien no adquiera la titularidad del acceso al nudo el\u00e9ctrico.<\/p>\n\n\n\n<h4 class=\"wp-block-heading\"><strong>Fase 3: Evaluaci\u00f3n Multicriterio Alineada con la Transici\u00f3n Energ\u00e9tica Justa<\/strong><\/h4>\n\n\n\n<p class=\"wp-block-paragraph\" id=\"p-c_61514ed1feb0aac3_02a6cfbf-64c6-4138-89eb-2f926226c04f-89\"> Para decidir qu\u00e9 proyecto es merecedor del acceso a la red y al recurso agua, las comisiones de valoraci\u00f3n de los concursos no pueden basarse meramente en qui\u00e9n ofrece el canon monetario de concesi\u00f3n m\u00e1s alto al erario p\u00fablico. El baremo multicriterio debe ponderar factores alineados con el PNIEC y la resiliencia del Estado :<\/p>\n\n\n\n<ul class=\"wp-block-list\">\n<li><strong>Par\u00e1metros de Resiliencia y Estabilidad El\u00e9ctrica:<\/strong> Puntuaci\u00f3n predominante a la provisi\u00f3n robusta de inercia s\u00edncrona, capacidad para regular potencia en modo bomba (tecnolog\u00eda de velocidad variable), eficiencia global del ciclo hidr\u00e1ulico (round-trip), volumen m\u00e1ximo de energ\u00eda almacenable (GWh) y velocidad de respuesta del grupo ante fluctuaciones de frecuencia. Esta ponderaci\u00f3n es cr\u00edtica en sistemas insulares de Canarias o Baleares, donde la seguridad de red prima sobre cualquier otro factor.<\/li>\n\n\n\n<li><strong>Gesti\u00f3n Integral del Recurso y Restauraci\u00f3n Ecol\u00f3gica:<\/strong> Valoraci\u00f3n positiva a los proyectos que demuestren una simbiosis con el entorno: minimizaci\u00f3n de la cota de afecci\u00f3n, programas de revegetaci\u00f3n con especies aut\u00f3ctonas, medidas compensatorias como la estabilizaci\u00f3n de taludes, proyectos de econom\u00eda circular para el uso del material est\u00e9ril proveniente de las excavaciones, y aportaciones h\u00eddricas indirectas a zonas de regad\u00edo tradicional o prevenci\u00f3n de incendios.<\/li>\n\n\n\n<li><strong>Impacto Socioecon\u00f3mico (Reto Demogr\u00e1fico):<\/strong> Favorecer, en cumplimiento del art\u00edculo 25 de la Ley 7\/2021, los desarrollos que reinviertan en el tejido social y combatan el declive demogr\u00e1fico en los municipios afectados por las expropiaciones y las infraestructuras, impulsando el empleo de proximidad cualificado.<\/li>\n<\/ul>\n\n\n\n<h4 class=\"wp-block-heading\"><strong>Fase 4: Otorgamiento Condicionado y Mecanismo de Liberaci\u00f3n Autom\u00e1tica (Caducidad Cruzada)<\/strong><\/h4>\n\n\n\n<p class=\"wp-block-paragraph\" id=\"p-c_61514ed1feb0aac3_02a6cfbf-64c6-4138-89eb-2f926226c04f-93\"> El adjudicatario final de este Concurso Integrado recibir\u00e1, como primer hito consolidado, la reserva firme de los Permisos de Acceso y Conexi\u00f3n en el nudo de la red y la pre-autorizaci\u00f3n de la concesi\u00f3n h\u00eddrica. Para salvaguardar el inter\u00e9s general y evitar el acaparamiento y la especulaci\u00f3n corporativa, esta adjudicaci\u00f3n contendr\u00e1 una cl\u00e1usula f\u00e9rrea de resoluci\u00f3n o caducidad cruzada. Si, transcurridos los plazos tasados, el proyecto no logra superar la criba de la Declaraci\u00f3n de Impacto Ambiental por motivos t\u00e9cnicos y decae, o el promotor incumple los hitos administrativos de la Autorizaci\u00f3n de Construcci\u00f3n, tanto los permisos el\u00e9ctricos del nudo como los derechos concesionales sobre el agua se revocar\u00e1n de manera autom\u00e1tica y simult\u00e1nea. Esta capacidad volver\u00e1 \u00edntegra e inmediatamente al control del Estado para su posterior relicitaci\u00f3n, garantizando un desarrollo limpio, eficiente y ordenado de la infraestructura de almacenamiento nacional.<\/p>\n\n\n\n<h2 class=\"wp-block-heading\">8. Conclusi\u00f3n General<\/h2>\n\n\n\n<p class=\"wp-block-paragraph\" id=\"p-c_61514ed1feb0aac3_02a6cfbf-64c6-4138-89eb-2f926226c04f-94\">El devenir de la crisis clim\u00e1tica dictamina que el tiempo se ha convertido en el recurso m\u00e1s escaso y valioso.<sup><\/sup> El esfuerzo masivo para descarbonizar la econom\u00eda y dotar a nuestro sistema el\u00e9ctrico nacional e insular de la resiliencia y la inercia necesarias, exige abandonar la pasividad de los viejos marcos administrativos.<sup><\/sup><\/p>\n\n\n\n<p class=\"wp-block-paragraph\" id=\"p-c_61514ed1feb0aac3_02a6cfbf-64c6-4138-89eb-2f926226c04f-95\">Las Centrales Hidr\u00e1ulicas Reversibles (CHR) transcienden el mero concepto de almacenamiento; constituyen gigantescas bater\u00edas gravitatorias y poderosos estabilizadores s\u00edncronos capaces de asegurar el suministro de sociedades enteras frente a la fluctuaci\u00f3n caprichosa del viento y la radiaci\u00f3n solar.<sup><\/sup> Sin embargo, la nobleza del fin t\u00e9cnico languidece si el medio procedimental asfixia la inversi\u00f3n mediante bucles ineficientes de consultas repetitivas y bloqueos jurisdiccionales entre la planificaci\u00f3n de la red el\u00e9ctrica y la gesti\u00f3n del agua.<sup><\/sup><\/p>\n\n\n\n<p class=\"wp-block-paragraph\" id=\"p-c_61514ed1feb0aac3_02a6cfbf-64c6-4138-89eb-2f926226c04f-96\">La implementaci\u00f3n incondicional de un procedimiento administrativo unificado, sustentado en el esp\u00edritu de la Ley del Sector El\u00e9ctrico, no es una mera concesi\u00f3n de agilidad a los promotores.<sup><\/sup> Es una pol\u00edtica de Estado ineludible. Racionalizar la carga burocr\u00e1tica, consolidar el dictamen ambiental y alinear mediante concursos integrados la adjudicaci\u00f3n de la red el\u00e9ctrica y el dominio p\u00fablico hidr\u00e1ulico, conforma la \u00fanica v\u00eda t\u00e9cnica y jur\u00eddica pragm\u00e1tica para movilizar los m\u00e1s de 20 gigavatios de almacenamiento que Espa\u00f1a necesita desesperadamente antes de que acabe la d\u00e9cada.<sup><\/sup> Reformar eficazmente la burocracia hoy, es apuntalar, sin equ\u00edvocos, la supervivencia clim\u00e1tica y el bienestar econ\u00f3mico de las generaciones del ma\u00f1ana.<\/p>\n\n\n\n<p class=\"wp-block-paragraph\"><\/p>\n","protected":false},"excerpt":{"rendered":"<p>Informe Integral sobre la Racionalizaci\u00f3n Administrativa de las Centrales Hidr\u00e1ulicas Reversibles: Un Imperativo para la Estabilidad de la Red y la Transici\u00f3n Energ\u00e9tica 1. El Desaf\u00edo Existencial: El Cambio Clim\u00e1tico Antropog\u00e9nico y la Urgencia de la Descarbonizaci\u00f3n 1.1. La Alteraci\u00f3n del Equilibrio Termodin\u00e1mico Planetario El fen\u00f3meno del cambio clim\u00e1tico antropog\u00e9nico se erige, con incuestionable rotundidad, [&hellip;]<\/p>\n","protected":false},"author":1,"featured_media":1254,"comment_status":"open","ping_status":"open","sticky":false,"template":"","format":"standard","meta":{"footnotes":""},"categories":[54],"tags":[],"class_list":["post-1251","post","type-post","status-publish","format-standard","has-post-thumbnail","category-b_varios"],"yoast_head":"<!-- This site is optimized with the Yoast SEO plugin v28.2 - https:\/\/yoast.com\/product\/yoast-seo-wordpress\/ -->\n<title>Racionalizaci\u00f3n administrativa de bombeos - Salto Ecol\u00f3gico<\/title>\n<meta name=\"description\" content=\"La racionalizaci\u00f3n administrativa de bombeos como un imperativo necesario para la estabilidad de la red y la transici\u00f3n energ\u00e9tica\" \/>\n<meta name=\"robots\" content=\"index, follow, max-snippet:-1, max-image-preview:large, max-video-preview:-1\" \/>\n<link rel=\"canonical\" href=\"https:\/\/saltoecologico.es\/index.php\/2026\/03\/13\/racionalizacion-administrativa-de-bombeos\/\" \/>\n<meta property=\"og:locale\" content=\"es_ES\" \/>\n<meta property=\"og:type\" content=\"article\" \/>\n<meta property=\"og:title\" content=\"Racionalizaci\u00f3n administrativa de bombeos - Salto Ecol\u00f3gico\" \/>\n<meta property=\"og:description\" content=\"La racionalizaci\u00f3n administrativa de bombeos como un imperativo necesario para la estabilidad de la red y la transici\u00f3n energ\u00e9tica\" \/>\n<meta property=\"og:url\" content=\"https:\/\/saltoecologico.es\/index.php\/2026\/03\/13\/racionalizacion-administrativa-de-bombeos\/\" \/>\n<meta property=\"og:site_name\" content=\"Salto Ecol\u00f3gico\" \/>\n<meta property=\"article:publisher\" content=\"https:\/\/www.facebook.com\/Saltotransicionecologica\" \/>\n<meta property=\"article:published_time\" content=\"2026-03-13T22:35:36+00:00\" \/>\n<meta property=\"article:modified_time\" content=\"2026-03-13T22:35:41+00:00\" \/>\n<meta property=\"og:image\" content=\"https:\/\/saltoecologico.es\/wp-content\/uploads\/2026\/03\/Alegaciones-3.jpg\" \/>\n\t<meta property=\"og:image:width\" content=\"1024\" \/>\n\t<meta property=\"og:image:height\" content=\"572\" \/>\n\t<meta property=\"og:image:type\" content=\"image\/jpeg\" \/>\n<meta name=\"author\" content=\"admin\" \/>\n<meta name=\"twitter:card\" content=\"summary_large_image\" \/>\n<meta name=\"twitter:label1\" content=\"Escrito por\" \/>\n\t<meta name=\"twitter:data1\" content=\"admin\" \/>\n\t<meta name=\"twitter:label2\" content=\"Tiempo de lectura\" \/>\n\t<meta name=\"twitter:data2\" content=\"32 minutos\" \/>\n<script type=\"application\/ld+json\" class=\"yoast-schema-graph\">{\"@context\":\"https:\\\/\\\/schema.org\",\"@graph\":[{\"@type\":\"Article\",\"@id\":\"https:\\\/\\\/saltoecologico.es\\\/index.php\\\/2026\\\/03\\\/13\\\/racionalizacion-administrativa-de-bombeos\\\/#article\",\"isPartOf\":{\"@id\":\"https:\\\/\\\/saltoecologico.es\\\/index.php\\\/2026\\\/03\\\/13\\\/racionalizacion-administrativa-de-bombeos\\\/\"},\"author\":{\"name\":\"admin\",\"@id\":\"https:\\\/\\\/saltoecologico.es\\\/#\\\/schema\\\/person\\\/7175eec4b3c123d86c675313c3a01a0b\"},\"headline\":\"Racionalizaci\u00f3n administrativa de bombeos\",\"datePublished\":\"2026-03-13T22:35:36+00:00\",\"dateModified\":\"2026-03-13T22:35:41+00:00\",\"mainEntityOfPage\":{\"@id\":\"https:\\\/\\\/saltoecologico.es\\\/index.php\\\/2026\\\/03\\\/13\\\/racionalizacion-administrativa-de-bombeos\\\/\"},\"wordCount\":7659,\"commentCount\":0,\"publisher\":{\"@id\":\"https:\\\/\\\/saltoecologico.es\\\/#organization\"},\"image\":{\"@id\":\"https:\\\/\\\/saltoecologico.es\\\/index.php\\\/2026\\\/03\\\/13\\\/racionalizacion-administrativa-de-bombeos\\\/#primaryimage\"},\"thumbnailUrl\":\"https:\\\/\\\/saltoecologico.es\\\/wp-content\\\/uploads\\\/2026\\\/03\\\/Alegaciones-3.jpg\",\"articleSection\":[\"B_Varios\"],\"inLanguage\":\"es\",\"potentialAction\":[{\"@type\":\"CommentAction\",\"name\":\"Comment\",\"target\":[\"https:\\\/\\\/saltoecologico.es\\\/index.php\\\/2026\\\/03\\\/13\\\/racionalizacion-administrativa-de-bombeos\\\/#respond\"]}]},{\"@type\":\"WebPage\",\"@id\":\"https:\\\/\\\/saltoecologico.es\\\/index.php\\\/2026\\\/03\\\/13\\\/racionalizacion-administrativa-de-bombeos\\\/\",\"url\":\"https:\\\/\\\/saltoecologico.es\\\/index.php\\\/2026\\\/03\\\/13\\\/racionalizacion-administrativa-de-bombeos\\\/\",\"name\":\"Racionalizaci\u00f3n administrativa de bombeos - Salto Ecol\u00f3gico\",\"isPartOf\":{\"@id\":\"https:\\\/\\\/saltoecologico.es\\\/#website\"},\"primaryImageOfPage\":{\"@id\":\"https:\\\/\\\/saltoecologico.es\\\/index.php\\\/2026\\\/03\\\/13\\\/racionalizacion-administrativa-de-bombeos\\\/#primaryimage\"},\"image\":{\"@id\":\"https:\\\/\\\/saltoecologico.es\\\/index.php\\\/2026\\\/03\\\/13\\\/racionalizacion-administrativa-de-bombeos\\\/#primaryimage\"},\"thumbnailUrl\":\"https:\\\/\\\/saltoecologico.es\\\/wp-content\\\/uploads\\\/2026\\\/03\\\/Alegaciones-3.jpg\",\"datePublished\":\"2026-03-13T22:35:36+00:00\",\"dateModified\":\"2026-03-13T22:35:41+00:00\",\"description\":\"La racionalizaci\u00f3n administrativa de bombeos como un imperativo necesario para la estabilidad de la red y la transici\u00f3n energ\u00e9tica\",\"breadcrumb\":{\"@id\":\"https:\\\/\\\/saltoecologico.es\\\/index.php\\\/2026\\\/03\\\/13\\\/racionalizacion-administrativa-de-bombeos\\\/#breadcrumb\"},\"inLanguage\":\"es\",\"potentialAction\":[{\"@type\":\"ReadAction\",\"target\":[\"https:\\\/\\\/saltoecologico.es\\\/index.php\\\/2026\\\/03\\\/13\\\/racionalizacion-administrativa-de-bombeos\\\/\"]}]},{\"@type\":\"ImageObject\",\"inLanguage\":\"es\",\"@id\":\"https:\\\/\\\/saltoecologico.es\\\/index.php\\\/2026\\\/03\\\/13\\\/racionalizacion-administrativa-de-bombeos\\\/#primaryimage\",\"url\":\"https:\\\/\\\/saltoecologico.es\\\/wp-content\\\/uploads\\\/2026\\\/03\\\/Alegaciones-3.jpg\",\"contentUrl\":\"https:\\\/\\\/saltoecologico.es\\\/wp-content\\\/uploads\\\/2026\\\/03\\\/Alegaciones-3.jpg\",\"width\":1024,\"height\":572},{\"@type\":\"BreadcrumbList\",\"@id\":\"https:\\\/\\\/saltoecologico.es\\\/index.php\\\/2026\\\/03\\\/13\\\/racionalizacion-administrativa-de-bombeos\\\/#breadcrumb\",\"itemListElement\":[{\"@type\":\"ListItem\",\"position\":1,\"name\":\"Portada\",\"item\":\"https:\\\/\\\/saltoecologico.es\\\/\"},{\"@type\":\"ListItem\",\"position\":2,\"name\":\"Racionalizaci\u00f3n administrativa de bombeos\"}]},{\"@type\":\"WebSite\",\"@id\":\"https:\\\/\\\/saltoecologico.es\\\/#website\",\"url\":\"https:\\\/\\\/saltoecologico.es\\\/\",\"name\":\"Salto Ecol\u00f3gico\",\"description\":\"\",\"publisher\":{\"@id\":\"https:\\\/\\\/saltoecologico.es\\\/#organization\"},\"potentialAction\":[{\"@type\":\"SearchAction\",\"target\":{\"@type\":\"EntryPoint\",\"urlTemplate\":\"https:\\\/\\\/saltoecologico.es\\\/?s={search_term_string}\"},\"query-input\":{\"@type\":\"PropertyValueSpecification\",\"valueRequired\":true,\"valueName\":\"search_term_string\"}}],\"inLanguage\":\"es\"},{\"@type\":\"Organization\",\"@id\":\"https:\\\/\\\/saltoecologico.es\\\/#organization\",\"name\":\"Salto a la Transici\u00f3n Ecol\u00f3gica\",\"url\":\"https:\\\/\\\/saltoecologico.es\\\/\",\"logo\":{\"@type\":\"ImageObject\",\"inLanguage\":\"es\",\"@id\":\"https:\\\/\\\/saltoecologico.es\\\/#\\\/schema\\\/logo\\\/image\\\/\",\"url\":\"https:\\\/\\\/saltoecologico.es\\\/wp-content\\\/uploads\\\/2025\\\/04\\\/Logo-STE.jpg\",\"contentUrl\":\"https:\\\/\\\/saltoecologico.es\\\/wp-content\\\/uploads\\\/2025\\\/04\\\/Logo-STE.jpg\",\"width\":435,\"height\":435,\"caption\":\"Salto a la Transici\u00f3n Ecol\u00f3gica\"},\"image\":{\"@id\":\"https:\\\/\\\/saltoecologico.es\\\/#\\\/schema\\\/logo\\\/image\\\/\"},\"sameAs\":[\"https:\\\/\\\/www.facebook.com\\\/Saltotransicionecologica\"]},{\"@type\":\"Person\",\"@id\":\"https:\\\/\\\/saltoecologico.es\\\/#\\\/schema\\\/person\\\/7175eec4b3c123d86c675313c3a01a0b\",\"name\":\"admin\",\"image\":{\"@type\":\"ImageObject\",\"inLanguage\":\"es\",\"@id\":\"https:\\\/\\\/secure.gravatar.com\\\/avatar\\\/4c215dc57bbc7b2f2f470ac9bd197f3f112636a584e575a732d0206a2d9c9806?s=96&d=mm&r=g\",\"url\":\"https:\\\/\\\/secure.gravatar.com\\\/avatar\\\/4c215dc57bbc7b2f2f470ac9bd197f3f112636a584e575a732d0206a2d9c9806?s=96&d=mm&r=g\",\"contentUrl\":\"https:\\\/\\\/secure.gravatar.com\\\/avatar\\\/4c215dc57bbc7b2f2f470ac9bd197f3f112636a584e575a732d0206a2d9c9806?s=96&d=mm&r=g\",\"caption\":\"admin\"},\"sameAs\":[\"https:\\\/\\\/saltoecologico.es\"],\"url\":\"https:\\\/\\\/saltoecologico.es\\\/index.php\\\/author\\\/saltoecologico\\\/\"}]}<\/script>\n<!-- \/ Yoast SEO plugin. -->","yoast_head_json":{"title":"Racionalizaci\u00f3n administrativa de bombeos - Salto Ecol\u00f3gico","description":"La racionalizaci\u00f3n administrativa de bombeos como un imperativo necesario para la estabilidad de la red y la transici\u00f3n energ\u00e9tica","robots":{"index":"index","follow":"follow","max-snippet":"max-snippet:-1","max-image-preview":"max-image-preview:large","max-video-preview":"max-video-preview:-1"},"canonical":"https:\/\/saltoecologico.es\/index.php\/2026\/03\/13\/racionalizacion-administrativa-de-bombeos\/","og_locale":"es_ES","og_type":"article","og_title":"Racionalizaci\u00f3n administrativa de bombeos - Salto Ecol\u00f3gico","og_description":"La racionalizaci\u00f3n administrativa de bombeos como un imperativo necesario para la estabilidad de la red y la transici\u00f3n energ\u00e9tica","og_url":"https:\/\/saltoecologico.es\/index.php\/2026\/03\/13\/racionalizacion-administrativa-de-bombeos\/","og_site_name":"Salto Ecol\u00f3gico","article_publisher":"https:\/\/www.facebook.com\/Saltotransicionecologica","article_published_time":"2026-03-13T22:35:36+00:00","article_modified_time":"2026-03-13T22:35:41+00:00","og_image":[{"width":1024,"height":572,"url":"https:\/\/saltoecologico.es\/wp-content\/uploads\/2026\/03\/Alegaciones-3.jpg","type":"image\/jpeg"}],"author":"admin","twitter_card":"summary_large_image","twitter_misc":{"Escrito por":"admin","Tiempo de lectura":"32 minutos"},"schema":{"@context":"https:\/\/schema.org","@graph":[{"@type":"Article","@id":"https:\/\/saltoecologico.es\/index.php\/2026\/03\/13\/racionalizacion-administrativa-de-bombeos\/#article","isPartOf":{"@id":"https:\/\/saltoecologico.es\/index.php\/2026\/03\/13\/racionalizacion-administrativa-de-bombeos\/"},"author":{"name":"admin","@id":"https:\/\/saltoecologico.es\/#\/schema\/person\/7175eec4b3c123d86c675313c3a01a0b"},"headline":"Racionalizaci\u00f3n administrativa de bombeos","datePublished":"2026-03-13T22:35:36+00:00","dateModified":"2026-03-13T22:35:41+00:00","mainEntityOfPage":{"@id":"https:\/\/saltoecologico.es\/index.php\/2026\/03\/13\/racionalizacion-administrativa-de-bombeos\/"},"wordCount":7659,"commentCount":0,"publisher":{"@id":"https:\/\/saltoecologico.es\/#organization"},"image":{"@id":"https:\/\/saltoecologico.es\/index.php\/2026\/03\/13\/racionalizacion-administrativa-de-bombeos\/#primaryimage"},"thumbnailUrl":"https:\/\/saltoecologico.es\/wp-content\/uploads\/2026\/03\/Alegaciones-3.jpg","articleSection":["B_Varios"],"inLanguage":"es","potentialAction":[{"@type":"CommentAction","name":"Comment","target":["https:\/\/saltoecologico.es\/index.php\/2026\/03\/13\/racionalizacion-administrativa-de-bombeos\/#respond"]}]},{"@type":"WebPage","@id":"https:\/\/saltoecologico.es\/index.php\/2026\/03\/13\/racionalizacion-administrativa-de-bombeos\/","url":"https:\/\/saltoecologico.es\/index.php\/2026\/03\/13\/racionalizacion-administrativa-de-bombeos\/","name":"Racionalizaci\u00f3n administrativa de bombeos - Salto Ecol\u00f3gico","isPartOf":{"@id":"https:\/\/saltoecologico.es\/#website"},"primaryImageOfPage":{"@id":"https:\/\/saltoecologico.es\/index.php\/2026\/03\/13\/racionalizacion-administrativa-de-bombeos\/#primaryimage"},"image":{"@id":"https:\/\/saltoecologico.es\/index.php\/2026\/03\/13\/racionalizacion-administrativa-de-bombeos\/#primaryimage"},"thumbnailUrl":"https:\/\/saltoecologico.es\/wp-content\/uploads\/2026\/03\/Alegaciones-3.jpg","datePublished":"2026-03-13T22:35:36+00:00","dateModified":"2026-03-13T22:35:41+00:00","description":"La racionalizaci\u00f3n administrativa de bombeos como un imperativo necesario para la estabilidad de la red y la transici\u00f3n energ\u00e9tica","breadcrumb":{"@id":"https:\/\/saltoecologico.es\/index.php\/2026\/03\/13\/racionalizacion-administrativa-de-bombeos\/#breadcrumb"},"inLanguage":"es","potentialAction":[{"@type":"ReadAction","target":["https:\/\/saltoecologico.es\/index.php\/2026\/03\/13\/racionalizacion-administrativa-de-bombeos\/"]}]},{"@type":"ImageObject","inLanguage":"es","@id":"https:\/\/saltoecologico.es\/index.php\/2026\/03\/13\/racionalizacion-administrativa-de-bombeos\/#primaryimage","url":"https:\/\/saltoecologico.es\/wp-content\/uploads\/2026\/03\/Alegaciones-3.jpg","contentUrl":"https:\/\/saltoecologico.es\/wp-content\/uploads\/2026\/03\/Alegaciones-3.jpg","width":1024,"height":572},{"@type":"BreadcrumbList","@id":"https:\/\/saltoecologico.es\/index.php\/2026\/03\/13\/racionalizacion-administrativa-de-bombeos\/#breadcrumb","itemListElement":[{"@type":"ListItem","position":1,"name":"Portada","item":"https:\/\/saltoecologico.es\/"},{"@type":"ListItem","position":2,"name":"Racionalizaci\u00f3n administrativa de bombeos"}]},{"@type":"WebSite","@id":"https:\/\/saltoecologico.es\/#website","url":"https:\/\/saltoecologico.es\/","name":"Salto Ecol\u00f3gico","description":"","publisher":{"@id":"https:\/\/saltoecologico.es\/#organization"},"potentialAction":[{"@type":"SearchAction","target":{"@type":"EntryPoint","urlTemplate":"https:\/\/saltoecologico.es\/?s={search_term_string}"},"query-input":{"@type":"PropertyValueSpecification","valueRequired":true,"valueName":"search_term_string"}}],"inLanguage":"es"},{"@type":"Organization","@id":"https:\/\/saltoecologico.es\/#organization","name":"Salto a la Transici\u00f3n Ecol\u00f3gica","url":"https:\/\/saltoecologico.es\/","logo":{"@type":"ImageObject","inLanguage":"es","@id":"https:\/\/saltoecologico.es\/#\/schema\/logo\/image\/","url":"https:\/\/saltoecologico.es\/wp-content\/uploads\/2025\/04\/Logo-STE.jpg","contentUrl":"https:\/\/saltoecologico.es\/wp-content\/uploads\/2025\/04\/Logo-STE.jpg","width":435,"height":435,"caption":"Salto a la Transici\u00f3n Ecol\u00f3gica"},"image":{"@id":"https:\/\/saltoecologico.es\/#\/schema\/logo\/image\/"},"sameAs":["https:\/\/www.facebook.com\/Saltotransicionecologica"]},{"@type":"Person","@id":"https:\/\/saltoecologico.es\/#\/schema\/person\/7175eec4b3c123d86c675313c3a01a0b","name":"admin","image":{"@type":"ImageObject","inLanguage":"es","@id":"https:\/\/secure.gravatar.com\/avatar\/4c215dc57bbc7b2f2f470ac9bd197f3f112636a584e575a732d0206a2d9c9806?s=96&d=mm&r=g","url":"https:\/\/secure.gravatar.com\/avatar\/4c215dc57bbc7b2f2f470ac9bd197f3f112636a584e575a732d0206a2d9c9806?s=96&d=mm&r=g","contentUrl":"https:\/\/secure.gravatar.com\/avatar\/4c215dc57bbc7b2f2f470ac9bd197f3f112636a584e575a732d0206a2d9c9806?s=96&d=mm&r=g","caption":"admin"},"sameAs":["https:\/\/saltoecologico.es"],"url":"https:\/\/saltoecologico.es\/index.php\/author\/saltoecologico\/"}]}},"_links":{"self":[{"href":"https:\/\/saltoecologico.es\/index.php\/wp-json\/wp\/v2\/posts\/1251","targetHints":{"allow":["GET"]}}],"collection":[{"href":"https:\/\/saltoecologico.es\/index.php\/wp-json\/wp\/v2\/posts"}],"about":[{"href":"https:\/\/saltoecologico.es\/index.php\/wp-json\/wp\/v2\/types\/post"}],"author":[{"embeddable":true,"href":"https:\/\/saltoecologico.es\/index.php\/wp-json\/wp\/v2\/users\/1"}],"replies":[{"embeddable":true,"href":"https:\/\/saltoecologico.es\/index.php\/wp-json\/wp\/v2\/comments?post=1251"}],"version-history":[{"count":1,"href":"https:\/\/saltoecologico.es\/index.php\/wp-json\/wp\/v2\/posts\/1251\/revisions"}],"predecessor-version":[{"id":1255,"href":"https:\/\/saltoecologico.es\/index.php\/wp-json\/wp\/v2\/posts\/1251\/revisions\/1255"}],"wp:featuredmedia":[{"embeddable":true,"href":"https:\/\/saltoecologico.es\/index.php\/wp-json\/wp\/v2\/media\/1254"}],"wp:attachment":[{"href":"https:\/\/saltoecologico.es\/index.php\/wp-json\/wp\/v2\/media?parent=1251"}],"wp:term":[{"taxonomy":"category","embeddable":true,"href":"https:\/\/saltoecologico.es\/index.php\/wp-json\/wp\/v2\/categories?post=1251"},{"taxonomy":"post_tag","embeddable":true,"href":"https:\/\/saltoecologico.es\/index.php\/wp-json\/wp\/v2\/tags?post=1251"}],"curies":[{"name":"wp","href":"https:\/\/api.w.org\/{rel}","templated":true}]}}