{"id":1257,"date":"2026-04-10T11:00:17","date_gmt":"2026-04-10T11:00:17","guid":{"rendered":"https:\/\/saltoecologico.es\/?p=1257"},"modified":"2026-04-10T11:33:51","modified_gmt":"2026-04-10T11:33:51","slug":"reto-regulatorio-en-2026","status":"publish","type":"post","link":"https:\/\/saltoecologico.es\/index.php\/2026\/04\/10\/reto-regulatorio-en-2026\/","title":{"rendered":"Reto regulatorio en 2026 para Canarias"},"content":{"rendered":"\n<h1 class=\"wp-block-heading\">El almacenamiento y la transici\u00f3n energ\u00e9tica en Canarias<\/h1>\n\n\n\n<p class=\"wp-block-paragraph\">El cambio clim\u00e1tico antropog\u00e9nico representa la crisis global prioritaria de nuestro tiempo, exigiendo acciones contundentes de descarbonizaci\u00f3n. La imperiosa necesidad de abandonar los combustibles f\u00f3siles es absoluta e inaplazable para proteger nuestros ecosistemas. En nuestro archipi\u00e9lago, ejecutar la <strong>transici\u00f3n energ\u00e9tica en Canarias<\/strong> supone un desaf\u00edo de ingenier\u00eda monumental debido a nuestro estricto aislamiento geogr\u00e1fico. Operar un sistema el\u00e9ctrico insular carente de interconexiones continentales exige mantener un equilibrio perfecto y constante entre generaci\u00f3n y consumo.<\/p>\n\n\n\n<p class=\"wp-block-paragraph\" id=\"p-rc_4d44d6b7b221737b-56\">A fecha de abril de 2026, la tecnolog\u00eda necesaria para alcanzar un modelo cien por cien renovable ya existe y es viable. El problema principal para avanzar no es tecnol\u00f3gico, sino que obedece a un obst\u00e1culo estrictamente pol\u00edtico y regulatorio<sup><\/sup>. Canarias se encuentra peligrosamente atrapada en un marco legal dise\u00f1ado con la mirada puesta en un sistema el\u00e9ctrico del pasado<sup><\/sup>. Esta normativa obsoleta es totalmente incapaz de aprovechar tecnolog\u00edas maduras que ya pueden aportar estabilidad, seguridad y descarbonizaci\u00f3n efectiva<sup><\/sup>.<\/p>\n\n\n\n<p class=\"wp-block-paragraph\" id=\"p-rc_4d44d6b7b221737b-57\">Mientras los ambiciosos planes te\u00f3ricos de descarbonizaci\u00f3n avanzan sobre el papel, la realidad operativa en las salas de control es diferente. Los sistemas insulares mantienen una grave dependencia estructural de grupos t\u00e9rmicos f\u00f3siles altamente envejecidos<sup><\/sup>. La integraci\u00f3n masiva de fuentes renovables sufre limitaciones severas dictadas por rigideces normativas injustificables en el entorno t\u00e9cnico actual<sup><\/sup>. En este escenario, el almacenamiento de energ\u00eda sigue siendo tratado sistem\u00e1ticamente como un mero actor secundario de la red<sup><\/sup>.<\/p>\n\n\n\n<h2 class=\"wp-block-heading\">El reto regulatorio de la transici\u00f3n energ\u00e9tica en Canarias<\/h2>\n\n\n\n<p class=\"wp-block-paragraph\" id=\"p-rc_4d44d6b7b221737b-58\">El n\u00facleo duro de este bloqueo normativo reside en el texto del <a href=\"https:\/\/www.boe.es\/buscar\/doc.php?id=BOE-A-2015-8646\">Real Decreto 738\/2015<\/a>. A pesar del avance tecnol\u00f3gico, esta legislaci\u00f3n sigue siendo la columna vertebral inamovible del r\u00e9gimen de producci\u00f3n en los territorios no peninsulares. Sin embargo, la norma responde a una l\u00f3gica convencional antigua, basada en m\u00e1quinas s\u00edncronas, y requiere una actualizaci\u00f3n profunda e inmediata.<\/p>\n\n\n\n<p class=\"wp-block-paragraph\" id=\"p-rc_4d44d6b7b221737b-59\">Esta normativa vigente regula de manera singular los sistemas insulares, pero lo hace privilegiando el despacho el\u00e9ctrico tradicional<sup><\/sup>. Lamentablemente, la estructura legal actual no reconoce al almacenamiento electroqu\u00edmico como el recurso sist\u00e9mico fundamental que ya es<sup><\/sup>. Las consecuencias operativas de esta ceguera legislativa son sumamente graves, provocando ineficiencias t\u00e9cnicas y encareciendo el coste final del suministro. La falta de adaptaci\u00f3n no solo retrasa inversiones cr\u00edticas, sino que impide gestionar correctamente las puntas de demanda<sup><\/sup>.<\/p>\n\n\n\n<p class=\"wp-block-paragraph\" id=\"p-rc_4d44d6b7b221737b-60\">La propia Administraci\u00f3n central ya ha reconocido formalmente esta grave deficiencia en la arquitectura institucional y normativa. En el a\u00f1o 2025, el Ministerio impuls\u00f3 una consulta p\u00fablica sobre la promoci\u00f3n del almacenamiento en los territorios no peninsulares<sup><\/sup>. En este documento oficial de trabajo, se pregunt\u00f3 expresamente a los agentes del sector por las barreras regulatorias y administrativas existentes<sup><\/sup>. El primer paso para solucionar un problema sist\u00e9mico de ingenier\u00eda es reconocer abiertamente que el obst\u00e1culo persiste en la regulaci\u00f3n<sup><\/sup>.<\/p>\n\n\n\n<h2 class=\"wp-block-heading\">Las bater\u00edas BESS: Realidad t\u00e9cnica frente al inmovilismo<\/h2>\n\n\n\n<p class=\"wp-block-paragraph\" id=\"p-rc_4d44d6b7b221737b-61\">Los modernos sistemas de almacenamiento electroqu\u00edmico de energ\u00eda (BESS) no son una simple promesa futura de la investigaci\u00f3n<sup><\/sup>. Son una realidad t\u00e9cnica del presente, con un grado de madurez operativa extraordinario<sup><\/sup>. Su capacidad din\u00e1mica es vital para garantizar la estabilidad electromec\u00e1nica de una red basada en recursos de generaci\u00f3n intermitentes. Estas instalaciones de estado s\u00f3lido pueden absorber excedentes renovables en fracciones de segundo y reducir dr\u00e1sticamente los vertidos de energ\u00eda<sup><\/sup>.<\/p>\n\n\n\n<p class=\"wp-block-paragraph\" id=\"p-rc_4d44d6b7b221737b-62\">Adem\u00e1s de desplazar bloques masivos de energ\u00eda limpia hacia la noche, estas bater\u00edas ofrecen un sofisticado control de la onda el\u00e9ctrica. Pueden apoyar la tensi\u00f3n de las l\u00edneas, aportar potencia reactiva instant\u00e1nea y ofrecer respuestas ultrarr\u00e1pidas ante perturbaciones severas<sup><\/sup>. La regulaci\u00f3n del sistema peninsular ya ha evolucionado inteligentemente hacia esta imprescindible modernizaci\u00f3n tecnol\u00f3gica. Se han modificado los procedimientos de operaci\u00f3n para el servicio vital de control de tensi\u00f3n<sup><\/sup>.<\/p>\n\n\n\n<p class=\"wp-block-paragraph\" id=\"p-rc_4d44d6b7b221737b-63\">Esta valiosa actualizaci\u00f3n en el territorio peninsular ya incorpora expresamente a la generaci\u00f3n, a la demanda y al almacenamiento<sup><\/sup>. El mensaje t\u00e9cnico y regulatorio que emana de esta decisi\u00f3n es absolutamente evidente para cualquier ingeniero u operador. Si el almacenamiento ya es reconocido para servicios cr\u00edticos en la Pen\u00ednsula, no existe ninguna raz\u00f3n para mantenerlo bloqueado en Canarias<sup><\/sup>. Lo que verdaderamente falta hoy no es capacidad t\u00e9cnica ni madurez industrial de los equipos conversores<sup><\/sup>. Lo que falta es voluntad normativa decidida para otorgarle a las BESS el lugar central que merecen<sup><\/sup>.<\/p>\n\n\n\n<h2 class=\"wp-block-heading\">El riesgo sist\u00e9mico de proteger el modelo f\u00f3sil<\/h2>\n\n\n\n<p class=\"wp-block-paragraph\" id=\"p-rc_4d44d6b7b221737b-64\">Cuando una regulaci\u00f3n oficial no habilita con claridad t\u00e9cnica las nuevas soluciones de flexibilidad, genera un efecto colateral profundamente perjudicial. En la estricta pr\u00e1ctica operativa del despacho diario, esta omisi\u00f3n normativa conserva intacta la posici\u00f3n dominante del parque t\u00e9rmico convencional. Este inmovilismo regulatorio es el <a href=\"https:\/\/saltoecologico.es\/index.php\/2026\/02\/28\/doble-rasero-en-tenerife\/\">verdadero problema<\/a> de fondo que asfixia y ralentiza la descarbonizaci\u00f3n integral del archipi\u00e9lago insular.<\/p>\n\n\n\n<p class=\"wp-block-paragraph\" id=\"p-rc_4d44d6b7b221737b-65\">Cada vac\u00edo normativo sobre servicios de red y cada escandalosa ausencia de retribuci\u00f3n econ\u00f3mica consolidan la dependencia de las tecnolog\u00edas f\u00f3siles<sup><\/sup>. Retrasan artificialmente la entrada de soluciones limpias que est\u00e1n plenamente disponibles en el mercado internacional<sup><\/sup>. En un territorio el\u00e9ctricamente vulnerable y expuesto como Canarias, esta situaci\u00f3n trasciende la mera ineficiencia burocr\u00e1tica o administrativa<sup><\/sup>. Constituye, a todas luces, un error estrat\u00e9gico monumental en la indispensable planificaci\u00f3n de nuestras infraestructuras energ\u00e9ticas de futuro<sup><\/sup>.<\/p>\n\n\n\n<p class=\"wp-block-paragraph\" id=\"p-rc_4d44d6b7b221737b-66\">La correcta transici\u00f3n energ\u00e9tica insular no puede consistir \u00fanicamente en instalar potentes parques e\u00f3licos para despu\u00e9s seguir vertiendo su producci\u00f3n<sup><\/sup>. Resulta un sinsentido termodin\u00e1mico y econ\u00f3mico aumentar la capacidad renovable si el sistema carece de herramientas para absorberla y gestionarla<sup><\/sup>. Las grandes infraestructuras de bater\u00edas a nivel de red son una necesidad operativa cr\u00edtica, no un lujo vanguardista<sup><\/sup>. Aceptar un marco donde el almacenamiento est\u00e9 relegado es resignarse a una transici\u00f3n mutilada, limitada por lo que el sistema f\u00f3sil tolere<sup><\/sup>. Y esto, desde el m\u00e1s estricto rigor cient\u00edfico, ya no es aceptable<sup><\/sup>.<\/p>\n\n\n\n<figure class=\"wp-block-image size-full\"><img loading=\"lazy\" decoding=\"async\" width=\"1024\" height=\"559\" src=\"https:\/\/saltoecologico.es\/wp-content\/uploads\/2026\/04\/Decreto-4.jpg\" alt=\"Reto regulatorio en 2026\" class=\"wp-image-1258\" srcset=\"https:\/\/saltoecologico.es\/wp-content\/uploads\/2026\/04\/Decreto-4.jpg 1024w, https:\/\/saltoecologico.es\/wp-content\/uploads\/2026\/04\/Decreto-4-300x164.jpg 300w, https:\/\/saltoecologico.es\/wp-content\/uploads\/2026\/04\/Decreto-4-768x419.jpg 768w, https:\/\/saltoecologico.es\/wp-content\/uploads\/2026\/04\/Decreto-4-769x420.jpg 769w, https:\/\/saltoecologico.es\/wp-content\/uploads\/2026\/04\/Decreto-4-150x82.jpg 150w, https:\/\/saltoecologico.es\/wp-content\/uploads\/2026\/04\/Decreto-4-696x380.jpg 696w\" sizes=\"auto, (max-width: 1024px) 100vw, 1024px\" \/><\/figure>\n\n\n\n<h2 class=\"wp-block-heading\">Reglas espec\u00edficas para redes insulares fr\u00e1giles<\/h2>\n\n\n\n<p class=\"wp-block-paragraph\" id=\"p-rc_4d44d6b7b221737b-67\">La compleja gesti\u00f3n electr\u00f3nica de las redes insulares no se soluciona simplemente copiando sin adaptaci\u00f3n el marco normativo peninsular<sup><\/sup>. Nuestro archipi\u00e9lago necesita, con una urgencia infinitamente mayor, una regulaci\u00f3n t\u00e9cnica sumamente espec\u00edfica para servicios de tensi\u00f3n y potencia reactiva<sup><\/sup>. La inherente fragilidad el\u00e9ctrica de los territorios no peninsulares requiere, sin duda, una adaptaci\u00f3n normativa mucho m\u00e1s precisa y ambiciosa<sup><\/sup>.<\/p>\n\n\n\n<p class=\"wp-block-paragraph\" id=\"p-rc_4d44d6b7b221737b-68\">Canarias no necesita en absoluto nuevos parches legislativos provisionales que prolonguen la agon\u00eda del actual modelo operativo. Requiere un marco normativo propio y s\u00f3lido dentro del sistema estatal, que reconozca verdaderamente su singularidad t\u00e9cnica y geogr\u00e1fica<sup><\/sup>.<\/p>\n\n\n\n<h3 class=\"wp-block-heading\">El potencial transformador de la tecnolog\u00eda \u00abGrid-Forming\u00bb<\/h3>\n\n\n\n<p class=\"wp-block-paragraph\" id=\"p-rc_4d44d6b7b221737b-69\">La electr\u00f3nica de potencia avanzada ha desarrollado algoritmos de control capaces de revolucionar la topolog\u00eda cl\u00e1sica de la red. Red El\u00e9ctrica ya public\u00f3 en 2025 una especificaci\u00f3n t\u00e9cnica nacional detallada sobre las modernas capacidades \u00abgrid-forming\u00bb o formadoras de red<sup><\/sup>. Esto evidencia, de forma incuestionable, que la tecnolog\u00eda capaz de generar inercia sint\u00e9tica ya pertenece a la preparaci\u00f3n operativa real<sup><\/sup>.<\/p>\n\n\n\n<p class=\"wp-block-paragraph\" id=\"p-rc_4d44d6b7b221737b-70\">Sin embargo, el despliegue t\u00e9cnico choca nuevamente con la fr\u00eda burocracia administrativa. Mientras estas capacidades avanzadas no cuenten con un desarrollo reglamentario vinculante, seguir\u00e1n siendo una simple promesa a medio desplegar<sup><\/sup>. En microsistemas aislados como los nuestros, esto supone perder tr\u00e1gicamente una oportunidad hist\u00f3rica para reforzar la resiliencia integral<sup><\/sup>. No basta con certificar un equipo; hay que convertir la soluci\u00f3n t\u00e9cnica en una herramienta regulatoriamente utilizable de inmediato<sup><\/sup>.<\/p>\n\n\n\n<h2 class=\"wp-block-heading\">La justa retribuci\u00f3n econ\u00f3mica del valor sist\u00e9mico<\/h2>\n\n\n\n<p class=\"wp-block-paragraph\" id=\"p-rc_4d44d6b7b221737b-71\">Para que las infraestructuras de almacenamiento masivo sean comercialmente viables, su inmenso valor t\u00e9cnico debe ser reconocido econ\u00f3micamente. Si una bater\u00eda BESS presta disponibilidad continua, evita vertidos e\u00f3licos y da soporte de tensi\u00f3n, ese valor sist\u00e9mico debe ser retribuido<sup><\/sup>. De lo contrario, todo el relato institucional sobre la modernizaci\u00f3n y la flexibilidad ser\u00e1 mera ret\u00f3rica sin fundamento financiero<sup><\/sup>.<\/p>\n\n\n\n<p class=\"wp-block-paragraph\" id=\"p-rc_4d44d6b7b221737b-72\">La evoluci\u00f3n reciente de los mercados el\u00e9ctricos demuestra que la prestaci\u00f3n t\u00e9cnica debe asociarse invariablemente a mecanismos de liquidaci\u00f3n econ\u00f3mica justos<sup><\/sup>. Este principio fundamental de la ingenier\u00eda el\u00e9ctrica debe aterrizar de forma definitiva y transparente en los territorios no peninsulares<sup><\/sup>. Resulta irracional exigir a la tecnolog\u00eda que preste servicios de vanguardia del siglo XXI y remunerarla con esquemas tarifarios del siglo pasado<sup><\/sup>.<\/p>\n\n\n\n<h2 class=\"wp-block-heading\">Propuestas ineludibles para la modernizaci\u00f3n insular<\/h2>\n\n\n\n<p class=\"wp-block-paragraph\" id=\"p-rc_4d44d6b7b221737b-73\">Para superar este peligroso estancamiento t\u00e9cnico, es absolutamente imprescindible impulsar una bater\u00eda de reformas estructurales, profundas y urgentes. La primera medida fundamental es la reforma inmediata del Real Decreto 738\/2015 para reconocer expresamente a las tecnolog\u00edas BESS<sup><\/sup>. Deben catalogarse, por ley, como un recurso primario de operaci\u00f3n, estabilidad, flexibilidad y m\u00e1xima seguridad en el archipi\u00e9lago<sup><\/sup>.<\/p>\n\n\n\n<p class=\"wp-block-paragraph\" id=\"p-rc_4d44d6b7b221737b-74\">Adem\u00e1s, es imperativo demandar la aprobaci\u00f3n de un marco operativo espec\u00edfico para Canarias y dem\u00e1s territorios no peninsulares<sup><\/sup>. Este nuevo marco debe habilitar legalmente a las BESS para prestar servicios regulados de control de tensi\u00f3n, potencia reactiva y reserva r\u00e1pida<sup><\/sup>. Todo ello debe estar s\u00f3lidamente respaldado por un desarrollo normativo vinculante de las imprescindibles capacidades grid-forming<sup><\/sup>.<\/p>\n\n\n\n<p class=\"wp-block-paragraph\" id=\"p-rc_4d44d6b7b221737b-75\">La arquitectura financiera de la red exige tambi\u00e9n el dise\u00f1o de una metodolog\u00eda retributiva espec\u00edfica, justa y moderna<sup><\/sup>. Un modelo econ\u00f3mico que pague no solo por la energ\u00eda inyectada, sino por la disponibilidad, la reducci\u00f3n de vertidos y la respuesta din\u00e1mica<sup><\/sup>. Asimismo, es imperativa la adaptaci\u00f3n profunda de los algoritmos de despacho para que el almacenamiento se utilice siempre con absoluta preferencia<sup><\/sup>.<\/p>\n\n\n\n<p class=\"wp-block-paragraph\" id=\"p-rc_4d44d6b7b221737b-76\">Para validar toda esta imprescindible modernizaci\u00f3n tecnol\u00f3gica en un entorno de ingenier\u00eda real, se propone una \u00faltima medida clave. Hablamos de la implantaci\u00f3n de un programa piloto a gran escala, espec\u00edfico en Canarias, con un estricto seguimiento p\u00fablico de resultados<sup><\/sup>. Esto permitir\u00e1 consolidar emp\u00edricamente el papel del almacenamiento electroqu\u00edmico como el gran recurso estructural de nuestro futuro<sup><\/sup>.<\/p>\n\n\n\n<h3 class=\"wp-block-heading\">El imperativo t\u00e9cnico de adaptar las normas a la f\u00edsica<\/h3>\n\n\n\n<p class=\"wp-block-paragraph\" id=\"p-rc_4d44d6b7b221737b-77\">El sistema el\u00e9ctrico canario no puede seguir esperando pasivamente a que la regulaci\u00f3n estatal llegue sistem\u00e1ticamente tarde<sup><\/sup>. Resulta profundamente inaceptable que la innovaci\u00f3n t\u00e9cnica y la ingenier\u00eda de excelencia existan, pero el marco normativo frene su despliegue<sup><\/sup>. No se debe invocar falazmente la seguridad del sistema para blindar inercias legales que, en la pr\u00e1ctica, prolongan la dependencia f\u00f3sil<sup><\/sup>.<\/p>\n\n\n\n<p class=\"wp-block-paragraph\" id=\"p-rc_4d44d6b7b221737b-78\">La verdadera y definitiva transici\u00f3n energ\u00e9tica en nuestras islas no se dirime \u00fanicamente construyendo modernos parques e\u00f3licos terrestres o instalaciones fotovoltaicas<sup><\/sup>. Esta batalla clim\u00e1tica se juega, de manera determinante, en la capacidad del Estado para adaptar sus obsoletas normas a la realidad presente<sup><\/sup>. Y esa adaptaci\u00f3n regulatoria, vital para nuestra pervivencia clim\u00e1tica y nuestra independencia energ\u00e9tica, ya no admite la m\u00e1s m\u00ednima excusa<sup><\/sup>.<\/p>\n\n\n\n<h2 class=\"wp-block-heading\">A\u00d1ADIDO<\/h2>\n\n\n\n<p class=\"wp-block-paragraph\">Hemos confeccionado una escrito dirigido al Ministerio con nuestros planteamiento que adjuntamos.<br><br><a href=\"https:\/\/saltoecologico.es\/wp-content\/uploads\/2026\/04\/AL-MINISTERIO-PARA-LA-TRANSICION-ECOLOGICA-Y-EL-RETO-DEMOGRAFICO.pdf\">Escrito al ministerio.<\/a><\/p>\n","protected":false},"excerpt":{"rendered":"<p>El almacenamiento y la transici\u00f3n energ\u00e9tica en Canarias El cambio clim\u00e1tico antropog\u00e9nico representa la crisis global prioritaria de nuestro tiempo, exigiendo acciones contundentes de descarbonizaci\u00f3n. La imperiosa necesidad de abandonar los combustibles f\u00f3siles es absoluta e inaplazable para proteger nuestros ecosistemas. En nuestro archipi\u00e9lago, ejecutar la transici\u00f3n energ\u00e9tica en Canarias supone un desaf\u00edo de ingenier\u00eda [&hellip;]<\/p>\n","protected":false},"author":1,"featured_media":1259,"comment_status":"open","ping_status":"open","sticky":false,"template":"","format":"standard","meta":{"footnotes":""},"categories":[36],"tags":[],"class_list":["post-1257","post","type-post","status-publish","format-standard","has-post-thumbnail","category-sistema-electrico"],"yoast_head":"<!-- This site is optimized with the Yoast SEO plugin v28.2 - https:\/\/yoast.com\/product\/yoast-seo-wordpress\/ -->\n<title>Reto regulatorio en 2026 para Canarias - Salto Ecol\u00f3gico<\/title>\n<meta name=\"description\" content=\"El reto regulatorio en 2026 para Canarias se presenta como unos de los catalizadores m\u00e1s importantes para dar el salto en renovables\" \/>\n<meta name=\"robots\" content=\"index, follow, max-snippet:-1, max-image-preview:large, max-video-preview:-1\" \/>\n<link rel=\"canonical\" href=\"https:\/\/saltoecologico.es\/index.php\/2026\/04\/10\/reto-regulatorio-en-2026\/\" \/>\n<meta property=\"og:locale\" content=\"es_ES\" \/>\n<meta property=\"og:type\" content=\"article\" \/>\n<meta property=\"og:title\" content=\"Reto regulatorio en 2026 para Canarias - Salto Ecol\u00f3gico\" \/>\n<meta property=\"og:description\" content=\"El reto regulatorio en 2026 para Canarias se presenta como unos de los catalizadores m\u00e1s importantes para dar el salto en renovables\" \/>\n<meta property=\"og:url\" content=\"https:\/\/saltoecologico.es\/index.php\/2026\/04\/10\/reto-regulatorio-en-2026\/\" \/>\n<meta property=\"og:site_name\" content=\"Salto Ecol\u00f3gico\" \/>\n<meta property=\"article:publisher\" content=\"https:\/\/www.facebook.com\/Saltotransicionecologica\" \/>\n<meta property=\"article:published_time\" content=\"2026-04-10T11:00:17+00:00\" \/>\n<meta property=\"article:modified_time\" content=\"2026-04-10T11:33:51+00:00\" \/>\n<meta property=\"og:image\" content=\"https:\/\/saltoecologico.es\/wp-content\/uploads\/2026\/04\/Decreto-3.jpg\" \/>\n\t<meta property=\"og:image:width\" content=\"1024\" \/>\n\t<meta property=\"og:image:height\" content=\"572\" \/>\n\t<meta property=\"og:image:type\" content=\"image\/jpeg\" \/>\n<meta name=\"author\" content=\"admin\" \/>\n<meta name=\"twitter:card\" content=\"summary_large_image\" \/>\n<meta name=\"twitter:label1\" content=\"Escrito por\" \/>\n\t<meta name=\"twitter:data1\" content=\"admin\" \/>\n\t<meta name=\"twitter:label2\" content=\"Tiempo de lectura\" \/>\n\t<meta name=\"twitter:data2\" content=\"9 minutos\" \/>\n<script type=\"application\/ld+json\" class=\"yoast-schema-graph\">{\"@context\":\"https:\\\/\\\/schema.org\",\"@graph\":[{\"@type\":\"Article\",\"@id\":\"https:\\\/\\\/saltoecologico.es\\\/index.php\\\/2026\\\/04\\\/10\\\/reto-regulatorio-en-2026\\\/#article\",\"isPartOf\":{\"@id\":\"https:\\\/\\\/saltoecologico.es\\\/index.php\\\/2026\\\/04\\\/10\\\/reto-regulatorio-en-2026\\\/\"},\"author\":{\"name\":\"admin\",\"@id\":\"https:\\\/\\\/saltoecologico.es\\\/#\\\/schema\\\/person\\\/7175eec4b3c123d86c675313c3a01a0b\"},\"headline\":\"Reto regulatorio en 2026 para Canarias\",\"datePublished\":\"2026-04-10T11:00:17+00:00\",\"dateModified\":\"2026-04-10T11:33:51+00:00\",\"mainEntityOfPage\":{\"@id\":\"https:\\\/\\\/saltoecologico.es\\\/index.php\\\/2026\\\/04\\\/10\\\/reto-regulatorio-en-2026\\\/\"},\"wordCount\":1894,\"commentCount\":0,\"publisher\":{\"@id\":\"https:\\\/\\\/saltoecologico.es\\\/#organization\"},\"image\":{\"@id\":\"https:\\\/\\\/saltoecologico.es\\\/index.php\\\/2026\\\/04\\\/10\\\/reto-regulatorio-en-2026\\\/#primaryimage\"},\"thumbnailUrl\":\"https:\\\/\\\/saltoecologico.es\\\/wp-content\\\/uploads\\\/2026\\\/04\\\/Decreto-3.jpg\",\"articleSection\":[\"Sistema el\u00e9ctrico\"],\"inLanguage\":\"es\",\"potentialAction\":[{\"@type\":\"CommentAction\",\"name\":\"Comment\",\"target\":[\"https:\\\/\\\/saltoecologico.es\\\/index.php\\\/2026\\\/04\\\/10\\\/reto-regulatorio-en-2026\\\/#respond\"]}]},{\"@type\":\"WebPage\",\"@id\":\"https:\\\/\\\/saltoecologico.es\\\/index.php\\\/2026\\\/04\\\/10\\\/reto-regulatorio-en-2026\\\/\",\"url\":\"https:\\\/\\\/saltoecologico.es\\\/index.php\\\/2026\\\/04\\\/10\\\/reto-regulatorio-en-2026\\\/\",\"name\":\"Reto regulatorio en 2026 para Canarias - Salto Ecol\u00f3gico\",\"isPartOf\":{\"@id\":\"https:\\\/\\\/saltoecologico.es\\\/#website\"},\"primaryImageOfPage\":{\"@id\":\"https:\\\/\\\/saltoecologico.es\\\/index.php\\\/2026\\\/04\\\/10\\\/reto-regulatorio-en-2026\\\/#primaryimage\"},\"image\":{\"@id\":\"https:\\\/\\\/saltoecologico.es\\\/index.php\\\/2026\\\/04\\\/10\\\/reto-regulatorio-en-2026\\\/#primaryimage\"},\"thumbnailUrl\":\"https:\\\/\\\/saltoecologico.es\\\/wp-content\\\/uploads\\\/2026\\\/04\\\/Decreto-3.jpg\",\"datePublished\":\"2026-04-10T11:00:17+00:00\",\"dateModified\":\"2026-04-10T11:33:51+00:00\",\"description\":\"El reto regulatorio en 2026 para Canarias se presenta como unos de los catalizadores m\u00e1s importantes para dar el salto en renovables\",\"breadcrumb\":{\"@id\":\"https:\\\/\\\/saltoecologico.es\\\/index.php\\\/2026\\\/04\\\/10\\\/reto-regulatorio-en-2026\\\/#breadcrumb\"},\"inLanguage\":\"es\",\"potentialAction\":[{\"@type\":\"ReadAction\",\"target\":[\"https:\\\/\\\/saltoecologico.es\\\/index.php\\\/2026\\\/04\\\/10\\\/reto-regulatorio-en-2026\\\/\"]}]},{\"@type\":\"ImageObject\",\"inLanguage\":\"es\",\"@id\":\"https:\\\/\\\/saltoecologico.es\\\/index.php\\\/2026\\\/04\\\/10\\\/reto-regulatorio-en-2026\\\/#primaryimage\",\"url\":\"https:\\\/\\\/saltoecologico.es\\\/wp-content\\\/uploads\\\/2026\\\/04\\\/Decreto-3.jpg\",\"contentUrl\":\"https:\\\/\\\/saltoecologico.es\\\/wp-content\\\/uploads\\\/2026\\\/04\\\/Decreto-3.jpg\",\"width\":1024,\"height\":572},{\"@type\":\"BreadcrumbList\",\"@id\":\"https:\\\/\\\/saltoecologico.es\\\/index.php\\\/2026\\\/04\\\/10\\\/reto-regulatorio-en-2026\\\/#breadcrumb\",\"itemListElement\":[{\"@type\":\"ListItem\",\"position\":1,\"name\":\"Portada\",\"item\":\"https:\\\/\\\/saltoecologico.es\\\/\"},{\"@type\":\"ListItem\",\"position\":2,\"name\":\"Reto regulatorio en 2026 para Canarias\"}]},{\"@type\":\"WebSite\",\"@id\":\"https:\\\/\\\/saltoecologico.es\\\/#website\",\"url\":\"https:\\\/\\\/saltoecologico.es\\\/\",\"name\":\"Salto Ecol\u00f3gico\",\"description\":\"\",\"publisher\":{\"@id\":\"https:\\\/\\\/saltoecologico.es\\\/#organization\"},\"potentialAction\":[{\"@type\":\"SearchAction\",\"target\":{\"@type\":\"EntryPoint\",\"urlTemplate\":\"https:\\\/\\\/saltoecologico.es\\\/?s={search_term_string}\"},\"query-input\":{\"@type\":\"PropertyValueSpecification\",\"valueRequired\":true,\"valueName\":\"search_term_string\"}}],\"inLanguage\":\"es\"},{\"@type\":\"Organization\",\"@id\":\"https:\\\/\\\/saltoecologico.es\\\/#organization\",\"name\":\"Salto a la Transici\u00f3n Ecol\u00f3gica\",\"url\":\"https:\\\/\\\/saltoecologico.es\\\/\",\"logo\":{\"@type\":\"ImageObject\",\"inLanguage\":\"es\",\"@id\":\"https:\\\/\\\/saltoecologico.es\\\/#\\\/schema\\\/logo\\\/image\\\/\",\"url\":\"https:\\\/\\\/saltoecologico.es\\\/wp-content\\\/uploads\\\/2025\\\/04\\\/Logo-STE.jpg\",\"contentUrl\":\"https:\\\/\\\/saltoecologico.es\\\/wp-content\\\/uploads\\\/2025\\\/04\\\/Logo-STE.jpg\",\"width\":435,\"height\":435,\"caption\":\"Salto a la Transici\u00f3n Ecol\u00f3gica\"},\"image\":{\"@id\":\"https:\\\/\\\/saltoecologico.es\\\/#\\\/schema\\\/logo\\\/image\\\/\"},\"sameAs\":[\"https:\\\/\\\/www.facebook.com\\\/Saltotransicionecologica\"]},{\"@type\":\"Person\",\"@id\":\"https:\\\/\\\/saltoecologico.es\\\/#\\\/schema\\\/person\\\/7175eec4b3c123d86c675313c3a01a0b\",\"name\":\"admin\",\"image\":{\"@type\":\"ImageObject\",\"inLanguage\":\"es\",\"@id\":\"https:\\\/\\\/secure.gravatar.com\\\/avatar\\\/4c215dc57bbc7b2f2f470ac9bd197f3f112636a584e575a732d0206a2d9c9806?s=96&d=mm&r=g\",\"url\":\"https:\\\/\\\/secure.gravatar.com\\\/avatar\\\/4c215dc57bbc7b2f2f470ac9bd197f3f112636a584e575a732d0206a2d9c9806?s=96&d=mm&r=g\",\"contentUrl\":\"https:\\\/\\\/secure.gravatar.com\\\/avatar\\\/4c215dc57bbc7b2f2f470ac9bd197f3f112636a584e575a732d0206a2d9c9806?s=96&d=mm&r=g\",\"caption\":\"admin\"},\"sameAs\":[\"https:\\\/\\\/saltoecologico.es\"],\"url\":\"https:\\\/\\\/saltoecologico.es\\\/index.php\\\/author\\\/saltoecologico\\\/\"}]}<\/script>\n<!-- \/ Yoast SEO plugin. -->","yoast_head_json":{"title":"Reto regulatorio en 2026 para Canarias - Salto Ecol\u00f3gico","description":"El reto regulatorio en 2026 para Canarias se presenta como unos de los catalizadores m\u00e1s importantes para dar el salto en renovables","robots":{"index":"index","follow":"follow","max-snippet":"max-snippet:-1","max-image-preview":"max-image-preview:large","max-video-preview":"max-video-preview:-1"},"canonical":"https:\/\/saltoecologico.es\/index.php\/2026\/04\/10\/reto-regulatorio-en-2026\/","og_locale":"es_ES","og_type":"article","og_title":"Reto regulatorio en 2026 para Canarias - Salto Ecol\u00f3gico","og_description":"El reto regulatorio en 2026 para Canarias se presenta como unos de los catalizadores m\u00e1s importantes para dar el salto en renovables","og_url":"https:\/\/saltoecologico.es\/index.php\/2026\/04\/10\/reto-regulatorio-en-2026\/","og_site_name":"Salto Ecol\u00f3gico","article_publisher":"https:\/\/www.facebook.com\/Saltotransicionecologica","article_published_time":"2026-04-10T11:00:17+00:00","article_modified_time":"2026-04-10T11:33:51+00:00","og_image":[{"width":1024,"height":572,"url":"https:\/\/saltoecologico.es\/wp-content\/uploads\/2026\/04\/Decreto-3.jpg","type":"image\/jpeg"}],"author":"admin","twitter_card":"summary_large_image","twitter_misc":{"Escrito por":"admin","Tiempo de lectura":"9 minutos"},"schema":{"@context":"https:\/\/schema.org","@graph":[{"@type":"Article","@id":"https:\/\/saltoecologico.es\/index.php\/2026\/04\/10\/reto-regulatorio-en-2026\/#article","isPartOf":{"@id":"https:\/\/saltoecologico.es\/index.php\/2026\/04\/10\/reto-regulatorio-en-2026\/"},"author":{"name":"admin","@id":"https:\/\/saltoecologico.es\/#\/schema\/person\/7175eec4b3c123d86c675313c3a01a0b"},"headline":"Reto regulatorio en 2026 para Canarias","datePublished":"2026-04-10T11:00:17+00:00","dateModified":"2026-04-10T11:33:51+00:00","mainEntityOfPage":{"@id":"https:\/\/saltoecologico.es\/index.php\/2026\/04\/10\/reto-regulatorio-en-2026\/"},"wordCount":1894,"commentCount":0,"publisher":{"@id":"https:\/\/saltoecologico.es\/#organization"},"image":{"@id":"https:\/\/saltoecologico.es\/index.php\/2026\/04\/10\/reto-regulatorio-en-2026\/#primaryimage"},"thumbnailUrl":"https:\/\/saltoecologico.es\/wp-content\/uploads\/2026\/04\/Decreto-3.jpg","articleSection":["Sistema el\u00e9ctrico"],"inLanguage":"es","potentialAction":[{"@type":"CommentAction","name":"Comment","target":["https:\/\/saltoecologico.es\/index.php\/2026\/04\/10\/reto-regulatorio-en-2026\/#respond"]}]},{"@type":"WebPage","@id":"https:\/\/saltoecologico.es\/index.php\/2026\/04\/10\/reto-regulatorio-en-2026\/","url":"https:\/\/saltoecologico.es\/index.php\/2026\/04\/10\/reto-regulatorio-en-2026\/","name":"Reto regulatorio en 2026 para Canarias - Salto Ecol\u00f3gico","isPartOf":{"@id":"https:\/\/saltoecologico.es\/#website"},"primaryImageOfPage":{"@id":"https:\/\/saltoecologico.es\/index.php\/2026\/04\/10\/reto-regulatorio-en-2026\/#primaryimage"},"image":{"@id":"https:\/\/saltoecologico.es\/index.php\/2026\/04\/10\/reto-regulatorio-en-2026\/#primaryimage"},"thumbnailUrl":"https:\/\/saltoecologico.es\/wp-content\/uploads\/2026\/04\/Decreto-3.jpg","datePublished":"2026-04-10T11:00:17+00:00","dateModified":"2026-04-10T11:33:51+00:00","description":"El reto regulatorio en 2026 para Canarias se presenta como unos de los catalizadores m\u00e1s importantes para dar el salto en renovables","breadcrumb":{"@id":"https:\/\/saltoecologico.es\/index.php\/2026\/04\/10\/reto-regulatorio-en-2026\/#breadcrumb"},"inLanguage":"es","potentialAction":[{"@type":"ReadAction","target":["https:\/\/saltoecologico.es\/index.php\/2026\/04\/10\/reto-regulatorio-en-2026\/"]}]},{"@type":"ImageObject","inLanguage":"es","@id":"https:\/\/saltoecologico.es\/index.php\/2026\/04\/10\/reto-regulatorio-en-2026\/#primaryimage","url":"https:\/\/saltoecologico.es\/wp-content\/uploads\/2026\/04\/Decreto-3.jpg","contentUrl":"https:\/\/saltoecologico.es\/wp-content\/uploads\/2026\/04\/Decreto-3.jpg","width":1024,"height":572},{"@type":"BreadcrumbList","@id":"https:\/\/saltoecologico.es\/index.php\/2026\/04\/10\/reto-regulatorio-en-2026\/#breadcrumb","itemListElement":[{"@type":"ListItem","position":1,"name":"Portada","item":"https:\/\/saltoecologico.es\/"},{"@type":"ListItem","position":2,"name":"Reto regulatorio en 2026 para Canarias"}]},{"@type":"WebSite","@id":"https:\/\/saltoecologico.es\/#website","url":"https:\/\/saltoecologico.es\/","name":"Salto Ecol\u00f3gico","description":"","publisher":{"@id":"https:\/\/saltoecologico.es\/#organization"},"potentialAction":[{"@type":"SearchAction","target":{"@type":"EntryPoint","urlTemplate":"https:\/\/saltoecologico.es\/?s={search_term_string}"},"query-input":{"@type":"PropertyValueSpecification","valueRequired":true,"valueName":"search_term_string"}}],"inLanguage":"es"},{"@type":"Organization","@id":"https:\/\/saltoecologico.es\/#organization","name":"Salto a la Transici\u00f3n Ecol\u00f3gica","url":"https:\/\/saltoecologico.es\/","logo":{"@type":"ImageObject","inLanguage":"es","@id":"https:\/\/saltoecologico.es\/#\/schema\/logo\/image\/","url":"https:\/\/saltoecologico.es\/wp-content\/uploads\/2025\/04\/Logo-STE.jpg","contentUrl":"https:\/\/saltoecologico.es\/wp-content\/uploads\/2025\/04\/Logo-STE.jpg","width":435,"height":435,"caption":"Salto a la Transici\u00f3n Ecol\u00f3gica"},"image":{"@id":"https:\/\/saltoecologico.es\/#\/schema\/logo\/image\/"},"sameAs":["https:\/\/www.facebook.com\/Saltotransicionecologica"]},{"@type":"Person","@id":"https:\/\/saltoecologico.es\/#\/schema\/person\/7175eec4b3c123d86c675313c3a01a0b","name":"admin","image":{"@type":"ImageObject","inLanguage":"es","@id":"https:\/\/secure.gravatar.com\/avatar\/4c215dc57bbc7b2f2f470ac9bd197f3f112636a584e575a732d0206a2d9c9806?s=96&d=mm&r=g","url":"https:\/\/secure.gravatar.com\/avatar\/4c215dc57bbc7b2f2f470ac9bd197f3f112636a584e575a732d0206a2d9c9806?s=96&d=mm&r=g","contentUrl":"https:\/\/secure.gravatar.com\/avatar\/4c215dc57bbc7b2f2f470ac9bd197f3f112636a584e575a732d0206a2d9c9806?s=96&d=mm&r=g","caption":"admin"},"sameAs":["https:\/\/saltoecologico.es"],"url":"https:\/\/saltoecologico.es\/index.php\/author\/saltoecologico\/"}]}},"_links":{"self":[{"href":"https:\/\/saltoecologico.es\/index.php\/wp-json\/wp\/v2\/posts\/1257","targetHints":{"allow":["GET"]}}],"collection":[{"href":"https:\/\/saltoecologico.es\/index.php\/wp-json\/wp\/v2\/posts"}],"about":[{"href":"https:\/\/saltoecologico.es\/index.php\/wp-json\/wp\/v2\/types\/post"}],"author":[{"embeddable":true,"href":"https:\/\/saltoecologico.es\/index.php\/wp-json\/wp\/v2\/users\/1"}],"replies":[{"embeddable":true,"href":"https:\/\/saltoecologico.es\/index.php\/wp-json\/wp\/v2\/comments?post=1257"}],"version-history":[{"count":2,"href":"https:\/\/saltoecologico.es\/index.php\/wp-json\/wp\/v2\/posts\/1257\/revisions"}],"predecessor-version":[{"id":1263,"href":"https:\/\/saltoecologico.es\/index.php\/wp-json\/wp\/v2\/posts\/1257\/revisions\/1263"}],"wp:featuredmedia":[{"embeddable":true,"href":"https:\/\/saltoecologico.es\/index.php\/wp-json\/wp\/v2\/media\/1259"}],"wp:attachment":[{"href":"https:\/\/saltoecologico.es\/index.php\/wp-json\/wp\/v2\/media?parent=1257"}],"wp:term":[{"taxonomy":"category","embeddable":true,"href":"https:\/\/saltoecologico.es\/index.php\/wp-json\/wp\/v2\/categories?post=1257"},{"taxonomy":"post_tag","embeddable":true,"href":"https:\/\/saltoecologico.es\/index.php\/wp-json\/wp\/v2\/tags?post=1257"}],"curies":[{"name":"wp","href":"https:\/\/api.w.org\/{rel}","templated":true}]}}