{"id":314,"date":"2022-01-07T18:58:00","date_gmt":"2022-01-07T18:58:00","guid":{"rendered":"https:\/\/saltoecologico.es\/?p=314"},"modified":"2025-04-13T09:11:49","modified_gmt":"2025-04-13T09:11:49","slug":"manifiesto","status":"publish","type":"post","link":"https:\/\/saltoecologico.es\/index.php\/2022\/01\/07\/manifiesto\/","title":{"rendered":"Manifiesto"},"content":{"rendered":"\n<h1 class=\"wp-block-heading\">Manifiesto por una Transici\u00f3n Acelerada a las Renovables en Canarias<\/h1>\n\n\n\n<p class=\"wp-block-paragraph\">La sociedad vive el conflicto entre los mensajes contundentes que nos llegan desde la ciencia y organismos internacionales, que nos advierten de la necesidad de tomar medidas radicales para acabar con los gases de efecto invernadero si queremos, nada menos, que sobrevivir como especie, y la posici\u00f3n tibia de los gobiernos que no se atreven a tomarlas.<\/p>\n\n\n\n<p class=\"wp-block-paragraph\">La ciudadan\u00eda canaria quiere estar a la altura que demanda esta situaci\u00f3n. Lo que nos mueve a intentar lograr la descarbonizaci\u00f3n completa de las islas, en un breve espacio de tiempo, como se nos reclama desde el mundo cient\u00edfico, es el compromiso \u00e9tico con la vida presente y futura en la Tierra.<\/p>\n\n\n\n<p class=\"wp-block-paragraph\">Consideramos que el ritmo de la transici\u00f3n energ\u00e9tica a las renovables a nivel internacional (y Canarias no es una excepci\u00f3n), es muy lento de cara a afrontar con \u00e9xito la emergencia clim\u00e1tica. Algunos opinan que nuestro esfuerzo en las Islas poco influye en un problema de dimensi\u00f3n mundial, pero en todo el planeta aparecen esperanzadoras iniciativas como la nuestra.<\/p>\n\n\n\n<p class=\"wp-block-paragraph\">En Canarias, y en lo que a emisi\u00f3n de gases de efecto invernadero se refiere, hay dos puntos negros para la transici\u00f3n energ\u00e9tica que hay que abordar. Estos son:<\/p>\n\n\n\n<ul class=\"wp-block-list\">\n<li>Las centrales t\u00e9rmicas de fuel oil.<\/li>\n\n\n\n<li>El enorme parque automovil\u00edstico actual alimentado con derivados del petr\u00f3leo.<\/li>\n<\/ul>\n\n\n\n<p class=\"wp-block-paragraph\">Ambas cuestiones est\u00e1n interrelacionadas.<\/p>\n\n\n\n<blockquote class=\"wp-block-quote is-layout-flow wp-block-quote-is-layout-flow\">\n<p class=\"wp-block-paragraph\">Como dice el investigador Mauricio Misquero:<br><em>\u201cNo hay tiempo para so\u00f1ar con m\u00e1gicas soluciones tecnol\u00f3gicas\u201d<\/em>.<br>A lo que a\u00f1adimos:<br><em>\u201cEl camino a recorrer tenemos que hacerlo con las energ\u00edas renovables disponibles\u201d<\/em>.<\/p>\n<\/blockquote>\n\n\n\n<hr class=\"wp-block-separator has-alpha-channel-opacity\"\/>\n\n\n\n<h2 class=\"wp-block-heading\">Objetivos temporales y dimensi\u00f3n del reto<\/h2>\n\n\n\n<p class=\"wp-block-paragraph\">El Gobierno de Canarias ha establecido el horizonte de 2040 para la total descarbonizaci\u00f3n de las islas. Esta fecha nos resulta tard\u00eda si pretendemos con ello hacer frente a la emergencia clim\u00e1tica. Pero incluso si se aceptara este horizonte, <strong>no es admisible establecer ahora objetivos de descarbonizaci\u00f3n y dejar para m\u00e1s adelante su cumplimiento<\/strong>. Por lo tanto, exigimos el cumplimiento de <strong>objetivos anuales de instalaci\u00f3n de renovables para todas las islas<\/strong>.<\/p>\n\n\n\n<h3 class=\"wp-block-heading\">Estudio del caso de las islas m\u00e1s pobladas<\/h3>\n\n\n\n<p class=\"wp-block-paragraph\"><strong>Gran Canaria<\/strong><\/p>\n\n\n\n<ul class=\"wp-block-list\">\n<li>Para 2040 se deber\u00eda tener instalado alrededor de <strong>4.000 MW en renovables<\/strong>.<\/li>\n\n\n\n<li>Se deber\u00edan estar instalando <strong>225 MW anuales<\/strong>.<\/li>\n<\/ul>\n\n\n\n<p class=\"wp-block-paragraph\"><strong>Tenerife<\/strong><\/p>\n\n\n\n<ul class=\"wp-block-list\">\n<li>Tendr\u00eda que instalarse alrededor de <strong>5.000 MW tambi\u00e9n en 2040<\/strong>.<\/li>\n\n\n\n<li>Se tendr\u00edan que estar instalando <strong>280 MW anuales<\/strong>.<\/li>\n<\/ul>\n\n\n\n<h3 class=\"wp-block-heading\">Consideraciones sobre generaci\u00f3n y demanda<\/h3>\n\n\n\n<p class=\"wp-block-paragraph\">Supongamos que los e\u00f3licos est\u00e1n funcionando 24 horas al d\u00eda, 365 d\u00edas al a\u00f1o:<\/p>\n\n\n\n<p class=\"wp-block-paragraph\"><strong>5.000 x 365 x 24 = 43.800.000 MWh<\/strong><\/p>\n\n\n\n<p class=\"wp-block-paragraph\">Pero los molinos no funcionan permanentemente. Usando un <strong>factor de utilizaci\u00f3n del 20%<\/strong> para la e\u00f3lica:<\/p>\n\n\n\n<p class=\"wp-block-paragraph\"><strong>43.800.000 x 20 \/ 100 = 8.760.000 MWh<\/strong><\/p>\n\n\n\n<p class=\"wp-block-paragraph\">Las necesidades de Tenerife rondan los <strong>4.000 MWh<\/strong>, por lo que, tanto si los 5.000 MW son de e\u00f3lica, fotovoltaica (con un factor del 18%) o una combinaci\u00f3n, parece <strong>sobredimensionado<\/strong>.<\/p>\n\n\n\n<p class=\"wp-block-paragraph\">Adem\u00e1s, <strong>confiar todo el sistema a e\u00f3lica, fotovoltaica y bombeos<\/strong> junto con autoconsumo <strong>genera inc\u00f3gnitas sobre la estabilidad del sistema<\/strong>.<\/p>\n\n\n\n<p class=\"wp-block-paragraph\">Se propone incluir en el mix energ\u00e9tico:<\/p>\n\n\n\n<ul class=\"wp-block-list\">\n<li>Geot\u00e9rmica<\/li>\n\n\n\n<li>Termosolar con acumulaci\u00f3n<\/li>\n<\/ul>\n\n\n\n<p class=\"wp-block-paragraph\">Esto podr\u00eda aportar <strong>300 MW adicionales de generaci\u00f3n gestionable<\/strong>, necesarios para el equilibrio din\u00e1mico del sistema.<\/p>\n\n\n\n<p class=\"wp-block-paragraph\"><strong>Propuesta alternativa para Tenerife:<\/strong><\/p>\n\n\n\n<ul class=\"wp-block-list\">\n<li><strong>2.500 MW en renovables<\/strong><\/li>\n\n\n\n<li><strong>600 MW en bombeos<\/strong><\/li>\n\n\n\n<li>Esto resultar\u00eda <strong>m\u00e1s que suficiente<\/strong>.<\/li>\n<\/ul>\n\n\n\n<hr class=\"wp-block-separator has-alpha-channel-opacity\"\/>\n\n\n\n<h2 class=\"wp-block-heading\">Propuestas<\/h2>\n\n\n\n<p class=\"wp-block-paragraph\">Las organizaciones y personas firmantes trasladamos al Gobierno canario, a las administraciones competentes y a la sociedad canaria las siguientes propuestas:<\/p>\n\n\n\n<h3 class=\"wp-block-heading\">1. Desmantelamiento de centrales t\u00e9rmicas<\/h3>\n\n\n\n<p class=\"wp-block-paragraph\">Evitar que se prorrogue su actividad con gas u otros combustibles f\u00f3siles.<\/p>\n\n\n\n<h3 class=\"wp-block-heading\">2. Agilizar la implantaci\u00f3n de renovables<\/h3>\n\n\n\n<p class=\"wp-block-paragraph\">Fomentar todo tipo de instalaciones:<\/p>\n\n\n\n<ul class=\"wp-block-list\">\n<li>Aerogeneradores <em>off shore<\/em> y <em>on shore<\/em><\/li>\n\n\n\n<li>Paneles fotovoltaicos<\/li>\n\n\n\n<li>Instalaciones de almacenamiento<\/li>\n\n\n\n<li>Autoconsumo en viviendas, edificios p\u00fablicos y comunidades energ\u00e9ticas<\/li>\n<\/ul>\n\n\n\n<h3 class=\"wp-block-heading\">3. Prioridades estrat\u00e9gicas<\/h3>\n\n\n\n<ul class=\"wp-block-list\">\n<li>Aerogeneradores <em>off shore<\/em> (por su potencia y eficiencia)<\/li>\n\n\n\n<li>Comunidades energ\u00e9ticas industriales (por ubicar la generaci\u00f3n cerca del consumo)<\/li>\n<\/ul>\n\n\n\n<h3 class=\"wp-block-heading\">4. Criterios presupuestarios<\/h3>\n\n\n\n<p class=\"wp-block-paragraph\">En los Presupuestos de la Comunidad Aut\u00f3noma y Cabildos:<\/p>\n\n\n\n<ul class=\"wp-block-list\">\n<li>Valorar el esfuerzo en implantaci\u00f3n de renovables en islas y municipios<\/li>\n\n\n\n<li>Penalizar a administraciones renuentes<\/li>\n<\/ul>\n\n\n\n<h3 class=\"wp-block-heading\">5. Interconexi\u00f3n el\u00e9ctrica entre islas<\/h3>\n\n\n\n<p class=\"wp-block-paragraph\">Acelerar los proyectos previstos para superar el aislamiento el\u00e9ctrico y permitir mayor penetraci\u00f3n de renovables.<\/p>\n\n\n\n<h3 class=\"wp-block-heading\">6. Eficiencia energ\u00e9tica<\/h3>\n\n\n\n<p class=\"wp-block-paragraph\">Especialmente en el alumbrado p\u00fablico.<\/p>\n\n\n\n<h3 class=\"wp-block-heading\">7. Tramitaci\u00f3n administrativa<\/h3>\n\n\n\n<ul class=\"wp-block-list\">\n<li>Establecer normativas espec\u00edficas<\/li>\n\n\n\n<li>Crear departamentos especializados con personal suficiente<\/li>\n<\/ul>\n\n\n\n<h3 class=\"wp-block-heading\">8. Compensaci\u00f3n de emisiones en sectores sin alternativas<\/h3>\n\n\n\n<ul class=\"wp-block-list\">\n<li>Actividades industriales, transporte pesado, a\u00e9reo y mar\u00edtimo<\/li>\n\n\n\n<li>Uso de sumideros de CO\u2082: plantaciones de \u00e1rboles, algas, gesti\u00f3n forestal sostenible<\/li>\n<\/ul>\n\n\n\n<h3 class=\"wp-block-heading\">9. Movilidad sostenible<\/h3>\n\n\n\n<ul class=\"wp-block-list\">\n<li>Retirada progresiva de veh\u00edculos de combusti\u00f3n<\/li>\n\n\n\n<li>Impulsar transporte p\u00fablico colectivo, segregado del tr\u00e1fico privado<\/li>\n\n\n\n<li>Fomentar bicicletas, patinetas y veh\u00edculos el\u00e9ctricos<\/li>\n<\/ul>\n\n\n\n<h3 class=\"wp-block-heading\">10. Puntos de recarga vinculados a renovables<\/h3>\n\n\n\n<p class=\"wp-block-paragraph\">Asegurar que el aumento de demanda por el veh\u00edculo el\u00e9ctrico no retrase el cierre de las t\u00e9rmicas.<\/p>\n\n\n\n<h3 class=\"wp-block-heading\">11. Debate social<\/h3>\n\n\n\n<p class=\"wp-block-paragraph\">Abrir un debate amplio sobre los cambios necesarios en:<\/p>\n\n\n\n<ul class=\"wp-block-list\">\n<li>Nuestra forma de vivir<\/li>\n\n\n\n<li>Nuestra forma de producir<\/li>\n\n\n\n<li>Nuestra forma de consumir<\/li>\n<\/ul>\n\n\n\n<hr class=\"wp-block-separator has-alpha-channel-opacity\"\/>\n\n\n\n<h2 class=\"wp-block-heading\">Conclusi\u00f3n<\/h2>\n\n\n\n<p class=\"wp-block-paragraph\">Nos dirigimos a toda la sociedad canaria para trasladar <strong>la necesidad de iniciar una transici\u00f3n urgente hacia un modelo econ\u00f3mico y social sin emisiones de CO\u2082 a la atm\u00f3sfera<\/strong>.<\/p>\n\n\n\n<p class=\"wp-block-paragraph\">Exigimos a todas las administraciones competentes que <strong>consideren estas propuestas y opten, sin dilaciones, por una transici\u00f3n energ\u00e9tica acelerada<\/strong>, como requiere la crisis clim\u00e1tica que vivimos.<\/p>\n\n\n\n<hr class=\"wp-block-separator has-alpha-channel-opacity\"\/>\n\n\n\n<p class=\"wp-block-paragraph\"><\/p>\n","protected":false},"excerpt":{"rendered":"<p>Manifiesto por una Transici\u00f3n Acelerada a las Renovables en Canarias La sociedad vive el conflicto entre los mensajes contundentes que nos llegan desde la ciencia y organismos internacionales, que nos advierten de la necesidad de tomar medidas radicales para acabar con los gases de efecto invernadero si queremos, nada menos, que sobrevivir como especie, y [&hellip;]<\/p>\n","protected":false},"author":1,"featured_media":373,"comment_status":"open","ping_status":"open","sticky":false,"template":"","format":"standard","meta":{"footnotes":""},"categories":[52,30],"tags":[],"class_list":["post-314","post","type-post","status-publish","format-standard","has-post-thumbnail","category-t_varios","category-transicion"],"yoast_head":"<!-- This site is optimized with the Yoast SEO plugin v28.2 - https:\/\/yoast.com\/product\/yoast-seo-wordpress\/ -->\n<title>Manifiesto - Salto Ecol\u00f3gico<\/title>\n<meta name=\"robots\" content=\"index, follow, max-snippet:-1, max-image-preview:large, max-video-preview:-1\" \/>\n<link rel=\"canonical\" href=\"https:\/\/saltoecologico.es\/index.php\/2022\/01\/07\/manifiesto\/\" \/>\n<meta property=\"og:locale\" content=\"es_ES\" \/>\n<meta property=\"og:type\" content=\"article\" \/>\n<meta property=\"og:title\" content=\"Manifiesto - Salto Ecol\u00f3gico\" \/>\n<meta property=\"og:description\" content=\"Manifiesto por una Transici\u00f3n Acelerada a las Renovables en Canarias La sociedad vive el conflicto entre los mensajes contundentes que nos llegan desde la ciencia y organismos internacionales, que nos advierten de la necesidad de tomar medidas radicales para acabar con los gases de efecto invernadero si queremos, nada menos, que sobrevivir como especie, y [&hellip;]\" \/>\n<meta property=\"og:url\" content=\"https:\/\/saltoecologico.es\/index.php\/2022\/01\/07\/manifiesto\/\" \/>\n<meta property=\"og:site_name\" content=\"Salto Ecol\u00f3gico\" \/>\n<meta property=\"article:publisher\" content=\"https:\/\/www.facebook.com\/Saltotransicionecologica\" \/>\n<meta property=\"article:published_time\" content=\"2022-01-07T18:58:00+00:00\" \/>\n<meta property=\"article:modified_time\" content=\"2025-04-13T09:11:49+00:00\" \/>\n<meta property=\"og:image\" content=\"https:\/\/saltoecologico.es\/wp-content\/uploads\/2022\/01\/Manifiesto-por-una-transicion-acelerada-a-las-renovables.jpg\" \/>\n\t<meta property=\"og:image:width\" content=\"1300\" \/>\n\t<meta property=\"og:image:height\" content=\"898\" \/>\n\t<meta property=\"og:image:type\" content=\"image\/jpeg\" \/>\n<meta name=\"author\" content=\"admin\" \/>\n<meta name=\"twitter:card\" content=\"summary_large_image\" \/>\n<meta name=\"twitter:label1\" content=\"Escrito por\" \/>\n\t<meta name=\"twitter:data1\" content=\"admin\" \/>\n\t<meta name=\"twitter:label2\" content=\"Tiempo de lectura\" \/>\n\t<meta name=\"twitter:data2\" content=\"4 minutos\" \/>\n<script type=\"application\/ld+json\" class=\"yoast-schema-graph\">{\"@context\":\"https:\\\/\\\/schema.org\",\"@graph\":[{\"@type\":\"Article\",\"@id\":\"https:\\\/\\\/saltoecologico.es\\\/index.php\\\/2022\\\/01\\\/07\\\/manifiesto\\\/#article\",\"isPartOf\":{\"@id\":\"https:\\\/\\\/saltoecologico.es\\\/index.php\\\/2022\\\/01\\\/07\\\/manifiesto\\\/\"},\"author\":{\"name\":\"admin\",\"@id\":\"https:\\\/\\\/saltoecologico.es\\\/#\\\/schema\\\/person\\\/7175eec4b3c123d86c675313c3a01a0b\"},\"headline\":\"Manifiesto\",\"datePublished\":\"2022-01-07T18:58:00+00:00\",\"dateModified\":\"2025-04-13T09:11:49+00:00\",\"mainEntityOfPage\":{\"@id\":\"https:\\\/\\\/saltoecologico.es\\\/index.php\\\/2022\\\/01\\\/07\\\/manifiesto\\\/\"},\"wordCount\":897,\"commentCount\":0,\"publisher\":{\"@id\":\"https:\\\/\\\/saltoecologico.es\\\/#organization\"},\"image\":{\"@id\":\"https:\\\/\\\/saltoecologico.es\\\/index.php\\\/2022\\\/01\\\/07\\\/manifiesto\\\/#primaryimage\"},\"thumbnailUrl\":\"https:\\\/\\\/saltoecologico.es\\\/wp-content\\\/uploads\\\/2022\\\/01\\\/Manifiesto-por-una-transicion-acelerada-a-las-renovables.jpg\",\"articleSection\":[\"T_Varios\",\"Transici\u00f3n\"],\"inLanguage\":\"es\",\"potentialAction\":[{\"@type\":\"CommentAction\",\"name\":\"Comment\",\"target\":[\"https:\\\/\\\/saltoecologico.es\\\/index.php\\\/2022\\\/01\\\/07\\\/manifiesto\\\/#respond\"]}]},{\"@type\":\"WebPage\",\"@id\":\"https:\\\/\\\/saltoecologico.es\\\/index.php\\\/2022\\\/01\\\/07\\\/manifiesto\\\/\",\"url\":\"https:\\\/\\\/saltoecologico.es\\\/index.php\\\/2022\\\/01\\\/07\\\/manifiesto\\\/\",\"name\":\"Manifiesto - Salto Ecol\u00f3gico\",\"isPartOf\":{\"@id\":\"https:\\\/\\\/saltoecologico.es\\\/#website\"},\"primaryImageOfPage\":{\"@id\":\"https:\\\/\\\/saltoecologico.es\\\/index.php\\\/2022\\\/01\\\/07\\\/manifiesto\\\/#primaryimage\"},\"image\":{\"@id\":\"https:\\\/\\\/saltoecologico.es\\\/index.php\\\/2022\\\/01\\\/07\\\/manifiesto\\\/#primaryimage\"},\"thumbnailUrl\":\"https:\\\/\\\/saltoecologico.es\\\/wp-content\\\/uploads\\\/2022\\\/01\\\/Manifiesto-por-una-transicion-acelerada-a-las-renovables.jpg\",\"datePublished\":\"2022-01-07T18:58:00+00:00\",\"dateModified\":\"2025-04-13T09:11:49+00:00\",\"breadcrumb\":{\"@id\":\"https:\\\/\\\/saltoecologico.es\\\/index.php\\\/2022\\\/01\\\/07\\\/manifiesto\\\/#breadcrumb\"},\"inLanguage\":\"es\",\"potentialAction\":[{\"@type\":\"ReadAction\",\"target\":[\"https:\\\/\\\/saltoecologico.es\\\/index.php\\\/2022\\\/01\\\/07\\\/manifiesto\\\/\"]}]},{\"@type\":\"ImageObject\",\"inLanguage\":\"es\",\"@id\":\"https:\\\/\\\/saltoecologico.es\\\/index.php\\\/2022\\\/01\\\/07\\\/manifiesto\\\/#primaryimage\",\"url\":\"https:\\\/\\\/saltoecologico.es\\\/wp-content\\\/uploads\\\/2022\\\/01\\\/Manifiesto-por-una-transicion-acelerada-a-las-renovables.jpg\",\"contentUrl\":\"https:\\\/\\\/saltoecologico.es\\\/wp-content\\\/uploads\\\/2022\\\/01\\\/Manifiesto-por-una-transicion-acelerada-a-las-renovables.jpg\",\"width\":1300,\"height\":898},{\"@type\":\"BreadcrumbList\",\"@id\":\"https:\\\/\\\/saltoecologico.es\\\/index.php\\\/2022\\\/01\\\/07\\\/manifiesto\\\/#breadcrumb\",\"itemListElement\":[{\"@type\":\"ListItem\",\"position\":1,\"name\":\"Portada\",\"item\":\"https:\\\/\\\/saltoecologico.es\\\/\"},{\"@type\":\"ListItem\",\"position\":2,\"name\":\"Manifiesto\"}]},{\"@type\":\"WebSite\",\"@id\":\"https:\\\/\\\/saltoecologico.es\\\/#website\",\"url\":\"https:\\\/\\\/saltoecologico.es\\\/\",\"name\":\"Salto Ecol\u00f3gico\",\"description\":\"\",\"publisher\":{\"@id\":\"https:\\\/\\\/saltoecologico.es\\\/#organization\"},\"potentialAction\":[{\"@type\":\"SearchAction\",\"target\":{\"@type\":\"EntryPoint\",\"urlTemplate\":\"https:\\\/\\\/saltoecologico.es\\\/?s={search_term_string}\"},\"query-input\":{\"@type\":\"PropertyValueSpecification\",\"valueRequired\":true,\"valueName\":\"search_term_string\"}}],\"inLanguage\":\"es\"},{\"@type\":\"Organization\",\"@id\":\"https:\\\/\\\/saltoecologico.es\\\/#organization\",\"name\":\"Salto a la Transici\u00f3n Ecol\u00f3gica\",\"url\":\"https:\\\/\\\/saltoecologico.es\\\/\",\"logo\":{\"@type\":\"ImageObject\",\"inLanguage\":\"es\",\"@id\":\"https:\\\/\\\/saltoecologico.es\\\/#\\\/schema\\\/logo\\\/image\\\/\",\"url\":\"https:\\\/\\\/saltoecologico.es\\\/wp-content\\\/uploads\\\/2025\\\/04\\\/Logo-STE.jpg\",\"contentUrl\":\"https:\\\/\\\/saltoecologico.es\\\/wp-content\\\/uploads\\\/2025\\\/04\\\/Logo-STE.jpg\",\"width\":435,\"height\":435,\"caption\":\"Salto a la Transici\u00f3n Ecol\u00f3gica\"},\"image\":{\"@id\":\"https:\\\/\\\/saltoecologico.es\\\/#\\\/schema\\\/logo\\\/image\\\/\"},\"sameAs\":[\"https:\\\/\\\/www.facebook.com\\\/Saltotransicionecologica\"]},{\"@type\":\"Person\",\"@id\":\"https:\\\/\\\/saltoecologico.es\\\/#\\\/schema\\\/person\\\/7175eec4b3c123d86c675313c3a01a0b\",\"name\":\"admin\",\"image\":{\"@type\":\"ImageObject\",\"inLanguage\":\"es\",\"@id\":\"https:\\\/\\\/secure.gravatar.com\\\/avatar\\\/4c215dc57bbc7b2f2f470ac9bd197f3f112636a584e575a732d0206a2d9c9806?s=96&d=mm&r=g\",\"url\":\"https:\\\/\\\/secure.gravatar.com\\\/avatar\\\/4c215dc57bbc7b2f2f470ac9bd197f3f112636a584e575a732d0206a2d9c9806?s=96&d=mm&r=g\",\"contentUrl\":\"https:\\\/\\\/secure.gravatar.com\\\/avatar\\\/4c215dc57bbc7b2f2f470ac9bd197f3f112636a584e575a732d0206a2d9c9806?s=96&d=mm&r=g\",\"caption\":\"admin\"},\"sameAs\":[\"https:\\\/\\\/saltoecologico.es\"],\"url\":\"https:\\\/\\\/saltoecologico.es\\\/index.php\\\/author\\\/saltoecologico\\\/\"}]}<\/script>\n<!-- \/ Yoast SEO plugin. -->","yoast_head_json":{"title":"Manifiesto - Salto Ecol\u00f3gico","robots":{"index":"index","follow":"follow","max-snippet":"max-snippet:-1","max-image-preview":"max-image-preview:large","max-video-preview":"max-video-preview:-1"},"canonical":"https:\/\/saltoecologico.es\/index.php\/2022\/01\/07\/manifiesto\/","og_locale":"es_ES","og_type":"article","og_title":"Manifiesto - Salto Ecol\u00f3gico","og_description":"Manifiesto por una Transici\u00f3n Acelerada a las Renovables en Canarias La sociedad vive el conflicto entre los mensajes contundentes que nos llegan desde la ciencia y organismos internacionales, que nos advierten de la necesidad de tomar medidas radicales para acabar con los gases de efecto invernadero si queremos, nada menos, que sobrevivir como especie, y [&hellip;]","og_url":"https:\/\/saltoecologico.es\/index.php\/2022\/01\/07\/manifiesto\/","og_site_name":"Salto Ecol\u00f3gico","article_publisher":"https:\/\/www.facebook.com\/Saltotransicionecologica","article_published_time":"2022-01-07T18:58:00+00:00","article_modified_time":"2025-04-13T09:11:49+00:00","og_image":[{"width":1300,"height":898,"url":"https:\/\/saltoecologico.es\/wp-content\/uploads\/2022\/01\/Manifiesto-por-una-transicion-acelerada-a-las-renovables.jpg","type":"image\/jpeg"}],"author":"admin","twitter_card":"summary_large_image","twitter_misc":{"Escrito por":"admin","Tiempo de lectura":"4 minutos"},"schema":{"@context":"https:\/\/schema.org","@graph":[{"@type":"Article","@id":"https:\/\/saltoecologico.es\/index.php\/2022\/01\/07\/manifiesto\/#article","isPartOf":{"@id":"https:\/\/saltoecologico.es\/index.php\/2022\/01\/07\/manifiesto\/"},"author":{"name":"admin","@id":"https:\/\/saltoecologico.es\/#\/schema\/person\/7175eec4b3c123d86c675313c3a01a0b"},"headline":"Manifiesto","datePublished":"2022-01-07T18:58:00+00:00","dateModified":"2025-04-13T09:11:49+00:00","mainEntityOfPage":{"@id":"https:\/\/saltoecologico.es\/index.php\/2022\/01\/07\/manifiesto\/"},"wordCount":897,"commentCount":0,"publisher":{"@id":"https:\/\/saltoecologico.es\/#organization"},"image":{"@id":"https:\/\/saltoecologico.es\/index.php\/2022\/01\/07\/manifiesto\/#primaryimage"},"thumbnailUrl":"https:\/\/saltoecologico.es\/wp-content\/uploads\/2022\/01\/Manifiesto-por-una-transicion-acelerada-a-las-renovables.jpg","articleSection":["T_Varios","Transici\u00f3n"],"inLanguage":"es","potentialAction":[{"@type":"CommentAction","name":"Comment","target":["https:\/\/saltoecologico.es\/index.php\/2022\/01\/07\/manifiesto\/#respond"]}]},{"@type":"WebPage","@id":"https:\/\/saltoecologico.es\/index.php\/2022\/01\/07\/manifiesto\/","url":"https:\/\/saltoecologico.es\/index.php\/2022\/01\/07\/manifiesto\/","name":"Manifiesto - Salto Ecol\u00f3gico","isPartOf":{"@id":"https:\/\/saltoecologico.es\/#website"},"primaryImageOfPage":{"@id":"https:\/\/saltoecologico.es\/index.php\/2022\/01\/07\/manifiesto\/#primaryimage"},"image":{"@id":"https:\/\/saltoecologico.es\/index.php\/2022\/01\/07\/manifiesto\/#primaryimage"},"thumbnailUrl":"https:\/\/saltoecologico.es\/wp-content\/uploads\/2022\/01\/Manifiesto-por-una-transicion-acelerada-a-las-renovables.jpg","datePublished":"2022-01-07T18:58:00+00:00","dateModified":"2025-04-13T09:11:49+00:00","breadcrumb":{"@id":"https:\/\/saltoecologico.es\/index.php\/2022\/01\/07\/manifiesto\/#breadcrumb"},"inLanguage":"es","potentialAction":[{"@type":"ReadAction","target":["https:\/\/saltoecologico.es\/index.php\/2022\/01\/07\/manifiesto\/"]}]},{"@type":"ImageObject","inLanguage":"es","@id":"https:\/\/saltoecologico.es\/index.php\/2022\/01\/07\/manifiesto\/#primaryimage","url":"https:\/\/saltoecologico.es\/wp-content\/uploads\/2022\/01\/Manifiesto-por-una-transicion-acelerada-a-las-renovables.jpg","contentUrl":"https:\/\/saltoecologico.es\/wp-content\/uploads\/2022\/01\/Manifiesto-por-una-transicion-acelerada-a-las-renovables.jpg","width":1300,"height":898},{"@type":"BreadcrumbList","@id":"https:\/\/saltoecologico.es\/index.php\/2022\/01\/07\/manifiesto\/#breadcrumb","itemListElement":[{"@type":"ListItem","position":1,"name":"Portada","item":"https:\/\/saltoecologico.es\/"},{"@type":"ListItem","position":2,"name":"Manifiesto"}]},{"@type":"WebSite","@id":"https:\/\/saltoecologico.es\/#website","url":"https:\/\/saltoecologico.es\/","name":"Salto Ecol\u00f3gico","description":"","publisher":{"@id":"https:\/\/saltoecologico.es\/#organization"},"potentialAction":[{"@type":"SearchAction","target":{"@type":"EntryPoint","urlTemplate":"https:\/\/saltoecologico.es\/?s={search_term_string}"},"query-input":{"@type":"PropertyValueSpecification","valueRequired":true,"valueName":"search_term_string"}}],"inLanguage":"es"},{"@type":"Organization","@id":"https:\/\/saltoecologico.es\/#organization","name":"Salto a la Transici\u00f3n Ecol\u00f3gica","url":"https:\/\/saltoecologico.es\/","logo":{"@type":"ImageObject","inLanguage":"es","@id":"https:\/\/saltoecologico.es\/#\/schema\/logo\/image\/","url":"https:\/\/saltoecologico.es\/wp-content\/uploads\/2025\/04\/Logo-STE.jpg","contentUrl":"https:\/\/saltoecologico.es\/wp-content\/uploads\/2025\/04\/Logo-STE.jpg","width":435,"height":435,"caption":"Salto a la Transici\u00f3n Ecol\u00f3gica"},"image":{"@id":"https:\/\/saltoecologico.es\/#\/schema\/logo\/image\/"},"sameAs":["https:\/\/www.facebook.com\/Saltotransicionecologica"]},{"@type":"Person","@id":"https:\/\/saltoecologico.es\/#\/schema\/person\/7175eec4b3c123d86c675313c3a01a0b","name":"admin","image":{"@type":"ImageObject","inLanguage":"es","@id":"https:\/\/secure.gravatar.com\/avatar\/4c215dc57bbc7b2f2f470ac9bd197f3f112636a584e575a732d0206a2d9c9806?s=96&d=mm&r=g","url":"https:\/\/secure.gravatar.com\/avatar\/4c215dc57bbc7b2f2f470ac9bd197f3f112636a584e575a732d0206a2d9c9806?s=96&d=mm&r=g","contentUrl":"https:\/\/secure.gravatar.com\/avatar\/4c215dc57bbc7b2f2f470ac9bd197f3f112636a584e575a732d0206a2d9c9806?s=96&d=mm&r=g","caption":"admin"},"sameAs":["https:\/\/saltoecologico.es"],"url":"https:\/\/saltoecologico.es\/index.php\/author\/saltoecologico\/"}]}},"_links":{"self":[{"href":"https:\/\/saltoecologico.es\/index.php\/wp-json\/wp\/v2\/posts\/314","targetHints":{"allow":["GET"]}}],"collection":[{"href":"https:\/\/saltoecologico.es\/index.php\/wp-json\/wp\/v2\/posts"}],"about":[{"href":"https:\/\/saltoecologico.es\/index.php\/wp-json\/wp\/v2\/types\/post"}],"author":[{"embeddable":true,"href":"https:\/\/saltoecologico.es\/index.php\/wp-json\/wp\/v2\/users\/1"}],"replies":[{"embeddable":true,"href":"https:\/\/saltoecologico.es\/index.php\/wp-json\/wp\/v2\/comments?post=314"}],"version-history":[{"count":2,"href":"https:\/\/saltoecologico.es\/index.php\/wp-json\/wp\/v2\/posts\/314\/revisions"}],"predecessor-version":[{"id":374,"href":"https:\/\/saltoecologico.es\/index.php\/wp-json\/wp\/v2\/posts\/314\/revisions\/374"}],"wp:featuredmedia":[{"embeddable":true,"href":"https:\/\/saltoecologico.es\/index.php\/wp-json\/wp\/v2\/media\/373"}],"wp:attachment":[{"href":"https:\/\/saltoecologico.es\/index.php\/wp-json\/wp\/v2\/media?parent=314"}],"wp:term":[{"taxonomy":"category","embeddable":true,"href":"https:\/\/saltoecologico.es\/index.php\/wp-json\/wp\/v2\/categories?post=314"},{"taxonomy":"post_tag","embeddable":true,"href":"https:\/\/saltoecologico.es\/index.php\/wp-json\/wp\/v2\/tags?post=314"}],"curies":[{"name":"wp","href":"https:\/\/api.w.org\/{rel}","templated":true}]}}