{"id":323,"date":"2022-04-13T16:00:00","date_gmt":"2022-04-13T16:00:00","guid":{"rendered":"https:\/\/saltoecologico.es\/?p=323"},"modified":"2025-04-13T07:51:38","modified_gmt":"2025-04-13T07:51:38","slug":"declaraciones-del-consejero","status":"publish","type":"post","link":"https:\/\/saltoecologico.es\/index.php\/2022\/04\/13\/declaraciones-del-consejero\/","title":{"rendered":"Declaraciones del consejero"},"content":{"rendered":"\n<p class=\"wp-block-paragraph\">Recientemente hemos podido leer las declaraciones del Consejero de Transici\u00f3n Ecol\u00f3gica, <strong>Jos\u00e9 Antonio Valbuena<\/strong>, en el sentido de indicar que se encuentra cercana la fecha en que se dilucide la ubicaci\u00f3n del <strong>\u201cgran salto hidr\u00e1ulico\u201d en la isla de Tenerife<\/strong>, lo que representa para nuestra organizaci\u00f3n una noticia que nos congratula enormemente, porque entendemos que las <strong>centrales el\u00e9ctricas reversibles de bombeo puro<\/strong>, son la <strong>\u00fanica manera de que las renovables entren en la cantidad necesaria<\/strong>, para conseguir sistemas el\u00e9ctricos <strong>100% libres de combustibles f\u00f3siles<\/strong>.<\/p>\n\n\n\n<p class=\"wp-block-paragraph\">Los que llevamos a\u00f1os interes\u00e1ndonos por estas instalaciones, hab\u00edamos visto con satisfacci\u00f3n como el <strong>Plan Hidrol\u00f3gico del Cabildo de Tenerife<\/strong> recog\u00eda una veintena de posibles localizaciones de diferentes tama\u00f1os a lo largo de toda la isla, pero solo una que reun\u00eda las <strong>caracter\u00edsticas y dimensiones equiparables al Salto de Chira<\/strong> y que se le denomin\u00f3 el <strong>Tanque-Sibora<\/strong>, ubicada en la isla baja. Recientemente, la <strong>candidatura de G\u00fc\u00edmar<\/strong> tambi\u00e9n ha cogido fuerza, porque a parte de encausar un problema medioambiental existente, tiene la ventaja de tener el <strong>corredor de 220 KV de la isla a pocos kil\u00f3metros de distancia<\/strong>, con lo que su integraci\u00f3n en la red de transporte ser\u00eda <strong>t\u00e9cnicamente muy sencilla<\/strong>. A todo esto, hay que a\u00f1adir que, en la programaci\u00f3n de la red de transporte para los pr\u00f3ximos a\u00f1os, el ministerio contempla una <strong>repotenciaci\u00f3n de la subestaci\u00f3n de Pol\u00edgono de G\u00fc\u00edmar<\/strong>, como gui\u00f1o a esta posible futura instalaci\u00f3n, dado que es la <strong>subestaci\u00f3n m\u00e1s cercana a la ubicaci\u00f3n se\u00f1alada<\/strong>.<\/p>\n\n\n\n<p class=\"wp-block-paragraph\">Sea el <strong>Tanque-Sibora<\/strong> o sea <strong>G\u00fc\u00edmar<\/strong>, lo cierto es que <strong>Tenerife necesita imperiosamente un bombeo puro<\/strong>, dado que con una potencia e\u00f3lica instalada que roda los <strong>200 MW<\/strong> y una potencia fotovoltaica por encima de <strong>100 MW<\/strong>, sin contar los autoconsumos, ya hoy en d\u00eda se producen <strong>vertidos renovables<\/strong>, por no poder ser asimilados por el sistema el\u00e9ctrico de la isla.<\/p>\n\n\n\n<p class=\"wp-block-paragraph\">En definitiva, <strong>nos congratulamos una vez m\u00e1s que se sigan dando pasos en la buena direcci\u00f3n<\/strong> que marcan tanto los <strong>postulados ecol\u00f3gicos<\/strong> como los <strong>postulados t\u00e9cnicos y de seguridad del suministro el\u00e9ctrico<\/strong>.<\/p>\n\n\n\n<hr class=\"wp-block-separator has-alpha-channel-opacity\"\/>\n\n\n\n<p class=\"wp-block-paragraph\"><\/p>\n","protected":false},"excerpt":{"rendered":"<p>Recientemente hemos podido leer las declaraciones del Consejero de Transici\u00f3n Ecol\u00f3gica, Jos\u00e9 Antonio Valbuena, en el sentido de indicar que se encuentra cercana la fecha en que se dilucide la ubicaci\u00f3n del \u201cgran salto hidr\u00e1ulico\u201d en la isla de Tenerife, lo que representa para nuestra organizaci\u00f3n una noticia que nos congratula enormemente, porque entendemos que [&hellip;]<\/p>\n","protected":false},"author":1,"featured_media":371,"comment_status":"open","ping_status":"open","sticky":false,"template":"","format":"standard","meta":{"footnotes":""},"categories":[43,31],"tags":[],"class_list":["post-323","post","type-post","status-publish","format-standard","has-post-thumbnail","category-b_declaraciones","category-bombeos"],"yoast_head":"<!-- This site is optimized with the Yoast SEO plugin v28.2 - https:\/\/yoast.com\/product\/yoast-seo-wordpress\/ -->\n<title>Declaraciones del consejero - Salto Ecol\u00f3gico<\/title>\n<meta name=\"robots\" content=\"index, follow, max-snippet:-1, max-image-preview:large, max-video-preview:-1\" \/>\n<link rel=\"canonical\" href=\"https:\/\/saltoecologico.es\/index.php\/2022\/04\/13\/declaraciones-del-consejero\/\" \/>\n<meta property=\"og:locale\" content=\"es_ES\" \/>\n<meta property=\"og:type\" content=\"article\" \/>\n<meta property=\"og:title\" content=\"Declaraciones del consejero - Salto Ecol\u00f3gico\" \/>\n<meta property=\"og:description\" content=\"Recientemente hemos podido leer las declaraciones del Consejero de Transici\u00f3n Ecol\u00f3gica, Jos\u00e9 Antonio Valbuena, en el sentido de indicar que se encuentra cercana la fecha en que se dilucide la ubicaci\u00f3n del \u201cgran salto hidr\u00e1ulico\u201d en la isla de Tenerife, lo que representa para nuestra organizaci\u00f3n una noticia que nos congratula enormemente, porque entendemos que [&hellip;]\" \/>\n<meta property=\"og:url\" content=\"https:\/\/saltoecologico.es\/index.php\/2022\/04\/13\/declaraciones-del-consejero\/\" \/>\n<meta property=\"og:site_name\" content=\"Salto Ecol\u00f3gico\" \/>\n<meta property=\"article:publisher\" content=\"https:\/\/www.facebook.com\/Saltotransicionecologica\" \/>\n<meta property=\"article:published_time\" content=\"2022-04-13T16:00:00+00:00\" \/>\n<meta property=\"article:modified_time\" content=\"2025-04-13T07:51:38+00:00\" \/>\n<meta property=\"og:image\" content=\"https:\/\/saltoecologico.es\/wp-content\/uploads\/2022\/04\/El-Mulato.jpg\" \/>\n\t<meta property=\"og:image:width\" content=\"1024\" \/>\n\t<meta property=\"og:image:height\" content=\"577\" \/>\n\t<meta property=\"og:image:type\" content=\"image\/jpeg\" \/>\n<meta name=\"author\" content=\"admin\" \/>\n<meta name=\"twitter:card\" content=\"summary_large_image\" \/>\n<meta name=\"twitter:label1\" content=\"Escrito por\" \/>\n\t<meta name=\"twitter:data1\" content=\"admin\" \/>\n\t<meta name=\"twitter:label2\" content=\"Tiempo de lectura\" \/>\n\t<meta name=\"twitter:data2\" content=\"2 minutos\" \/>\n<script type=\"application\/ld+json\" class=\"yoast-schema-graph\">{\"@context\":\"https:\\\/\\\/schema.org\",\"@graph\":[{\"@type\":\"Article\",\"@id\":\"https:\\\/\\\/saltoecologico.es\\\/index.php\\\/2022\\\/04\\\/13\\\/declaraciones-del-consejero\\\/#article\",\"isPartOf\":{\"@id\":\"https:\\\/\\\/saltoecologico.es\\\/index.php\\\/2022\\\/04\\\/13\\\/declaraciones-del-consejero\\\/\"},\"author\":{\"name\":\"admin\",\"@id\":\"https:\\\/\\\/saltoecologico.es\\\/#\\\/schema\\\/person\\\/7175eec4b3c123d86c675313c3a01a0b\"},\"headline\":\"Declaraciones del consejero\",\"datePublished\":\"2022-04-13T16:00:00+00:00\",\"dateModified\":\"2025-04-13T07:51:38+00:00\",\"mainEntityOfPage\":{\"@id\":\"https:\\\/\\\/saltoecologico.es\\\/index.php\\\/2022\\\/04\\\/13\\\/declaraciones-del-consejero\\\/\"},\"wordCount\":383,\"commentCount\":0,\"publisher\":{\"@id\":\"https:\\\/\\\/saltoecologico.es\\\/#organization\"},\"image\":{\"@id\":\"https:\\\/\\\/saltoecologico.es\\\/index.php\\\/2022\\\/04\\\/13\\\/declaraciones-del-consejero\\\/#primaryimage\"},\"thumbnailUrl\":\"https:\\\/\\\/saltoecologico.es\\\/wp-content\\\/uploads\\\/2022\\\/04\\\/El-Mulato.jpg\",\"articleSection\":[\"B_Declaraciones\",\"Bombeos\"],\"inLanguage\":\"es\",\"potentialAction\":[{\"@type\":\"CommentAction\",\"name\":\"Comment\",\"target\":[\"https:\\\/\\\/saltoecologico.es\\\/index.php\\\/2022\\\/04\\\/13\\\/declaraciones-del-consejero\\\/#respond\"]}]},{\"@type\":\"WebPage\",\"@id\":\"https:\\\/\\\/saltoecologico.es\\\/index.php\\\/2022\\\/04\\\/13\\\/declaraciones-del-consejero\\\/\",\"url\":\"https:\\\/\\\/saltoecologico.es\\\/index.php\\\/2022\\\/04\\\/13\\\/declaraciones-del-consejero\\\/\",\"name\":\"Declaraciones del consejero - Salto Ecol\u00f3gico\",\"isPartOf\":{\"@id\":\"https:\\\/\\\/saltoecologico.es\\\/#website\"},\"primaryImageOfPage\":{\"@id\":\"https:\\\/\\\/saltoecologico.es\\\/index.php\\\/2022\\\/04\\\/13\\\/declaraciones-del-consejero\\\/#primaryimage\"},\"image\":{\"@id\":\"https:\\\/\\\/saltoecologico.es\\\/index.php\\\/2022\\\/04\\\/13\\\/declaraciones-del-consejero\\\/#primaryimage\"},\"thumbnailUrl\":\"https:\\\/\\\/saltoecologico.es\\\/wp-content\\\/uploads\\\/2022\\\/04\\\/El-Mulato.jpg\",\"datePublished\":\"2022-04-13T16:00:00+00:00\",\"dateModified\":\"2025-04-13T07:51:38+00:00\",\"breadcrumb\":{\"@id\":\"https:\\\/\\\/saltoecologico.es\\\/index.php\\\/2022\\\/04\\\/13\\\/declaraciones-del-consejero\\\/#breadcrumb\"},\"inLanguage\":\"es\",\"potentialAction\":[{\"@type\":\"ReadAction\",\"target\":[\"https:\\\/\\\/saltoecologico.es\\\/index.php\\\/2022\\\/04\\\/13\\\/declaraciones-del-consejero\\\/\"]}]},{\"@type\":\"ImageObject\",\"inLanguage\":\"es\",\"@id\":\"https:\\\/\\\/saltoecologico.es\\\/index.php\\\/2022\\\/04\\\/13\\\/declaraciones-del-consejero\\\/#primaryimage\",\"url\":\"https:\\\/\\\/saltoecologico.es\\\/wp-content\\\/uploads\\\/2022\\\/04\\\/El-Mulato.jpg\",\"contentUrl\":\"https:\\\/\\\/saltoecologico.es\\\/wp-content\\\/uploads\\\/2022\\\/04\\\/El-Mulato.jpg\",\"width\":1024,\"height\":577,\"caption\":\"Del Mulato reservoir in the afternoon in Gran Canaria island, Spain.\"},{\"@type\":\"BreadcrumbList\",\"@id\":\"https:\\\/\\\/saltoecologico.es\\\/index.php\\\/2022\\\/04\\\/13\\\/declaraciones-del-consejero\\\/#breadcrumb\",\"itemListElement\":[{\"@type\":\"ListItem\",\"position\":1,\"name\":\"Portada\",\"item\":\"https:\\\/\\\/saltoecologico.es\\\/\"},{\"@type\":\"ListItem\",\"position\":2,\"name\":\"Declaraciones del consejero\"}]},{\"@type\":\"WebSite\",\"@id\":\"https:\\\/\\\/saltoecologico.es\\\/#website\",\"url\":\"https:\\\/\\\/saltoecologico.es\\\/\",\"name\":\"Salto Ecol\u00f3gico\",\"description\":\"\",\"publisher\":{\"@id\":\"https:\\\/\\\/saltoecologico.es\\\/#organization\"},\"potentialAction\":[{\"@type\":\"SearchAction\",\"target\":{\"@type\":\"EntryPoint\",\"urlTemplate\":\"https:\\\/\\\/saltoecologico.es\\\/?s={search_term_string}\"},\"query-input\":{\"@type\":\"PropertyValueSpecification\",\"valueRequired\":true,\"valueName\":\"search_term_string\"}}],\"inLanguage\":\"es\"},{\"@type\":\"Organization\",\"@id\":\"https:\\\/\\\/saltoecologico.es\\\/#organization\",\"name\":\"Salto a la Transici\u00f3n Ecol\u00f3gica\",\"url\":\"https:\\\/\\\/saltoecologico.es\\\/\",\"logo\":{\"@type\":\"ImageObject\",\"inLanguage\":\"es\",\"@id\":\"https:\\\/\\\/saltoecologico.es\\\/#\\\/schema\\\/logo\\\/image\\\/\",\"url\":\"https:\\\/\\\/saltoecologico.es\\\/wp-content\\\/uploads\\\/2025\\\/04\\\/Logo-STE.jpg\",\"contentUrl\":\"https:\\\/\\\/saltoecologico.es\\\/wp-content\\\/uploads\\\/2025\\\/04\\\/Logo-STE.jpg\",\"width\":435,\"height\":435,\"caption\":\"Salto a la Transici\u00f3n Ecol\u00f3gica\"},\"image\":{\"@id\":\"https:\\\/\\\/saltoecologico.es\\\/#\\\/schema\\\/logo\\\/image\\\/\"},\"sameAs\":[\"https:\\\/\\\/www.facebook.com\\\/Saltotransicionecologica\"]},{\"@type\":\"Person\",\"@id\":\"https:\\\/\\\/saltoecologico.es\\\/#\\\/schema\\\/person\\\/7175eec4b3c123d86c675313c3a01a0b\",\"name\":\"admin\",\"image\":{\"@type\":\"ImageObject\",\"inLanguage\":\"es\",\"@id\":\"https:\\\/\\\/secure.gravatar.com\\\/avatar\\\/4c215dc57bbc7b2f2f470ac9bd197f3f112636a584e575a732d0206a2d9c9806?s=96&d=mm&r=g\",\"url\":\"https:\\\/\\\/secure.gravatar.com\\\/avatar\\\/4c215dc57bbc7b2f2f470ac9bd197f3f112636a584e575a732d0206a2d9c9806?s=96&d=mm&r=g\",\"contentUrl\":\"https:\\\/\\\/secure.gravatar.com\\\/avatar\\\/4c215dc57bbc7b2f2f470ac9bd197f3f112636a584e575a732d0206a2d9c9806?s=96&d=mm&r=g\",\"caption\":\"admin\"},\"sameAs\":[\"https:\\\/\\\/saltoecologico.es\"],\"url\":\"https:\\\/\\\/saltoecologico.es\\\/index.php\\\/author\\\/saltoecologico\\\/\"}]}<\/script>\n<!-- \/ Yoast SEO plugin. -->","yoast_head_json":{"title":"Declaraciones del consejero - Salto Ecol\u00f3gico","robots":{"index":"index","follow":"follow","max-snippet":"max-snippet:-1","max-image-preview":"max-image-preview:large","max-video-preview":"max-video-preview:-1"},"canonical":"https:\/\/saltoecologico.es\/index.php\/2022\/04\/13\/declaraciones-del-consejero\/","og_locale":"es_ES","og_type":"article","og_title":"Declaraciones del consejero - Salto Ecol\u00f3gico","og_description":"Recientemente hemos podido leer las declaraciones del Consejero de Transici\u00f3n Ecol\u00f3gica, Jos\u00e9 Antonio Valbuena, en el sentido de indicar que se encuentra cercana la fecha en que se dilucide la ubicaci\u00f3n del \u201cgran salto hidr\u00e1ulico\u201d en la isla de Tenerife, lo que representa para nuestra organizaci\u00f3n una noticia que nos congratula enormemente, porque entendemos que [&hellip;]","og_url":"https:\/\/saltoecologico.es\/index.php\/2022\/04\/13\/declaraciones-del-consejero\/","og_site_name":"Salto Ecol\u00f3gico","article_publisher":"https:\/\/www.facebook.com\/Saltotransicionecologica","article_published_time":"2022-04-13T16:00:00+00:00","article_modified_time":"2025-04-13T07:51:38+00:00","og_image":[{"width":1024,"height":577,"url":"https:\/\/saltoecologico.es\/wp-content\/uploads\/2022\/04\/El-Mulato.jpg","type":"image\/jpeg"}],"author":"admin","twitter_card":"summary_large_image","twitter_misc":{"Escrito por":"admin","Tiempo de lectura":"2 minutos"},"schema":{"@context":"https:\/\/schema.org","@graph":[{"@type":"Article","@id":"https:\/\/saltoecologico.es\/index.php\/2022\/04\/13\/declaraciones-del-consejero\/#article","isPartOf":{"@id":"https:\/\/saltoecologico.es\/index.php\/2022\/04\/13\/declaraciones-del-consejero\/"},"author":{"name":"admin","@id":"https:\/\/saltoecologico.es\/#\/schema\/person\/7175eec4b3c123d86c675313c3a01a0b"},"headline":"Declaraciones del consejero","datePublished":"2022-04-13T16:00:00+00:00","dateModified":"2025-04-13T07:51:38+00:00","mainEntityOfPage":{"@id":"https:\/\/saltoecologico.es\/index.php\/2022\/04\/13\/declaraciones-del-consejero\/"},"wordCount":383,"commentCount":0,"publisher":{"@id":"https:\/\/saltoecologico.es\/#organization"},"image":{"@id":"https:\/\/saltoecologico.es\/index.php\/2022\/04\/13\/declaraciones-del-consejero\/#primaryimage"},"thumbnailUrl":"https:\/\/saltoecologico.es\/wp-content\/uploads\/2022\/04\/El-Mulato.jpg","articleSection":["B_Declaraciones","Bombeos"],"inLanguage":"es","potentialAction":[{"@type":"CommentAction","name":"Comment","target":["https:\/\/saltoecologico.es\/index.php\/2022\/04\/13\/declaraciones-del-consejero\/#respond"]}]},{"@type":"WebPage","@id":"https:\/\/saltoecologico.es\/index.php\/2022\/04\/13\/declaraciones-del-consejero\/","url":"https:\/\/saltoecologico.es\/index.php\/2022\/04\/13\/declaraciones-del-consejero\/","name":"Declaraciones del consejero - Salto Ecol\u00f3gico","isPartOf":{"@id":"https:\/\/saltoecologico.es\/#website"},"primaryImageOfPage":{"@id":"https:\/\/saltoecologico.es\/index.php\/2022\/04\/13\/declaraciones-del-consejero\/#primaryimage"},"image":{"@id":"https:\/\/saltoecologico.es\/index.php\/2022\/04\/13\/declaraciones-del-consejero\/#primaryimage"},"thumbnailUrl":"https:\/\/saltoecologico.es\/wp-content\/uploads\/2022\/04\/El-Mulato.jpg","datePublished":"2022-04-13T16:00:00+00:00","dateModified":"2025-04-13T07:51:38+00:00","breadcrumb":{"@id":"https:\/\/saltoecologico.es\/index.php\/2022\/04\/13\/declaraciones-del-consejero\/#breadcrumb"},"inLanguage":"es","potentialAction":[{"@type":"ReadAction","target":["https:\/\/saltoecologico.es\/index.php\/2022\/04\/13\/declaraciones-del-consejero\/"]}]},{"@type":"ImageObject","inLanguage":"es","@id":"https:\/\/saltoecologico.es\/index.php\/2022\/04\/13\/declaraciones-del-consejero\/#primaryimage","url":"https:\/\/saltoecologico.es\/wp-content\/uploads\/2022\/04\/El-Mulato.jpg","contentUrl":"https:\/\/saltoecologico.es\/wp-content\/uploads\/2022\/04\/El-Mulato.jpg","width":1024,"height":577,"caption":"Del Mulato reservoir in the afternoon in Gran Canaria island, Spain."},{"@type":"BreadcrumbList","@id":"https:\/\/saltoecologico.es\/index.php\/2022\/04\/13\/declaraciones-del-consejero\/#breadcrumb","itemListElement":[{"@type":"ListItem","position":1,"name":"Portada","item":"https:\/\/saltoecologico.es\/"},{"@type":"ListItem","position":2,"name":"Declaraciones del consejero"}]},{"@type":"WebSite","@id":"https:\/\/saltoecologico.es\/#website","url":"https:\/\/saltoecologico.es\/","name":"Salto Ecol\u00f3gico","description":"","publisher":{"@id":"https:\/\/saltoecologico.es\/#organization"},"potentialAction":[{"@type":"SearchAction","target":{"@type":"EntryPoint","urlTemplate":"https:\/\/saltoecologico.es\/?s={search_term_string}"},"query-input":{"@type":"PropertyValueSpecification","valueRequired":true,"valueName":"search_term_string"}}],"inLanguage":"es"},{"@type":"Organization","@id":"https:\/\/saltoecologico.es\/#organization","name":"Salto a la Transici\u00f3n Ecol\u00f3gica","url":"https:\/\/saltoecologico.es\/","logo":{"@type":"ImageObject","inLanguage":"es","@id":"https:\/\/saltoecologico.es\/#\/schema\/logo\/image\/","url":"https:\/\/saltoecologico.es\/wp-content\/uploads\/2025\/04\/Logo-STE.jpg","contentUrl":"https:\/\/saltoecologico.es\/wp-content\/uploads\/2025\/04\/Logo-STE.jpg","width":435,"height":435,"caption":"Salto a la Transici\u00f3n Ecol\u00f3gica"},"image":{"@id":"https:\/\/saltoecologico.es\/#\/schema\/logo\/image\/"},"sameAs":["https:\/\/www.facebook.com\/Saltotransicionecologica"]},{"@type":"Person","@id":"https:\/\/saltoecologico.es\/#\/schema\/person\/7175eec4b3c123d86c675313c3a01a0b","name":"admin","image":{"@type":"ImageObject","inLanguage":"es","@id":"https:\/\/secure.gravatar.com\/avatar\/4c215dc57bbc7b2f2f470ac9bd197f3f112636a584e575a732d0206a2d9c9806?s=96&d=mm&r=g","url":"https:\/\/secure.gravatar.com\/avatar\/4c215dc57bbc7b2f2f470ac9bd197f3f112636a584e575a732d0206a2d9c9806?s=96&d=mm&r=g","contentUrl":"https:\/\/secure.gravatar.com\/avatar\/4c215dc57bbc7b2f2f470ac9bd197f3f112636a584e575a732d0206a2d9c9806?s=96&d=mm&r=g","caption":"admin"},"sameAs":["https:\/\/saltoecologico.es"],"url":"https:\/\/saltoecologico.es\/index.php\/author\/saltoecologico\/"}]}},"_links":{"self":[{"href":"https:\/\/saltoecologico.es\/index.php\/wp-json\/wp\/v2\/posts\/323","targetHints":{"allow":["GET"]}}],"collection":[{"href":"https:\/\/saltoecologico.es\/index.php\/wp-json\/wp\/v2\/posts"}],"about":[{"href":"https:\/\/saltoecologico.es\/index.php\/wp-json\/wp\/v2\/types\/post"}],"author":[{"embeddable":true,"href":"https:\/\/saltoecologico.es\/index.php\/wp-json\/wp\/v2\/users\/1"}],"replies":[{"embeddable":true,"href":"https:\/\/saltoecologico.es\/index.php\/wp-json\/wp\/v2\/comments?post=323"}],"version-history":[{"count":2,"href":"https:\/\/saltoecologico.es\/index.php\/wp-json\/wp\/v2\/posts\/323\/revisions"}],"predecessor-version":[{"id":372,"href":"https:\/\/saltoecologico.es\/index.php\/wp-json\/wp\/v2\/posts\/323\/revisions\/372"}],"wp:featuredmedia":[{"embeddable":true,"href":"https:\/\/saltoecologico.es\/index.php\/wp-json\/wp\/v2\/media\/371"}],"wp:attachment":[{"href":"https:\/\/saltoecologico.es\/index.php\/wp-json\/wp\/v2\/media?parent=323"}],"wp:term":[{"taxonomy":"category","embeddable":true,"href":"https:\/\/saltoecologico.es\/index.php\/wp-json\/wp\/v2\/categories?post=323"},{"taxonomy":"post_tag","embeddable":true,"href":"https:\/\/saltoecologico.es\/index.php\/wp-json\/wp\/v2\/tags?post=323"}],"curies":[{"name":"wp","href":"https:\/\/api.w.org\/{rel}","templated":true}]}}