{"id":328,"date":"2022-04-22T16:24:00","date_gmt":"2022-04-22T16:24:00","guid":{"rendered":"https:\/\/saltoecologico.es\/?p=328"},"modified":"2025-04-13T07:53:34","modified_gmt":"2025-04-13T07:53:34","slug":"a-vuelta-con-el-gas","status":"publish","type":"post","link":"https:\/\/saltoecologico.es\/index.php\/2022\/04\/22\/a-vuelta-con-el-gas\/","title":{"rendered":"A vuelta con el gas"},"content":{"rendered":"\n<p class=\"wp-block-paragraph\">Recientemente el <strong>Gobierno de Canarias<\/strong>, y como antesala al <strong>Plan de Transici\u00f3n Energ\u00e9tica de Canarias (PTECan-2030)<\/strong>, ha publicado en su web un <strong>estudio pormenorizado y muy exhaustivo<\/strong>, elaborado por el <strong>Instituto Tecnol\u00f3gico de Canarias<\/strong>, acerca de c\u00f3mo alcanzar la <strong>descarbonizaci\u00f3n energ\u00e9tica del archipi\u00e9lago<\/strong>. En \u00e9l, se desarrollan <strong>ocho estrategias<\/strong> que versan desde el <strong>autoconsumo fotovoltaico<\/strong> hasta la <strong>gesti\u00f3n de la demanda y redes inteligentes<\/strong>, pasando por cuestiones como el <strong>almacenamiento<\/strong>, el <strong>veh\u00edculo el\u00e9ctrico<\/strong>, la <strong>geotermia<\/strong> o el <strong>hidr\u00f3geno verde<\/strong>. En todas estas estrategias se abordan con todo lujo de detalles los diferentes \u00e1mbitos que se necesitan cambiar para conseguir la <strong>neutralidad en las emisiones de CO2<\/strong>. Pues bien, <strong>en ninguna de ellas se contempla el gas, como soluci\u00f3n<\/strong>.<\/p>\n\n\n\n<p class=\"wp-block-paragraph\">Para la <strong>generaci\u00f3n el\u00e9ctrica<\/strong> se apuntan las <strong>renovables como estrellas fundamentales<\/strong>, sobre todo la <strong>fotovoltaica y la e\u00f3lica<\/strong>. A nivel de almacenamiento se consideran tanto los <strong>bombeos como las bater\u00edas<\/strong>. El <strong>hidr\u00f3geno verde<\/strong> se convierte en el <strong>otro pilar fundamental de esta revoluci\u00f3n limpia<\/strong>, tanto en su vertiente acumulativa con las pilas de este vector energ\u00e9tico, como <strong>combustible de autom\u00f3viles y generadores el\u00e9ctricos<\/strong>, as\u00ed como <strong>materia prima<\/strong> para elaborar <strong>amoniaco como combustible de los barcos<\/strong> o <strong>queroseno sint\u00e9tico para los aviones<\/strong>.<\/p>\n\n\n\n<p class=\"wp-block-paragraph\">Teniendo en cuenta la <strong>prol\u00edfera informaci\u00f3n t\u00e9cnica<\/strong> abundada por una <strong>ingente cantidad de datos<\/strong>, tanto de partida como elaborados por los distintos procesos seguidos, <strong>no entendemos c\u00f3mo es que nuestros representantes pol\u00edticos se emperran una y otra vez en plantearnos el gas como combustible de transici\u00f3n<\/strong>.<\/p>\n\n\n\n<p class=\"wp-block-paragraph\">En un momento en el que <strong>toda Europa est\u00e1 poniendo su maquinaria tecnol\u00f3gica a funcionar al m\u00e1ximo<\/strong> para conseguir <strong>independizarse<\/strong>, ya no solo del <strong>gas y el petr\u00f3leo ruso<\/strong>, sino de los <strong>combustibles f\u00f3siles en general<\/strong>. En un momento en que las <strong>instituciones del continente<\/strong> est\u00e1n apostando de manera <strong>casi ag\u00f3nica por las energ\u00edas renovables como garant\u00eda<\/strong>, ya no solo desde un punto de vista ecol\u00f3gico, sino como <strong>necesaria supervivencia energ\u00e9tica<\/strong>. En un momento en que las <strong>tecnol\u00f3gicas m\u00e1s poderosas del viejo continente<\/strong> est\u00e1n forzando sus infraestructuras para crear las instalaciones necesarias para que un vector energ\u00e9tico como el <strong>hidr\u00f3geno verde<\/strong> alcance las cotas necesarias, nos encontramos con que los responsables de <strong>unas islitas apartadas de toda esta vor\u00e1gine<\/strong>, quieran <strong>someter al latrocinio de la dependencia de un combustible que el resto quiere abandonar<\/strong>.<\/p>\n\n\n\n<p class=\"wp-block-paragraph\">Lo hemos dicho muchas veces, <strong>\u201cya no hay tiempo de transiciones\u201d<\/strong>, es el momento de <strong>apostar y apostar todo lo fuerte que se pueda<\/strong>, por un <strong>futuro que tenemos que conseguir como sea<\/strong>, que se convierta r\u00e1pidamente en <strong>nuestro presente<\/strong>.<\/p>\n\n\n\n<hr class=\"wp-block-separator has-alpha-channel-opacity\"\/>\n\n\n\n<p class=\"wp-block-paragraph\"><\/p>\n","protected":false},"excerpt":{"rendered":"<p>Recientemente el Gobierno de Canarias, y como antesala al Plan de Transici\u00f3n Energ\u00e9tica de Canarias (PTECan-2030), ha publicado en su web un estudio pormenorizado y muy exhaustivo, elaborado por el Instituto Tecnol\u00f3gico de Canarias, acerca de c\u00f3mo alcanzar la descarbonizaci\u00f3n energ\u00e9tica del archipi\u00e9lago. En \u00e9l, se desarrollan ocho estrategias que versan desde el autoconsumo fotovoltaico [&hellip;]<\/p>\n","protected":false},"author":1,"featured_media":370,"comment_status":"open","ping_status":"open","sticky":false,"template":"","format":"standard","meta":{"footnotes":""},"categories":[44,33],"tags":[],"class_list":["post-328","post","type-post","status-publish","format-standard","has-post-thumbnail","category-g_varios","category-gnl"],"yoast_head":"<!-- This site is optimized with the Yoast SEO plugin v28.2 - https:\/\/yoast.com\/product\/yoast-seo-wordpress\/ -->\n<title>A vuelta con el gas - Salto Ecol\u00f3gico<\/title>\n<meta name=\"robots\" content=\"index, follow, max-snippet:-1, max-image-preview:large, max-video-preview:-1\" \/>\n<link rel=\"canonical\" href=\"https:\/\/saltoecologico.es\/index.php\/2022\/04\/22\/a-vuelta-con-el-gas\/\" \/>\n<meta property=\"og:locale\" content=\"es_ES\" \/>\n<meta property=\"og:type\" content=\"article\" \/>\n<meta property=\"og:title\" content=\"A vuelta con el gas - Salto Ecol\u00f3gico\" \/>\n<meta property=\"og:description\" content=\"Recientemente el Gobierno de Canarias, y como antesala al Plan de Transici\u00f3n Energ\u00e9tica de Canarias (PTECan-2030), ha publicado en su web un estudio pormenorizado y muy exhaustivo, elaborado por el Instituto Tecnol\u00f3gico de Canarias, acerca de c\u00f3mo alcanzar la descarbonizaci\u00f3n energ\u00e9tica del archipi\u00e9lago. En \u00e9l, se desarrollan ocho estrategias que versan desde el autoconsumo fotovoltaico [&hellip;]\" \/>\n<meta property=\"og:url\" content=\"https:\/\/saltoecologico.es\/index.php\/2022\/04\/22\/a-vuelta-con-el-gas\/\" \/>\n<meta property=\"og:site_name\" content=\"Salto Ecol\u00f3gico\" \/>\n<meta property=\"article:publisher\" content=\"https:\/\/www.facebook.com\/Saltotransicionecologica\" \/>\n<meta property=\"article:published_time\" content=\"2022-04-22T16:24:00+00:00\" \/>\n<meta property=\"article:modified_time\" content=\"2025-04-13T07:53:34+00:00\" \/>\n<meta property=\"og:image\" content=\"https:\/\/saltoecologico.es\/wp-content\/uploads\/2022\/04\/Oso-polar.jpg\" \/>\n\t<meta property=\"og:image:width\" content=\"1024\" \/>\n\t<meta property=\"og:image:height\" content=\"507\" \/>\n\t<meta property=\"og:image:type\" content=\"image\/jpeg\" \/>\n<meta name=\"author\" content=\"admin\" \/>\n<meta name=\"twitter:card\" content=\"summary_large_image\" \/>\n<meta name=\"twitter:label1\" content=\"Escrito por\" \/>\n\t<meta name=\"twitter:data1\" content=\"admin\" \/>\n\t<meta name=\"twitter:label2\" content=\"Tiempo de lectura\" \/>\n\t<meta name=\"twitter:data2\" content=\"3 minutos\" \/>\n<script type=\"application\/ld+json\" class=\"yoast-schema-graph\">{\"@context\":\"https:\\\/\\\/schema.org\",\"@graph\":[{\"@type\":\"Article\",\"@id\":\"https:\\\/\\\/saltoecologico.es\\\/index.php\\\/2022\\\/04\\\/22\\\/a-vuelta-con-el-gas\\\/#article\",\"isPartOf\":{\"@id\":\"https:\\\/\\\/saltoecologico.es\\\/index.php\\\/2022\\\/04\\\/22\\\/a-vuelta-con-el-gas\\\/\"},\"author\":{\"name\":\"admin\",\"@id\":\"https:\\\/\\\/saltoecologico.es\\\/#\\\/schema\\\/person\\\/7175eec4b3c123d86c675313c3a01a0b\"},\"headline\":\"A vuelta con el gas\",\"datePublished\":\"2022-04-22T16:24:00+00:00\",\"dateModified\":\"2025-04-13T07:53:34+00:00\",\"mainEntityOfPage\":{\"@id\":\"https:\\\/\\\/saltoecologico.es\\\/index.php\\\/2022\\\/04\\\/22\\\/a-vuelta-con-el-gas\\\/\"},\"wordCount\":469,\"commentCount\":0,\"publisher\":{\"@id\":\"https:\\\/\\\/saltoecologico.es\\\/#organization\"},\"image\":{\"@id\":\"https:\\\/\\\/saltoecologico.es\\\/index.php\\\/2022\\\/04\\\/22\\\/a-vuelta-con-el-gas\\\/#primaryimage\"},\"thumbnailUrl\":\"https:\\\/\\\/saltoecologico.es\\\/wp-content\\\/uploads\\\/2022\\\/04\\\/Oso-polar.jpg\",\"articleSection\":[\"G_Varios\",\"GNL\"],\"inLanguage\":\"es\",\"potentialAction\":[{\"@type\":\"CommentAction\",\"name\":\"Comment\",\"target\":[\"https:\\\/\\\/saltoecologico.es\\\/index.php\\\/2022\\\/04\\\/22\\\/a-vuelta-con-el-gas\\\/#respond\"]}]},{\"@type\":\"WebPage\",\"@id\":\"https:\\\/\\\/saltoecologico.es\\\/index.php\\\/2022\\\/04\\\/22\\\/a-vuelta-con-el-gas\\\/\",\"url\":\"https:\\\/\\\/saltoecologico.es\\\/index.php\\\/2022\\\/04\\\/22\\\/a-vuelta-con-el-gas\\\/\",\"name\":\"A vuelta con el gas - Salto Ecol\u00f3gico\",\"isPartOf\":{\"@id\":\"https:\\\/\\\/saltoecologico.es\\\/#website\"},\"primaryImageOfPage\":{\"@id\":\"https:\\\/\\\/saltoecologico.es\\\/index.php\\\/2022\\\/04\\\/22\\\/a-vuelta-con-el-gas\\\/#primaryimage\"},\"image\":{\"@id\":\"https:\\\/\\\/saltoecologico.es\\\/index.php\\\/2022\\\/04\\\/22\\\/a-vuelta-con-el-gas\\\/#primaryimage\"},\"thumbnailUrl\":\"https:\\\/\\\/saltoecologico.es\\\/wp-content\\\/uploads\\\/2022\\\/04\\\/Oso-polar.jpg\",\"datePublished\":\"2022-04-22T16:24:00+00:00\",\"dateModified\":\"2025-04-13T07:53:34+00:00\",\"breadcrumb\":{\"@id\":\"https:\\\/\\\/saltoecologico.es\\\/index.php\\\/2022\\\/04\\\/22\\\/a-vuelta-con-el-gas\\\/#breadcrumb\"},\"inLanguage\":\"es\",\"potentialAction\":[{\"@type\":\"ReadAction\",\"target\":[\"https:\\\/\\\/saltoecologico.es\\\/index.php\\\/2022\\\/04\\\/22\\\/a-vuelta-con-el-gas\\\/\"]}]},{\"@type\":\"ImageObject\",\"inLanguage\":\"es\",\"@id\":\"https:\\\/\\\/saltoecologico.es\\\/index.php\\\/2022\\\/04\\\/22\\\/a-vuelta-con-el-gas\\\/#primaryimage\",\"url\":\"https:\\\/\\\/saltoecologico.es\\\/wp-content\\\/uploads\\\/2022\\\/04\\\/Oso-polar.jpg\",\"contentUrl\":\"https:\\\/\\\/saltoecologico.es\\\/wp-content\\\/uploads\\\/2022\\\/04\\\/Oso-polar.jpg\",\"width\":1024,\"height\":507,\"caption\":\"Polar bear on ice floe. Melting iceberg and global warming. Climate change\"},{\"@type\":\"BreadcrumbList\",\"@id\":\"https:\\\/\\\/saltoecologico.es\\\/index.php\\\/2022\\\/04\\\/22\\\/a-vuelta-con-el-gas\\\/#breadcrumb\",\"itemListElement\":[{\"@type\":\"ListItem\",\"position\":1,\"name\":\"Portada\",\"item\":\"https:\\\/\\\/saltoecologico.es\\\/\"},{\"@type\":\"ListItem\",\"position\":2,\"name\":\"A vuelta con el gas\"}]},{\"@type\":\"WebSite\",\"@id\":\"https:\\\/\\\/saltoecologico.es\\\/#website\",\"url\":\"https:\\\/\\\/saltoecologico.es\\\/\",\"name\":\"Salto Ecol\u00f3gico\",\"description\":\"\",\"publisher\":{\"@id\":\"https:\\\/\\\/saltoecologico.es\\\/#organization\"},\"potentialAction\":[{\"@type\":\"SearchAction\",\"target\":{\"@type\":\"EntryPoint\",\"urlTemplate\":\"https:\\\/\\\/saltoecologico.es\\\/?s={search_term_string}\"},\"query-input\":{\"@type\":\"PropertyValueSpecification\",\"valueRequired\":true,\"valueName\":\"search_term_string\"}}],\"inLanguage\":\"es\"},{\"@type\":\"Organization\",\"@id\":\"https:\\\/\\\/saltoecologico.es\\\/#organization\",\"name\":\"Salto a la Transici\u00f3n Ecol\u00f3gica\",\"url\":\"https:\\\/\\\/saltoecologico.es\\\/\",\"logo\":{\"@type\":\"ImageObject\",\"inLanguage\":\"es\",\"@id\":\"https:\\\/\\\/saltoecologico.es\\\/#\\\/schema\\\/logo\\\/image\\\/\",\"url\":\"https:\\\/\\\/saltoecologico.es\\\/wp-content\\\/uploads\\\/2025\\\/04\\\/Logo-STE.jpg\",\"contentUrl\":\"https:\\\/\\\/saltoecologico.es\\\/wp-content\\\/uploads\\\/2025\\\/04\\\/Logo-STE.jpg\",\"width\":435,\"height\":435,\"caption\":\"Salto a la Transici\u00f3n Ecol\u00f3gica\"},\"image\":{\"@id\":\"https:\\\/\\\/saltoecologico.es\\\/#\\\/schema\\\/logo\\\/image\\\/\"},\"sameAs\":[\"https:\\\/\\\/www.facebook.com\\\/Saltotransicionecologica\"]},{\"@type\":\"Person\",\"@id\":\"https:\\\/\\\/saltoecologico.es\\\/#\\\/schema\\\/person\\\/7175eec4b3c123d86c675313c3a01a0b\",\"name\":\"admin\",\"image\":{\"@type\":\"ImageObject\",\"inLanguage\":\"es\",\"@id\":\"https:\\\/\\\/secure.gravatar.com\\\/avatar\\\/4c215dc57bbc7b2f2f470ac9bd197f3f112636a584e575a732d0206a2d9c9806?s=96&d=mm&r=g\",\"url\":\"https:\\\/\\\/secure.gravatar.com\\\/avatar\\\/4c215dc57bbc7b2f2f470ac9bd197f3f112636a584e575a732d0206a2d9c9806?s=96&d=mm&r=g\",\"contentUrl\":\"https:\\\/\\\/secure.gravatar.com\\\/avatar\\\/4c215dc57bbc7b2f2f470ac9bd197f3f112636a584e575a732d0206a2d9c9806?s=96&d=mm&r=g\",\"caption\":\"admin\"},\"sameAs\":[\"https:\\\/\\\/saltoecologico.es\"],\"url\":\"https:\\\/\\\/saltoecologico.es\\\/index.php\\\/author\\\/saltoecologico\\\/\"}]}<\/script>\n<!-- \/ Yoast SEO plugin. -->","yoast_head_json":{"title":"A vuelta con el gas - Salto Ecol\u00f3gico","robots":{"index":"index","follow":"follow","max-snippet":"max-snippet:-1","max-image-preview":"max-image-preview:large","max-video-preview":"max-video-preview:-1"},"canonical":"https:\/\/saltoecologico.es\/index.php\/2022\/04\/22\/a-vuelta-con-el-gas\/","og_locale":"es_ES","og_type":"article","og_title":"A vuelta con el gas - Salto Ecol\u00f3gico","og_description":"Recientemente el Gobierno de Canarias, y como antesala al Plan de Transici\u00f3n Energ\u00e9tica de Canarias (PTECan-2030), ha publicado en su web un estudio pormenorizado y muy exhaustivo, elaborado por el Instituto Tecnol\u00f3gico de Canarias, acerca de c\u00f3mo alcanzar la descarbonizaci\u00f3n energ\u00e9tica del archipi\u00e9lago. En \u00e9l, se desarrollan ocho estrategias que versan desde el autoconsumo fotovoltaico [&hellip;]","og_url":"https:\/\/saltoecologico.es\/index.php\/2022\/04\/22\/a-vuelta-con-el-gas\/","og_site_name":"Salto Ecol\u00f3gico","article_publisher":"https:\/\/www.facebook.com\/Saltotransicionecologica","article_published_time":"2022-04-22T16:24:00+00:00","article_modified_time":"2025-04-13T07:53:34+00:00","og_image":[{"width":1024,"height":507,"url":"https:\/\/saltoecologico.es\/wp-content\/uploads\/2022\/04\/Oso-polar.jpg","type":"image\/jpeg"}],"author":"admin","twitter_card":"summary_large_image","twitter_misc":{"Escrito por":"admin","Tiempo de lectura":"3 minutos"},"schema":{"@context":"https:\/\/schema.org","@graph":[{"@type":"Article","@id":"https:\/\/saltoecologico.es\/index.php\/2022\/04\/22\/a-vuelta-con-el-gas\/#article","isPartOf":{"@id":"https:\/\/saltoecologico.es\/index.php\/2022\/04\/22\/a-vuelta-con-el-gas\/"},"author":{"name":"admin","@id":"https:\/\/saltoecologico.es\/#\/schema\/person\/7175eec4b3c123d86c675313c3a01a0b"},"headline":"A vuelta con el gas","datePublished":"2022-04-22T16:24:00+00:00","dateModified":"2025-04-13T07:53:34+00:00","mainEntityOfPage":{"@id":"https:\/\/saltoecologico.es\/index.php\/2022\/04\/22\/a-vuelta-con-el-gas\/"},"wordCount":469,"commentCount":0,"publisher":{"@id":"https:\/\/saltoecologico.es\/#organization"},"image":{"@id":"https:\/\/saltoecologico.es\/index.php\/2022\/04\/22\/a-vuelta-con-el-gas\/#primaryimage"},"thumbnailUrl":"https:\/\/saltoecologico.es\/wp-content\/uploads\/2022\/04\/Oso-polar.jpg","articleSection":["G_Varios","GNL"],"inLanguage":"es","potentialAction":[{"@type":"CommentAction","name":"Comment","target":["https:\/\/saltoecologico.es\/index.php\/2022\/04\/22\/a-vuelta-con-el-gas\/#respond"]}]},{"@type":"WebPage","@id":"https:\/\/saltoecologico.es\/index.php\/2022\/04\/22\/a-vuelta-con-el-gas\/","url":"https:\/\/saltoecologico.es\/index.php\/2022\/04\/22\/a-vuelta-con-el-gas\/","name":"A vuelta con el gas - Salto Ecol\u00f3gico","isPartOf":{"@id":"https:\/\/saltoecologico.es\/#website"},"primaryImageOfPage":{"@id":"https:\/\/saltoecologico.es\/index.php\/2022\/04\/22\/a-vuelta-con-el-gas\/#primaryimage"},"image":{"@id":"https:\/\/saltoecologico.es\/index.php\/2022\/04\/22\/a-vuelta-con-el-gas\/#primaryimage"},"thumbnailUrl":"https:\/\/saltoecologico.es\/wp-content\/uploads\/2022\/04\/Oso-polar.jpg","datePublished":"2022-04-22T16:24:00+00:00","dateModified":"2025-04-13T07:53:34+00:00","breadcrumb":{"@id":"https:\/\/saltoecologico.es\/index.php\/2022\/04\/22\/a-vuelta-con-el-gas\/#breadcrumb"},"inLanguage":"es","potentialAction":[{"@type":"ReadAction","target":["https:\/\/saltoecologico.es\/index.php\/2022\/04\/22\/a-vuelta-con-el-gas\/"]}]},{"@type":"ImageObject","inLanguage":"es","@id":"https:\/\/saltoecologico.es\/index.php\/2022\/04\/22\/a-vuelta-con-el-gas\/#primaryimage","url":"https:\/\/saltoecologico.es\/wp-content\/uploads\/2022\/04\/Oso-polar.jpg","contentUrl":"https:\/\/saltoecologico.es\/wp-content\/uploads\/2022\/04\/Oso-polar.jpg","width":1024,"height":507,"caption":"Polar bear on ice floe. Melting iceberg and global warming. Climate change"},{"@type":"BreadcrumbList","@id":"https:\/\/saltoecologico.es\/index.php\/2022\/04\/22\/a-vuelta-con-el-gas\/#breadcrumb","itemListElement":[{"@type":"ListItem","position":1,"name":"Portada","item":"https:\/\/saltoecologico.es\/"},{"@type":"ListItem","position":2,"name":"A vuelta con el gas"}]},{"@type":"WebSite","@id":"https:\/\/saltoecologico.es\/#website","url":"https:\/\/saltoecologico.es\/","name":"Salto Ecol\u00f3gico","description":"","publisher":{"@id":"https:\/\/saltoecologico.es\/#organization"},"potentialAction":[{"@type":"SearchAction","target":{"@type":"EntryPoint","urlTemplate":"https:\/\/saltoecologico.es\/?s={search_term_string}"},"query-input":{"@type":"PropertyValueSpecification","valueRequired":true,"valueName":"search_term_string"}}],"inLanguage":"es"},{"@type":"Organization","@id":"https:\/\/saltoecologico.es\/#organization","name":"Salto a la Transici\u00f3n Ecol\u00f3gica","url":"https:\/\/saltoecologico.es\/","logo":{"@type":"ImageObject","inLanguage":"es","@id":"https:\/\/saltoecologico.es\/#\/schema\/logo\/image\/","url":"https:\/\/saltoecologico.es\/wp-content\/uploads\/2025\/04\/Logo-STE.jpg","contentUrl":"https:\/\/saltoecologico.es\/wp-content\/uploads\/2025\/04\/Logo-STE.jpg","width":435,"height":435,"caption":"Salto a la Transici\u00f3n Ecol\u00f3gica"},"image":{"@id":"https:\/\/saltoecologico.es\/#\/schema\/logo\/image\/"},"sameAs":["https:\/\/www.facebook.com\/Saltotransicionecologica"]},{"@type":"Person","@id":"https:\/\/saltoecologico.es\/#\/schema\/person\/7175eec4b3c123d86c675313c3a01a0b","name":"admin","image":{"@type":"ImageObject","inLanguage":"es","@id":"https:\/\/secure.gravatar.com\/avatar\/4c215dc57bbc7b2f2f470ac9bd197f3f112636a584e575a732d0206a2d9c9806?s=96&d=mm&r=g","url":"https:\/\/secure.gravatar.com\/avatar\/4c215dc57bbc7b2f2f470ac9bd197f3f112636a584e575a732d0206a2d9c9806?s=96&d=mm&r=g","contentUrl":"https:\/\/secure.gravatar.com\/avatar\/4c215dc57bbc7b2f2f470ac9bd197f3f112636a584e575a732d0206a2d9c9806?s=96&d=mm&r=g","caption":"admin"},"sameAs":["https:\/\/saltoecologico.es"],"url":"https:\/\/saltoecologico.es\/index.php\/author\/saltoecologico\/"}]}},"_links":{"self":[{"href":"https:\/\/saltoecologico.es\/index.php\/wp-json\/wp\/v2\/posts\/328","targetHints":{"allow":["GET"]}}],"collection":[{"href":"https:\/\/saltoecologico.es\/index.php\/wp-json\/wp\/v2\/posts"}],"about":[{"href":"https:\/\/saltoecologico.es\/index.php\/wp-json\/wp\/v2\/types\/post"}],"author":[{"embeddable":true,"href":"https:\/\/saltoecologico.es\/index.php\/wp-json\/wp\/v2\/users\/1"}],"replies":[{"embeddable":true,"href":"https:\/\/saltoecologico.es\/index.php\/wp-json\/wp\/v2\/comments?post=328"}],"version-history":[{"count":1,"href":"https:\/\/saltoecologico.es\/index.php\/wp-json\/wp\/v2\/posts\/328\/revisions"}],"predecessor-version":[{"id":330,"href":"https:\/\/saltoecologico.es\/index.php\/wp-json\/wp\/v2\/posts\/328\/revisions\/330"}],"wp:featuredmedia":[{"embeddable":true,"href":"https:\/\/saltoecologico.es\/index.php\/wp-json\/wp\/v2\/media\/370"}],"wp:attachment":[{"href":"https:\/\/saltoecologico.es\/index.php\/wp-json\/wp\/v2\/media?parent=328"}],"wp:term":[{"taxonomy":"category","embeddable":true,"href":"https:\/\/saltoecologico.es\/index.php\/wp-json\/wp\/v2\/categories?post=328"},{"taxonomy":"post_tag","embeddable":true,"href":"https:\/\/saltoecologico.es\/index.php\/wp-json\/wp\/v2\/tags?post=328"}],"curies":[{"name":"wp","href":"https:\/\/api.w.org\/{rel}","templated":true}]}}