{"id":331,"date":"2022-05-03T16:28:00","date_gmt":"2022-05-03T16:28:00","guid":{"rendered":"https:\/\/saltoecologico.es\/?p=331"},"modified":"2025-04-13T07:56:10","modified_gmt":"2025-04-13T07:56:10","slug":"diferentes-colectivos","status":"publish","type":"post","link":"https:\/\/saltoecologico.es\/index.php\/2022\/05\/03\/diferentes-colectivos\/","title":{"rendered":"Diferentes colectivos"},"content":{"rendered":"\n<p class=\"wp-block-paragraph\">Creemos que existe una <strong>inmensa mayor\u00eda de ciudadanos<\/strong> que nos alineamos con el <strong>\u00faltimo informe del IPCC<\/strong> acerca del <strong>cambio clim\u00e1tico antropog\u00e9nico<\/strong> que esta sufriendo nuestro planeta. Tambi\u00e9n creemos que la inmensa mayor\u00eda de ese colectivo ve en las <strong>renovables la manera de paliar los efectos de ese cambio clim\u00e1tico<\/strong>, pero <strong>no como una medida para el futuro, sino como una realidad cierta que ya es posible a todos los niveles<\/strong>, lo que se ha venido en llamar la <strong>\u201ctransici\u00f3n acelerada\u201d<\/strong>. Pero es a partir de aqu\u00ed cuando comienzan las divergencias.<\/p>\n\n\n\n<p class=\"wp-block-paragraph\">Existen colectivos que consideran que con el <strong>autoconsumo ser\u00eda suficiente para electrificar las islas<\/strong>, no d\u00e1ndose cuenta de que una cosa son los deseos y otra muy diferente la <strong>realidad tecnol\u00f3gica<\/strong>. Claro, que de ser posible ser\u00eda la soluci\u00f3n ideal. <strong>Generaci\u00f3n distribuida, democratizaci\u00f3n de la producci\u00f3n el\u00e9ctrica, autosuficiencia energ\u00e9tica, consumo y generaci\u00f3n en el mismo sitio<\/strong>, \u00bfa qui\u00e9n no le atrae esos conceptos? Pero la realidad es que, si tenemos un edificio con 20 viviendas, con una electrificaci\u00f3n media, sumar\u00edan unos <strong>150 KW<\/strong>. Si a eso le sumamos el ascensor y las zonas comunes, nos podemos ir, f\u00e1cilmente, a los <strong>200 KW<\/strong>. Si las cubiertas est\u00e1n orientadas convenientemente, necesitar\u00edamos una superficie de <strong>1.200 m\u00b2<\/strong>, alrededor de <strong>500 placas fotovoltaicas<\/strong> y unos <strong>500 m\u00f3dulos de bater\u00edas<\/strong>, para tener un autoconsumo medianamente sostenible.<\/p>\n\n\n\n<p class=\"wp-block-paragraph\">Por otro lado, existen colectivos que consideran que el autoconsumo es una herramienta m\u00e1s, que juntamente con las <strong>instalaciones de parques fotovoltaicos y e\u00f3licos<\/strong>, tendr\u00edamos los <strong>mimbres necesarios para la necesaria generaci\u00f3n de las islas<\/strong>, solventando el problema de la <strong>no gestionabilidad<\/strong>, con <strong>sistemas de bater\u00edas de distinta escala<\/strong>. Sin entrar en los problemas de <strong>contaminaci\u00f3n ambiental del reciclado de las bater\u00edas<\/strong> (una simple pila de mercurio puede llegar a contaminar <strong>600.000 litros de agua<\/strong>), la <strong>bater\u00eda m\u00e1s grande del mundo<\/strong> se encuentra en <strong>Carolina del Sur<\/strong> y puede dar <strong>250 MW en una hora<\/strong>, en otras palabras, con esta bater\u00eda, si se va la luz, se le podr\u00eda dar servicio a <strong>Las Palmas de Gran Canaria durante una hora<\/strong>.<\/p>\n\n\n\n<p class=\"wp-block-paragraph\">Por \u00faltimo, estamos los que consideramos que el <strong>autoconsumo es necesario<\/strong>, son necesarios los <strong>parques fotovoltaicos y e\u00f3licos<\/strong>, es necesaria la <strong>geotermia donde las condiciones sean favorables<\/strong>, son necesarias las <strong>bater\u00edas de forma comedida<\/strong>, pero son <strong>imprescindibles los bombeos<\/strong>.<\/p>\n\n\n\n<p class=\"wp-block-paragraph\">En este punto conviene aclarar una cuesti\u00f3n. El colectivo que defiende los <strong>hidrobombeos como herramienta para poder controlar la no gestionabilidad de los e\u00f3licos y fotovoltaicos<\/strong> y por lo tanto, <strong>fomentar la penetraci\u00f3n de estas tecnolog\u00edas<\/strong> y por ende la <strong>descarbonizaci\u00f3n de los sistemas el\u00e9ctricos<\/strong>, <strong>no defendemos un \u00fanico sistema<\/strong>, defendemos un <strong>conjunto de sistemas de centrales hidroel\u00e9ctricas reversibles<\/strong> para cada una de las islas, en las que se den las condiciones oportunas, teniendo claro, que a <strong>mayor cantidad de bombeos instalados, mayor penetraci\u00f3n de renovables y menor uso de bater\u00edas<\/strong>.<\/p>\n\n\n\n<p class=\"wp-block-paragraph\">Hoy por hoy, los <strong>bombeos son la tecnolog\u00eda de almacenamiento energ\u00e9tico m\u00e1s eficiente que se conoce<\/strong>, dado que el <strong>80% de rendimiento<\/strong> y sus m\u00e1s de <strong>50 a\u00f1os de vida \u00fatil de sus instalaciones no m\u00f3viles<\/strong>, no tienen parang\u00f3n con ning\u00fan otro sistema (<strong>vida \u00fatil de las bater\u00eda de 10 a\u00f1os<\/strong>), am\u00e9n de convertirse, en su vertiente productora, en <strong>generadores tipo A con todas sus virtudes<\/strong>, como son la <strong>gestionabilidad<\/strong>, <strong>respuesta transitoria en frecuencia adecuada<\/strong> o <strong>aporte de corrientes de cortocircuito ante defectos suficientes<\/strong>, cuestiones que hoy por hoy las bater\u00edas y la electr\u00f3nica de potencia no han sido capaces de soportar. Sirva el ejemplo de que el <strong>Salto de Chira podr\u00eda alimentar Las Palmas de Gran Canaria durante 12 horas por s\u00ed sola<\/strong>.<\/p>\n\n\n\n<p class=\"wp-block-paragraph\">En definitiva, el colectivo que <strong>defiende los bombeos<\/strong>, <strong>no est\u00e1 al albur del pol\u00edtico de turno<\/strong>, <strong>no recibe directrices de este o aquel partido<\/strong>, <strong>no baila al son que le marca una determinada multinacional<\/strong>, son simplemente <strong>un conjunto de personas que est\u00e1 convencida que en la encrucijada que est\u00e1 el ser humano en estos momentos, se juega demasiadas cosas<\/strong>, para <strong>poner en la cesta de las quimeras las soluciones que se necesitan<\/strong>, prefiriendo <strong>apostar por realidades constatadas y fiables que den certezas a un futuro sostenible y renovable<\/strong>.<\/p>\n\n\n\n<hr class=\"wp-block-separator has-alpha-channel-opacity\"\/>\n\n\n\n<p class=\"wp-block-paragraph\"><\/p>\n","protected":false},"excerpt":{"rendered":"<p>Creemos que existe una inmensa mayor\u00eda de ciudadanos que nos alineamos con el \u00faltimo informe del IPCC acerca del cambio clim\u00e1tico antropog\u00e9nico que esta sufriendo nuestro planeta. Tambi\u00e9n creemos que la inmensa mayor\u00eda de ese colectivo ve en las renovables la manera de paliar los efectos de ese cambio clim\u00e1tico, pero no como una medida [&hellip;]<\/p>\n","protected":false},"author":1,"featured_media":369,"comment_status":"open","ping_status":"open","sticky":false,"template":"","format":"standard","meta":{"footnotes":""},"categories":[46,31],"tags":[],"class_list":["post-331","post","type-post","status-publish","format-standard","has-post-thumbnail","category-b_conceptos","category-bombeos"],"yoast_head":"<!-- This site is optimized with the Yoast SEO plugin v28.2 - https:\/\/yoast.com\/product\/yoast-seo-wordpress\/ -->\n<title>Diferentes colectivos - Salto Ecol\u00f3gico<\/title>\n<meta name=\"robots\" content=\"index, follow, max-snippet:-1, max-image-preview:large, max-video-preview:-1\" \/>\n<link rel=\"canonical\" href=\"https:\/\/saltoecologico.es\/index.php\/2022\/05\/03\/diferentes-colectivos\/\" \/>\n<meta property=\"og:locale\" content=\"es_ES\" \/>\n<meta property=\"og:type\" content=\"article\" \/>\n<meta property=\"og:title\" content=\"Diferentes colectivos - Salto Ecol\u00f3gico\" \/>\n<meta property=\"og:description\" content=\"Creemos que existe una inmensa mayor\u00eda de ciudadanos que nos alineamos con el \u00faltimo informe del IPCC acerca del cambio clim\u00e1tico antropog\u00e9nico que esta sufriendo nuestro planeta. Tambi\u00e9n creemos que la inmensa mayor\u00eda de ese colectivo ve en las renovables la manera de paliar los efectos de ese cambio clim\u00e1tico, pero no como una medida [&hellip;]\" \/>\n<meta property=\"og:url\" content=\"https:\/\/saltoecologico.es\/index.php\/2022\/05\/03\/diferentes-colectivos\/\" \/>\n<meta property=\"og:site_name\" content=\"Salto Ecol\u00f3gico\" \/>\n<meta property=\"article:publisher\" content=\"https:\/\/www.facebook.com\/Saltotransicionecologica\" \/>\n<meta property=\"article:published_time\" content=\"2022-05-03T16:28:00+00:00\" \/>\n<meta property=\"article:modified_time\" content=\"2025-04-13T07:56:10+00:00\" \/>\n<meta property=\"og:image\" content=\"https:\/\/saltoecologico.es\/wp-content\/uploads\/2022\/05\/Autoconsumo-scaled.jpg\" \/>\n\t<meta property=\"og:image:width\" content=\"2560\" \/>\n\t<meta property=\"og:image:height\" content=\"1280\" \/>\n\t<meta property=\"og:image:type\" content=\"image\/jpeg\" \/>\n<meta name=\"author\" content=\"admin\" \/>\n<meta name=\"twitter:card\" content=\"summary_large_image\" \/>\n<meta name=\"twitter:label1\" content=\"Escrito por\" \/>\n\t<meta name=\"twitter:data1\" content=\"admin\" \/>\n\t<meta name=\"twitter:label2\" content=\"Tiempo de lectura\" \/>\n\t<meta name=\"twitter:data2\" content=\"4 minutos\" \/>\n<script type=\"application\/ld+json\" class=\"yoast-schema-graph\">{\"@context\":\"https:\\\/\\\/schema.org\",\"@graph\":[{\"@type\":\"Article\",\"@id\":\"https:\\\/\\\/saltoecologico.es\\\/index.php\\\/2022\\\/05\\\/03\\\/diferentes-colectivos\\\/#article\",\"isPartOf\":{\"@id\":\"https:\\\/\\\/saltoecologico.es\\\/index.php\\\/2022\\\/05\\\/03\\\/diferentes-colectivos\\\/\"},\"author\":{\"name\":\"admin\",\"@id\":\"https:\\\/\\\/saltoecologico.es\\\/#\\\/schema\\\/person\\\/7175eec4b3c123d86c675313c3a01a0b\"},\"headline\":\"Diferentes colectivos\",\"datePublished\":\"2022-05-03T16:28:00+00:00\",\"dateModified\":\"2025-04-13T07:56:10+00:00\",\"mainEntityOfPage\":{\"@id\":\"https:\\\/\\\/saltoecologico.es\\\/index.php\\\/2022\\\/05\\\/03\\\/diferentes-colectivos\\\/\"},\"wordCount\":737,\"commentCount\":0,\"publisher\":{\"@id\":\"https:\\\/\\\/saltoecologico.es\\\/#organization\"},\"image\":{\"@id\":\"https:\\\/\\\/saltoecologico.es\\\/index.php\\\/2022\\\/05\\\/03\\\/diferentes-colectivos\\\/#primaryimage\"},\"thumbnailUrl\":\"https:\\\/\\\/saltoecologico.es\\\/wp-content\\\/uploads\\\/2022\\\/05\\\/Autoconsumo-scaled.jpg\",\"articleSection\":[\"B_Conceptos\",\"Bombeos\"],\"inLanguage\":\"es\",\"potentialAction\":[{\"@type\":\"CommentAction\",\"name\":\"Comment\",\"target\":[\"https:\\\/\\\/saltoecologico.es\\\/index.php\\\/2022\\\/05\\\/03\\\/diferentes-colectivos\\\/#respond\"]}]},{\"@type\":\"WebPage\",\"@id\":\"https:\\\/\\\/saltoecologico.es\\\/index.php\\\/2022\\\/05\\\/03\\\/diferentes-colectivos\\\/\",\"url\":\"https:\\\/\\\/saltoecologico.es\\\/index.php\\\/2022\\\/05\\\/03\\\/diferentes-colectivos\\\/\",\"name\":\"Diferentes colectivos - Salto Ecol\u00f3gico\",\"isPartOf\":{\"@id\":\"https:\\\/\\\/saltoecologico.es\\\/#website\"},\"primaryImageOfPage\":{\"@id\":\"https:\\\/\\\/saltoecologico.es\\\/index.php\\\/2022\\\/05\\\/03\\\/diferentes-colectivos\\\/#primaryimage\"},\"image\":{\"@id\":\"https:\\\/\\\/saltoecologico.es\\\/index.php\\\/2022\\\/05\\\/03\\\/diferentes-colectivos\\\/#primaryimage\"},\"thumbnailUrl\":\"https:\\\/\\\/saltoecologico.es\\\/wp-content\\\/uploads\\\/2022\\\/05\\\/Autoconsumo-scaled.jpg\",\"datePublished\":\"2022-05-03T16:28:00+00:00\",\"dateModified\":\"2025-04-13T07:56:10+00:00\",\"breadcrumb\":{\"@id\":\"https:\\\/\\\/saltoecologico.es\\\/index.php\\\/2022\\\/05\\\/03\\\/diferentes-colectivos\\\/#breadcrumb\"},\"inLanguage\":\"es\",\"potentialAction\":[{\"@type\":\"ReadAction\",\"target\":[\"https:\\\/\\\/saltoecologico.es\\\/index.php\\\/2022\\\/05\\\/03\\\/diferentes-colectivos\\\/\"]}]},{\"@type\":\"ImageObject\",\"inLanguage\":\"es\",\"@id\":\"https:\\\/\\\/saltoecologico.es\\\/index.php\\\/2022\\\/05\\\/03\\\/diferentes-colectivos\\\/#primaryimage\",\"url\":\"https:\\\/\\\/saltoecologico.es\\\/wp-content\\\/uploads\\\/2022\\\/05\\\/Autoconsumo-scaled.jpg\",\"contentUrl\":\"https:\\\/\\\/saltoecologico.es\\\/wp-content\\\/uploads\\\/2022\\\/05\\\/Autoconsumo-scaled.jpg\",\"width\":2560,\"height\":1280,\"caption\":\"Row of house with solar panels on roof on blue sky background. 3d illustration\"},{\"@type\":\"BreadcrumbList\",\"@id\":\"https:\\\/\\\/saltoecologico.es\\\/index.php\\\/2022\\\/05\\\/03\\\/diferentes-colectivos\\\/#breadcrumb\",\"itemListElement\":[{\"@type\":\"ListItem\",\"position\":1,\"name\":\"Portada\",\"item\":\"https:\\\/\\\/saltoecologico.es\\\/\"},{\"@type\":\"ListItem\",\"position\":2,\"name\":\"Diferentes colectivos\"}]},{\"@type\":\"WebSite\",\"@id\":\"https:\\\/\\\/saltoecologico.es\\\/#website\",\"url\":\"https:\\\/\\\/saltoecologico.es\\\/\",\"name\":\"Salto Ecol\u00f3gico\",\"description\":\"\",\"publisher\":{\"@id\":\"https:\\\/\\\/saltoecologico.es\\\/#organization\"},\"potentialAction\":[{\"@type\":\"SearchAction\",\"target\":{\"@type\":\"EntryPoint\",\"urlTemplate\":\"https:\\\/\\\/saltoecologico.es\\\/?s={search_term_string}\"},\"query-input\":{\"@type\":\"PropertyValueSpecification\",\"valueRequired\":true,\"valueName\":\"search_term_string\"}}],\"inLanguage\":\"es\"},{\"@type\":\"Organization\",\"@id\":\"https:\\\/\\\/saltoecologico.es\\\/#organization\",\"name\":\"Salto a la Transici\u00f3n Ecol\u00f3gica\",\"url\":\"https:\\\/\\\/saltoecologico.es\\\/\",\"logo\":{\"@type\":\"ImageObject\",\"inLanguage\":\"es\",\"@id\":\"https:\\\/\\\/saltoecologico.es\\\/#\\\/schema\\\/logo\\\/image\\\/\",\"url\":\"https:\\\/\\\/saltoecologico.es\\\/wp-content\\\/uploads\\\/2025\\\/04\\\/Logo-STE.jpg\",\"contentUrl\":\"https:\\\/\\\/saltoecologico.es\\\/wp-content\\\/uploads\\\/2025\\\/04\\\/Logo-STE.jpg\",\"width\":435,\"height\":435,\"caption\":\"Salto a la Transici\u00f3n Ecol\u00f3gica\"},\"image\":{\"@id\":\"https:\\\/\\\/saltoecologico.es\\\/#\\\/schema\\\/logo\\\/image\\\/\"},\"sameAs\":[\"https:\\\/\\\/www.facebook.com\\\/Saltotransicionecologica\"]},{\"@type\":\"Person\",\"@id\":\"https:\\\/\\\/saltoecologico.es\\\/#\\\/schema\\\/person\\\/7175eec4b3c123d86c675313c3a01a0b\",\"name\":\"admin\",\"image\":{\"@type\":\"ImageObject\",\"inLanguage\":\"es\",\"@id\":\"https:\\\/\\\/secure.gravatar.com\\\/avatar\\\/4c215dc57bbc7b2f2f470ac9bd197f3f112636a584e575a732d0206a2d9c9806?s=96&d=mm&r=g\",\"url\":\"https:\\\/\\\/secure.gravatar.com\\\/avatar\\\/4c215dc57bbc7b2f2f470ac9bd197f3f112636a584e575a732d0206a2d9c9806?s=96&d=mm&r=g\",\"contentUrl\":\"https:\\\/\\\/secure.gravatar.com\\\/avatar\\\/4c215dc57bbc7b2f2f470ac9bd197f3f112636a584e575a732d0206a2d9c9806?s=96&d=mm&r=g\",\"caption\":\"admin\"},\"sameAs\":[\"https:\\\/\\\/saltoecologico.es\"],\"url\":\"https:\\\/\\\/saltoecologico.es\\\/index.php\\\/author\\\/saltoecologico\\\/\"}]}<\/script>\n<!-- \/ Yoast SEO plugin. -->","yoast_head_json":{"title":"Diferentes colectivos - Salto Ecol\u00f3gico","robots":{"index":"index","follow":"follow","max-snippet":"max-snippet:-1","max-image-preview":"max-image-preview:large","max-video-preview":"max-video-preview:-1"},"canonical":"https:\/\/saltoecologico.es\/index.php\/2022\/05\/03\/diferentes-colectivos\/","og_locale":"es_ES","og_type":"article","og_title":"Diferentes colectivos - Salto Ecol\u00f3gico","og_description":"Creemos que existe una inmensa mayor\u00eda de ciudadanos que nos alineamos con el \u00faltimo informe del IPCC acerca del cambio clim\u00e1tico antropog\u00e9nico que esta sufriendo nuestro planeta. Tambi\u00e9n creemos que la inmensa mayor\u00eda de ese colectivo ve en las renovables la manera de paliar los efectos de ese cambio clim\u00e1tico, pero no como una medida [&hellip;]","og_url":"https:\/\/saltoecologico.es\/index.php\/2022\/05\/03\/diferentes-colectivos\/","og_site_name":"Salto Ecol\u00f3gico","article_publisher":"https:\/\/www.facebook.com\/Saltotransicionecologica","article_published_time":"2022-05-03T16:28:00+00:00","article_modified_time":"2025-04-13T07:56:10+00:00","og_image":[{"width":2560,"height":1280,"url":"https:\/\/saltoecologico.es\/wp-content\/uploads\/2022\/05\/Autoconsumo-scaled.jpg","type":"image\/jpeg"}],"author":"admin","twitter_card":"summary_large_image","twitter_misc":{"Escrito por":"admin","Tiempo de lectura":"4 minutos"},"schema":{"@context":"https:\/\/schema.org","@graph":[{"@type":"Article","@id":"https:\/\/saltoecologico.es\/index.php\/2022\/05\/03\/diferentes-colectivos\/#article","isPartOf":{"@id":"https:\/\/saltoecologico.es\/index.php\/2022\/05\/03\/diferentes-colectivos\/"},"author":{"name":"admin","@id":"https:\/\/saltoecologico.es\/#\/schema\/person\/7175eec4b3c123d86c675313c3a01a0b"},"headline":"Diferentes colectivos","datePublished":"2022-05-03T16:28:00+00:00","dateModified":"2025-04-13T07:56:10+00:00","mainEntityOfPage":{"@id":"https:\/\/saltoecologico.es\/index.php\/2022\/05\/03\/diferentes-colectivos\/"},"wordCount":737,"commentCount":0,"publisher":{"@id":"https:\/\/saltoecologico.es\/#organization"},"image":{"@id":"https:\/\/saltoecologico.es\/index.php\/2022\/05\/03\/diferentes-colectivos\/#primaryimage"},"thumbnailUrl":"https:\/\/saltoecologico.es\/wp-content\/uploads\/2022\/05\/Autoconsumo-scaled.jpg","articleSection":["B_Conceptos","Bombeos"],"inLanguage":"es","potentialAction":[{"@type":"CommentAction","name":"Comment","target":["https:\/\/saltoecologico.es\/index.php\/2022\/05\/03\/diferentes-colectivos\/#respond"]}]},{"@type":"WebPage","@id":"https:\/\/saltoecologico.es\/index.php\/2022\/05\/03\/diferentes-colectivos\/","url":"https:\/\/saltoecologico.es\/index.php\/2022\/05\/03\/diferentes-colectivos\/","name":"Diferentes colectivos - Salto Ecol\u00f3gico","isPartOf":{"@id":"https:\/\/saltoecologico.es\/#website"},"primaryImageOfPage":{"@id":"https:\/\/saltoecologico.es\/index.php\/2022\/05\/03\/diferentes-colectivos\/#primaryimage"},"image":{"@id":"https:\/\/saltoecologico.es\/index.php\/2022\/05\/03\/diferentes-colectivos\/#primaryimage"},"thumbnailUrl":"https:\/\/saltoecologico.es\/wp-content\/uploads\/2022\/05\/Autoconsumo-scaled.jpg","datePublished":"2022-05-03T16:28:00+00:00","dateModified":"2025-04-13T07:56:10+00:00","breadcrumb":{"@id":"https:\/\/saltoecologico.es\/index.php\/2022\/05\/03\/diferentes-colectivos\/#breadcrumb"},"inLanguage":"es","potentialAction":[{"@type":"ReadAction","target":["https:\/\/saltoecologico.es\/index.php\/2022\/05\/03\/diferentes-colectivos\/"]}]},{"@type":"ImageObject","inLanguage":"es","@id":"https:\/\/saltoecologico.es\/index.php\/2022\/05\/03\/diferentes-colectivos\/#primaryimage","url":"https:\/\/saltoecologico.es\/wp-content\/uploads\/2022\/05\/Autoconsumo-scaled.jpg","contentUrl":"https:\/\/saltoecologico.es\/wp-content\/uploads\/2022\/05\/Autoconsumo-scaled.jpg","width":2560,"height":1280,"caption":"Row of house with solar panels on roof on blue sky background. 3d illustration"},{"@type":"BreadcrumbList","@id":"https:\/\/saltoecologico.es\/index.php\/2022\/05\/03\/diferentes-colectivos\/#breadcrumb","itemListElement":[{"@type":"ListItem","position":1,"name":"Portada","item":"https:\/\/saltoecologico.es\/"},{"@type":"ListItem","position":2,"name":"Diferentes colectivos"}]},{"@type":"WebSite","@id":"https:\/\/saltoecologico.es\/#website","url":"https:\/\/saltoecologico.es\/","name":"Salto Ecol\u00f3gico","description":"","publisher":{"@id":"https:\/\/saltoecologico.es\/#organization"},"potentialAction":[{"@type":"SearchAction","target":{"@type":"EntryPoint","urlTemplate":"https:\/\/saltoecologico.es\/?s={search_term_string}"},"query-input":{"@type":"PropertyValueSpecification","valueRequired":true,"valueName":"search_term_string"}}],"inLanguage":"es"},{"@type":"Organization","@id":"https:\/\/saltoecologico.es\/#organization","name":"Salto a la Transici\u00f3n Ecol\u00f3gica","url":"https:\/\/saltoecologico.es\/","logo":{"@type":"ImageObject","inLanguage":"es","@id":"https:\/\/saltoecologico.es\/#\/schema\/logo\/image\/","url":"https:\/\/saltoecologico.es\/wp-content\/uploads\/2025\/04\/Logo-STE.jpg","contentUrl":"https:\/\/saltoecologico.es\/wp-content\/uploads\/2025\/04\/Logo-STE.jpg","width":435,"height":435,"caption":"Salto a la Transici\u00f3n Ecol\u00f3gica"},"image":{"@id":"https:\/\/saltoecologico.es\/#\/schema\/logo\/image\/"},"sameAs":["https:\/\/www.facebook.com\/Saltotransicionecologica"]},{"@type":"Person","@id":"https:\/\/saltoecologico.es\/#\/schema\/person\/7175eec4b3c123d86c675313c3a01a0b","name":"admin","image":{"@type":"ImageObject","inLanguage":"es","@id":"https:\/\/secure.gravatar.com\/avatar\/4c215dc57bbc7b2f2f470ac9bd197f3f112636a584e575a732d0206a2d9c9806?s=96&d=mm&r=g","url":"https:\/\/secure.gravatar.com\/avatar\/4c215dc57bbc7b2f2f470ac9bd197f3f112636a584e575a732d0206a2d9c9806?s=96&d=mm&r=g","contentUrl":"https:\/\/secure.gravatar.com\/avatar\/4c215dc57bbc7b2f2f470ac9bd197f3f112636a584e575a732d0206a2d9c9806?s=96&d=mm&r=g","caption":"admin"},"sameAs":["https:\/\/saltoecologico.es"],"url":"https:\/\/saltoecologico.es\/index.php\/author\/saltoecologico\/"}]}},"_links":{"self":[{"href":"https:\/\/saltoecologico.es\/index.php\/wp-json\/wp\/v2\/posts\/331","targetHints":{"allow":["GET"]}}],"collection":[{"href":"https:\/\/saltoecologico.es\/index.php\/wp-json\/wp\/v2\/posts"}],"about":[{"href":"https:\/\/saltoecologico.es\/index.php\/wp-json\/wp\/v2\/types\/post"}],"author":[{"embeddable":true,"href":"https:\/\/saltoecologico.es\/index.php\/wp-json\/wp\/v2\/users\/1"}],"replies":[{"embeddable":true,"href":"https:\/\/saltoecologico.es\/index.php\/wp-json\/wp\/v2\/comments?post=331"}],"version-history":[{"count":1,"href":"https:\/\/saltoecologico.es\/index.php\/wp-json\/wp\/v2\/posts\/331\/revisions"}],"predecessor-version":[{"id":332,"href":"https:\/\/saltoecologico.es\/index.php\/wp-json\/wp\/v2\/posts\/331\/revisions\/332"}],"wp:featuredmedia":[{"embeddable":true,"href":"https:\/\/saltoecologico.es\/index.php\/wp-json\/wp\/v2\/media\/369"}],"wp:attachment":[{"href":"https:\/\/saltoecologico.es\/index.php\/wp-json\/wp\/v2\/media?parent=331"}],"wp:term":[{"taxonomy":"category","embeddable":true,"href":"https:\/\/saltoecologico.es\/index.php\/wp-json\/wp\/v2\/categories?post=331"},{"taxonomy":"post_tag","embeddable":true,"href":"https:\/\/saltoecologico.es\/index.php\/wp-json\/wp\/v2\/tags?post=331"}],"curies":[{"name":"wp","href":"https:\/\/api.w.org\/{rel}","templated":true}]}}