{"id":333,"date":"2022-05-04T16:35:00","date_gmt":"2022-05-04T16:35:00","guid":{"rendered":"https:\/\/saltoecologico.es\/?p=333"},"modified":"2025-04-13T07:57:10","modified_gmt":"2025-04-13T07:57:10","slug":"bombeos-en-tenerife","status":"publish","type":"post","link":"https:\/\/saltoecologico.es\/index.php\/2022\/05\/04\/bombeos-en-tenerife\/","title":{"rendered":"Bombeos en Tenerife"},"content":{"rendered":"\n<p class=\"wp-block-paragraph\">El hecho de que muchos apoyemos la llegada de los <strong>hidrobombeos a Tenerife<\/strong>, no se debe a un sometimiento a este o aquel pol\u00edtico o a esta o aquella multinacional, como dir\u00edan sus detractores, ese apoyo se debe al <strong>convencimiento de la certeza de que sin estas infraestructuras no ser\u00e1 posible la transici\u00f3n energ\u00e9tica y por tanto la descarbonizaci\u00f3n de la isla<\/strong>.<\/p>\n\n\n\n<p class=\"wp-block-paragraph\">A nadie se le esconde que el soporte fundamental de la penetraci\u00f3n de renovables se va a encontrar en dos tecnolog\u00edas, la <strong>e\u00f3lica<\/strong> y la <strong>fotovoltaica<\/strong>. Estas dos tecnolog\u00edas tienen muchas virtudes, como la de su <strong>sencillez<\/strong>, sus <strong>nulas emisiones<\/strong>, un <strong>precio contenido y muy asequible<\/strong>, entre otras. Pero lamentablemente tienen una carencia muy importante, su <strong>nula gestionabilidad<\/strong>. Los sistemas el\u00e9ctricos tienen una <strong>necesidad imperiosa de mantener un equilibrio entre la generaci\u00f3n y la demanda<\/strong>, para que sus par\u00e1metros fundamentales no se distorsionen. La <strong>gestionabilidad<\/strong> es esa capacidad que nos permite <strong>graduar la producci\u00f3n de la energ\u00eda de acuerdo con la demanda<\/strong> o bien <strong>graduar la demanda de acuerdo con la producci\u00f3n de la energ\u00eda<\/strong>, lo que ser\u00eda <strong>gestionabilidad de la generaci\u00f3n<\/strong> o <strong>gestionabilidad de la demanda<\/strong>. Pues bien, desafortunadamente, <strong>no podemos hacer que el sol o el viento se grad\u00faen seg\u00fan nuestras necesidades<\/strong> y de ah\u00ed el <strong>h\u00e1ndicap que presentan estas tecnolog\u00edas<\/strong>. Este h\u00e1ndicap conlleva que en la actualidad la <strong>m\u00e1xima cantidad de renovables<\/strong> que podemos introducir en el sistema el\u00e9ctrico de Tenerife est\u00e9 en torno a los <strong>225 MW en la punta<\/strong>, acort\u00e1ndose a poco m\u00e1s de <strong>120 MW en los valles<\/strong>. Si tenemos en cuenta que en Tenerife hay sobre los <strong>200 MW de e\u00f3lica instalada<\/strong> y m\u00e1s de <strong>100 MW de fotovoltaica<\/strong>, se podr\u00e1 comprender que <strong>hay muchas ocasiones que el sistema es incapaz de absorber esa producci\u00f3n<\/strong>, <strong>desperdici\u00e1ndose una energ\u00eda producida con medios renovables y limpios<\/strong>.<\/p>\n\n\n\n<p class=\"wp-block-paragraph\">Dicho lo anterior, necesitamos sistemas que tengan dos cometidos fundamentales: En primer lugar, que <strong>nos permitan dotar de gestionabilidad a la e\u00f3lica y a la fotovoltaica<\/strong> y en segundo lugar, que <strong>nos permita almacenar aquella energ\u00eda renovable que no es capaz de admitir el sistema<\/strong>, para <strong>evitar los inaceptables vertidos energ\u00e9ticos<\/strong>.<\/p>\n\n\n\n<p class=\"wp-block-paragraph\">Hay quienes piensan que las <strong>bater\u00edas<\/strong> podr\u00edan cumplir esta misi\u00f3n, pero <strong>no es todo lo eficaz que se necesita<\/strong>. En cuanto al problema de la gestionabilidad, <strong>la electr\u00f3nica de potencia a\u00fan no ha resuelto de una manera \u00f3ptima<\/strong> que las bater\u00edas puedan modificar la carga que asumen o la potencia que suministran seg\u00fan necesidad. Por otro lado, el <strong>almacenamiento est\u00e1 limitado, en cantidades industriales, a un tiempo muy corto<\/strong> (lo m\u00e1ximo que se ha construido son sistemas de <strong>250 MW durante una hora<\/strong>). Por \u00faltimo, <strong>la vida \u00fatil de estos dispositivos se reduce a unos 10 a\u00f1os<\/strong>, lo que <strong>resta en demas\u00eda su utilidad final<\/strong>.<\/p>\n\n\n\n<p class=\"wp-block-paragraph\">Afortunadamente existe en el mundo tecnol\u00f3gico unos sistemas, que, si bien no fueron inicialmente dise\u00f1ados para este fin, <strong>se adaptan como un guante a los prop\u00f3sitos comentados<\/strong> y que son las <strong>centrales el\u00e9ctricas reversibles de bombeo puro<\/strong>, los denominados com\u00fanmente <strong>\u201cbombeos\u201d<\/strong>. Estos dispositivos consisten en <strong>dos embalses a diferente cota<\/strong> que permiten <strong>bombear agua, para depositarla en altura en forma de energ\u00eda potencial<\/strong>, para cuando se necesite dejarla caer para producir electricidad en una turbina.<\/p>\n\n\n\n<p class=\"wp-block-paragraph\">Son dispositivos que <strong>graduando el consumo de las bombas y por tanto el agua que se sube al dep\u00f3sito superior, se consigue gestionabilidad a la demanda<\/strong>. Por otro lado, <strong>graduando el agua que se hace pasar por las turbinas para producir electricidad, se consigue gestionabilidad en la generaci\u00f3n<\/strong>. Adem\u00e1s, dependiendo del volumen de los dep\u00f3sitos y de los caudales bombeados y turbinados, <strong>se pueden conseguir almacenamientos importantes en periodos largos<\/strong>. As\u00ed, por ejemplo, el modelo que se utilizar\u00e1 para Tenerife y que ser\u00e1 el <strong>Salto de Chira en Gran Canaria<\/strong>, ser\u00e1 capaz de <strong>mantener una generaci\u00f3n de 200 MW durante 16 horas continuadas<\/strong>, si no hay aportes extras.<\/p>\n\n\n\n<p class=\"wp-block-paragraph\">En definitiva, y sin entrar en la <strong>riqueza que supone para el sector primario el disponer de agua potable en una cota elevada<\/strong>, algunos pensamos que es <strong>una gran noticia que en Tenerife se comience a hablar de bombeos<\/strong> y a hablar de <strong>\u201cbombeos\u201d en plural<\/strong>, porque <strong>un simple bombeo de 200 MW no ser\u00e1 suficiente para descarbonizar Tenerife<\/strong>. Afortunadamente <strong>ya se han evaluado y documentado diversas ubicaciones<\/strong> que deber\u00e1n de ser candidatas para <strong>convertirse en la antesala de un futuro renovable y sostenible para la isla<\/strong>.<\/p>\n\n\n\n<hr class=\"wp-block-separator has-alpha-channel-opacity\"\/>\n\n\n\n<p class=\"wp-block-paragraph\"><\/p>\n","protected":false},"excerpt":{"rendered":"<p>El hecho de que muchos apoyemos la llegada de los hidrobombeos a Tenerife, no se debe a un sometimiento a este o aquel pol\u00edtico o a esta o aquella multinacional, como dir\u00edan sus detractores, ese apoyo se debe al convencimiento de la certeza de que sin estas infraestructuras no ser\u00e1 posible la transici\u00f3n energ\u00e9tica y [&hellip;]<\/p>\n","protected":false},"author":1,"featured_media":324,"comment_status":"open","ping_status":"open","sticky":false,"template":"","format":"standard","meta":{"footnotes":""},"categories":[46,31],"tags":[],"class_list":["post-333","post","type-post","status-publish","format-standard","has-post-thumbnail","category-b_conceptos","category-bombeos"],"yoast_head":"<!-- This site is optimized with the Yoast SEO plugin v28.2 - https:\/\/yoast.com\/product\/yoast-seo-wordpress\/ -->\n<title>Bombeos en Tenerife - Salto Ecol\u00f3gico<\/title>\n<meta name=\"robots\" content=\"index, follow, max-snippet:-1, max-image-preview:large, max-video-preview:-1\" \/>\n<link rel=\"canonical\" href=\"https:\/\/saltoecologico.es\/index.php\/2022\/05\/04\/bombeos-en-tenerife\/\" \/>\n<meta property=\"og:locale\" content=\"es_ES\" \/>\n<meta property=\"og:type\" content=\"article\" \/>\n<meta property=\"og:title\" content=\"Bombeos en Tenerife - Salto Ecol\u00f3gico\" \/>\n<meta property=\"og:description\" content=\"El hecho de que muchos apoyemos la llegada de los hidrobombeos a Tenerife, no se debe a un sometimiento a este o aquel pol\u00edtico o a esta o aquella multinacional, como dir\u00edan sus detractores, ese apoyo se debe al convencimiento de la certeza de que sin estas infraestructuras no ser\u00e1 posible la transici\u00f3n energ\u00e9tica y [&hellip;]\" \/>\n<meta property=\"og:url\" content=\"https:\/\/saltoecologico.es\/index.php\/2022\/05\/04\/bombeos-en-tenerife\/\" \/>\n<meta property=\"og:site_name\" content=\"Salto Ecol\u00f3gico\" \/>\n<meta property=\"article:publisher\" content=\"https:\/\/www.facebook.com\/Saltotransicionecologica\" \/>\n<meta property=\"article:published_time\" content=\"2022-05-04T16:35:00+00:00\" \/>\n<meta property=\"article:modified_time\" content=\"2025-04-13T07:57:10+00:00\" \/>\n<meta property=\"og:image\" content=\"https:\/\/saltoecologico.es\/wp-content\/uploads\/2025\/04\/ChatGPT-Image-11-abr-2025-12_46_25-1024x683.png\" \/>\n\t<meta property=\"og:image:width\" content=\"1024\" \/>\n\t<meta property=\"og:image:height\" content=\"683\" \/>\n\t<meta property=\"og:image:type\" content=\"image\/png\" \/>\n<meta name=\"author\" content=\"admin\" \/>\n<meta name=\"twitter:card\" content=\"summary_large_image\" \/>\n<meta name=\"twitter:label1\" content=\"Escrito por\" \/>\n\t<meta name=\"twitter:data1\" content=\"admin\" \/>\n\t<meta name=\"twitter:label2\" content=\"Tiempo de lectura\" \/>\n\t<meta name=\"twitter:data2\" content=\"4 minutos\" \/>\n<script type=\"application\/ld+json\" class=\"yoast-schema-graph\">{\"@context\":\"https:\\\/\\\/schema.org\",\"@graph\":[{\"@type\":\"Article\",\"@id\":\"https:\\\/\\\/saltoecologico.es\\\/index.php\\\/2022\\\/05\\\/04\\\/bombeos-en-tenerife\\\/#article\",\"isPartOf\":{\"@id\":\"https:\\\/\\\/saltoecologico.es\\\/index.php\\\/2022\\\/05\\\/04\\\/bombeos-en-tenerife\\\/\"},\"author\":{\"name\":\"admin\",\"@id\":\"https:\\\/\\\/saltoecologico.es\\\/#\\\/schema\\\/person\\\/7175eec4b3c123d86c675313c3a01a0b\"},\"headline\":\"Bombeos en Tenerife\",\"datePublished\":\"2022-05-04T16:35:00+00:00\",\"dateModified\":\"2025-04-13T07:57:10+00:00\",\"mainEntityOfPage\":{\"@id\":\"https:\\\/\\\/saltoecologico.es\\\/index.php\\\/2022\\\/05\\\/04\\\/bombeos-en-tenerife\\\/\"},\"wordCount\":780,\"commentCount\":0,\"publisher\":{\"@id\":\"https:\\\/\\\/saltoecologico.es\\\/#organization\"},\"image\":{\"@id\":\"https:\\\/\\\/saltoecologico.es\\\/index.php\\\/2022\\\/05\\\/04\\\/bombeos-en-tenerife\\\/#primaryimage\"},\"thumbnailUrl\":\"https:\\\/\\\/saltoecologico.es\\\/wp-content\\\/uploads\\\/2025\\\/04\\\/ChatGPT-Image-11-abr-2025-12_46_25.png\",\"articleSection\":[\"B_Conceptos\",\"Bombeos\"],\"inLanguage\":\"es\",\"potentialAction\":[{\"@type\":\"CommentAction\",\"name\":\"Comment\",\"target\":[\"https:\\\/\\\/saltoecologico.es\\\/index.php\\\/2022\\\/05\\\/04\\\/bombeos-en-tenerife\\\/#respond\"]}]},{\"@type\":\"WebPage\",\"@id\":\"https:\\\/\\\/saltoecologico.es\\\/index.php\\\/2022\\\/05\\\/04\\\/bombeos-en-tenerife\\\/\",\"url\":\"https:\\\/\\\/saltoecologico.es\\\/index.php\\\/2022\\\/05\\\/04\\\/bombeos-en-tenerife\\\/\",\"name\":\"Bombeos en Tenerife - Salto Ecol\u00f3gico\",\"isPartOf\":{\"@id\":\"https:\\\/\\\/saltoecologico.es\\\/#website\"},\"primaryImageOfPage\":{\"@id\":\"https:\\\/\\\/saltoecologico.es\\\/index.php\\\/2022\\\/05\\\/04\\\/bombeos-en-tenerife\\\/#primaryimage\"},\"image\":{\"@id\":\"https:\\\/\\\/saltoecologico.es\\\/index.php\\\/2022\\\/05\\\/04\\\/bombeos-en-tenerife\\\/#primaryimage\"},\"thumbnailUrl\":\"https:\\\/\\\/saltoecologico.es\\\/wp-content\\\/uploads\\\/2025\\\/04\\\/ChatGPT-Image-11-abr-2025-12_46_25.png\",\"datePublished\":\"2022-05-04T16:35:00+00:00\",\"dateModified\":\"2025-04-13T07:57:10+00:00\",\"breadcrumb\":{\"@id\":\"https:\\\/\\\/saltoecologico.es\\\/index.php\\\/2022\\\/05\\\/04\\\/bombeos-en-tenerife\\\/#breadcrumb\"},\"inLanguage\":\"es\",\"potentialAction\":[{\"@type\":\"ReadAction\",\"target\":[\"https:\\\/\\\/saltoecologico.es\\\/index.php\\\/2022\\\/05\\\/04\\\/bombeos-en-tenerife\\\/\"]}]},{\"@type\":\"ImageObject\",\"inLanguage\":\"es\",\"@id\":\"https:\\\/\\\/saltoecologico.es\\\/index.php\\\/2022\\\/05\\\/04\\\/bombeos-en-tenerife\\\/#primaryimage\",\"url\":\"https:\\\/\\\/saltoecologico.es\\\/wp-content\\\/uploads\\\/2025\\\/04\\\/ChatGPT-Image-11-abr-2025-12_46_25.png\",\"contentUrl\":\"https:\\\/\\\/saltoecologico.es\\\/wp-content\\\/uploads\\\/2025\\\/04\\\/ChatGPT-Image-11-abr-2025-12_46_25.png\",\"width\":1536,\"height\":1024},{\"@type\":\"BreadcrumbList\",\"@id\":\"https:\\\/\\\/saltoecologico.es\\\/index.php\\\/2022\\\/05\\\/04\\\/bombeos-en-tenerife\\\/#breadcrumb\",\"itemListElement\":[{\"@type\":\"ListItem\",\"position\":1,\"name\":\"Portada\",\"item\":\"https:\\\/\\\/saltoecologico.es\\\/\"},{\"@type\":\"ListItem\",\"position\":2,\"name\":\"Bombeos en Tenerife\"}]},{\"@type\":\"WebSite\",\"@id\":\"https:\\\/\\\/saltoecologico.es\\\/#website\",\"url\":\"https:\\\/\\\/saltoecologico.es\\\/\",\"name\":\"Salto Ecol\u00f3gico\",\"description\":\"\",\"publisher\":{\"@id\":\"https:\\\/\\\/saltoecologico.es\\\/#organization\"},\"potentialAction\":[{\"@type\":\"SearchAction\",\"target\":{\"@type\":\"EntryPoint\",\"urlTemplate\":\"https:\\\/\\\/saltoecologico.es\\\/?s={search_term_string}\"},\"query-input\":{\"@type\":\"PropertyValueSpecification\",\"valueRequired\":true,\"valueName\":\"search_term_string\"}}],\"inLanguage\":\"es\"},{\"@type\":\"Organization\",\"@id\":\"https:\\\/\\\/saltoecologico.es\\\/#organization\",\"name\":\"Salto a la Transici\u00f3n Ecol\u00f3gica\",\"url\":\"https:\\\/\\\/saltoecologico.es\\\/\",\"logo\":{\"@type\":\"ImageObject\",\"inLanguage\":\"es\",\"@id\":\"https:\\\/\\\/saltoecologico.es\\\/#\\\/schema\\\/logo\\\/image\\\/\",\"url\":\"https:\\\/\\\/saltoecologico.es\\\/wp-content\\\/uploads\\\/2025\\\/04\\\/Logo-STE.jpg\",\"contentUrl\":\"https:\\\/\\\/saltoecologico.es\\\/wp-content\\\/uploads\\\/2025\\\/04\\\/Logo-STE.jpg\",\"width\":435,\"height\":435,\"caption\":\"Salto a la Transici\u00f3n Ecol\u00f3gica\"},\"image\":{\"@id\":\"https:\\\/\\\/saltoecologico.es\\\/#\\\/schema\\\/logo\\\/image\\\/\"},\"sameAs\":[\"https:\\\/\\\/www.facebook.com\\\/Saltotransicionecologica\"]},{\"@type\":\"Person\",\"@id\":\"https:\\\/\\\/saltoecologico.es\\\/#\\\/schema\\\/person\\\/7175eec4b3c123d86c675313c3a01a0b\",\"name\":\"admin\",\"image\":{\"@type\":\"ImageObject\",\"inLanguage\":\"es\",\"@id\":\"https:\\\/\\\/secure.gravatar.com\\\/avatar\\\/4c215dc57bbc7b2f2f470ac9bd197f3f112636a584e575a732d0206a2d9c9806?s=96&d=mm&r=g\",\"url\":\"https:\\\/\\\/secure.gravatar.com\\\/avatar\\\/4c215dc57bbc7b2f2f470ac9bd197f3f112636a584e575a732d0206a2d9c9806?s=96&d=mm&r=g\",\"contentUrl\":\"https:\\\/\\\/secure.gravatar.com\\\/avatar\\\/4c215dc57bbc7b2f2f470ac9bd197f3f112636a584e575a732d0206a2d9c9806?s=96&d=mm&r=g\",\"caption\":\"admin\"},\"sameAs\":[\"https:\\\/\\\/saltoecologico.es\"],\"url\":\"https:\\\/\\\/saltoecologico.es\\\/index.php\\\/author\\\/saltoecologico\\\/\"}]}<\/script>\n<!-- \/ Yoast SEO plugin. -->","yoast_head_json":{"title":"Bombeos en Tenerife - Salto Ecol\u00f3gico","robots":{"index":"index","follow":"follow","max-snippet":"max-snippet:-1","max-image-preview":"max-image-preview:large","max-video-preview":"max-video-preview:-1"},"canonical":"https:\/\/saltoecologico.es\/index.php\/2022\/05\/04\/bombeos-en-tenerife\/","og_locale":"es_ES","og_type":"article","og_title":"Bombeos en Tenerife - Salto Ecol\u00f3gico","og_description":"El hecho de que muchos apoyemos la llegada de los hidrobombeos a Tenerife, no se debe a un sometimiento a este o aquel pol\u00edtico o a esta o aquella multinacional, como dir\u00edan sus detractores, ese apoyo se debe al convencimiento de la certeza de que sin estas infraestructuras no ser\u00e1 posible la transici\u00f3n energ\u00e9tica y [&hellip;]","og_url":"https:\/\/saltoecologico.es\/index.php\/2022\/05\/04\/bombeos-en-tenerife\/","og_site_name":"Salto Ecol\u00f3gico","article_publisher":"https:\/\/www.facebook.com\/Saltotransicionecologica","article_published_time":"2022-05-04T16:35:00+00:00","article_modified_time":"2025-04-13T07:57:10+00:00","og_image":[{"width":1024,"height":683,"url":"https:\/\/saltoecologico.es\/wp-content\/uploads\/2025\/04\/ChatGPT-Image-11-abr-2025-12_46_25-1024x683.png","type":"image\/png"}],"author":"admin","twitter_card":"summary_large_image","twitter_misc":{"Escrito por":"admin","Tiempo de lectura":"4 minutos"},"schema":{"@context":"https:\/\/schema.org","@graph":[{"@type":"Article","@id":"https:\/\/saltoecologico.es\/index.php\/2022\/05\/04\/bombeos-en-tenerife\/#article","isPartOf":{"@id":"https:\/\/saltoecologico.es\/index.php\/2022\/05\/04\/bombeos-en-tenerife\/"},"author":{"name":"admin","@id":"https:\/\/saltoecologico.es\/#\/schema\/person\/7175eec4b3c123d86c675313c3a01a0b"},"headline":"Bombeos en Tenerife","datePublished":"2022-05-04T16:35:00+00:00","dateModified":"2025-04-13T07:57:10+00:00","mainEntityOfPage":{"@id":"https:\/\/saltoecologico.es\/index.php\/2022\/05\/04\/bombeos-en-tenerife\/"},"wordCount":780,"commentCount":0,"publisher":{"@id":"https:\/\/saltoecologico.es\/#organization"},"image":{"@id":"https:\/\/saltoecologico.es\/index.php\/2022\/05\/04\/bombeos-en-tenerife\/#primaryimage"},"thumbnailUrl":"https:\/\/saltoecologico.es\/wp-content\/uploads\/2025\/04\/ChatGPT-Image-11-abr-2025-12_46_25.png","articleSection":["B_Conceptos","Bombeos"],"inLanguage":"es","potentialAction":[{"@type":"CommentAction","name":"Comment","target":["https:\/\/saltoecologico.es\/index.php\/2022\/05\/04\/bombeos-en-tenerife\/#respond"]}]},{"@type":"WebPage","@id":"https:\/\/saltoecologico.es\/index.php\/2022\/05\/04\/bombeos-en-tenerife\/","url":"https:\/\/saltoecologico.es\/index.php\/2022\/05\/04\/bombeos-en-tenerife\/","name":"Bombeos en Tenerife - Salto Ecol\u00f3gico","isPartOf":{"@id":"https:\/\/saltoecologico.es\/#website"},"primaryImageOfPage":{"@id":"https:\/\/saltoecologico.es\/index.php\/2022\/05\/04\/bombeos-en-tenerife\/#primaryimage"},"image":{"@id":"https:\/\/saltoecologico.es\/index.php\/2022\/05\/04\/bombeos-en-tenerife\/#primaryimage"},"thumbnailUrl":"https:\/\/saltoecologico.es\/wp-content\/uploads\/2025\/04\/ChatGPT-Image-11-abr-2025-12_46_25.png","datePublished":"2022-05-04T16:35:00+00:00","dateModified":"2025-04-13T07:57:10+00:00","breadcrumb":{"@id":"https:\/\/saltoecologico.es\/index.php\/2022\/05\/04\/bombeos-en-tenerife\/#breadcrumb"},"inLanguage":"es","potentialAction":[{"@type":"ReadAction","target":["https:\/\/saltoecologico.es\/index.php\/2022\/05\/04\/bombeos-en-tenerife\/"]}]},{"@type":"ImageObject","inLanguage":"es","@id":"https:\/\/saltoecologico.es\/index.php\/2022\/05\/04\/bombeos-en-tenerife\/#primaryimage","url":"https:\/\/saltoecologico.es\/wp-content\/uploads\/2025\/04\/ChatGPT-Image-11-abr-2025-12_46_25.png","contentUrl":"https:\/\/saltoecologico.es\/wp-content\/uploads\/2025\/04\/ChatGPT-Image-11-abr-2025-12_46_25.png","width":1536,"height":1024},{"@type":"BreadcrumbList","@id":"https:\/\/saltoecologico.es\/index.php\/2022\/05\/04\/bombeos-en-tenerife\/#breadcrumb","itemListElement":[{"@type":"ListItem","position":1,"name":"Portada","item":"https:\/\/saltoecologico.es\/"},{"@type":"ListItem","position":2,"name":"Bombeos en Tenerife"}]},{"@type":"WebSite","@id":"https:\/\/saltoecologico.es\/#website","url":"https:\/\/saltoecologico.es\/","name":"Salto Ecol\u00f3gico","description":"","publisher":{"@id":"https:\/\/saltoecologico.es\/#organization"},"potentialAction":[{"@type":"SearchAction","target":{"@type":"EntryPoint","urlTemplate":"https:\/\/saltoecologico.es\/?s={search_term_string}"},"query-input":{"@type":"PropertyValueSpecification","valueRequired":true,"valueName":"search_term_string"}}],"inLanguage":"es"},{"@type":"Organization","@id":"https:\/\/saltoecologico.es\/#organization","name":"Salto a la Transici\u00f3n Ecol\u00f3gica","url":"https:\/\/saltoecologico.es\/","logo":{"@type":"ImageObject","inLanguage":"es","@id":"https:\/\/saltoecologico.es\/#\/schema\/logo\/image\/","url":"https:\/\/saltoecologico.es\/wp-content\/uploads\/2025\/04\/Logo-STE.jpg","contentUrl":"https:\/\/saltoecologico.es\/wp-content\/uploads\/2025\/04\/Logo-STE.jpg","width":435,"height":435,"caption":"Salto a la Transici\u00f3n Ecol\u00f3gica"},"image":{"@id":"https:\/\/saltoecologico.es\/#\/schema\/logo\/image\/"},"sameAs":["https:\/\/www.facebook.com\/Saltotransicionecologica"]},{"@type":"Person","@id":"https:\/\/saltoecologico.es\/#\/schema\/person\/7175eec4b3c123d86c675313c3a01a0b","name":"admin","image":{"@type":"ImageObject","inLanguage":"es","@id":"https:\/\/secure.gravatar.com\/avatar\/4c215dc57bbc7b2f2f470ac9bd197f3f112636a584e575a732d0206a2d9c9806?s=96&d=mm&r=g","url":"https:\/\/secure.gravatar.com\/avatar\/4c215dc57bbc7b2f2f470ac9bd197f3f112636a584e575a732d0206a2d9c9806?s=96&d=mm&r=g","contentUrl":"https:\/\/secure.gravatar.com\/avatar\/4c215dc57bbc7b2f2f470ac9bd197f3f112636a584e575a732d0206a2d9c9806?s=96&d=mm&r=g","caption":"admin"},"sameAs":["https:\/\/saltoecologico.es"],"url":"https:\/\/saltoecologico.es\/index.php\/author\/saltoecologico\/"}]}},"_links":{"self":[{"href":"https:\/\/saltoecologico.es\/index.php\/wp-json\/wp\/v2\/posts\/333","targetHints":{"allow":["GET"]}}],"collection":[{"href":"https:\/\/saltoecologico.es\/index.php\/wp-json\/wp\/v2\/posts"}],"about":[{"href":"https:\/\/saltoecologico.es\/index.php\/wp-json\/wp\/v2\/types\/post"}],"author":[{"embeddable":true,"href":"https:\/\/saltoecologico.es\/index.php\/wp-json\/wp\/v2\/users\/1"}],"replies":[{"embeddable":true,"href":"https:\/\/saltoecologico.es\/index.php\/wp-json\/wp\/v2\/comments?post=333"}],"version-history":[{"count":1,"href":"https:\/\/saltoecologico.es\/index.php\/wp-json\/wp\/v2\/posts\/333\/revisions"}],"predecessor-version":[{"id":334,"href":"https:\/\/saltoecologico.es\/index.php\/wp-json\/wp\/v2\/posts\/333\/revisions\/334"}],"wp:featuredmedia":[{"embeddable":true,"href":"https:\/\/saltoecologico.es\/index.php\/wp-json\/wp\/v2\/media\/324"}],"wp:attachment":[{"href":"https:\/\/saltoecologico.es\/index.php\/wp-json\/wp\/v2\/media?parent=333"}],"wp:term":[{"taxonomy":"category","embeddable":true,"href":"https:\/\/saltoecologico.es\/index.php\/wp-json\/wp\/v2\/categories?post=333"},{"taxonomy":"post_tag","embeddable":true,"href":"https:\/\/saltoecologico.es\/index.php\/wp-json\/wp\/v2\/tags?post=333"}],"curies":[{"name":"wp","href":"https:\/\/api.w.org\/{rel}","templated":true}]}}