{"id":335,"date":"2022-05-06T16:43:00","date_gmt":"2022-05-06T16:43:00","guid":{"rendered":"https:\/\/saltoecologico.es\/?p=335"},"modified":"2025-04-13T07:58:37","modified_gmt":"2025-04-13T07:58:37","slug":"concepto-sistema-electrico","status":"publish","type":"post","link":"https:\/\/saltoecologico.es\/index.php\/2022\/05\/06\/concepto-sistema-electrico\/","title":{"rendered":"Conceptos sistema el\u00e9ctrico"},"content":{"rendered":"\n<p class=\"wp-block-paragraph\">Seg\u00fan el <strong>Anuario Energ\u00e9tico de Canarias<\/strong>, en la isla de <strong>Tenerife en el a\u00f1o 2020<\/strong> hab\u00eda una <strong>potencia instalada de 320 MW de energ\u00edas renovables<\/strong>, que fueron capaces de producir <strong>668.000 MWh<\/strong> (Megavatios hora) en ese a\u00f1o. Estas renovables se dividen en <strong>196 MW de e\u00f3lica<\/strong> y <strong>124 MW de fotovoltaica<\/strong>. Si hacemos un sencillo c\u00e1lculo podemos determinar cu\u00e1l ser\u00eda la energ\u00eda producida si estas renovables funcionaran el 100% del tiempo:<\/p>\n\n\n\n<p class=\"wp-block-paragraph\"><strong>320 MW x 24 horas x 365 d\u00edas = 2.803.200 MWh<\/strong><\/p>\n\n\n\n<p class=\"wp-block-paragraph\">Como se han producido <strong>668.000 MWh<\/strong>, representa el <strong>24%<\/strong>.<\/p>\n\n\n\n<p class=\"wp-block-paragraph\">Este <strong>24%<\/strong> significa que existe una buena cantidad de tiempo en la que <strong>o bien no ha existido el recurso renovable o bien este recurso estaba por debajo de su potencia nominal<\/strong>, es decir de todo lo que la instalaci\u00f3n podr\u00eda dar. Este hecho no nos debe sorprender porque todos sabemos que el recurso de la e\u00f3lica es el <strong>viento<\/strong> y de la fotovoltaica es el <strong>sol<\/strong>, y que ambos son <strong>variables e impredecibles<\/strong> (de momento). Esto en el argot t\u00e9cnico se denomina <strong>\u201cenerg\u00edas no gestionables\u201d<\/strong>.<\/p>\n\n\n\n<p class=\"wp-block-paragraph\">Por otro lado, los <strong>sistemas el\u00e9ctricos necesitan mantener un equilibrio entre la demanda (la electricidad consumida) y la generaci\u00f3n (la electricidad producida)<\/strong>, fundamentalmente porque si esto no ocurriera, los <strong>240 voltios y los 50 hercios<\/strong> con que llega la electricidad a nuestros hogares, ser\u00eda un continuo baile de esos valores, con el consiguiente <strong>peligro para la integridad de nuestras instalaciones y nuestros electrodom\u00e9sticos<\/strong>. Por tanto, <strong>necesitamos poder adaptar la generaci\u00f3n a la demanda, la demanda a la generaci\u00f3n o ambas cosas<\/strong>. Hasta ahora lo que ha primado es la <strong>adaptaci\u00f3n de la generaci\u00f3n a la demanda<\/strong>, y por tanto nuestros <strong>grupos generadores van modificando lo que producen de acuerdo con las exigencias de los consumidores<\/strong> en cada momento. En otras palabras, los <strong>grupos actuales de generaci\u00f3n son gestionables<\/strong>.<\/p>\n\n\n\n<p class=\"wp-block-paragraph\">Pues con todo lo dicho, creo que se puede apreciar <strong>la encrucijada en la que estamos<\/strong>. Por un lado, tenemos unos <strong>grupos gestionables<\/strong> que responden a las necesidades del equilibrio del sistema el\u00e9ctrico, pero que tienen como fuente a los <strong>combustibles f\u00f3siles<\/strong> y por tanto <strong>nos est\u00e1n provocando el cambio clim\u00e1tico<\/strong>, y por otro tenemos unas <strong>fuentes de energ\u00eda no contaminantes, sostenibles y renovables<\/strong>, pero que sin embargo <strong>no nos proporcionan la gestionabilidad necesaria<\/strong>.<\/p>\n\n\n\n<p class=\"wp-block-paragraph\">Hasta ahora nuestros t\u00e9cnicos han encontrado la soluci\u00f3n de hacer <strong>convivir a una generaci\u00f3n con la otra<\/strong>, intentando que la parte <strong>gestionable supla las deficiencias de la parte no gestionable<\/strong>. Pero debido a cuestiones t\u00e9cnicas, entre las que se encuentran las ya comentadas, existe una <strong>proporci\u00f3n m\u00e1xima para la introducci\u00f3n de renovables en el mix<\/strong>, y que est\u00e1 fijado en el <strong>50%<\/strong>, porcentaje por encima del cual el sistema se <strong>vuelve inestable y por tanto inasumible para el operador del sistema<\/strong>.<\/p>\n\n\n\n<p class=\"wp-block-paragraph\">Si quitamos unas cuantas telara\u00f1as m\u00e1s de los entresijos tecnol\u00f3gicos y comprobamos que <strong>la punta diaria<\/strong>, es decir la <strong>producci\u00f3n m\u00e1xima durante el d\u00eda<\/strong>, est\u00e1 en Tenerife torno a los <strong>480 MW (d\u00eda 06-05-2022)<\/strong> y que al mediod\u00eda est\u00e1 en torno a los <strong>450 MW<\/strong>, tendremos que, si hace un sol espl\u00e9ndido y un viento adecuado, el <strong>m\u00e1ximo que podemos inyectar en la red ser\u00edan 225 MW<\/strong>. Pero entonces\u2026 \u00bfqu\u00e9 hacemos con los <strong>95 MW que nos sobran<\/strong>? Pues lamentablemente, hoy en d\u00eda hay que decir que <strong>se desperdician<\/strong>. Simplemente el <strong>operador del sistema da orden a determinados parques e\u00f3licos y fotovoltaicos para que se desacoplen de la red<\/strong>, con las consiguientes <strong>p\u00e9rdidas para los propietarios<\/strong> de esos parques. Pero lo que es m\u00e1s importante, <strong>con el despilfarro de una energ\u00eda limpia que podr\u00eda evitar las emisiones de toneladas de CO\u2082<\/strong>. La cuesti\u00f3n se vuelve m\u00e1s insostenible si adem\u00e1s <strong>existen nuevos parques en tramitaci\u00f3n<\/strong>, que en determinados momentos <strong>se ver\u00e1n afectados por estas circunstancias<\/strong>.<\/p>\n\n\n\n<p class=\"wp-block-paragraph\">Hay que dejar claro que el <strong>operador del sistema no es el malo de la situaci\u00f3n<\/strong>, tiene como prioridad la <strong>continuidad del suministro<\/strong> y por ende la <strong>estabilidad de \u00e9ste<\/strong>. Lo que ocurre es que <strong>no se le proporcionan las herramientas adecuadas<\/strong>, para que esto no suceda.<\/p>\n\n\n\n<p class=\"wp-block-paragraph\">\u00bfY para esto no hay soluci\u00f3n? Pues <strong>s\u00ed las hay<\/strong>, hay diferentes opciones para solucionar estos problemas, pero <strong>hay una que destaca<\/strong>, por su <strong>efectividad<\/strong>, su <strong>rendimiento<\/strong> y su <strong>longevidad<\/strong>, y que no es otra sino la <strong>tecnolog\u00eda de las centrales hidroel\u00e9ctricas reversibles de bombeo puro<\/strong>.<\/p>\n\n\n\n<p class=\"wp-block-paragraph\">Una <strong>central hidroel\u00e9ctrica de bombeo puro<\/strong>, llamada com\u00fanmente <strong>\u201cbombeo\u201d<\/strong>, a secas, es un sistema compuesto por <strong>dos embalses a diferente altura<\/strong>, que permite <strong>subir agua cuando hay excedentes de energ\u00eda<\/strong> o <strong>turbinarla (dej\u00e1ndola caer)<\/strong> cuando hay d\u00e9ficit de energ\u00eda. Estas instalaciones pueden proporcionar <strong>varios servicios al sistema el\u00e9ctrico<\/strong>:<\/p>\n\n\n\n<ul class=\"wp-block-list\">\n<li>Puede proporcionar <strong>gestionabilidad a la demanda mediante sus bombas<\/strong>. Supongamos que tenemos alimentados los 480 MW de la punta por renovables. Si aumenta la producci\u00f3n se sube el consumo de las bombas. Que disminuye la producci\u00f3n, se baja el consumo de las bombas.<\/li>\n\n\n\n<li>Puede proporcionar <strong>gestionabilidad a la generaci\u00f3n<\/strong>. Para variar la cantidad de electricidad producida, solo hay que variar la cantidad de agua que pasa por la turbina.<\/li>\n\n\n\n<li>Con los bombeos <strong>no se necesita potencia de reserva funcionando<\/strong>, porque el tener electricidad es algo <strong>tan r\u00e1pido como abrir una v\u00e1lvula<\/strong>.<\/li>\n\n\n\n<li><strong>Se pueden comportar como almacenadores de energ\u00eda para los excedentes<\/strong>.<\/li>\n<\/ul>\n\n\n\n<p class=\"wp-block-paragraph\">Con todo lo dicho <strong>se puede entender perfectamente que con los bombeos salta el l\u00edmite del 50%<\/strong>, y la <strong>penetraci\u00f3n de renovables ya solo depender\u00e1 de lo que se demande en cada momento<\/strong>.<\/p>\n\n\n\n<p class=\"wp-block-paragraph\"><strong>Lo que no se puede entender<\/strong> es que el <strong>Cabildo de Tenerife contin\u00fae con su pol\u00edtica de apoyo a los combustibles f\u00f3siles<\/strong>.<\/p>\n\n\n\n<p class=\"wp-block-paragraph\"><strong>Lo que no se puede entender<\/strong>, es que <strong>considerando todo el tiempo de tramitaci\u00f3n que lleva el Salto de Chira en Gran Canaria<\/strong> y el <strong>tiempo que le queda para ser una realidad<\/strong>, <strong>todav\u00eda en Tenerife estemos sin saber la ubicaci\u00f3n del primero de esos bombeos<\/strong>.<\/p>\n\n\n\n<p class=\"wp-block-paragraph\"><strong>Lo que no se puede entender<\/strong>, y es lamentable, que <strong>nuestros pol\u00edticos tengan la soluci\u00f3n tecnol\u00f3gica a su alcance para resolver el problema de la descarbonizaci\u00f3n del sistema el\u00e9ctrico en Tenerife<\/strong> y <strong>se est\u00e9n buscando oscuras transiciones cuando ya no queda tiempo<\/strong>.<\/p>\n\n\n\n<p class=\"wp-block-paragraph\">En fin, muchas cosas <strong>que no se pueden entender<\/strong>, salvo que <strong>los bombeos nos ayudar\u00edan a solventar nuestros problemas medioambientales<\/strong>.<\/p>\n\n\n\n<hr class=\"wp-block-separator has-alpha-channel-opacity\"\/>\n\n\n\n<p class=\"wp-block-paragraph\"><\/p>\n","protected":false},"excerpt":{"rendered":"<p>Seg\u00fan el Anuario Energ\u00e9tico de Canarias, en la isla de Tenerife en el a\u00f1o 2020 hab\u00eda una potencia instalada de 320 MW de energ\u00edas renovables, que fueron capaces de producir 668.000 MWh (Megavatios hora) en ese a\u00f1o. Estas renovables se dividen en 196 MW de e\u00f3lica y 124 MW de fotovoltaica. Si hacemos un sencillo [&hellip;]<\/p>\n","protected":false},"author":1,"featured_media":315,"comment_status":"open","ping_status":"open","sticky":false,"template":"","format":"standard","meta":{"footnotes":""},"categories":[46,31],"tags":[],"class_list":["post-335","post","type-post","status-publish","format-standard","has-post-thumbnail","category-b_conceptos","category-bombeos"],"yoast_head":"<!-- This site is optimized with the Yoast SEO plugin v28.2 - https:\/\/yoast.com\/product\/yoast-seo-wordpress\/ -->\n<title>Conceptos sistema el\u00e9ctrico - Salto Ecol\u00f3gico<\/title>\n<meta name=\"robots\" content=\"index, follow, max-snippet:-1, max-image-preview:large, max-video-preview:-1\" \/>\n<link rel=\"canonical\" href=\"https:\/\/saltoecologico.es\/index.php\/2022\/05\/06\/concepto-sistema-electrico\/\" \/>\n<meta property=\"og:locale\" content=\"es_ES\" \/>\n<meta property=\"og:type\" content=\"article\" \/>\n<meta property=\"og:title\" content=\"Conceptos sistema el\u00e9ctrico - Salto Ecol\u00f3gico\" \/>\n<meta property=\"og:description\" content=\"Seg\u00fan el Anuario Energ\u00e9tico de Canarias, en la isla de Tenerife en el a\u00f1o 2020 hab\u00eda una potencia instalada de 320 MW de energ\u00edas renovables, que fueron capaces de producir 668.000 MWh (Megavatios hora) en ese a\u00f1o. Estas renovables se dividen en 196 MW de e\u00f3lica y 124 MW de fotovoltaica. Si hacemos un sencillo [&hellip;]\" \/>\n<meta property=\"og:url\" content=\"https:\/\/saltoecologico.es\/index.php\/2022\/05\/06\/concepto-sistema-electrico\/\" \/>\n<meta property=\"og:site_name\" content=\"Salto Ecol\u00f3gico\" \/>\n<meta property=\"article:publisher\" content=\"https:\/\/www.facebook.com\/Saltotransicionecologica\" \/>\n<meta property=\"article:published_time\" content=\"2022-05-06T16:43:00+00:00\" \/>\n<meta property=\"article:modified_time\" content=\"2025-04-13T07:58:37+00:00\" \/>\n<meta property=\"og:image\" content=\"https:\/\/saltoecologico.es\/wp-content\/uploads\/2025\/04\/Manifiesto.jpg\" \/>\n\t<meta property=\"og:image:width\" content=\"1024\" \/>\n\t<meta property=\"og:image:height\" content=\"683\" \/>\n\t<meta property=\"og:image:type\" content=\"image\/jpeg\" \/>\n<meta name=\"author\" content=\"admin\" \/>\n<meta name=\"twitter:card\" content=\"summary_large_image\" \/>\n<meta name=\"twitter:label1\" content=\"Escrito por\" \/>\n\t<meta name=\"twitter:data1\" content=\"admin\" \/>\n\t<meta name=\"twitter:label2\" content=\"Tiempo de lectura\" \/>\n\t<meta name=\"twitter:data2\" content=\"5 minutos\" \/>\n<script type=\"application\/ld+json\" class=\"yoast-schema-graph\">{\"@context\":\"https:\\\/\\\/schema.org\",\"@graph\":[{\"@type\":\"Article\",\"@id\":\"https:\\\/\\\/saltoecologico.es\\\/index.php\\\/2022\\\/05\\\/06\\\/concepto-sistema-electrico\\\/#article\",\"isPartOf\":{\"@id\":\"https:\\\/\\\/saltoecologico.es\\\/index.php\\\/2022\\\/05\\\/06\\\/concepto-sistema-electrico\\\/\"},\"author\":{\"name\":\"admin\",\"@id\":\"https:\\\/\\\/saltoecologico.es\\\/#\\\/schema\\\/person\\\/7175eec4b3c123d86c675313c3a01a0b\"},\"headline\":\"Conceptos sistema el\u00e9ctrico\",\"datePublished\":\"2022-05-06T16:43:00+00:00\",\"dateModified\":\"2025-04-13T07:58:37+00:00\",\"mainEntityOfPage\":{\"@id\":\"https:\\\/\\\/saltoecologico.es\\\/index.php\\\/2022\\\/05\\\/06\\\/concepto-sistema-electrico\\\/\"},\"wordCount\":1103,\"commentCount\":0,\"publisher\":{\"@id\":\"https:\\\/\\\/saltoecologico.es\\\/#organization\"},\"image\":{\"@id\":\"https:\\\/\\\/saltoecologico.es\\\/index.php\\\/2022\\\/05\\\/06\\\/concepto-sistema-electrico\\\/#primaryimage\"},\"thumbnailUrl\":\"https:\\\/\\\/saltoecologico.es\\\/wp-content\\\/uploads\\\/2025\\\/04\\\/Manifiesto.jpg\",\"articleSection\":[\"B_Conceptos\",\"Bombeos\"],\"inLanguage\":\"es\",\"potentialAction\":[{\"@type\":\"CommentAction\",\"name\":\"Comment\",\"target\":[\"https:\\\/\\\/saltoecologico.es\\\/index.php\\\/2022\\\/05\\\/06\\\/concepto-sistema-electrico\\\/#respond\"]}]},{\"@type\":\"WebPage\",\"@id\":\"https:\\\/\\\/saltoecologico.es\\\/index.php\\\/2022\\\/05\\\/06\\\/concepto-sistema-electrico\\\/\",\"url\":\"https:\\\/\\\/saltoecologico.es\\\/index.php\\\/2022\\\/05\\\/06\\\/concepto-sistema-electrico\\\/\",\"name\":\"Conceptos sistema el\u00e9ctrico - Salto Ecol\u00f3gico\",\"isPartOf\":{\"@id\":\"https:\\\/\\\/saltoecologico.es\\\/#website\"},\"primaryImageOfPage\":{\"@id\":\"https:\\\/\\\/saltoecologico.es\\\/index.php\\\/2022\\\/05\\\/06\\\/concepto-sistema-electrico\\\/#primaryimage\"},\"image\":{\"@id\":\"https:\\\/\\\/saltoecologico.es\\\/index.php\\\/2022\\\/05\\\/06\\\/concepto-sistema-electrico\\\/#primaryimage\"},\"thumbnailUrl\":\"https:\\\/\\\/saltoecologico.es\\\/wp-content\\\/uploads\\\/2025\\\/04\\\/Manifiesto.jpg\",\"datePublished\":\"2022-05-06T16:43:00+00:00\",\"dateModified\":\"2025-04-13T07:58:37+00:00\",\"breadcrumb\":{\"@id\":\"https:\\\/\\\/saltoecologico.es\\\/index.php\\\/2022\\\/05\\\/06\\\/concepto-sistema-electrico\\\/#breadcrumb\"},\"inLanguage\":\"es\",\"potentialAction\":[{\"@type\":\"ReadAction\",\"target\":[\"https:\\\/\\\/saltoecologico.es\\\/index.php\\\/2022\\\/05\\\/06\\\/concepto-sistema-electrico\\\/\"]}]},{\"@type\":\"ImageObject\",\"inLanguage\":\"es\",\"@id\":\"https:\\\/\\\/saltoecologico.es\\\/index.php\\\/2022\\\/05\\\/06\\\/concepto-sistema-electrico\\\/#primaryimage\",\"url\":\"https:\\\/\\\/saltoecologico.es\\\/wp-content\\\/uploads\\\/2025\\\/04\\\/Manifiesto.jpg\",\"contentUrl\":\"https:\\\/\\\/saltoecologico.es\\\/wp-content\\\/uploads\\\/2025\\\/04\\\/Manifiesto.jpg\",\"width\":1024,\"height\":683},{\"@type\":\"BreadcrumbList\",\"@id\":\"https:\\\/\\\/saltoecologico.es\\\/index.php\\\/2022\\\/05\\\/06\\\/concepto-sistema-electrico\\\/#breadcrumb\",\"itemListElement\":[{\"@type\":\"ListItem\",\"position\":1,\"name\":\"Portada\",\"item\":\"https:\\\/\\\/saltoecologico.es\\\/\"},{\"@type\":\"ListItem\",\"position\":2,\"name\":\"Conceptos sistema el\u00e9ctrico\"}]},{\"@type\":\"WebSite\",\"@id\":\"https:\\\/\\\/saltoecologico.es\\\/#website\",\"url\":\"https:\\\/\\\/saltoecologico.es\\\/\",\"name\":\"Salto Ecol\u00f3gico\",\"description\":\"\",\"publisher\":{\"@id\":\"https:\\\/\\\/saltoecologico.es\\\/#organization\"},\"potentialAction\":[{\"@type\":\"SearchAction\",\"target\":{\"@type\":\"EntryPoint\",\"urlTemplate\":\"https:\\\/\\\/saltoecologico.es\\\/?s={search_term_string}\"},\"query-input\":{\"@type\":\"PropertyValueSpecification\",\"valueRequired\":true,\"valueName\":\"search_term_string\"}}],\"inLanguage\":\"es\"},{\"@type\":\"Organization\",\"@id\":\"https:\\\/\\\/saltoecologico.es\\\/#organization\",\"name\":\"Salto a la Transici\u00f3n Ecol\u00f3gica\",\"url\":\"https:\\\/\\\/saltoecologico.es\\\/\",\"logo\":{\"@type\":\"ImageObject\",\"inLanguage\":\"es\",\"@id\":\"https:\\\/\\\/saltoecologico.es\\\/#\\\/schema\\\/logo\\\/image\\\/\",\"url\":\"https:\\\/\\\/saltoecologico.es\\\/wp-content\\\/uploads\\\/2025\\\/04\\\/Logo-STE.jpg\",\"contentUrl\":\"https:\\\/\\\/saltoecologico.es\\\/wp-content\\\/uploads\\\/2025\\\/04\\\/Logo-STE.jpg\",\"width\":435,\"height\":435,\"caption\":\"Salto a la Transici\u00f3n Ecol\u00f3gica\"},\"image\":{\"@id\":\"https:\\\/\\\/saltoecologico.es\\\/#\\\/schema\\\/logo\\\/image\\\/\"},\"sameAs\":[\"https:\\\/\\\/www.facebook.com\\\/Saltotransicionecologica\"]},{\"@type\":\"Person\",\"@id\":\"https:\\\/\\\/saltoecologico.es\\\/#\\\/schema\\\/person\\\/7175eec4b3c123d86c675313c3a01a0b\",\"name\":\"admin\",\"image\":{\"@type\":\"ImageObject\",\"inLanguage\":\"es\",\"@id\":\"https:\\\/\\\/secure.gravatar.com\\\/avatar\\\/4c215dc57bbc7b2f2f470ac9bd197f3f112636a584e575a732d0206a2d9c9806?s=96&d=mm&r=g\",\"url\":\"https:\\\/\\\/secure.gravatar.com\\\/avatar\\\/4c215dc57bbc7b2f2f470ac9bd197f3f112636a584e575a732d0206a2d9c9806?s=96&d=mm&r=g\",\"contentUrl\":\"https:\\\/\\\/secure.gravatar.com\\\/avatar\\\/4c215dc57bbc7b2f2f470ac9bd197f3f112636a584e575a732d0206a2d9c9806?s=96&d=mm&r=g\",\"caption\":\"admin\"},\"sameAs\":[\"https:\\\/\\\/saltoecologico.es\"],\"url\":\"https:\\\/\\\/saltoecologico.es\\\/index.php\\\/author\\\/saltoecologico\\\/\"}]}<\/script>\n<!-- \/ Yoast SEO plugin. -->","yoast_head_json":{"title":"Conceptos sistema el\u00e9ctrico - Salto Ecol\u00f3gico","robots":{"index":"index","follow":"follow","max-snippet":"max-snippet:-1","max-image-preview":"max-image-preview:large","max-video-preview":"max-video-preview:-1"},"canonical":"https:\/\/saltoecologico.es\/index.php\/2022\/05\/06\/concepto-sistema-electrico\/","og_locale":"es_ES","og_type":"article","og_title":"Conceptos sistema el\u00e9ctrico - Salto Ecol\u00f3gico","og_description":"Seg\u00fan el Anuario Energ\u00e9tico de Canarias, en la isla de Tenerife en el a\u00f1o 2020 hab\u00eda una potencia instalada de 320 MW de energ\u00edas renovables, que fueron capaces de producir 668.000 MWh (Megavatios hora) en ese a\u00f1o. Estas renovables se dividen en 196 MW de e\u00f3lica y 124 MW de fotovoltaica. Si hacemos un sencillo [&hellip;]","og_url":"https:\/\/saltoecologico.es\/index.php\/2022\/05\/06\/concepto-sistema-electrico\/","og_site_name":"Salto Ecol\u00f3gico","article_publisher":"https:\/\/www.facebook.com\/Saltotransicionecologica","article_published_time":"2022-05-06T16:43:00+00:00","article_modified_time":"2025-04-13T07:58:37+00:00","og_image":[{"width":1024,"height":683,"url":"https:\/\/saltoecologico.es\/wp-content\/uploads\/2025\/04\/Manifiesto.jpg","type":"image\/jpeg"}],"author":"admin","twitter_card":"summary_large_image","twitter_misc":{"Escrito por":"admin","Tiempo de lectura":"5 minutos"},"schema":{"@context":"https:\/\/schema.org","@graph":[{"@type":"Article","@id":"https:\/\/saltoecologico.es\/index.php\/2022\/05\/06\/concepto-sistema-electrico\/#article","isPartOf":{"@id":"https:\/\/saltoecologico.es\/index.php\/2022\/05\/06\/concepto-sistema-electrico\/"},"author":{"name":"admin","@id":"https:\/\/saltoecologico.es\/#\/schema\/person\/7175eec4b3c123d86c675313c3a01a0b"},"headline":"Conceptos sistema el\u00e9ctrico","datePublished":"2022-05-06T16:43:00+00:00","dateModified":"2025-04-13T07:58:37+00:00","mainEntityOfPage":{"@id":"https:\/\/saltoecologico.es\/index.php\/2022\/05\/06\/concepto-sistema-electrico\/"},"wordCount":1103,"commentCount":0,"publisher":{"@id":"https:\/\/saltoecologico.es\/#organization"},"image":{"@id":"https:\/\/saltoecologico.es\/index.php\/2022\/05\/06\/concepto-sistema-electrico\/#primaryimage"},"thumbnailUrl":"https:\/\/saltoecologico.es\/wp-content\/uploads\/2025\/04\/Manifiesto.jpg","articleSection":["B_Conceptos","Bombeos"],"inLanguage":"es","potentialAction":[{"@type":"CommentAction","name":"Comment","target":["https:\/\/saltoecologico.es\/index.php\/2022\/05\/06\/concepto-sistema-electrico\/#respond"]}]},{"@type":"WebPage","@id":"https:\/\/saltoecologico.es\/index.php\/2022\/05\/06\/concepto-sistema-electrico\/","url":"https:\/\/saltoecologico.es\/index.php\/2022\/05\/06\/concepto-sistema-electrico\/","name":"Conceptos sistema el\u00e9ctrico - Salto Ecol\u00f3gico","isPartOf":{"@id":"https:\/\/saltoecologico.es\/#website"},"primaryImageOfPage":{"@id":"https:\/\/saltoecologico.es\/index.php\/2022\/05\/06\/concepto-sistema-electrico\/#primaryimage"},"image":{"@id":"https:\/\/saltoecologico.es\/index.php\/2022\/05\/06\/concepto-sistema-electrico\/#primaryimage"},"thumbnailUrl":"https:\/\/saltoecologico.es\/wp-content\/uploads\/2025\/04\/Manifiesto.jpg","datePublished":"2022-05-06T16:43:00+00:00","dateModified":"2025-04-13T07:58:37+00:00","breadcrumb":{"@id":"https:\/\/saltoecologico.es\/index.php\/2022\/05\/06\/concepto-sistema-electrico\/#breadcrumb"},"inLanguage":"es","potentialAction":[{"@type":"ReadAction","target":["https:\/\/saltoecologico.es\/index.php\/2022\/05\/06\/concepto-sistema-electrico\/"]}]},{"@type":"ImageObject","inLanguage":"es","@id":"https:\/\/saltoecologico.es\/index.php\/2022\/05\/06\/concepto-sistema-electrico\/#primaryimage","url":"https:\/\/saltoecologico.es\/wp-content\/uploads\/2025\/04\/Manifiesto.jpg","contentUrl":"https:\/\/saltoecologico.es\/wp-content\/uploads\/2025\/04\/Manifiesto.jpg","width":1024,"height":683},{"@type":"BreadcrumbList","@id":"https:\/\/saltoecologico.es\/index.php\/2022\/05\/06\/concepto-sistema-electrico\/#breadcrumb","itemListElement":[{"@type":"ListItem","position":1,"name":"Portada","item":"https:\/\/saltoecologico.es\/"},{"@type":"ListItem","position":2,"name":"Conceptos sistema el\u00e9ctrico"}]},{"@type":"WebSite","@id":"https:\/\/saltoecologico.es\/#website","url":"https:\/\/saltoecologico.es\/","name":"Salto Ecol\u00f3gico","description":"","publisher":{"@id":"https:\/\/saltoecologico.es\/#organization"},"potentialAction":[{"@type":"SearchAction","target":{"@type":"EntryPoint","urlTemplate":"https:\/\/saltoecologico.es\/?s={search_term_string}"},"query-input":{"@type":"PropertyValueSpecification","valueRequired":true,"valueName":"search_term_string"}}],"inLanguage":"es"},{"@type":"Organization","@id":"https:\/\/saltoecologico.es\/#organization","name":"Salto a la Transici\u00f3n Ecol\u00f3gica","url":"https:\/\/saltoecologico.es\/","logo":{"@type":"ImageObject","inLanguage":"es","@id":"https:\/\/saltoecologico.es\/#\/schema\/logo\/image\/","url":"https:\/\/saltoecologico.es\/wp-content\/uploads\/2025\/04\/Logo-STE.jpg","contentUrl":"https:\/\/saltoecologico.es\/wp-content\/uploads\/2025\/04\/Logo-STE.jpg","width":435,"height":435,"caption":"Salto a la Transici\u00f3n Ecol\u00f3gica"},"image":{"@id":"https:\/\/saltoecologico.es\/#\/schema\/logo\/image\/"},"sameAs":["https:\/\/www.facebook.com\/Saltotransicionecologica"]},{"@type":"Person","@id":"https:\/\/saltoecologico.es\/#\/schema\/person\/7175eec4b3c123d86c675313c3a01a0b","name":"admin","image":{"@type":"ImageObject","inLanguage":"es","@id":"https:\/\/secure.gravatar.com\/avatar\/4c215dc57bbc7b2f2f470ac9bd197f3f112636a584e575a732d0206a2d9c9806?s=96&d=mm&r=g","url":"https:\/\/secure.gravatar.com\/avatar\/4c215dc57bbc7b2f2f470ac9bd197f3f112636a584e575a732d0206a2d9c9806?s=96&d=mm&r=g","contentUrl":"https:\/\/secure.gravatar.com\/avatar\/4c215dc57bbc7b2f2f470ac9bd197f3f112636a584e575a732d0206a2d9c9806?s=96&d=mm&r=g","caption":"admin"},"sameAs":["https:\/\/saltoecologico.es"],"url":"https:\/\/saltoecologico.es\/index.php\/author\/saltoecologico\/"}]}},"_links":{"self":[{"href":"https:\/\/saltoecologico.es\/index.php\/wp-json\/wp\/v2\/posts\/335","targetHints":{"allow":["GET"]}}],"collection":[{"href":"https:\/\/saltoecologico.es\/index.php\/wp-json\/wp\/v2\/posts"}],"about":[{"href":"https:\/\/saltoecologico.es\/index.php\/wp-json\/wp\/v2\/types\/post"}],"author":[{"embeddable":true,"href":"https:\/\/saltoecologico.es\/index.php\/wp-json\/wp\/v2\/users\/1"}],"replies":[{"embeddable":true,"href":"https:\/\/saltoecologico.es\/index.php\/wp-json\/wp\/v2\/comments?post=335"}],"version-history":[{"count":2,"href":"https:\/\/saltoecologico.es\/index.php\/wp-json\/wp\/v2\/posts\/335\/revisions"}],"predecessor-version":[{"id":337,"href":"https:\/\/saltoecologico.es\/index.php\/wp-json\/wp\/v2\/posts\/335\/revisions\/337"}],"wp:featuredmedia":[{"embeddable":true,"href":"https:\/\/saltoecologico.es\/index.php\/wp-json\/wp\/v2\/media\/315"}],"wp:attachment":[{"href":"https:\/\/saltoecologico.es\/index.php\/wp-json\/wp\/v2\/media?parent=335"}],"wp:term":[{"taxonomy":"category","embeddable":true,"href":"https:\/\/saltoecologico.es\/index.php\/wp-json\/wp\/v2\/categories?post=335"},{"taxonomy":"post_tag","embeddable":true,"href":"https:\/\/saltoecologico.es\/index.php\/wp-json\/wp\/v2\/tags?post=335"}],"curies":[{"name":"wp","href":"https:\/\/api.w.org\/{rel}","templated":true}]}}