{"id":338,"date":"2022-05-15T16:49:00","date_gmt":"2022-05-15T16:49:00","guid":{"rendered":"https:\/\/saltoecologico.es\/?p=338"},"modified":"2025-04-13T07:59:41","modified_gmt":"2025-04-13T07:59:41","slug":"vida-util-regulatoria","status":"publish","type":"post","link":"https:\/\/saltoecologico.es\/index.php\/2022\/05\/15\/vida-util-regulatoria\/","title":{"rendered":"Vida \u00fatil regulatoria"},"content":{"rendered":"\n<p class=\"wp-block-paragraph\">Cualquier proyecto empresarial que se precie parte de una premisa fundamental, <strong>la rentabilidad debe de ser la adecuada para que el proyecto en cuesti\u00f3n sea viable<\/strong>. En esta rentabilidad intervienen dos factores importantes, <strong>el tiempo de retorno de la inversi\u00f3n<\/strong> y <strong>el tiempo que mantiene la productividad el producto o servicio proyectado<\/strong>. Si al segundo le restamos el primero nos quedar\u00e1 <strong>los beneficios que se obtendr\u00e1n<\/strong>.<\/p>\n\n\n\n<p class=\"wp-block-paragraph\">Pues bien, seg\u00fan la <strong>Circular 9\/2019, de 12 de diciembre<\/strong>, de la <strong>Comisi\u00f3n Nacional de los Mercados y la Competencia<\/strong>, por la que se establece la metodolog\u00eda para determinar la retribuci\u00f3n de las instalaciones de transporte de gas natural y de las plantas de gas natural licuado, en su art\u00edculo 10, retribuci\u00f3n por inversi\u00f3n en instalaciones, se recoge la <strong>\u201cvida \u00fatil regulatoria\u201d<\/strong> de las diferentes instalaciones seg\u00fan los siguientes valores:<\/p>\n\n\n\n<ul class=\"wp-block-list\">\n<li><strong>Gasoductos: 40 a\u00f1os<\/strong><\/li>\n\n\n\n<li><strong>Estaciones de Regulaci\u00f3n y\/o Medida: 30 a\u00f1os<\/strong><\/li>\n\n\n\n<li><strong>Estaciones de Compresi\u00f3n: 20 a\u00f1os<\/strong><\/li>\n\n\n\n<li><strong>Centros de mantenimiento: 20 a\u00f1os<\/strong><\/li>\n\n\n\n<li><strong>Sistema de Bombas Secundarias de GNL: 10 a\u00f1os<\/strong><\/li>\n\n\n\n<li><strong>Vaporizadores de GNL: 10 a\u00f1os<\/strong><\/li>\n\n\n\n<li><strong>Tanques de GNL: 20 a\u00f1os<\/strong><\/li>\n\n\n\n<li><strong>Cargaderos de Cisternas de GNL: 20 a\u00f1os<\/strong><\/li>\n\n\n\n<li><strong>Relicuador de Boil-off: 20 a\u00f1os<\/strong><\/li>\n\n\n\n<li><strong>Sistema de Compresi\u00f3n de Boil-off: 20 a\u00f1os<\/strong><\/li>\n\n\n\n<li><strong>Sist. de Antorcha\/Combustor Planta de GNL: 20 a\u00f1os<\/strong><\/li>\n\n\n\n<li><strong>Instalaciones carga\/descarga GNL en muelles: 20 a\u00f1os<\/strong><\/li>\n\n\n\n<li><strong>Cimentaciones y Obra Civil asociada a Tanques de GNL: 50 a\u00f1os<\/strong><\/li>\n\n\n\n<li><strong>Muelles y otras instalaciones de la Planta de GNL: 50 a\u00f1os<\/strong><\/li>\n<\/ul>\n\n\n\n<p class=\"wp-block-paragraph\">Como se puede observar, <strong>existen instalaciones que pueden alcanzar una vida \u00fatil de hasta 50 a\u00f1os<\/strong>. Si tenemos en cuenta que desde que se decide construir la instalaci\u00f3n hasta que se construye pueden pasar <strong>3 a\u00f1os o m\u00e1s<\/strong>, podr\u00edamos estar hablando de <strong>una instalaci\u00f3n que comience a funcionar en el 2026 tiene elementos que pueden tener una vida regulatoria hasta el 2076<\/strong>.<\/p>\n\n\n\n<p class=\"wp-block-paragraph\">Si adem\u00e1s consideramos que el <strong>Gobierno de Canarias ha presentado su compromiso de descarbonizar las islas en el 2040<\/strong>, <strong>no entendemos c\u00f3mo podemos casar los leg\u00edtimos intereses empresariales de las empresas<\/strong>, la rentabilidad que l\u00f3gicamente persiguen las compa\u00f1\u00edas que inviertan en instalaciones de gas natural en Canarias, <strong>con el compromiso comentado<\/strong>.<\/p>\n\n\n\n<p class=\"wp-block-paragraph\">Esta es la raz\u00f3n fundamental por la que desde el <strong>\u201cFrente contra el Gas\u201d<\/strong> nos oponemos a que el <strong>gas natural sea incorporado al mix energ\u00e9tico de las islas<\/strong>, dado que <strong>supondr\u00e1 una hipoteca de futuro para nuestra descarbonizaci\u00f3n<\/strong> y un <strong>par\u00f3n inaceptable en la penetraci\u00f3n de las renovables<\/strong> en nuestro sistema productivo.<\/p>\n\n\n\n<p class=\"wp-block-paragraph\">Nosotros consideramos que <strong>tecnolog\u00edas como la e\u00f3lica, la fotovoltaica o la geotermia de alta entalp\u00eda<\/strong>, entre otras, <strong>tienen la madurez necesaria para ser consideradas herramientas perfectamente viables para comandar nuestro sistema energ\u00e9tico<\/strong>, adem\u00e1s de ser <strong>la punta de lanza que podr\u00e1 introducir un elemento tan importante como el hidr\u00f3geno verde<\/strong>, porque no olvidemos que, <strong>hasta que no tengamos un parque renovable lo suficientemente robusto, no podremos comenzar la fabricaci\u00f3n de este vector energ\u00e9tico<\/strong>, <strong>fundamental para un futuro sostenible<\/strong>.<\/p>\n\n\n\n<hr class=\"wp-block-separator has-alpha-channel-opacity\"\/>\n\n\n\n<p class=\"wp-block-paragraph\"><\/p>\n","protected":false},"excerpt":{"rendered":"<p>Cualquier proyecto empresarial que se precie parte de una premisa fundamental, la rentabilidad debe de ser la adecuada para que el proyecto en cuesti\u00f3n sea viable. En esta rentabilidad intervienen dos factores importantes, el tiempo de retorno de la inversi\u00f3n y el tiempo que mantiene la productividad el producto o servicio proyectado. Si al segundo [&hellip;]<\/p>\n","protected":false},"author":1,"featured_media":368,"comment_status":"open","ping_status":"open","sticky":false,"template":"","format":"standard","meta":{"footnotes":""},"categories":[47,33],"tags":[],"class_list":["post-338","post","type-post","status-publish","format-standard","has-post-thumbnail","category-g_legislacion","category-gnl"],"yoast_head":"<!-- This site is optimized with the Yoast SEO plugin v28.2 - https:\/\/yoast.com\/product\/yoast-seo-wordpress\/ -->\n<title>Vida \u00fatil regulatoria - Salto Ecol\u00f3gico<\/title>\n<meta name=\"robots\" content=\"index, follow, max-snippet:-1, max-image-preview:large, max-video-preview:-1\" \/>\n<link rel=\"canonical\" href=\"https:\/\/saltoecologico.es\/index.php\/2022\/05\/15\/vida-util-regulatoria\/\" \/>\n<meta property=\"og:locale\" content=\"es_ES\" \/>\n<meta property=\"og:type\" content=\"article\" \/>\n<meta property=\"og:title\" content=\"Vida \u00fatil regulatoria - Salto Ecol\u00f3gico\" \/>\n<meta property=\"og:description\" content=\"Cualquier proyecto empresarial que se precie parte de una premisa fundamental, la rentabilidad debe de ser la adecuada para que el proyecto en cuesti\u00f3n sea viable. En esta rentabilidad intervienen dos factores importantes, el tiempo de retorno de la inversi\u00f3n y el tiempo que mantiene la productividad el producto o servicio proyectado. Si al segundo [&hellip;]\" \/>\n<meta property=\"og:url\" content=\"https:\/\/saltoecologico.es\/index.php\/2022\/05\/15\/vida-util-regulatoria\/\" \/>\n<meta property=\"og:site_name\" content=\"Salto Ecol\u00f3gico\" \/>\n<meta property=\"article:publisher\" content=\"https:\/\/www.facebook.com\/Saltotransicionecologica\" \/>\n<meta property=\"article:published_time\" content=\"2022-05-15T16:49:00+00:00\" \/>\n<meta property=\"article:modified_time\" content=\"2025-04-13T07:59:41+00:00\" \/>\n<meta property=\"og:image\" content=\"https:\/\/saltoecologico.es\/wp-content\/uploads\/2022\/05\/Manifestacion-jovenes-1.jpg\" \/>\n\t<meta property=\"og:image:width\" content=\"720\" \/>\n\t<meta property=\"og:image:height\" content=\"833\" \/>\n\t<meta property=\"og:image:type\" content=\"image\/jpeg\" \/>\n<meta name=\"author\" content=\"admin\" \/>\n<meta name=\"twitter:card\" content=\"summary_large_image\" \/>\n<meta name=\"twitter:label1\" content=\"Escrito por\" \/>\n\t<meta name=\"twitter:data1\" content=\"admin\" \/>\n\t<meta name=\"twitter:label2\" content=\"Tiempo de lectura\" \/>\n\t<meta name=\"twitter:data2\" content=\"3 minutos\" \/>\n<script type=\"application\/ld+json\" class=\"yoast-schema-graph\">{\"@context\":\"https:\\\/\\\/schema.org\",\"@graph\":[{\"@type\":\"Article\",\"@id\":\"https:\\\/\\\/saltoecologico.es\\\/index.php\\\/2022\\\/05\\\/15\\\/vida-util-regulatoria\\\/#article\",\"isPartOf\":{\"@id\":\"https:\\\/\\\/saltoecologico.es\\\/index.php\\\/2022\\\/05\\\/15\\\/vida-util-regulatoria\\\/\"},\"author\":{\"name\":\"admin\",\"@id\":\"https:\\\/\\\/saltoecologico.es\\\/#\\\/schema\\\/person\\\/7175eec4b3c123d86c675313c3a01a0b\"},\"headline\":\"Vida \u00fatil regulatoria\",\"datePublished\":\"2022-05-15T16:49:00+00:00\",\"dateModified\":\"2025-04-13T07:59:41+00:00\",\"mainEntityOfPage\":{\"@id\":\"https:\\\/\\\/saltoecologico.es\\\/index.php\\\/2022\\\/05\\\/15\\\/vida-util-regulatoria\\\/\"},\"wordCount\":510,\"commentCount\":0,\"publisher\":{\"@id\":\"https:\\\/\\\/saltoecologico.es\\\/#organization\"},\"image\":{\"@id\":\"https:\\\/\\\/saltoecologico.es\\\/index.php\\\/2022\\\/05\\\/15\\\/vida-util-regulatoria\\\/#primaryimage\"},\"thumbnailUrl\":\"https:\\\/\\\/saltoecologico.es\\\/wp-content\\\/uploads\\\/2022\\\/05\\\/Manifestacion-jovenes-1.jpg\",\"articleSection\":[\"G_Legislaci\u00f3n\",\"GNL\"],\"inLanguage\":\"es\",\"potentialAction\":[{\"@type\":\"CommentAction\",\"name\":\"Comment\",\"target\":[\"https:\\\/\\\/saltoecologico.es\\\/index.php\\\/2022\\\/05\\\/15\\\/vida-util-regulatoria\\\/#respond\"]}]},{\"@type\":\"WebPage\",\"@id\":\"https:\\\/\\\/saltoecologico.es\\\/index.php\\\/2022\\\/05\\\/15\\\/vida-util-regulatoria\\\/\",\"url\":\"https:\\\/\\\/saltoecologico.es\\\/index.php\\\/2022\\\/05\\\/15\\\/vida-util-regulatoria\\\/\",\"name\":\"Vida \u00fatil regulatoria - Salto Ecol\u00f3gico\",\"isPartOf\":{\"@id\":\"https:\\\/\\\/saltoecologico.es\\\/#website\"},\"primaryImageOfPage\":{\"@id\":\"https:\\\/\\\/saltoecologico.es\\\/index.php\\\/2022\\\/05\\\/15\\\/vida-util-regulatoria\\\/#primaryimage\"},\"image\":{\"@id\":\"https:\\\/\\\/saltoecologico.es\\\/index.php\\\/2022\\\/05\\\/15\\\/vida-util-regulatoria\\\/#primaryimage\"},\"thumbnailUrl\":\"https:\\\/\\\/saltoecologico.es\\\/wp-content\\\/uploads\\\/2022\\\/05\\\/Manifestacion-jovenes-1.jpg\",\"datePublished\":\"2022-05-15T16:49:00+00:00\",\"dateModified\":\"2025-04-13T07:59:41+00:00\",\"breadcrumb\":{\"@id\":\"https:\\\/\\\/saltoecologico.es\\\/index.php\\\/2022\\\/05\\\/15\\\/vida-util-regulatoria\\\/#breadcrumb\"},\"inLanguage\":\"es\",\"potentialAction\":[{\"@type\":\"ReadAction\",\"target\":[\"https:\\\/\\\/saltoecologico.es\\\/index.php\\\/2022\\\/05\\\/15\\\/vida-util-regulatoria\\\/\"]}]},{\"@type\":\"ImageObject\",\"inLanguage\":\"es\",\"@id\":\"https:\\\/\\\/saltoecologico.es\\\/index.php\\\/2022\\\/05\\\/15\\\/vida-util-regulatoria\\\/#primaryimage\",\"url\":\"https:\\\/\\\/saltoecologico.es\\\/wp-content\\\/uploads\\\/2022\\\/05\\\/Manifestacion-jovenes-1.jpg\",\"contentUrl\":\"https:\\\/\\\/saltoecologico.es\\\/wp-content\\\/uploads\\\/2022\\\/05\\\/Manifestacion-jovenes-1.jpg\",\"width\":720,\"height\":833},{\"@type\":\"BreadcrumbList\",\"@id\":\"https:\\\/\\\/saltoecologico.es\\\/index.php\\\/2022\\\/05\\\/15\\\/vida-util-regulatoria\\\/#breadcrumb\",\"itemListElement\":[{\"@type\":\"ListItem\",\"position\":1,\"name\":\"Portada\",\"item\":\"https:\\\/\\\/saltoecologico.es\\\/\"},{\"@type\":\"ListItem\",\"position\":2,\"name\":\"Vida \u00fatil regulatoria\"}]},{\"@type\":\"WebSite\",\"@id\":\"https:\\\/\\\/saltoecologico.es\\\/#website\",\"url\":\"https:\\\/\\\/saltoecologico.es\\\/\",\"name\":\"Salto Ecol\u00f3gico\",\"description\":\"\",\"publisher\":{\"@id\":\"https:\\\/\\\/saltoecologico.es\\\/#organization\"},\"potentialAction\":[{\"@type\":\"SearchAction\",\"target\":{\"@type\":\"EntryPoint\",\"urlTemplate\":\"https:\\\/\\\/saltoecologico.es\\\/?s={search_term_string}\"},\"query-input\":{\"@type\":\"PropertyValueSpecification\",\"valueRequired\":true,\"valueName\":\"search_term_string\"}}],\"inLanguage\":\"es\"},{\"@type\":\"Organization\",\"@id\":\"https:\\\/\\\/saltoecologico.es\\\/#organization\",\"name\":\"Salto a la Transici\u00f3n Ecol\u00f3gica\",\"url\":\"https:\\\/\\\/saltoecologico.es\\\/\",\"logo\":{\"@type\":\"ImageObject\",\"inLanguage\":\"es\",\"@id\":\"https:\\\/\\\/saltoecologico.es\\\/#\\\/schema\\\/logo\\\/image\\\/\",\"url\":\"https:\\\/\\\/saltoecologico.es\\\/wp-content\\\/uploads\\\/2025\\\/04\\\/Logo-STE.jpg\",\"contentUrl\":\"https:\\\/\\\/saltoecologico.es\\\/wp-content\\\/uploads\\\/2025\\\/04\\\/Logo-STE.jpg\",\"width\":435,\"height\":435,\"caption\":\"Salto a la Transici\u00f3n Ecol\u00f3gica\"},\"image\":{\"@id\":\"https:\\\/\\\/saltoecologico.es\\\/#\\\/schema\\\/logo\\\/image\\\/\"},\"sameAs\":[\"https:\\\/\\\/www.facebook.com\\\/Saltotransicionecologica\"]},{\"@type\":\"Person\",\"@id\":\"https:\\\/\\\/saltoecologico.es\\\/#\\\/schema\\\/person\\\/7175eec4b3c123d86c675313c3a01a0b\",\"name\":\"admin\",\"image\":{\"@type\":\"ImageObject\",\"inLanguage\":\"es\",\"@id\":\"https:\\\/\\\/secure.gravatar.com\\\/avatar\\\/4c215dc57bbc7b2f2f470ac9bd197f3f112636a584e575a732d0206a2d9c9806?s=96&d=mm&r=g\",\"url\":\"https:\\\/\\\/secure.gravatar.com\\\/avatar\\\/4c215dc57bbc7b2f2f470ac9bd197f3f112636a584e575a732d0206a2d9c9806?s=96&d=mm&r=g\",\"contentUrl\":\"https:\\\/\\\/secure.gravatar.com\\\/avatar\\\/4c215dc57bbc7b2f2f470ac9bd197f3f112636a584e575a732d0206a2d9c9806?s=96&d=mm&r=g\",\"caption\":\"admin\"},\"sameAs\":[\"https:\\\/\\\/saltoecologico.es\"],\"url\":\"https:\\\/\\\/saltoecologico.es\\\/index.php\\\/author\\\/saltoecologico\\\/\"}]}<\/script>\n<!-- \/ Yoast SEO plugin. -->","yoast_head_json":{"title":"Vida \u00fatil regulatoria - Salto Ecol\u00f3gico","robots":{"index":"index","follow":"follow","max-snippet":"max-snippet:-1","max-image-preview":"max-image-preview:large","max-video-preview":"max-video-preview:-1"},"canonical":"https:\/\/saltoecologico.es\/index.php\/2022\/05\/15\/vida-util-regulatoria\/","og_locale":"es_ES","og_type":"article","og_title":"Vida \u00fatil regulatoria - Salto Ecol\u00f3gico","og_description":"Cualquier proyecto empresarial que se precie parte de una premisa fundamental, la rentabilidad debe de ser la adecuada para que el proyecto en cuesti\u00f3n sea viable. En esta rentabilidad intervienen dos factores importantes, el tiempo de retorno de la inversi\u00f3n y el tiempo que mantiene la productividad el producto o servicio proyectado. Si al segundo [&hellip;]","og_url":"https:\/\/saltoecologico.es\/index.php\/2022\/05\/15\/vida-util-regulatoria\/","og_site_name":"Salto Ecol\u00f3gico","article_publisher":"https:\/\/www.facebook.com\/Saltotransicionecologica","article_published_time":"2022-05-15T16:49:00+00:00","article_modified_time":"2025-04-13T07:59:41+00:00","og_image":[{"width":720,"height":833,"url":"https:\/\/saltoecologico.es\/wp-content\/uploads\/2022\/05\/Manifestacion-jovenes-1.jpg","type":"image\/jpeg"}],"author":"admin","twitter_card":"summary_large_image","twitter_misc":{"Escrito por":"admin","Tiempo de lectura":"3 minutos"},"schema":{"@context":"https:\/\/schema.org","@graph":[{"@type":"Article","@id":"https:\/\/saltoecologico.es\/index.php\/2022\/05\/15\/vida-util-regulatoria\/#article","isPartOf":{"@id":"https:\/\/saltoecologico.es\/index.php\/2022\/05\/15\/vida-util-regulatoria\/"},"author":{"name":"admin","@id":"https:\/\/saltoecologico.es\/#\/schema\/person\/7175eec4b3c123d86c675313c3a01a0b"},"headline":"Vida \u00fatil regulatoria","datePublished":"2022-05-15T16:49:00+00:00","dateModified":"2025-04-13T07:59:41+00:00","mainEntityOfPage":{"@id":"https:\/\/saltoecologico.es\/index.php\/2022\/05\/15\/vida-util-regulatoria\/"},"wordCount":510,"commentCount":0,"publisher":{"@id":"https:\/\/saltoecologico.es\/#organization"},"image":{"@id":"https:\/\/saltoecologico.es\/index.php\/2022\/05\/15\/vida-util-regulatoria\/#primaryimage"},"thumbnailUrl":"https:\/\/saltoecologico.es\/wp-content\/uploads\/2022\/05\/Manifestacion-jovenes-1.jpg","articleSection":["G_Legislaci\u00f3n","GNL"],"inLanguage":"es","potentialAction":[{"@type":"CommentAction","name":"Comment","target":["https:\/\/saltoecologico.es\/index.php\/2022\/05\/15\/vida-util-regulatoria\/#respond"]}]},{"@type":"WebPage","@id":"https:\/\/saltoecologico.es\/index.php\/2022\/05\/15\/vida-util-regulatoria\/","url":"https:\/\/saltoecologico.es\/index.php\/2022\/05\/15\/vida-util-regulatoria\/","name":"Vida \u00fatil regulatoria - Salto Ecol\u00f3gico","isPartOf":{"@id":"https:\/\/saltoecologico.es\/#website"},"primaryImageOfPage":{"@id":"https:\/\/saltoecologico.es\/index.php\/2022\/05\/15\/vida-util-regulatoria\/#primaryimage"},"image":{"@id":"https:\/\/saltoecologico.es\/index.php\/2022\/05\/15\/vida-util-regulatoria\/#primaryimage"},"thumbnailUrl":"https:\/\/saltoecologico.es\/wp-content\/uploads\/2022\/05\/Manifestacion-jovenes-1.jpg","datePublished":"2022-05-15T16:49:00+00:00","dateModified":"2025-04-13T07:59:41+00:00","breadcrumb":{"@id":"https:\/\/saltoecologico.es\/index.php\/2022\/05\/15\/vida-util-regulatoria\/#breadcrumb"},"inLanguage":"es","potentialAction":[{"@type":"ReadAction","target":["https:\/\/saltoecologico.es\/index.php\/2022\/05\/15\/vida-util-regulatoria\/"]}]},{"@type":"ImageObject","inLanguage":"es","@id":"https:\/\/saltoecologico.es\/index.php\/2022\/05\/15\/vida-util-regulatoria\/#primaryimage","url":"https:\/\/saltoecologico.es\/wp-content\/uploads\/2022\/05\/Manifestacion-jovenes-1.jpg","contentUrl":"https:\/\/saltoecologico.es\/wp-content\/uploads\/2022\/05\/Manifestacion-jovenes-1.jpg","width":720,"height":833},{"@type":"BreadcrumbList","@id":"https:\/\/saltoecologico.es\/index.php\/2022\/05\/15\/vida-util-regulatoria\/#breadcrumb","itemListElement":[{"@type":"ListItem","position":1,"name":"Portada","item":"https:\/\/saltoecologico.es\/"},{"@type":"ListItem","position":2,"name":"Vida \u00fatil regulatoria"}]},{"@type":"WebSite","@id":"https:\/\/saltoecologico.es\/#website","url":"https:\/\/saltoecologico.es\/","name":"Salto Ecol\u00f3gico","description":"","publisher":{"@id":"https:\/\/saltoecologico.es\/#organization"},"potentialAction":[{"@type":"SearchAction","target":{"@type":"EntryPoint","urlTemplate":"https:\/\/saltoecologico.es\/?s={search_term_string}"},"query-input":{"@type":"PropertyValueSpecification","valueRequired":true,"valueName":"search_term_string"}}],"inLanguage":"es"},{"@type":"Organization","@id":"https:\/\/saltoecologico.es\/#organization","name":"Salto a la Transici\u00f3n Ecol\u00f3gica","url":"https:\/\/saltoecologico.es\/","logo":{"@type":"ImageObject","inLanguage":"es","@id":"https:\/\/saltoecologico.es\/#\/schema\/logo\/image\/","url":"https:\/\/saltoecologico.es\/wp-content\/uploads\/2025\/04\/Logo-STE.jpg","contentUrl":"https:\/\/saltoecologico.es\/wp-content\/uploads\/2025\/04\/Logo-STE.jpg","width":435,"height":435,"caption":"Salto a la Transici\u00f3n Ecol\u00f3gica"},"image":{"@id":"https:\/\/saltoecologico.es\/#\/schema\/logo\/image\/"},"sameAs":["https:\/\/www.facebook.com\/Saltotransicionecologica"]},{"@type":"Person","@id":"https:\/\/saltoecologico.es\/#\/schema\/person\/7175eec4b3c123d86c675313c3a01a0b","name":"admin","image":{"@type":"ImageObject","inLanguage":"es","@id":"https:\/\/secure.gravatar.com\/avatar\/4c215dc57bbc7b2f2f470ac9bd197f3f112636a584e575a732d0206a2d9c9806?s=96&d=mm&r=g","url":"https:\/\/secure.gravatar.com\/avatar\/4c215dc57bbc7b2f2f470ac9bd197f3f112636a584e575a732d0206a2d9c9806?s=96&d=mm&r=g","contentUrl":"https:\/\/secure.gravatar.com\/avatar\/4c215dc57bbc7b2f2f470ac9bd197f3f112636a584e575a732d0206a2d9c9806?s=96&d=mm&r=g","caption":"admin"},"sameAs":["https:\/\/saltoecologico.es"],"url":"https:\/\/saltoecologico.es\/index.php\/author\/saltoecologico\/"}]}},"_links":{"self":[{"href":"https:\/\/saltoecologico.es\/index.php\/wp-json\/wp\/v2\/posts\/338","targetHints":{"allow":["GET"]}}],"collection":[{"href":"https:\/\/saltoecologico.es\/index.php\/wp-json\/wp\/v2\/posts"}],"about":[{"href":"https:\/\/saltoecologico.es\/index.php\/wp-json\/wp\/v2\/types\/post"}],"author":[{"embeddable":true,"href":"https:\/\/saltoecologico.es\/index.php\/wp-json\/wp\/v2\/users\/1"}],"replies":[{"embeddable":true,"href":"https:\/\/saltoecologico.es\/index.php\/wp-json\/wp\/v2\/comments?post=338"}],"version-history":[{"count":1,"href":"https:\/\/saltoecologico.es\/index.php\/wp-json\/wp\/v2\/posts\/338\/revisions"}],"predecessor-version":[{"id":339,"href":"https:\/\/saltoecologico.es\/index.php\/wp-json\/wp\/v2\/posts\/338\/revisions\/339"}],"wp:featuredmedia":[{"embeddable":true,"href":"https:\/\/saltoecologico.es\/index.php\/wp-json\/wp\/v2\/media\/368"}],"wp:attachment":[{"href":"https:\/\/saltoecologico.es\/index.php\/wp-json\/wp\/v2\/media?parent=338"}],"wp:term":[{"taxonomy":"category","embeddable":true,"href":"https:\/\/saltoecologico.es\/index.php\/wp-json\/wp\/v2\/categories?post=338"},{"taxonomy":"post_tag","embeddable":true,"href":"https:\/\/saltoecologico.es\/index.php\/wp-json\/wp\/v2\/tags?post=338"}],"curies":[{"name":"wp","href":"https:\/\/api.w.org\/{rel}","templated":true}]}}