{"id":340,"date":"2022-05-15T16:55:00","date_gmt":"2022-05-15T16:55:00","guid":{"rendered":"https:\/\/saltoecologico.es\/?p=340"},"modified":"2025-04-13T08:01:14","modified_gmt":"2025-04-13T08:01:14","slug":"sin-autorizacion-administrativa","status":"publish","type":"post","link":"https:\/\/saltoecologico.es\/index.php\/2022\/05\/15\/sin-autorizacion-administrativa\/","title":{"rendered":"Sin autorizaci\u00f3n administrativa"},"content":{"rendered":"\n<p class=\"wp-block-paragraph\">El <strong>29 de marzo<\/strong> se publica en el <strong>BOE un real decreto ley<\/strong> en el que, entre otras cosas, <strong>se elimina la autorizaci\u00f3n administrativa para las plantas de regasificaci\u00f3n de Canarias<\/strong> destinadas a generaci\u00f3n el\u00e9ctrica o alimentaci\u00f3n a buques y puertos. El <strong>13 de mayo<\/strong> vemos publicado en el mismo organismo, otro real decreto, que en teor\u00eda pareciera que quisiera enmendar lo expuesto en el primero, al ligar el redactado de aquel \u201c<strong>a los objetivos y fines en materia de transici\u00f3n energ\u00e9tica que establezcan, para Canarias, la Administraci\u00f3n General del Estado y la administraci\u00f3n de la Comunidad Aut\u00f3noma de Canarias, en el \u00e1mbito de sus respectivas competencias<\/strong>\u201d.<\/p>\n\n\n\n<p class=\"wp-block-paragraph\">Si uno se lee detenidamente la <strong>Ley Org\u00e1nica 1\/2018, de 5 de noviembre, de reforma del Estatuto de Autonom\u00eda de Canarias<\/strong>, buscando alguna referencia al <strong>\u201cgas\u201d<\/strong> se encuentra que este t\u00e9rmino, <strong>no aparece en ninguna parte<\/strong>, quedando <strong>taxativamente demostrado que el legislador no solo no consider\u00f3 oportuno regularlo, sino que no crey\u00f3 oportuno ni mencionarlo<\/strong>. Es en el <strong>art\u00edculo 163 de Energ\u00eda, hidrocarburos y minas<\/strong> donde los autores dan algunas pinceladas a este tema, concretamente en el punto 2, con el siguiente literal:<br>\u201c<strong>2. La Administraci\u00f3n de la Comunidad Aut\u00f3noma de Canarias participar\u00e1 en la regulaci\u00f3n y planificaci\u00f3n estatal del sector de la energ\u00eda que afecte a Canarias<\/strong>\u201d.<\/p>\n\n\n\n<p class=\"wp-block-paragraph\">Por otro lado, la <strong>Ley 34\/1998, de 7 de octubre, del sector de hidrocarburos<\/strong>, recoge en el <strong>punto 2 de su art\u00edculo 4<\/strong>, el siguiente texto:<br>\u201c<strong>2. La planificaci\u00f3n en materia de hidrocarburos ser\u00e1 realizada por el Gobierno con la participaci\u00f3n de las Comunidades Aut\u00f3nomas y ser\u00e1 presentada al Congreso de los Diputados<\/strong>\u201d.<\/p>\n\n\n\n<p class=\"wp-block-paragraph\">En ambos casos <strong>se deja patente que la Comunidad Aut\u00f3noma \u201csolo participar\u00e1\u201d en la planificaci\u00f3n y regulaci\u00f3n en el sector de la energ\u00eda<\/strong>, siendo el <strong>principal responsable el Estado<\/strong>.<\/p>\n\n\n\n<p class=\"wp-block-paragraph\">Si esto es as\u00ed de n\u00edtido, <strong>nos parece una aut\u00e9ntica tomadura de pelo la reforma de la Disposici\u00f3n adicional cuarta del RDL 10\/2022, de 13 de mayo<\/strong>, porque al cerrarla con la coletilla <strong>\u201cen el \u00e1mbito de sus respectivas competencias\u201d<\/strong> y que ya hemos visto lo que significa, es <strong>todo un brindis al sol<\/strong> el mencionar a la Comunidad Aut\u00f3noma de Canarias, <strong>en un texto vac\u00edo y sin repercusi\u00f3n normativa<\/strong>.<\/p>\n\n\n\n<p class=\"wp-block-paragraph\">En definitiva, <strong>queda totalmente vigente la eliminaci\u00f3n de la autorizaci\u00f3n administrativa para las regasificadoras en Canarias<\/strong> destinadas al suministro de generaci\u00f3n el\u00e9ctrica, puertos y buques.<\/p>\n\n\n\n<p class=\"wp-block-paragraph\">El <strong>Foro Canario contra el Gas<\/strong>, que recoge las aspiraciones de muchos <strong>ecologistas y otras fuerzas vivas y pol\u00edticas canarias<\/strong>, <strong>se opone frontalmente a esta pretensi\u00f3n<\/strong> porque <strong>aspiramos a un modelo energ\u00e9tico canario basado exclusivamente en energ\u00edas renovables<\/strong>, y <strong>consideramos que permitir la penetraci\u00f3n del gas retrasar\u00eda de forma indefinida la transici\u00f3n al mismo<\/strong>.<\/p>\n\n\n\n<p class=\"wp-block-paragraph\">Por todo lo anterior, <strong>pedimos a las fuerzas pol\u00edticas con representaci\u00f3n en el Congreso de los Diputados<\/strong>, que consideren que lo publicado ayer en el BOE <strong>deja abierta la puerta a gasificar las islas<\/strong>, y que estando abierto el <strong>plazo de presentaci\u00f3n de enmiendas al Decreto 6\/2022<\/strong>, que <strong>se cierra el pr\u00f3ximo mi\u00e9rcoles<\/strong> y tal como ten\u00edan previsto, <strong>las presenten enmendando todo aquello referente a Canarias de la Disposici\u00f3n final cuarta<\/strong>.<\/p>\n\n\n\n<hr class=\"wp-block-separator has-alpha-channel-opacity\"\/>\n\n\n\n<p class=\"wp-block-paragraph\"><\/p>\n","protected":false},"excerpt":{"rendered":"<p>El 29 de marzo se publica en el BOE un real decreto ley en el que, entre otras cosas, se elimina la autorizaci\u00f3n administrativa para las plantas de regasificaci\u00f3n de Canarias destinadas a generaci\u00f3n el\u00e9ctrica o alimentaci\u00f3n a buques y puertos. El 13 de mayo vemos publicado en el mismo organismo, otro real decreto, que [&hellip;]<\/p>\n","protected":false},"author":1,"featured_media":367,"comment_status":"open","ping_status":"open","sticky":false,"template":"","format":"standard","meta":{"footnotes":""},"categories":[47,33],"tags":[],"class_list":["post-340","post","type-post","status-publish","format-standard","has-post-thumbnail","category-g_legislacion","category-gnl"],"yoast_head":"<!-- This site is optimized with the Yoast SEO plugin v28.2 - https:\/\/yoast.com\/product\/yoast-seo-wordpress\/ -->\n<title>Sin autorizaci\u00f3n administrativa - Salto Ecol\u00f3gico<\/title>\n<meta name=\"robots\" content=\"index, follow, max-snippet:-1, max-image-preview:large, max-video-preview:-1\" \/>\n<link rel=\"canonical\" href=\"https:\/\/saltoecologico.es\/index.php\/2022\/05\/15\/sin-autorizacion-administrativa\/\" \/>\n<meta property=\"og:locale\" content=\"es_ES\" \/>\n<meta property=\"og:type\" content=\"article\" \/>\n<meta property=\"og:title\" content=\"Sin autorizaci\u00f3n administrativa - Salto Ecol\u00f3gico\" \/>\n<meta property=\"og:description\" content=\"El 29 de marzo se publica en el BOE un real decreto ley en el que, entre otras cosas, se elimina la autorizaci\u00f3n administrativa para las plantas de regasificaci\u00f3n de Canarias destinadas a generaci\u00f3n el\u00e9ctrica o alimentaci\u00f3n a buques y puertos. El 13 de mayo vemos publicado en el mismo organismo, otro real decreto, que [&hellip;]\" \/>\n<meta property=\"og:url\" content=\"https:\/\/saltoecologico.es\/index.php\/2022\/05\/15\/sin-autorizacion-administrativa\/\" \/>\n<meta property=\"og:site_name\" content=\"Salto Ecol\u00f3gico\" \/>\n<meta property=\"article:publisher\" content=\"https:\/\/www.facebook.com\/Saltotransicionecologica\" \/>\n<meta property=\"article:published_time\" content=\"2022-05-15T16:55:00+00:00\" \/>\n<meta property=\"article:modified_time\" content=\"2025-04-13T08:01:14+00:00\" \/>\n<meta property=\"og:image\" content=\"https:\/\/saltoecologico.es\/wp-content\/uploads\/2022\/05\/Gas-natural.jpg\" \/>\n\t<meta property=\"og:image:width\" content=\"1024\" \/>\n\t<meta property=\"og:image:height\" content=\"642\" \/>\n\t<meta property=\"og:image:type\" content=\"image\/jpeg\" \/>\n<meta name=\"author\" content=\"admin\" \/>\n<meta name=\"twitter:card\" content=\"summary_large_image\" \/>\n<meta name=\"twitter:label1\" content=\"Escrito por\" \/>\n\t<meta name=\"twitter:data1\" content=\"admin\" \/>\n\t<meta name=\"twitter:label2\" content=\"Tiempo de lectura\" \/>\n\t<meta name=\"twitter:data2\" content=\"3 minutos\" \/>\n<script type=\"application\/ld+json\" class=\"yoast-schema-graph\">{\"@context\":\"https:\\\/\\\/schema.org\",\"@graph\":[{\"@type\":\"Article\",\"@id\":\"https:\\\/\\\/saltoecologico.es\\\/index.php\\\/2022\\\/05\\\/15\\\/sin-autorizacion-administrativa\\\/#article\",\"isPartOf\":{\"@id\":\"https:\\\/\\\/saltoecologico.es\\\/index.php\\\/2022\\\/05\\\/15\\\/sin-autorizacion-administrativa\\\/\"},\"author\":{\"name\":\"admin\",\"@id\":\"https:\\\/\\\/saltoecologico.es\\\/#\\\/schema\\\/person\\\/7175eec4b3c123d86c675313c3a01a0b\"},\"headline\":\"Sin autorizaci\u00f3n administrativa\",\"datePublished\":\"2022-05-15T16:55:00+00:00\",\"dateModified\":\"2025-04-13T08:01:14+00:00\",\"mainEntityOfPage\":{\"@id\":\"https:\\\/\\\/saltoecologico.es\\\/index.php\\\/2022\\\/05\\\/15\\\/sin-autorizacion-administrativa\\\/\"},\"wordCount\":559,\"commentCount\":0,\"publisher\":{\"@id\":\"https:\\\/\\\/saltoecologico.es\\\/#organization\"},\"image\":{\"@id\":\"https:\\\/\\\/saltoecologico.es\\\/index.php\\\/2022\\\/05\\\/15\\\/sin-autorizacion-administrativa\\\/#primaryimage\"},\"thumbnailUrl\":\"https:\\\/\\\/saltoecologico.es\\\/wp-content\\\/uploads\\\/2022\\\/05\\\/Gas-natural.jpg\",\"articleSection\":[\"G_Legislaci\u00f3n\",\"GNL\"],\"inLanguage\":\"es\",\"potentialAction\":[{\"@type\":\"CommentAction\",\"name\":\"Comment\",\"target\":[\"https:\\\/\\\/saltoecologico.es\\\/index.php\\\/2022\\\/05\\\/15\\\/sin-autorizacion-administrativa\\\/#respond\"]}]},{\"@type\":\"WebPage\",\"@id\":\"https:\\\/\\\/saltoecologico.es\\\/index.php\\\/2022\\\/05\\\/15\\\/sin-autorizacion-administrativa\\\/\",\"url\":\"https:\\\/\\\/saltoecologico.es\\\/index.php\\\/2022\\\/05\\\/15\\\/sin-autorizacion-administrativa\\\/\",\"name\":\"Sin autorizaci\u00f3n administrativa - Salto Ecol\u00f3gico\",\"isPartOf\":{\"@id\":\"https:\\\/\\\/saltoecologico.es\\\/#website\"},\"primaryImageOfPage\":{\"@id\":\"https:\\\/\\\/saltoecologico.es\\\/index.php\\\/2022\\\/05\\\/15\\\/sin-autorizacion-administrativa\\\/#primaryimage\"},\"image\":{\"@id\":\"https:\\\/\\\/saltoecologico.es\\\/index.php\\\/2022\\\/05\\\/15\\\/sin-autorizacion-administrativa\\\/#primaryimage\"},\"thumbnailUrl\":\"https:\\\/\\\/saltoecologico.es\\\/wp-content\\\/uploads\\\/2022\\\/05\\\/Gas-natural.jpg\",\"datePublished\":\"2022-05-15T16:55:00+00:00\",\"dateModified\":\"2025-04-13T08:01:14+00:00\",\"breadcrumb\":{\"@id\":\"https:\\\/\\\/saltoecologico.es\\\/index.php\\\/2022\\\/05\\\/15\\\/sin-autorizacion-administrativa\\\/#breadcrumb\"},\"inLanguage\":\"es\",\"potentialAction\":[{\"@type\":\"ReadAction\",\"target\":[\"https:\\\/\\\/saltoecologico.es\\\/index.php\\\/2022\\\/05\\\/15\\\/sin-autorizacion-administrativa\\\/\"]}]},{\"@type\":\"ImageObject\",\"inLanguage\":\"es\",\"@id\":\"https:\\\/\\\/saltoecologico.es\\\/index.php\\\/2022\\\/05\\\/15\\\/sin-autorizacion-administrativa\\\/#primaryimage\",\"url\":\"https:\\\/\\\/saltoecologico.es\\\/wp-content\\\/uploads\\\/2022\\\/05\\\/Gas-natural.jpg\",\"contentUrl\":\"https:\\\/\\\/saltoecologico.es\\\/wp-content\\\/uploads\\\/2022\\\/05\\\/Gas-natural.jpg\",\"width\":1024,\"height\":642,\"caption\":\"Huge tanks for LNG or liquid natural gas, in the rotterdam harbour\"},{\"@type\":\"BreadcrumbList\",\"@id\":\"https:\\\/\\\/saltoecologico.es\\\/index.php\\\/2022\\\/05\\\/15\\\/sin-autorizacion-administrativa\\\/#breadcrumb\",\"itemListElement\":[{\"@type\":\"ListItem\",\"position\":1,\"name\":\"Portada\",\"item\":\"https:\\\/\\\/saltoecologico.es\\\/\"},{\"@type\":\"ListItem\",\"position\":2,\"name\":\"Sin autorizaci\u00f3n administrativa\"}]},{\"@type\":\"WebSite\",\"@id\":\"https:\\\/\\\/saltoecologico.es\\\/#website\",\"url\":\"https:\\\/\\\/saltoecologico.es\\\/\",\"name\":\"Salto Ecol\u00f3gico\",\"description\":\"\",\"publisher\":{\"@id\":\"https:\\\/\\\/saltoecologico.es\\\/#organization\"},\"potentialAction\":[{\"@type\":\"SearchAction\",\"target\":{\"@type\":\"EntryPoint\",\"urlTemplate\":\"https:\\\/\\\/saltoecologico.es\\\/?s={search_term_string}\"},\"query-input\":{\"@type\":\"PropertyValueSpecification\",\"valueRequired\":true,\"valueName\":\"search_term_string\"}}],\"inLanguage\":\"es\"},{\"@type\":\"Organization\",\"@id\":\"https:\\\/\\\/saltoecologico.es\\\/#organization\",\"name\":\"Salto a la Transici\u00f3n Ecol\u00f3gica\",\"url\":\"https:\\\/\\\/saltoecologico.es\\\/\",\"logo\":{\"@type\":\"ImageObject\",\"inLanguage\":\"es\",\"@id\":\"https:\\\/\\\/saltoecologico.es\\\/#\\\/schema\\\/logo\\\/image\\\/\",\"url\":\"https:\\\/\\\/saltoecologico.es\\\/wp-content\\\/uploads\\\/2025\\\/04\\\/Logo-STE.jpg\",\"contentUrl\":\"https:\\\/\\\/saltoecologico.es\\\/wp-content\\\/uploads\\\/2025\\\/04\\\/Logo-STE.jpg\",\"width\":435,\"height\":435,\"caption\":\"Salto a la Transici\u00f3n Ecol\u00f3gica\"},\"image\":{\"@id\":\"https:\\\/\\\/saltoecologico.es\\\/#\\\/schema\\\/logo\\\/image\\\/\"},\"sameAs\":[\"https:\\\/\\\/www.facebook.com\\\/Saltotransicionecologica\"]},{\"@type\":\"Person\",\"@id\":\"https:\\\/\\\/saltoecologico.es\\\/#\\\/schema\\\/person\\\/7175eec4b3c123d86c675313c3a01a0b\",\"name\":\"admin\",\"image\":{\"@type\":\"ImageObject\",\"inLanguage\":\"es\",\"@id\":\"https:\\\/\\\/secure.gravatar.com\\\/avatar\\\/4c215dc57bbc7b2f2f470ac9bd197f3f112636a584e575a732d0206a2d9c9806?s=96&d=mm&r=g\",\"url\":\"https:\\\/\\\/secure.gravatar.com\\\/avatar\\\/4c215dc57bbc7b2f2f470ac9bd197f3f112636a584e575a732d0206a2d9c9806?s=96&d=mm&r=g\",\"contentUrl\":\"https:\\\/\\\/secure.gravatar.com\\\/avatar\\\/4c215dc57bbc7b2f2f470ac9bd197f3f112636a584e575a732d0206a2d9c9806?s=96&d=mm&r=g\",\"caption\":\"admin\"},\"sameAs\":[\"https:\\\/\\\/saltoecologico.es\"],\"url\":\"https:\\\/\\\/saltoecologico.es\\\/index.php\\\/author\\\/saltoecologico\\\/\"}]}<\/script>\n<!-- \/ Yoast SEO plugin. -->","yoast_head_json":{"title":"Sin autorizaci\u00f3n administrativa - Salto Ecol\u00f3gico","robots":{"index":"index","follow":"follow","max-snippet":"max-snippet:-1","max-image-preview":"max-image-preview:large","max-video-preview":"max-video-preview:-1"},"canonical":"https:\/\/saltoecologico.es\/index.php\/2022\/05\/15\/sin-autorizacion-administrativa\/","og_locale":"es_ES","og_type":"article","og_title":"Sin autorizaci\u00f3n administrativa - Salto Ecol\u00f3gico","og_description":"El 29 de marzo se publica en el BOE un real decreto ley en el que, entre otras cosas, se elimina la autorizaci\u00f3n administrativa para las plantas de regasificaci\u00f3n de Canarias destinadas a generaci\u00f3n el\u00e9ctrica o alimentaci\u00f3n a buques y puertos. El 13 de mayo vemos publicado en el mismo organismo, otro real decreto, que [&hellip;]","og_url":"https:\/\/saltoecologico.es\/index.php\/2022\/05\/15\/sin-autorizacion-administrativa\/","og_site_name":"Salto Ecol\u00f3gico","article_publisher":"https:\/\/www.facebook.com\/Saltotransicionecologica","article_published_time":"2022-05-15T16:55:00+00:00","article_modified_time":"2025-04-13T08:01:14+00:00","og_image":[{"width":1024,"height":642,"url":"https:\/\/saltoecologico.es\/wp-content\/uploads\/2022\/05\/Gas-natural.jpg","type":"image\/jpeg"}],"author":"admin","twitter_card":"summary_large_image","twitter_misc":{"Escrito por":"admin","Tiempo de lectura":"3 minutos"},"schema":{"@context":"https:\/\/schema.org","@graph":[{"@type":"Article","@id":"https:\/\/saltoecologico.es\/index.php\/2022\/05\/15\/sin-autorizacion-administrativa\/#article","isPartOf":{"@id":"https:\/\/saltoecologico.es\/index.php\/2022\/05\/15\/sin-autorizacion-administrativa\/"},"author":{"name":"admin","@id":"https:\/\/saltoecologico.es\/#\/schema\/person\/7175eec4b3c123d86c675313c3a01a0b"},"headline":"Sin autorizaci\u00f3n administrativa","datePublished":"2022-05-15T16:55:00+00:00","dateModified":"2025-04-13T08:01:14+00:00","mainEntityOfPage":{"@id":"https:\/\/saltoecologico.es\/index.php\/2022\/05\/15\/sin-autorizacion-administrativa\/"},"wordCount":559,"commentCount":0,"publisher":{"@id":"https:\/\/saltoecologico.es\/#organization"},"image":{"@id":"https:\/\/saltoecologico.es\/index.php\/2022\/05\/15\/sin-autorizacion-administrativa\/#primaryimage"},"thumbnailUrl":"https:\/\/saltoecologico.es\/wp-content\/uploads\/2022\/05\/Gas-natural.jpg","articleSection":["G_Legislaci\u00f3n","GNL"],"inLanguage":"es","potentialAction":[{"@type":"CommentAction","name":"Comment","target":["https:\/\/saltoecologico.es\/index.php\/2022\/05\/15\/sin-autorizacion-administrativa\/#respond"]}]},{"@type":"WebPage","@id":"https:\/\/saltoecologico.es\/index.php\/2022\/05\/15\/sin-autorizacion-administrativa\/","url":"https:\/\/saltoecologico.es\/index.php\/2022\/05\/15\/sin-autorizacion-administrativa\/","name":"Sin autorizaci\u00f3n administrativa - Salto Ecol\u00f3gico","isPartOf":{"@id":"https:\/\/saltoecologico.es\/#website"},"primaryImageOfPage":{"@id":"https:\/\/saltoecologico.es\/index.php\/2022\/05\/15\/sin-autorizacion-administrativa\/#primaryimage"},"image":{"@id":"https:\/\/saltoecologico.es\/index.php\/2022\/05\/15\/sin-autorizacion-administrativa\/#primaryimage"},"thumbnailUrl":"https:\/\/saltoecologico.es\/wp-content\/uploads\/2022\/05\/Gas-natural.jpg","datePublished":"2022-05-15T16:55:00+00:00","dateModified":"2025-04-13T08:01:14+00:00","breadcrumb":{"@id":"https:\/\/saltoecologico.es\/index.php\/2022\/05\/15\/sin-autorizacion-administrativa\/#breadcrumb"},"inLanguage":"es","potentialAction":[{"@type":"ReadAction","target":["https:\/\/saltoecologico.es\/index.php\/2022\/05\/15\/sin-autorizacion-administrativa\/"]}]},{"@type":"ImageObject","inLanguage":"es","@id":"https:\/\/saltoecologico.es\/index.php\/2022\/05\/15\/sin-autorizacion-administrativa\/#primaryimage","url":"https:\/\/saltoecologico.es\/wp-content\/uploads\/2022\/05\/Gas-natural.jpg","contentUrl":"https:\/\/saltoecologico.es\/wp-content\/uploads\/2022\/05\/Gas-natural.jpg","width":1024,"height":642,"caption":"Huge tanks for LNG or liquid natural gas, in the rotterdam harbour"},{"@type":"BreadcrumbList","@id":"https:\/\/saltoecologico.es\/index.php\/2022\/05\/15\/sin-autorizacion-administrativa\/#breadcrumb","itemListElement":[{"@type":"ListItem","position":1,"name":"Portada","item":"https:\/\/saltoecologico.es\/"},{"@type":"ListItem","position":2,"name":"Sin autorizaci\u00f3n administrativa"}]},{"@type":"WebSite","@id":"https:\/\/saltoecologico.es\/#website","url":"https:\/\/saltoecologico.es\/","name":"Salto Ecol\u00f3gico","description":"","publisher":{"@id":"https:\/\/saltoecologico.es\/#organization"},"potentialAction":[{"@type":"SearchAction","target":{"@type":"EntryPoint","urlTemplate":"https:\/\/saltoecologico.es\/?s={search_term_string}"},"query-input":{"@type":"PropertyValueSpecification","valueRequired":true,"valueName":"search_term_string"}}],"inLanguage":"es"},{"@type":"Organization","@id":"https:\/\/saltoecologico.es\/#organization","name":"Salto a la Transici\u00f3n Ecol\u00f3gica","url":"https:\/\/saltoecologico.es\/","logo":{"@type":"ImageObject","inLanguage":"es","@id":"https:\/\/saltoecologico.es\/#\/schema\/logo\/image\/","url":"https:\/\/saltoecologico.es\/wp-content\/uploads\/2025\/04\/Logo-STE.jpg","contentUrl":"https:\/\/saltoecologico.es\/wp-content\/uploads\/2025\/04\/Logo-STE.jpg","width":435,"height":435,"caption":"Salto a la Transici\u00f3n Ecol\u00f3gica"},"image":{"@id":"https:\/\/saltoecologico.es\/#\/schema\/logo\/image\/"},"sameAs":["https:\/\/www.facebook.com\/Saltotransicionecologica"]},{"@type":"Person","@id":"https:\/\/saltoecologico.es\/#\/schema\/person\/7175eec4b3c123d86c675313c3a01a0b","name":"admin","image":{"@type":"ImageObject","inLanguage":"es","@id":"https:\/\/secure.gravatar.com\/avatar\/4c215dc57bbc7b2f2f470ac9bd197f3f112636a584e575a732d0206a2d9c9806?s=96&d=mm&r=g","url":"https:\/\/secure.gravatar.com\/avatar\/4c215dc57bbc7b2f2f470ac9bd197f3f112636a584e575a732d0206a2d9c9806?s=96&d=mm&r=g","contentUrl":"https:\/\/secure.gravatar.com\/avatar\/4c215dc57bbc7b2f2f470ac9bd197f3f112636a584e575a732d0206a2d9c9806?s=96&d=mm&r=g","caption":"admin"},"sameAs":["https:\/\/saltoecologico.es"],"url":"https:\/\/saltoecologico.es\/index.php\/author\/saltoecologico\/"}]}},"_links":{"self":[{"href":"https:\/\/saltoecologico.es\/index.php\/wp-json\/wp\/v2\/posts\/340","targetHints":{"allow":["GET"]}}],"collection":[{"href":"https:\/\/saltoecologico.es\/index.php\/wp-json\/wp\/v2\/posts"}],"about":[{"href":"https:\/\/saltoecologico.es\/index.php\/wp-json\/wp\/v2\/types\/post"}],"author":[{"embeddable":true,"href":"https:\/\/saltoecologico.es\/index.php\/wp-json\/wp\/v2\/users\/1"}],"replies":[{"embeddable":true,"href":"https:\/\/saltoecologico.es\/index.php\/wp-json\/wp\/v2\/comments?post=340"}],"version-history":[{"count":1,"href":"https:\/\/saltoecologico.es\/index.php\/wp-json\/wp\/v2\/posts\/340\/revisions"}],"predecessor-version":[{"id":341,"href":"https:\/\/saltoecologico.es\/index.php\/wp-json\/wp\/v2\/posts\/340\/revisions\/341"}],"wp:featuredmedia":[{"embeddable":true,"href":"https:\/\/saltoecologico.es\/index.php\/wp-json\/wp\/v2\/media\/367"}],"wp:attachment":[{"href":"https:\/\/saltoecologico.es\/index.php\/wp-json\/wp\/v2\/media?parent=340"}],"wp:term":[{"taxonomy":"category","embeddable":true,"href":"https:\/\/saltoecologico.es\/index.php\/wp-json\/wp\/v2\/categories?post=340"},{"taxonomy":"post_tag","embeddable":true,"href":"https:\/\/saltoecologico.es\/index.php\/wp-json\/wp\/v2\/tags?post=340"}],"curies":[{"name":"wp","href":"https:\/\/api.w.org\/{rel}","templated":true}]}}