{"id":342,"date":"2022-05-16T17:02:00","date_gmt":"2022-05-16T17:02:00","guid":{"rendered":"https:\/\/saltoecologico.es\/?p=342"},"modified":"2025-04-13T08:01:39","modified_gmt":"2025-04-13T08:01:39","slug":"consecuencias-de-la-eliminacion","status":"publish","type":"post","link":"https:\/\/saltoecologico.es\/index.php\/2022\/05\/16\/consecuencias-de-la-eliminacion\/","title":{"rendered":"Consecuencias de la eliminaci\u00f3n"},"content":{"rendered":"\n<p class=\"wp-block-paragraph\">El pasado <strong>30 de marzo<\/strong> pudimos ver publicado en el BOE el <strong>Real Decreto-ley 6\/2022, de 29 de marzo<\/strong>, en el que se desgranan una serie de medidas en respuesta a las consecuencias de la guerra de Ucrania. <strong>Sorpresivamente<\/strong>, en este texto normativo, en el punto 1 de la disposici\u00f3n final cuarta, <strong>se elimina de un plumazo, la autorizaci\u00f3n administrativa para la instalaci\u00f3n de plantas de regasificaci\u00f3n<\/strong> destinadas a alimentar la generaci\u00f3n el\u00e9ctrica, a puertos y a buques.<\/p>\n\n\n\n<p class=\"wp-block-paragraph\">Para tener una idea en su justa medida de lo que significa <strong>eliminar la autorizaci\u00f3n administrativa para una instalaci\u00f3n gas\u00edstica<\/strong>, basta acudir a la <strong>Ley 34\/1998, de 7 de octubre, del sector de hidrocarburos<\/strong>, para comprobar en el <strong>art\u00edculo 67<\/strong>, como al suprimir esta necesidad, los solicitantes de estas instalaciones dejan de tener que acreditar lo siguiente:<\/p>\n\n\n\n<p class=\"wp-block-paragraph\">a) <strong>Las condiciones t\u00e9cnicas y de seguridad de las instalaciones propuestas.<\/strong><br>b) <strong>El adecuado cumplimiento de las condiciones de protecci\u00f3n del medio ambiente.<\/strong><br>c) <strong>La adecuaci\u00f3n del emplazamiento de la instalaci\u00f3n al r\u00e9gimen de ordenaci\u00f3n del territorio.<\/strong><br>d) <strong>Su capacidad legal, t\u00e9cnica y econ\u00f3mico-financiera para la realizaci\u00f3n del proyecto.<\/strong><\/p>\n\n\n\n<p class=\"wp-block-paragraph\">En definitiva, <strong>todo un desprop\u00f3sito, administrativo, medioambiental y de seguridad jur\u00eddica<\/strong> que <strong>no termina de entenderse<\/strong>, dentro de una concepci\u00f3n medianamente coherente, en una sociedad occidental, desarrollada y democr\u00e1tica que quiera ser garante de los derechos de su ciudadan\u00eda.<\/p>\n\n\n\n<p class=\"wp-block-paragraph\">Desde el <strong>Foro Contra el Gas<\/strong> nos preguntamos que aparte de los <strong>presuntos pelotazos empresariales<\/strong> que algunos podr\u00edan dar, cu\u00e1les son las razones \u00faltimas que se esconden detr\u00e1s de una medida tan radical y sobre todo <strong>viniendo de un grupo pol\u00edtico que ha declarado en multitud de veces su animadversi\u00f3n al gas<\/strong>. Pues bien, una posible respuesta la podemos encontrar en la <strong>estrategia de la generaci\u00f3n gestionable de Canarias<\/strong>, recientemente publicada por el Gobierno Aut\u00f3nomo en la que se puede apreciar como <strong>la vida \u00fatil de los parques de generaci\u00f3n el\u00e9ctrica est\u00e1 en su \u00faltima fase<\/strong>.<\/p>\n\n\n\n<p class=\"wp-block-paragraph\">En <strong>Tenerife<\/strong> se estima que con anterioridad a 2030 deber\u00eda producirse la <strong>parada de 12 unidades de generaci\u00f3n<\/strong>, de las que <strong>7 ya superaron su vida \u00fatil regulatoria antes de 2020<\/strong>. M\u00e1s all\u00e1 de dicho horizonte, la situaci\u00f3n se mantendr\u00eda con los <strong>5 grupos restantes<\/strong>, debi\u00e9ndose parar el primero tras el a\u00f1o 2030, el segundo a partir de 2031, <strong>dos m\u00e1s despu\u00e9s de 2035<\/strong> y al a\u00f1o siguiente la turbina de vapor restante. <strong>A partir del a\u00f1o 2037 no existir\u00eda generaci\u00f3n t\u00e9rmica convencional en la isla.<\/strong><\/p>\n\n\n\n<p class=\"wp-block-paragraph\">En la isla de <strong>Gran Canaria<\/strong> dejar\u00edan de funcionar un total de <strong>12 unidades de generaci\u00f3n t\u00e9rmica antes del a\u00f1o 2030<\/strong>, y continuar\u00eda reduci\u00e9ndose la <strong>potencia disponible de categor\u00eda A<\/strong> hasta que en el <strong>a\u00f1o 2038<\/strong> se produzca el desmantelamiento del grupo de vapor 4 asociado al ciclo combinado de la <strong>central de Barranco de Tirajana<\/strong>, momento a partir del que <strong>no se dispondr\u00eda de generadores de clase A en la isla<\/strong>.<\/p>\n\n\n\n<p class=\"wp-block-paragraph\">En la isla de <strong>Lanzarote<\/strong>, si en la actualidad existen <strong>13 unidades di\u00e9sel y turbinas de gas en operaci\u00f3n<\/strong>, para el a\u00f1o 2030 s\u00f3lo mantendr\u00edan la condici\u00f3n de cumplimiento del criterio de vida \u00fatil regulatoria <strong>2 generadores di\u00e9sel cuya potencia suma 35,2 MW<\/strong>, y que <strong>finalizar\u00edan su vida \u00fatil regulatoria en el a\u00f1o 2031<\/strong>.<\/p>\n\n\n\n<p class=\"wp-block-paragraph\">Y as\u00ed podr\u00edamos seguir con el resto de las islas.<\/p>\n\n\n\n<p class=\"wp-block-paragraph\">Ante esta <strong>debacle<\/strong>, lo primero que habr\u00eda que preguntarse es <strong>d\u00f3nde queda la capacidad de planificaci\u00f3n del regulador responsable de todo este desaguisado<\/strong>, para acto seguido, y aquellos que apostamos por las renovables, preguntarnos <strong>si hay inteligencia en los estamentos gubernamentales<\/strong>, al no haber mirado hacia el sector de las energ\u00edas limpias.<\/p>\n\n\n\n<p class=\"wp-block-paragraph\">Alguien podr\u00eda pensar que, si se elimina la autorizaci\u00f3n administrativa para el gas, \u00bf<strong>por qu\u00e9 no se hace para las renovables?<\/strong> Pues evidentemente porque <strong>si este desmantelamiento de la funci\u00f3n administrativa es una aberraci\u00f3n para un caso, tambi\u00e9n lo ser\u00eda para el otro.<\/strong><\/p>\n\n\n\n<p class=\"wp-block-paragraph\">Para nosotros, <strong>la soluci\u00f3n est\u00e1 en una transici\u00f3n acelerada hacia las renovables<\/strong> y, visto los datos aportados acerca de la vida \u00fatil de la generaci\u00f3n en las islas, lo de \u201c<strong>acelerada<\/strong>\u201d cobra a\u00fan m\u00e1s peso si cabe. <strong>Esta transici\u00f3n acelerada no pasa por cortocircuitar a los \u00f3rganos garantes para que las tramitaciones se realicen ajustadas a normativa.<\/strong> Pasan por <strong>dotar a las administraciones de los medios necesarios para que todos los tr\u00e1mites se resuelvan en tiempo y forma<\/strong>. No puede ser que veamos en <strong>IDECanarias<\/strong> que <strong>hay parques e\u00f3licos en tramitaci\u00f3n desde el 2007 y est\u00e9n pendientes de resoluci\u00f3n<\/strong>. Las administraciones deber\u00edan de convertirse en <strong>catalizadores que dinamicen esa transici\u00f3n acelerada<\/strong> y no que sean <strong>el principal escollo de esta<\/strong>.<\/p>\n\n\n\n<p class=\"wp-block-paragraph\"><strong>No es cierto que las renovables no son lo suficientemente maduras para coger el testigo de la generaci\u00f3n el\u00e9ctrica en Canarias.<\/strong><br><strong>No es cierto que se necesita una transici\u00f3n energ\u00e9tica antes de llegar a las renovables.<\/strong><br><strong>No es cierto que el gas es la soluci\u00f3n transitoria antes de la llegada del hidr\u00f3geno verde.<\/strong><br><strong>Nada de eso es cierto<\/strong>, porque <strong>la apuesta por las renovables es ahora o nunca<\/strong>, porque si <strong>entra el gas en Canarias<\/strong>, entrar\u00e1 <strong>para quedarse muchos a\u00f1os<\/strong>, los que <strong>la rentabilidad econ\u00f3mica marque para que el proyecto sea viable<\/strong>.<\/p>\n\n\n\n<hr class=\"wp-block-separator has-alpha-channel-opacity\"\/>\n\n\n\n<p class=\"wp-block-paragraph\"><\/p>\n","protected":false},"excerpt":{"rendered":"<p>El pasado 30 de marzo pudimos ver publicado en el BOE el Real Decreto-ley 6\/2022, de 29 de marzo, en el que se desgranan una serie de medidas en respuesta a las consecuencias de la guerra de Ucrania. Sorpresivamente, en este texto normativo, en el punto 1 de la disposici\u00f3n final cuarta, se elimina de [&hellip;]<\/p>\n","protected":false},"author":1,"featured_media":366,"comment_status":"open","ping_status":"open","sticky":false,"template":"","format":"standard","meta":{"footnotes":""},"categories":[47,33],"tags":[],"class_list":["post-342","post","type-post","status-publish","format-standard","has-post-thumbnail","category-g_legislacion","category-gnl"],"yoast_head":"<!-- This site is optimized with the Yoast SEO plugin v28.2 - https:\/\/yoast.com\/product\/yoast-seo-wordpress\/ -->\n<title>Consecuencias de la eliminaci\u00f3n - Salto Ecol\u00f3gico<\/title>\n<meta name=\"robots\" content=\"index, follow, max-snippet:-1, max-image-preview:large, max-video-preview:-1\" \/>\n<link rel=\"canonical\" href=\"https:\/\/saltoecologico.es\/index.php\/2022\/05\/16\/consecuencias-de-la-eliminacion\/\" \/>\n<meta property=\"og:locale\" content=\"es_ES\" \/>\n<meta property=\"og:type\" content=\"article\" \/>\n<meta property=\"og:title\" content=\"Consecuencias de la eliminaci\u00f3n - Salto Ecol\u00f3gico\" \/>\n<meta property=\"og:description\" content=\"El pasado 30 de marzo pudimos ver publicado en el BOE el Real Decreto-ley 6\/2022, de 29 de marzo, en el que se desgranan una serie de medidas en respuesta a las consecuencias de la guerra de Ucrania. Sorpresivamente, en este texto normativo, en el punto 1 de la disposici\u00f3n final cuarta, se elimina de [&hellip;]\" \/>\n<meta property=\"og:url\" content=\"https:\/\/saltoecologico.es\/index.php\/2022\/05\/16\/consecuencias-de-la-eliminacion\/\" \/>\n<meta property=\"og:site_name\" content=\"Salto Ecol\u00f3gico\" \/>\n<meta property=\"article:publisher\" content=\"https:\/\/www.facebook.com\/Saltotransicionecologica\" \/>\n<meta property=\"article:published_time\" content=\"2022-05-16T17:02:00+00:00\" \/>\n<meta property=\"article:modified_time\" content=\"2025-04-13T08:01:39+00:00\" \/>\n<meta property=\"og:image\" content=\"https:\/\/saltoecologico.es\/wp-content\/uploads\/2022\/05\/Chimeneas.jpg\" \/>\n\t<meta property=\"og:image:width\" content=\"1024\" \/>\n\t<meta property=\"og:image:height\" content=\"683\" \/>\n\t<meta property=\"og:image:type\" content=\"image\/jpeg\" \/>\n<meta name=\"author\" content=\"admin\" \/>\n<meta name=\"twitter:card\" content=\"summary_large_image\" \/>\n<meta name=\"twitter:label1\" content=\"Escrito por\" \/>\n\t<meta name=\"twitter:data1\" content=\"admin\" \/>\n\t<meta name=\"twitter:label2\" content=\"Tiempo de lectura\" \/>\n\t<meta name=\"twitter:data2\" content=\"5 minutos\" \/>\n<script type=\"application\/ld+json\" class=\"yoast-schema-graph\">{\"@context\":\"https:\\\/\\\/schema.org\",\"@graph\":[{\"@type\":\"Article\",\"@id\":\"https:\\\/\\\/saltoecologico.es\\\/index.php\\\/2022\\\/05\\\/16\\\/consecuencias-de-la-eliminacion\\\/#article\",\"isPartOf\":{\"@id\":\"https:\\\/\\\/saltoecologico.es\\\/index.php\\\/2022\\\/05\\\/16\\\/consecuencias-de-la-eliminacion\\\/\"},\"author\":{\"name\":\"admin\",\"@id\":\"https:\\\/\\\/saltoecologico.es\\\/#\\\/schema\\\/person\\\/7175eec4b3c123d86c675313c3a01a0b\"},\"headline\":\"Consecuencias de la eliminaci\u00f3n\",\"datePublished\":\"2022-05-16T17:02:00+00:00\",\"dateModified\":\"2025-04-13T08:01:39+00:00\",\"mainEntityOfPage\":{\"@id\":\"https:\\\/\\\/saltoecologico.es\\\/index.php\\\/2022\\\/05\\\/16\\\/consecuencias-de-la-eliminacion\\\/\"},\"wordCount\":924,\"commentCount\":0,\"publisher\":{\"@id\":\"https:\\\/\\\/saltoecologico.es\\\/#organization\"},\"image\":{\"@id\":\"https:\\\/\\\/saltoecologico.es\\\/index.php\\\/2022\\\/05\\\/16\\\/consecuencias-de-la-eliminacion\\\/#primaryimage\"},\"thumbnailUrl\":\"https:\\\/\\\/saltoecologico.es\\\/wp-content\\\/uploads\\\/2022\\\/05\\\/Chimeneas.jpg\",\"articleSection\":[\"G_Legislaci\u00f3n\",\"GNL\"],\"inLanguage\":\"es\",\"potentialAction\":[{\"@type\":\"CommentAction\",\"name\":\"Comment\",\"target\":[\"https:\\\/\\\/saltoecologico.es\\\/index.php\\\/2022\\\/05\\\/16\\\/consecuencias-de-la-eliminacion\\\/#respond\"]}]},{\"@type\":\"WebPage\",\"@id\":\"https:\\\/\\\/saltoecologico.es\\\/index.php\\\/2022\\\/05\\\/16\\\/consecuencias-de-la-eliminacion\\\/\",\"url\":\"https:\\\/\\\/saltoecologico.es\\\/index.php\\\/2022\\\/05\\\/16\\\/consecuencias-de-la-eliminacion\\\/\",\"name\":\"Consecuencias de la eliminaci\u00f3n - Salto Ecol\u00f3gico\",\"isPartOf\":{\"@id\":\"https:\\\/\\\/saltoecologico.es\\\/#website\"},\"primaryImageOfPage\":{\"@id\":\"https:\\\/\\\/saltoecologico.es\\\/index.php\\\/2022\\\/05\\\/16\\\/consecuencias-de-la-eliminacion\\\/#primaryimage\"},\"image\":{\"@id\":\"https:\\\/\\\/saltoecologico.es\\\/index.php\\\/2022\\\/05\\\/16\\\/consecuencias-de-la-eliminacion\\\/#primaryimage\"},\"thumbnailUrl\":\"https:\\\/\\\/saltoecologico.es\\\/wp-content\\\/uploads\\\/2022\\\/05\\\/Chimeneas.jpg\",\"datePublished\":\"2022-05-16T17:02:00+00:00\",\"dateModified\":\"2025-04-13T08:01:39+00:00\",\"breadcrumb\":{\"@id\":\"https:\\\/\\\/saltoecologico.es\\\/index.php\\\/2022\\\/05\\\/16\\\/consecuencias-de-la-eliminacion\\\/#breadcrumb\"},\"inLanguage\":\"es\",\"potentialAction\":[{\"@type\":\"ReadAction\",\"target\":[\"https:\\\/\\\/saltoecologico.es\\\/index.php\\\/2022\\\/05\\\/16\\\/consecuencias-de-la-eliminacion\\\/\"]}]},{\"@type\":\"ImageObject\",\"inLanguage\":\"es\",\"@id\":\"https:\\\/\\\/saltoecologico.es\\\/index.php\\\/2022\\\/05\\\/16\\\/consecuencias-de-la-eliminacion\\\/#primaryimage\",\"url\":\"https:\\\/\\\/saltoecologico.es\\\/wp-content\\\/uploads\\\/2022\\\/05\\\/Chimeneas.jpg\",\"contentUrl\":\"https:\\\/\\\/saltoecologico.es\\\/wp-content\\\/uploads\\\/2022\\\/05\\\/Chimeneas.jpg\",\"width\":1024,\"height\":683,\"caption\":\"Aerial view of coal power plant high pipes with black smoke moving up polluting atmosphere at sunset.\"},{\"@type\":\"BreadcrumbList\",\"@id\":\"https:\\\/\\\/saltoecologico.es\\\/index.php\\\/2022\\\/05\\\/16\\\/consecuencias-de-la-eliminacion\\\/#breadcrumb\",\"itemListElement\":[{\"@type\":\"ListItem\",\"position\":1,\"name\":\"Portada\",\"item\":\"https:\\\/\\\/saltoecologico.es\\\/\"},{\"@type\":\"ListItem\",\"position\":2,\"name\":\"Consecuencias de la eliminaci\u00f3n\"}]},{\"@type\":\"WebSite\",\"@id\":\"https:\\\/\\\/saltoecologico.es\\\/#website\",\"url\":\"https:\\\/\\\/saltoecologico.es\\\/\",\"name\":\"Salto Ecol\u00f3gico\",\"description\":\"\",\"publisher\":{\"@id\":\"https:\\\/\\\/saltoecologico.es\\\/#organization\"},\"potentialAction\":[{\"@type\":\"SearchAction\",\"target\":{\"@type\":\"EntryPoint\",\"urlTemplate\":\"https:\\\/\\\/saltoecologico.es\\\/?s={search_term_string}\"},\"query-input\":{\"@type\":\"PropertyValueSpecification\",\"valueRequired\":true,\"valueName\":\"search_term_string\"}}],\"inLanguage\":\"es\"},{\"@type\":\"Organization\",\"@id\":\"https:\\\/\\\/saltoecologico.es\\\/#organization\",\"name\":\"Salto a la Transici\u00f3n Ecol\u00f3gica\",\"url\":\"https:\\\/\\\/saltoecologico.es\\\/\",\"logo\":{\"@type\":\"ImageObject\",\"inLanguage\":\"es\",\"@id\":\"https:\\\/\\\/saltoecologico.es\\\/#\\\/schema\\\/logo\\\/image\\\/\",\"url\":\"https:\\\/\\\/saltoecologico.es\\\/wp-content\\\/uploads\\\/2025\\\/04\\\/Logo-STE.jpg\",\"contentUrl\":\"https:\\\/\\\/saltoecologico.es\\\/wp-content\\\/uploads\\\/2025\\\/04\\\/Logo-STE.jpg\",\"width\":435,\"height\":435,\"caption\":\"Salto a la Transici\u00f3n Ecol\u00f3gica\"},\"image\":{\"@id\":\"https:\\\/\\\/saltoecologico.es\\\/#\\\/schema\\\/logo\\\/image\\\/\"},\"sameAs\":[\"https:\\\/\\\/www.facebook.com\\\/Saltotransicionecologica\"]},{\"@type\":\"Person\",\"@id\":\"https:\\\/\\\/saltoecologico.es\\\/#\\\/schema\\\/person\\\/7175eec4b3c123d86c675313c3a01a0b\",\"name\":\"admin\",\"image\":{\"@type\":\"ImageObject\",\"inLanguage\":\"es\",\"@id\":\"https:\\\/\\\/secure.gravatar.com\\\/avatar\\\/4c215dc57bbc7b2f2f470ac9bd197f3f112636a584e575a732d0206a2d9c9806?s=96&d=mm&r=g\",\"url\":\"https:\\\/\\\/secure.gravatar.com\\\/avatar\\\/4c215dc57bbc7b2f2f470ac9bd197f3f112636a584e575a732d0206a2d9c9806?s=96&d=mm&r=g\",\"contentUrl\":\"https:\\\/\\\/secure.gravatar.com\\\/avatar\\\/4c215dc57bbc7b2f2f470ac9bd197f3f112636a584e575a732d0206a2d9c9806?s=96&d=mm&r=g\",\"caption\":\"admin\"},\"sameAs\":[\"https:\\\/\\\/saltoecologico.es\"],\"url\":\"https:\\\/\\\/saltoecologico.es\\\/index.php\\\/author\\\/saltoecologico\\\/\"}]}<\/script>\n<!-- \/ Yoast SEO plugin. -->","yoast_head_json":{"title":"Consecuencias de la eliminaci\u00f3n - Salto Ecol\u00f3gico","robots":{"index":"index","follow":"follow","max-snippet":"max-snippet:-1","max-image-preview":"max-image-preview:large","max-video-preview":"max-video-preview:-1"},"canonical":"https:\/\/saltoecologico.es\/index.php\/2022\/05\/16\/consecuencias-de-la-eliminacion\/","og_locale":"es_ES","og_type":"article","og_title":"Consecuencias de la eliminaci\u00f3n - Salto Ecol\u00f3gico","og_description":"El pasado 30 de marzo pudimos ver publicado en el BOE el Real Decreto-ley 6\/2022, de 29 de marzo, en el que se desgranan una serie de medidas en respuesta a las consecuencias de la guerra de Ucrania. Sorpresivamente, en este texto normativo, en el punto 1 de la disposici\u00f3n final cuarta, se elimina de [&hellip;]","og_url":"https:\/\/saltoecologico.es\/index.php\/2022\/05\/16\/consecuencias-de-la-eliminacion\/","og_site_name":"Salto Ecol\u00f3gico","article_publisher":"https:\/\/www.facebook.com\/Saltotransicionecologica","article_published_time":"2022-05-16T17:02:00+00:00","article_modified_time":"2025-04-13T08:01:39+00:00","og_image":[{"width":1024,"height":683,"url":"https:\/\/saltoecologico.es\/wp-content\/uploads\/2022\/05\/Chimeneas.jpg","type":"image\/jpeg"}],"author":"admin","twitter_card":"summary_large_image","twitter_misc":{"Escrito por":"admin","Tiempo de lectura":"5 minutos"},"schema":{"@context":"https:\/\/schema.org","@graph":[{"@type":"Article","@id":"https:\/\/saltoecologico.es\/index.php\/2022\/05\/16\/consecuencias-de-la-eliminacion\/#article","isPartOf":{"@id":"https:\/\/saltoecologico.es\/index.php\/2022\/05\/16\/consecuencias-de-la-eliminacion\/"},"author":{"name":"admin","@id":"https:\/\/saltoecologico.es\/#\/schema\/person\/7175eec4b3c123d86c675313c3a01a0b"},"headline":"Consecuencias de la eliminaci\u00f3n","datePublished":"2022-05-16T17:02:00+00:00","dateModified":"2025-04-13T08:01:39+00:00","mainEntityOfPage":{"@id":"https:\/\/saltoecologico.es\/index.php\/2022\/05\/16\/consecuencias-de-la-eliminacion\/"},"wordCount":924,"commentCount":0,"publisher":{"@id":"https:\/\/saltoecologico.es\/#organization"},"image":{"@id":"https:\/\/saltoecologico.es\/index.php\/2022\/05\/16\/consecuencias-de-la-eliminacion\/#primaryimage"},"thumbnailUrl":"https:\/\/saltoecologico.es\/wp-content\/uploads\/2022\/05\/Chimeneas.jpg","articleSection":["G_Legislaci\u00f3n","GNL"],"inLanguage":"es","potentialAction":[{"@type":"CommentAction","name":"Comment","target":["https:\/\/saltoecologico.es\/index.php\/2022\/05\/16\/consecuencias-de-la-eliminacion\/#respond"]}]},{"@type":"WebPage","@id":"https:\/\/saltoecologico.es\/index.php\/2022\/05\/16\/consecuencias-de-la-eliminacion\/","url":"https:\/\/saltoecologico.es\/index.php\/2022\/05\/16\/consecuencias-de-la-eliminacion\/","name":"Consecuencias de la eliminaci\u00f3n - Salto Ecol\u00f3gico","isPartOf":{"@id":"https:\/\/saltoecologico.es\/#website"},"primaryImageOfPage":{"@id":"https:\/\/saltoecologico.es\/index.php\/2022\/05\/16\/consecuencias-de-la-eliminacion\/#primaryimage"},"image":{"@id":"https:\/\/saltoecologico.es\/index.php\/2022\/05\/16\/consecuencias-de-la-eliminacion\/#primaryimage"},"thumbnailUrl":"https:\/\/saltoecologico.es\/wp-content\/uploads\/2022\/05\/Chimeneas.jpg","datePublished":"2022-05-16T17:02:00+00:00","dateModified":"2025-04-13T08:01:39+00:00","breadcrumb":{"@id":"https:\/\/saltoecologico.es\/index.php\/2022\/05\/16\/consecuencias-de-la-eliminacion\/#breadcrumb"},"inLanguage":"es","potentialAction":[{"@type":"ReadAction","target":["https:\/\/saltoecologico.es\/index.php\/2022\/05\/16\/consecuencias-de-la-eliminacion\/"]}]},{"@type":"ImageObject","inLanguage":"es","@id":"https:\/\/saltoecologico.es\/index.php\/2022\/05\/16\/consecuencias-de-la-eliminacion\/#primaryimage","url":"https:\/\/saltoecologico.es\/wp-content\/uploads\/2022\/05\/Chimeneas.jpg","contentUrl":"https:\/\/saltoecologico.es\/wp-content\/uploads\/2022\/05\/Chimeneas.jpg","width":1024,"height":683,"caption":"Aerial view of coal power plant high pipes with black smoke moving up polluting atmosphere at sunset."},{"@type":"BreadcrumbList","@id":"https:\/\/saltoecologico.es\/index.php\/2022\/05\/16\/consecuencias-de-la-eliminacion\/#breadcrumb","itemListElement":[{"@type":"ListItem","position":1,"name":"Portada","item":"https:\/\/saltoecologico.es\/"},{"@type":"ListItem","position":2,"name":"Consecuencias de la eliminaci\u00f3n"}]},{"@type":"WebSite","@id":"https:\/\/saltoecologico.es\/#website","url":"https:\/\/saltoecologico.es\/","name":"Salto Ecol\u00f3gico","description":"","publisher":{"@id":"https:\/\/saltoecologico.es\/#organization"},"potentialAction":[{"@type":"SearchAction","target":{"@type":"EntryPoint","urlTemplate":"https:\/\/saltoecologico.es\/?s={search_term_string}"},"query-input":{"@type":"PropertyValueSpecification","valueRequired":true,"valueName":"search_term_string"}}],"inLanguage":"es"},{"@type":"Organization","@id":"https:\/\/saltoecologico.es\/#organization","name":"Salto a la Transici\u00f3n Ecol\u00f3gica","url":"https:\/\/saltoecologico.es\/","logo":{"@type":"ImageObject","inLanguage":"es","@id":"https:\/\/saltoecologico.es\/#\/schema\/logo\/image\/","url":"https:\/\/saltoecologico.es\/wp-content\/uploads\/2025\/04\/Logo-STE.jpg","contentUrl":"https:\/\/saltoecologico.es\/wp-content\/uploads\/2025\/04\/Logo-STE.jpg","width":435,"height":435,"caption":"Salto a la Transici\u00f3n Ecol\u00f3gica"},"image":{"@id":"https:\/\/saltoecologico.es\/#\/schema\/logo\/image\/"},"sameAs":["https:\/\/www.facebook.com\/Saltotransicionecologica"]},{"@type":"Person","@id":"https:\/\/saltoecologico.es\/#\/schema\/person\/7175eec4b3c123d86c675313c3a01a0b","name":"admin","image":{"@type":"ImageObject","inLanguage":"es","@id":"https:\/\/secure.gravatar.com\/avatar\/4c215dc57bbc7b2f2f470ac9bd197f3f112636a584e575a732d0206a2d9c9806?s=96&d=mm&r=g","url":"https:\/\/secure.gravatar.com\/avatar\/4c215dc57bbc7b2f2f470ac9bd197f3f112636a584e575a732d0206a2d9c9806?s=96&d=mm&r=g","contentUrl":"https:\/\/secure.gravatar.com\/avatar\/4c215dc57bbc7b2f2f470ac9bd197f3f112636a584e575a732d0206a2d9c9806?s=96&d=mm&r=g","caption":"admin"},"sameAs":["https:\/\/saltoecologico.es"],"url":"https:\/\/saltoecologico.es\/index.php\/author\/saltoecologico\/"}]}},"_links":{"self":[{"href":"https:\/\/saltoecologico.es\/index.php\/wp-json\/wp\/v2\/posts\/342","targetHints":{"allow":["GET"]}}],"collection":[{"href":"https:\/\/saltoecologico.es\/index.php\/wp-json\/wp\/v2\/posts"}],"about":[{"href":"https:\/\/saltoecologico.es\/index.php\/wp-json\/wp\/v2\/types\/post"}],"author":[{"embeddable":true,"href":"https:\/\/saltoecologico.es\/index.php\/wp-json\/wp\/v2\/users\/1"}],"replies":[{"embeddable":true,"href":"https:\/\/saltoecologico.es\/index.php\/wp-json\/wp\/v2\/comments?post=342"}],"version-history":[{"count":1,"href":"https:\/\/saltoecologico.es\/index.php\/wp-json\/wp\/v2\/posts\/342\/revisions"}],"predecessor-version":[{"id":343,"href":"https:\/\/saltoecologico.es\/index.php\/wp-json\/wp\/v2\/posts\/342\/revisions\/343"}],"wp:featuredmedia":[{"embeddable":true,"href":"https:\/\/saltoecologico.es\/index.php\/wp-json\/wp\/v2\/media\/366"}],"wp:attachment":[{"href":"https:\/\/saltoecologico.es\/index.php\/wp-json\/wp\/v2\/media?parent=342"}],"wp:term":[{"taxonomy":"category","embeddable":true,"href":"https:\/\/saltoecologico.es\/index.php\/wp-json\/wp\/v2\/categories?post=342"},{"taxonomy":"post_tag","embeddable":true,"href":"https:\/\/saltoecologico.es\/index.php\/wp-json\/wp\/v2\/tags?post=342"}],"curies":[{"name":"wp","href":"https:\/\/api.w.org\/{rel}","templated":true}]}}