{"id":344,"date":"2022-05-18T17:07:00","date_gmt":"2022-05-18T17:07:00","guid":{"rendered":"https:\/\/saltoecologico.es\/?p=344"},"modified":"2025-04-13T08:03:28","modified_gmt":"2025-04-13T08:03:28","slug":"gran-canaria-100","status":"publish","type":"post","link":"https:\/\/saltoecologico.es\/index.php\/2022\/05\/18\/gran-canaria-100\/","title":{"rendered":"Gran Canaria 100%"},"content":{"rendered":"\n<p class=\"wp-block-paragraph\"><strong>GRAN CANARIA 100% RENOVABLE<\/strong><\/p>\n\n\n\n<p class=\"wp-block-paragraph\">Estos d\u00edas hemos sido testigos de una serie de publicaciones en los medios de comunicaci\u00f3n, <strong>a favor y en contra del gas<\/strong>, dado que por parte de unos se juegan <strong>sustanciosos intereses econ\u00f3micos<\/strong> y por parte de otros <strong>nos jugamos el futuro del planeta<\/strong>. Esto que en principio pareciera que no son comparables por el orden de magnitud de uno y otro planteamiento, lamentablemente es lo que se dilucida hoy en d\u00eda. Por si alguien no termina de entender lo del orden de magnitud, baste pensar que si los primeros tienen raz\u00f3n y los segundos se equivocan, lo peor que puede pasar es que haya una serie de beneficios empresariales que no se materializan, <strong>pero si la equivocaci\u00f3n cambia de bando, las repercusiones en t\u00e9rminos reales de vida en el planeta ser\u00edan nefastamente incalculables<\/strong>.<\/p>\n\n\n\n<p class=\"wp-block-paragraph\">El principal argumento del <strong>lobby gas\u00edstico<\/strong> en nuestra tierra es el hecho de decir que <strong>las renovables no son una alternativa viable<\/strong> y por eso se necesita la tecnolog\u00eda del <strong>gas natural como transici\u00f3n<\/strong>. Pues bien, intentaremos utilizando datos suministrados por el propio gobierno aut\u00f3nomo, ese que a veces coquetea con ciertas aplicaciones del gas natural licuado, <strong>desmitificar ese absurdo planteamiento de la inmadurez de las renovables<\/strong>, haciendo ver como, por ejemplo, <strong>el sistema el\u00e9ctrico de Gran Canaria podr\u00eda funcionar perfectamente con estas tecnolog\u00edas<\/strong>.<\/p>\n\n\n\n<p class=\"wp-block-paragraph\">Seg\u00fan las estrategias desarrolladas por el <strong>Instituto Tecnol\u00f3gico de Canarias<\/strong> para el <strong>Gobierno Auton\u00f3mico de Canarias<\/strong>, en el marco del desarrollo del <strong>PTCAN (Plan de Transici\u00f3n Energ\u00e9tica de Canarias)<\/strong> un escenario factible de mix energ\u00e9tico para Gran Canaria podr\u00eda ser el siguiente:<\/p>\n\n\n\n<ul class=\"wp-block-list\">\n<li><strong>E\u00f3lica en tierra: 1.700 MW<\/strong><\/li>\n\n\n\n<li><strong>E\u00f3lica marina: 1.090 MW<\/strong><\/li>\n\n\n\n<li><strong>Fotovoltaica en tierra: 1.000 MW<\/strong><\/li>\n\n\n\n<li><strong>Autoconsumo: 414 MW<\/strong><br>(a parte de otras tecnolog\u00edas con contribuciones menores)<\/li>\n<\/ul>\n\n\n\n<p class=\"wp-block-paragraph\">Teniendo solo en cuenta lo expuesto, hablamos de una <strong>potencia instalada de unos 4.200 MW de tecnolog\u00edas renovables<\/strong>. Evidentemente estas tecnolog\u00edas <strong>no son gestionables<\/strong> (no podemos conseguir variar su producci\u00f3n seg\u00fan nuestras necesidades) y como la <strong>gestionabilidad es una premisa fundamental de cualquier sistema el\u00e9ctrico estable<\/strong>, ya que hay que ajustar la generaci\u00f3n de electricidad a lo que se est\u00e9 demandando en cada momento, <strong>necesitaremos del aporte de otro elemento tecnol\u00f3gico que reconduzca la situaci\u00f3n<\/strong>.<\/p>\n\n\n\n<p class=\"wp-block-paragraph\">Hoy por hoy el <strong>elemento m\u00e1s eficiente<\/strong> que nos puede dar esa <strong>gestionabilidad tan necesaria<\/strong>, aparte de ser un <strong>acumulador excepcional de energ\u00eda<\/strong>, es la <strong>central hidroel\u00e9ctrica reversible de bombeo puro<\/strong>. Pues bien, en las estrategias comentadas tambi\u00e9n se analiza esta cuesti\u00f3n, alcanz\u00e1ndose la conclusi\u00f3n de que los sistemas m\u00e1s id\u00f3neos ser\u00edan:<\/p>\n\n\n\n<ul class=\"wp-block-list\">\n<li><strong>Chira-Soria con 200 MW<\/strong><\/li>\n\n\n\n<li><strong>Cueva de las Ni\u00f1as-Soria con 200 MW<\/strong><\/li>\n\n\n\n<li><strong>El Paralillo-Siberio con 40 MW<\/strong><\/li>\n\n\n\n<li><strong>El Parralillo-El Caidero de las Ni\u00f1as con 40 MW<\/strong><\/li>\n<\/ul>\n\n\n\n<p class=\"wp-block-paragraph\">Estos dispositivos tienen varias formas de proporcionar <strong>gestionabilidad al sistema<\/strong>. En <strong>modo turbinaci\u00f3n<\/strong> generan energ\u00eda el\u00e9ctrica como <strong>generadores tipo A<\/strong>, con todo lo que ello conlleva incluyendo, naturalmente, el hecho de ser <strong>gestionable<\/strong>, ya que <strong>variando la cantidad de agua que pasa por la turbina se puede variar la cantidad de electricidad producida<\/strong>. En este modo facilitar\u00edamos una <strong>penetraci\u00f3n de renovables del 50%<\/strong>. En <strong>modo bombeo<\/strong>, la gestionabilidad la proporcionan las <strong>bombas<\/strong> al <strong>variar la cantidad de agua subida en funci\u00f3n de las necesidades de la generaci\u00f3n y la demanda<\/strong>. En este modo se puede conseguir una <strong>penetraci\u00f3n de renovables superior, incluso, al 100%<\/strong>, porque a parte de la energ\u00eda suministrada a la demanda, modulada por los bombeos, est\u00e1 la energ\u00eda que est\u00e1n consumiendo las bombas para subir el agua. Por \u00faltimo, si las instalaciones responden a lo planteado para el <strong>Salto de Chira<\/strong>, en la que los <strong>sistemas de turbinas y bombas son reversibles e independientes por bancadas<\/strong>, es decir que <strong>se podr\u00eda tener unas unidades bombeando agua y otra turbin\u00e1ndola<\/strong>, conseguimos un dispositivo <strong>extremadamente vers\u00e1til y tecnol\u00f3gicamente ajustado a las necesidades demandadas<\/strong>.<\/p>\n\n\n\n<p class=\"wp-block-paragraph\">Ahora que tenemos parte del andamiaje armado, podemos observar que tenemos <strong>4.200 MW de renovables<\/strong> y <strong>480 MW de bombeos<\/strong> que, en el mejor de los casos, <strong>nos permitir\u00eda que en Gran Canaria, con una punta en torno a los 540 MW, podr\u00edamos absorber 1.020 MW<\/strong>. Si se da la circunstancia de un d\u00eda de <strong>sol radiante y unas condiciones de viento adecuadas<\/strong>, \u00bfqu\u00e9 hacemos con los <strong>3.180 MW que nos sobran<\/strong>? Pues como tambi\u00e9n contempla el ITC en sus estrategias, <strong>se destinar\u00e1n a los electrolizadores<\/strong>, encargados de la <strong>producci\u00f3n de \u201chidr\u00f3geno verde\u201d<\/strong>. Estos electrolizadores tambi\u00e9n tendr\u00e1n la capacidad de <strong>variar su demanda<\/strong>, para proporcionar <strong>una gestionabilidad a\u00f1adida a todo el sistema<\/strong>.<\/p>\n\n\n\n<p class=\"wp-block-paragraph\">Este <strong>hidr\u00f3geno verde<\/strong> as\u00ed obtenido, ser\u00e1 el <strong>combustible b\u00e1sico de los grupos de respaldo<\/strong> que existan para paliar situaciones de emergencia en el sector el\u00e9ctrico, como <strong>combustible para veh\u00edculos pesados<\/strong>, para la <strong>elaboraci\u00f3n de pilas para aplicaciones industriales<\/strong>, como componente para la <strong>obtenci\u00f3n del amoniaco para buques<\/strong> o el <strong>queroseno sint\u00e9tico para aviones<\/strong>.<\/p>\n\n\n\n<p class=\"wp-block-paragraph\">La raz\u00f3n de <strong>sobredimensionar el parque renovable<\/strong> se debe fundamentalmente a que <strong>no siempre existe viento o sol en las condiciones \u00f3ptimas<\/strong>, por lo que la generaci\u00f3n el\u00e9ctrica procedente de estas fuentes <strong>puede oscilar<\/strong>, como ya se ha comentado, para explicar el tema de la gestionabilidad.<\/p>\n\n\n\n<p class=\"wp-block-paragraph\"><strong>Esta s\u00ed es la manera de potenciar el uso de las renovables y la introducci\u00f3n del hidr\u00f3geno en todo el ecosistema energ\u00e9tico del archipi\u00e9lago<\/strong>, porque <strong>la premisa fundamental para que el hidr\u00f3geno verde se popularice, es que exista \u201chidr\u00f3geno verde\u201d<\/strong>.<\/p>\n\n\n\n<p class=\"wp-block-paragraph\"><strong>Gran Canaria y por extensi\u00f3n el resto de las islas no necesita una transici\u00f3n mediante el gas<\/strong>, lo que necesita es que <strong>nuestros mandatarios corrijan la miop\u00eda que los paraliza<\/strong> y que les <strong>impide ver las soluciones que ellos mismos se han puesto delante de su nariz<\/strong>.<\/p>\n\n\n\n<hr class=\"wp-block-separator has-alpha-channel-opacity\"\/>\n\n\n\n<p class=\"wp-block-paragraph\"><\/p>\n","protected":false},"excerpt":{"rendered":"<p>GRAN CANARIA 100% RENOVABLE Estos d\u00edas hemos sido testigos de una serie de publicaciones en los medios de comunicaci\u00f3n, a favor y en contra del gas, dado que por parte de unos se juegan sustanciosos intereses econ\u00f3micos y por parte de otros nos jugamos el futuro del planeta. Esto que en principio pareciera que no [&hellip;]<\/p>\n","protected":false},"author":1,"featured_media":365,"comment_status":"open","ping_status":"open","sticky":false,"template":"","format":"standard","meta":{"footnotes":""},"categories":[48,30],"tags":[],"class_list":["post-344","post","type-post","status-publish","format-standard","has-post-thumbnail","category-t_estrategias","category-transicion"],"yoast_head":"<!-- This site is optimized with the Yoast SEO plugin v28.2 - https:\/\/yoast.com\/product\/yoast-seo-wordpress\/ -->\n<title>Gran Canaria 100% - Salto Ecol\u00f3gico<\/title>\n<meta name=\"robots\" content=\"index, follow, max-snippet:-1, max-image-preview:large, max-video-preview:-1\" \/>\n<link rel=\"canonical\" href=\"https:\/\/saltoecologico.es\/index.php\/2022\/05\/18\/gran-canaria-100\/\" \/>\n<meta property=\"og:locale\" content=\"es_ES\" \/>\n<meta property=\"og:type\" content=\"article\" \/>\n<meta property=\"og:title\" content=\"Gran Canaria 100% - Salto Ecol\u00f3gico\" \/>\n<meta property=\"og:description\" content=\"GRAN CANARIA 100% RENOVABLE Estos d\u00edas hemos sido testigos de una serie de publicaciones en los medios de comunicaci\u00f3n, a favor y en contra del gas, dado que por parte de unos se juegan sustanciosos intereses econ\u00f3micos y por parte de otros nos jugamos el futuro del planeta. Esto que en principio pareciera que no [&hellip;]\" \/>\n<meta property=\"og:url\" content=\"https:\/\/saltoecologico.es\/index.php\/2022\/05\/18\/gran-canaria-100\/\" \/>\n<meta property=\"og:site_name\" content=\"Salto Ecol\u00f3gico\" \/>\n<meta property=\"article:publisher\" content=\"https:\/\/www.facebook.com\/Saltotransicionecologica\" \/>\n<meta property=\"article:published_time\" content=\"2022-05-18T17:07:00+00:00\" \/>\n<meta property=\"article:modified_time\" content=\"2025-04-13T08:03:28+00:00\" \/>\n<meta property=\"og:image\" content=\"https:\/\/saltoecologico.es\/wp-content\/uploads\/2022\/05\/Salina-Gran-Canaria-1920x1080-oscura.jpg\" \/>\n\t<meta property=\"og:image:width\" content=\"1921\" \/>\n\t<meta property=\"og:image:height\" content=\"1080\" \/>\n\t<meta property=\"og:image:type\" content=\"image\/jpeg\" \/>\n<meta name=\"author\" content=\"admin\" \/>\n<meta name=\"twitter:card\" content=\"summary_large_image\" \/>\n<meta name=\"twitter:label1\" content=\"Escrito por\" \/>\n\t<meta name=\"twitter:data1\" content=\"admin\" \/>\n\t<meta name=\"twitter:label2\" content=\"Tiempo de lectura\" \/>\n\t<meta name=\"twitter:data2\" content=\"5 minutos\" \/>\n<script type=\"application\/ld+json\" class=\"yoast-schema-graph\">{\"@context\":\"https:\\\/\\\/schema.org\",\"@graph\":[{\"@type\":\"Article\",\"@id\":\"https:\\\/\\\/saltoecologico.es\\\/index.php\\\/2022\\\/05\\\/18\\\/gran-canaria-100\\\/#article\",\"isPartOf\":{\"@id\":\"https:\\\/\\\/saltoecologico.es\\\/index.php\\\/2022\\\/05\\\/18\\\/gran-canaria-100\\\/\"},\"author\":{\"name\":\"admin\",\"@id\":\"https:\\\/\\\/saltoecologico.es\\\/#\\\/schema\\\/person\\\/7175eec4b3c123d86c675313c3a01a0b\"},\"headline\":\"Gran Canaria 100%\",\"datePublished\":\"2022-05-18T17:07:00+00:00\",\"dateModified\":\"2025-04-13T08:03:28+00:00\",\"mainEntityOfPage\":{\"@id\":\"https:\\\/\\\/saltoecologico.es\\\/index.php\\\/2022\\\/05\\\/18\\\/gran-canaria-100\\\/\"},\"wordCount\":997,\"commentCount\":0,\"publisher\":{\"@id\":\"https:\\\/\\\/saltoecologico.es\\\/#organization\"},\"image\":{\"@id\":\"https:\\\/\\\/saltoecologico.es\\\/index.php\\\/2022\\\/05\\\/18\\\/gran-canaria-100\\\/#primaryimage\"},\"thumbnailUrl\":\"https:\\\/\\\/saltoecologico.es\\\/wp-content\\\/uploads\\\/2022\\\/05\\\/Salina-Gran-Canaria-1920x1080-oscura.jpg\",\"articleSection\":[\"T_Estrategias\",\"Transici\u00f3n\"],\"inLanguage\":\"es\",\"potentialAction\":[{\"@type\":\"CommentAction\",\"name\":\"Comment\",\"target\":[\"https:\\\/\\\/saltoecologico.es\\\/index.php\\\/2022\\\/05\\\/18\\\/gran-canaria-100\\\/#respond\"]}]},{\"@type\":\"WebPage\",\"@id\":\"https:\\\/\\\/saltoecologico.es\\\/index.php\\\/2022\\\/05\\\/18\\\/gran-canaria-100\\\/\",\"url\":\"https:\\\/\\\/saltoecologico.es\\\/index.php\\\/2022\\\/05\\\/18\\\/gran-canaria-100\\\/\",\"name\":\"Gran Canaria 100% - Salto Ecol\u00f3gico\",\"isPartOf\":{\"@id\":\"https:\\\/\\\/saltoecologico.es\\\/#website\"},\"primaryImageOfPage\":{\"@id\":\"https:\\\/\\\/saltoecologico.es\\\/index.php\\\/2022\\\/05\\\/18\\\/gran-canaria-100\\\/#primaryimage\"},\"image\":{\"@id\":\"https:\\\/\\\/saltoecologico.es\\\/index.php\\\/2022\\\/05\\\/18\\\/gran-canaria-100\\\/#primaryimage\"},\"thumbnailUrl\":\"https:\\\/\\\/saltoecologico.es\\\/wp-content\\\/uploads\\\/2022\\\/05\\\/Salina-Gran-Canaria-1920x1080-oscura.jpg\",\"datePublished\":\"2022-05-18T17:07:00+00:00\",\"dateModified\":\"2025-04-13T08:03:28+00:00\",\"breadcrumb\":{\"@id\":\"https:\\\/\\\/saltoecologico.es\\\/index.php\\\/2022\\\/05\\\/18\\\/gran-canaria-100\\\/#breadcrumb\"},\"inLanguage\":\"es\",\"potentialAction\":[{\"@type\":\"ReadAction\",\"target\":[\"https:\\\/\\\/saltoecologico.es\\\/index.php\\\/2022\\\/05\\\/18\\\/gran-canaria-100\\\/\"]}]},{\"@type\":\"ImageObject\",\"inLanguage\":\"es\",\"@id\":\"https:\\\/\\\/saltoecologico.es\\\/index.php\\\/2022\\\/05\\\/18\\\/gran-canaria-100\\\/#primaryimage\",\"url\":\"https:\\\/\\\/saltoecologico.es\\\/wp-content\\\/uploads\\\/2022\\\/05\\\/Salina-Gran-Canaria-1920x1080-oscura.jpg\",\"contentUrl\":\"https:\\\/\\\/saltoecologico.es\\\/wp-content\\\/uploads\\\/2022\\\/05\\\/Salina-Gran-Canaria-1920x1080-oscura.jpg\",\"width\":1921,\"height\":1080,\"caption\":\"Ponds of color at sunrise, salines of Tenefe, coast of Gran canaria, Canary islands, Spain\"},{\"@type\":\"BreadcrumbList\",\"@id\":\"https:\\\/\\\/saltoecologico.es\\\/index.php\\\/2022\\\/05\\\/18\\\/gran-canaria-100\\\/#breadcrumb\",\"itemListElement\":[{\"@type\":\"ListItem\",\"position\":1,\"name\":\"Portada\",\"item\":\"https:\\\/\\\/saltoecologico.es\\\/\"},{\"@type\":\"ListItem\",\"position\":2,\"name\":\"Gran Canaria 100%\"}]},{\"@type\":\"WebSite\",\"@id\":\"https:\\\/\\\/saltoecologico.es\\\/#website\",\"url\":\"https:\\\/\\\/saltoecologico.es\\\/\",\"name\":\"Salto Ecol\u00f3gico\",\"description\":\"\",\"publisher\":{\"@id\":\"https:\\\/\\\/saltoecologico.es\\\/#organization\"},\"potentialAction\":[{\"@type\":\"SearchAction\",\"target\":{\"@type\":\"EntryPoint\",\"urlTemplate\":\"https:\\\/\\\/saltoecologico.es\\\/?s={search_term_string}\"},\"query-input\":{\"@type\":\"PropertyValueSpecification\",\"valueRequired\":true,\"valueName\":\"search_term_string\"}}],\"inLanguage\":\"es\"},{\"@type\":\"Organization\",\"@id\":\"https:\\\/\\\/saltoecologico.es\\\/#organization\",\"name\":\"Salto a la Transici\u00f3n Ecol\u00f3gica\",\"url\":\"https:\\\/\\\/saltoecologico.es\\\/\",\"logo\":{\"@type\":\"ImageObject\",\"inLanguage\":\"es\",\"@id\":\"https:\\\/\\\/saltoecologico.es\\\/#\\\/schema\\\/logo\\\/image\\\/\",\"url\":\"https:\\\/\\\/saltoecologico.es\\\/wp-content\\\/uploads\\\/2025\\\/04\\\/Logo-STE.jpg\",\"contentUrl\":\"https:\\\/\\\/saltoecologico.es\\\/wp-content\\\/uploads\\\/2025\\\/04\\\/Logo-STE.jpg\",\"width\":435,\"height\":435,\"caption\":\"Salto a la Transici\u00f3n Ecol\u00f3gica\"},\"image\":{\"@id\":\"https:\\\/\\\/saltoecologico.es\\\/#\\\/schema\\\/logo\\\/image\\\/\"},\"sameAs\":[\"https:\\\/\\\/www.facebook.com\\\/Saltotransicionecologica\"]},{\"@type\":\"Person\",\"@id\":\"https:\\\/\\\/saltoecologico.es\\\/#\\\/schema\\\/person\\\/7175eec4b3c123d86c675313c3a01a0b\",\"name\":\"admin\",\"image\":{\"@type\":\"ImageObject\",\"inLanguage\":\"es\",\"@id\":\"https:\\\/\\\/secure.gravatar.com\\\/avatar\\\/4c215dc57bbc7b2f2f470ac9bd197f3f112636a584e575a732d0206a2d9c9806?s=96&d=mm&r=g\",\"url\":\"https:\\\/\\\/secure.gravatar.com\\\/avatar\\\/4c215dc57bbc7b2f2f470ac9bd197f3f112636a584e575a732d0206a2d9c9806?s=96&d=mm&r=g\",\"contentUrl\":\"https:\\\/\\\/secure.gravatar.com\\\/avatar\\\/4c215dc57bbc7b2f2f470ac9bd197f3f112636a584e575a732d0206a2d9c9806?s=96&d=mm&r=g\",\"caption\":\"admin\"},\"sameAs\":[\"https:\\\/\\\/saltoecologico.es\"],\"url\":\"https:\\\/\\\/saltoecologico.es\\\/index.php\\\/author\\\/saltoecologico\\\/\"}]}<\/script>\n<!-- \/ Yoast SEO plugin. -->","yoast_head_json":{"title":"Gran Canaria 100% - Salto Ecol\u00f3gico","robots":{"index":"index","follow":"follow","max-snippet":"max-snippet:-1","max-image-preview":"max-image-preview:large","max-video-preview":"max-video-preview:-1"},"canonical":"https:\/\/saltoecologico.es\/index.php\/2022\/05\/18\/gran-canaria-100\/","og_locale":"es_ES","og_type":"article","og_title":"Gran Canaria 100% - Salto Ecol\u00f3gico","og_description":"GRAN CANARIA 100% RENOVABLE Estos d\u00edas hemos sido testigos de una serie de publicaciones en los medios de comunicaci\u00f3n, a favor y en contra del gas, dado que por parte de unos se juegan sustanciosos intereses econ\u00f3micos y por parte de otros nos jugamos el futuro del planeta. Esto que en principio pareciera que no [&hellip;]","og_url":"https:\/\/saltoecologico.es\/index.php\/2022\/05\/18\/gran-canaria-100\/","og_site_name":"Salto Ecol\u00f3gico","article_publisher":"https:\/\/www.facebook.com\/Saltotransicionecologica","article_published_time":"2022-05-18T17:07:00+00:00","article_modified_time":"2025-04-13T08:03:28+00:00","og_image":[{"width":1921,"height":1080,"url":"https:\/\/saltoecologico.es\/wp-content\/uploads\/2022\/05\/Salina-Gran-Canaria-1920x1080-oscura.jpg","type":"image\/jpeg"}],"author":"admin","twitter_card":"summary_large_image","twitter_misc":{"Escrito por":"admin","Tiempo de lectura":"5 minutos"},"schema":{"@context":"https:\/\/schema.org","@graph":[{"@type":"Article","@id":"https:\/\/saltoecologico.es\/index.php\/2022\/05\/18\/gran-canaria-100\/#article","isPartOf":{"@id":"https:\/\/saltoecologico.es\/index.php\/2022\/05\/18\/gran-canaria-100\/"},"author":{"name":"admin","@id":"https:\/\/saltoecologico.es\/#\/schema\/person\/7175eec4b3c123d86c675313c3a01a0b"},"headline":"Gran Canaria 100%","datePublished":"2022-05-18T17:07:00+00:00","dateModified":"2025-04-13T08:03:28+00:00","mainEntityOfPage":{"@id":"https:\/\/saltoecologico.es\/index.php\/2022\/05\/18\/gran-canaria-100\/"},"wordCount":997,"commentCount":0,"publisher":{"@id":"https:\/\/saltoecologico.es\/#organization"},"image":{"@id":"https:\/\/saltoecologico.es\/index.php\/2022\/05\/18\/gran-canaria-100\/#primaryimage"},"thumbnailUrl":"https:\/\/saltoecologico.es\/wp-content\/uploads\/2022\/05\/Salina-Gran-Canaria-1920x1080-oscura.jpg","articleSection":["T_Estrategias","Transici\u00f3n"],"inLanguage":"es","potentialAction":[{"@type":"CommentAction","name":"Comment","target":["https:\/\/saltoecologico.es\/index.php\/2022\/05\/18\/gran-canaria-100\/#respond"]}]},{"@type":"WebPage","@id":"https:\/\/saltoecologico.es\/index.php\/2022\/05\/18\/gran-canaria-100\/","url":"https:\/\/saltoecologico.es\/index.php\/2022\/05\/18\/gran-canaria-100\/","name":"Gran Canaria 100% - Salto Ecol\u00f3gico","isPartOf":{"@id":"https:\/\/saltoecologico.es\/#website"},"primaryImageOfPage":{"@id":"https:\/\/saltoecologico.es\/index.php\/2022\/05\/18\/gran-canaria-100\/#primaryimage"},"image":{"@id":"https:\/\/saltoecologico.es\/index.php\/2022\/05\/18\/gran-canaria-100\/#primaryimage"},"thumbnailUrl":"https:\/\/saltoecologico.es\/wp-content\/uploads\/2022\/05\/Salina-Gran-Canaria-1920x1080-oscura.jpg","datePublished":"2022-05-18T17:07:00+00:00","dateModified":"2025-04-13T08:03:28+00:00","breadcrumb":{"@id":"https:\/\/saltoecologico.es\/index.php\/2022\/05\/18\/gran-canaria-100\/#breadcrumb"},"inLanguage":"es","potentialAction":[{"@type":"ReadAction","target":["https:\/\/saltoecologico.es\/index.php\/2022\/05\/18\/gran-canaria-100\/"]}]},{"@type":"ImageObject","inLanguage":"es","@id":"https:\/\/saltoecologico.es\/index.php\/2022\/05\/18\/gran-canaria-100\/#primaryimage","url":"https:\/\/saltoecologico.es\/wp-content\/uploads\/2022\/05\/Salina-Gran-Canaria-1920x1080-oscura.jpg","contentUrl":"https:\/\/saltoecologico.es\/wp-content\/uploads\/2022\/05\/Salina-Gran-Canaria-1920x1080-oscura.jpg","width":1921,"height":1080,"caption":"Ponds of color at sunrise, salines of Tenefe, coast of Gran canaria, Canary islands, Spain"},{"@type":"BreadcrumbList","@id":"https:\/\/saltoecologico.es\/index.php\/2022\/05\/18\/gran-canaria-100\/#breadcrumb","itemListElement":[{"@type":"ListItem","position":1,"name":"Portada","item":"https:\/\/saltoecologico.es\/"},{"@type":"ListItem","position":2,"name":"Gran Canaria 100%"}]},{"@type":"WebSite","@id":"https:\/\/saltoecologico.es\/#website","url":"https:\/\/saltoecologico.es\/","name":"Salto Ecol\u00f3gico","description":"","publisher":{"@id":"https:\/\/saltoecologico.es\/#organization"},"potentialAction":[{"@type":"SearchAction","target":{"@type":"EntryPoint","urlTemplate":"https:\/\/saltoecologico.es\/?s={search_term_string}"},"query-input":{"@type":"PropertyValueSpecification","valueRequired":true,"valueName":"search_term_string"}}],"inLanguage":"es"},{"@type":"Organization","@id":"https:\/\/saltoecologico.es\/#organization","name":"Salto a la Transici\u00f3n Ecol\u00f3gica","url":"https:\/\/saltoecologico.es\/","logo":{"@type":"ImageObject","inLanguage":"es","@id":"https:\/\/saltoecologico.es\/#\/schema\/logo\/image\/","url":"https:\/\/saltoecologico.es\/wp-content\/uploads\/2025\/04\/Logo-STE.jpg","contentUrl":"https:\/\/saltoecologico.es\/wp-content\/uploads\/2025\/04\/Logo-STE.jpg","width":435,"height":435,"caption":"Salto a la Transici\u00f3n Ecol\u00f3gica"},"image":{"@id":"https:\/\/saltoecologico.es\/#\/schema\/logo\/image\/"},"sameAs":["https:\/\/www.facebook.com\/Saltotransicionecologica"]},{"@type":"Person","@id":"https:\/\/saltoecologico.es\/#\/schema\/person\/7175eec4b3c123d86c675313c3a01a0b","name":"admin","image":{"@type":"ImageObject","inLanguage":"es","@id":"https:\/\/secure.gravatar.com\/avatar\/4c215dc57bbc7b2f2f470ac9bd197f3f112636a584e575a732d0206a2d9c9806?s=96&d=mm&r=g","url":"https:\/\/secure.gravatar.com\/avatar\/4c215dc57bbc7b2f2f470ac9bd197f3f112636a584e575a732d0206a2d9c9806?s=96&d=mm&r=g","contentUrl":"https:\/\/secure.gravatar.com\/avatar\/4c215dc57bbc7b2f2f470ac9bd197f3f112636a584e575a732d0206a2d9c9806?s=96&d=mm&r=g","caption":"admin"},"sameAs":["https:\/\/saltoecologico.es"],"url":"https:\/\/saltoecologico.es\/index.php\/author\/saltoecologico\/"}]}},"_links":{"self":[{"href":"https:\/\/saltoecologico.es\/index.php\/wp-json\/wp\/v2\/posts\/344","targetHints":{"allow":["GET"]}}],"collection":[{"href":"https:\/\/saltoecologico.es\/index.php\/wp-json\/wp\/v2\/posts"}],"about":[{"href":"https:\/\/saltoecologico.es\/index.php\/wp-json\/wp\/v2\/types\/post"}],"author":[{"embeddable":true,"href":"https:\/\/saltoecologico.es\/index.php\/wp-json\/wp\/v2\/users\/1"}],"replies":[{"embeddable":true,"href":"https:\/\/saltoecologico.es\/index.php\/wp-json\/wp\/v2\/comments?post=344"}],"version-history":[{"count":1,"href":"https:\/\/saltoecologico.es\/index.php\/wp-json\/wp\/v2\/posts\/344\/revisions"}],"predecessor-version":[{"id":345,"href":"https:\/\/saltoecologico.es\/index.php\/wp-json\/wp\/v2\/posts\/344\/revisions\/345"}],"wp:featuredmedia":[{"embeddable":true,"href":"https:\/\/saltoecologico.es\/index.php\/wp-json\/wp\/v2\/media\/365"}],"wp:attachment":[{"href":"https:\/\/saltoecologico.es\/index.php\/wp-json\/wp\/v2\/media?parent=344"}],"wp:term":[{"taxonomy":"category","embeddable":true,"href":"https:\/\/saltoecologico.es\/index.php\/wp-json\/wp\/v2\/categories?post=344"},{"taxonomy":"post_tag","embeddable":true,"href":"https:\/\/saltoecologico.es\/index.php\/wp-json\/wp\/v2\/tags?post=344"}],"curies":[{"name":"wp","href":"https:\/\/api.w.org\/{rel}","templated":true}]}}