{"id":346,"date":"2022-05-23T17:13:00","date_gmt":"2022-05-23T17:13:00","guid":{"rendered":"https:\/\/saltoecologico.es\/?p=346"},"modified":"2025-04-13T08:04:25","modified_gmt":"2025-04-13T08:04:25","slug":"instalacion-en-santa-cruz","status":"publish","type":"post","link":"https:\/\/saltoecologico.es\/index.php\/2022\/05\/23\/instalacion-en-santa-cruz\/","title":{"rendered":"Instalaci\u00f3n en Santa Cruz"},"content":{"rendered":"\n<p class=\"wp-block-paragraph\">Desde <strong>principios de 2021<\/strong> se viene tramitando un <strong>proyecto para una instalaci\u00f3n de gas natural licuado (GNL)<\/strong> y una <strong>turbina de gas de 70 MW<\/strong> para la producci\u00f3n de electricidad en el muelle de <strong>Santa Cruz<\/strong> por parte de la empresa <strong>Totisa Energ\u00eda S.L.U.<\/strong>. Esta instalaci\u00f3n tendr\u00e1 una <strong>ocupaci\u00f3n de 26.600 metros cuadrados en Cueva Bermeja<\/strong>, de los cuales <strong>16.500 metros cuadrados ser\u00e1n de l\u00e1mina de agua<\/strong> y <strong>1.200 metros cuadrados de canalizaciones en subsuelo<\/strong> para el almacenamiento y suministro de buques. Constar\u00e1 de <strong>dos dep\u00f3sitos de 25.000 metros c\u00fabicos cada uno<\/strong> adem\u00e1s de la planta de generaci\u00f3n el\u00e9ctrica ya comentada.<\/p>\n\n\n\n<p class=\"wp-block-paragraph\">Esta ser\u00eda la informaci\u00f3n principal y aqu\u00ed podr\u00edamos entrar en la controversia de si es pertinente <strong>la introducci\u00f3n del gas en Canarias<\/strong> o si no. Pero el problema aparece cuando muchos medios <strong>a\u00f1aden a la informaci\u00f3n que la turbina utilizar\u00e1 una mezcla de hidr\u00f3geno y gas natural<\/strong> o bien que <strong>la instalaci\u00f3n tendr\u00e1, adem\u00e1s, una planta productora de hidr\u00f3geno verde<\/strong>. El problema se encuentra en el <strong>ox\u00edmoron que supone ligar el gas al hidr\u00f3geno verde<\/strong>.<\/p>\n\n\n\n<p class=\"wp-block-paragraph\">Desde un tiempo a esta parte <strong>se nos ha querido vender que la introducci\u00f3n del gas se produce como transici\u00f3n a las renovables y al hidr\u00f3geno verde<\/strong> y que <strong>aquel dar\u00e1 la entrada a estos<\/strong>. <strong>Nada m\u00e1s lejos de la realidad<\/strong>, porque es justamente lo contrario, dado que <strong>algunas de las instalaciones de este proyecto van a tener una vida regulatoria de hasta 50 a\u00f1os<\/strong> y creo que <strong>no hay nadie que pueda creer que un empresario, en su sano juicio, no intentar\u00e1 aprovechar toda la vida \u00fatil de las instalaciones<\/strong> en las que realiz\u00f3 la inversi\u00f3n.<\/p>\n\n\n\n<p class=\"wp-block-paragraph\">Por otro lado, y por su propia definici\u00f3n, <strong>el hidr\u00f3geno verde es el que se produce a partir de agua y energ\u00edas renovables<\/strong> y por tanto <strong>hasta que no tengamos un parque lo suficientemente robusto de tecnolog\u00eda renovables, no se puede producir hidr\u00f3geno verde en cantidades adecuadas<\/strong>. Por tanto, <strong>cuanto m\u00e1s tardemos en conseguir una penetraci\u00f3n de energ\u00edas renovables suficiente m\u00e1s tardaremos en tener a nuestra disposici\u00f3n este hidr\u00f3geno<\/strong>.<\/p>\n\n\n\n<p class=\"wp-block-paragraph\">Cabe decir que <strong>hay otras formas de conseguir el hidr\u00f3geno<\/strong>, pero ya <strong>el apelativo de verde<\/strong> y el <strong>ser un vector energ\u00e9tico para la transici\u00f3n ecol\u00f3gica<\/strong> dejar\u00eda de tener validez y <strong>se convertir\u00eda en un subproducto m\u00e1s de las empresas contaminantes de combustibles f\u00f3siles<\/strong>.<\/p>\n\n\n\n<p class=\"wp-block-paragraph\">En definitiva, <strong>convendr\u00eda que los que propugnan el gas hablen sin ambages sobre lo que es una cuesti\u00f3n meramente de oportunidad mercantil<\/strong>, en la que <strong>aprovechando la acci\u00f3n de los lobbies del sector de los combustibles f\u00f3siles<\/strong>, han conseguido <strong>doblar el brazo a los responsables europeos<\/strong> y hacerles la inimaginable concesi\u00f3n, de <strong>considerar el gas como una energ\u00eda verde en s\u00ed misma<\/strong>, para poder conseguir durante otro tiempo m\u00e1s, <strong>ping\u00fces beneficios<\/strong>, pero que <strong>no es la transici\u00f3n de nada ni la antesala de nada<\/strong>, sino todo lo contrario, <strong>un enorme freno para la transici\u00f3n ecol\u00f3gica y la descarbonizaci\u00f3n de las islas<\/strong>, al <strong>frenar el desarrollo de las renovables<\/strong>.<\/p>\n\n\n\n<hr class=\"wp-block-separator has-alpha-channel-opacity\"\/>\n\n\n\n<p class=\"wp-block-paragraph\"><\/p>\n","protected":false},"excerpt":{"rendered":"<p>Desde principios de 2021 se viene tramitando un proyecto para una instalaci\u00f3n de gas natural licuado (GNL) y una turbina de gas de 70 MW para la producci\u00f3n de electricidad en el muelle de Santa Cruz por parte de la empresa Totisa Energ\u00eda S.L.U.. Esta instalaci\u00f3n tendr\u00e1 una ocupaci\u00f3n de 26.600 metros cuadrados en Cueva [&hellip;]<\/p>\n","protected":false},"author":1,"featured_media":329,"comment_status":"open","ping_status":"open","sticky":false,"template":"","format":"standard","meta":{"footnotes":""},"categories":[49,33],"tags":[],"class_list":["post-346","post","type-post","status-publish","format-standard","has-post-thumbnail","category-g_totisa","category-gnl"],"yoast_head":"<!-- This site is optimized with the Yoast SEO plugin v28.2 - https:\/\/yoast.com\/product\/yoast-seo-wordpress\/ -->\n<title>Instalaci\u00f3n en Santa Cruz - Salto Ecol\u00f3gico<\/title>\n<meta name=\"robots\" content=\"index, follow, max-snippet:-1, max-image-preview:large, max-video-preview:-1\" \/>\n<link rel=\"canonical\" href=\"https:\/\/saltoecologico.es\/index.php\/2022\/05\/23\/instalacion-en-santa-cruz\/\" \/>\n<meta property=\"og:locale\" content=\"es_ES\" \/>\n<meta property=\"og:type\" content=\"article\" \/>\n<meta property=\"og:title\" content=\"Instalaci\u00f3n en Santa Cruz - Salto Ecol\u00f3gico\" \/>\n<meta property=\"og:description\" content=\"Desde principios de 2021 se viene tramitando un proyecto para una instalaci\u00f3n de gas natural licuado (GNL) y una turbina de gas de 70 MW para la producci\u00f3n de electricidad en el muelle de Santa Cruz por parte de la empresa Totisa Energ\u00eda S.L.U.. Esta instalaci\u00f3n tendr\u00e1 una ocupaci\u00f3n de 26.600 metros cuadrados en Cueva [&hellip;]\" \/>\n<meta property=\"og:url\" content=\"https:\/\/saltoecologico.es\/index.php\/2022\/05\/23\/instalacion-en-santa-cruz\/\" \/>\n<meta property=\"og:site_name\" content=\"Salto Ecol\u00f3gico\" \/>\n<meta property=\"article:publisher\" content=\"https:\/\/www.facebook.com\/Saltotransicionecologica\" \/>\n<meta property=\"article:published_time\" content=\"2022-05-23T17:13:00+00:00\" \/>\n<meta property=\"article:modified_time\" content=\"2025-04-13T08:04:25+00:00\" \/>\n<meta property=\"og:image\" content=\"https:\/\/saltoecologico.es\/wp-content\/uploads\/2025\/04\/GNL.jpg\" \/>\n\t<meta property=\"og:image:width\" content=\"1024\" \/>\n\t<meta property=\"og:image:height\" content=\"683\" \/>\n\t<meta property=\"og:image:type\" content=\"image\/jpeg\" \/>\n<meta name=\"author\" content=\"admin\" \/>\n<meta name=\"twitter:card\" content=\"summary_large_image\" \/>\n<meta name=\"twitter:label1\" content=\"Escrito por\" \/>\n\t<meta name=\"twitter:data1\" content=\"admin\" \/>\n\t<meta name=\"twitter:label2\" content=\"Tiempo de lectura\" \/>\n\t<meta name=\"twitter:data2\" content=\"3 minutos\" \/>\n<script type=\"application\/ld+json\" class=\"yoast-schema-graph\">{\"@context\":\"https:\\\/\\\/schema.org\",\"@graph\":[{\"@type\":\"Article\",\"@id\":\"https:\\\/\\\/saltoecologico.es\\\/index.php\\\/2022\\\/05\\\/23\\\/instalacion-en-santa-cruz\\\/#article\",\"isPartOf\":{\"@id\":\"https:\\\/\\\/saltoecologico.es\\\/index.php\\\/2022\\\/05\\\/23\\\/instalacion-en-santa-cruz\\\/\"},\"author\":{\"name\":\"admin\",\"@id\":\"https:\\\/\\\/saltoecologico.es\\\/#\\\/schema\\\/person\\\/7175eec4b3c123d86c675313c3a01a0b\"},\"headline\":\"Instalaci\u00f3n en Santa Cruz\",\"datePublished\":\"2022-05-23T17:13:00+00:00\",\"dateModified\":\"2025-04-13T08:04:25+00:00\",\"mainEntityOfPage\":{\"@id\":\"https:\\\/\\\/saltoecologico.es\\\/index.php\\\/2022\\\/05\\\/23\\\/instalacion-en-santa-cruz\\\/\"},\"wordCount\":555,\"commentCount\":0,\"publisher\":{\"@id\":\"https:\\\/\\\/saltoecologico.es\\\/#organization\"},\"image\":{\"@id\":\"https:\\\/\\\/saltoecologico.es\\\/index.php\\\/2022\\\/05\\\/23\\\/instalacion-en-santa-cruz\\\/#primaryimage\"},\"thumbnailUrl\":\"https:\\\/\\\/saltoecologico.es\\\/wp-content\\\/uploads\\\/2025\\\/04\\\/GNL.jpg\",\"articleSection\":[\"G_Totisa\",\"GNL\"],\"inLanguage\":\"es\",\"potentialAction\":[{\"@type\":\"CommentAction\",\"name\":\"Comment\",\"target\":[\"https:\\\/\\\/saltoecologico.es\\\/index.php\\\/2022\\\/05\\\/23\\\/instalacion-en-santa-cruz\\\/#respond\"]}]},{\"@type\":\"WebPage\",\"@id\":\"https:\\\/\\\/saltoecologico.es\\\/index.php\\\/2022\\\/05\\\/23\\\/instalacion-en-santa-cruz\\\/\",\"url\":\"https:\\\/\\\/saltoecologico.es\\\/index.php\\\/2022\\\/05\\\/23\\\/instalacion-en-santa-cruz\\\/\",\"name\":\"Instalaci\u00f3n en Santa Cruz - Salto Ecol\u00f3gico\",\"isPartOf\":{\"@id\":\"https:\\\/\\\/saltoecologico.es\\\/#website\"},\"primaryImageOfPage\":{\"@id\":\"https:\\\/\\\/saltoecologico.es\\\/index.php\\\/2022\\\/05\\\/23\\\/instalacion-en-santa-cruz\\\/#primaryimage\"},\"image\":{\"@id\":\"https:\\\/\\\/saltoecologico.es\\\/index.php\\\/2022\\\/05\\\/23\\\/instalacion-en-santa-cruz\\\/#primaryimage\"},\"thumbnailUrl\":\"https:\\\/\\\/saltoecologico.es\\\/wp-content\\\/uploads\\\/2025\\\/04\\\/GNL.jpg\",\"datePublished\":\"2022-05-23T17:13:00+00:00\",\"dateModified\":\"2025-04-13T08:04:25+00:00\",\"breadcrumb\":{\"@id\":\"https:\\\/\\\/saltoecologico.es\\\/index.php\\\/2022\\\/05\\\/23\\\/instalacion-en-santa-cruz\\\/#breadcrumb\"},\"inLanguage\":\"es\",\"potentialAction\":[{\"@type\":\"ReadAction\",\"target\":[\"https:\\\/\\\/saltoecologico.es\\\/index.php\\\/2022\\\/05\\\/23\\\/instalacion-en-santa-cruz\\\/\"]}]},{\"@type\":\"ImageObject\",\"inLanguage\":\"es\",\"@id\":\"https:\\\/\\\/saltoecologico.es\\\/index.php\\\/2022\\\/05\\\/23\\\/instalacion-en-santa-cruz\\\/#primaryimage\",\"url\":\"https:\\\/\\\/saltoecologico.es\\\/wp-content\\\/uploads\\\/2025\\\/04\\\/GNL.jpg\",\"contentUrl\":\"https:\\\/\\\/saltoecologico.es\\\/wp-content\\\/uploads\\\/2025\\\/04\\\/GNL.jpg\",\"width\":1024,\"height\":683},{\"@type\":\"BreadcrumbList\",\"@id\":\"https:\\\/\\\/saltoecologico.es\\\/index.php\\\/2022\\\/05\\\/23\\\/instalacion-en-santa-cruz\\\/#breadcrumb\",\"itemListElement\":[{\"@type\":\"ListItem\",\"position\":1,\"name\":\"Portada\",\"item\":\"https:\\\/\\\/saltoecologico.es\\\/\"},{\"@type\":\"ListItem\",\"position\":2,\"name\":\"Instalaci\u00f3n en Santa Cruz\"}]},{\"@type\":\"WebSite\",\"@id\":\"https:\\\/\\\/saltoecologico.es\\\/#website\",\"url\":\"https:\\\/\\\/saltoecologico.es\\\/\",\"name\":\"Salto Ecol\u00f3gico\",\"description\":\"\",\"publisher\":{\"@id\":\"https:\\\/\\\/saltoecologico.es\\\/#organization\"},\"potentialAction\":[{\"@type\":\"SearchAction\",\"target\":{\"@type\":\"EntryPoint\",\"urlTemplate\":\"https:\\\/\\\/saltoecologico.es\\\/?s={search_term_string}\"},\"query-input\":{\"@type\":\"PropertyValueSpecification\",\"valueRequired\":true,\"valueName\":\"search_term_string\"}}],\"inLanguage\":\"es\"},{\"@type\":\"Organization\",\"@id\":\"https:\\\/\\\/saltoecologico.es\\\/#organization\",\"name\":\"Salto a la Transici\u00f3n Ecol\u00f3gica\",\"url\":\"https:\\\/\\\/saltoecologico.es\\\/\",\"logo\":{\"@type\":\"ImageObject\",\"inLanguage\":\"es\",\"@id\":\"https:\\\/\\\/saltoecologico.es\\\/#\\\/schema\\\/logo\\\/image\\\/\",\"url\":\"https:\\\/\\\/saltoecologico.es\\\/wp-content\\\/uploads\\\/2025\\\/04\\\/Logo-STE.jpg\",\"contentUrl\":\"https:\\\/\\\/saltoecologico.es\\\/wp-content\\\/uploads\\\/2025\\\/04\\\/Logo-STE.jpg\",\"width\":435,\"height\":435,\"caption\":\"Salto a la Transici\u00f3n Ecol\u00f3gica\"},\"image\":{\"@id\":\"https:\\\/\\\/saltoecologico.es\\\/#\\\/schema\\\/logo\\\/image\\\/\"},\"sameAs\":[\"https:\\\/\\\/www.facebook.com\\\/Saltotransicionecologica\"]},{\"@type\":\"Person\",\"@id\":\"https:\\\/\\\/saltoecologico.es\\\/#\\\/schema\\\/person\\\/7175eec4b3c123d86c675313c3a01a0b\",\"name\":\"admin\",\"image\":{\"@type\":\"ImageObject\",\"inLanguage\":\"es\",\"@id\":\"https:\\\/\\\/secure.gravatar.com\\\/avatar\\\/4c215dc57bbc7b2f2f470ac9bd197f3f112636a584e575a732d0206a2d9c9806?s=96&d=mm&r=g\",\"url\":\"https:\\\/\\\/secure.gravatar.com\\\/avatar\\\/4c215dc57bbc7b2f2f470ac9bd197f3f112636a584e575a732d0206a2d9c9806?s=96&d=mm&r=g\",\"contentUrl\":\"https:\\\/\\\/secure.gravatar.com\\\/avatar\\\/4c215dc57bbc7b2f2f470ac9bd197f3f112636a584e575a732d0206a2d9c9806?s=96&d=mm&r=g\",\"caption\":\"admin\"},\"sameAs\":[\"https:\\\/\\\/saltoecologico.es\"],\"url\":\"https:\\\/\\\/saltoecologico.es\\\/index.php\\\/author\\\/saltoecologico\\\/\"}]}<\/script>\n<!-- \/ Yoast SEO plugin. -->","yoast_head_json":{"title":"Instalaci\u00f3n en Santa Cruz - Salto Ecol\u00f3gico","robots":{"index":"index","follow":"follow","max-snippet":"max-snippet:-1","max-image-preview":"max-image-preview:large","max-video-preview":"max-video-preview:-1"},"canonical":"https:\/\/saltoecologico.es\/index.php\/2022\/05\/23\/instalacion-en-santa-cruz\/","og_locale":"es_ES","og_type":"article","og_title":"Instalaci\u00f3n en Santa Cruz - Salto Ecol\u00f3gico","og_description":"Desde principios de 2021 se viene tramitando un proyecto para una instalaci\u00f3n de gas natural licuado (GNL) y una turbina de gas de 70 MW para la producci\u00f3n de electricidad en el muelle de Santa Cruz por parte de la empresa Totisa Energ\u00eda S.L.U.. Esta instalaci\u00f3n tendr\u00e1 una ocupaci\u00f3n de 26.600 metros cuadrados en Cueva [&hellip;]","og_url":"https:\/\/saltoecologico.es\/index.php\/2022\/05\/23\/instalacion-en-santa-cruz\/","og_site_name":"Salto Ecol\u00f3gico","article_publisher":"https:\/\/www.facebook.com\/Saltotransicionecologica","article_published_time":"2022-05-23T17:13:00+00:00","article_modified_time":"2025-04-13T08:04:25+00:00","og_image":[{"width":1024,"height":683,"url":"https:\/\/saltoecologico.es\/wp-content\/uploads\/2025\/04\/GNL.jpg","type":"image\/jpeg"}],"author":"admin","twitter_card":"summary_large_image","twitter_misc":{"Escrito por":"admin","Tiempo de lectura":"3 minutos"},"schema":{"@context":"https:\/\/schema.org","@graph":[{"@type":"Article","@id":"https:\/\/saltoecologico.es\/index.php\/2022\/05\/23\/instalacion-en-santa-cruz\/#article","isPartOf":{"@id":"https:\/\/saltoecologico.es\/index.php\/2022\/05\/23\/instalacion-en-santa-cruz\/"},"author":{"name":"admin","@id":"https:\/\/saltoecologico.es\/#\/schema\/person\/7175eec4b3c123d86c675313c3a01a0b"},"headline":"Instalaci\u00f3n en Santa Cruz","datePublished":"2022-05-23T17:13:00+00:00","dateModified":"2025-04-13T08:04:25+00:00","mainEntityOfPage":{"@id":"https:\/\/saltoecologico.es\/index.php\/2022\/05\/23\/instalacion-en-santa-cruz\/"},"wordCount":555,"commentCount":0,"publisher":{"@id":"https:\/\/saltoecologico.es\/#organization"},"image":{"@id":"https:\/\/saltoecologico.es\/index.php\/2022\/05\/23\/instalacion-en-santa-cruz\/#primaryimage"},"thumbnailUrl":"https:\/\/saltoecologico.es\/wp-content\/uploads\/2025\/04\/GNL.jpg","articleSection":["G_Totisa","GNL"],"inLanguage":"es","potentialAction":[{"@type":"CommentAction","name":"Comment","target":["https:\/\/saltoecologico.es\/index.php\/2022\/05\/23\/instalacion-en-santa-cruz\/#respond"]}]},{"@type":"WebPage","@id":"https:\/\/saltoecologico.es\/index.php\/2022\/05\/23\/instalacion-en-santa-cruz\/","url":"https:\/\/saltoecologico.es\/index.php\/2022\/05\/23\/instalacion-en-santa-cruz\/","name":"Instalaci\u00f3n en Santa Cruz - Salto Ecol\u00f3gico","isPartOf":{"@id":"https:\/\/saltoecologico.es\/#website"},"primaryImageOfPage":{"@id":"https:\/\/saltoecologico.es\/index.php\/2022\/05\/23\/instalacion-en-santa-cruz\/#primaryimage"},"image":{"@id":"https:\/\/saltoecologico.es\/index.php\/2022\/05\/23\/instalacion-en-santa-cruz\/#primaryimage"},"thumbnailUrl":"https:\/\/saltoecologico.es\/wp-content\/uploads\/2025\/04\/GNL.jpg","datePublished":"2022-05-23T17:13:00+00:00","dateModified":"2025-04-13T08:04:25+00:00","breadcrumb":{"@id":"https:\/\/saltoecologico.es\/index.php\/2022\/05\/23\/instalacion-en-santa-cruz\/#breadcrumb"},"inLanguage":"es","potentialAction":[{"@type":"ReadAction","target":["https:\/\/saltoecologico.es\/index.php\/2022\/05\/23\/instalacion-en-santa-cruz\/"]}]},{"@type":"ImageObject","inLanguage":"es","@id":"https:\/\/saltoecologico.es\/index.php\/2022\/05\/23\/instalacion-en-santa-cruz\/#primaryimage","url":"https:\/\/saltoecologico.es\/wp-content\/uploads\/2025\/04\/GNL.jpg","contentUrl":"https:\/\/saltoecologico.es\/wp-content\/uploads\/2025\/04\/GNL.jpg","width":1024,"height":683},{"@type":"BreadcrumbList","@id":"https:\/\/saltoecologico.es\/index.php\/2022\/05\/23\/instalacion-en-santa-cruz\/#breadcrumb","itemListElement":[{"@type":"ListItem","position":1,"name":"Portada","item":"https:\/\/saltoecologico.es\/"},{"@type":"ListItem","position":2,"name":"Instalaci\u00f3n en Santa Cruz"}]},{"@type":"WebSite","@id":"https:\/\/saltoecologico.es\/#website","url":"https:\/\/saltoecologico.es\/","name":"Salto Ecol\u00f3gico","description":"","publisher":{"@id":"https:\/\/saltoecologico.es\/#organization"},"potentialAction":[{"@type":"SearchAction","target":{"@type":"EntryPoint","urlTemplate":"https:\/\/saltoecologico.es\/?s={search_term_string}"},"query-input":{"@type":"PropertyValueSpecification","valueRequired":true,"valueName":"search_term_string"}}],"inLanguage":"es"},{"@type":"Organization","@id":"https:\/\/saltoecologico.es\/#organization","name":"Salto a la Transici\u00f3n Ecol\u00f3gica","url":"https:\/\/saltoecologico.es\/","logo":{"@type":"ImageObject","inLanguage":"es","@id":"https:\/\/saltoecologico.es\/#\/schema\/logo\/image\/","url":"https:\/\/saltoecologico.es\/wp-content\/uploads\/2025\/04\/Logo-STE.jpg","contentUrl":"https:\/\/saltoecologico.es\/wp-content\/uploads\/2025\/04\/Logo-STE.jpg","width":435,"height":435,"caption":"Salto a la Transici\u00f3n Ecol\u00f3gica"},"image":{"@id":"https:\/\/saltoecologico.es\/#\/schema\/logo\/image\/"},"sameAs":["https:\/\/www.facebook.com\/Saltotransicionecologica"]},{"@type":"Person","@id":"https:\/\/saltoecologico.es\/#\/schema\/person\/7175eec4b3c123d86c675313c3a01a0b","name":"admin","image":{"@type":"ImageObject","inLanguage":"es","@id":"https:\/\/secure.gravatar.com\/avatar\/4c215dc57bbc7b2f2f470ac9bd197f3f112636a584e575a732d0206a2d9c9806?s=96&d=mm&r=g","url":"https:\/\/secure.gravatar.com\/avatar\/4c215dc57bbc7b2f2f470ac9bd197f3f112636a584e575a732d0206a2d9c9806?s=96&d=mm&r=g","contentUrl":"https:\/\/secure.gravatar.com\/avatar\/4c215dc57bbc7b2f2f470ac9bd197f3f112636a584e575a732d0206a2d9c9806?s=96&d=mm&r=g","caption":"admin"},"sameAs":["https:\/\/saltoecologico.es"],"url":"https:\/\/saltoecologico.es\/index.php\/author\/saltoecologico\/"}]}},"_links":{"self":[{"href":"https:\/\/saltoecologico.es\/index.php\/wp-json\/wp\/v2\/posts\/346","targetHints":{"allow":["GET"]}}],"collection":[{"href":"https:\/\/saltoecologico.es\/index.php\/wp-json\/wp\/v2\/posts"}],"about":[{"href":"https:\/\/saltoecologico.es\/index.php\/wp-json\/wp\/v2\/types\/post"}],"author":[{"embeddable":true,"href":"https:\/\/saltoecologico.es\/index.php\/wp-json\/wp\/v2\/users\/1"}],"replies":[{"embeddable":true,"href":"https:\/\/saltoecologico.es\/index.php\/wp-json\/wp\/v2\/comments?post=346"}],"version-history":[{"count":1,"href":"https:\/\/saltoecologico.es\/index.php\/wp-json\/wp\/v2\/posts\/346\/revisions"}],"predecessor-version":[{"id":347,"href":"https:\/\/saltoecologico.es\/index.php\/wp-json\/wp\/v2\/posts\/346\/revisions\/347"}],"wp:featuredmedia":[{"embeddable":true,"href":"https:\/\/saltoecologico.es\/index.php\/wp-json\/wp\/v2\/media\/329"}],"wp:attachment":[{"href":"https:\/\/saltoecologico.es\/index.php\/wp-json\/wp\/v2\/media?parent=346"}],"wp:term":[{"taxonomy":"category","embeddable":true,"href":"https:\/\/saltoecologico.es\/index.php\/wp-json\/wp\/v2\/categories?post=346"},{"taxonomy":"post_tag","embeddable":true,"href":"https:\/\/saltoecologico.es\/index.php\/wp-json\/wp\/v2\/tags?post=346"}],"curies":[{"name":"wp","href":"https:\/\/api.w.org\/{rel}","templated":true}]}}