{"id":348,"date":"2022-05-24T17:22:00","date_gmt":"2022-05-24T17:22:00","guid":{"rendered":"https:\/\/saltoecologico.es\/?p=348"},"modified":"2025-04-11T17:25:28","modified_gmt":"2025-04-11T17:25:28","slug":"la-refineria","status":"publish","type":"post","link":"https:\/\/saltoecologico.es\/index.php\/2022\/05\/24\/la-refineria\/","title":{"rendered":"La Refiner\u00eda"},"content":{"rendered":"\n<p class=\"wp-block-paragraph\">En los \u00faltimos d\u00edas los <strong>medios de comunicaci\u00f3n locales<\/strong> se han hecho eco de una noticia que en principio pudiera parecer positiva, pero que deja en evidencia los <strong>peajes que toda sociedad debe de pagar por utilizar y haber utilizado combustibles f\u00f3siles para obtener su energ\u00eda<\/strong>. Nos estamos refiriendo al <strong>comienzo de las obras del desmantelamiento de la Refiner\u00eda de Cepsa en la capital tinerfe\u00f1a<\/strong>.<\/p>\n\n\n\n<p class=\"wp-block-paragraph\">En la mayor\u00eda de medios esta ha sido la portada de sus publicaciones dejando de lado otra, que de no realizarse <strong>impedir\u00eda la primera<\/strong> y que consiste en que <strong>para desmantelar las instalaciones santacruceras es necesario la ejecuci\u00f3n de una terminal de almacenamiento y trasiego de hidrocarburos l\u00edquidos (clase B y C) con una capacidad total de almacenamiento de 124.570 metros c\u00fabicos en Granadilla<\/strong>. Dicha instalaci\u00f3n estar\u00e1 compuesta por <strong>trece tanques cil\u00edndricos de eje vertical y diferentes vol\u00famenes<\/strong>, agrupados en <strong>dos cubetos de retenci\u00f3n<\/strong>, as\u00ed como un <strong>conjunto de instalaciones auxiliares: bombas, filtros separadores, skids de aditivaci\u00f3n y unidades de recuperaci\u00f3n de vapores<\/strong>. Tambi\u00e9n ser\u00e1 necesario <strong>adaptar la alineaci\u00f3n del Dique Exterior del Puerto de Granadilla<\/strong>, al objeto de la <strong>recepci\u00f3n y suministro de productos petrol\u00edferos<\/strong>.<\/p>\n\n\n\n<p class=\"wp-block-paragraph\">Esta cuesti\u00f3n se debe fundamentalmente a una <strong>exigencia legal<\/strong> que determina que <strong>todos los operadores de petr\u00f3leo tienen la obligaci\u00f3n de mantener unas reservas m\u00ednimas de gasolina, gasoil o queroseno equivalentes a 90 d\u00edas de su consumo durante el a\u00f1o anterior<\/strong>.<\/p>\n\n\n\n<p class=\"wp-block-paragraph\">Obviamente ante esta situaci\u00f3n no resulta extra\u00f1o que voces como la de <strong>Jennifer Miranda<\/strong>, portavoz municipal del PSOE en el Ayuntamiento de Granadilla, <strong>exponga crudamente su frontal rechazo a la situaci\u00f3n<\/strong>, en la que su municipio se tiene que plegar a una situaci\u00f3n sobrevenida, precisamente por esas <strong>pleites\u00edas que tenemos que pagar por un sistema energ\u00e9tico, caduco y obsoleto<\/strong>, que <strong>no solo degrada al medio ambiente, sino a cualquier desarrollo con visi\u00f3n de futuro<\/strong>, dado que estamos convencidos que <strong>CEPSA no har\u00e1 esas inversiones millonarias para desmantelarlas a la vuelta de la esquina<\/strong>, ante una <strong>descarbonizaci\u00f3n en el 2040<\/strong>, como en teor\u00eda plantea el actual gobierno. No hablemos ya, si alg\u00fan gobierno entrante est\u00e1 conformado por partidos <strong>para los cuales el cambio clim\u00e1tico es tan solo un tema intelectual de tertulia<\/strong>.<\/p>\n\n\n\n<p class=\"wp-block-paragraph\">Es ante situaciones tan expl\u00edcitas como estas, que nos preguntamos:<br><strong>\u00bfqu\u00e9 hace el gobierno de la naci\u00f3n liberalizando las instalaciones de regasificaci\u00f3n de Canarias?<\/strong>,<br><strong>\u00bfc\u00f3mo el gobierno de Canarias acepta esta situaci\u00f3n y contempla la introducci\u00f3n del gas para barcos y centrales el\u00e9ctricas?<\/strong>,<br><strong>\u00bfc\u00f3mo bendecimos una instalaci\u00f3n de GNL en Cueva Bermeja, en pleno centro de Santa Cruz?<\/strong>,<br><strong>\u00bfes que no hemos aprendido nada con la refiner\u00eda de CEPSA y sus estertores finales para evitar su completa desaparici\u00f3n?<\/strong><\/p>\n\n\n\n<p class=\"wp-block-paragraph\">Hay veces que vemos al <strong>gobierno de Canarias como un ser con dos almas<\/strong>. Una de <strong>las grandes declaraciones en las que se aboga por la descarbonizaci\u00f3n, la transici\u00f3n ecol\u00f3gica y la lucha contra el cambio clim\u00e1tico<\/strong>, y otra de <strong>la defensa de los intereses empresariales de siempre para garantizarse el apoyo de ciertas oligarqu\u00edas<\/strong>. <strong>La primera es la que se saca a pasear<\/strong>, <strong>la segunda es la que se utiliza en casa y con los nuestros<\/strong>.<\/p>\n\n\n\n<hr class=\"wp-block-separator has-alpha-channel-opacity\"\/>\n\n\n\n<p class=\"wp-block-paragraph\"><\/p>\n","protected":false},"excerpt":{"rendered":"<p>En los \u00faltimos d\u00edas los medios de comunicaci\u00f3n locales se han hecho eco de una noticia que en principio pudiera parecer positiva, pero que deja en evidencia los peajes que toda sociedad debe de pagar por utilizar y haber utilizado combustibles f\u00f3siles para obtener su energ\u00eda. Nos estamos refiriendo al comienzo de las obras del [&hellip;]<\/p>\n","protected":false},"author":1,"featured_media":349,"comment_status":"open","ping_status":"open","sticky":false,"template":"","format":"standard","meta":{"footnotes":""},"categories":[42],"tags":[],"class_list":["post-348","post","type-post","status-publish","format-standard","has-post-thumbnail","category-fosiles"],"yoast_head":"<!-- This site is optimized with the Yoast SEO plugin v28.2 - https:\/\/yoast.com\/product\/yoast-seo-wordpress\/ -->\n<title>La Refiner\u00eda - Salto Ecol\u00f3gico<\/title>\n<meta name=\"robots\" content=\"index, follow, max-snippet:-1, max-image-preview:large, max-video-preview:-1\" \/>\n<link rel=\"canonical\" href=\"https:\/\/saltoecologico.es\/index.php\/2022\/05\/24\/la-refineria\/\" \/>\n<meta property=\"og:locale\" content=\"es_ES\" \/>\n<meta property=\"og:type\" content=\"article\" \/>\n<meta property=\"og:title\" content=\"La Refiner\u00eda - Salto Ecol\u00f3gico\" \/>\n<meta property=\"og:description\" content=\"En los \u00faltimos d\u00edas los medios de comunicaci\u00f3n locales se han hecho eco de una noticia que en principio pudiera parecer positiva, pero que deja en evidencia los peajes que toda sociedad debe de pagar por utilizar y haber utilizado combustibles f\u00f3siles para obtener su energ\u00eda. Nos estamos refiriendo al comienzo de las obras del [&hellip;]\" \/>\n<meta property=\"og:url\" content=\"https:\/\/saltoecologico.es\/index.php\/2022\/05\/24\/la-refineria\/\" \/>\n<meta property=\"og:site_name\" content=\"Salto Ecol\u00f3gico\" \/>\n<meta property=\"article:publisher\" content=\"https:\/\/www.facebook.com\/Saltotransicionecologica\" \/>\n<meta property=\"article:published_time\" content=\"2022-05-24T17:22:00+00:00\" \/>\n<meta property=\"article:modified_time\" content=\"2025-04-11T17:25:28+00:00\" \/>\n<meta property=\"og:image\" content=\"https:\/\/saltoecologico.es\/wp-content\/uploads\/2025\/04\/Fosiles.jpg\" \/>\n\t<meta property=\"og:image:width\" content=\"1024\" \/>\n\t<meta property=\"og:image:height\" content=\"683\" \/>\n\t<meta property=\"og:image:type\" content=\"image\/jpeg\" \/>\n<meta name=\"author\" content=\"admin\" \/>\n<meta name=\"twitter:card\" content=\"summary_large_image\" \/>\n<meta name=\"twitter:label1\" content=\"Escrito por\" \/>\n\t<meta name=\"twitter:data1\" content=\"admin\" \/>\n\t<meta name=\"twitter:label2\" content=\"Tiempo de lectura\" \/>\n\t<meta name=\"twitter:data2\" content=\"3 minutos\" \/>\n<script type=\"application\/ld+json\" class=\"yoast-schema-graph\">{\"@context\":\"https:\\\/\\\/schema.org\",\"@graph\":[{\"@type\":\"Article\",\"@id\":\"https:\\\/\\\/saltoecologico.es\\\/index.php\\\/2022\\\/05\\\/24\\\/la-refineria\\\/#article\",\"isPartOf\":{\"@id\":\"https:\\\/\\\/saltoecologico.es\\\/index.php\\\/2022\\\/05\\\/24\\\/la-refineria\\\/\"},\"author\":{\"name\":\"admin\",\"@id\":\"https:\\\/\\\/saltoecologico.es\\\/#\\\/schema\\\/person\\\/7175eec4b3c123d86c675313c3a01a0b\"},\"headline\":\"La Refiner\u00eda\",\"datePublished\":\"2022-05-24T17:22:00+00:00\",\"dateModified\":\"2025-04-11T17:25:28+00:00\",\"mainEntityOfPage\":{\"@id\":\"https:\\\/\\\/saltoecologico.es\\\/index.php\\\/2022\\\/05\\\/24\\\/la-refineria\\\/\"},\"wordCount\":572,\"commentCount\":0,\"publisher\":{\"@id\":\"https:\\\/\\\/saltoecologico.es\\\/#organization\"},\"image\":{\"@id\":\"https:\\\/\\\/saltoecologico.es\\\/index.php\\\/2022\\\/05\\\/24\\\/la-refineria\\\/#primaryimage\"},\"thumbnailUrl\":\"https:\\\/\\\/saltoecologico.es\\\/wp-content\\\/uploads\\\/2025\\\/04\\\/Fosiles.jpg\",\"articleSection\":[\"F\u00f3siles\"],\"inLanguage\":\"es\",\"potentialAction\":[{\"@type\":\"CommentAction\",\"name\":\"Comment\",\"target\":[\"https:\\\/\\\/saltoecologico.es\\\/index.php\\\/2022\\\/05\\\/24\\\/la-refineria\\\/#respond\"]}]},{\"@type\":\"WebPage\",\"@id\":\"https:\\\/\\\/saltoecologico.es\\\/index.php\\\/2022\\\/05\\\/24\\\/la-refineria\\\/\",\"url\":\"https:\\\/\\\/saltoecologico.es\\\/index.php\\\/2022\\\/05\\\/24\\\/la-refineria\\\/\",\"name\":\"La Refiner\u00eda - Salto Ecol\u00f3gico\",\"isPartOf\":{\"@id\":\"https:\\\/\\\/saltoecologico.es\\\/#website\"},\"primaryImageOfPage\":{\"@id\":\"https:\\\/\\\/saltoecologico.es\\\/index.php\\\/2022\\\/05\\\/24\\\/la-refineria\\\/#primaryimage\"},\"image\":{\"@id\":\"https:\\\/\\\/saltoecologico.es\\\/index.php\\\/2022\\\/05\\\/24\\\/la-refineria\\\/#primaryimage\"},\"thumbnailUrl\":\"https:\\\/\\\/saltoecologico.es\\\/wp-content\\\/uploads\\\/2025\\\/04\\\/Fosiles.jpg\",\"datePublished\":\"2022-05-24T17:22:00+00:00\",\"dateModified\":\"2025-04-11T17:25:28+00:00\",\"breadcrumb\":{\"@id\":\"https:\\\/\\\/saltoecologico.es\\\/index.php\\\/2022\\\/05\\\/24\\\/la-refineria\\\/#breadcrumb\"},\"inLanguage\":\"es\",\"potentialAction\":[{\"@type\":\"ReadAction\",\"target\":[\"https:\\\/\\\/saltoecologico.es\\\/index.php\\\/2022\\\/05\\\/24\\\/la-refineria\\\/\"]}]},{\"@type\":\"ImageObject\",\"inLanguage\":\"es\",\"@id\":\"https:\\\/\\\/saltoecologico.es\\\/index.php\\\/2022\\\/05\\\/24\\\/la-refineria\\\/#primaryimage\",\"url\":\"https:\\\/\\\/saltoecologico.es\\\/wp-content\\\/uploads\\\/2025\\\/04\\\/Fosiles.jpg\",\"contentUrl\":\"https:\\\/\\\/saltoecologico.es\\\/wp-content\\\/uploads\\\/2025\\\/04\\\/Fosiles.jpg\",\"width\":1024,\"height\":683},{\"@type\":\"BreadcrumbList\",\"@id\":\"https:\\\/\\\/saltoecologico.es\\\/index.php\\\/2022\\\/05\\\/24\\\/la-refineria\\\/#breadcrumb\",\"itemListElement\":[{\"@type\":\"ListItem\",\"position\":1,\"name\":\"Portada\",\"item\":\"https:\\\/\\\/saltoecologico.es\\\/\"},{\"@type\":\"ListItem\",\"position\":2,\"name\":\"La Refiner\u00eda\"}]},{\"@type\":\"WebSite\",\"@id\":\"https:\\\/\\\/saltoecologico.es\\\/#website\",\"url\":\"https:\\\/\\\/saltoecologico.es\\\/\",\"name\":\"Salto Ecol\u00f3gico\",\"description\":\"\",\"publisher\":{\"@id\":\"https:\\\/\\\/saltoecologico.es\\\/#organization\"},\"potentialAction\":[{\"@type\":\"SearchAction\",\"target\":{\"@type\":\"EntryPoint\",\"urlTemplate\":\"https:\\\/\\\/saltoecologico.es\\\/?s={search_term_string}\"},\"query-input\":{\"@type\":\"PropertyValueSpecification\",\"valueRequired\":true,\"valueName\":\"search_term_string\"}}],\"inLanguage\":\"es\"},{\"@type\":\"Organization\",\"@id\":\"https:\\\/\\\/saltoecologico.es\\\/#organization\",\"name\":\"Salto a la Transici\u00f3n Ecol\u00f3gica\",\"url\":\"https:\\\/\\\/saltoecologico.es\\\/\",\"logo\":{\"@type\":\"ImageObject\",\"inLanguage\":\"es\",\"@id\":\"https:\\\/\\\/saltoecologico.es\\\/#\\\/schema\\\/logo\\\/image\\\/\",\"url\":\"https:\\\/\\\/saltoecologico.es\\\/wp-content\\\/uploads\\\/2025\\\/04\\\/Logo-STE.jpg\",\"contentUrl\":\"https:\\\/\\\/saltoecologico.es\\\/wp-content\\\/uploads\\\/2025\\\/04\\\/Logo-STE.jpg\",\"width\":435,\"height\":435,\"caption\":\"Salto a la Transici\u00f3n Ecol\u00f3gica\"},\"image\":{\"@id\":\"https:\\\/\\\/saltoecologico.es\\\/#\\\/schema\\\/logo\\\/image\\\/\"},\"sameAs\":[\"https:\\\/\\\/www.facebook.com\\\/Saltotransicionecologica\"]},{\"@type\":\"Person\",\"@id\":\"https:\\\/\\\/saltoecologico.es\\\/#\\\/schema\\\/person\\\/7175eec4b3c123d86c675313c3a01a0b\",\"name\":\"admin\",\"image\":{\"@type\":\"ImageObject\",\"inLanguage\":\"es\",\"@id\":\"https:\\\/\\\/secure.gravatar.com\\\/avatar\\\/4c215dc57bbc7b2f2f470ac9bd197f3f112636a584e575a732d0206a2d9c9806?s=96&d=mm&r=g\",\"url\":\"https:\\\/\\\/secure.gravatar.com\\\/avatar\\\/4c215dc57bbc7b2f2f470ac9bd197f3f112636a584e575a732d0206a2d9c9806?s=96&d=mm&r=g\",\"contentUrl\":\"https:\\\/\\\/secure.gravatar.com\\\/avatar\\\/4c215dc57bbc7b2f2f470ac9bd197f3f112636a584e575a732d0206a2d9c9806?s=96&d=mm&r=g\",\"caption\":\"admin\"},\"sameAs\":[\"https:\\\/\\\/saltoecologico.es\"],\"url\":\"https:\\\/\\\/saltoecologico.es\\\/index.php\\\/author\\\/saltoecologico\\\/\"}]}<\/script>\n<!-- \/ Yoast SEO plugin. -->","yoast_head_json":{"title":"La Refiner\u00eda - Salto Ecol\u00f3gico","robots":{"index":"index","follow":"follow","max-snippet":"max-snippet:-1","max-image-preview":"max-image-preview:large","max-video-preview":"max-video-preview:-1"},"canonical":"https:\/\/saltoecologico.es\/index.php\/2022\/05\/24\/la-refineria\/","og_locale":"es_ES","og_type":"article","og_title":"La Refiner\u00eda - Salto Ecol\u00f3gico","og_description":"En los \u00faltimos d\u00edas los medios de comunicaci\u00f3n locales se han hecho eco de una noticia que en principio pudiera parecer positiva, pero que deja en evidencia los peajes que toda sociedad debe de pagar por utilizar y haber utilizado combustibles f\u00f3siles para obtener su energ\u00eda. Nos estamos refiriendo al comienzo de las obras del [&hellip;]","og_url":"https:\/\/saltoecologico.es\/index.php\/2022\/05\/24\/la-refineria\/","og_site_name":"Salto Ecol\u00f3gico","article_publisher":"https:\/\/www.facebook.com\/Saltotransicionecologica","article_published_time":"2022-05-24T17:22:00+00:00","article_modified_time":"2025-04-11T17:25:28+00:00","og_image":[{"width":1024,"height":683,"url":"https:\/\/saltoecologico.es\/wp-content\/uploads\/2025\/04\/Fosiles.jpg","type":"image\/jpeg"}],"author":"admin","twitter_card":"summary_large_image","twitter_misc":{"Escrito por":"admin","Tiempo de lectura":"3 minutos"},"schema":{"@context":"https:\/\/schema.org","@graph":[{"@type":"Article","@id":"https:\/\/saltoecologico.es\/index.php\/2022\/05\/24\/la-refineria\/#article","isPartOf":{"@id":"https:\/\/saltoecologico.es\/index.php\/2022\/05\/24\/la-refineria\/"},"author":{"name":"admin","@id":"https:\/\/saltoecologico.es\/#\/schema\/person\/7175eec4b3c123d86c675313c3a01a0b"},"headline":"La Refiner\u00eda","datePublished":"2022-05-24T17:22:00+00:00","dateModified":"2025-04-11T17:25:28+00:00","mainEntityOfPage":{"@id":"https:\/\/saltoecologico.es\/index.php\/2022\/05\/24\/la-refineria\/"},"wordCount":572,"commentCount":0,"publisher":{"@id":"https:\/\/saltoecologico.es\/#organization"},"image":{"@id":"https:\/\/saltoecologico.es\/index.php\/2022\/05\/24\/la-refineria\/#primaryimage"},"thumbnailUrl":"https:\/\/saltoecologico.es\/wp-content\/uploads\/2025\/04\/Fosiles.jpg","articleSection":["F\u00f3siles"],"inLanguage":"es","potentialAction":[{"@type":"CommentAction","name":"Comment","target":["https:\/\/saltoecologico.es\/index.php\/2022\/05\/24\/la-refineria\/#respond"]}]},{"@type":"WebPage","@id":"https:\/\/saltoecologico.es\/index.php\/2022\/05\/24\/la-refineria\/","url":"https:\/\/saltoecologico.es\/index.php\/2022\/05\/24\/la-refineria\/","name":"La Refiner\u00eda - Salto Ecol\u00f3gico","isPartOf":{"@id":"https:\/\/saltoecologico.es\/#website"},"primaryImageOfPage":{"@id":"https:\/\/saltoecologico.es\/index.php\/2022\/05\/24\/la-refineria\/#primaryimage"},"image":{"@id":"https:\/\/saltoecologico.es\/index.php\/2022\/05\/24\/la-refineria\/#primaryimage"},"thumbnailUrl":"https:\/\/saltoecologico.es\/wp-content\/uploads\/2025\/04\/Fosiles.jpg","datePublished":"2022-05-24T17:22:00+00:00","dateModified":"2025-04-11T17:25:28+00:00","breadcrumb":{"@id":"https:\/\/saltoecologico.es\/index.php\/2022\/05\/24\/la-refineria\/#breadcrumb"},"inLanguage":"es","potentialAction":[{"@type":"ReadAction","target":["https:\/\/saltoecologico.es\/index.php\/2022\/05\/24\/la-refineria\/"]}]},{"@type":"ImageObject","inLanguage":"es","@id":"https:\/\/saltoecologico.es\/index.php\/2022\/05\/24\/la-refineria\/#primaryimage","url":"https:\/\/saltoecologico.es\/wp-content\/uploads\/2025\/04\/Fosiles.jpg","contentUrl":"https:\/\/saltoecologico.es\/wp-content\/uploads\/2025\/04\/Fosiles.jpg","width":1024,"height":683},{"@type":"BreadcrumbList","@id":"https:\/\/saltoecologico.es\/index.php\/2022\/05\/24\/la-refineria\/#breadcrumb","itemListElement":[{"@type":"ListItem","position":1,"name":"Portada","item":"https:\/\/saltoecologico.es\/"},{"@type":"ListItem","position":2,"name":"La Refiner\u00eda"}]},{"@type":"WebSite","@id":"https:\/\/saltoecologico.es\/#website","url":"https:\/\/saltoecologico.es\/","name":"Salto Ecol\u00f3gico","description":"","publisher":{"@id":"https:\/\/saltoecologico.es\/#organization"},"potentialAction":[{"@type":"SearchAction","target":{"@type":"EntryPoint","urlTemplate":"https:\/\/saltoecologico.es\/?s={search_term_string}"},"query-input":{"@type":"PropertyValueSpecification","valueRequired":true,"valueName":"search_term_string"}}],"inLanguage":"es"},{"@type":"Organization","@id":"https:\/\/saltoecologico.es\/#organization","name":"Salto a la Transici\u00f3n Ecol\u00f3gica","url":"https:\/\/saltoecologico.es\/","logo":{"@type":"ImageObject","inLanguage":"es","@id":"https:\/\/saltoecologico.es\/#\/schema\/logo\/image\/","url":"https:\/\/saltoecologico.es\/wp-content\/uploads\/2025\/04\/Logo-STE.jpg","contentUrl":"https:\/\/saltoecologico.es\/wp-content\/uploads\/2025\/04\/Logo-STE.jpg","width":435,"height":435,"caption":"Salto a la Transici\u00f3n Ecol\u00f3gica"},"image":{"@id":"https:\/\/saltoecologico.es\/#\/schema\/logo\/image\/"},"sameAs":["https:\/\/www.facebook.com\/Saltotransicionecologica"]},{"@type":"Person","@id":"https:\/\/saltoecologico.es\/#\/schema\/person\/7175eec4b3c123d86c675313c3a01a0b","name":"admin","image":{"@type":"ImageObject","inLanguage":"es","@id":"https:\/\/secure.gravatar.com\/avatar\/4c215dc57bbc7b2f2f470ac9bd197f3f112636a584e575a732d0206a2d9c9806?s=96&d=mm&r=g","url":"https:\/\/secure.gravatar.com\/avatar\/4c215dc57bbc7b2f2f470ac9bd197f3f112636a584e575a732d0206a2d9c9806?s=96&d=mm&r=g","contentUrl":"https:\/\/secure.gravatar.com\/avatar\/4c215dc57bbc7b2f2f470ac9bd197f3f112636a584e575a732d0206a2d9c9806?s=96&d=mm&r=g","caption":"admin"},"sameAs":["https:\/\/saltoecologico.es"],"url":"https:\/\/saltoecologico.es\/index.php\/author\/saltoecologico\/"}]}},"_links":{"self":[{"href":"https:\/\/saltoecologico.es\/index.php\/wp-json\/wp\/v2\/posts\/348","targetHints":{"allow":["GET"]}}],"collection":[{"href":"https:\/\/saltoecologico.es\/index.php\/wp-json\/wp\/v2\/posts"}],"about":[{"href":"https:\/\/saltoecologico.es\/index.php\/wp-json\/wp\/v2\/types\/post"}],"author":[{"embeddable":true,"href":"https:\/\/saltoecologico.es\/index.php\/wp-json\/wp\/v2\/users\/1"}],"replies":[{"embeddable":true,"href":"https:\/\/saltoecologico.es\/index.php\/wp-json\/wp\/v2\/comments?post=348"}],"version-history":[{"count":1,"href":"https:\/\/saltoecologico.es\/index.php\/wp-json\/wp\/v2\/posts\/348\/revisions"}],"predecessor-version":[{"id":350,"href":"https:\/\/saltoecologico.es\/index.php\/wp-json\/wp\/v2\/posts\/348\/revisions\/350"}],"wp:featuredmedia":[{"embeddable":true,"href":"https:\/\/saltoecologico.es\/index.php\/wp-json\/wp\/v2\/media\/349"}],"wp:attachment":[{"href":"https:\/\/saltoecologico.es\/index.php\/wp-json\/wp\/v2\/media?parent=348"}],"wp:term":[{"taxonomy":"category","embeddable":true,"href":"https:\/\/saltoecologico.es\/index.php\/wp-json\/wp\/v2\/categories?post=348"},{"taxonomy":"post_tag","embeddable":true,"href":"https:\/\/saltoecologico.es\/index.php\/wp-json\/wp\/v2\/tags?post=348"}],"curies":[{"name":"wp","href":"https:\/\/api.w.org\/{rel}","templated":true}]}}