{"id":384,"date":"2022-06-14T08:29:00","date_gmt":"2022-06-14T08:29:00","guid":{"rendered":"https:\/\/saltoecologico.es\/?p=384"},"modified":"2025-04-13T08:30:24","modified_gmt":"2025-04-13T08:30:24","slug":"vuelta-de-la-cordura","status":"publish","type":"post","link":"https:\/\/saltoecologico.es\/index.php\/2022\/06\/14\/vuelta-de-la-cordura\/","title":{"rendered":"Vuelta de la cordura"},"content":{"rendered":"\n<p class=\"wp-block-paragraph\">Parece que <strong>la cordura vuelve a imperar en \u00e1mbitos europeos<\/strong> ya que la conocida como <strong>\u201ctaxonom\u00eda de inversiones sostenibles\u201d<\/strong>, parece que se tambalea al sufrir su <strong>primer rev\u00e9s<\/strong>, tras la <strong>votaci\u00f3n conjunta de las comisiones parlamentarias de Econom\u00eda y Medio Ambiente de la Euroc\u00e1mara<\/strong>, que han <strong>rechazado la decisi\u00f3n de la Comisi\u00f3n Europea<\/strong> de febrero pasado, de <strong>etiquetar como verdes inversiones en energ\u00eda nuclear y gas<\/strong>. Esta decisi\u00f3n, ahora rechazada, <strong>nos hizo pensar a muchos si hab\u00eda coherencia y sentido com\u00fan en el ente europeo o simplemente hab\u00edan sucumbido al poder de los lobbies gas\u00edsticos<\/strong>, que ya campaban a sus anchas en el seno de la uni\u00f3n.<\/p>\n\n\n\n<p class=\"wp-block-paragraph\">Lamentablemente <strong>esa falta de cordura se ha instalado en el gobierno espa\u00f1ol y canario<\/strong>, que de aquella manera y <strong>en contra del sentir un\u00e1nime de los habitantes de nuestras islas<\/strong>, quieren <strong>imponer la utilizaci\u00f3n del gas<\/strong>, en principio, para <strong>generaci\u00f3n el\u00e9ctrica y uso en puertos y buques<\/strong> y quien sabe, si con pretensiones mayores, al <strong>dar rienda suelta a las plantas regasificadoras<\/strong>, <strong>eliminando de un plumazo la necesidad de la \u201cautorizaci\u00f3n administrativa\u201d<\/strong>.<\/p>\n\n\n\n<p class=\"wp-block-paragraph\">El extremo expuesto se convierte en un <strong>absurdo absoluto<\/strong>, cuando es el <strong>propio gobierno de Canarias el que publica unas estrategias<\/strong>, que pretenden ser la <strong>hoja de ruta para descarbonizar las islas antes del 2040<\/strong>, y en ellas <strong>no se hace una sola menci\u00f3n al gas natural<\/strong>, que ahora nos quieren imponer.<\/p>\n\n\n\n<p class=\"wp-block-paragraph\">El <strong>gas natural es el principal problema del encarecimiento del recibo el\u00e9ctrico<\/strong>, se ha convertido en un <strong>elemento de conflicto geoestrat\u00e9gico a nivel mundial<\/strong>, <strong>eleva al grado superlativo nuestra dependencia energ\u00e9tica<\/strong>, <strong>hipoteca el futuro de las renovables con instalaciones que tienen una vida \u00fatil regulatoria de 50 a\u00f1os<\/strong>, <strong>hace innecesario el fomento del hidr\u00f3geno verde como vector energ\u00e9tico para un futuro sostenible<\/strong>, <strong>infringe un plus de peligrosidad en los recintos portuarios con el almacenaje del gas natural licuado<\/strong>, etc., etc., etc. \u00bf<strong>Y todo esto a cambio de reducir las emisiones en un 20%<\/strong>? <strong>\u00bfEn serio que alguien puede estar, siquiera, considerando esta opci\u00f3n?<\/strong><\/p>\n\n\n\n<p class=\"wp-block-paragraph\">Lamentablemente, <strong>tenemos que fiar nuestro destino a las manos de unos pol\u00edticos extranjeros como soluci\u00f3n menos mala<\/strong>, porque al parecer, <strong>en la pol\u00edtica de nuestra tierra hay muy pocos con claridad de miras<\/strong> y los que hay, <strong>no tienen el poder suficiente para sujetar a seg\u00fan qu\u00e9 intereses econ\u00f3micos<\/strong>, que solo pensando en el <strong>beneficio a corto plazo<\/strong>, no son capaces de ver que:<\/p>\n\n\n\n<ul class=\"wp-block-list\">\n<li><strong>es mal negocio seguir contaminando<\/strong>,<\/li>\n\n\n\n<li><strong>es mal negocio seguir alimentando el monstruo del cambio clim\u00e1tico<\/strong>, y sobre todo,<\/li>\n\n\n\n<li><strong>que es muy mal negocio quedarnos sin las condiciones adecuadas para que la raza humana pueda seguir viviendo en el \u00fanico planeta del que tenemos noticia que es posible la vida<\/strong>.<\/li>\n<\/ul>\n\n\n\n<hr class=\"wp-block-separator has-alpha-channel-opacity\"\/>\n\n\n\n<p class=\"wp-block-paragraph\"><\/p>\n","protected":false},"excerpt":{"rendered":"<p>Parece que la cordura vuelve a imperar en \u00e1mbitos europeos ya que la conocida como \u201ctaxonom\u00eda de inversiones sostenibles\u201d, parece que se tambalea al sufrir su primer rev\u00e9s, tras la votaci\u00f3n conjunta de las comisiones parlamentarias de Econom\u00eda y Medio Ambiente de la Euroc\u00e1mara, que han rechazado la decisi\u00f3n de la Comisi\u00f3n Europea de febrero [&hellip;]<\/p>\n","protected":false},"author":1,"featured_media":385,"comment_status":"open","ping_status":"open","sticky":false,"template":"","format":"standard","meta":{"footnotes":""},"categories":[44,33],"tags":[],"class_list":["post-384","post","type-post","status-publish","format-standard","has-post-thumbnail","category-g_varios","category-gnl"],"yoast_head":"<!-- This site is optimized with the Yoast SEO plugin v28.2 - https:\/\/yoast.com\/product\/yoast-seo-wordpress\/ -->\n<title>Vuelta de la cordura - Salto Ecol\u00f3gico<\/title>\n<meta name=\"robots\" content=\"index, follow, max-snippet:-1, max-image-preview:large, max-video-preview:-1\" \/>\n<link rel=\"canonical\" href=\"https:\/\/saltoecologico.es\/index.php\/2022\/06\/14\/vuelta-de-la-cordura\/\" \/>\n<meta property=\"og:locale\" content=\"es_ES\" \/>\n<meta property=\"og:type\" content=\"article\" \/>\n<meta property=\"og:title\" content=\"Vuelta de la cordura - Salto Ecol\u00f3gico\" \/>\n<meta property=\"og:description\" content=\"Parece que la cordura vuelve a imperar en \u00e1mbitos europeos ya que la conocida como \u201ctaxonom\u00eda de inversiones sostenibles\u201d, parece que se tambalea al sufrir su primer rev\u00e9s, tras la votaci\u00f3n conjunta de las comisiones parlamentarias de Econom\u00eda y Medio Ambiente de la Euroc\u00e1mara, que han rechazado la decisi\u00f3n de la Comisi\u00f3n Europea de febrero [&hellip;]\" \/>\n<meta property=\"og:url\" content=\"https:\/\/saltoecologico.es\/index.php\/2022\/06\/14\/vuelta-de-la-cordura\/\" \/>\n<meta property=\"og:site_name\" content=\"Salto Ecol\u00f3gico\" \/>\n<meta property=\"article:publisher\" content=\"https:\/\/www.facebook.com\/Saltotransicionecologica\" \/>\n<meta property=\"article:published_time\" content=\"2022-06-14T08:29:00+00:00\" \/>\n<meta property=\"article:modified_time\" content=\"2025-04-13T08:30:24+00:00\" \/>\n<meta property=\"og:image\" content=\"https:\/\/saltoecologico.es\/wp-content\/uploads\/2025\/04\/GNL1.jpg\" \/>\n\t<meta property=\"og:image:width\" content=\"1024\" \/>\n\t<meta property=\"og:image:height\" content=\"683\" \/>\n\t<meta property=\"og:image:type\" content=\"image\/jpeg\" \/>\n<meta name=\"author\" content=\"admin\" \/>\n<meta name=\"twitter:card\" content=\"summary_large_image\" \/>\n<meta name=\"twitter:label1\" content=\"Escrito por\" \/>\n\t<meta name=\"twitter:data1\" content=\"admin\" \/>\n\t<meta name=\"twitter:label2\" content=\"Tiempo de lectura\" \/>\n\t<meta name=\"twitter:data2\" content=\"3 minutos\" \/>\n<script type=\"application\/ld+json\" class=\"yoast-schema-graph\">{\"@context\":\"https:\\\/\\\/schema.org\",\"@graph\":[{\"@type\":\"Article\",\"@id\":\"https:\\\/\\\/saltoecologico.es\\\/index.php\\\/2022\\\/06\\\/14\\\/vuelta-de-la-cordura\\\/#article\",\"isPartOf\":{\"@id\":\"https:\\\/\\\/saltoecologico.es\\\/index.php\\\/2022\\\/06\\\/14\\\/vuelta-de-la-cordura\\\/\"},\"author\":{\"name\":\"admin\",\"@id\":\"https:\\\/\\\/saltoecologico.es\\\/#\\\/schema\\\/person\\\/7175eec4b3c123d86c675313c3a01a0b\"},\"headline\":\"Vuelta de la cordura\",\"datePublished\":\"2022-06-14T08:29:00+00:00\",\"dateModified\":\"2025-04-13T08:30:24+00:00\",\"mainEntityOfPage\":{\"@id\":\"https:\\\/\\\/saltoecologico.es\\\/index.php\\\/2022\\\/06\\\/14\\\/vuelta-de-la-cordura\\\/\"},\"wordCount\":482,\"commentCount\":0,\"publisher\":{\"@id\":\"https:\\\/\\\/saltoecologico.es\\\/#organization\"},\"image\":{\"@id\":\"https:\\\/\\\/saltoecologico.es\\\/index.php\\\/2022\\\/06\\\/14\\\/vuelta-de-la-cordura\\\/#primaryimage\"},\"thumbnailUrl\":\"https:\\\/\\\/saltoecologico.es\\\/wp-content\\\/uploads\\\/2025\\\/04\\\/GNL1.jpg\",\"articleSection\":[\"G_Varios\",\"GNL\"],\"inLanguage\":\"es\",\"potentialAction\":[{\"@type\":\"CommentAction\",\"name\":\"Comment\",\"target\":[\"https:\\\/\\\/saltoecologico.es\\\/index.php\\\/2022\\\/06\\\/14\\\/vuelta-de-la-cordura\\\/#respond\"]}]},{\"@type\":\"WebPage\",\"@id\":\"https:\\\/\\\/saltoecologico.es\\\/index.php\\\/2022\\\/06\\\/14\\\/vuelta-de-la-cordura\\\/\",\"url\":\"https:\\\/\\\/saltoecologico.es\\\/index.php\\\/2022\\\/06\\\/14\\\/vuelta-de-la-cordura\\\/\",\"name\":\"Vuelta de la cordura - Salto Ecol\u00f3gico\",\"isPartOf\":{\"@id\":\"https:\\\/\\\/saltoecologico.es\\\/#website\"},\"primaryImageOfPage\":{\"@id\":\"https:\\\/\\\/saltoecologico.es\\\/index.php\\\/2022\\\/06\\\/14\\\/vuelta-de-la-cordura\\\/#primaryimage\"},\"image\":{\"@id\":\"https:\\\/\\\/saltoecologico.es\\\/index.php\\\/2022\\\/06\\\/14\\\/vuelta-de-la-cordura\\\/#primaryimage\"},\"thumbnailUrl\":\"https:\\\/\\\/saltoecologico.es\\\/wp-content\\\/uploads\\\/2025\\\/04\\\/GNL1.jpg\",\"datePublished\":\"2022-06-14T08:29:00+00:00\",\"dateModified\":\"2025-04-13T08:30:24+00:00\",\"breadcrumb\":{\"@id\":\"https:\\\/\\\/saltoecologico.es\\\/index.php\\\/2022\\\/06\\\/14\\\/vuelta-de-la-cordura\\\/#breadcrumb\"},\"inLanguage\":\"es\",\"potentialAction\":[{\"@type\":\"ReadAction\",\"target\":[\"https:\\\/\\\/saltoecologico.es\\\/index.php\\\/2022\\\/06\\\/14\\\/vuelta-de-la-cordura\\\/\"]}]},{\"@type\":\"ImageObject\",\"inLanguage\":\"es\",\"@id\":\"https:\\\/\\\/saltoecologico.es\\\/index.php\\\/2022\\\/06\\\/14\\\/vuelta-de-la-cordura\\\/#primaryimage\",\"url\":\"https:\\\/\\\/saltoecologico.es\\\/wp-content\\\/uploads\\\/2025\\\/04\\\/GNL1.jpg\",\"contentUrl\":\"https:\\\/\\\/saltoecologico.es\\\/wp-content\\\/uploads\\\/2025\\\/04\\\/GNL1.jpg\",\"width\":1024,\"height\":683},{\"@type\":\"BreadcrumbList\",\"@id\":\"https:\\\/\\\/saltoecologico.es\\\/index.php\\\/2022\\\/06\\\/14\\\/vuelta-de-la-cordura\\\/#breadcrumb\",\"itemListElement\":[{\"@type\":\"ListItem\",\"position\":1,\"name\":\"Portada\",\"item\":\"https:\\\/\\\/saltoecologico.es\\\/\"},{\"@type\":\"ListItem\",\"position\":2,\"name\":\"Vuelta de la cordura\"}]},{\"@type\":\"WebSite\",\"@id\":\"https:\\\/\\\/saltoecologico.es\\\/#website\",\"url\":\"https:\\\/\\\/saltoecologico.es\\\/\",\"name\":\"Salto Ecol\u00f3gico\",\"description\":\"\",\"publisher\":{\"@id\":\"https:\\\/\\\/saltoecologico.es\\\/#organization\"},\"potentialAction\":[{\"@type\":\"SearchAction\",\"target\":{\"@type\":\"EntryPoint\",\"urlTemplate\":\"https:\\\/\\\/saltoecologico.es\\\/?s={search_term_string}\"},\"query-input\":{\"@type\":\"PropertyValueSpecification\",\"valueRequired\":true,\"valueName\":\"search_term_string\"}}],\"inLanguage\":\"es\"},{\"@type\":\"Organization\",\"@id\":\"https:\\\/\\\/saltoecologico.es\\\/#organization\",\"name\":\"Salto a la Transici\u00f3n Ecol\u00f3gica\",\"url\":\"https:\\\/\\\/saltoecologico.es\\\/\",\"logo\":{\"@type\":\"ImageObject\",\"inLanguage\":\"es\",\"@id\":\"https:\\\/\\\/saltoecologico.es\\\/#\\\/schema\\\/logo\\\/image\\\/\",\"url\":\"https:\\\/\\\/saltoecologico.es\\\/wp-content\\\/uploads\\\/2025\\\/04\\\/Logo-STE.jpg\",\"contentUrl\":\"https:\\\/\\\/saltoecologico.es\\\/wp-content\\\/uploads\\\/2025\\\/04\\\/Logo-STE.jpg\",\"width\":435,\"height\":435,\"caption\":\"Salto a la Transici\u00f3n Ecol\u00f3gica\"},\"image\":{\"@id\":\"https:\\\/\\\/saltoecologico.es\\\/#\\\/schema\\\/logo\\\/image\\\/\"},\"sameAs\":[\"https:\\\/\\\/www.facebook.com\\\/Saltotransicionecologica\"]},{\"@type\":\"Person\",\"@id\":\"https:\\\/\\\/saltoecologico.es\\\/#\\\/schema\\\/person\\\/7175eec4b3c123d86c675313c3a01a0b\",\"name\":\"admin\",\"image\":{\"@type\":\"ImageObject\",\"inLanguage\":\"es\",\"@id\":\"https:\\\/\\\/secure.gravatar.com\\\/avatar\\\/4c215dc57bbc7b2f2f470ac9bd197f3f112636a584e575a732d0206a2d9c9806?s=96&d=mm&r=g\",\"url\":\"https:\\\/\\\/secure.gravatar.com\\\/avatar\\\/4c215dc57bbc7b2f2f470ac9bd197f3f112636a584e575a732d0206a2d9c9806?s=96&d=mm&r=g\",\"contentUrl\":\"https:\\\/\\\/secure.gravatar.com\\\/avatar\\\/4c215dc57bbc7b2f2f470ac9bd197f3f112636a584e575a732d0206a2d9c9806?s=96&d=mm&r=g\",\"caption\":\"admin\"},\"sameAs\":[\"https:\\\/\\\/saltoecologico.es\"],\"url\":\"https:\\\/\\\/saltoecologico.es\\\/index.php\\\/author\\\/saltoecologico\\\/\"}]}<\/script>\n<!-- \/ Yoast SEO plugin. -->","yoast_head_json":{"title":"Vuelta de la cordura - Salto Ecol\u00f3gico","robots":{"index":"index","follow":"follow","max-snippet":"max-snippet:-1","max-image-preview":"max-image-preview:large","max-video-preview":"max-video-preview:-1"},"canonical":"https:\/\/saltoecologico.es\/index.php\/2022\/06\/14\/vuelta-de-la-cordura\/","og_locale":"es_ES","og_type":"article","og_title":"Vuelta de la cordura - Salto Ecol\u00f3gico","og_description":"Parece que la cordura vuelve a imperar en \u00e1mbitos europeos ya que la conocida como \u201ctaxonom\u00eda de inversiones sostenibles\u201d, parece que se tambalea al sufrir su primer rev\u00e9s, tras la votaci\u00f3n conjunta de las comisiones parlamentarias de Econom\u00eda y Medio Ambiente de la Euroc\u00e1mara, que han rechazado la decisi\u00f3n de la Comisi\u00f3n Europea de febrero [&hellip;]","og_url":"https:\/\/saltoecologico.es\/index.php\/2022\/06\/14\/vuelta-de-la-cordura\/","og_site_name":"Salto Ecol\u00f3gico","article_publisher":"https:\/\/www.facebook.com\/Saltotransicionecologica","article_published_time":"2022-06-14T08:29:00+00:00","article_modified_time":"2025-04-13T08:30:24+00:00","og_image":[{"width":1024,"height":683,"url":"https:\/\/saltoecologico.es\/wp-content\/uploads\/2025\/04\/GNL1.jpg","type":"image\/jpeg"}],"author":"admin","twitter_card":"summary_large_image","twitter_misc":{"Escrito por":"admin","Tiempo de lectura":"3 minutos"},"schema":{"@context":"https:\/\/schema.org","@graph":[{"@type":"Article","@id":"https:\/\/saltoecologico.es\/index.php\/2022\/06\/14\/vuelta-de-la-cordura\/#article","isPartOf":{"@id":"https:\/\/saltoecologico.es\/index.php\/2022\/06\/14\/vuelta-de-la-cordura\/"},"author":{"name":"admin","@id":"https:\/\/saltoecologico.es\/#\/schema\/person\/7175eec4b3c123d86c675313c3a01a0b"},"headline":"Vuelta de la cordura","datePublished":"2022-06-14T08:29:00+00:00","dateModified":"2025-04-13T08:30:24+00:00","mainEntityOfPage":{"@id":"https:\/\/saltoecologico.es\/index.php\/2022\/06\/14\/vuelta-de-la-cordura\/"},"wordCount":482,"commentCount":0,"publisher":{"@id":"https:\/\/saltoecologico.es\/#organization"},"image":{"@id":"https:\/\/saltoecologico.es\/index.php\/2022\/06\/14\/vuelta-de-la-cordura\/#primaryimage"},"thumbnailUrl":"https:\/\/saltoecologico.es\/wp-content\/uploads\/2025\/04\/GNL1.jpg","articleSection":["G_Varios","GNL"],"inLanguage":"es","potentialAction":[{"@type":"CommentAction","name":"Comment","target":["https:\/\/saltoecologico.es\/index.php\/2022\/06\/14\/vuelta-de-la-cordura\/#respond"]}]},{"@type":"WebPage","@id":"https:\/\/saltoecologico.es\/index.php\/2022\/06\/14\/vuelta-de-la-cordura\/","url":"https:\/\/saltoecologico.es\/index.php\/2022\/06\/14\/vuelta-de-la-cordura\/","name":"Vuelta de la cordura - Salto Ecol\u00f3gico","isPartOf":{"@id":"https:\/\/saltoecologico.es\/#website"},"primaryImageOfPage":{"@id":"https:\/\/saltoecologico.es\/index.php\/2022\/06\/14\/vuelta-de-la-cordura\/#primaryimage"},"image":{"@id":"https:\/\/saltoecologico.es\/index.php\/2022\/06\/14\/vuelta-de-la-cordura\/#primaryimage"},"thumbnailUrl":"https:\/\/saltoecologico.es\/wp-content\/uploads\/2025\/04\/GNL1.jpg","datePublished":"2022-06-14T08:29:00+00:00","dateModified":"2025-04-13T08:30:24+00:00","breadcrumb":{"@id":"https:\/\/saltoecologico.es\/index.php\/2022\/06\/14\/vuelta-de-la-cordura\/#breadcrumb"},"inLanguage":"es","potentialAction":[{"@type":"ReadAction","target":["https:\/\/saltoecologico.es\/index.php\/2022\/06\/14\/vuelta-de-la-cordura\/"]}]},{"@type":"ImageObject","inLanguage":"es","@id":"https:\/\/saltoecologico.es\/index.php\/2022\/06\/14\/vuelta-de-la-cordura\/#primaryimage","url":"https:\/\/saltoecologico.es\/wp-content\/uploads\/2025\/04\/GNL1.jpg","contentUrl":"https:\/\/saltoecologico.es\/wp-content\/uploads\/2025\/04\/GNL1.jpg","width":1024,"height":683},{"@type":"BreadcrumbList","@id":"https:\/\/saltoecologico.es\/index.php\/2022\/06\/14\/vuelta-de-la-cordura\/#breadcrumb","itemListElement":[{"@type":"ListItem","position":1,"name":"Portada","item":"https:\/\/saltoecologico.es\/"},{"@type":"ListItem","position":2,"name":"Vuelta de la cordura"}]},{"@type":"WebSite","@id":"https:\/\/saltoecologico.es\/#website","url":"https:\/\/saltoecologico.es\/","name":"Salto Ecol\u00f3gico","description":"","publisher":{"@id":"https:\/\/saltoecologico.es\/#organization"},"potentialAction":[{"@type":"SearchAction","target":{"@type":"EntryPoint","urlTemplate":"https:\/\/saltoecologico.es\/?s={search_term_string}"},"query-input":{"@type":"PropertyValueSpecification","valueRequired":true,"valueName":"search_term_string"}}],"inLanguage":"es"},{"@type":"Organization","@id":"https:\/\/saltoecologico.es\/#organization","name":"Salto a la Transici\u00f3n Ecol\u00f3gica","url":"https:\/\/saltoecologico.es\/","logo":{"@type":"ImageObject","inLanguage":"es","@id":"https:\/\/saltoecologico.es\/#\/schema\/logo\/image\/","url":"https:\/\/saltoecologico.es\/wp-content\/uploads\/2025\/04\/Logo-STE.jpg","contentUrl":"https:\/\/saltoecologico.es\/wp-content\/uploads\/2025\/04\/Logo-STE.jpg","width":435,"height":435,"caption":"Salto a la Transici\u00f3n Ecol\u00f3gica"},"image":{"@id":"https:\/\/saltoecologico.es\/#\/schema\/logo\/image\/"},"sameAs":["https:\/\/www.facebook.com\/Saltotransicionecologica"]},{"@type":"Person","@id":"https:\/\/saltoecologico.es\/#\/schema\/person\/7175eec4b3c123d86c675313c3a01a0b","name":"admin","image":{"@type":"ImageObject","inLanguage":"es","@id":"https:\/\/secure.gravatar.com\/avatar\/4c215dc57bbc7b2f2f470ac9bd197f3f112636a584e575a732d0206a2d9c9806?s=96&d=mm&r=g","url":"https:\/\/secure.gravatar.com\/avatar\/4c215dc57bbc7b2f2f470ac9bd197f3f112636a584e575a732d0206a2d9c9806?s=96&d=mm&r=g","contentUrl":"https:\/\/secure.gravatar.com\/avatar\/4c215dc57bbc7b2f2f470ac9bd197f3f112636a584e575a732d0206a2d9c9806?s=96&d=mm&r=g","caption":"admin"},"sameAs":["https:\/\/saltoecologico.es"],"url":"https:\/\/saltoecologico.es\/index.php\/author\/saltoecologico\/"}]}},"_links":{"self":[{"href":"https:\/\/saltoecologico.es\/index.php\/wp-json\/wp\/v2\/posts\/384","targetHints":{"allow":["GET"]}}],"collection":[{"href":"https:\/\/saltoecologico.es\/index.php\/wp-json\/wp\/v2\/posts"}],"about":[{"href":"https:\/\/saltoecologico.es\/index.php\/wp-json\/wp\/v2\/types\/post"}],"author":[{"embeddable":true,"href":"https:\/\/saltoecologico.es\/index.php\/wp-json\/wp\/v2\/users\/1"}],"replies":[{"embeddable":true,"href":"https:\/\/saltoecologico.es\/index.php\/wp-json\/wp\/v2\/comments?post=384"}],"version-history":[{"count":1,"href":"https:\/\/saltoecologico.es\/index.php\/wp-json\/wp\/v2\/posts\/384\/revisions"}],"predecessor-version":[{"id":386,"href":"https:\/\/saltoecologico.es\/index.php\/wp-json\/wp\/v2\/posts\/384\/revisions\/386"}],"wp:featuredmedia":[{"embeddable":true,"href":"https:\/\/saltoecologico.es\/index.php\/wp-json\/wp\/v2\/media\/385"}],"wp:attachment":[{"href":"https:\/\/saltoecologico.es\/index.php\/wp-json\/wp\/v2\/media?parent=384"}],"wp:term":[{"taxonomy":"category","embeddable":true,"href":"https:\/\/saltoecologico.es\/index.php\/wp-json\/wp\/v2\/categories?post=384"},{"taxonomy":"post_tag","embeddable":true,"href":"https:\/\/saltoecologico.es\/index.php\/wp-json\/wp\/v2\/tags?post=384"}],"curies":[{"name":"wp","href":"https:\/\/api.w.org\/{rel}","templated":true}]}}