{"id":387,"date":"2022-06-17T08:34:00","date_gmt":"2022-06-17T08:34:00","guid":{"rendered":"https:\/\/saltoecologico.es\/?p=387"},"modified":"2025-04-13T08:35:01","modified_gmt":"2025-04-13T08:35:01","slug":"explicacion-tecnica","status":"publish","type":"post","link":"https:\/\/saltoecologico.es\/index.php\/2022\/06\/17\/explicacion-tecnica\/","title":{"rendered":"Explicaci\u00f3n t\u00e9cnica"},"content":{"rendered":"\n<p class=\"wp-block-paragraph\">Existe un principio f\u00edsico que dice que <strong>\u201cLa energ\u00eda ni se crea ni se destruye, solo se transforma\u201d<\/strong> y esto tambi\u00e9n es aplicable a los <strong>sistemas el\u00e9ctricos<\/strong>.<\/p>\n\n\n\n<p class=\"wp-block-paragraph\">Cuando alguien enciende una <strong>bombilla de 100 vatios<\/strong>, en ese mismo instante, en alg\u00fan otro sitio del sistema el\u00e9ctrico, <strong>alguien comienza a producir 100 vatios m\u00e1s<\/strong>. De igual forma, si ponemos en marcha un <strong>secador de pelo que consume 1.000 vatios<\/strong>, en ese mismo momento, <strong>alguien comenzar\u00e1 a producir 1.000 vatios<\/strong>. Esto, que en el argot se denomina <strong>estabilidad din\u00e1mica<\/strong>, supone que, en cada momento, dentro de un sistema el\u00e9ctrico, <strong>existe un equilibrio entre la generaci\u00f3n y la demanda<\/strong> del mismo. Lamentablemente, para nuestra comodidad tecnol\u00f3gica es as\u00ed, porque <strong>no tenemos, a d\u00eda de hoy, ning\u00fan sistema que nos permita acumular grandes cantidades de energ\u00eda durante periodos prolongados de tiempo<\/strong>.<\/p>\n\n\n\n<p class=\"wp-block-paragraph\">Naturalmente, para que el proceso anterior se pueda producir y dado que <strong>el consumo del usuario final es bastante err\u00e1tico<\/strong>, lo m\u00e1s id\u00f3neo, hasta ahora, ha sido tener una <strong>generaci\u00f3n que se pueda adaptar en cada momento a las variaciones de la demanda<\/strong>, es decir, <strong>una generaci\u00f3n gestionable<\/strong>. Pero <strong>no es necesario que el 100% de la generaci\u00f3n sea gestionable<\/strong>. En principio, con tener un <strong>porcentaje que nos garantice esa gestionabilidad, ser\u00eda suficiente<\/strong>. Por desarrollos te\u00f3ricos y emp\u00edricos se ha concluido que, en la situaci\u00f3n actual, <strong>ese porcentaje est\u00e1 situado en el 50%<\/strong>.<\/p>\n\n\n\n<p class=\"wp-block-paragraph\">Pero si en la actualidad, tenemos una gestionabilidad del 100% y los sistemas el\u00e9ctricos funcionan relativamente bien, <strong>\u00bfpor qu\u00e9 complicarnos la vida?<\/strong>. Pues precisamente porque <strong>esa gestionabilidad se consigue a base de generadores que consumen combustibles f\u00f3siles<\/strong>, y estos, al quemarse, <strong>producen ingentes emisiones de gases de efecto invernadero<\/strong>, que son los <strong>principales causantes del cambio clim\u00e1tico antropog\u00e9nico<\/strong> y que <strong>amenaza la existencia misma de la vida en este planeta tal y como la conocemos<\/strong>.<\/p>\n\n\n\n<p class=\"wp-block-paragraph\">Por esa raz\u00f3n, <strong>necesitamos alternativas a esta forma de generar electricidad<\/strong>, y las m\u00e1s <strong>desarrolladas, econ\u00f3micas y factibles en la actualidad<\/strong>, son la <strong>e\u00f3lica y la fotovoltaica<\/strong>, que generan electricidad a partir del viento y del sol, respectivamente. Pero he aqu\u00ed que el sol y el viento <strong>tienen una esencia incontrolable muy marcada<\/strong> y, por tanto, tambi\u00e9n la energ\u00eda que producen, es decir, <strong>generaci\u00f3n no gestionable<\/strong>.<\/p>\n\n\n\n<p class=\"wp-block-paragraph\">En un sistema el\u00e9ctrico como el de <strong>Gran Canaria<\/strong>, donde tenemos una <strong>punta en torno a 500 MW<\/strong> y un <strong>valle en torno a los 300 MW<\/strong>, nuestras posibilidades de introducir al sistema las renovables ser\u00eda una <strong>horquilla entre 250 y 150 MW<\/strong>, respectivamente. Esta cantidad, a todas luces insuficiente, tendr\u00eda en cada momento el <strong>problema a\u00f1adido que, si se diera el caso de que se va a superar el 50% comentado, el excedente habr\u00eda que desperdiciarlo<\/strong>.<\/p>\n\n\n\n<p class=\"wp-block-paragraph\">En estas condiciones, y si adem\u00e1s <strong>aspiramos a tener sistemas 100% renovables<\/strong>, necesitamos <strong>alg\u00fan elemento m\u00e1s para componer nuestro puzle el\u00e9ctrico<\/strong>. Afortunadamente, <strong>tenemos una tecnolog\u00eda que nos puede servir<\/strong>, y que, <strong>no siendo la soluci\u00f3n \u00f3ptima, ni posiblemente la definitiva<\/strong>, s\u00ed es la <strong>mejor que tenemos en estos momentos<\/strong>. Y dado que <strong>la minoraci\u00f3n de los gases de efecto invernadero la deber\u00edamos haber comenzado hace mucho tiempo atr\u00e1s<\/strong>, <strong>no podemos esperar a posibles transiciones, ni a posibles desarrollos tecnol\u00f3gicos futuros<\/strong>, necesitamos <strong>dar respuestas reales ya<\/strong>, y por eso <strong>necesitamos utilizar esa tecnolog\u00eda sin demora<\/strong>. Esa tecnolog\u00eda no es otra sino las <strong>centrales hidroel\u00e9ctricas reversibles de bombeo puro<\/strong>, lo que coloquialmente se ha denominado <strong>\u201cbombeos\u201d<\/strong>. Pero <strong>no bombeos testimoniales o individuales<\/strong>, necesitamos <strong>tanta cantidad de estas instalaciones como sean posible tecnol\u00f3gicamente hablando<\/strong>.<\/p>\n\n\n\n<p class=\"wp-block-paragraph\">Recientemente el <strong>Instituto Tecnol\u00f3gico de Canarias<\/strong> ha presentado <strong>diferentes estrategias para la descarbonizaci\u00f3n de Canarias<\/strong> y una de ellas trata de los <strong>almacenamientos y por tanto de los bombeos<\/strong>, enumerando <strong>una cincuentena de ellos para toda Canarias<\/strong>, y concretamente <strong>13 bombeos para Gran Canaria y hasta 19 para Tenerife<\/strong>, am\u00e9n de los del resto de las islas.<\/p>\n\n\n\n<p class=\"wp-block-paragraph\">Nosotros estamos convencidos de que, si queremos una <strong>penetraci\u00f3n de renovables del entorno de 4.000 MW para las islas mayores<\/strong>, que nos permita una <strong>generaci\u00f3n el\u00e9ctrica sostenible y un excedente suficiente para producir hidr\u00f3geno verde<\/strong> para abordar la <strong>descarbonizaci\u00f3n total del sistema energ\u00e9tico del archipi\u00e9lago<\/strong>, est\u00e1 bien un <strong>\u201cSalto de Chira\u201d<\/strong> o un <strong>\u201cSalto de G\u00fc\u00edmar\u201d<\/strong>, <strong>pero no es suficiente<\/strong>. Es absolutamente necesario que acometamos, cuanto antes, <strong>la construcci\u00f3n de todos los bombeos necesarios y posibles<\/strong>, tecnol\u00f3gicamente hablando, que <strong>nos permita sobrepasar ese 50% lapidario que existe sobre las renovables<\/strong> y que <strong>solo ser\u00eda posible con la intervenci\u00f3n de estas instalaciones<\/strong>.<\/p>\n\n\n\n<hr class=\"wp-block-separator has-alpha-channel-opacity\"\/>\n\n\n\n<p class=\"wp-block-paragraph\"><\/p>\n","protected":false},"excerpt":{"rendered":"<p>Existe un principio f\u00edsico que dice que \u201cLa energ\u00eda ni se crea ni se destruye, solo se transforma\u201d y esto tambi\u00e9n es aplicable a los sistemas el\u00e9ctricos. Cuando alguien enciende una bombilla de 100 vatios, en ese mismo instante, en alg\u00fan otro sitio del sistema el\u00e9ctrico, alguien comienza a producir 100 vatios m\u00e1s. De igual [&hellip;]<\/p>\n","protected":false},"author":1,"featured_media":388,"comment_status":"open","ping_status":"open","sticky":false,"template":"","format":"standard","meta":{"footnotes":""},"categories":[36],"tags":[],"class_list":["post-387","post","type-post","status-publish","format-standard","has-post-thumbnail","category-sistema-electrico"],"yoast_head":"<!-- This site is optimized with the Yoast SEO plugin v28.2 - https:\/\/yoast.com\/product\/yoast-seo-wordpress\/ -->\n<title>Explicaci\u00f3n t\u00e9cnica - Salto Ecol\u00f3gico<\/title>\n<meta name=\"robots\" content=\"index, follow, max-snippet:-1, max-image-preview:large, max-video-preview:-1\" \/>\n<link rel=\"canonical\" href=\"https:\/\/saltoecologico.es\/index.php\/2022\/06\/17\/explicacion-tecnica\/\" \/>\n<meta property=\"og:locale\" content=\"es_ES\" \/>\n<meta property=\"og:type\" content=\"article\" \/>\n<meta property=\"og:title\" content=\"Explicaci\u00f3n t\u00e9cnica - Salto Ecol\u00f3gico\" \/>\n<meta property=\"og:description\" content=\"Existe un principio f\u00edsico que dice que \u201cLa energ\u00eda ni se crea ni se destruye, solo se transforma\u201d y esto tambi\u00e9n es aplicable a los sistemas el\u00e9ctricos. Cuando alguien enciende una bombilla de 100 vatios, en ese mismo instante, en alg\u00fan otro sitio del sistema el\u00e9ctrico, alguien comienza a producir 100 vatios m\u00e1s. De igual [&hellip;]\" \/>\n<meta property=\"og:url\" content=\"https:\/\/saltoecologico.es\/index.php\/2022\/06\/17\/explicacion-tecnica\/\" \/>\n<meta property=\"og:site_name\" content=\"Salto Ecol\u00f3gico\" \/>\n<meta property=\"article:publisher\" content=\"https:\/\/www.facebook.com\/Saltotransicionecologica\" \/>\n<meta property=\"article:published_time\" content=\"2022-06-17T08:34:00+00:00\" \/>\n<meta property=\"article:modified_time\" content=\"2025-04-13T08:35:01+00:00\" \/>\n<meta property=\"og:image\" content=\"https:\/\/saltoecologico.es\/wp-content\/uploads\/2025\/04\/Salto-1.jpg\" \/>\n\t<meta property=\"og:image:width\" content=\"1024\" \/>\n\t<meta property=\"og:image:height\" content=\"684\" \/>\n\t<meta property=\"og:image:type\" content=\"image\/jpeg\" \/>\n<meta name=\"author\" content=\"admin\" \/>\n<meta name=\"twitter:card\" content=\"summary_large_image\" \/>\n<meta name=\"twitter:label1\" content=\"Escrito por\" \/>\n\t<meta name=\"twitter:data1\" content=\"admin\" \/>\n\t<meta name=\"twitter:label2\" content=\"Tiempo de lectura\" \/>\n\t<meta name=\"twitter:data2\" content=\"4 minutos\" \/>\n<script type=\"application\/ld+json\" class=\"yoast-schema-graph\">{\"@context\":\"https:\\\/\\\/schema.org\",\"@graph\":[{\"@type\":\"Article\",\"@id\":\"https:\\\/\\\/saltoecologico.es\\\/index.php\\\/2022\\\/06\\\/17\\\/explicacion-tecnica\\\/#article\",\"isPartOf\":{\"@id\":\"https:\\\/\\\/saltoecologico.es\\\/index.php\\\/2022\\\/06\\\/17\\\/explicacion-tecnica\\\/\"},\"author\":{\"name\":\"admin\",\"@id\":\"https:\\\/\\\/saltoecologico.es\\\/#\\\/schema\\\/person\\\/7175eec4b3c123d86c675313c3a01a0b\"},\"headline\":\"Explicaci\u00f3n t\u00e9cnica\",\"datePublished\":\"2022-06-17T08:34:00+00:00\",\"dateModified\":\"2025-04-13T08:35:01+00:00\",\"mainEntityOfPage\":{\"@id\":\"https:\\\/\\\/saltoecologico.es\\\/index.php\\\/2022\\\/06\\\/17\\\/explicacion-tecnica\\\/\"},\"wordCount\":793,\"commentCount\":0,\"publisher\":{\"@id\":\"https:\\\/\\\/saltoecologico.es\\\/#organization\"},\"image\":{\"@id\":\"https:\\\/\\\/saltoecologico.es\\\/index.php\\\/2022\\\/06\\\/17\\\/explicacion-tecnica\\\/#primaryimage\"},\"thumbnailUrl\":\"https:\\\/\\\/saltoecologico.es\\\/wp-content\\\/uploads\\\/2025\\\/04\\\/Salto-1.jpg\",\"articleSection\":[\"Sistema el\u00e9ctrico\"],\"inLanguage\":\"es\",\"potentialAction\":[{\"@type\":\"CommentAction\",\"name\":\"Comment\",\"target\":[\"https:\\\/\\\/saltoecologico.es\\\/index.php\\\/2022\\\/06\\\/17\\\/explicacion-tecnica\\\/#respond\"]}]},{\"@type\":\"WebPage\",\"@id\":\"https:\\\/\\\/saltoecologico.es\\\/index.php\\\/2022\\\/06\\\/17\\\/explicacion-tecnica\\\/\",\"url\":\"https:\\\/\\\/saltoecologico.es\\\/index.php\\\/2022\\\/06\\\/17\\\/explicacion-tecnica\\\/\",\"name\":\"Explicaci\u00f3n t\u00e9cnica - Salto Ecol\u00f3gico\",\"isPartOf\":{\"@id\":\"https:\\\/\\\/saltoecologico.es\\\/#website\"},\"primaryImageOfPage\":{\"@id\":\"https:\\\/\\\/saltoecologico.es\\\/index.php\\\/2022\\\/06\\\/17\\\/explicacion-tecnica\\\/#primaryimage\"},\"image\":{\"@id\":\"https:\\\/\\\/saltoecologico.es\\\/index.php\\\/2022\\\/06\\\/17\\\/explicacion-tecnica\\\/#primaryimage\"},\"thumbnailUrl\":\"https:\\\/\\\/saltoecologico.es\\\/wp-content\\\/uploads\\\/2025\\\/04\\\/Salto-1.jpg\",\"datePublished\":\"2022-06-17T08:34:00+00:00\",\"dateModified\":\"2025-04-13T08:35:01+00:00\",\"breadcrumb\":{\"@id\":\"https:\\\/\\\/saltoecologico.es\\\/index.php\\\/2022\\\/06\\\/17\\\/explicacion-tecnica\\\/#breadcrumb\"},\"inLanguage\":\"es\",\"potentialAction\":[{\"@type\":\"ReadAction\",\"target\":[\"https:\\\/\\\/saltoecologico.es\\\/index.php\\\/2022\\\/06\\\/17\\\/explicacion-tecnica\\\/\"]}]},{\"@type\":\"ImageObject\",\"inLanguage\":\"es\",\"@id\":\"https:\\\/\\\/saltoecologico.es\\\/index.php\\\/2022\\\/06\\\/17\\\/explicacion-tecnica\\\/#primaryimage\",\"url\":\"https:\\\/\\\/saltoecologico.es\\\/wp-content\\\/uploads\\\/2025\\\/04\\\/Salto-1.jpg\",\"contentUrl\":\"https:\\\/\\\/saltoecologico.es\\\/wp-content\\\/uploads\\\/2025\\\/04\\\/Salto-1.jpg\",\"width\":1024,\"height\":684,\"caption\":\"Concrete hydroelectric power station in sunlight\"},{\"@type\":\"BreadcrumbList\",\"@id\":\"https:\\\/\\\/saltoecologico.es\\\/index.php\\\/2022\\\/06\\\/17\\\/explicacion-tecnica\\\/#breadcrumb\",\"itemListElement\":[{\"@type\":\"ListItem\",\"position\":1,\"name\":\"Portada\",\"item\":\"https:\\\/\\\/saltoecologico.es\\\/\"},{\"@type\":\"ListItem\",\"position\":2,\"name\":\"Explicaci\u00f3n t\u00e9cnica\"}]},{\"@type\":\"WebSite\",\"@id\":\"https:\\\/\\\/saltoecologico.es\\\/#website\",\"url\":\"https:\\\/\\\/saltoecologico.es\\\/\",\"name\":\"Salto Ecol\u00f3gico\",\"description\":\"\",\"publisher\":{\"@id\":\"https:\\\/\\\/saltoecologico.es\\\/#organization\"},\"potentialAction\":[{\"@type\":\"SearchAction\",\"target\":{\"@type\":\"EntryPoint\",\"urlTemplate\":\"https:\\\/\\\/saltoecologico.es\\\/?s={search_term_string}\"},\"query-input\":{\"@type\":\"PropertyValueSpecification\",\"valueRequired\":true,\"valueName\":\"search_term_string\"}}],\"inLanguage\":\"es\"},{\"@type\":\"Organization\",\"@id\":\"https:\\\/\\\/saltoecologico.es\\\/#organization\",\"name\":\"Salto a la Transici\u00f3n Ecol\u00f3gica\",\"url\":\"https:\\\/\\\/saltoecologico.es\\\/\",\"logo\":{\"@type\":\"ImageObject\",\"inLanguage\":\"es\",\"@id\":\"https:\\\/\\\/saltoecologico.es\\\/#\\\/schema\\\/logo\\\/image\\\/\",\"url\":\"https:\\\/\\\/saltoecologico.es\\\/wp-content\\\/uploads\\\/2025\\\/04\\\/Logo-STE.jpg\",\"contentUrl\":\"https:\\\/\\\/saltoecologico.es\\\/wp-content\\\/uploads\\\/2025\\\/04\\\/Logo-STE.jpg\",\"width\":435,\"height\":435,\"caption\":\"Salto a la Transici\u00f3n Ecol\u00f3gica\"},\"image\":{\"@id\":\"https:\\\/\\\/saltoecologico.es\\\/#\\\/schema\\\/logo\\\/image\\\/\"},\"sameAs\":[\"https:\\\/\\\/www.facebook.com\\\/Saltotransicionecologica\"]},{\"@type\":\"Person\",\"@id\":\"https:\\\/\\\/saltoecologico.es\\\/#\\\/schema\\\/person\\\/7175eec4b3c123d86c675313c3a01a0b\",\"name\":\"admin\",\"image\":{\"@type\":\"ImageObject\",\"inLanguage\":\"es\",\"@id\":\"https:\\\/\\\/secure.gravatar.com\\\/avatar\\\/4c215dc57bbc7b2f2f470ac9bd197f3f112636a584e575a732d0206a2d9c9806?s=96&d=mm&r=g\",\"url\":\"https:\\\/\\\/secure.gravatar.com\\\/avatar\\\/4c215dc57bbc7b2f2f470ac9bd197f3f112636a584e575a732d0206a2d9c9806?s=96&d=mm&r=g\",\"contentUrl\":\"https:\\\/\\\/secure.gravatar.com\\\/avatar\\\/4c215dc57bbc7b2f2f470ac9bd197f3f112636a584e575a732d0206a2d9c9806?s=96&d=mm&r=g\",\"caption\":\"admin\"},\"sameAs\":[\"https:\\\/\\\/saltoecologico.es\"],\"url\":\"https:\\\/\\\/saltoecologico.es\\\/index.php\\\/author\\\/saltoecologico\\\/\"}]}<\/script>\n<!-- \/ Yoast SEO plugin. -->","yoast_head_json":{"title":"Explicaci\u00f3n t\u00e9cnica - Salto Ecol\u00f3gico","robots":{"index":"index","follow":"follow","max-snippet":"max-snippet:-1","max-image-preview":"max-image-preview:large","max-video-preview":"max-video-preview:-1"},"canonical":"https:\/\/saltoecologico.es\/index.php\/2022\/06\/17\/explicacion-tecnica\/","og_locale":"es_ES","og_type":"article","og_title":"Explicaci\u00f3n t\u00e9cnica - Salto Ecol\u00f3gico","og_description":"Existe un principio f\u00edsico que dice que \u201cLa energ\u00eda ni se crea ni se destruye, solo se transforma\u201d y esto tambi\u00e9n es aplicable a los sistemas el\u00e9ctricos. Cuando alguien enciende una bombilla de 100 vatios, en ese mismo instante, en alg\u00fan otro sitio del sistema el\u00e9ctrico, alguien comienza a producir 100 vatios m\u00e1s. De igual [&hellip;]","og_url":"https:\/\/saltoecologico.es\/index.php\/2022\/06\/17\/explicacion-tecnica\/","og_site_name":"Salto Ecol\u00f3gico","article_publisher":"https:\/\/www.facebook.com\/Saltotransicionecologica","article_published_time":"2022-06-17T08:34:00+00:00","article_modified_time":"2025-04-13T08:35:01+00:00","og_image":[{"width":1024,"height":684,"url":"https:\/\/saltoecologico.es\/wp-content\/uploads\/2025\/04\/Salto-1.jpg","type":"image\/jpeg"}],"author":"admin","twitter_card":"summary_large_image","twitter_misc":{"Escrito por":"admin","Tiempo de lectura":"4 minutos"},"schema":{"@context":"https:\/\/schema.org","@graph":[{"@type":"Article","@id":"https:\/\/saltoecologico.es\/index.php\/2022\/06\/17\/explicacion-tecnica\/#article","isPartOf":{"@id":"https:\/\/saltoecologico.es\/index.php\/2022\/06\/17\/explicacion-tecnica\/"},"author":{"name":"admin","@id":"https:\/\/saltoecologico.es\/#\/schema\/person\/7175eec4b3c123d86c675313c3a01a0b"},"headline":"Explicaci\u00f3n t\u00e9cnica","datePublished":"2022-06-17T08:34:00+00:00","dateModified":"2025-04-13T08:35:01+00:00","mainEntityOfPage":{"@id":"https:\/\/saltoecologico.es\/index.php\/2022\/06\/17\/explicacion-tecnica\/"},"wordCount":793,"commentCount":0,"publisher":{"@id":"https:\/\/saltoecologico.es\/#organization"},"image":{"@id":"https:\/\/saltoecologico.es\/index.php\/2022\/06\/17\/explicacion-tecnica\/#primaryimage"},"thumbnailUrl":"https:\/\/saltoecologico.es\/wp-content\/uploads\/2025\/04\/Salto-1.jpg","articleSection":["Sistema el\u00e9ctrico"],"inLanguage":"es","potentialAction":[{"@type":"CommentAction","name":"Comment","target":["https:\/\/saltoecologico.es\/index.php\/2022\/06\/17\/explicacion-tecnica\/#respond"]}]},{"@type":"WebPage","@id":"https:\/\/saltoecologico.es\/index.php\/2022\/06\/17\/explicacion-tecnica\/","url":"https:\/\/saltoecologico.es\/index.php\/2022\/06\/17\/explicacion-tecnica\/","name":"Explicaci\u00f3n t\u00e9cnica - Salto Ecol\u00f3gico","isPartOf":{"@id":"https:\/\/saltoecologico.es\/#website"},"primaryImageOfPage":{"@id":"https:\/\/saltoecologico.es\/index.php\/2022\/06\/17\/explicacion-tecnica\/#primaryimage"},"image":{"@id":"https:\/\/saltoecologico.es\/index.php\/2022\/06\/17\/explicacion-tecnica\/#primaryimage"},"thumbnailUrl":"https:\/\/saltoecologico.es\/wp-content\/uploads\/2025\/04\/Salto-1.jpg","datePublished":"2022-06-17T08:34:00+00:00","dateModified":"2025-04-13T08:35:01+00:00","breadcrumb":{"@id":"https:\/\/saltoecologico.es\/index.php\/2022\/06\/17\/explicacion-tecnica\/#breadcrumb"},"inLanguage":"es","potentialAction":[{"@type":"ReadAction","target":["https:\/\/saltoecologico.es\/index.php\/2022\/06\/17\/explicacion-tecnica\/"]}]},{"@type":"ImageObject","inLanguage":"es","@id":"https:\/\/saltoecologico.es\/index.php\/2022\/06\/17\/explicacion-tecnica\/#primaryimage","url":"https:\/\/saltoecologico.es\/wp-content\/uploads\/2025\/04\/Salto-1.jpg","contentUrl":"https:\/\/saltoecologico.es\/wp-content\/uploads\/2025\/04\/Salto-1.jpg","width":1024,"height":684,"caption":"Concrete hydroelectric power station in sunlight"},{"@type":"BreadcrumbList","@id":"https:\/\/saltoecologico.es\/index.php\/2022\/06\/17\/explicacion-tecnica\/#breadcrumb","itemListElement":[{"@type":"ListItem","position":1,"name":"Portada","item":"https:\/\/saltoecologico.es\/"},{"@type":"ListItem","position":2,"name":"Explicaci\u00f3n t\u00e9cnica"}]},{"@type":"WebSite","@id":"https:\/\/saltoecologico.es\/#website","url":"https:\/\/saltoecologico.es\/","name":"Salto Ecol\u00f3gico","description":"","publisher":{"@id":"https:\/\/saltoecologico.es\/#organization"},"potentialAction":[{"@type":"SearchAction","target":{"@type":"EntryPoint","urlTemplate":"https:\/\/saltoecologico.es\/?s={search_term_string}"},"query-input":{"@type":"PropertyValueSpecification","valueRequired":true,"valueName":"search_term_string"}}],"inLanguage":"es"},{"@type":"Organization","@id":"https:\/\/saltoecologico.es\/#organization","name":"Salto a la Transici\u00f3n Ecol\u00f3gica","url":"https:\/\/saltoecologico.es\/","logo":{"@type":"ImageObject","inLanguage":"es","@id":"https:\/\/saltoecologico.es\/#\/schema\/logo\/image\/","url":"https:\/\/saltoecologico.es\/wp-content\/uploads\/2025\/04\/Logo-STE.jpg","contentUrl":"https:\/\/saltoecologico.es\/wp-content\/uploads\/2025\/04\/Logo-STE.jpg","width":435,"height":435,"caption":"Salto a la Transici\u00f3n Ecol\u00f3gica"},"image":{"@id":"https:\/\/saltoecologico.es\/#\/schema\/logo\/image\/"},"sameAs":["https:\/\/www.facebook.com\/Saltotransicionecologica"]},{"@type":"Person","@id":"https:\/\/saltoecologico.es\/#\/schema\/person\/7175eec4b3c123d86c675313c3a01a0b","name":"admin","image":{"@type":"ImageObject","inLanguage":"es","@id":"https:\/\/secure.gravatar.com\/avatar\/4c215dc57bbc7b2f2f470ac9bd197f3f112636a584e575a732d0206a2d9c9806?s=96&d=mm&r=g","url":"https:\/\/secure.gravatar.com\/avatar\/4c215dc57bbc7b2f2f470ac9bd197f3f112636a584e575a732d0206a2d9c9806?s=96&d=mm&r=g","contentUrl":"https:\/\/secure.gravatar.com\/avatar\/4c215dc57bbc7b2f2f470ac9bd197f3f112636a584e575a732d0206a2d9c9806?s=96&d=mm&r=g","caption":"admin"},"sameAs":["https:\/\/saltoecologico.es"],"url":"https:\/\/saltoecologico.es\/index.php\/author\/saltoecologico\/"}]}},"_links":{"self":[{"href":"https:\/\/saltoecologico.es\/index.php\/wp-json\/wp\/v2\/posts\/387","targetHints":{"allow":["GET"]}}],"collection":[{"href":"https:\/\/saltoecologico.es\/index.php\/wp-json\/wp\/v2\/posts"}],"about":[{"href":"https:\/\/saltoecologico.es\/index.php\/wp-json\/wp\/v2\/types\/post"}],"author":[{"embeddable":true,"href":"https:\/\/saltoecologico.es\/index.php\/wp-json\/wp\/v2\/users\/1"}],"replies":[{"embeddable":true,"href":"https:\/\/saltoecologico.es\/index.php\/wp-json\/wp\/v2\/comments?post=387"}],"version-history":[{"count":1,"href":"https:\/\/saltoecologico.es\/index.php\/wp-json\/wp\/v2\/posts\/387\/revisions"}],"predecessor-version":[{"id":389,"href":"https:\/\/saltoecologico.es\/index.php\/wp-json\/wp\/v2\/posts\/387\/revisions\/389"}],"wp:featuredmedia":[{"embeddable":true,"href":"https:\/\/saltoecologico.es\/index.php\/wp-json\/wp\/v2\/media\/388"}],"wp:attachment":[{"href":"https:\/\/saltoecologico.es\/index.php\/wp-json\/wp\/v2\/media?parent=387"}],"wp:term":[{"taxonomy":"category","embeddable":true,"href":"https:\/\/saltoecologico.es\/index.php\/wp-json\/wp\/v2\/categories?post=387"},{"taxonomy":"post_tag","embeddable":true,"href":"https:\/\/saltoecologico.es\/index.php\/wp-json\/wp\/v2\/tags?post=387"}],"curies":[{"name":"wp","href":"https:\/\/api.w.org\/{rel}","templated":true}]}}