{"id":390,"date":"2022-06-26T08:44:00","date_gmt":"2022-06-26T08:44:00","guid":{"rendered":"https:\/\/saltoecologico.es\/?p=390"},"modified":"2025-04-13T08:45:18","modified_gmt":"2025-04-13T08:45:18","slug":"vehiculo-electrico","status":"publish","type":"post","link":"https:\/\/saltoecologico.es\/index.php\/2022\/06\/26\/vehiculo-electrico\/","title":{"rendered":"Veh\u00edculo el\u00e9ctrico"},"content":{"rendered":"\n<p class=\"wp-block-paragraph\">Las <strong>emisiones causadas por el transporte terrestre<\/strong> ascendieron a <strong>3.525 Gg CO\u2082-eq en el 2019<\/strong>, o lo que es lo mismo, un <strong>27% del total de las emisiones realizadas en Canarias<\/strong>. Por tanto, <strong>todo lo que redunde en disminuir estas emisiones, bienvenido sea<\/strong>.<\/p>\n\n\n\n<p class=\"wp-block-paragraph\">Lo que ocurre es que <strong>soluciones que en principio parecen viables, analiz\u00e1ndolas detenidamente, no lo son tanto<\/strong>, habida cuenta de que hay <strong>cuestiones colaterales que pasamos por alto<\/strong>. El <strong>veh\u00edculo el\u00e9ctrico<\/strong> es uno de estos casos.<\/p>\n\n\n\n<p class=\"wp-block-paragraph\">En principio podr\u00edamos pensar que si <strong>sustituimos una motorizaci\u00f3n basada en gasolina o gasoil por otra el\u00e9ctrica hemos resuelto el problema<\/strong>, sin caer en la cuenta de que <strong>la energ\u00eda que antes sac\u00e1bamos de la quema del combustible en nuestros veh\u00edculos ahora la sacamos en forma de electricidad de la quema de combustible en las centrales el\u00e9ctricas<\/strong>. Seg\u00fan estimaciones del <strong>Instituto Tecnol\u00f3gico de Canarias<\/strong>, en caso de <strong>sustituir toda la flota de veh\u00edculos actuales por el\u00e9ctricos<\/strong> supondr\u00eda, en el caso de <strong>Gran Canaria<\/strong>, una <strong>generaci\u00f3n extra de 2.170 GWh\/a\u00f1o<\/strong>. Si tenemos en cuenta que en la actualidad y para esta isla, la <strong>demanda se sit\u00faa en los 3.400 GWh\/a\u00f1o<\/strong>, supondr\u00eda <strong>un aumento del 64%<\/strong>. Evidentemente <strong>este aumento vendr\u00eda dado por el aumento del consumo de combustibles f\u00f3siles en las centrales t\u00e9rmicas<\/strong>.<\/p>\n\n\n\n<p class=\"wp-block-paragraph\">Por eso decimos que <strong>\u201cs\u00ed al veh\u00edculo el\u00e9ctrico, pero a\u00fan no\u201d<\/strong>, porque si <strong>las centrales el\u00e9ctricas fueran de tecnolog\u00eda renovable<\/strong>, estar\u00edamos ante un <strong>planteamiento diferente<\/strong>, pero <strong>con matices<\/strong>.<\/p>\n\n\n\n<p class=\"wp-block-paragraph\">Como siempre, <strong>los intereses econ\u00f3micos est\u00e1n detr\u00e1s de este apresuramiento a introducir el veh\u00edculo el\u00e9ctrico<\/strong>. Por un lado, tenemos a <strong>las empresas de las centrales actuales, \u00e1vidas de aumentar sus beneficios<\/strong>, dado que la <strong>recarga de los veh\u00edculos se producir\u00eda fundamentalmente en la madrugada<\/strong>, que precisamente es cuando <strong>baja la demanda y por tanto hay que parar grupos generadores, con las consiguientes p\u00e9rdidas<\/strong>. Si consiguen introducir un elemento extra que permita <strong>mantener los grupos funcionando<\/strong>, sus beneficios, <strong>con las mismas m\u00e1quinas, se multiplicar\u00e1n<\/strong>.<\/p>\n\n\n\n<p class=\"wp-block-paragraph\">Por otro lado, tenemos un <strong>inmenso tejido industrial y comercial montado en torno al autom\u00f3vil<\/strong>. Si conseguimos, <strong>cambiando la motorizaci\u00f3n<\/strong>, <strong>mantener todo ese emporio<\/strong>, <strong>los ping\u00fces beneficios podr\u00e1n seguir fluyendo<\/strong>.<\/p>\n\n\n\n<p class=\"wp-block-paragraph\">Por estas y otras cuestiones, <strong>estamos convencidos de que, si en estos momentos se produjera un desembarco masivo del veh\u00edculo el\u00e9ctrico<\/strong>, nuestra prioridad ser\u00eda la de <strong>poder garantizar la alimentaci\u00f3n de esa flota<\/strong>, dejando en segundo lugar, <strong>la transici\u00f3n acelerada hacia las renovables<\/strong>.<\/p>\n\n\n\n<p class=\"wp-block-paragraph\"><strong>Creemos que lo que ahora toca es apostar por disminuir dr\u00e1sticamente el consumo energ\u00e9tico<\/strong>, y eso <strong>incluye a la movilidad<\/strong>. Por tanto, tendremos que <strong>apostar por el transporte p\u00fablico<\/strong> o <strong>medios sostenibles como la bicicleta o el patinete<\/strong>. Llevar a cabo los <strong>desplazamientos que son verdaderamente necesarios<\/strong>, apostando por cuestiones como el <strong>teletrabajo<\/strong>, la <strong>teleense\u00f1anza<\/strong> o la <strong>telemedicina<\/strong>. <strong>Consumir productos de cercan\u00eda<\/strong> que no vengan impregnados de una carga excesiva de CO\u2082 por el transporte, <strong>manteniendo el uso de los veh\u00edculos particulares pura y exclusivamente para aquellas situaciones que sean estrictamente necesarias<\/strong>.<\/p>\n\n\n\n<hr class=\"wp-block-separator has-alpha-channel-opacity\"\/>\n\n\n\n<p class=\"wp-block-paragraph\"><\/p>\n","protected":false},"excerpt":{"rendered":"<p>Las emisiones causadas por el transporte terrestre ascendieron a 3.525 Gg CO\u2082-eq en el 2019, o lo que es lo mismo, un 27% del total de las emisiones realizadas en Canarias. Por tanto, todo lo que redunde en disminuir estas emisiones, bienvenido sea. Lo que ocurre es que soluciones que en principio parecen viables, analiz\u00e1ndolas [&hellip;]<\/p>\n","protected":false},"author":1,"featured_media":391,"comment_status":"open","ping_status":"open","sticky":false,"template":"","format":"standard","meta":{"footnotes":""},"categories":[50,30],"tags":[],"class_list":["post-390","post","type-post","status-publish","format-standard","has-post-thumbnail","category-t_vehiculo-electrico","category-transicion"],"yoast_head":"<!-- This site is optimized with the Yoast SEO plugin v28.2 - https:\/\/yoast.com\/product\/yoast-seo-wordpress\/ -->\n<title>Veh\u00edculo el\u00e9ctrico - Salto Ecol\u00f3gico<\/title>\n<meta name=\"robots\" content=\"index, follow, max-snippet:-1, max-image-preview:large, max-video-preview:-1\" \/>\n<link rel=\"canonical\" href=\"https:\/\/saltoecologico.es\/index.php\/2022\/06\/26\/vehiculo-electrico\/\" \/>\n<meta property=\"og:locale\" content=\"es_ES\" \/>\n<meta property=\"og:type\" content=\"article\" \/>\n<meta property=\"og:title\" content=\"Veh\u00edculo el\u00e9ctrico - Salto Ecol\u00f3gico\" \/>\n<meta property=\"og:description\" content=\"Las emisiones causadas por el transporte terrestre ascendieron a 3.525 Gg CO\u2082-eq en el 2019, o lo que es lo mismo, un 27% del total de las emisiones realizadas en Canarias. Por tanto, todo lo que redunde en disminuir estas emisiones, bienvenido sea. Lo que ocurre es que soluciones que en principio parecen viables, analiz\u00e1ndolas [&hellip;]\" \/>\n<meta property=\"og:url\" content=\"https:\/\/saltoecologico.es\/index.php\/2022\/06\/26\/vehiculo-electrico\/\" \/>\n<meta property=\"og:site_name\" content=\"Salto Ecol\u00f3gico\" \/>\n<meta property=\"article:publisher\" content=\"https:\/\/www.facebook.com\/Saltotransicionecologica\" \/>\n<meta property=\"article:published_time\" content=\"2022-06-26T08:44:00+00:00\" \/>\n<meta property=\"article:modified_time\" content=\"2025-04-13T08:45:18+00:00\" \/>\n<meta property=\"og:image\" content=\"https:\/\/saltoecologico.es\/wp-content\/uploads\/2025\/04\/Vehiculo-1.jpg\" \/>\n\t<meta property=\"og:image:width\" content=\"1024\" \/>\n\t<meta property=\"og:image:height\" content=\"683\" \/>\n\t<meta property=\"og:image:type\" content=\"image\/jpeg\" \/>\n<meta name=\"author\" content=\"admin\" \/>\n<meta name=\"twitter:card\" content=\"summary_large_image\" \/>\n<meta name=\"twitter:label1\" content=\"Escrito por\" \/>\n\t<meta name=\"twitter:data1\" content=\"admin\" \/>\n\t<meta name=\"twitter:label2\" content=\"Tiempo de lectura\" \/>\n\t<meta name=\"twitter:data2\" content=\"3 minutos\" \/>\n<script type=\"application\/ld+json\" class=\"yoast-schema-graph\">{\"@context\":\"https:\\\/\\\/schema.org\",\"@graph\":[{\"@type\":\"Article\",\"@id\":\"https:\\\/\\\/saltoecologico.es\\\/index.php\\\/2022\\\/06\\\/26\\\/vehiculo-electrico\\\/#article\",\"isPartOf\":{\"@id\":\"https:\\\/\\\/saltoecologico.es\\\/index.php\\\/2022\\\/06\\\/26\\\/vehiculo-electrico\\\/\"},\"author\":{\"name\":\"admin\",\"@id\":\"https:\\\/\\\/saltoecologico.es\\\/#\\\/schema\\\/person\\\/7175eec4b3c123d86c675313c3a01a0b\"},\"headline\":\"Veh\u00edculo el\u00e9ctrico\",\"datePublished\":\"2022-06-26T08:44:00+00:00\",\"dateModified\":\"2025-04-13T08:45:18+00:00\",\"mainEntityOfPage\":{\"@id\":\"https:\\\/\\\/saltoecologico.es\\\/index.php\\\/2022\\\/06\\\/26\\\/vehiculo-electrico\\\/\"},\"wordCount\":541,\"commentCount\":0,\"publisher\":{\"@id\":\"https:\\\/\\\/saltoecologico.es\\\/#organization\"},\"image\":{\"@id\":\"https:\\\/\\\/saltoecologico.es\\\/index.php\\\/2022\\\/06\\\/26\\\/vehiculo-electrico\\\/#primaryimage\"},\"thumbnailUrl\":\"https:\\\/\\\/saltoecologico.es\\\/wp-content\\\/uploads\\\/2025\\\/04\\\/Vehiculo-1.jpg\",\"articleSection\":[\"T_Veh\u00edculo el\u00e9ctrico\",\"Transici\u00f3n\"],\"inLanguage\":\"es\",\"potentialAction\":[{\"@type\":\"CommentAction\",\"name\":\"Comment\",\"target\":[\"https:\\\/\\\/saltoecologico.es\\\/index.php\\\/2022\\\/06\\\/26\\\/vehiculo-electrico\\\/#respond\"]}]},{\"@type\":\"WebPage\",\"@id\":\"https:\\\/\\\/saltoecologico.es\\\/index.php\\\/2022\\\/06\\\/26\\\/vehiculo-electrico\\\/\",\"url\":\"https:\\\/\\\/saltoecologico.es\\\/index.php\\\/2022\\\/06\\\/26\\\/vehiculo-electrico\\\/\",\"name\":\"Veh\u00edculo el\u00e9ctrico - Salto Ecol\u00f3gico\",\"isPartOf\":{\"@id\":\"https:\\\/\\\/saltoecologico.es\\\/#website\"},\"primaryImageOfPage\":{\"@id\":\"https:\\\/\\\/saltoecologico.es\\\/index.php\\\/2022\\\/06\\\/26\\\/vehiculo-electrico\\\/#primaryimage\"},\"image\":{\"@id\":\"https:\\\/\\\/saltoecologico.es\\\/index.php\\\/2022\\\/06\\\/26\\\/vehiculo-electrico\\\/#primaryimage\"},\"thumbnailUrl\":\"https:\\\/\\\/saltoecologico.es\\\/wp-content\\\/uploads\\\/2025\\\/04\\\/Vehiculo-1.jpg\",\"datePublished\":\"2022-06-26T08:44:00+00:00\",\"dateModified\":\"2025-04-13T08:45:18+00:00\",\"breadcrumb\":{\"@id\":\"https:\\\/\\\/saltoecologico.es\\\/index.php\\\/2022\\\/06\\\/26\\\/vehiculo-electrico\\\/#breadcrumb\"},\"inLanguage\":\"es\",\"potentialAction\":[{\"@type\":\"ReadAction\",\"target\":[\"https:\\\/\\\/saltoecologico.es\\\/index.php\\\/2022\\\/06\\\/26\\\/vehiculo-electrico\\\/\"]}]},{\"@type\":\"ImageObject\",\"inLanguage\":\"es\",\"@id\":\"https:\\\/\\\/saltoecologico.es\\\/index.php\\\/2022\\\/06\\\/26\\\/vehiculo-electrico\\\/#primaryimage\",\"url\":\"https:\\\/\\\/saltoecologico.es\\\/wp-content\\\/uploads\\\/2025\\\/04\\\/Vehiculo-1.jpg\",\"contentUrl\":\"https:\\\/\\\/saltoecologico.es\\\/wp-content\\\/uploads\\\/2025\\\/04\\\/Vehiculo-1.jpg\",\"width\":1024,\"height\":683,\"caption\":\"Charging electro car at the electric gas station. Woman standing by the car.\"},{\"@type\":\"BreadcrumbList\",\"@id\":\"https:\\\/\\\/saltoecologico.es\\\/index.php\\\/2022\\\/06\\\/26\\\/vehiculo-electrico\\\/#breadcrumb\",\"itemListElement\":[{\"@type\":\"ListItem\",\"position\":1,\"name\":\"Portada\",\"item\":\"https:\\\/\\\/saltoecologico.es\\\/\"},{\"@type\":\"ListItem\",\"position\":2,\"name\":\"Veh\u00edculo el\u00e9ctrico\"}]},{\"@type\":\"WebSite\",\"@id\":\"https:\\\/\\\/saltoecologico.es\\\/#website\",\"url\":\"https:\\\/\\\/saltoecologico.es\\\/\",\"name\":\"Salto Ecol\u00f3gico\",\"description\":\"\",\"publisher\":{\"@id\":\"https:\\\/\\\/saltoecologico.es\\\/#organization\"},\"potentialAction\":[{\"@type\":\"SearchAction\",\"target\":{\"@type\":\"EntryPoint\",\"urlTemplate\":\"https:\\\/\\\/saltoecologico.es\\\/?s={search_term_string}\"},\"query-input\":{\"@type\":\"PropertyValueSpecification\",\"valueRequired\":true,\"valueName\":\"search_term_string\"}}],\"inLanguage\":\"es\"},{\"@type\":\"Organization\",\"@id\":\"https:\\\/\\\/saltoecologico.es\\\/#organization\",\"name\":\"Salto a la Transici\u00f3n Ecol\u00f3gica\",\"url\":\"https:\\\/\\\/saltoecologico.es\\\/\",\"logo\":{\"@type\":\"ImageObject\",\"inLanguage\":\"es\",\"@id\":\"https:\\\/\\\/saltoecologico.es\\\/#\\\/schema\\\/logo\\\/image\\\/\",\"url\":\"https:\\\/\\\/saltoecologico.es\\\/wp-content\\\/uploads\\\/2025\\\/04\\\/Logo-STE.jpg\",\"contentUrl\":\"https:\\\/\\\/saltoecologico.es\\\/wp-content\\\/uploads\\\/2025\\\/04\\\/Logo-STE.jpg\",\"width\":435,\"height\":435,\"caption\":\"Salto a la Transici\u00f3n Ecol\u00f3gica\"},\"image\":{\"@id\":\"https:\\\/\\\/saltoecologico.es\\\/#\\\/schema\\\/logo\\\/image\\\/\"},\"sameAs\":[\"https:\\\/\\\/www.facebook.com\\\/Saltotransicionecologica\"]},{\"@type\":\"Person\",\"@id\":\"https:\\\/\\\/saltoecologico.es\\\/#\\\/schema\\\/person\\\/7175eec4b3c123d86c675313c3a01a0b\",\"name\":\"admin\",\"image\":{\"@type\":\"ImageObject\",\"inLanguage\":\"es\",\"@id\":\"https:\\\/\\\/secure.gravatar.com\\\/avatar\\\/4c215dc57bbc7b2f2f470ac9bd197f3f112636a584e575a732d0206a2d9c9806?s=96&d=mm&r=g\",\"url\":\"https:\\\/\\\/secure.gravatar.com\\\/avatar\\\/4c215dc57bbc7b2f2f470ac9bd197f3f112636a584e575a732d0206a2d9c9806?s=96&d=mm&r=g\",\"contentUrl\":\"https:\\\/\\\/secure.gravatar.com\\\/avatar\\\/4c215dc57bbc7b2f2f470ac9bd197f3f112636a584e575a732d0206a2d9c9806?s=96&d=mm&r=g\",\"caption\":\"admin\"},\"sameAs\":[\"https:\\\/\\\/saltoecologico.es\"],\"url\":\"https:\\\/\\\/saltoecologico.es\\\/index.php\\\/author\\\/saltoecologico\\\/\"}]}<\/script>\n<!-- \/ Yoast SEO plugin. -->","yoast_head_json":{"title":"Veh\u00edculo el\u00e9ctrico - Salto Ecol\u00f3gico","robots":{"index":"index","follow":"follow","max-snippet":"max-snippet:-1","max-image-preview":"max-image-preview:large","max-video-preview":"max-video-preview:-1"},"canonical":"https:\/\/saltoecologico.es\/index.php\/2022\/06\/26\/vehiculo-electrico\/","og_locale":"es_ES","og_type":"article","og_title":"Veh\u00edculo el\u00e9ctrico - Salto Ecol\u00f3gico","og_description":"Las emisiones causadas por el transporte terrestre ascendieron a 3.525 Gg CO\u2082-eq en el 2019, o lo que es lo mismo, un 27% del total de las emisiones realizadas en Canarias. Por tanto, todo lo que redunde en disminuir estas emisiones, bienvenido sea. Lo que ocurre es que soluciones que en principio parecen viables, analiz\u00e1ndolas [&hellip;]","og_url":"https:\/\/saltoecologico.es\/index.php\/2022\/06\/26\/vehiculo-electrico\/","og_site_name":"Salto Ecol\u00f3gico","article_publisher":"https:\/\/www.facebook.com\/Saltotransicionecologica","article_published_time":"2022-06-26T08:44:00+00:00","article_modified_time":"2025-04-13T08:45:18+00:00","og_image":[{"width":1024,"height":683,"url":"https:\/\/saltoecologico.es\/wp-content\/uploads\/2025\/04\/Vehiculo-1.jpg","type":"image\/jpeg"}],"author":"admin","twitter_card":"summary_large_image","twitter_misc":{"Escrito por":"admin","Tiempo de lectura":"3 minutos"},"schema":{"@context":"https:\/\/schema.org","@graph":[{"@type":"Article","@id":"https:\/\/saltoecologico.es\/index.php\/2022\/06\/26\/vehiculo-electrico\/#article","isPartOf":{"@id":"https:\/\/saltoecologico.es\/index.php\/2022\/06\/26\/vehiculo-electrico\/"},"author":{"name":"admin","@id":"https:\/\/saltoecologico.es\/#\/schema\/person\/7175eec4b3c123d86c675313c3a01a0b"},"headline":"Veh\u00edculo el\u00e9ctrico","datePublished":"2022-06-26T08:44:00+00:00","dateModified":"2025-04-13T08:45:18+00:00","mainEntityOfPage":{"@id":"https:\/\/saltoecologico.es\/index.php\/2022\/06\/26\/vehiculo-electrico\/"},"wordCount":541,"commentCount":0,"publisher":{"@id":"https:\/\/saltoecologico.es\/#organization"},"image":{"@id":"https:\/\/saltoecologico.es\/index.php\/2022\/06\/26\/vehiculo-electrico\/#primaryimage"},"thumbnailUrl":"https:\/\/saltoecologico.es\/wp-content\/uploads\/2025\/04\/Vehiculo-1.jpg","articleSection":["T_Veh\u00edculo el\u00e9ctrico","Transici\u00f3n"],"inLanguage":"es","potentialAction":[{"@type":"CommentAction","name":"Comment","target":["https:\/\/saltoecologico.es\/index.php\/2022\/06\/26\/vehiculo-electrico\/#respond"]}]},{"@type":"WebPage","@id":"https:\/\/saltoecologico.es\/index.php\/2022\/06\/26\/vehiculo-electrico\/","url":"https:\/\/saltoecologico.es\/index.php\/2022\/06\/26\/vehiculo-electrico\/","name":"Veh\u00edculo el\u00e9ctrico - Salto Ecol\u00f3gico","isPartOf":{"@id":"https:\/\/saltoecologico.es\/#website"},"primaryImageOfPage":{"@id":"https:\/\/saltoecologico.es\/index.php\/2022\/06\/26\/vehiculo-electrico\/#primaryimage"},"image":{"@id":"https:\/\/saltoecologico.es\/index.php\/2022\/06\/26\/vehiculo-electrico\/#primaryimage"},"thumbnailUrl":"https:\/\/saltoecologico.es\/wp-content\/uploads\/2025\/04\/Vehiculo-1.jpg","datePublished":"2022-06-26T08:44:00+00:00","dateModified":"2025-04-13T08:45:18+00:00","breadcrumb":{"@id":"https:\/\/saltoecologico.es\/index.php\/2022\/06\/26\/vehiculo-electrico\/#breadcrumb"},"inLanguage":"es","potentialAction":[{"@type":"ReadAction","target":["https:\/\/saltoecologico.es\/index.php\/2022\/06\/26\/vehiculo-electrico\/"]}]},{"@type":"ImageObject","inLanguage":"es","@id":"https:\/\/saltoecologico.es\/index.php\/2022\/06\/26\/vehiculo-electrico\/#primaryimage","url":"https:\/\/saltoecologico.es\/wp-content\/uploads\/2025\/04\/Vehiculo-1.jpg","contentUrl":"https:\/\/saltoecologico.es\/wp-content\/uploads\/2025\/04\/Vehiculo-1.jpg","width":1024,"height":683,"caption":"Charging electro car at the electric gas station. Woman standing by the car."},{"@type":"BreadcrumbList","@id":"https:\/\/saltoecologico.es\/index.php\/2022\/06\/26\/vehiculo-electrico\/#breadcrumb","itemListElement":[{"@type":"ListItem","position":1,"name":"Portada","item":"https:\/\/saltoecologico.es\/"},{"@type":"ListItem","position":2,"name":"Veh\u00edculo el\u00e9ctrico"}]},{"@type":"WebSite","@id":"https:\/\/saltoecologico.es\/#website","url":"https:\/\/saltoecologico.es\/","name":"Salto Ecol\u00f3gico","description":"","publisher":{"@id":"https:\/\/saltoecologico.es\/#organization"},"potentialAction":[{"@type":"SearchAction","target":{"@type":"EntryPoint","urlTemplate":"https:\/\/saltoecologico.es\/?s={search_term_string}"},"query-input":{"@type":"PropertyValueSpecification","valueRequired":true,"valueName":"search_term_string"}}],"inLanguage":"es"},{"@type":"Organization","@id":"https:\/\/saltoecologico.es\/#organization","name":"Salto a la Transici\u00f3n Ecol\u00f3gica","url":"https:\/\/saltoecologico.es\/","logo":{"@type":"ImageObject","inLanguage":"es","@id":"https:\/\/saltoecologico.es\/#\/schema\/logo\/image\/","url":"https:\/\/saltoecologico.es\/wp-content\/uploads\/2025\/04\/Logo-STE.jpg","contentUrl":"https:\/\/saltoecologico.es\/wp-content\/uploads\/2025\/04\/Logo-STE.jpg","width":435,"height":435,"caption":"Salto a la Transici\u00f3n Ecol\u00f3gica"},"image":{"@id":"https:\/\/saltoecologico.es\/#\/schema\/logo\/image\/"},"sameAs":["https:\/\/www.facebook.com\/Saltotransicionecologica"]},{"@type":"Person","@id":"https:\/\/saltoecologico.es\/#\/schema\/person\/7175eec4b3c123d86c675313c3a01a0b","name":"admin","image":{"@type":"ImageObject","inLanguage":"es","@id":"https:\/\/secure.gravatar.com\/avatar\/4c215dc57bbc7b2f2f470ac9bd197f3f112636a584e575a732d0206a2d9c9806?s=96&d=mm&r=g","url":"https:\/\/secure.gravatar.com\/avatar\/4c215dc57bbc7b2f2f470ac9bd197f3f112636a584e575a732d0206a2d9c9806?s=96&d=mm&r=g","contentUrl":"https:\/\/secure.gravatar.com\/avatar\/4c215dc57bbc7b2f2f470ac9bd197f3f112636a584e575a732d0206a2d9c9806?s=96&d=mm&r=g","caption":"admin"},"sameAs":["https:\/\/saltoecologico.es"],"url":"https:\/\/saltoecologico.es\/index.php\/author\/saltoecologico\/"}]}},"_links":{"self":[{"href":"https:\/\/saltoecologico.es\/index.php\/wp-json\/wp\/v2\/posts\/390","targetHints":{"allow":["GET"]}}],"collection":[{"href":"https:\/\/saltoecologico.es\/index.php\/wp-json\/wp\/v2\/posts"}],"about":[{"href":"https:\/\/saltoecologico.es\/index.php\/wp-json\/wp\/v2\/types\/post"}],"author":[{"embeddable":true,"href":"https:\/\/saltoecologico.es\/index.php\/wp-json\/wp\/v2\/users\/1"}],"replies":[{"embeddable":true,"href":"https:\/\/saltoecologico.es\/index.php\/wp-json\/wp\/v2\/comments?post=390"}],"version-history":[{"count":1,"href":"https:\/\/saltoecologico.es\/index.php\/wp-json\/wp\/v2\/posts\/390\/revisions"}],"predecessor-version":[{"id":392,"href":"https:\/\/saltoecologico.es\/index.php\/wp-json\/wp\/v2\/posts\/390\/revisions\/392"}],"wp:featuredmedia":[{"embeddable":true,"href":"https:\/\/saltoecologico.es\/index.php\/wp-json\/wp\/v2\/media\/391"}],"wp:attachment":[{"href":"https:\/\/saltoecologico.es\/index.php\/wp-json\/wp\/v2\/media?parent=390"}],"wp:term":[{"taxonomy":"category","embeddable":true,"href":"https:\/\/saltoecologico.es\/index.php\/wp-json\/wp\/v2\/categories?post=390"},{"taxonomy":"post_tag","embeddable":true,"href":"https:\/\/saltoecologico.es\/index.php\/wp-json\/wp\/v2\/tags?post=390"}],"curies":[{"name":"wp","href":"https:\/\/api.w.org\/{rel}","templated":true}]}}