{"id":393,"date":"2022-06-28T08:49:00","date_gmt":"2022-06-28T08:49:00","guid":{"rendered":"https:\/\/saltoecologico.es\/?p=393"},"modified":"2025-04-13T08:50:30","modified_gmt":"2025-04-13T08:50:30","slug":"eolicos-en-la-gomera","status":"publish","type":"post","link":"https:\/\/saltoecologico.es\/index.php\/2022\/06\/28\/eolicos-en-la-gomera\/","title":{"rendered":"E\u00f3licos en La Gomera"},"content":{"rendered":"\n<p class=\"wp-block-paragraph\"><strong>Hay ocasiones en la que buscar titulares grandilocuentes distorsionan la realidad de una informaci\u00f3n.<\/strong><\/p>\n\n\n\n<p class=\"wp-block-paragraph\">Recientemente hemos podido leer en medios informativos una informaci\u00f3n que ven\u00eda a decir <strong>\u201cLa Gomera inicia la construcci\u00f3n de cinco parques e\u00f3licos capaces de abastecer su demanda el\u00e9ctrica\u201d<\/strong> o este otro <strong>\u201cLa Gomera contar\u00e1 con cinco parques e\u00f3licos que la abastecer\u00e1n con energ\u00eda 100% renovable\u201d<\/strong>. Evidentemente, para todos aquellos que abogamos por las renovables, <strong>ser\u00eda motivo de satisfacci\u00f3n si no fuera porque el titular no es riguroso<\/strong>.<\/p>\n\n\n\n<p class=\"wp-block-paragraph\">En primer lugar, <strong>los 12 MW de potencia instalada que suman los parques a ejecutar, es superior a los alrededor de 9 MW que tiene como punta de consumo la isla<\/strong>, por lo que en principio parecer\u00eda que nos bastar\u00eda. Esto en principio ser\u00eda as\u00ed, <strong>si tuvi\u00e9ramos un viento suficiente y constante las 24 horas y 365 d\u00edas<\/strong>, cosa que como bien sabemos no ocurre. En realidad, <strong>la e\u00f3lica terrestre tiene un factor de capacidad (tiempo de funcionamiento) de apenas un 20%<\/strong>. Por otro lado, tenemos el h\u00e1ndicap de que <strong>la e\u00f3lica no es gestionable<\/strong>, es decir, <strong>no se puede adaptar a las demandas del sistema<\/strong>, por lo que necesariamente <strong>tendr\u00e1 que convivir con la central de Endesa<\/strong> y en una <strong>proporci\u00f3n m\u00e1xima del 50%<\/strong>. En otras palabras, <strong>de esos 12 MW que se producir\u00edan con un viento adecuado, solo podr\u00edamos utilizar 4,5 MW<\/strong>, el resto <strong>habr\u00eda que desecharlo<\/strong>, es decir, <strong>parar los aerogeneradores excedentes<\/strong>, en lo que se denomina <strong>\u201cvertido energ\u00e9tico\u201d<\/strong>.<\/p>\n\n\n\n<p class=\"wp-block-paragraph\">Lo que no parece posible es que una empresa como la protagonista de esta inversi\u00f3n haya pasado por alto este problema, y en realidad <strong>no es as\u00ed<\/strong>. Existen al menos <strong>dos salidas para esta cuesti\u00f3n<\/strong>:<\/p>\n\n\n\n<ol class=\"wp-block-list\">\n<li><strong>REE tiene proyectado un doble circuito mediante cable submarino, que conectar\u00e1 Tenerife con La Gomera<\/strong> y, por tanto, <strong>a trav\u00e9s de \u00e9l, se podr\u00e1 evacuar el excedente de los parques que se anuncian<\/strong>.<\/li>\n\n\n\n<li>La segunda es que, <strong>con la construcci\u00f3n de los adecuados bombeos en la isla<\/strong>, <strong>esos excedentes y el problema de la gestionabilidad quedan resueltos<\/strong>.<\/li>\n<\/ol>\n\n\n\n<p class=\"wp-block-paragraph\">Por tanto, <strong>no es verdad que con estos parques se resuelva el problema del abastecimiento el\u00e9ctrico de La Gomera<\/strong> a no ser que <strong>construyamos los oportunos bombeos que tanto demandamos para esta y para el resto de las islas<\/strong>, <strong>sin los cuales la penetraci\u00f3n de las renovables en cuant\u00eda suficiente no ser\u00eda posible<\/strong>.<\/p>\n\n\n\n<hr class=\"wp-block-separator has-alpha-channel-opacity\"\/>\n\n\n\n<p class=\"wp-block-paragraph\"><\/p>\n","protected":false},"excerpt":{"rendered":"<p>Hay ocasiones en la que buscar titulares grandilocuentes distorsionan la realidad de una informaci\u00f3n. Recientemente hemos podido leer en medios informativos una informaci\u00f3n que ven\u00eda a decir \u201cLa Gomera inicia la construcci\u00f3n de cinco parques e\u00f3licos capaces de abastecer su demanda el\u00e9ctrica\u201d o este otro \u201cLa Gomera contar\u00e1 con cinco parques e\u00f3licos que la abastecer\u00e1n [&hellip;]<\/p>\n","protected":false},"author":1,"featured_media":394,"comment_status":"open","ping_status":"open","sticky":false,"template":"","format":"standard","meta":{"footnotes":""},"categories":[51,39],"tags":[],"class_list":["post-393","post","type-post","status-publish","format-standard","has-post-thumbnail","category-r_eolico","category-renovables"],"yoast_head":"<!-- This site is optimized with the Yoast SEO plugin v28.2 - https:\/\/yoast.com\/product\/yoast-seo-wordpress\/ -->\n<title>E\u00f3licos en La Gomera - Salto Ecol\u00f3gico<\/title>\n<meta name=\"robots\" content=\"index, follow, max-snippet:-1, max-image-preview:large, max-video-preview:-1\" \/>\n<link rel=\"canonical\" href=\"https:\/\/saltoecologico.es\/index.php\/2022\/06\/28\/eolicos-en-la-gomera\/\" \/>\n<meta property=\"og:locale\" content=\"es_ES\" \/>\n<meta property=\"og:type\" content=\"article\" \/>\n<meta property=\"og:title\" content=\"E\u00f3licos en La Gomera - Salto Ecol\u00f3gico\" \/>\n<meta property=\"og:description\" content=\"Hay ocasiones en la que buscar titulares grandilocuentes distorsionan la realidad de una informaci\u00f3n. Recientemente hemos podido leer en medios informativos una informaci\u00f3n que ven\u00eda a decir \u201cLa Gomera inicia la construcci\u00f3n de cinco parques e\u00f3licos capaces de abastecer su demanda el\u00e9ctrica\u201d o este otro \u201cLa Gomera contar\u00e1 con cinco parques e\u00f3licos que la abastecer\u00e1n [&hellip;]\" \/>\n<meta property=\"og:url\" content=\"https:\/\/saltoecologico.es\/index.php\/2022\/06\/28\/eolicos-en-la-gomera\/\" \/>\n<meta property=\"og:site_name\" content=\"Salto Ecol\u00f3gico\" \/>\n<meta property=\"article:publisher\" content=\"https:\/\/www.facebook.com\/Saltotransicionecologica\" \/>\n<meta property=\"article:published_time\" content=\"2022-06-28T08:49:00+00:00\" \/>\n<meta property=\"article:modified_time\" content=\"2025-04-13T08:50:30+00:00\" \/>\n<meta property=\"og:image\" content=\"https:\/\/saltoecologico.es\/wp-content\/uploads\/2025\/04\/Eolico-1.jpg\" \/>\n\t<meta property=\"og:image:width\" content=\"1024\" \/>\n\t<meta property=\"og:image:height\" content=\"681\" \/>\n\t<meta property=\"og:image:type\" content=\"image\/jpeg\" \/>\n<meta name=\"author\" content=\"admin\" \/>\n<meta name=\"twitter:card\" content=\"summary_large_image\" \/>\n<meta name=\"twitter:label1\" content=\"Escrito por\" \/>\n\t<meta name=\"twitter:data1\" content=\"admin\" \/>\n\t<meta name=\"twitter:label2\" content=\"Tiempo de lectura\" \/>\n\t<meta name=\"twitter:data2\" content=\"2 minutos\" \/>\n<script type=\"application\/ld+json\" class=\"yoast-schema-graph\">{\"@context\":\"https:\\\/\\\/schema.org\",\"@graph\":[{\"@type\":\"Article\",\"@id\":\"https:\\\/\\\/saltoecologico.es\\\/index.php\\\/2022\\\/06\\\/28\\\/eolicos-en-la-gomera\\\/#article\",\"isPartOf\":{\"@id\":\"https:\\\/\\\/saltoecologico.es\\\/index.php\\\/2022\\\/06\\\/28\\\/eolicos-en-la-gomera\\\/\"},\"author\":{\"name\":\"admin\",\"@id\":\"https:\\\/\\\/saltoecologico.es\\\/#\\\/schema\\\/person\\\/7175eec4b3c123d86c675313c3a01a0b\"},\"headline\":\"E\u00f3licos en La Gomera\",\"datePublished\":\"2022-06-28T08:49:00+00:00\",\"dateModified\":\"2025-04-13T08:50:30+00:00\",\"mainEntityOfPage\":{\"@id\":\"https:\\\/\\\/saltoecologico.es\\\/index.php\\\/2022\\\/06\\\/28\\\/eolicos-en-la-gomera\\\/\"},\"wordCount\":417,\"commentCount\":0,\"publisher\":{\"@id\":\"https:\\\/\\\/saltoecologico.es\\\/#organization\"},\"image\":{\"@id\":\"https:\\\/\\\/saltoecologico.es\\\/index.php\\\/2022\\\/06\\\/28\\\/eolicos-en-la-gomera\\\/#primaryimage\"},\"thumbnailUrl\":\"https:\\\/\\\/saltoecologico.es\\\/wp-content\\\/uploads\\\/2025\\\/04\\\/Eolico-1.jpg\",\"articleSection\":[\"R_E\u00f3lico\",\"Renovables\"],\"inLanguage\":\"es\",\"potentialAction\":[{\"@type\":\"CommentAction\",\"name\":\"Comment\",\"target\":[\"https:\\\/\\\/saltoecologico.es\\\/index.php\\\/2022\\\/06\\\/28\\\/eolicos-en-la-gomera\\\/#respond\"]}]},{\"@type\":\"WebPage\",\"@id\":\"https:\\\/\\\/saltoecologico.es\\\/index.php\\\/2022\\\/06\\\/28\\\/eolicos-en-la-gomera\\\/\",\"url\":\"https:\\\/\\\/saltoecologico.es\\\/index.php\\\/2022\\\/06\\\/28\\\/eolicos-en-la-gomera\\\/\",\"name\":\"E\u00f3licos en La Gomera - Salto Ecol\u00f3gico\",\"isPartOf\":{\"@id\":\"https:\\\/\\\/saltoecologico.es\\\/#website\"},\"primaryImageOfPage\":{\"@id\":\"https:\\\/\\\/saltoecologico.es\\\/index.php\\\/2022\\\/06\\\/28\\\/eolicos-en-la-gomera\\\/#primaryimage\"},\"image\":{\"@id\":\"https:\\\/\\\/saltoecologico.es\\\/index.php\\\/2022\\\/06\\\/28\\\/eolicos-en-la-gomera\\\/#primaryimage\"},\"thumbnailUrl\":\"https:\\\/\\\/saltoecologico.es\\\/wp-content\\\/uploads\\\/2025\\\/04\\\/Eolico-1.jpg\",\"datePublished\":\"2022-06-28T08:49:00+00:00\",\"dateModified\":\"2025-04-13T08:50:30+00:00\",\"breadcrumb\":{\"@id\":\"https:\\\/\\\/saltoecologico.es\\\/index.php\\\/2022\\\/06\\\/28\\\/eolicos-en-la-gomera\\\/#breadcrumb\"},\"inLanguage\":\"es\",\"potentialAction\":[{\"@type\":\"ReadAction\",\"target\":[\"https:\\\/\\\/saltoecologico.es\\\/index.php\\\/2022\\\/06\\\/28\\\/eolicos-en-la-gomera\\\/\"]}]},{\"@type\":\"ImageObject\",\"inLanguage\":\"es\",\"@id\":\"https:\\\/\\\/saltoecologico.es\\\/index.php\\\/2022\\\/06\\\/28\\\/eolicos-en-la-gomera\\\/#primaryimage\",\"url\":\"https:\\\/\\\/saltoecologico.es\\\/wp-content\\\/uploads\\\/2025\\\/04\\\/Eolico-1.jpg\",\"contentUrl\":\"https:\\\/\\\/saltoecologico.es\\\/wp-content\\\/uploads\\\/2025\\\/04\\\/Eolico-1.jpg\",\"width\":1024,\"height\":681,\"caption\":\"Engineer and worker shaking hands in a wind farm, celebrating successful renewable energy development\"},{\"@type\":\"BreadcrumbList\",\"@id\":\"https:\\\/\\\/saltoecologico.es\\\/index.php\\\/2022\\\/06\\\/28\\\/eolicos-en-la-gomera\\\/#breadcrumb\",\"itemListElement\":[{\"@type\":\"ListItem\",\"position\":1,\"name\":\"Portada\",\"item\":\"https:\\\/\\\/saltoecologico.es\\\/\"},{\"@type\":\"ListItem\",\"position\":2,\"name\":\"E\u00f3licos en La Gomera\"}]},{\"@type\":\"WebSite\",\"@id\":\"https:\\\/\\\/saltoecologico.es\\\/#website\",\"url\":\"https:\\\/\\\/saltoecologico.es\\\/\",\"name\":\"Salto Ecol\u00f3gico\",\"description\":\"\",\"publisher\":{\"@id\":\"https:\\\/\\\/saltoecologico.es\\\/#organization\"},\"potentialAction\":[{\"@type\":\"SearchAction\",\"target\":{\"@type\":\"EntryPoint\",\"urlTemplate\":\"https:\\\/\\\/saltoecologico.es\\\/?s={search_term_string}\"},\"query-input\":{\"@type\":\"PropertyValueSpecification\",\"valueRequired\":true,\"valueName\":\"search_term_string\"}}],\"inLanguage\":\"es\"},{\"@type\":\"Organization\",\"@id\":\"https:\\\/\\\/saltoecologico.es\\\/#organization\",\"name\":\"Salto a la Transici\u00f3n Ecol\u00f3gica\",\"url\":\"https:\\\/\\\/saltoecologico.es\\\/\",\"logo\":{\"@type\":\"ImageObject\",\"inLanguage\":\"es\",\"@id\":\"https:\\\/\\\/saltoecologico.es\\\/#\\\/schema\\\/logo\\\/image\\\/\",\"url\":\"https:\\\/\\\/saltoecologico.es\\\/wp-content\\\/uploads\\\/2025\\\/04\\\/Logo-STE.jpg\",\"contentUrl\":\"https:\\\/\\\/saltoecologico.es\\\/wp-content\\\/uploads\\\/2025\\\/04\\\/Logo-STE.jpg\",\"width\":435,\"height\":435,\"caption\":\"Salto a la Transici\u00f3n Ecol\u00f3gica\"},\"image\":{\"@id\":\"https:\\\/\\\/saltoecologico.es\\\/#\\\/schema\\\/logo\\\/image\\\/\"},\"sameAs\":[\"https:\\\/\\\/www.facebook.com\\\/Saltotransicionecologica\"]},{\"@type\":\"Person\",\"@id\":\"https:\\\/\\\/saltoecologico.es\\\/#\\\/schema\\\/person\\\/7175eec4b3c123d86c675313c3a01a0b\",\"name\":\"admin\",\"image\":{\"@type\":\"ImageObject\",\"inLanguage\":\"es\",\"@id\":\"https:\\\/\\\/secure.gravatar.com\\\/avatar\\\/4c215dc57bbc7b2f2f470ac9bd197f3f112636a584e575a732d0206a2d9c9806?s=96&d=mm&r=g\",\"url\":\"https:\\\/\\\/secure.gravatar.com\\\/avatar\\\/4c215dc57bbc7b2f2f470ac9bd197f3f112636a584e575a732d0206a2d9c9806?s=96&d=mm&r=g\",\"contentUrl\":\"https:\\\/\\\/secure.gravatar.com\\\/avatar\\\/4c215dc57bbc7b2f2f470ac9bd197f3f112636a584e575a732d0206a2d9c9806?s=96&d=mm&r=g\",\"caption\":\"admin\"},\"sameAs\":[\"https:\\\/\\\/saltoecologico.es\"],\"url\":\"https:\\\/\\\/saltoecologico.es\\\/index.php\\\/author\\\/saltoecologico\\\/\"}]}<\/script>\n<!-- \/ Yoast SEO plugin. -->","yoast_head_json":{"title":"E\u00f3licos en La Gomera - Salto Ecol\u00f3gico","robots":{"index":"index","follow":"follow","max-snippet":"max-snippet:-1","max-image-preview":"max-image-preview:large","max-video-preview":"max-video-preview:-1"},"canonical":"https:\/\/saltoecologico.es\/index.php\/2022\/06\/28\/eolicos-en-la-gomera\/","og_locale":"es_ES","og_type":"article","og_title":"E\u00f3licos en La Gomera - Salto Ecol\u00f3gico","og_description":"Hay ocasiones en la que buscar titulares grandilocuentes distorsionan la realidad de una informaci\u00f3n. Recientemente hemos podido leer en medios informativos una informaci\u00f3n que ven\u00eda a decir \u201cLa Gomera inicia la construcci\u00f3n de cinco parques e\u00f3licos capaces de abastecer su demanda el\u00e9ctrica\u201d o este otro \u201cLa Gomera contar\u00e1 con cinco parques e\u00f3licos que la abastecer\u00e1n [&hellip;]","og_url":"https:\/\/saltoecologico.es\/index.php\/2022\/06\/28\/eolicos-en-la-gomera\/","og_site_name":"Salto Ecol\u00f3gico","article_publisher":"https:\/\/www.facebook.com\/Saltotransicionecologica","article_published_time":"2022-06-28T08:49:00+00:00","article_modified_time":"2025-04-13T08:50:30+00:00","og_image":[{"width":1024,"height":681,"url":"https:\/\/saltoecologico.es\/wp-content\/uploads\/2025\/04\/Eolico-1.jpg","type":"image\/jpeg"}],"author":"admin","twitter_card":"summary_large_image","twitter_misc":{"Escrito por":"admin","Tiempo de lectura":"2 minutos"},"schema":{"@context":"https:\/\/schema.org","@graph":[{"@type":"Article","@id":"https:\/\/saltoecologico.es\/index.php\/2022\/06\/28\/eolicos-en-la-gomera\/#article","isPartOf":{"@id":"https:\/\/saltoecologico.es\/index.php\/2022\/06\/28\/eolicos-en-la-gomera\/"},"author":{"name":"admin","@id":"https:\/\/saltoecologico.es\/#\/schema\/person\/7175eec4b3c123d86c675313c3a01a0b"},"headline":"E\u00f3licos en La Gomera","datePublished":"2022-06-28T08:49:00+00:00","dateModified":"2025-04-13T08:50:30+00:00","mainEntityOfPage":{"@id":"https:\/\/saltoecologico.es\/index.php\/2022\/06\/28\/eolicos-en-la-gomera\/"},"wordCount":417,"commentCount":0,"publisher":{"@id":"https:\/\/saltoecologico.es\/#organization"},"image":{"@id":"https:\/\/saltoecologico.es\/index.php\/2022\/06\/28\/eolicos-en-la-gomera\/#primaryimage"},"thumbnailUrl":"https:\/\/saltoecologico.es\/wp-content\/uploads\/2025\/04\/Eolico-1.jpg","articleSection":["R_E\u00f3lico","Renovables"],"inLanguage":"es","potentialAction":[{"@type":"CommentAction","name":"Comment","target":["https:\/\/saltoecologico.es\/index.php\/2022\/06\/28\/eolicos-en-la-gomera\/#respond"]}]},{"@type":"WebPage","@id":"https:\/\/saltoecologico.es\/index.php\/2022\/06\/28\/eolicos-en-la-gomera\/","url":"https:\/\/saltoecologico.es\/index.php\/2022\/06\/28\/eolicos-en-la-gomera\/","name":"E\u00f3licos en La Gomera - Salto Ecol\u00f3gico","isPartOf":{"@id":"https:\/\/saltoecologico.es\/#website"},"primaryImageOfPage":{"@id":"https:\/\/saltoecologico.es\/index.php\/2022\/06\/28\/eolicos-en-la-gomera\/#primaryimage"},"image":{"@id":"https:\/\/saltoecologico.es\/index.php\/2022\/06\/28\/eolicos-en-la-gomera\/#primaryimage"},"thumbnailUrl":"https:\/\/saltoecologico.es\/wp-content\/uploads\/2025\/04\/Eolico-1.jpg","datePublished":"2022-06-28T08:49:00+00:00","dateModified":"2025-04-13T08:50:30+00:00","breadcrumb":{"@id":"https:\/\/saltoecologico.es\/index.php\/2022\/06\/28\/eolicos-en-la-gomera\/#breadcrumb"},"inLanguage":"es","potentialAction":[{"@type":"ReadAction","target":["https:\/\/saltoecologico.es\/index.php\/2022\/06\/28\/eolicos-en-la-gomera\/"]}]},{"@type":"ImageObject","inLanguage":"es","@id":"https:\/\/saltoecologico.es\/index.php\/2022\/06\/28\/eolicos-en-la-gomera\/#primaryimage","url":"https:\/\/saltoecologico.es\/wp-content\/uploads\/2025\/04\/Eolico-1.jpg","contentUrl":"https:\/\/saltoecologico.es\/wp-content\/uploads\/2025\/04\/Eolico-1.jpg","width":1024,"height":681,"caption":"Engineer and worker shaking hands in a wind farm, celebrating successful renewable energy development"},{"@type":"BreadcrumbList","@id":"https:\/\/saltoecologico.es\/index.php\/2022\/06\/28\/eolicos-en-la-gomera\/#breadcrumb","itemListElement":[{"@type":"ListItem","position":1,"name":"Portada","item":"https:\/\/saltoecologico.es\/"},{"@type":"ListItem","position":2,"name":"E\u00f3licos en La Gomera"}]},{"@type":"WebSite","@id":"https:\/\/saltoecologico.es\/#website","url":"https:\/\/saltoecologico.es\/","name":"Salto Ecol\u00f3gico","description":"","publisher":{"@id":"https:\/\/saltoecologico.es\/#organization"},"potentialAction":[{"@type":"SearchAction","target":{"@type":"EntryPoint","urlTemplate":"https:\/\/saltoecologico.es\/?s={search_term_string}"},"query-input":{"@type":"PropertyValueSpecification","valueRequired":true,"valueName":"search_term_string"}}],"inLanguage":"es"},{"@type":"Organization","@id":"https:\/\/saltoecologico.es\/#organization","name":"Salto a la Transici\u00f3n Ecol\u00f3gica","url":"https:\/\/saltoecologico.es\/","logo":{"@type":"ImageObject","inLanguage":"es","@id":"https:\/\/saltoecologico.es\/#\/schema\/logo\/image\/","url":"https:\/\/saltoecologico.es\/wp-content\/uploads\/2025\/04\/Logo-STE.jpg","contentUrl":"https:\/\/saltoecologico.es\/wp-content\/uploads\/2025\/04\/Logo-STE.jpg","width":435,"height":435,"caption":"Salto a la Transici\u00f3n Ecol\u00f3gica"},"image":{"@id":"https:\/\/saltoecologico.es\/#\/schema\/logo\/image\/"},"sameAs":["https:\/\/www.facebook.com\/Saltotransicionecologica"]},{"@type":"Person","@id":"https:\/\/saltoecologico.es\/#\/schema\/person\/7175eec4b3c123d86c675313c3a01a0b","name":"admin","image":{"@type":"ImageObject","inLanguage":"es","@id":"https:\/\/secure.gravatar.com\/avatar\/4c215dc57bbc7b2f2f470ac9bd197f3f112636a584e575a732d0206a2d9c9806?s=96&d=mm&r=g","url":"https:\/\/secure.gravatar.com\/avatar\/4c215dc57bbc7b2f2f470ac9bd197f3f112636a584e575a732d0206a2d9c9806?s=96&d=mm&r=g","contentUrl":"https:\/\/secure.gravatar.com\/avatar\/4c215dc57bbc7b2f2f470ac9bd197f3f112636a584e575a732d0206a2d9c9806?s=96&d=mm&r=g","caption":"admin"},"sameAs":["https:\/\/saltoecologico.es"],"url":"https:\/\/saltoecologico.es\/index.php\/author\/saltoecologico\/"}]}},"_links":{"self":[{"href":"https:\/\/saltoecologico.es\/index.php\/wp-json\/wp\/v2\/posts\/393","targetHints":{"allow":["GET"]}}],"collection":[{"href":"https:\/\/saltoecologico.es\/index.php\/wp-json\/wp\/v2\/posts"}],"about":[{"href":"https:\/\/saltoecologico.es\/index.php\/wp-json\/wp\/v2\/types\/post"}],"author":[{"embeddable":true,"href":"https:\/\/saltoecologico.es\/index.php\/wp-json\/wp\/v2\/users\/1"}],"replies":[{"embeddable":true,"href":"https:\/\/saltoecologico.es\/index.php\/wp-json\/wp\/v2\/comments?post=393"}],"version-history":[{"count":1,"href":"https:\/\/saltoecologico.es\/index.php\/wp-json\/wp\/v2\/posts\/393\/revisions"}],"predecessor-version":[{"id":395,"href":"https:\/\/saltoecologico.es\/index.php\/wp-json\/wp\/v2\/posts\/393\/revisions\/395"}],"wp:featuredmedia":[{"embeddable":true,"href":"https:\/\/saltoecologico.es\/index.php\/wp-json\/wp\/v2\/media\/394"}],"wp:attachment":[{"href":"https:\/\/saltoecologico.es\/index.php\/wp-json\/wp\/v2\/media?parent=393"}],"wp:term":[{"taxonomy":"category","embeddable":true,"href":"https:\/\/saltoecologico.es\/index.php\/wp-json\/wp\/v2\/categories?post=393"},{"taxonomy":"post_tag","embeddable":true,"href":"https:\/\/saltoecologico.es\/index.php\/wp-json\/wp\/v2\/tags?post=393"}],"curies":[{"name":"wp","href":"https:\/\/api.w.org\/{rel}","templated":true}]}}