{"id":399,"date":"2022-07-02T08:59:00","date_gmt":"2022-07-02T08:59:00","guid":{"rendered":"https:\/\/saltoecologico.es\/?p=399"},"modified":"2025-04-13T08:59:55","modified_gmt":"2025-04-13T08:59:55","slug":"el-autoconsumo","status":"publish","type":"post","link":"https:\/\/saltoecologico.es\/index.php\/2022\/07\/02\/el-autoconsumo\/","title":{"rendered":"El autoconsumo"},"content":{"rendered":"\n<p class=\"wp-block-paragraph\">Es com\u00fan en nuestros d\u00edas o\u00edr conceptos tales como <strong>\u201cdemocratizaci\u00f3n de las renovables\u201d<\/strong>, <strong>\u201cautosuficiencia energ\u00e9tica\u201d<\/strong>, <strong>\u201csoberan\u00eda energ\u00e9tica\u201d<\/strong>, <strong>\u201cenerg\u00eda kil\u00f3metro cero\u201d<\/strong> y todos ellos destinados a trasmitir un concepto que es <strong>muy atractivo desde el punto de vista del discurso populista<\/strong> pero <strong>lamentablemente ineficaz desde el punto de vista tecnol\u00f3gico<\/strong>. La idea central consiste en difundir el mensaje de que <strong>con el autoconsumo fotovoltaico ser\u00eda suficiente para generar la energ\u00eda que necesitamos en un sistema el\u00e9ctrico<\/strong>. En otras palabras, <strong>si todos los usuarios coloc\u00e1ramos placas fotovoltaicas en nuestros tejados podr\u00edamos eliminar las centrales, las subestaciones, las l\u00edneas, los transformadores y toda la parafernalia tecnol\u00f3gica que existe hoy en d\u00eda<\/strong>, porque cada uno generar\u00eda lo que necesitara y <strong>sus excedentes ser\u00edan consumidos por los vecinos<\/strong>.<\/p>\n\n\n\n<p class=\"wp-block-paragraph\"><strong>No me negar\u00e1n lo atractivo del discurso<\/strong> y por lo tanto <strong>lo f\u00e1cil que puede calar en la sociedad<\/strong>, con el peligro de <strong>hacer creer en una quimera<\/strong> y por tanto <strong>cualquier soluci\u00f3n ajena a lo planteado siempre ser\u00e1 una soluci\u00f3n peor y menos eficiente<\/strong>.<\/p>\n\n\n\n<p class=\"wp-block-paragraph\"><strong>Vayamos por partes.<\/strong><\/p>\n\n\n\n<p class=\"wp-block-paragraph\">Si <strong>mi vivienda es una vivienda aislada<\/strong>, es perfectamente posible, a d\u00eda de hoy, <strong>montar un sistema con sus m\u00f3dulos fotovoltaicos, su regulador de carga, su inversor y sus bater\u00edas<\/strong>, que convenientemente dimensionados y con el apoyo de un sistema auxiliar tipo e\u00f3lico casero, <strong>me podr\u00eda dar una casi completa autonom\u00eda desconectado de la red el\u00e9ctrica<\/strong>. Para una electrificaci\u00f3n de 5.000 vatios y un consumo en torno a los 20.000 Wh\/d\u00eda, estar\u00edamos hablando de <strong>unos 12 paneles fotovoltaicos, unas 8 bater\u00edas<\/strong>, am\u00e9n del inversor, regulador de carga y resto de componentes. Esto necesitar\u00eda de <strong>unos 24 m\u00b2 de azotea<\/strong>, m\u00e1s el espacio para la instalaci\u00f3n interior y la colocaci\u00f3n de las bater\u00edas.<\/p>\n\n\n\n<p class=\"wp-block-paragraph\">Si hablamos de <strong>un edificio de unas 50 viviendas<\/strong>, por extrapolaci\u00f3n, necesitar\u00edamos <strong>600 paneles solares, 400 bater\u00edas<\/strong> y <strong>una superficie de azotea de alrededor de 1.200 m\u00b2<\/strong>, sin contar las distancias que habr\u00eda que aumentar por temas de sombras de unos paneles sobre otros. Adem\u00e1s, <strong>tendr\u00edamos que trazar las oportunas instalaciones de cableados<\/strong> para hacer llegar la generaci\u00f3n de cada grupo de paneles a sus respectivas bater\u00edas y viviendas.<\/p>\n\n\n\n<p class=\"wp-block-paragraph\"><strong>Obviamente este despliegue es inasumible<\/strong> y a lo que se entiende en la actualidad es a <strong>comunidades energ\u00e9ticas sin acumuladores<\/strong>, que lo que pretenden es <strong>disminuir la factura de la luz<\/strong>, pero desechando el concepto de <strong>autonom\u00eda energ\u00e9tica<\/strong>. Este concepto <strong>necesita necesariamente de la existencia de una red externa potente<\/strong> que pueda <strong>asumir los volcados fotovoltaicos y poderlos gestionar adecuadamente<\/strong>.<\/p>\n\n\n\n<p class=\"wp-block-paragraph\">Llegados a este punto conviene aclarar que la <strong>generaci\u00f3n fotovoltaica es una generaci\u00f3n \u201cno gestionable\u201d<\/strong> dado que se lleva a cabo <strong>en funci\u00f3n de la cantidad lum\u00ednica que nos proporciona el sol<\/strong>. Por tanto, comienza en valores peque\u00f1os al amanecer y va aumentando hasta alcanzar su m\u00e1ximo en las horas centrales del d\u00eda, para luego decrecer hasta el ocaso. Adem\u00e1s, <strong>se ve alterada por el paso de nubes o sombras reflejadas sobre los paneles productores<\/strong>. Para poder \u201cdomesticar\u201d esta no gestionabilidad, solo hay dos formas: <strong>o colocar bater\u00edas o conectarlas a una red robusta gestionable<\/strong>. El hecho de <strong>tener bater\u00edas en un edificio creo que queda suficientemente explicado<\/strong> con el enunciado anterior y por tanto, <strong>por mucho que nos pese, en la actualidad, no podemos desprendernos de la \u201cred el\u00e9ctrica\u201d tal y como la conocemos de una manera absoluta e indiscriminada<\/strong>, sino <strong>tenemos que reservarlo para aquellos privilegiados, que viven en casas unifamiliares aisladas<\/strong>.<\/p>\n\n\n\n<p class=\"wp-block-paragraph\"><strong>\u00bfEstamos diciendo que la figura del autoconsumo es irrelevante y la tenemos que descartar?<\/strong> En absoluto, el <strong>autoconsumo es un fen\u00f3meno que ha venido para quedarse<\/strong> y afortunadamente que ha sido as\u00ed. La regulaci\u00f3n que ha llevado a cabo el gobierno en el <strong>RD 244\/2019 de 5 de abril<\/strong>, aunque mejorable, ha sido <strong>un espaldarazo a permitir que el ciudadano de a pie participe y se beneficie de toda la transici\u00f3n energ\u00e9tica<\/strong> en la que estamos inmersos. Este autoconsumo y <strong>la participaci\u00f3n ciudadana ser\u00e1 crucial en la penetraci\u00f3n de renovables<\/strong> y para muestra un bot\u00f3n: <strong>de los cerca de 4.000 MW que se prev\u00e9n de instalaci\u00f3n de renovables en Gran Canaria, 500 MW ser\u00e1n aportados por el autoconsumo<\/strong>.<\/p>\n\n\n\n<p class=\"wp-block-paragraph\">Lo \u00fanico que decimos es que <strong>la excelente noticia que ha sido la incipiente llegada del autoconsumo, debe ir aparejada con una red de transporte y distribuci\u00f3n, necesariamente robusta<\/strong>.<\/p>\n\n\n\n<p class=\"wp-block-paragraph\">Por eso, en mi modesta manera de entender la cuesti\u00f3n, <strong>deber\u00edamos tener cuidado con los discursos que planeamos<\/strong>, porque <strong>se podr\u00eda pensar que algunos abogan por la famosa \u201csoberan\u00eda energ\u00e9tica\u201d solo para el sector de la poblaci\u00f3n pudiente que se puede permitir vivir en una casa aislada<\/strong>.<\/p>\n\n\n\n<hr class=\"wp-block-separator has-alpha-channel-opacity\"\/>\n\n\n\n<p class=\"wp-block-paragraph\"><\/p>\n","protected":false},"excerpt":{"rendered":"<p>Es com\u00fan en nuestros d\u00edas o\u00edr conceptos tales como \u201cdemocratizaci\u00f3n de las renovables\u201d, \u201cautosuficiencia energ\u00e9tica\u201d, \u201csoberan\u00eda energ\u00e9tica\u201d, \u201cenerg\u00eda kil\u00f3metro cero\u201d y todos ellos destinados a trasmitir un concepto que es muy atractivo desde el punto de vista del discurso populista pero lamentablemente ineficaz desde el punto de vista tecnol\u00f3gico. La idea central consiste en difundir [&hellip;]<\/p>\n","protected":false},"author":1,"featured_media":369,"comment_status":"open","ping_status":"open","sticky":false,"template":"","format":"standard","meta":{"footnotes":""},"categories":[45,39],"tags":[],"class_list":["post-399","post","type-post","status-publish","format-standard","has-post-thumbnail","category-r_autoconsumo","category-renovables"],"yoast_head":"<!-- This site is optimized with the Yoast SEO plugin v28.2 - https:\/\/yoast.com\/product\/yoast-seo-wordpress\/ -->\n<title>El autoconsumo - Salto Ecol\u00f3gico<\/title>\n<meta name=\"robots\" content=\"index, follow, max-snippet:-1, max-image-preview:large, max-video-preview:-1\" \/>\n<link rel=\"canonical\" href=\"https:\/\/saltoecologico.es\/index.php\/2022\/07\/02\/el-autoconsumo\/\" \/>\n<meta property=\"og:locale\" content=\"es_ES\" \/>\n<meta property=\"og:type\" content=\"article\" \/>\n<meta property=\"og:title\" content=\"El autoconsumo - Salto Ecol\u00f3gico\" \/>\n<meta property=\"og:description\" content=\"Es com\u00fan en nuestros d\u00edas o\u00edr conceptos tales como \u201cdemocratizaci\u00f3n de las renovables\u201d, \u201cautosuficiencia energ\u00e9tica\u201d, \u201csoberan\u00eda energ\u00e9tica\u201d, \u201cenerg\u00eda kil\u00f3metro cero\u201d y todos ellos destinados a trasmitir un concepto que es muy atractivo desde el punto de vista del discurso populista pero lamentablemente ineficaz desde el punto de vista tecnol\u00f3gico. La idea central consiste en difundir [&hellip;]\" \/>\n<meta property=\"og:url\" content=\"https:\/\/saltoecologico.es\/index.php\/2022\/07\/02\/el-autoconsumo\/\" \/>\n<meta property=\"og:site_name\" content=\"Salto Ecol\u00f3gico\" \/>\n<meta property=\"article:publisher\" content=\"https:\/\/www.facebook.com\/Saltotransicionecologica\" \/>\n<meta property=\"article:published_time\" content=\"2022-07-02T08:59:00+00:00\" \/>\n<meta property=\"article:modified_time\" content=\"2025-04-13T08:59:55+00:00\" \/>\n<meta property=\"og:image\" content=\"https:\/\/saltoecologico.es\/wp-content\/uploads\/2022\/05\/Autoconsumo-scaled.jpg\" \/>\n\t<meta property=\"og:image:width\" content=\"2560\" \/>\n\t<meta property=\"og:image:height\" content=\"1280\" \/>\n\t<meta property=\"og:image:type\" content=\"image\/jpeg\" \/>\n<meta name=\"author\" content=\"admin\" \/>\n<meta name=\"twitter:card\" content=\"summary_large_image\" \/>\n<meta name=\"twitter:label1\" content=\"Escrito por\" \/>\n\t<meta name=\"twitter:data1\" content=\"admin\" \/>\n\t<meta name=\"twitter:label2\" content=\"Tiempo de lectura\" \/>\n\t<meta name=\"twitter:data2\" content=\"4 minutos\" \/>\n<script type=\"application\/ld+json\" class=\"yoast-schema-graph\">{\"@context\":\"https:\\\/\\\/schema.org\",\"@graph\":[{\"@type\":\"Article\",\"@id\":\"https:\\\/\\\/saltoecologico.es\\\/index.php\\\/2022\\\/07\\\/02\\\/el-autoconsumo\\\/#article\",\"isPartOf\":{\"@id\":\"https:\\\/\\\/saltoecologico.es\\\/index.php\\\/2022\\\/07\\\/02\\\/el-autoconsumo\\\/\"},\"author\":{\"name\":\"admin\",\"@id\":\"https:\\\/\\\/saltoecologico.es\\\/#\\\/schema\\\/person\\\/7175eec4b3c123d86c675313c3a01a0b\"},\"headline\":\"El autoconsumo\",\"datePublished\":\"2022-07-02T08:59:00+00:00\",\"dateModified\":\"2025-04-13T08:59:55+00:00\",\"mainEntityOfPage\":{\"@id\":\"https:\\\/\\\/saltoecologico.es\\\/index.php\\\/2022\\\/07\\\/02\\\/el-autoconsumo\\\/\"},\"wordCount\":830,\"commentCount\":0,\"publisher\":{\"@id\":\"https:\\\/\\\/saltoecologico.es\\\/#organization\"},\"image\":{\"@id\":\"https:\\\/\\\/saltoecologico.es\\\/index.php\\\/2022\\\/07\\\/02\\\/el-autoconsumo\\\/#primaryimage\"},\"thumbnailUrl\":\"https:\\\/\\\/saltoecologico.es\\\/wp-content\\\/uploads\\\/2022\\\/05\\\/Autoconsumo-scaled.jpg\",\"articleSection\":[\"R_Autoconsumo\",\"Renovables\"],\"inLanguage\":\"es\",\"potentialAction\":[{\"@type\":\"CommentAction\",\"name\":\"Comment\",\"target\":[\"https:\\\/\\\/saltoecologico.es\\\/index.php\\\/2022\\\/07\\\/02\\\/el-autoconsumo\\\/#respond\"]}]},{\"@type\":\"WebPage\",\"@id\":\"https:\\\/\\\/saltoecologico.es\\\/index.php\\\/2022\\\/07\\\/02\\\/el-autoconsumo\\\/\",\"url\":\"https:\\\/\\\/saltoecologico.es\\\/index.php\\\/2022\\\/07\\\/02\\\/el-autoconsumo\\\/\",\"name\":\"El autoconsumo - Salto Ecol\u00f3gico\",\"isPartOf\":{\"@id\":\"https:\\\/\\\/saltoecologico.es\\\/#website\"},\"primaryImageOfPage\":{\"@id\":\"https:\\\/\\\/saltoecologico.es\\\/index.php\\\/2022\\\/07\\\/02\\\/el-autoconsumo\\\/#primaryimage\"},\"image\":{\"@id\":\"https:\\\/\\\/saltoecologico.es\\\/index.php\\\/2022\\\/07\\\/02\\\/el-autoconsumo\\\/#primaryimage\"},\"thumbnailUrl\":\"https:\\\/\\\/saltoecologico.es\\\/wp-content\\\/uploads\\\/2022\\\/05\\\/Autoconsumo-scaled.jpg\",\"datePublished\":\"2022-07-02T08:59:00+00:00\",\"dateModified\":\"2025-04-13T08:59:55+00:00\",\"breadcrumb\":{\"@id\":\"https:\\\/\\\/saltoecologico.es\\\/index.php\\\/2022\\\/07\\\/02\\\/el-autoconsumo\\\/#breadcrumb\"},\"inLanguage\":\"es\",\"potentialAction\":[{\"@type\":\"ReadAction\",\"target\":[\"https:\\\/\\\/saltoecologico.es\\\/index.php\\\/2022\\\/07\\\/02\\\/el-autoconsumo\\\/\"]}]},{\"@type\":\"ImageObject\",\"inLanguage\":\"es\",\"@id\":\"https:\\\/\\\/saltoecologico.es\\\/index.php\\\/2022\\\/07\\\/02\\\/el-autoconsumo\\\/#primaryimage\",\"url\":\"https:\\\/\\\/saltoecologico.es\\\/wp-content\\\/uploads\\\/2022\\\/05\\\/Autoconsumo-scaled.jpg\",\"contentUrl\":\"https:\\\/\\\/saltoecologico.es\\\/wp-content\\\/uploads\\\/2022\\\/05\\\/Autoconsumo-scaled.jpg\",\"width\":2560,\"height\":1280,\"caption\":\"Row of house with solar panels on roof on blue sky background. 3d illustration\"},{\"@type\":\"BreadcrumbList\",\"@id\":\"https:\\\/\\\/saltoecologico.es\\\/index.php\\\/2022\\\/07\\\/02\\\/el-autoconsumo\\\/#breadcrumb\",\"itemListElement\":[{\"@type\":\"ListItem\",\"position\":1,\"name\":\"Portada\",\"item\":\"https:\\\/\\\/saltoecologico.es\\\/\"},{\"@type\":\"ListItem\",\"position\":2,\"name\":\"El autoconsumo\"}]},{\"@type\":\"WebSite\",\"@id\":\"https:\\\/\\\/saltoecologico.es\\\/#website\",\"url\":\"https:\\\/\\\/saltoecologico.es\\\/\",\"name\":\"Salto Ecol\u00f3gico\",\"description\":\"\",\"publisher\":{\"@id\":\"https:\\\/\\\/saltoecologico.es\\\/#organization\"},\"potentialAction\":[{\"@type\":\"SearchAction\",\"target\":{\"@type\":\"EntryPoint\",\"urlTemplate\":\"https:\\\/\\\/saltoecologico.es\\\/?s={search_term_string}\"},\"query-input\":{\"@type\":\"PropertyValueSpecification\",\"valueRequired\":true,\"valueName\":\"search_term_string\"}}],\"inLanguage\":\"es\"},{\"@type\":\"Organization\",\"@id\":\"https:\\\/\\\/saltoecologico.es\\\/#organization\",\"name\":\"Salto a la Transici\u00f3n Ecol\u00f3gica\",\"url\":\"https:\\\/\\\/saltoecologico.es\\\/\",\"logo\":{\"@type\":\"ImageObject\",\"inLanguage\":\"es\",\"@id\":\"https:\\\/\\\/saltoecologico.es\\\/#\\\/schema\\\/logo\\\/image\\\/\",\"url\":\"https:\\\/\\\/saltoecologico.es\\\/wp-content\\\/uploads\\\/2025\\\/04\\\/Logo-STE.jpg\",\"contentUrl\":\"https:\\\/\\\/saltoecologico.es\\\/wp-content\\\/uploads\\\/2025\\\/04\\\/Logo-STE.jpg\",\"width\":435,\"height\":435,\"caption\":\"Salto a la Transici\u00f3n Ecol\u00f3gica\"},\"image\":{\"@id\":\"https:\\\/\\\/saltoecologico.es\\\/#\\\/schema\\\/logo\\\/image\\\/\"},\"sameAs\":[\"https:\\\/\\\/www.facebook.com\\\/Saltotransicionecologica\"]},{\"@type\":\"Person\",\"@id\":\"https:\\\/\\\/saltoecologico.es\\\/#\\\/schema\\\/person\\\/7175eec4b3c123d86c675313c3a01a0b\",\"name\":\"admin\",\"image\":{\"@type\":\"ImageObject\",\"inLanguage\":\"es\",\"@id\":\"https:\\\/\\\/secure.gravatar.com\\\/avatar\\\/4c215dc57bbc7b2f2f470ac9bd197f3f112636a584e575a732d0206a2d9c9806?s=96&d=mm&r=g\",\"url\":\"https:\\\/\\\/secure.gravatar.com\\\/avatar\\\/4c215dc57bbc7b2f2f470ac9bd197f3f112636a584e575a732d0206a2d9c9806?s=96&d=mm&r=g\",\"contentUrl\":\"https:\\\/\\\/secure.gravatar.com\\\/avatar\\\/4c215dc57bbc7b2f2f470ac9bd197f3f112636a584e575a732d0206a2d9c9806?s=96&d=mm&r=g\",\"caption\":\"admin\"},\"sameAs\":[\"https:\\\/\\\/saltoecologico.es\"],\"url\":\"https:\\\/\\\/saltoecologico.es\\\/index.php\\\/author\\\/saltoecologico\\\/\"}]}<\/script>\n<!-- \/ Yoast SEO plugin. -->","yoast_head_json":{"title":"El autoconsumo - Salto Ecol\u00f3gico","robots":{"index":"index","follow":"follow","max-snippet":"max-snippet:-1","max-image-preview":"max-image-preview:large","max-video-preview":"max-video-preview:-1"},"canonical":"https:\/\/saltoecologico.es\/index.php\/2022\/07\/02\/el-autoconsumo\/","og_locale":"es_ES","og_type":"article","og_title":"El autoconsumo - Salto Ecol\u00f3gico","og_description":"Es com\u00fan en nuestros d\u00edas o\u00edr conceptos tales como \u201cdemocratizaci\u00f3n de las renovables\u201d, \u201cautosuficiencia energ\u00e9tica\u201d, \u201csoberan\u00eda energ\u00e9tica\u201d, \u201cenerg\u00eda kil\u00f3metro cero\u201d y todos ellos destinados a trasmitir un concepto que es muy atractivo desde el punto de vista del discurso populista pero lamentablemente ineficaz desde el punto de vista tecnol\u00f3gico. La idea central consiste en difundir [&hellip;]","og_url":"https:\/\/saltoecologico.es\/index.php\/2022\/07\/02\/el-autoconsumo\/","og_site_name":"Salto Ecol\u00f3gico","article_publisher":"https:\/\/www.facebook.com\/Saltotransicionecologica","article_published_time":"2022-07-02T08:59:00+00:00","article_modified_time":"2025-04-13T08:59:55+00:00","og_image":[{"width":2560,"height":1280,"url":"https:\/\/saltoecologico.es\/wp-content\/uploads\/2022\/05\/Autoconsumo-scaled.jpg","type":"image\/jpeg"}],"author":"admin","twitter_card":"summary_large_image","twitter_misc":{"Escrito por":"admin","Tiempo de lectura":"4 minutos"},"schema":{"@context":"https:\/\/schema.org","@graph":[{"@type":"Article","@id":"https:\/\/saltoecologico.es\/index.php\/2022\/07\/02\/el-autoconsumo\/#article","isPartOf":{"@id":"https:\/\/saltoecologico.es\/index.php\/2022\/07\/02\/el-autoconsumo\/"},"author":{"name":"admin","@id":"https:\/\/saltoecologico.es\/#\/schema\/person\/7175eec4b3c123d86c675313c3a01a0b"},"headline":"El autoconsumo","datePublished":"2022-07-02T08:59:00+00:00","dateModified":"2025-04-13T08:59:55+00:00","mainEntityOfPage":{"@id":"https:\/\/saltoecologico.es\/index.php\/2022\/07\/02\/el-autoconsumo\/"},"wordCount":830,"commentCount":0,"publisher":{"@id":"https:\/\/saltoecologico.es\/#organization"},"image":{"@id":"https:\/\/saltoecologico.es\/index.php\/2022\/07\/02\/el-autoconsumo\/#primaryimage"},"thumbnailUrl":"https:\/\/saltoecologico.es\/wp-content\/uploads\/2022\/05\/Autoconsumo-scaled.jpg","articleSection":["R_Autoconsumo","Renovables"],"inLanguage":"es","potentialAction":[{"@type":"CommentAction","name":"Comment","target":["https:\/\/saltoecologico.es\/index.php\/2022\/07\/02\/el-autoconsumo\/#respond"]}]},{"@type":"WebPage","@id":"https:\/\/saltoecologico.es\/index.php\/2022\/07\/02\/el-autoconsumo\/","url":"https:\/\/saltoecologico.es\/index.php\/2022\/07\/02\/el-autoconsumo\/","name":"El autoconsumo - Salto Ecol\u00f3gico","isPartOf":{"@id":"https:\/\/saltoecologico.es\/#website"},"primaryImageOfPage":{"@id":"https:\/\/saltoecologico.es\/index.php\/2022\/07\/02\/el-autoconsumo\/#primaryimage"},"image":{"@id":"https:\/\/saltoecologico.es\/index.php\/2022\/07\/02\/el-autoconsumo\/#primaryimage"},"thumbnailUrl":"https:\/\/saltoecologico.es\/wp-content\/uploads\/2022\/05\/Autoconsumo-scaled.jpg","datePublished":"2022-07-02T08:59:00+00:00","dateModified":"2025-04-13T08:59:55+00:00","breadcrumb":{"@id":"https:\/\/saltoecologico.es\/index.php\/2022\/07\/02\/el-autoconsumo\/#breadcrumb"},"inLanguage":"es","potentialAction":[{"@type":"ReadAction","target":["https:\/\/saltoecologico.es\/index.php\/2022\/07\/02\/el-autoconsumo\/"]}]},{"@type":"ImageObject","inLanguage":"es","@id":"https:\/\/saltoecologico.es\/index.php\/2022\/07\/02\/el-autoconsumo\/#primaryimage","url":"https:\/\/saltoecologico.es\/wp-content\/uploads\/2022\/05\/Autoconsumo-scaled.jpg","contentUrl":"https:\/\/saltoecologico.es\/wp-content\/uploads\/2022\/05\/Autoconsumo-scaled.jpg","width":2560,"height":1280,"caption":"Row of house with solar panels on roof on blue sky background. 3d illustration"},{"@type":"BreadcrumbList","@id":"https:\/\/saltoecologico.es\/index.php\/2022\/07\/02\/el-autoconsumo\/#breadcrumb","itemListElement":[{"@type":"ListItem","position":1,"name":"Portada","item":"https:\/\/saltoecologico.es\/"},{"@type":"ListItem","position":2,"name":"El autoconsumo"}]},{"@type":"WebSite","@id":"https:\/\/saltoecologico.es\/#website","url":"https:\/\/saltoecologico.es\/","name":"Salto Ecol\u00f3gico","description":"","publisher":{"@id":"https:\/\/saltoecologico.es\/#organization"},"potentialAction":[{"@type":"SearchAction","target":{"@type":"EntryPoint","urlTemplate":"https:\/\/saltoecologico.es\/?s={search_term_string}"},"query-input":{"@type":"PropertyValueSpecification","valueRequired":true,"valueName":"search_term_string"}}],"inLanguage":"es"},{"@type":"Organization","@id":"https:\/\/saltoecologico.es\/#organization","name":"Salto a la Transici\u00f3n Ecol\u00f3gica","url":"https:\/\/saltoecologico.es\/","logo":{"@type":"ImageObject","inLanguage":"es","@id":"https:\/\/saltoecologico.es\/#\/schema\/logo\/image\/","url":"https:\/\/saltoecologico.es\/wp-content\/uploads\/2025\/04\/Logo-STE.jpg","contentUrl":"https:\/\/saltoecologico.es\/wp-content\/uploads\/2025\/04\/Logo-STE.jpg","width":435,"height":435,"caption":"Salto a la Transici\u00f3n Ecol\u00f3gica"},"image":{"@id":"https:\/\/saltoecologico.es\/#\/schema\/logo\/image\/"},"sameAs":["https:\/\/www.facebook.com\/Saltotransicionecologica"]},{"@type":"Person","@id":"https:\/\/saltoecologico.es\/#\/schema\/person\/7175eec4b3c123d86c675313c3a01a0b","name":"admin","image":{"@type":"ImageObject","inLanguage":"es","@id":"https:\/\/secure.gravatar.com\/avatar\/4c215dc57bbc7b2f2f470ac9bd197f3f112636a584e575a732d0206a2d9c9806?s=96&d=mm&r=g","url":"https:\/\/secure.gravatar.com\/avatar\/4c215dc57bbc7b2f2f470ac9bd197f3f112636a584e575a732d0206a2d9c9806?s=96&d=mm&r=g","contentUrl":"https:\/\/secure.gravatar.com\/avatar\/4c215dc57bbc7b2f2f470ac9bd197f3f112636a584e575a732d0206a2d9c9806?s=96&d=mm&r=g","caption":"admin"},"sameAs":["https:\/\/saltoecologico.es"],"url":"https:\/\/saltoecologico.es\/index.php\/author\/saltoecologico\/"}]}},"_links":{"self":[{"href":"https:\/\/saltoecologico.es\/index.php\/wp-json\/wp\/v2\/posts\/399","targetHints":{"allow":["GET"]}}],"collection":[{"href":"https:\/\/saltoecologico.es\/index.php\/wp-json\/wp\/v2\/posts"}],"about":[{"href":"https:\/\/saltoecologico.es\/index.php\/wp-json\/wp\/v2\/types\/post"}],"author":[{"embeddable":true,"href":"https:\/\/saltoecologico.es\/index.php\/wp-json\/wp\/v2\/users\/1"}],"replies":[{"embeddable":true,"href":"https:\/\/saltoecologico.es\/index.php\/wp-json\/wp\/v2\/comments?post=399"}],"version-history":[{"count":1,"href":"https:\/\/saltoecologico.es\/index.php\/wp-json\/wp\/v2\/posts\/399\/revisions"}],"predecessor-version":[{"id":400,"href":"https:\/\/saltoecologico.es\/index.php\/wp-json\/wp\/v2\/posts\/399\/revisions\/400"}],"wp:featuredmedia":[{"embeddable":true,"href":"https:\/\/saltoecologico.es\/index.php\/wp-json\/wp\/v2\/media\/369"}],"wp:attachment":[{"href":"https:\/\/saltoecologico.es\/index.php\/wp-json\/wp\/v2\/media?parent=399"}],"wp:term":[{"taxonomy":"category","embeddable":true,"href":"https:\/\/saltoecologico.es\/index.php\/wp-json\/wp\/v2\/categories?post=399"},{"taxonomy":"post_tag","embeddable":true,"href":"https:\/\/saltoecologico.es\/index.php\/wp-json\/wp\/v2\/tags?post=399"}],"curies":[{"name":"wp","href":"https:\/\/api.w.org\/{rel}","templated":true}]}}