{"id":401,"date":"2022-07-05T09:04:00","date_gmt":"2022-07-05T09:04:00","guid":{"rendered":"https:\/\/saltoecologico.es\/?p=401"},"modified":"2025-04-13T09:05:24","modified_gmt":"2025-04-13T09:05:24","slug":"estrategias-de-futuro","status":"publish","type":"post","link":"https:\/\/saltoecologico.es\/index.php\/2022\/07\/05\/estrategias-de-futuro\/","title":{"rendered":"Estrategias de futuro"},"content":{"rendered":"\n<p class=\"wp-block-paragraph\">En la prensa del martes cinco de julio se ha podido leer el siguiente titular: <strong>\u201cLa Agencia Internacional de la Energ\u00eda alerta de problemas de suministro de combustible en Europa para el verano\u201d<\/strong> y luego ya en el desarrollo del texto hay afirmaciones tales como: <strong>\u201cEn este sentido, el director de la AIE considera que se avecina una crisis &#8216;mucho mayor&#8217; que la crisis del crudo de los 70\u201d<\/strong>.<\/p>\n\n\n\n<p class=\"wp-block-paragraph\">No sabemos si estos vaticinios se cumplir\u00e1n o no, pero el solo hecho de que <strong>nos estemos moviendo en el terreno de lo posible<\/strong>, es para <strong>encender todas las alarmas<\/strong> de aquellos territorios que tienen una <strong>fuerte dependencia de los combustibles f\u00f3siles<\/strong>, como es el caso de <strong>Canarias en la actualidad<\/strong>, y <strong>mucho m\u00e1s en el futuro si se materializa la intenci\u00f3n de introducir el gas en las islas<\/strong>.<\/p>\n\n\n\n<p class=\"wp-block-paragraph\">Lo lamentable es que <strong>esta dependencia no es imposible de soslayar<\/strong>, solo hace falta <strong>voluntad pol\u00edtica de nuestros gobernantes<\/strong> y <strong>llevar a cabo las posibilidades que ellos mismos han atisbado en los estudios encargados al ITC<\/strong>, y que se han materializado en forma de <strong>estrategias que constituir\u00e1n las bases del futuro PTECAN<\/strong>.<\/p>\n\n\n\n<p class=\"wp-block-paragraph\">Aunque <strong>no compartimos enteramente lo que en esas estrategias se expone<\/strong>, s\u00ed creemos que <strong>los mimbres b\u00e1sicos est\u00e1n perfectamente definidos<\/strong>.<\/p>\n\n\n\n<p class=\"wp-block-paragraph\">Para comenzar, se habla de <strong>descarbonizar el sector el\u00e9ctrico como base de la descarbonizaci\u00f3n energ\u00e9tica y del transporte<\/strong>, que conjuntamente <strong>suponen m\u00e1s del 85% de las emisiones de gases de efecto invernadero del archipi\u00e9lago<\/strong>. Para ello <strong>se apuesta por instalaciones suficientes de e\u00f3lica onshore y offshore, fotovoltaica (incluyendo autoconsumos), centrales hidroel\u00e9ctricas reversibles o bombeos<\/strong> y, como tecnolog\u00eda de respaldo, <strong>turbinas alimentadas por hidr\u00f3geno verde<\/strong>. Este hidr\u00f3geno verde <strong>lo producir\u00e1 el mismo sistema<\/strong>, al utilizar <strong>los excedentes que se producir\u00e1n en ciertos momentos de la generaci\u00f3n de e\u00f3lica y fotovoltaica<\/strong> y que <strong>nos convertir\u00eda en un referente desde el punto de vista de la producci\u00f3n de este vector energ\u00e9tico<\/strong>.<\/p>\n\n\n\n<p class=\"wp-block-paragraph\">Con el <strong>sector el\u00e9ctrico descarbonizado<\/strong> y con una <strong>producci\u00f3n de hidr\u00f3geno verde razonable<\/strong>, podemos <strong>acometer la electrificaci\u00f3n de otros sectores<\/strong>, as\u00ed como <strong>utilizar este hidr\u00f3geno en otros \u00e1mbitos<\/strong>. Uno de ellos es <strong>utilizar el hidr\u00f3geno como combustible de veh\u00edculos pesados<\/strong>, en cuyo caso <strong>la electrificaci\u00f3n se antoja muy dificultosa<\/strong>. El otro ser\u00eda <strong>producir amoniaco a partir del hidr\u00f3geno<\/strong>, que luego utilizar\u00edamos <strong>como combustible de los barcos<\/strong>, as\u00ed como <strong>fabricar queroseno sint\u00e9tico a partir de este hidr\u00f3geno y CO\u2082 de captura<\/strong>.<\/p>\n\n\n\n<p class=\"wp-block-paragraph\"><strong>Todo lo expuesto no es una carta a los Reyes Magos<\/strong>, es una <strong>apuesta muy realista y posible que el gobierno de Canarias no se puede permitir dejar de jugar<\/strong>, porque en ella <strong>va impl\u00edcito nuestro futuro como regi\u00f3n ultraperif\u00e9rica<\/strong>, que <strong>no se puede permitir, por mucho m\u00e1s tiempo, seguir dependiendo de unas fuentes energ\u00e9ticas que han demostrado, en m\u00faltiples ocasiones, que est\u00e1n muy expuestas al vaiv\u00e9n de la geopol\u00edtica internacional<\/strong> y a los intereses de <strong>grandes multinacionales, que priman mucho m\u00e1s el obtener ping\u00fces beneficios<\/strong>, que la <strong>razonable estabilidad econ\u00f3mica y energ\u00e9tica de una regi\u00f3n en la que todos sus productos de primera necesidad dependen de estos sectores<\/strong>.<\/p>\n\n\n\n<hr class=\"wp-block-separator has-alpha-channel-opacity\"\/>\n\n\n\n<p class=\"wp-block-paragraph\"><\/p>\n","protected":false},"excerpt":{"rendered":"<p>En la prensa del martes cinco de julio se ha podido leer el siguiente titular: \u201cLa Agencia Internacional de la Energ\u00eda alerta de problemas de suministro de combustible en Europa para el verano\u201d y luego ya en el desarrollo del texto hay afirmaciones tales como: \u201cEn este sentido, el director de la AIE considera que [&hellip;]<\/p>\n","protected":false},"author":1,"featured_media":402,"comment_status":"open","ping_status":"open","sticky":false,"template":"","format":"standard","meta":{"footnotes":""},"categories":[48,30],"tags":[],"class_list":["post-401","post","type-post","status-publish","format-standard","has-post-thumbnail","category-t_estrategias","category-transicion"],"yoast_head":"<!-- This site is optimized with the Yoast SEO plugin v28.2 - https:\/\/yoast.com\/product\/yoast-seo-wordpress\/ -->\n<title>Estrategias de futuro - Salto Ecol\u00f3gico<\/title>\n<meta name=\"robots\" content=\"index, follow, max-snippet:-1, max-image-preview:large, max-video-preview:-1\" \/>\n<link rel=\"canonical\" href=\"https:\/\/saltoecologico.es\/index.php\/2022\/07\/05\/estrategias-de-futuro\/\" \/>\n<meta property=\"og:locale\" content=\"es_ES\" \/>\n<meta property=\"og:type\" content=\"article\" \/>\n<meta property=\"og:title\" content=\"Estrategias de futuro - Salto Ecol\u00f3gico\" \/>\n<meta property=\"og:description\" content=\"En la prensa del martes cinco de julio se ha podido leer el siguiente titular: \u201cLa Agencia Internacional de la Energ\u00eda alerta de problemas de suministro de combustible en Europa para el verano\u201d y luego ya en el desarrollo del texto hay afirmaciones tales como: \u201cEn este sentido, el director de la AIE considera que [&hellip;]\" \/>\n<meta property=\"og:url\" content=\"https:\/\/saltoecologico.es\/index.php\/2022\/07\/05\/estrategias-de-futuro\/\" \/>\n<meta property=\"og:site_name\" content=\"Salto Ecol\u00f3gico\" \/>\n<meta property=\"article:publisher\" content=\"https:\/\/www.facebook.com\/Saltotransicionecologica\" \/>\n<meta property=\"article:published_time\" content=\"2022-07-05T09:04:00+00:00\" \/>\n<meta property=\"article:modified_time\" content=\"2025-04-13T09:05:24+00:00\" \/>\n<meta property=\"og:image\" content=\"https:\/\/saltoecologico.es\/wp-content\/uploads\/2025\/04\/Fotovoltaica-1.jpg\" \/>\n\t<meta property=\"og:image:width\" content=\"1024\" \/>\n\t<meta property=\"og:image:height\" content=\"681\" \/>\n\t<meta property=\"og:image:type\" content=\"image\/jpeg\" \/>\n<meta name=\"author\" content=\"admin\" \/>\n<meta name=\"twitter:card\" content=\"summary_large_image\" \/>\n<meta name=\"twitter:label1\" content=\"Escrito por\" \/>\n\t<meta name=\"twitter:data1\" content=\"admin\" \/>\n\t<meta name=\"twitter:label2\" content=\"Tiempo de lectura\" \/>\n\t<meta name=\"twitter:data2\" content=\"3 minutos\" \/>\n<script type=\"application\/ld+json\" class=\"yoast-schema-graph\">{\"@context\":\"https:\\\/\\\/schema.org\",\"@graph\":[{\"@type\":\"Article\",\"@id\":\"https:\\\/\\\/saltoecologico.es\\\/index.php\\\/2022\\\/07\\\/05\\\/estrategias-de-futuro\\\/#article\",\"isPartOf\":{\"@id\":\"https:\\\/\\\/saltoecologico.es\\\/index.php\\\/2022\\\/07\\\/05\\\/estrategias-de-futuro\\\/\"},\"author\":{\"name\":\"admin\",\"@id\":\"https:\\\/\\\/saltoecologico.es\\\/#\\\/schema\\\/person\\\/7175eec4b3c123d86c675313c3a01a0b\"},\"headline\":\"Estrategias de futuro\",\"datePublished\":\"2022-07-05T09:04:00+00:00\",\"dateModified\":\"2025-04-13T09:05:24+00:00\",\"mainEntityOfPage\":{\"@id\":\"https:\\\/\\\/saltoecologico.es\\\/index.php\\\/2022\\\/07\\\/05\\\/estrategias-de-futuro\\\/\"},\"wordCount\":560,\"commentCount\":0,\"publisher\":{\"@id\":\"https:\\\/\\\/saltoecologico.es\\\/#organization\"},\"image\":{\"@id\":\"https:\\\/\\\/saltoecologico.es\\\/index.php\\\/2022\\\/07\\\/05\\\/estrategias-de-futuro\\\/#primaryimage\"},\"thumbnailUrl\":\"https:\\\/\\\/saltoecologico.es\\\/wp-content\\\/uploads\\\/2025\\\/04\\\/Fotovoltaica-1.jpg\",\"articleSection\":[\"T_Estrategias\",\"Transici\u00f3n\"],\"inLanguage\":\"es\",\"potentialAction\":[{\"@type\":\"CommentAction\",\"name\":\"Comment\",\"target\":[\"https:\\\/\\\/saltoecologico.es\\\/index.php\\\/2022\\\/07\\\/05\\\/estrategias-de-futuro\\\/#respond\"]}]},{\"@type\":\"WebPage\",\"@id\":\"https:\\\/\\\/saltoecologico.es\\\/index.php\\\/2022\\\/07\\\/05\\\/estrategias-de-futuro\\\/\",\"url\":\"https:\\\/\\\/saltoecologico.es\\\/index.php\\\/2022\\\/07\\\/05\\\/estrategias-de-futuro\\\/\",\"name\":\"Estrategias de futuro - Salto Ecol\u00f3gico\",\"isPartOf\":{\"@id\":\"https:\\\/\\\/saltoecologico.es\\\/#website\"},\"primaryImageOfPage\":{\"@id\":\"https:\\\/\\\/saltoecologico.es\\\/index.php\\\/2022\\\/07\\\/05\\\/estrategias-de-futuro\\\/#primaryimage\"},\"image\":{\"@id\":\"https:\\\/\\\/saltoecologico.es\\\/index.php\\\/2022\\\/07\\\/05\\\/estrategias-de-futuro\\\/#primaryimage\"},\"thumbnailUrl\":\"https:\\\/\\\/saltoecologico.es\\\/wp-content\\\/uploads\\\/2025\\\/04\\\/Fotovoltaica-1.jpg\",\"datePublished\":\"2022-07-05T09:04:00+00:00\",\"dateModified\":\"2025-04-13T09:05:24+00:00\",\"breadcrumb\":{\"@id\":\"https:\\\/\\\/saltoecologico.es\\\/index.php\\\/2022\\\/07\\\/05\\\/estrategias-de-futuro\\\/#breadcrumb\"},\"inLanguage\":\"es\",\"potentialAction\":[{\"@type\":\"ReadAction\",\"target\":[\"https:\\\/\\\/saltoecologico.es\\\/index.php\\\/2022\\\/07\\\/05\\\/estrategias-de-futuro\\\/\"]}]},{\"@type\":\"ImageObject\",\"inLanguage\":\"es\",\"@id\":\"https:\\\/\\\/saltoecologico.es\\\/index.php\\\/2022\\\/07\\\/05\\\/estrategias-de-futuro\\\/#primaryimage\",\"url\":\"https:\\\/\\\/saltoecologico.es\\\/wp-content\\\/uploads\\\/2025\\\/04\\\/Fotovoltaica-1.jpg\",\"contentUrl\":\"https:\\\/\\\/saltoecologico.es\\\/wp-content\\\/uploads\\\/2025\\\/04\\\/Fotovoltaica-1.jpg\",\"width\":1024,\"height\":681,\"caption\":\"Male and female engineers worker working in solar panels power farm. technician working at solar power station.\"},{\"@type\":\"BreadcrumbList\",\"@id\":\"https:\\\/\\\/saltoecologico.es\\\/index.php\\\/2022\\\/07\\\/05\\\/estrategias-de-futuro\\\/#breadcrumb\",\"itemListElement\":[{\"@type\":\"ListItem\",\"position\":1,\"name\":\"Portada\",\"item\":\"https:\\\/\\\/saltoecologico.es\\\/\"},{\"@type\":\"ListItem\",\"position\":2,\"name\":\"Estrategias de futuro\"}]},{\"@type\":\"WebSite\",\"@id\":\"https:\\\/\\\/saltoecologico.es\\\/#website\",\"url\":\"https:\\\/\\\/saltoecologico.es\\\/\",\"name\":\"Salto Ecol\u00f3gico\",\"description\":\"\",\"publisher\":{\"@id\":\"https:\\\/\\\/saltoecologico.es\\\/#organization\"},\"potentialAction\":[{\"@type\":\"SearchAction\",\"target\":{\"@type\":\"EntryPoint\",\"urlTemplate\":\"https:\\\/\\\/saltoecologico.es\\\/?s={search_term_string}\"},\"query-input\":{\"@type\":\"PropertyValueSpecification\",\"valueRequired\":true,\"valueName\":\"search_term_string\"}}],\"inLanguage\":\"es\"},{\"@type\":\"Organization\",\"@id\":\"https:\\\/\\\/saltoecologico.es\\\/#organization\",\"name\":\"Salto a la Transici\u00f3n Ecol\u00f3gica\",\"url\":\"https:\\\/\\\/saltoecologico.es\\\/\",\"logo\":{\"@type\":\"ImageObject\",\"inLanguage\":\"es\",\"@id\":\"https:\\\/\\\/saltoecologico.es\\\/#\\\/schema\\\/logo\\\/image\\\/\",\"url\":\"https:\\\/\\\/saltoecologico.es\\\/wp-content\\\/uploads\\\/2025\\\/04\\\/Logo-STE.jpg\",\"contentUrl\":\"https:\\\/\\\/saltoecologico.es\\\/wp-content\\\/uploads\\\/2025\\\/04\\\/Logo-STE.jpg\",\"width\":435,\"height\":435,\"caption\":\"Salto a la Transici\u00f3n Ecol\u00f3gica\"},\"image\":{\"@id\":\"https:\\\/\\\/saltoecologico.es\\\/#\\\/schema\\\/logo\\\/image\\\/\"},\"sameAs\":[\"https:\\\/\\\/www.facebook.com\\\/Saltotransicionecologica\"]},{\"@type\":\"Person\",\"@id\":\"https:\\\/\\\/saltoecologico.es\\\/#\\\/schema\\\/person\\\/7175eec4b3c123d86c675313c3a01a0b\",\"name\":\"admin\",\"image\":{\"@type\":\"ImageObject\",\"inLanguage\":\"es\",\"@id\":\"https:\\\/\\\/secure.gravatar.com\\\/avatar\\\/4c215dc57bbc7b2f2f470ac9bd197f3f112636a584e575a732d0206a2d9c9806?s=96&d=mm&r=g\",\"url\":\"https:\\\/\\\/secure.gravatar.com\\\/avatar\\\/4c215dc57bbc7b2f2f470ac9bd197f3f112636a584e575a732d0206a2d9c9806?s=96&d=mm&r=g\",\"contentUrl\":\"https:\\\/\\\/secure.gravatar.com\\\/avatar\\\/4c215dc57bbc7b2f2f470ac9bd197f3f112636a584e575a732d0206a2d9c9806?s=96&d=mm&r=g\",\"caption\":\"admin\"},\"sameAs\":[\"https:\\\/\\\/saltoecologico.es\"],\"url\":\"https:\\\/\\\/saltoecologico.es\\\/index.php\\\/author\\\/saltoecologico\\\/\"}]}<\/script>\n<!-- \/ Yoast SEO plugin. -->","yoast_head_json":{"title":"Estrategias de futuro - Salto Ecol\u00f3gico","robots":{"index":"index","follow":"follow","max-snippet":"max-snippet:-1","max-image-preview":"max-image-preview:large","max-video-preview":"max-video-preview:-1"},"canonical":"https:\/\/saltoecologico.es\/index.php\/2022\/07\/05\/estrategias-de-futuro\/","og_locale":"es_ES","og_type":"article","og_title":"Estrategias de futuro - Salto Ecol\u00f3gico","og_description":"En la prensa del martes cinco de julio se ha podido leer el siguiente titular: \u201cLa Agencia Internacional de la Energ\u00eda alerta de problemas de suministro de combustible en Europa para el verano\u201d y luego ya en el desarrollo del texto hay afirmaciones tales como: \u201cEn este sentido, el director de la AIE considera que [&hellip;]","og_url":"https:\/\/saltoecologico.es\/index.php\/2022\/07\/05\/estrategias-de-futuro\/","og_site_name":"Salto Ecol\u00f3gico","article_publisher":"https:\/\/www.facebook.com\/Saltotransicionecologica","article_published_time":"2022-07-05T09:04:00+00:00","article_modified_time":"2025-04-13T09:05:24+00:00","og_image":[{"width":1024,"height":681,"url":"https:\/\/saltoecologico.es\/wp-content\/uploads\/2025\/04\/Fotovoltaica-1.jpg","type":"image\/jpeg"}],"author":"admin","twitter_card":"summary_large_image","twitter_misc":{"Escrito por":"admin","Tiempo de lectura":"3 minutos"},"schema":{"@context":"https:\/\/schema.org","@graph":[{"@type":"Article","@id":"https:\/\/saltoecologico.es\/index.php\/2022\/07\/05\/estrategias-de-futuro\/#article","isPartOf":{"@id":"https:\/\/saltoecologico.es\/index.php\/2022\/07\/05\/estrategias-de-futuro\/"},"author":{"name":"admin","@id":"https:\/\/saltoecologico.es\/#\/schema\/person\/7175eec4b3c123d86c675313c3a01a0b"},"headline":"Estrategias de futuro","datePublished":"2022-07-05T09:04:00+00:00","dateModified":"2025-04-13T09:05:24+00:00","mainEntityOfPage":{"@id":"https:\/\/saltoecologico.es\/index.php\/2022\/07\/05\/estrategias-de-futuro\/"},"wordCount":560,"commentCount":0,"publisher":{"@id":"https:\/\/saltoecologico.es\/#organization"},"image":{"@id":"https:\/\/saltoecologico.es\/index.php\/2022\/07\/05\/estrategias-de-futuro\/#primaryimage"},"thumbnailUrl":"https:\/\/saltoecologico.es\/wp-content\/uploads\/2025\/04\/Fotovoltaica-1.jpg","articleSection":["T_Estrategias","Transici\u00f3n"],"inLanguage":"es","potentialAction":[{"@type":"CommentAction","name":"Comment","target":["https:\/\/saltoecologico.es\/index.php\/2022\/07\/05\/estrategias-de-futuro\/#respond"]}]},{"@type":"WebPage","@id":"https:\/\/saltoecologico.es\/index.php\/2022\/07\/05\/estrategias-de-futuro\/","url":"https:\/\/saltoecologico.es\/index.php\/2022\/07\/05\/estrategias-de-futuro\/","name":"Estrategias de futuro - Salto Ecol\u00f3gico","isPartOf":{"@id":"https:\/\/saltoecologico.es\/#website"},"primaryImageOfPage":{"@id":"https:\/\/saltoecologico.es\/index.php\/2022\/07\/05\/estrategias-de-futuro\/#primaryimage"},"image":{"@id":"https:\/\/saltoecologico.es\/index.php\/2022\/07\/05\/estrategias-de-futuro\/#primaryimage"},"thumbnailUrl":"https:\/\/saltoecologico.es\/wp-content\/uploads\/2025\/04\/Fotovoltaica-1.jpg","datePublished":"2022-07-05T09:04:00+00:00","dateModified":"2025-04-13T09:05:24+00:00","breadcrumb":{"@id":"https:\/\/saltoecologico.es\/index.php\/2022\/07\/05\/estrategias-de-futuro\/#breadcrumb"},"inLanguage":"es","potentialAction":[{"@type":"ReadAction","target":["https:\/\/saltoecologico.es\/index.php\/2022\/07\/05\/estrategias-de-futuro\/"]}]},{"@type":"ImageObject","inLanguage":"es","@id":"https:\/\/saltoecologico.es\/index.php\/2022\/07\/05\/estrategias-de-futuro\/#primaryimage","url":"https:\/\/saltoecologico.es\/wp-content\/uploads\/2025\/04\/Fotovoltaica-1.jpg","contentUrl":"https:\/\/saltoecologico.es\/wp-content\/uploads\/2025\/04\/Fotovoltaica-1.jpg","width":1024,"height":681,"caption":"Male and female engineers worker working in solar panels power farm. technician working at solar power station."},{"@type":"BreadcrumbList","@id":"https:\/\/saltoecologico.es\/index.php\/2022\/07\/05\/estrategias-de-futuro\/#breadcrumb","itemListElement":[{"@type":"ListItem","position":1,"name":"Portada","item":"https:\/\/saltoecologico.es\/"},{"@type":"ListItem","position":2,"name":"Estrategias de futuro"}]},{"@type":"WebSite","@id":"https:\/\/saltoecologico.es\/#website","url":"https:\/\/saltoecologico.es\/","name":"Salto Ecol\u00f3gico","description":"","publisher":{"@id":"https:\/\/saltoecologico.es\/#organization"},"potentialAction":[{"@type":"SearchAction","target":{"@type":"EntryPoint","urlTemplate":"https:\/\/saltoecologico.es\/?s={search_term_string}"},"query-input":{"@type":"PropertyValueSpecification","valueRequired":true,"valueName":"search_term_string"}}],"inLanguage":"es"},{"@type":"Organization","@id":"https:\/\/saltoecologico.es\/#organization","name":"Salto a la Transici\u00f3n Ecol\u00f3gica","url":"https:\/\/saltoecologico.es\/","logo":{"@type":"ImageObject","inLanguage":"es","@id":"https:\/\/saltoecologico.es\/#\/schema\/logo\/image\/","url":"https:\/\/saltoecologico.es\/wp-content\/uploads\/2025\/04\/Logo-STE.jpg","contentUrl":"https:\/\/saltoecologico.es\/wp-content\/uploads\/2025\/04\/Logo-STE.jpg","width":435,"height":435,"caption":"Salto a la Transici\u00f3n Ecol\u00f3gica"},"image":{"@id":"https:\/\/saltoecologico.es\/#\/schema\/logo\/image\/"},"sameAs":["https:\/\/www.facebook.com\/Saltotransicionecologica"]},{"@type":"Person","@id":"https:\/\/saltoecologico.es\/#\/schema\/person\/7175eec4b3c123d86c675313c3a01a0b","name":"admin","image":{"@type":"ImageObject","inLanguage":"es","@id":"https:\/\/secure.gravatar.com\/avatar\/4c215dc57bbc7b2f2f470ac9bd197f3f112636a584e575a732d0206a2d9c9806?s=96&d=mm&r=g","url":"https:\/\/secure.gravatar.com\/avatar\/4c215dc57bbc7b2f2f470ac9bd197f3f112636a584e575a732d0206a2d9c9806?s=96&d=mm&r=g","contentUrl":"https:\/\/secure.gravatar.com\/avatar\/4c215dc57bbc7b2f2f470ac9bd197f3f112636a584e575a732d0206a2d9c9806?s=96&d=mm&r=g","caption":"admin"},"sameAs":["https:\/\/saltoecologico.es"],"url":"https:\/\/saltoecologico.es\/index.php\/author\/saltoecologico\/"}]}},"_links":{"self":[{"href":"https:\/\/saltoecologico.es\/index.php\/wp-json\/wp\/v2\/posts\/401","targetHints":{"allow":["GET"]}}],"collection":[{"href":"https:\/\/saltoecologico.es\/index.php\/wp-json\/wp\/v2\/posts"}],"about":[{"href":"https:\/\/saltoecologico.es\/index.php\/wp-json\/wp\/v2\/types\/post"}],"author":[{"embeddable":true,"href":"https:\/\/saltoecologico.es\/index.php\/wp-json\/wp\/v2\/users\/1"}],"replies":[{"embeddable":true,"href":"https:\/\/saltoecologico.es\/index.php\/wp-json\/wp\/v2\/comments?post=401"}],"version-history":[{"count":1,"href":"https:\/\/saltoecologico.es\/index.php\/wp-json\/wp\/v2\/posts\/401\/revisions"}],"predecessor-version":[{"id":403,"href":"https:\/\/saltoecologico.es\/index.php\/wp-json\/wp\/v2\/posts\/401\/revisions\/403"}],"wp:featuredmedia":[{"embeddable":true,"href":"https:\/\/saltoecologico.es\/index.php\/wp-json\/wp\/v2\/media\/402"}],"wp:attachment":[{"href":"https:\/\/saltoecologico.es\/index.php\/wp-json\/wp\/v2\/media?parent=401"}],"wp:term":[{"taxonomy":"category","embeddable":true,"href":"https:\/\/saltoecologico.es\/index.php\/wp-json\/wp\/v2\/categories?post=401"},{"taxonomy":"post_tag","embeddable":true,"href":"https:\/\/saltoecologico.es\/index.php\/wp-json\/wp\/v2\/tags?post=401"}],"curies":[{"name":"wp","href":"https:\/\/api.w.org\/{rel}","templated":true}]}}