{"id":430,"date":"2022-07-06T11:43:00","date_gmt":"2022-07-06T11:43:00","guid":{"rendered":"https:\/\/saltoecologico.es\/?p=430"},"modified":"2025-04-13T11:44:38","modified_gmt":"2025-04-13T11:44:38","slug":"el-gas-es-verde","status":"publish","type":"post","link":"https:\/\/saltoecologico.es\/index.php\/2022\/07\/06\/el-gas-es-verde\/","title":{"rendered":"El Gas es verde"},"content":{"rendered":"\n<p class=\"wp-block-paragraph\">El pasado <strong>mi\u00e9rcoles seis de julio<\/strong> la <strong>Euroc\u00e1mara ha avalado que las inversiones en nucleares y en gas natural sean consideradas verdes<\/strong>. A favor de este aval votaron <strong>las derechas europeas<\/strong>, es decir, la mayor\u00eda de los <strong>populares, liberales, ultraconservadores y extrema derecha<\/strong>. En cuanto a los espa\u00f1oles dieron su visto bueno el <strong>PP, VOX, Ciudadanos y PNV<\/strong>.<\/p>\n\n\n\n<p class=\"wp-block-paragraph\">De esta votaci\u00f3n se pueden sacar unas cuantas consecuencias.<\/p>\n\n\n\n<p class=\"wp-block-paragraph\">En primer lugar, que <strong>la derecha europea, debidamente estimulada, es capaz de retorcer el lenguaje hasta l\u00edmites inconcebibles<\/strong>. Se conoce como <strong>energ\u00edas verdes<\/strong> las <strong>fuentes de energ\u00eda renovables, inagotables o que pueden regenerarse por medios naturales<\/strong>. Adem\u00e1s, son <strong>energ\u00edas limpias<\/strong>, que <strong>no contaminan<\/strong> y cuyo uso <strong>no implica un deterioro del medio ambiente<\/strong>. Por otro lado, el <strong>gas natural es un combustible f\u00f3sil que al quemarse emite grandes cantidades de CO\u2082<\/strong>. Adem\u00e1s, <strong>los escapes que se producen en los pozos de extracci\u00f3n producen un fuerte impacto ambiental<\/strong>, ya que <strong>el metano equivale a 23 veces el efecto invernadero de este CO\u2082<\/strong>. Por todo ello se puede concluir, con facilidad, que <strong>las bondades del gas natural pueden ser las que se quieran vender, pero desde luego el ser energ\u00eda verde no es una de ellas<\/strong>.<\/p>\n\n\n\n<p class=\"wp-block-paragraph\">En segundo lugar, con el resultado de esta votaci\u00f3n y la noticia de que <strong>el Tribunal Supremo de EE.UU. bloquea la lucha contra el cambio clim\u00e1tico<\/strong>, todo parece indicar que <strong>los sistemas democr\u00e1ticos occidentales tiran la toalla para plantarle cara al cambio clim\u00e1tico antropom\u00f3rfico<\/strong>, y que <strong>vamos a resolver nuestros problemas coyunturales del momento actual y dejamos que las generaciones venideras busquen las salidas que puedan a los problemas que les dejamos<\/strong>, aunque estos sean <strong>la propia supervivencia como especie<\/strong>. Una vez m\u00e1s, <strong>lo urgente se antepone a lo importante<\/strong>.<\/p>\n\n\n\n<p class=\"wp-block-paragraph\">En tercer lugar, <strong>pierde toda credibilidad el eximente que nos intentan vender de que el gas natural es un combustible de transici\u00f3n<\/strong>, porque al menos en Espa\u00f1a tenemos que <strong>algunos componentes de estas instalaciones tienen una vida regulatoria de 50 a\u00f1os<\/strong>. Si a esto le a\u00f1adimos <strong>las normativas internacionales que ha firmado Europa acerca del lucro cesante de determinadas empresas<\/strong>, tenemos el caldo de cultivo perfecto, para que cuando llegue 2050, tengamos una votaci\u00f3n similar, donde <strong>el CO\u2082 emitido en las instalaciones de gas no sea considerado como emisiones de efecto invernadero<\/strong>.<\/p>\n\n\n\n<p class=\"wp-block-paragraph\"><strong>Corren malos momentos para los que estamos concienciados con los problemas que va a acarrear el cambio clim\u00e1tico creado por el hombre<\/strong>, <strong>corren malos momentos para las generaciones venideras<\/strong>, <strong>corren malos momentos para la credibilidad de las instituciones en general y las europeas en particular<\/strong>, porque en definitiva, <strong>se puede afirmar sin miedo a equivocarse, que el futuro de la raza humana se est\u00e1 ensombreciendo a marchas forzadas y sin visos de que esta circunstancia pueda cambiar<\/strong>.<\/p>\n\n\n\n<hr class=\"wp-block-separator has-alpha-channel-opacity\"\/>\n\n\n\n<p class=\"wp-block-paragraph\"><\/p>\n","protected":false},"excerpt":{"rendered":"<p>El pasado mi\u00e9rcoles seis de julio la Euroc\u00e1mara ha avalado que las inversiones en nucleares y en gas natural sean consideradas verdes. A favor de este aval votaron las derechas europeas, es decir, la mayor\u00eda de los populares, liberales, ultraconservadores y extrema derecha. En cuanto a los espa\u00f1oles dieron su visto bueno el PP, VOX, [&hellip;]<\/p>\n","protected":false},"author":1,"featured_media":431,"comment_status":"open","ping_status":"open","sticky":false,"template":"","format":"standard","meta":{"footnotes":""},"categories":[44,33],"tags":[],"class_list":["post-430","post","type-post","status-publish","format-standard","has-post-thumbnail","category-g_varios","category-gnl"],"yoast_head":"<!-- This site is optimized with the Yoast SEO plugin v28.2 - https:\/\/yoast.com\/product\/yoast-seo-wordpress\/ -->\n<title>El Gas es verde - Salto Ecol\u00f3gico<\/title>\n<meta name=\"robots\" content=\"index, follow, max-snippet:-1, max-image-preview:large, max-video-preview:-1\" \/>\n<link rel=\"canonical\" href=\"https:\/\/saltoecologico.es\/index.php\/2022\/07\/06\/el-gas-es-verde\/\" \/>\n<meta property=\"og:locale\" content=\"es_ES\" \/>\n<meta property=\"og:type\" content=\"article\" \/>\n<meta property=\"og:title\" content=\"El Gas es verde - Salto Ecol\u00f3gico\" \/>\n<meta property=\"og:description\" content=\"El pasado mi\u00e9rcoles seis de julio la Euroc\u00e1mara ha avalado que las inversiones en nucleares y en gas natural sean consideradas verdes. A favor de este aval votaron las derechas europeas, es decir, la mayor\u00eda de los populares, liberales, ultraconservadores y extrema derecha. En cuanto a los espa\u00f1oles dieron su visto bueno el PP, VOX, [&hellip;]\" \/>\n<meta property=\"og:url\" content=\"https:\/\/saltoecologico.es\/index.php\/2022\/07\/06\/el-gas-es-verde\/\" \/>\n<meta property=\"og:site_name\" content=\"Salto Ecol\u00f3gico\" \/>\n<meta property=\"article:publisher\" content=\"https:\/\/www.facebook.com\/Saltotransicionecologica\" \/>\n<meta property=\"article:published_time\" content=\"2022-07-06T11:43:00+00:00\" \/>\n<meta property=\"article:modified_time\" content=\"2025-04-13T11:44:38+00:00\" \/>\n<meta property=\"og:image\" content=\"https:\/\/saltoecologico.es\/wp-content\/uploads\/2025\/04\/Fosiles3.jpg\" \/>\n\t<meta property=\"og:image:width\" content=\"1024\" \/>\n\t<meta property=\"og:image:height\" content=\"683\" \/>\n\t<meta property=\"og:image:type\" content=\"image\/jpeg\" \/>\n<meta name=\"author\" content=\"admin\" \/>\n<meta name=\"twitter:card\" content=\"summary_large_image\" \/>\n<meta name=\"twitter:label1\" content=\"Escrito por\" \/>\n\t<meta name=\"twitter:data1\" content=\"admin\" \/>\n\t<meta name=\"twitter:label2\" content=\"Tiempo de lectura\" \/>\n\t<meta name=\"twitter:data2\" content=\"3 minutos\" \/>\n<script type=\"application\/ld+json\" class=\"yoast-schema-graph\">{\"@context\":\"https:\\\/\\\/schema.org\",\"@graph\":[{\"@type\":\"Article\",\"@id\":\"https:\\\/\\\/saltoecologico.es\\\/index.php\\\/2022\\\/07\\\/06\\\/el-gas-es-verde\\\/#article\",\"isPartOf\":{\"@id\":\"https:\\\/\\\/saltoecologico.es\\\/index.php\\\/2022\\\/07\\\/06\\\/el-gas-es-verde\\\/\"},\"author\":{\"name\":\"admin\",\"@id\":\"https:\\\/\\\/saltoecologico.es\\\/#\\\/schema\\\/person\\\/7175eec4b3c123d86c675313c3a01a0b\"},\"headline\":\"El Gas es verde\",\"datePublished\":\"2022-07-06T11:43:00+00:00\",\"dateModified\":\"2025-04-13T11:44:38+00:00\",\"mainEntityOfPage\":{\"@id\":\"https:\\\/\\\/saltoecologico.es\\\/index.php\\\/2022\\\/07\\\/06\\\/el-gas-es-verde\\\/\"},\"wordCount\":488,\"commentCount\":0,\"publisher\":{\"@id\":\"https:\\\/\\\/saltoecologico.es\\\/#organization\"},\"image\":{\"@id\":\"https:\\\/\\\/saltoecologico.es\\\/index.php\\\/2022\\\/07\\\/06\\\/el-gas-es-verde\\\/#primaryimage\"},\"thumbnailUrl\":\"https:\\\/\\\/saltoecologico.es\\\/wp-content\\\/uploads\\\/2025\\\/04\\\/Fosiles3.jpg\",\"articleSection\":[\"G_Varios\",\"GNL\"],\"inLanguage\":\"es\",\"potentialAction\":[{\"@type\":\"CommentAction\",\"name\":\"Comment\",\"target\":[\"https:\\\/\\\/saltoecologico.es\\\/index.php\\\/2022\\\/07\\\/06\\\/el-gas-es-verde\\\/#respond\"]}]},{\"@type\":\"WebPage\",\"@id\":\"https:\\\/\\\/saltoecologico.es\\\/index.php\\\/2022\\\/07\\\/06\\\/el-gas-es-verde\\\/\",\"url\":\"https:\\\/\\\/saltoecologico.es\\\/index.php\\\/2022\\\/07\\\/06\\\/el-gas-es-verde\\\/\",\"name\":\"El Gas es verde - Salto Ecol\u00f3gico\",\"isPartOf\":{\"@id\":\"https:\\\/\\\/saltoecologico.es\\\/#website\"},\"primaryImageOfPage\":{\"@id\":\"https:\\\/\\\/saltoecologico.es\\\/index.php\\\/2022\\\/07\\\/06\\\/el-gas-es-verde\\\/#primaryimage\"},\"image\":{\"@id\":\"https:\\\/\\\/saltoecologico.es\\\/index.php\\\/2022\\\/07\\\/06\\\/el-gas-es-verde\\\/#primaryimage\"},\"thumbnailUrl\":\"https:\\\/\\\/saltoecologico.es\\\/wp-content\\\/uploads\\\/2025\\\/04\\\/Fosiles3.jpg\",\"datePublished\":\"2022-07-06T11:43:00+00:00\",\"dateModified\":\"2025-04-13T11:44:38+00:00\",\"breadcrumb\":{\"@id\":\"https:\\\/\\\/saltoecologico.es\\\/index.php\\\/2022\\\/07\\\/06\\\/el-gas-es-verde\\\/#breadcrumb\"},\"inLanguage\":\"es\",\"potentialAction\":[{\"@type\":\"ReadAction\",\"target\":[\"https:\\\/\\\/saltoecologico.es\\\/index.php\\\/2022\\\/07\\\/06\\\/el-gas-es-verde\\\/\"]}]},{\"@type\":\"ImageObject\",\"inLanguage\":\"es\",\"@id\":\"https:\\\/\\\/saltoecologico.es\\\/index.php\\\/2022\\\/07\\\/06\\\/el-gas-es-verde\\\/#primaryimage\",\"url\":\"https:\\\/\\\/saltoecologico.es\\\/wp-content\\\/uploads\\\/2025\\\/04\\\/Fosiles3.jpg\",\"contentUrl\":\"https:\\\/\\\/saltoecologico.es\\\/wp-content\\\/uploads\\\/2025\\\/04\\\/Fosiles3.jpg\",\"width\":1024,\"height\":683,\"caption\":\"Aerial view of coal power plant high pipes with black smoke moving up polluting atmosphere at sunset.\"},{\"@type\":\"BreadcrumbList\",\"@id\":\"https:\\\/\\\/saltoecologico.es\\\/index.php\\\/2022\\\/07\\\/06\\\/el-gas-es-verde\\\/#breadcrumb\",\"itemListElement\":[{\"@type\":\"ListItem\",\"position\":1,\"name\":\"Portada\",\"item\":\"https:\\\/\\\/saltoecologico.es\\\/\"},{\"@type\":\"ListItem\",\"position\":2,\"name\":\"El Gas es verde\"}]},{\"@type\":\"WebSite\",\"@id\":\"https:\\\/\\\/saltoecologico.es\\\/#website\",\"url\":\"https:\\\/\\\/saltoecologico.es\\\/\",\"name\":\"Salto Ecol\u00f3gico\",\"description\":\"\",\"publisher\":{\"@id\":\"https:\\\/\\\/saltoecologico.es\\\/#organization\"},\"potentialAction\":[{\"@type\":\"SearchAction\",\"target\":{\"@type\":\"EntryPoint\",\"urlTemplate\":\"https:\\\/\\\/saltoecologico.es\\\/?s={search_term_string}\"},\"query-input\":{\"@type\":\"PropertyValueSpecification\",\"valueRequired\":true,\"valueName\":\"search_term_string\"}}],\"inLanguage\":\"es\"},{\"@type\":\"Organization\",\"@id\":\"https:\\\/\\\/saltoecologico.es\\\/#organization\",\"name\":\"Salto a la Transici\u00f3n Ecol\u00f3gica\",\"url\":\"https:\\\/\\\/saltoecologico.es\\\/\",\"logo\":{\"@type\":\"ImageObject\",\"inLanguage\":\"es\",\"@id\":\"https:\\\/\\\/saltoecologico.es\\\/#\\\/schema\\\/logo\\\/image\\\/\",\"url\":\"https:\\\/\\\/saltoecologico.es\\\/wp-content\\\/uploads\\\/2025\\\/04\\\/Logo-STE.jpg\",\"contentUrl\":\"https:\\\/\\\/saltoecologico.es\\\/wp-content\\\/uploads\\\/2025\\\/04\\\/Logo-STE.jpg\",\"width\":435,\"height\":435,\"caption\":\"Salto a la Transici\u00f3n Ecol\u00f3gica\"},\"image\":{\"@id\":\"https:\\\/\\\/saltoecologico.es\\\/#\\\/schema\\\/logo\\\/image\\\/\"},\"sameAs\":[\"https:\\\/\\\/www.facebook.com\\\/Saltotransicionecologica\"]},{\"@type\":\"Person\",\"@id\":\"https:\\\/\\\/saltoecologico.es\\\/#\\\/schema\\\/person\\\/7175eec4b3c123d86c675313c3a01a0b\",\"name\":\"admin\",\"image\":{\"@type\":\"ImageObject\",\"inLanguage\":\"es\",\"@id\":\"https:\\\/\\\/secure.gravatar.com\\\/avatar\\\/4c215dc57bbc7b2f2f470ac9bd197f3f112636a584e575a732d0206a2d9c9806?s=96&d=mm&r=g\",\"url\":\"https:\\\/\\\/secure.gravatar.com\\\/avatar\\\/4c215dc57bbc7b2f2f470ac9bd197f3f112636a584e575a732d0206a2d9c9806?s=96&d=mm&r=g\",\"contentUrl\":\"https:\\\/\\\/secure.gravatar.com\\\/avatar\\\/4c215dc57bbc7b2f2f470ac9bd197f3f112636a584e575a732d0206a2d9c9806?s=96&d=mm&r=g\",\"caption\":\"admin\"},\"sameAs\":[\"https:\\\/\\\/saltoecologico.es\"],\"url\":\"https:\\\/\\\/saltoecologico.es\\\/index.php\\\/author\\\/saltoecologico\\\/\"}]}<\/script>\n<!-- \/ Yoast SEO plugin. -->","yoast_head_json":{"title":"El Gas es verde - Salto Ecol\u00f3gico","robots":{"index":"index","follow":"follow","max-snippet":"max-snippet:-1","max-image-preview":"max-image-preview:large","max-video-preview":"max-video-preview:-1"},"canonical":"https:\/\/saltoecologico.es\/index.php\/2022\/07\/06\/el-gas-es-verde\/","og_locale":"es_ES","og_type":"article","og_title":"El Gas es verde - Salto Ecol\u00f3gico","og_description":"El pasado mi\u00e9rcoles seis de julio la Euroc\u00e1mara ha avalado que las inversiones en nucleares y en gas natural sean consideradas verdes. A favor de este aval votaron las derechas europeas, es decir, la mayor\u00eda de los populares, liberales, ultraconservadores y extrema derecha. En cuanto a los espa\u00f1oles dieron su visto bueno el PP, VOX, [&hellip;]","og_url":"https:\/\/saltoecologico.es\/index.php\/2022\/07\/06\/el-gas-es-verde\/","og_site_name":"Salto Ecol\u00f3gico","article_publisher":"https:\/\/www.facebook.com\/Saltotransicionecologica","article_published_time":"2022-07-06T11:43:00+00:00","article_modified_time":"2025-04-13T11:44:38+00:00","og_image":[{"width":1024,"height":683,"url":"https:\/\/saltoecologico.es\/wp-content\/uploads\/2025\/04\/Fosiles3.jpg","type":"image\/jpeg"}],"author":"admin","twitter_card":"summary_large_image","twitter_misc":{"Escrito por":"admin","Tiempo de lectura":"3 minutos"},"schema":{"@context":"https:\/\/schema.org","@graph":[{"@type":"Article","@id":"https:\/\/saltoecologico.es\/index.php\/2022\/07\/06\/el-gas-es-verde\/#article","isPartOf":{"@id":"https:\/\/saltoecologico.es\/index.php\/2022\/07\/06\/el-gas-es-verde\/"},"author":{"name":"admin","@id":"https:\/\/saltoecologico.es\/#\/schema\/person\/7175eec4b3c123d86c675313c3a01a0b"},"headline":"El Gas es verde","datePublished":"2022-07-06T11:43:00+00:00","dateModified":"2025-04-13T11:44:38+00:00","mainEntityOfPage":{"@id":"https:\/\/saltoecologico.es\/index.php\/2022\/07\/06\/el-gas-es-verde\/"},"wordCount":488,"commentCount":0,"publisher":{"@id":"https:\/\/saltoecologico.es\/#organization"},"image":{"@id":"https:\/\/saltoecologico.es\/index.php\/2022\/07\/06\/el-gas-es-verde\/#primaryimage"},"thumbnailUrl":"https:\/\/saltoecologico.es\/wp-content\/uploads\/2025\/04\/Fosiles3.jpg","articleSection":["G_Varios","GNL"],"inLanguage":"es","potentialAction":[{"@type":"CommentAction","name":"Comment","target":["https:\/\/saltoecologico.es\/index.php\/2022\/07\/06\/el-gas-es-verde\/#respond"]}]},{"@type":"WebPage","@id":"https:\/\/saltoecologico.es\/index.php\/2022\/07\/06\/el-gas-es-verde\/","url":"https:\/\/saltoecologico.es\/index.php\/2022\/07\/06\/el-gas-es-verde\/","name":"El Gas es verde - Salto Ecol\u00f3gico","isPartOf":{"@id":"https:\/\/saltoecologico.es\/#website"},"primaryImageOfPage":{"@id":"https:\/\/saltoecologico.es\/index.php\/2022\/07\/06\/el-gas-es-verde\/#primaryimage"},"image":{"@id":"https:\/\/saltoecologico.es\/index.php\/2022\/07\/06\/el-gas-es-verde\/#primaryimage"},"thumbnailUrl":"https:\/\/saltoecologico.es\/wp-content\/uploads\/2025\/04\/Fosiles3.jpg","datePublished":"2022-07-06T11:43:00+00:00","dateModified":"2025-04-13T11:44:38+00:00","breadcrumb":{"@id":"https:\/\/saltoecologico.es\/index.php\/2022\/07\/06\/el-gas-es-verde\/#breadcrumb"},"inLanguage":"es","potentialAction":[{"@type":"ReadAction","target":["https:\/\/saltoecologico.es\/index.php\/2022\/07\/06\/el-gas-es-verde\/"]}]},{"@type":"ImageObject","inLanguage":"es","@id":"https:\/\/saltoecologico.es\/index.php\/2022\/07\/06\/el-gas-es-verde\/#primaryimage","url":"https:\/\/saltoecologico.es\/wp-content\/uploads\/2025\/04\/Fosiles3.jpg","contentUrl":"https:\/\/saltoecologico.es\/wp-content\/uploads\/2025\/04\/Fosiles3.jpg","width":1024,"height":683,"caption":"Aerial view of coal power plant high pipes with black smoke moving up polluting atmosphere at sunset."},{"@type":"BreadcrumbList","@id":"https:\/\/saltoecologico.es\/index.php\/2022\/07\/06\/el-gas-es-verde\/#breadcrumb","itemListElement":[{"@type":"ListItem","position":1,"name":"Portada","item":"https:\/\/saltoecologico.es\/"},{"@type":"ListItem","position":2,"name":"El Gas es verde"}]},{"@type":"WebSite","@id":"https:\/\/saltoecologico.es\/#website","url":"https:\/\/saltoecologico.es\/","name":"Salto Ecol\u00f3gico","description":"","publisher":{"@id":"https:\/\/saltoecologico.es\/#organization"},"potentialAction":[{"@type":"SearchAction","target":{"@type":"EntryPoint","urlTemplate":"https:\/\/saltoecologico.es\/?s={search_term_string}"},"query-input":{"@type":"PropertyValueSpecification","valueRequired":true,"valueName":"search_term_string"}}],"inLanguage":"es"},{"@type":"Organization","@id":"https:\/\/saltoecologico.es\/#organization","name":"Salto a la Transici\u00f3n Ecol\u00f3gica","url":"https:\/\/saltoecologico.es\/","logo":{"@type":"ImageObject","inLanguage":"es","@id":"https:\/\/saltoecologico.es\/#\/schema\/logo\/image\/","url":"https:\/\/saltoecologico.es\/wp-content\/uploads\/2025\/04\/Logo-STE.jpg","contentUrl":"https:\/\/saltoecologico.es\/wp-content\/uploads\/2025\/04\/Logo-STE.jpg","width":435,"height":435,"caption":"Salto a la Transici\u00f3n Ecol\u00f3gica"},"image":{"@id":"https:\/\/saltoecologico.es\/#\/schema\/logo\/image\/"},"sameAs":["https:\/\/www.facebook.com\/Saltotransicionecologica"]},{"@type":"Person","@id":"https:\/\/saltoecologico.es\/#\/schema\/person\/7175eec4b3c123d86c675313c3a01a0b","name":"admin","image":{"@type":"ImageObject","inLanguage":"es","@id":"https:\/\/secure.gravatar.com\/avatar\/4c215dc57bbc7b2f2f470ac9bd197f3f112636a584e575a732d0206a2d9c9806?s=96&d=mm&r=g","url":"https:\/\/secure.gravatar.com\/avatar\/4c215dc57bbc7b2f2f470ac9bd197f3f112636a584e575a732d0206a2d9c9806?s=96&d=mm&r=g","contentUrl":"https:\/\/secure.gravatar.com\/avatar\/4c215dc57bbc7b2f2f470ac9bd197f3f112636a584e575a732d0206a2d9c9806?s=96&d=mm&r=g","caption":"admin"},"sameAs":["https:\/\/saltoecologico.es"],"url":"https:\/\/saltoecologico.es\/index.php\/author\/saltoecologico\/"}]}},"_links":{"self":[{"href":"https:\/\/saltoecologico.es\/index.php\/wp-json\/wp\/v2\/posts\/430","targetHints":{"allow":["GET"]}}],"collection":[{"href":"https:\/\/saltoecologico.es\/index.php\/wp-json\/wp\/v2\/posts"}],"about":[{"href":"https:\/\/saltoecologico.es\/index.php\/wp-json\/wp\/v2\/types\/post"}],"author":[{"embeddable":true,"href":"https:\/\/saltoecologico.es\/index.php\/wp-json\/wp\/v2\/users\/1"}],"replies":[{"embeddable":true,"href":"https:\/\/saltoecologico.es\/index.php\/wp-json\/wp\/v2\/comments?post=430"}],"version-history":[{"count":1,"href":"https:\/\/saltoecologico.es\/index.php\/wp-json\/wp\/v2\/posts\/430\/revisions"}],"predecessor-version":[{"id":432,"href":"https:\/\/saltoecologico.es\/index.php\/wp-json\/wp\/v2\/posts\/430\/revisions\/432"}],"wp:featuredmedia":[{"embeddable":true,"href":"https:\/\/saltoecologico.es\/index.php\/wp-json\/wp\/v2\/media\/431"}],"wp:attachment":[{"href":"https:\/\/saltoecologico.es\/index.php\/wp-json\/wp\/v2\/media?parent=430"}],"wp:term":[{"taxonomy":"category","embeddable":true,"href":"https:\/\/saltoecologico.es\/index.php\/wp-json\/wp\/v2\/categories?post=430"},{"taxonomy":"post_tag","embeddable":true,"href":"https:\/\/saltoecologico.es\/index.php\/wp-json\/wp\/v2\/tags?post=430"}],"curies":[{"name":"wp","href":"https:\/\/api.w.org\/{rel}","templated":true}]}}