{"id":433,"date":"2022-07-10T11:47:00","date_gmt":"2022-07-10T11:47:00","guid":{"rendered":"https:\/\/saltoecologico.es\/?p=433"},"modified":"2025-04-13T11:48:35","modified_gmt":"2025-04-13T11:48:35","slug":"nant-de-dance","status":"publish","type":"post","link":"https:\/\/saltoecologico.es\/index.php\/2022\/07\/10\/nant-de-dance\/","title":{"rendered":"Nant de Dance"},"content":{"rendered":"\n<p class=\"wp-block-paragraph\">Recientemente se ha publicado la <strong>puesta en marcha de la central el\u00e9ctrica reversible de Nant de Dance en el cant\u00f3n de Valais en Suiza<\/strong>. La central utiliza <strong>dos embalses situados a distinta cota<\/strong>. El embalse inferior, <strong>Lac d\u2019Emosson<\/strong>, est\u00e1 formado por la presa de Emosson, con una capacidad de <strong>227.000.000 m\u00b3<\/strong>. El embalse superior, <strong>Lac du Vieux Emosson<\/strong>, est\u00e1 formado por una presa con capacidad de <strong>25.000.000 m\u00b3<\/strong>. El sistema lo completa <strong>la central el\u00e9ctrica situada entre ambos embalses<\/strong> y que consiste en una <strong>c\u00e1mara central subterr\u00e1nea de 200 m de largo y treinta y dos de ancho<\/strong>. Est\u00e1 compuesta por <strong>seis turbinas reversibles Francis de 150 MW cada una<\/strong>, que le da una <strong>potencia instalada de 900 MW<\/strong>. El conjunto, para el que fue necesario <strong>excavar dieciocho kil\u00f3metros de t\u00faneles bajo los Alpes<\/strong>, puede llegar a proporcionar <strong>20 GWh de energ\u00eda<\/strong>, lo que la convierte en <strong>la mayor del pa\u00eds y una de las mayores de Europa<\/strong>.<\/p>\n\n\n\n<p class=\"wp-block-paragraph\">Para hacernos una idea de los \u00f3rdenes de magnitud, <strong>la instalaci\u00f3n podr\u00eda proporcionar toda la energ\u00eda el\u00e9ctrica que necesita Gran Canaria durante 3 d\u00edas<\/strong>. Tiene <strong>4,5 veces la potencia instalada del Salto de Chira<\/strong> y puede <strong>producir 6 veces m\u00e1s energ\u00eda que esta<\/strong>.<\/p>\n\n\n\n<p class=\"wp-block-paragraph\">La gran diferencia entre una instalaci\u00f3n y la otra, es que <strong>el sistema el\u00e9ctrico de centro Europa est\u00e1 muy interconectado entre los distintos pa\u00edses<\/strong> y por tanto con una <strong>potencia instalada descomunal<\/strong> frente a los que representa <strong>los 900 MW de la instalaci\u00f3n suiza<\/strong>. A modo de referencia, baste decir, que tan solo <strong>Espa\u00f1a tiene una potencia instalada de 113.000 MW<\/strong>, es decir que <strong>la central Nant de Dance supone el 0,8% de la potencia instalada en nuestro pa\u00eds<\/strong>.<\/p>\n\n\n\n<p class=\"wp-block-paragraph\">Por su parte, <strong>la potencia instalada en el sistema el\u00e9ctrico de Gran Canaria es de unos 1.200 MW<\/strong>, y por tanto <strong>el Salto de Chira va a suponer el 17% del total de la potencia instalada en la actualidad<\/strong>, por lo que <strong>su influencia en este sistema va a ser may\u00fascula<\/strong>.<\/p>\n\n\n\n<p class=\"wp-block-paragraph\">Otra de las diferencias fundamentales, que precisamente se basan en esa relaci\u00f3n entre la potencia de las instalaciones y la potencia total instalada de los sistemas, es que <strong>mientras la instalaci\u00f3n suiza se va a usar fundamentalmente para almacenar excedentes renovables y de nucleares<\/strong>, <strong>la instalaci\u00f3n canaria tendr\u00e1 un papel vital en la gestionabilidad de la isla<\/strong>, m\u00e1s all\u00e1 del simple almacenamiento, tanto en el momento actual como en el futuro, al ser <strong>el garante fundamental y necesario para una adecuada penetraci\u00f3n de las renovables en nuestro territorio<\/strong>.<\/p>\n\n\n\n<p class=\"wp-block-paragraph\"><strong>Claro que el Salto de Chira supone impacto ambiental<\/strong>, pero <strong>si el cambio clim\u00e1tico contin\u00faa haciendo de las suyas, sus efectos ser\u00e1n mucho m\u00e1s devastadores que el remodelar unas presas o hacer simples movimientos de tierra<\/strong>.<\/p>\n\n\n\n<p class=\"wp-block-paragraph\"><strong>Deber\u00edamos ser capaces de coger ejemplo de nuestros vecinos europeos<\/strong> y por una vez, <strong>poner en el centro de nuestros objetivos, lo verdaderamente importante<\/strong>, que es <strong>la lucha contra los gases de efecto invernadero<\/strong>, proponiendo <strong>todas aquellas acciones que nos faciliten esta lucha<\/strong> y <strong>oponi\u00e9ndonos a lo que realmente la impida<\/strong>.<\/p>\n\n\n\n<hr class=\"wp-block-separator has-alpha-channel-opacity\"\/>\n\n\n\n<p class=\"wp-block-paragraph\"><\/p>\n","protected":false},"excerpt":{"rendered":"<p>Recientemente se ha publicado la puesta en marcha de la central el\u00e9ctrica reversible de Nant de Dance en el cant\u00f3n de Valais en Suiza. La central utiliza dos embalses situados a distinta cota. El embalse inferior, Lac d\u2019Emosson, est\u00e1 formado por la presa de Emosson, con una capacidad de 227.000.000 m\u00b3. El embalse superior, Lac [&hellip;]<\/p>\n","protected":false},"author":1,"featured_media":434,"comment_status":"open","ping_status":"open","sticky":false,"template":"","format":"standard","meta":{"footnotes":""},"categories":[54,31],"tags":[],"class_list":["post-433","post","type-post","status-publish","format-standard","has-post-thumbnail","category-b_varios","category-bombeos"],"yoast_head":"<!-- This site is optimized with the Yoast SEO plugin v28.2 - https:\/\/yoast.com\/product\/yoast-seo-wordpress\/ -->\n<title>Nant de Dance - Salto Ecol\u00f3gico<\/title>\n<meta name=\"robots\" content=\"index, follow, max-snippet:-1, max-image-preview:large, max-video-preview:-1\" \/>\n<link rel=\"canonical\" href=\"https:\/\/saltoecologico.es\/index.php\/2022\/07\/10\/nant-de-dance\/\" \/>\n<meta property=\"og:locale\" content=\"es_ES\" \/>\n<meta property=\"og:type\" content=\"article\" \/>\n<meta property=\"og:title\" content=\"Nant de Dance - Salto Ecol\u00f3gico\" \/>\n<meta property=\"og:description\" content=\"Recientemente se ha publicado la puesta en marcha de la central el\u00e9ctrica reversible de Nant de Dance en el cant\u00f3n de Valais en Suiza. La central utiliza dos embalses situados a distinta cota. El embalse inferior, Lac d\u2019Emosson, est\u00e1 formado por la presa de Emosson, con una capacidad de 227.000.000 m\u00b3. El embalse superior, Lac [&hellip;]\" \/>\n<meta property=\"og:url\" content=\"https:\/\/saltoecologico.es\/index.php\/2022\/07\/10\/nant-de-dance\/\" \/>\n<meta property=\"og:site_name\" content=\"Salto Ecol\u00f3gico\" \/>\n<meta property=\"article:publisher\" content=\"https:\/\/www.facebook.com\/Saltotransicionecologica\" \/>\n<meta property=\"article:published_time\" content=\"2022-07-10T11:47:00+00:00\" \/>\n<meta property=\"article:modified_time\" content=\"2025-04-13T11:48:35+00:00\" \/>\n<meta property=\"og:image\" content=\"https:\/\/saltoecologico.es\/wp-content\/uploads\/2025\/04\/Salto-2.jpg\" \/>\n\t<meta property=\"og:image:width\" content=\"1024\" \/>\n\t<meta property=\"og:image:height\" content=\"819\" \/>\n\t<meta property=\"og:image:type\" content=\"image\/jpeg\" \/>\n<meta name=\"author\" content=\"admin\" \/>\n<meta name=\"twitter:card\" content=\"summary_large_image\" \/>\n<meta name=\"twitter:label1\" content=\"Escrito por\" \/>\n\t<meta name=\"twitter:data1\" content=\"admin\" \/>\n\t<meta name=\"twitter:label2\" content=\"Tiempo de lectura\" \/>\n\t<meta name=\"twitter:data2\" content=\"3 minutos\" \/>\n<script type=\"application\/ld+json\" class=\"yoast-schema-graph\">{\"@context\":\"https:\\\/\\\/schema.org\",\"@graph\":[{\"@type\":\"Article\",\"@id\":\"https:\\\/\\\/saltoecologico.es\\\/index.php\\\/2022\\\/07\\\/10\\\/nant-de-dance\\\/#article\",\"isPartOf\":{\"@id\":\"https:\\\/\\\/saltoecologico.es\\\/index.php\\\/2022\\\/07\\\/10\\\/nant-de-dance\\\/\"},\"author\":{\"name\":\"admin\",\"@id\":\"https:\\\/\\\/saltoecologico.es\\\/#\\\/schema\\\/person\\\/7175eec4b3c123d86c675313c3a01a0b\"},\"headline\":\"Nant de Dance\",\"datePublished\":\"2022-07-10T11:47:00+00:00\",\"dateModified\":\"2025-04-13T11:48:35+00:00\",\"mainEntityOfPage\":{\"@id\":\"https:\\\/\\\/saltoecologico.es\\\/index.php\\\/2022\\\/07\\\/10\\\/nant-de-dance\\\/\"},\"wordCount\":531,\"commentCount\":0,\"publisher\":{\"@id\":\"https:\\\/\\\/saltoecologico.es\\\/#organization\"},\"image\":{\"@id\":\"https:\\\/\\\/saltoecologico.es\\\/index.php\\\/2022\\\/07\\\/10\\\/nant-de-dance\\\/#primaryimage\"},\"thumbnailUrl\":\"https:\\\/\\\/saltoecologico.es\\\/wp-content\\\/uploads\\\/2025\\\/04\\\/Salto-2.jpg\",\"articleSection\":[\"B_Varios\",\"Bombeos\"],\"inLanguage\":\"es\",\"potentialAction\":[{\"@type\":\"CommentAction\",\"name\":\"Comment\",\"target\":[\"https:\\\/\\\/saltoecologico.es\\\/index.php\\\/2022\\\/07\\\/10\\\/nant-de-dance\\\/#respond\"]}]},{\"@type\":\"WebPage\",\"@id\":\"https:\\\/\\\/saltoecologico.es\\\/index.php\\\/2022\\\/07\\\/10\\\/nant-de-dance\\\/\",\"url\":\"https:\\\/\\\/saltoecologico.es\\\/index.php\\\/2022\\\/07\\\/10\\\/nant-de-dance\\\/\",\"name\":\"Nant de Dance - Salto Ecol\u00f3gico\",\"isPartOf\":{\"@id\":\"https:\\\/\\\/saltoecologico.es\\\/#website\"},\"primaryImageOfPage\":{\"@id\":\"https:\\\/\\\/saltoecologico.es\\\/index.php\\\/2022\\\/07\\\/10\\\/nant-de-dance\\\/#primaryimage\"},\"image\":{\"@id\":\"https:\\\/\\\/saltoecologico.es\\\/index.php\\\/2022\\\/07\\\/10\\\/nant-de-dance\\\/#primaryimage\"},\"thumbnailUrl\":\"https:\\\/\\\/saltoecologico.es\\\/wp-content\\\/uploads\\\/2025\\\/04\\\/Salto-2.jpg\",\"datePublished\":\"2022-07-10T11:47:00+00:00\",\"dateModified\":\"2025-04-13T11:48:35+00:00\",\"breadcrumb\":{\"@id\":\"https:\\\/\\\/saltoecologico.es\\\/index.php\\\/2022\\\/07\\\/10\\\/nant-de-dance\\\/#breadcrumb\"},\"inLanguage\":\"es\",\"potentialAction\":[{\"@type\":\"ReadAction\",\"target\":[\"https:\\\/\\\/saltoecologico.es\\\/index.php\\\/2022\\\/07\\\/10\\\/nant-de-dance\\\/\"]}]},{\"@type\":\"ImageObject\",\"inLanguage\":\"es\",\"@id\":\"https:\\\/\\\/saltoecologico.es\\\/index.php\\\/2022\\\/07\\\/10\\\/nant-de-dance\\\/#primaryimage\",\"url\":\"https:\\\/\\\/saltoecologico.es\\\/wp-content\\\/uploads\\\/2025\\\/04\\\/Salto-2.jpg\",\"contentUrl\":\"https:\\\/\\\/saltoecologico.es\\\/wp-content\\\/uploads\\\/2025\\\/04\\\/Salto-2.jpg\",\"width\":1024,\"height\":819,\"caption\":\"Hydroelectric dam on the Saint John River in Grand Falls New Brunswick, Canada.\"},{\"@type\":\"BreadcrumbList\",\"@id\":\"https:\\\/\\\/saltoecologico.es\\\/index.php\\\/2022\\\/07\\\/10\\\/nant-de-dance\\\/#breadcrumb\",\"itemListElement\":[{\"@type\":\"ListItem\",\"position\":1,\"name\":\"Portada\",\"item\":\"https:\\\/\\\/saltoecologico.es\\\/\"},{\"@type\":\"ListItem\",\"position\":2,\"name\":\"Nant de Dance\"}]},{\"@type\":\"WebSite\",\"@id\":\"https:\\\/\\\/saltoecologico.es\\\/#website\",\"url\":\"https:\\\/\\\/saltoecologico.es\\\/\",\"name\":\"Salto Ecol\u00f3gico\",\"description\":\"\",\"publisher\":{\"@id\":\"https:\\\/\\\/saltoecologico.es\\\/#organization\"},\"potentialAction\":[{\"@type\":\"SearchAction\",\"target\":{\"@type\":\"EntryPoint\",\"urlTemplate\":\"https:\\\/\\\/saltoecologico.es\\\/?s={search_term_string}\"},\"query-input\":{\"@type\":\"PropertyValueSpecification\",\"valueRequired\":true,\"valueName\":\"search_term_string\"}}],\"inLanguage\":\"es\"},{\"@type\":\"Organization\",\"@id\":\"https:\\\/\\\/saltoecologico.es\\\/#organization\",\"name\":\"Salto a la Transici\u00f3n Ecol\u00f3gica\",\"url\":\"https:\\\/\\\/saltoecologico.es\\\/\",\"logo\":{\"@type\":\"ImageObject\",\"inLanguage\":\"es\",\"@id\":\"https:\\\/\\\/saltoecologico.es\\\/#\\\/schema\\\/logo\\\/image\\\/\",\"url\":\"https:\\\/\\\/saltoecologico.es\\\/wp-content\\\/uploads\\\/2025\\\/04\\\/Logo-STE.jpg\",\"contentUrl\":\"https:\\\/\\\/saltoecologico.es\\\/wp-content\\\/uploads\\\/2025\\\/04\\\/Logo-STE.jpg\",\"width\":435,\"height\":435,\"caption\":\"Salto a la Transici\u00f3n Ecol\u00f3gica\"},\"image\":{\"@id\":\"https:\\\/\\\/saltoecologico.es\\\/#\\\/schema\\\/logo\\\/image\\\/\"},\"sameAs\":[\"https:\\\/\\\/www.facebook.com\\\/Saltotransicionecologica\"]},{\"@type\":\"Person\",\"@id\":\"https:\\\/\\\/saltoecologico.es\\\/#\\\/schema\\\/person\\\/7175eec4b3c123d86c675313c3a01a0b\",\"name\":\"admin\",\"image\":{\"@type\":\"ImageObject\",\"inLanguage\":\"es\",\"@id\":\"https:\\\/\\\/secure.gravatar.com\\\/avatar\\\/4c215dc57bbc7b2f2f470ac9bd197f3f112636a584e575a732d0206a2d9c9806?s=96&d=mm&r=g\",\"url\":\"https:\\\/\\\/secure.gravatar.com\\\/avatar\\\/4c215dc57bbc7b2f2f470ac9bd197f3f112636a584e575a732d0206a2d9c9806?s=96&d=mm&r=g\",\"contentUrl\":\"https:\\\/\\\/secure.gravatar.com\\\/avatar\\\/4c215dc57bbc7b2f2f470ac9bd197f3f112636a584e575a732d0206a2d9c9806?s=96&d=mm&r=g\",\"caption\":\"admin\"},\"sameAs\":[\"https:\\\/\\\/saltoecologico.es\"],\"url\":\"https:\\\/\\\/saltoecologico.es\\\/index.php\\\/author\\\/saltoecologico\\\/\"}]}<\/script>\n<!-- \/ Yoast SEO plugin. -->","yoast_head_json":{"title":"Nant de Dance - Salto Ecol\u00f3gico","robots":{"index":"index","follow":"follow","max-snippet":"max-snippet:-1","max-image-preview":"max-image-preview:large","max-video-preview":"max-video-preview:-1"},"canonical":"https:\/\/saltoecologico.es\/index.php\/2022\/07\/10\/nant-de-dance\/","og_locale":"es_ES","og_type":"article","og_title":"Nant de Dance - Salto Ecol\u00f3gico","og_description":"Recientemente se ha publicado la puesta en marcha de la central el\u00e9ctrica reversible de Nant de Dance en el cant\u00f3n de Valais en Suiza. La central utiliza dos embalses situados a distinta cota. El embalse inferior, Lac d\u2019Emosson, est\u00e1 formado por la presa de Emosson, con una capacidad de 227.000.000 m\u00b3. El embalse superior, Lac [&hellip;]","og_url":"https:\/\/saltoecologico.es\/index.php\/2022\/07\/10\/nant-de-dance\/","og_site_name":"Salto Ecol\u00f3gico","article_publisher":"https:\/\/www.facebook.com\/Saltotransicionecologica","article_published_time":"2022-07-10T11:47:00+00:00","article_modified_time":"2025-04-13T11:48:35+00:00","og_image":[{"width":1024,"height":819,"url":"https:\/\/saltoecologico.es\/wp-content\/uploads\/2025\/04\/Salto-2.jpg","type":"image\/jpeg"}],"author":"admin","twitter_card":"summary_large_image","twitter_misc":{"Escrito por":"admin","Tiempo de lectura":"3 minutos"},"schema":{"@context":"https:\/\/schema.org","@graph":[{"@type":"Article","@id":"https:\/\/saltoecologico.es\/index.php\/2022\/07\/10\/nant-de-dance\/#article","isPartOf":{"@id":"https:\/\/saltoecologico.es\/index.php\/2022\/07\/10\/nant-de-dance\/"},"author":{"name":"admin","@id":"https:\/\/saltoecologico.es\/#\/schema\/person\/7175eec4b3c123d86c675313c3a01a0b"},"headline":"Nant de Dance","datePublished":"2022-07-10T11:47:00+00:00","dateModified":"2025-04-13T11:48:35+00:00","mainEntityOfPage":{"@id":"https:\/\/saltoecologico.es\/index.php\/2022\/07\/10\/nant-de-dance\/"},"wordCount":531,"commentCount":0,"publisher":{"@id":"https:\/\/saltoecologico.es\/#organization"},"image":{"@id":"https:\/\/saltoecologico.es\/index.php\/2022\/07\/10\/nant-de-dance\/#primaryimage"},"thumbnailUrl":"https:\/\/saltoecologico.es\/wp-content\/uploads\/2025\/04\/Salto-2.jpg","articleSection":["B_Varios","Bombeos"],"inLanguage":"es","potentialAction":[{"@type":"CommentAction","name":"Comment","target":["https:\/\/saltoecologico.es\/index.php\/2022\/07\/10\/nant-de-dance\/#respond"]}]},{"@type":"WebPage","@id":"https:\/\/saltoecologico.es\/index.php\/2022\/07\/10\/nant-de-dance\/","url":"https:\/\/saltoecologico.es\/index.php\/2022\/07\/10\/nant-de-dance\/","name":"Nant de Dance - Salto Ecol\u00f3gico","isPartOf":{"@id":"https:\/\/saltoecologico.es\/#website"},"primaryImageOfPage":{"@id":"https:\/\/saltoecologico.es\/index.php\/2022\/07\/10\/nant-de-dance\/#primaryimage"},"image":{"@id":"https:\/\/saltoecologico.es\/index.php\/2022\/07\/10\/nant-de-dance\/#primaryimage"},"thumbnailUrl":"https:\/\/saltoecologico.es\/wp-content\/uploads\/2025\/04\/Salto-2.jpg","datePublished":"2022-07-10T11:47:00+00:00","dateModified":"2025-04-13T11:48:35+00:00","breadcrumb":{"@id":"https:\/\/saltoecologico.es\/index.php\/2022\/07\/10\/nant-de-dance\/#breadcrumb"},"inLanguage":"es","potentialAction":[{"@type":"ReadAction","target":["https:\/\/saltoecologico.es\/index.php\/2022\/07\/10\/nant-de-dance\/"]}]},{"@type":"ImageObject","inLanguage":"es","@id":"https:\/\/saltoecologico.es\/index.php\/2022\/07\/10\/nant-de-dance\/#primaryimage","url":"https:\/\/saltoecologico.es\/wp-content\/uploads\/2025\/04\/Salto-2.jpg","contentUrl":"https:\/\/saltoecologico.es\/wp-content\/uploads\/2025\/04\/Salto-2.jpg","width":1024,"height":819,"caption":"Hydroelectric dam on the Saint John River in Grand Falls New Brunswick, Canada."},{"@type":"BreadcrumbList","@id":"https:\/\/saltoecologico.es\/index.php\/2022\/07\/10\/nant-de-dance\/#breadcrumb","itemListElement":[{"@type":"ListItem","position":1,"name":"Portada","item":"https:\/\/saltoecologico.es\/"},{"@type":"ListItem","position":2,"name":"Nant de Dance"}]},{"@type":"WebSite","@id":"https:\/\/saltoecologico.es\/#website","url":"https:\/\/saltoecologico.es\/","name":"Salto Ecol\u00f3gico","description":"","publisher":{"@id":"https:\/\/saltoecologico.es\/#organization"},"potentialAction":[{"@type":"SearchAction","target":{"@type":"EntryPoint","urlTemplate":"https:\/\/saltoecologico.es\/?s={search_term_string}"},"query-input":{"@type":"PropertyValueSpecification","valueRequired":true,"valueName":"search_term_string"}}],"inLanguage":"es"},{"@type":"Organization","@id":"https:\/\/saltoecologico.es\/#organization","name":"Salto a la Transici\u00f3n Ecol\u00f3gica","url":"https:\/\/saltoecologico.es\/","logo":{"@type":"ImageObject","inLanguage":"es","@id":"https:\/\/saltoecologico.es\/#\/schema\/logo\/image\/","url":"https:\/\/saltoecologico.es\/wp-content\/uploads\/2025\/04\/Logo-STE.jpg","contentUrl":"https:\/\/saltoecologico.es\/wp-content\/uploads\/2025\/04\/Logo-STE.jpg","width":435,"height":435,"caption":"Salto a la Transici\u00f3n Ecol\u00f3gica"},"image":{"@id":"https:\/\/saltoecologico.es\/#\/schema\/logo\/image\/"},"sameAs":["https:\/\/www.facebook.com\/Saltotransicionecologica"]},{"@type":"Person","@id":"https:\/\/saltoecologico.es\/#\/schema\/person\/7175eec4b3c123d86c675313c3a01a0b","name":"admin","image":{"@type":"ImageObject","inLanguage":"es","@id":"https:\/\/secure.gravatar.com\/avatar\/4c215dc57bbc7b2f2f470ac9bd197f3f112636a584e575a732d0206a2d9c9806?s=96&d=mm&r=g","url":"https:\/\/secure.gravatar.com\/avatar\/4c215dc57bbc7b2f2f470ac9bd197f3f112636a584e575a732d0206a2d9c9806?s=96&d=mm&r=g","contentUrl":"https:\/\/secure.gravatar.com\/avatar\/4c215dc57bbc7b2f2f470ac9bd197f3f112636a584e575a732d0206a2d9c9806?s=96&d=mm&r=g","caption":"admin"},"sameAs":["https:\/\/saltoecologico.es"],"url":"https:\/\/saltoecologico.es\/index.php\/author\/saltoecologico\/"}]}},"_links":{"self":[{"href":"https:\/\/saltoecologico.es\/index.php\/wp-json\/wp\/v2\/posts\/433","targetHints":{"allow":["GET"]}}],"collection":[{"href":"https:\/\/saltoecologico.es\/index.php\/wp-json\/wp\/v2\/posts"}],"about":[{"href":"https:\/\/saltoecologico.es\/index.php\/wp-json\/wp\/v2\/types\/post"}],"author":[{"embeddable":true,"href":"https:\/\/saltoecologico.es\/index.php\/wp-json\/wp\/v2\/users\/1"}],"replies":[{"embeddable":true,"href":"https:\/\/saltoecologico.es\/index.php\/wp-json\/wp\/v2\/comments?post=433"}],"version-history":[{"count":1,"href":"https:\/\/saltoecologico.es\/index.php\/wp-json\/wp\/v2\/posts\/433\/revisions"}],"predecessor-version":[{"id":435,"href":"https:\/\/saltoecologico.es\/index.php\/wp-json\/wp\/v2\/posts\/433\/revisions\/435"}],"wp:featuredmedia":[{"embeddable":true,"href":"https:\/\/saltoecologico.es\/index.php\/wp-json\/wp\/v2\/media\/434"}],"wp:attachment":[{"href":"https:\/\/saltoecologico.es\/index.php\/wp-json\/wp\/v2\/media?parent=433"}],"wp:term":[{"taxonomy":"category","embeddable":true,"href":"https:\/\/saltoecologico.es\/index.php\/wp-json\/wp\/v2\/categories?post=433"},{"taxonomy":"post_tag","embeddable":true,"href":"https:\/\/saltoecologico.es\/index.php\/wp-json\/wp\/v2\/tags?post=433"}],"curies":[{"name":"wp","href":"https:\/\/api.w.org\/{rel}","templated":true}]}}