{"id":436,"date":"2022-07-13T11:52:00","date_gmt":"2022-07-13T11:52:00","guid":{"rendered":"https:\/\/saltoecologico.es\/?p=436"},"modified":"2025-04-13T11:53:36","modified_gmt":"2025-04-13T11:53:36","slug":"centrales-termicas","status":"publish","type":"post","link":"https:\/\/saltoecologico.es\/index.php\/2022\/07\/13\/centrales-termicas\/","title":{"rendered":"Centrales t\u00e9rmicas"},"content":{"rendered":"\n<p class=\"wp-block-paragraph\"><strong>Pedro S\u00e1nchez tambi\u00e9n se opone a las centrales t\u00e9rmicas en Canarias.<\/strong><\/p>\n\n\n\n<p class=\"wp-block-paragraph\">\u201c<strong>Estamos realizando una inversi\u00f3n sin precedentes para garantizar que Canarias y Baleares sean territorios plenamente descarbonizados. Estamos destinando 700 millones de euros del Plan de Recuperaci\u00f3n de Europa para el programa \u2018Islas 100% renovables\u2019. 100 por cien renovables. No nuclear y no centrales t\u00e9rmicas<\/strong>\u201d.<\/p>\n\n\n\n<p class=\"wp-block-paragraph\">Estas palabras est\u00e1n extra\u00eddas de la <strong>intervenci\u00f3n de Pedro S\u00e1nchez en el Debate del Estado de la Naci\u00f3n del martes 12 de julio<\/strong> y ante ellas, <strong>nos asalta la duda razonable<\/strong> del origen de la <strong>Disposici\u00f3n Final Cuarta del R.D.L. 6\/2022<\/strong>, donde <strong>se liberaliza de facto las instalaciones de regasificaci\u00f3n en las islas Canarias<\/strong>.<\/p>\n\n\n\n<p class=\"wp-block-paragraph\">Lo primero que se nos ocurre pensar es que esta Disposici\u00f3n <strong>se ha colado de manera marginal<\/strong> en un real decreto cuyo literal indica: <strong>\u201cpor el que se adoptan medidas urgentes en el marco del plan nacional de respuesta a las consecuencias econ\u00f3micas y sociales de la guerra en Ucrania\u201d<\/strong>, pero que <strong>no responde a la idea primigenia que tiene el gobierno central respecto al desarrollo de la descarbonizaci\u00f3n del archipi\u00e9lago<\/strong>, sino m\u00e1s bien <strong>se intenta complacer a ciertos lobbies con intereses en la instalaci\u00f3n de gas en Canarias<\/strong>. Si a esto le sumamos el hecho de la <strong>posici\u00f3n frontal que tienen ciertos pa\u00edses de la Uni\u00f3n, entre ellos Espa\u00f1a, a la inclusi\u00f3n de las instalaciones de gas y nucleares dentro de las energ\u00edas verdes<\/strong>, y por tanto ser susceptibles de las <strong>financiaciones de los Fondos Next Generation de la Uni\u00f3n Europea<\/strong>, m\u00e1s nos anima a pensar que el <strong>posicionamiento \u00faltimo del gobierno de Pedro S\u00e1nchez para Canarias es mantener la hoja de ruta de la descarbonizaci\u00f3n<\/strong> que se ha trazado el gobierno de Canarias en m\u00faltiples documentaciones publicadas, y que <strong>no contemplan las instalaciones gas\u00edsticas por ning\u00fan lado<\/strong>.<\/p>\n\n\n\n<p class=\"wp-block-paragraph\">Que nosotros sepamos existen <strong>tres proyectos<\/strong> que supuestamente <strong>se podr\u00edan beneficiar de las cuestiones que estamos mencionando<\/strong> y que ser\u00edan:<\/p>\n\n\n\n<ol class=\"wp-block-list\">\n<li><strong>Proyecto de Totisa Holding para la construcci\u00f3n y explotaci\u00f3n de una planta de almacenamiento de Gas Natural Licuado, regasificaci\u00f3n y producci\u00f3n de energ\u00eda el\u00e9ctrica en el puerto de la Luz de Las Palmas de Gran Canaria.<\/strong><\/li>\n\n\n\n<li><strong>Proyecto de Totisa Holding, gemelo al anterior, pero en el muelle de Santa Cruz de Tenerife.<\/strong><\/li>\n\n\n\n<li><strong>Proyecto de la energ\u00e9tica Sampol para la construcci\u00f3n de una central el\u00e9ctrica de gas natural e hidr\u00f3geno en el puerto de Granadilla en la isla de Tenerife.<\/strong><\/li>\n<\/ol>\n\n\n\n<p class=\"wp-block-paragraph\">Creemos que con <strong>las manifestaciones que en estos d\u00edas podemos empezar a apreciar de los efectos del cambio clim\u00e1tico<\/strong> originado por las emisiones de CO\u2082, propiciadas por las acciones del hombre, <strong>no estamos en condiciones de coquetear con los beneficios privados de algunos en detrimento del bienestar de todos<\/strong>, y por eso, <strong>ahora m\u00e1s que nunca si cabe, hay que redoblar los esfuerzos por apostar por las energ\u00edas verdaderamente renovables<\/strong> y que <strong>\u00e9stas se conviertan en el verdadero faro que alumbre el futuro medioambiental de las islas<\/strong>.<\/p>\n\n\n\n<hr class=\"wp-block-separator has-alpha-channel-opacity\"\/>\n\n\n\n<p class=\"wp-block-paragraph\"><\/p>\n","protected":false},"excerpt":{"rendered":"<p>Pedro S\u00e1nchez tambi\u00e9n se opone a las centrales t\u00e9rmicas en Canarias. \u201cEstamos realizando una inversi\u00f3n sin precedentes para garantizar que Canarias y Baleares sean territorios plenamente descarbonizados. Estamos destinando 700 millones de euros del Plan de Recuperaci\u00f3n de Europa para el programa \u2018Islas 100% renovables\u2019. 100 por cien renovables. No nuclear y no centrales t\u00e9rmicas\u201d. [&hellip;]<\/p>\n","protected":false},"author":1,"featured_media":437,"comment_status":"open","ping_status":"open","sticky":false,"template":"","format":"standard","meta":{"footnotes":""},"categories":[52,30],"tags":[],"class_list":["post-436","post","type-post","status-publish","format-standard","has-post-thumbnail","category-t_varios","category-transicion"],"yoast_head":"<!-- This site is optimized with the Yoast SEO plugin v28.2 - https:\/\/yoast.com\/product\/yoast-seo-wordpress\/ -->\n<title>Centrales t\u00e9rmicas - Salto Ecol\u00f3gico<\/title>\n<meta name=\"robots\" content=\"index, follow, max-snippet:-1, max-image-preview:large, max-video-preview:-1\" \/>\n<link rel=\"canonical\" href=\"https:\/\/saltoecologico.es\/index.php\/2022\/07\/13\/centrales-termicas\/\" \/>\n<meta property=\"og:locale\" content=\"es_ES\" \/>\n<meta property=\"og:type\" content=\"article\" \/>\n<meta property=\"og:title\" content=\"Centrales t\u00e9rmicas - Salto Ecol\u00f3gico\" \/>\n<meta property=\"og:description\" content=\"Pedro S\u00e1nchez tambi\u00e9n se opone a las centrales t\u00e9rmicas en Canarias. \u201cEstamos realizando una inversi\u00f3n sin precedentes para garantizar que Canarias y Baleares sean territorios plenamente descarbonizados. Estamos destinando 700 millones de euros del Plan de Recuperaci\u00f3n de Europa para el programa \u2018Islas 100% renovables\u2019. 100 por cien renovables. No nuclear y no centrales t\u00e9rmicas\u201d. [&hellip;]\" \/>\n<meta property=\"og:url\" content=\"https:\/\/saltoecologico.es\/index.php\/2022\/07\/13\/centrales-termicas\/\" \/>\n<meta property=\"og:site_name\" content=\"Salto Ecol\u00f3gico\" \/>\n<meta property=\"article:publisher\" content=\"https:\/\/www.facebook.com\/Saltotransicionecologica\" \/>\n<meta property=\"article:published_time\" content=\"2022-07-13T11:52:00+00:00\" \/>\n<meta property=\"article:modified_time\" content=\"2025-04-13T11:53:36+00:00\" \/>\n<meta property=\"og:image\" content=\"https:\/\/saltoecologico.es\/wp-content\/uploads\/2025\/04\/GNL3.jpg\" \/>\n\t<meta property=\"og:image:width\" content=\"1024\" \/>\n\t<meta property=\"og:image:height\" content=\"683\" \/>\n\t<meta property=\"og:image:type\" content=\"image\/jpeg\" \/>\n<meta name=\"author\" content=\"admin\" \/>\n<meta name=\"twitter:card\" content=\"summary_large_image\" \/>\n<meta name=\"twitter:label1\" content=\"Escrito por\" \/>\n\t<meta name=\"twitter:data1\" content=\"admin\" \/>\n\t<meta name=\"twitter:label2\" content=\"Tiempo de lectura\" \/>\n\t<meta name=\"twitter:data2\" content=\"3 minutos\" \/>\n<script type=\"application\/ld+json\" class=\"yoast-schema-graph\">{\"@context\":\"https:\\\/\\\/schema.org\",\"@graph\":[{\"@type\":\"Article\",\"@id\":\"https:\\\/\\\/saltoecologico.es\\\/index.php\\\/2022\\\/07\\\/13\\\/centrales-termicas\\\/#article\",\"isPartOf\":{\"@id\":\"https:\\\/\\\/saltoecologico.es\\\/index.php\\\/2022\\\/07\\\/13\\\/centrales-termicas\\\/\"},\"author\":{\"name\":\"admin\",\"@id\":\"https:\\\/\\\/saltoecologico.es\\\/#\\\/schema\\\/person\\\/7175eec4b3c123d86c675313c3a01a0b\"},\"headline\":\"Centrales t\u00e9rmicas\",\"datePublished\":\"2022-07-13T11:52:00+00:00\",\"dateModified\":\"2025-04-13T11:53:36+00:00\",\"mainEntityOfPage\":{\"@id\":\"https:\\\/\\\/saltoecologico.es\\\/index.php\\\/2022\\\/07\\\/13\\\/centrales-termicas\\\/\"},\"wordCount\":532,\"commentCount\":0,\"publisher\":{\"@id\":\"https:\\\/\\\/saltoecologico.es\\\/#organization\"},\"image\":{\"@id\":\"https:\\\/\\\/saltoecologico.es\\\/index.php\\\/2022\\\/07\\\/13\\\/centrales-termicas\\\/#primaryimage\"},\"thumbnailUrl\":\"https:\\\/\\\/saltoecologico.es\\\/wp-content\\\/uploads\\\/2025\\\/04\\\/GNL3.jpg\",\"articleSection\":[\"T_Varios\",\"Transici\u00f3n\"],\"inLanguage\":\"es\",\"potentialAction\":[{\"@type\":\"CommentAction\",\"name\":\"Comment\",\"target\":[\"https:\\\/\\\/saltoecologico.es\\\/index.php\\\/2022\\\/07\\\/13\\\/centrales-termicas\\\/#respond\"]}]},{\"@type\":\"WebPage\",\"@id\":\"https:\\\/\\\/saltoecologico.es\\\/index.php\\\/2022\\\/07\\\/13\\\/centrales-termicas\\\/\",\"url\":\"https:\\\/\\\/saltoecologico.es\\\/index.php\\\/2022\\\/07\\\/13\\\/centrales-termicas\\\/\",\"name\":\"Centrales t\u00e9rmicas - Salto Ecol\u00f3gico\",\"isPartOf\":{\"@id\":\"https:\\\/\\\/saltoecologico.es\\\/#website\"},\"primaryImageOfPage\":{\"@id\":\"https:\\\/\\\/saltoecologico.es\\\/index.php\\\/2022\\\/07\\\/13\\\/centrales-termicas\\\/#primaryimage\"},\"image\":{\"@id\":\"https:\\\/\\\/saltoecologico.es\\\/index.php\\\/2022\\\/07\\\/13\\\/centrales-termicas\\\/#primaryimage\"},\"thumbnailUrl\":\"https:\\\/\\\/saltoecologico.es\\\/wp-content\\\/uploads\\\/2025\\\/04\\\/GNL3.jpg\",\"datePublished\":\"2022-07-13T11:52:00+00:00\",\"dateModified\":\"2025-04-13T11:53:36+00:00\",\"breadcrumb\":{\"@id\":\"https:\\\/\\\/saltoecologico.es\\\/index.php\\\/2022\\\/07\\\/13\\\/centrales-termicas\\\/#breadcrumb\"},\"inLanguage\":\"es\",\"potentialAction\":[{\"@type\":\"ReadAction\",\"target\":[\"https:\\\/\\\/saltoecologico.es\\\/index.php\\\/2022\\\/07\\\/13\\\/centrales-termicas\\\/\"]}]},{\"@type\":\"ImageObject\",\"inLanguage\":\"es\",\"@id\":\"https:\\\/\\\/saltoecologico.es\\\/index.php\\\/2022\\\/07\\\/13\\\/centrales-termicas\\\/#primaryimage\",\"url\":\"https:\\\/\\\/saltoecologico.es\\\/wp-content\\\/uploads\\\/2025\\\/04\\\/GNL3.jpg\",\"contentUrl\":\"https:\\\/\\\/saltoecologico.es\\\/wp-content\\\/uploads\\\/2025\\\/04\\\/GNL3.jpg\",\"width\":1024,\"height\":683,\"caption\":\"Gas Processing Plant at night\"},{\"@type\":\"BreadcrumbList\",\"@id\":\"https:\\\/\\\/saltoecologico.es\\\/index.php\\\/2022\\\/07\\\/13\\\/centrales-termicas\\\/#breadcrumb\",\"itemListElement\":[{\"@type\":\"ListItem\",\"position\":1,\"name\":\"Portada\",\"item\":\"https:\\\/\\\/saltoecologico.es\\\/\"},{\"@type\":\"ListItem\",\"position\":2,\"name\":\"Centrales t\u00e9rmicas\"}]},{\"@type\":\"WebSite\",\"@id\":\"https:\\\/\\\/saltoecologico.es\\\/#website\",\"url\":\"https:\\\/\\\/saltoecologico.es\\\/\",\"name\":\"Salto Ecol\u00f3gico\",\"description\":\"\",\"publisher\":{\"@id\":\"https:\\\/\\\/saltoecologico.es\\\/#organization\"},\"potentialAction\":[{\"@type\":\"SearchAction\",\"target\":{\"@type\":\"EntryPoint\",\"urlTemplate\":\"https:\\\/\\\/saltoecologico.es\\\/?s={search_term_string}\"},\"query-input\":{\"@type\":\"PropertyValueSpecification\",\"valueRequired\":true,\"valueName\":\"search_term_string\"}}],\"inLanguage\":\"es\"},{\"@type\":\"Organization\",\"@id\":\"https:\\\/\\\/saltoecologico.es\\\/#organization\",\"name\":\"Salto a la Transici\u00f3n Ecol\u00f3gica\",\"url\":\"https:\\\/\\\/saltoecologico.es\\\/\",\"logo\":{\"@type\":\"ImageObject\",\"inLanguage\":\"es\",\"@id\":\"https:\\\/\\\/saltoecologico.es\\\/#\\\/schema\\\/logo\\\/image\\\/\",\"url\":\"https:\\\/\\\/saltoecologico.es\\\/wp-content\\\/uploads\\\/2025\\\/04\\\/Logo-STE.jpg\",\"contentUrl\":\"https:\\\/\\\/saltoecologico.es\\\/wp-content\\\/uploads\\\/2025\\\/04\\\/Logo-STE.jpg\",\"width\":435,\"height\":435,\"caption\":\"Salto a la Transici\u00f3n Ecol\u00f3gica\"},\"image\":{\"@id\":\"https:\\\/\\\/saltoecologico.es\\\/#\\\/schema\\\/logo\\\/image\\\/\"},\"sameAs\":[\"https:\\\/\\\/www.facebook.com\\\/Saltotransicionecologica\"]},{\"@type\":\"Person\",\"@id\":\"https:\\\/\\\/saltoecologico.es\\\/#\\\/schema\\\/person\\\/7175eec4b3c123d86c675313c3a01a0b\",\"name\":\"admin\",\"image\":{\"@type\":\"ImageObject\",\"inLanguage\":\"es\",\"@id\":\"https:\\\/\\\/secure.gravatar.com\\\/avatar\\\/4c215dc57bbc7b2f2f470ac9bd197f3f112636a584e575a732d0206a2d9c9806?s=96&d=mm&r=g\",\"url\":\"https:\\\/\\\/secure.gravatar.com\\\/avatar\\\/4c215dc57bbc7b2f2f470ac9bd197f3f112636a584e575a732d0206a2d9c9806?s=96&d=mm&r=g\",\"contentUrl\":\"https:\\\/\\\/secure.gravatar.com\\\/avatar\\\/4c215dc57bbc7b2f2f470ac9bd197f3f112636a584e575a732d0206a2d9c9806?s=96&d=mm&r=g\",\"caption\":\"admin\"},\"sameAs\":[\"https:\\\/\\\/saltoecologico.es\"],\"url\":\"https:\\\/\\\/saltoecologico.es\\\/index.php\\\/author\\\/saltoecologico\\\/\"}]}<\/script>\n<!-- \/ Yoast SEO plugin. -->","yoast_head_json":{"title":"Centrales t\u00e9rmicas - Salto Ecol\u00f3gico","robots":{"index":"index","follow":"follow","max-snippet":"max-snippet:-1","max-image-preview":"max-image-preview:large","max-video-preview":"max-video-preview:-1"},"canonical":"https:\/\/saltoecologico.es\/index.php\/2022\/07\/13\/centrales-termicas\/","og_locale":"es_ES","og_type":"article","og_title":"Centrales t\u00e9rmicas - Salto Ecol\u00f3gico","og_description":"Pedro S\u00e1nchez tambi\u00e9n se opone a las centrales t\u00e9rmicas en Canarias. \u201cEstamos realizando una inversi\u00f3n sin precedentes para garantizar que Canarias y Baleares sean territorios plenamente descarbonizados. Estamos destinando 700 millones de euros del Plan de Recuperaci\u00f3n de Europa para el programa \u2018Islas 100% renovables\u2019. 100 por cien renovables. No nuclear y no centrales t\u00e9rmicas\u201d. [&hellip;]","og_url":"https:\/\/saltoecologico.es\/index.php\/2022\/07\/13\/centrales-termicas\/","og_site_name":"Salto Ecol\u00f3gico","article_publisher":"https:\/\/www.facebook.com\/Saltotransicionecologica","article_published_time":"2022-07-13T11:52:00+00:00","article_modified_time":"2025-04-13T11:53:36+00:00","og_image":[{"width":1024,"height":683,"url":"https:\/\/saltoecologico.es\/wp-content\/uploads\/2025\/04\/GNL3.jpg","type":"image\/jpeg"}],"author":"admin","twitter_card":"summary_large_image","twitter_misc":{"Escrito por":"admin","Tiempo de lectura":"3 minutos"},"schema":{"@context":"https:\/\/schema.org","@graph":[{"@type":"Article","@id":"https:\/\/saltoecologico.es\/index.php\/2022\/07\/13\/centrales-termicas\/#article","isPartOf":{"@id":"https:\/\/saltoecologico.es\/index.php\/2022\/07\/13\/centrales-termicas\/"},"author":{"name":"admin","@id":"https:\/\/saltoecologico.es\/#\/schema\/person\/7175eec4b3c123d86c675313c3a01a0b"},"headline":"Centrales t\u00e9rmicas","datePublished":"2022-07-13T11:52:00+00:00","dateModified":"2025-04-13T11:53:36+00:00","mainEntityOfPage":{"@id":"https:\/\/saltoecologico.es\/index.php\/2022\/07\/13\/centrales-termicas\/"},"wordCount":532,"commentCount":0,"publisher":{"@id":"https:\/\/saltoecologico.es\/#organization"},"image":{"@id":"https:\/\/saltoecologico.es\/index.php\/2022\/07\/13\/centrales-termicas\/#primaryimage"},"thumbnailUrl":"https:\/\/saltoecologico.es\/wp-content\/uploads\/2025\/04\/GNL3.jpg","articleSection":["T_Varios","Transici\u00f3n"],"inLanguage":"es","potentialAction":[{"@type":"CommentAction","name":"Comment","target":["https:\/\/saltoecologico.es\/index.php\/2022\/07\/13\/centrales-termicas\/#respond"]}]},{"@type":"WebPage","@id":"https:\/\/saltoecologico.es\/index.php\/2022\/07\/13\/centrales-termicas\/","url":"https:\/\/saltoecologico.es\/index.php\/2022\/07\/13\/centrales-termicas\/","name":"Centrales t\u00e9rmicas - Salto Ecol\u00f3gico","isPartOf":{"@id":"https:\/\/saltoecologico.es\/#website"},"primaryImageOfPage":{"@id":"https:\/\/saltoecologico.es\/index.php\/2022\/07\/13\/centrales-termicas\/#primaryimage"},"image":{"@id":"https:\/\/saltoecologico.es\/index.php\/2022\/07\/13\/centrales-termicas\/#primaryimage"},"thumbnailUrl":"https:\/\/saltoecologico.es\/wp-content\/uploads\/2025\/04\/GNL3.jpg","datePublished":"2022-07-13T11:52:00+00:00","dateModified":"2025-04-13T11:53:36+00:00","breadcrumb":{"@id":"https:\/\/saltoecologico.es\/index.php\/2022\/07\/13\/centrales-termicas\/#breadcrumb"},"inLanguage":"es","potentialAction":[{"@type":"ReadAction","target":["https:\/\/saltoecologico.es\/index.php\/2022\/07\/13\/centrales-termicas\/"]}]},{"@type":"ImageObject","inLanguage":"es","@id":"https:\/\/saltoecologico.es\/index.php\/2022\/07\/13\/centrales-termicas\/#primaryimage","url":"https:\/\/saltoecologico.es\/wp-content\/uploads\/2025\/04\/GNL3.jpg","contentUrl":"https:\/\/saltoecologico.es\/wp-content\/uploads\/2025\/04\/GNL3.jpg","width":1024,"height":683,"caption":"Gas Processing Plant at night"},{"@type":"BreadcrumbList","@id":"https:\/\/saltoecologico.es\/index.php\/2022\/07\/13\/centrales-termicas\/#breadcrumb","itemListElement":[{"@type":"ListItem","position":1,"name":"Portada","item":"https:\/\/saltoecologico.es\/"},{"@type":"ListItem","position":2,"name":"Centrales t\u00e9rmicas"}]},{"@type":"WebSite","@id":"https:\/\/saltoecologico.es\/#website","url":"https:\/\/saltoecologico.es\/","name":"Salto Ecol\u00f3gico","description":"","publisher":{"@id":"https:\/\/saltoecologico.es\/#organization"},"potentialAction":[{"@type":"SearchAction","target":{"@type":"EntryPoint","urlTemplate":"https:\/\/saltoecologico.es\/?s={search_term_string}"},"query-input":{"@type":"PropertyValueSpecification","valueRequired":true,"valueName":"search_term_string"}}],"inLanguage":"es"},{"@type":"Organization","@id":"https:\/\/saltoecologico.es\/#organization","name":"Salto a la Transici\u00f3n Ecol\u00f3gica","url":"https:\/\/saltoecologico.es\/","logo":{"@type":"ImageObject","inLanguage":"es","@id":"https:\/\/saltoecologico.es\/#\/schema\/logo\/image\/","url":"https:\/\/saltoecologico.es\/wp-content\/uploads\/2025\/04\/Logo-STE.jpg","contentUrl":"https:\/\/saltoecologico.es\/wp-content\/uploads\/2025\/04\/Logo-STE.jpg","width":435,"height":435,"caption":"Salto a la Transici\u00f3n Ecol\u00f3gica"},"image":{"@id":"https:\/\/saltoecologico.es\/#\/schema\/logo\/image\/"},"sameAs":["https:\/\/www.facebook.com\/Saltotransicionecologica"]},{"@type":"Person","@id":"https:\/\/saltoecologico.es\/#\/schema\/person\/7175eec4b3c123d86c675313c3a01a0b","name":"admin","image":{"@type":"ImageObject","inLanguage":"es","@id":"https:\/\/secure.gravatar.com\/avatar\/4c215dc57bbc7b2f2f470ac9bd197f3f112636a584e575a732d0206a2d9c9806?s=96&d=mm&r=g","url":"https:\/\/secure.gravatar.com\/avatar\/4c215dc57bbc7b2f2f470ac9bd197f3f112636a584e575a732d0206a2d9c9806?s=96&d=mm&r=g","contentUrl":"https:\/\/secure.gravatar.com\/avatar\/4c215dc57bbc7b2f2f470ac9bd197f3f112636a584e575a732d0206a2d9c9806?s=96&d=mm&r=g","caption":"admin"},"sameAs":["https:\/\/saltoecologico.es"],"url":"https:\/\/saltoecologico.es\/index.php\/author\/saltoecologico\/"}]}},"_links":{"self":[{"href":"https:\/\/saltoecologico.es\/index.php\/wp-json\/wp\/v2\/posts\/436","targetHints":{"allow":["GET"]}}],"collection":[{"href":"https:\/\/saltoecologico.es\/index.php\/wp-json\/wp\/v2\/posts"}],"about":[{"href":"https:\/\/saltoecologico.es\/index.php\/wp-json\/wp\/v2\/types\/post"}],"author":[{"embeddable":true,"href":"https:\/\/saltoecologico.es\/index.php\/wp-json\/wp\/v2\/users\/1"}],"replies":[{"embeddable":true,"href":"https:\/\/saltoecologico.es\/index.php\/wp-json\/wp\/v2\/comments?post=436"}],"version-history":[{"count":1,"href":"https:\/\/saltoecologico.es\/index.php\/wp-json\/wp\/v2\/posts\/436\/revisions"}],"predecessor-version":[{"id":438,"href":"https:\/\/saltoecologico.es\/index.php\/wp-json\/wp\/v2\/posts\/436\/revisions\/438"}],"wp:featuredmedia":[{"embeddable":true,"href":"https:\/\/saltoecologico.es\/index.php\/wp-json\/wp\/v2\/media\/437"}],"wp:attachment":[{"href":"https:\/\/saltoecologico.es\/index.php\/wp-json\/wp\/v2\/media?parent=436"}],"wp:term":[{"taxonomy":"category","embeddable":true,"href":"https:\/\/saltoecologico.es\/index.php\/wp-json\/wp\/v2\/categories?post=436"},{"taxonomy":"post_tag","embeddable":true,"href":"https:\/\/saltoecologico.es\/index.php\/wp-json\/wp\/v2\/tags?post=436"}],"curies":[{"name":"wp","href":"https:\/\/api.w.org\/{rel}","templated":true}]}}