{"id":440,"date":"2022-07-15T16:00:00","date_gmt":"2022-07-15T16:00:00","guid":{"rendered":"https:\/\/saltoecologico.es\/?p=440"},"modified":"2025-04-13T16:01:10","modified_gmt":"2025-04-13T16:01:10","slug":"endesa-x-way","status":"publish","type":"post","link":"https:\/\/saltoecologico.es\/index.php\/2022\/07\/15\/endesa-x-way\/","title":{"rendered":"Endesa X Way"},"content":{"rendered":"\n<p class=\"wp-block-paragraph\"><strong>Endesa X Way<\/strong> es la nueva marca de Endesa dedicada exclusivamente a la <strong>movilidad el\u00e9ctrica<\/strong> y que ha lanzado <strong>a bombo y platillo en muchos medios del pa\u00eds<\/strong>. Como explicaci\u00f3n del nacimiento de esta entidad <strong>se recurre a los motivos medioambientales<\/strong> y a la <strong>reducci\u00f3n de gases de efecto invernadero<\/strong> que el aumento del uso del coche el\u00e9ctrico traer\u00e1 consigo.<\/p>\n\n\n\n<p class=\"wp-block-paragraph\">Es evidente <strong>las bondades que la electrificaci\u00f3n de la flota de veh\u00edculos particulares traer\u00eda consigo en el entorno adecuado<\/strong>. Pero no deja de ser llamativo que <strong>la empresa que tiene algunas de las centrales m\u00e1s contaminantes del pa\u00eds<\/strong> haga alusi\u00f3n a los aspectos del medio ambiente, <strong>sin que haya algo m\u00e1s detr\u00e1s de todo esto<\/strong>.<\/p>\n\n\n\n<p class=\"wp-block-paragraph\">Vaya por delante que en nuestra valoraci\u00f3n no entran cuestiones de si se hace intencionadamente o no, solo decimos que <strong>la penetraci\u00f3n del veh\u00edculo el\u00e9ctrico, en la situaci\u00f3n actual, reporta ping\u00fces beneficios para el negocio de generaci\u00f3n de la filial de Endesa en las islas, denominada Unelco Generaci\u00f3n SAU<\/strong>.<\/p>\n\n\n\n<p class=\"wp-block-paragraph\">Los <strong>combustibles fundamentales de la generaci\u00f3n en las islas, hoy por hoy, tienen una procedencia f\u00f3sil<\/strong>, por lo que <strong>nuestras centrales est\u00e1n entre las m\u00e1s contaminantes del panorama espa\u00f1ol<\/strong>. La <strong>penetraci\u00f3n masiva del veh\u00edculo el\u00e9ctrico llevar\u00e1 aparejado un aumento de la generaci\u00f3n<\/strong>, que, pensando en el parque entero, <strong>podr\u00eda estar en el entorno del 60% seg\u00fan datos del ITC<\/strong>. Este 60% tambi\u00e9n ser\u00eda <strong>de aumento en las emisiones de gases de efecto invernadero<\/strong>, que, aunque <strong>menor a lo que actualmente emite la flota de los veh\u00edculos de gasoil y gasolina<\/strong> por efectos de la econom\u00eda de escalas, <strong>no deja de ser un aumento considerable<\/strong>.<\/p>\n\n\n\n<p class=\"wp-block-paragraph\"><strong>\u00bfPero en qu\u00e9 beneficia esto a Unelco Generaci\u00f3n?<\/strong><\/p>\n\n\n\n<p class=\"wp-block-paragraph\">Los sistemas el\u00e9ctricos se basan en una <strong>demanda cambiante<\/strong>, que suele tener <strong>picos al mediod\u00eda y a primeras horas de la noche para caer en valles en la madrugada<\/strong>. Esta demanda cambiante se resuelve mediante <strong>una generaci\u00f3n que se va adaptando a estas variaciones<\/strong>, mediante <strong>el arranque de m\u00e1s m\u00e1quinas en las puntas y de menos en los valles<\/strong>. Si se consiguiera <strong>aumentar la demanda en los valles<\/strong>, de tal forma que <strong>se aplanara la curva total<\/strong>, el n\u00famero de m\u00e1quinas arrancadas ser\u00eda homog\u00e9neo o, dicho de otra forma, <strong>se tendr\u00edan que parar menos m\u00e1quinas y el rendimiento de estas se multiplicar\u00eda<\/strong>.<\/p>\n\n\n\n<p class=\"wp-block-paragraph\"><strong>\u00bfD\u00f3nde se consigue una demanda que fundamentalmente apareciera en las madrugadas?<\/strong> Pues evidentemente en la <strong>recarga de los veh\u00edculos el\u00e9ctricos que se va a producir entre las 22:00 y las 06:00<\/strong>, justamente <strong>cuando interesa para no ser necesario parar las m\u00e1quinas<\/strong>.<\/p>\n\n\n\n<p class=\"wp-block-paragraph\"><strong>Repetimos que no sabemos si esto ha sido premeditado<\/strong>, pero <strong>conseguir que con las mismas m\u00e1quinas se aumente el rendimiento un 60%<\/strong>, <strong>no deja de ser una casualidad muy afortunada para los propietarios de esas m\u00e1quinas<\/strong>.<\/p>\n\n\n\n<hr class=\"wp-block-separator has-alpha-channel-opacity\"\/>\n\n\n\n<p class=\"wp-block-paragraph\"><\/p>\n","protected":false},"excerpt":{"rendered":"<p>Endesa X Way es la nueva marca de Endesa dedicada exclusivamente a la movilidad el\u00e9ctrica y que ha lanzado a bombo y platillo en muchos medios del pa\u00eds. Como explicaci\u00f3n del nacimiento de esta entidad se recurre a los motivos medioambientales y a la reducci\u00f3n de gases de efecto invernadero que el aumento del uso [&hellip;]<\/p>\n","protected":false},"author":1,"featured_media":441,"comment_status":"open","ping_status":"open","sticky":false,"template":"","format":"standard","meta":{"footnotes":""},"categories":[50,30],"tags":[],"class_list":["post-440","post","type-post","status-publish","format-standard","has-post-thumbnail","category-t_vehiculo-electrico","category-transicion"],"yoast_head":"<!-- This site is optimized with the Yoast SEO plugin v28.2 - https:\/\/yoast.com\/product\/yoast-seo-wordpress\/ -->\n<title>Endesa X Way - Salto Ecol\u00f3gico<\/title>\n<meta name=\"robots\" content=\"index, follow, max-snippet:-1, max-image-preview:large, max-video-preview:-1\" \/>\n<link rel=\"canonical\" href=\"https:\/\/saltoecologico.es\/index.php\/2022\/07\/15\/endesa-x-way\/\" \/>\n<meta property=\"og:locale\" content=\"es_ES\" \/>\n<meta property=\"og:type\" content=\"article\" \/>\n<meta property=\"og:title\" content=\"Endesa X Way - Salto Ecol\u00f3gico\" \/>\n<meta property=\"og:description\" content=\"Endesa X Way es la nueva marca de Endesa dedicada exclusivamente a la movilidad el\u00e9ctrica y que ha lanzado a bombo y platillo en muchos medios del pa\u00eds. Como explicaci\u00f3n del nacimiento de esta entidad se recurre a los motivos medioambientales y a la reducci\u00f3n de gases de efecto invernadero que el aumento del uso [&hellip;]\" \/>\n<meta property=\"og:url\" content=\"https:\/\/saltoecologico.es\/index.php\/2022\/07\/15\/endesa-x-way\/\" \/>\n<meta property=\"og:site_name\" content=\"Salto Ecol\u00f3gico\" \/>\n<meta property=\"article:publisher\" content=\"https:\/\/www.facebook.com\/Saltotransicionecologica\" \/>\n<meta property=\"article:published_time\" content=\"2022-07-15T16:00:00+00:00\" \/>\n<meta property=\"article:modified_time\" content=\"2025-04-13T16:01:10+00:00\" \/>\n<meta property=\"og:image\" content=\"https:\/\/saltoecologico.es\/wp-content\/uploads\/2025\/04\/Vehiculo-2.jpg\" \/>\n\t<meta property=\"og:image:width\" content=\"1024\" \/>\n\t<meta property=\"og:image:height\" content=\"683\" \/>\n\t<meta property=\"og:image:type\" content=\"image\/jpeg\" \/>\n<meta name=\"author\" content=\"admin\" \/>\n<meta name=\"twitter:card\" content=\"summary_large_image\" \/>\n<meta name=\"twitter:label1\" content=\"Escrito por\" \/>\n\t<meta name=\"twitter:data1\" content=\"admin\" \/>\n\t<meta name=\"twitter:label2\" content=\"Tiempo de lectura\" \/>\n\t<meta name=\"twitter:data2\" content=\"3 minutos\" \/>\n<script type=\"application\/ld+json\" class=\"yoast-schema-graph\">{\"@context\":\"https:\\\/\\\/schema.org\",\"@graph\":[{\"@type\":\"Article\",\"@id\":\"https:\\\/\\\/saltoecologico.es\\\/index.php\\\/2022\\\/07\\\/15\\\/endesa-x-way\\\/#article\",\"isPartOf\":{\"@id\":\"https:\\\/\\\/saltoecologico.es\\\/index.php\\\/2022\\\/07\\\/15\\\/endesa-x-way\\\/\"},\"author\":{\"name\":\"admin\",\"@id\":\"https:\\\/\\\/saltoecologico.es\\\/#\\\/schema\\\/person\\\/7175eec4b3c123d86c675313c3a01a0b\"},\"headline\":\"Endesa X Way\",\"datePublished\":\"2022-07-15T16:00:00+00:00\",\"dateModified\":\"2025-04-13T16:01:10+00:00\",\"mainEntityOfPage\":{\"@id\":\"https:\\\/\\\/saltoecologico.es\\\/index.php\\\/2022\\\/07\\\/15\\\/endesa-x-way\\\/\"},\"wordCount\":508,\"commentCount\":0,\"publisher\":{\"@id\":\"https:\\\/\\\/saltoecologico.es\\\/#organization\"},\"image\":{\"@id\":\"https:\\\/\\\/saltoecologico.es\\\/index.php\\\/2022\\\/07\\\/15\\\/endesa-x-way\\\/#primaryimage\"},\"thumbnailUrl\":\"https:\\\/\\\/saltoecologico.es\\\/wp-content\\\/uploads\\\/2025\\\/04\\\/Vehiculo-2.jpg\",\"articleSection\":[\"T_Veh\u00edculo el\u00e9ctrico\",\"Transici\u00f3n\"],\"inLanguage\":\"es\",\"potentialAction\":[{\"@type\":\"CommentAction\",\"name\":\"Comment\",\"target\":[\"https:\\\/\\\/saltoecologico.es\\\/index.php\\\/2022\\\/07\\\/15\\\/endesa-x-way\\\/#respond\"]}]},{\"@type\":\"WebPage\",\"@id\":\"https:\\\/\\\/saltoecologico.es\\\/index.php\\\/2022\\\/07\\\/15\\\/endesa-x-way\\\/\",\"url\":\"https:\\\/\\\/saltoecologico.es\\\/index.php\\\/2022\\\/07\\\/15\\\/endesa-x-way\\\/\",\"name\":\"Endesa X Way - Salto Ecol\u00f3gico\",\"isPartOf\":{\"@id\":\"https:\\\/\\\/saltoecologico.es\\\/#website\"},\"primaryImageOfPage\":{\"@id\":\"https:\\\/\\\/saltoecologico.es\\\/index.php\\\/2022\\\/07\\\/15\\\/endesa-x-way\\\/#primaryimage\"},\"image\":{\"@id\":\"https:\\\/\\\/saltoecologico.es\\\/index.php\\\/2022\\\/07\\\/15\\\/endesa-x-way\\\/#primaryimage\"},\"thumbnailUrl\":\"https:\\\/\\\/saltoecologico.es\\\/wp-content\\\/uploads\\\/2025\\\/04\\\/Vehiculo-2.jpg\",\"datePublished\":\"2022-07-15T16:00:00+00:00\",\"dateModified\":\"2025-04-13T16:01:10+00:00\",\"breadcrumb\":{\"@id\":\"https:\\\/\\\/saltoecologico.es\\\/index.php\\\/2022\\\/07\\\/15\\\/endesa-x-way\\\/#breadcrumb\"},\"inLanguage\":\"es\",\"potentialAction\":[{\"@type\":\"ReadAction\",\"target\":[\"https:\\\/\\\/saltoecologico.es\\\/index.php\\\/2022\\\/07\\\/15\\\/endesa-x-way\\\/\"]}]},{\"@type\":\"ImageObject\",\"inLanguage\":\"es\",\"@id\":\"https:\\\/\\\/saltoecologico.es\\\/index.php\\\/2022\\\/07\\\/15\\\/endesa-x-way\\\/#primaryimage\",\"url\":\"https:\\\/\\\/saltoecologico.es\\\/wp-content\\\/uploads\\\/2025\\\/04\\\/Vehiculo-2.jpg\",\"contentUrl\":\"https:\\\/\\\/saltoecologico.es\\\/wp-content\\\/uploads\\\/2025\\\/04\\\/Vehiculo-2.jpg\",\"width\":1024,\"height\":683,\"caption\":\"Beautiful caucasian woman in formal wear using modern smartphone while charging white lectro car at station. Concept of sustainable and economic transportation.\"},{\"@type\":\"BreadcrumbList\",\"@id\":\"https:\\\/\\\/saltoecologico.es\\\/index.php\\\/2022\\\/07\\\/15\\\/endesa-x-way\\\/#breadcrumb\",\"itemListElement\":[{\"@type\":\"ListItem\",\"position\":1,\"name\":\"Portada\",\"item\":\"https:\\\/\\\/saltoecologico.es\\\/\"},{\"@type\":\"ListItem\",\"position\":2,\"name\":\"Endesa X Way\"}]},{\"@type\":\"WebSite\",\"@id\":\"https:\\\/\\\/saltoecologico.es\\\/#website\",\"url\":\"https:\\\/\\\/saltoecologico.es\\\/\",\"name\":\"Salto Ecol\u00f3gico\",\"description\":\"\",\"publisher\":{\"@id\":\"https:\\\/\\\/saltoecologico.es\\\/#organization\"},\"potentialAction\":[{\"@type\":\"SearchAction\",\"target\":{\"@type\":\"EntryPoint\",\"urlTemplate\":\"https:\\\/\\\/saltoecologico.es\\\/?s={search_term_string}\"},\"query-input\":{\"@type\":\"PropertyValueSpecification\",\"valueRequired\":true,\"valueName\":\"search_term_string\"}}],\"inLanguage\":\"es\"},{\"@type\":\"Organization\",\"@id\":\"https:\\\/\\\/saltoecologico.es\\\/#organization\",\"name\":\"Salto a la Transici\u00f3n Ecol\u00f3gica\",\"url\":\"https:\\\/\\\/saltoecologico.es\\\/\",\"logo\":{\"@type\":\"ImageObject\",\"inLanguage\":\"es\",\"@id\":\"https:\\\/\\\/saltoecologico.es\\\/#\\\/schema\\\/logo\\\/image\\\/\",\"url\":\"https:\\\/\\\/saltoecologico.es\\\/wp-content\\\/uploads\\\/2025\\\/04\\\/Logo-STE.jpg\",\"contentUrl\":\"https:\\\/\\\/saltoecologico.es\\\/wp-content\\\/uploads\\\/2025\\\/04\\\/Logo-STE.jpg\",\"width\":435,\"height\":435,\"caption\":\"Salto a la Transici\u00f3n Ecol\u00f3gica\"},\"image\":{\"@id\":\"https:\\\/\\\/saltoecologico.es\\\/#\\\/schema\\\/logo\\\/image\\\/\"},\"sameAs\":[\"https:\\\/\\\/www.facebook.com\\\/Saltotransicionecologica\"]},{\"@type\":\"Person\",\"@id\":\"https:\\\/\\\/saltoecologico.es\\\/#\\\/schema\\\/person\\\/7175eec4b3c123d86c675313c3a01a0b\",\"name\":\"admin\",\"image\":{\"@type\":\"ImageObject\",\"inLanguage\":\"es\",\"@id\":\"https:\\\/\\\/secure.gravatar.com\\\/avatar\\\/4c215dc57bbc7b2f2f470ac9bd197f3f112636a584e575a732d0206a2d9c9806?s=96&d=mm&r=g\",\"url\":\"https:\\\/\\\/secure.gravatar.com\\\/avatar\\\/4c215dc57bbc7b2f2f470ac9bd197f3f112636a584e575a732d0206a2d9c9806?s=96&d=mm&r=g\",\"contentUrl\":\"https:\\\/\\\/secure.gravatar.com\\\/avatar\\\/4c215dc57bbc7b2f2f470ac9bd197f3f112636a584e575a732d0206a2d9c9806?s=96&d=mm&r=g\",\"caption\":\"admin\"},\"sameAs\":[\"https:\\\/\\\/saltoecologico.es\"],\"url\":\"https:\\\/\\\/saltoecologico.es\\\/index.php\\\/author\\\/saltoecologico\\\/\"}]}<\/script>\n<!-- \/ Yoast SEO plugin. -->","yoast_head_json":{"title":"Endesa X Way - Salto Ecol\u00f3gico","robots":{"index":"index","follow":"follow","max-snippet":"max-snippet:-1","max-image-preview":"max-image-preview:large","max-video-preview":"max-video-preview:-1"},"canonical":"https:\/\/saltoecologico.es\/index.php\/2022\/07\/15\/endesa-x-way\/","og_locale":"es_ES","og_type":"article","og_title":"Endesa X Way - Salto Ecol\u00f3gico","og_description":"Endesa X Way es la nueva marca de Endesa dedicada exclusivamente a la movilidad el\u00e9ctrica y que ha lanzado a bombo y platillo en muchos medios del pa\u00eds. Como explicaci\u00f3n del nacimiento de esta entidad se recurre a los motivos medioambientales y a la reducci\u00f3n de gases de efecto invernadero que el aumento del uso [&hellip;]","og_url":"https:\/\/saltoecologico.es\/index.php\/2022\/07\/15\/endesa-x-way\/","og_site_name":"Salto Ecol\u00f3gico","article_publisher":"https:\/\/www.facebook.com\/Saltotransicionecologica","article_published_time":"2022-07-15T16:00:00+00:00","article_modified_time":"2025-04-13T16:01:10+00:00","og_image":[{"width":1024,"height":683,"url":"https:\/\/saltoecologico.es\/wp-content\/uploads\/2025\/04\/Vehiculo-2.jpg","type":"image\/jpeg"}],"author":"admin","twitter_card":"summary_large_image","twitter_misc":{"Escrito por":"admin","Tiempo de lectura":"3 minutos"},"schema":{"@context":"https:\/\/schema.org","@graph":[{"@type":"Article","@id":"https:\/\/saltoecologico.es\/index.php\/2022\/07\/15\/endesa-x-way\/#article","isPartOf":{"@id":"https:\/\/saltoecologico.es\/index.php\/2022\/07\/15\/endesa-x-way\/"},"author":{"name":"admin","@id":"https:\/\/saltoecologico.es\/#\/schema\/person\/7175eec4b3c123d86c675313c3a01a0b"},"headline":"Endesa X Way","datePublished":"2022-07-15T16:00:00+00:00","dateModified":"2025-04-13T16:01:10+00:00","mainEntityOfPage":{"@id":"https:\/\/saltoecologico.es\/index.php\/2022\/07\/15\/endesa-x-way\/"},"wordCount":508,"commentCount":0,"publisher":{"@id":"https:\/\/saltoecologico.es\/#organization"},"image":{"@id":"https:\/\/saltoecologico.es\/index.php\/2022\/07\/15\/endesa-x-way\/#primaryimage"},"thumbnailUrl":"https:\/\/saltoecologico.es\/wp-content\/uploads\/2025\/04\/Vehiculo-2.jpg","articleSection":["T_Veh\u00edculo el\u00e9ctrico","Transici\u00f3n"],"inLanguage":"es","potentialAction":[{"@type":"CommentAction","name":"Comment","target":["https:\/\/saltoecologico.es\/index.php\/2022\/07\/15\/endesa-x-way\/#respond"]}]},{"@type":"WebPage","@id":"https:\/\/saltoecologico.es\/index.php\/2022\/07\/15\/endesa-x-way\/","url":"https:\/\/saltoecologico.es\/index.php\/2022\/07\/15\/endesa-x-way\/","name":"Endesa X Way - Salto Ecol\u00f3gico","isPartOf":{"@id":"https:\/\/saltoecologico.es\/#website"},"primaryImageOfPage":{"@id":"https:\/\/saltoecologico.es\/index.php\/2022\/07\/15\/endesa-x-way\/#primaryimage"},"image":{"@id":"https:\/\/saltoecologico.es\/index.php\/2022\/07\/15\/endesa-x-way\/#primaryimage"},"thumbnailUrl":"https:\/\/saltoecologico.es\/wp-content\/uploads\/2025\/04\/Vehiculo-2.jpg","datePublished":"2022-07-15T16:00:00+00:00","dateModified":"2025-04-13T16:01:10+00:00","breadcrumb":{"@id":"https:\/\/saltoecologico.es\/index.php\/2022\/07\/15\/endesa-x-way\/#breadcrumb"},"inLanguage":"es","potentialAction":[{"@type":"ReadAction","target":["https:\/\/saltoecologico.es\/index.php\/2022\/07\/15\/endesa-x-way\/"]}]},{"@type":"ImageObject","inLanguage":"es","@id":"https:\/\/saltoecologico.es\/index.php\/2022\/07\/15\/endesa-x-way\/#primaryimage","url":"https:\/\/saltoecologico.es\/wp-content\/uploads\/2025\/04\/Vehiculo-2.jpg","contentUrl":"https:\/\/saltoecologico.es\/wp-content\/uploads\/2025\/04\/Vehiculo-2.jpg","width":1024,"height":683,"caption":"Beautiful caucasian woman in formal wear using modern smartphone while charging white lectro car at station. Concept of sustainable and economic transportation."},{"@type":"BreadcrumbList","@id":"https:\/\/saltoecologico.es\/index.php\/2022\/07\/15\/endesa-x-way\/#breadcrumb","itemListElement":[{"@type":"ListItem","position":1,"name":"Portada","item":"https:\/\/saltoecologico.es\/"},{"@type":"ListItem","position":2,"name":"Endesa X Way"}]},{"@type":"WebSite","@id":"https:\/\/saltoecologico.es\/#website","url":"https:\/\/saltoecologico.es\/","name":"Salto Ecol\u00f3gico","description":"","publisher":{"@id":"https:\/\/saltoecologico.es\/#organization"},"potentialAction":[{"@type":"SearchAction","target":{"@type":"EntryPoint","urlTemplate":"https:\/\/saltoecologico.es\/?s={search_term_string}"},"query-input":{"@type":"PropertyValueSpecification","valueRequired":true,"valueName":"search_term_string"}}],"inLanguage":"es"},{"@type":"Organization","@id":"https:\/\/saltoecologico.es\/#organization","name":"Salto a la Transici\u00f3n Ecol\u00f3gica","url":"https:\/\/saltoecologico.es\/","logo":{"@type":"ImageObject","inLanguage":"es","@id":"https:\/\/saltoecologico.es\/#\/schema\/logo\/image\/","url":"https:\/\/saltoecologico.es\/wp-content\/uploads\/2025\/04\/Logo-STE.jpg","contentUrl":"https:\/\/saltoecologico.es\/wp-content\/uploads\/2025\/04\/Logo-STE.jpg","width":435,"height":435,"caption":"Salto a la Transici\u00f3n Ecol\u00f3gica"},"image":{"@id":"https:\/\/saltoecologico.es\/#\/schema\/logo\/image\/"},"sameAs":["https:\/\/www.facebook.com\/Saltotransicionecologica"]},{"@type":"Person","@id":"https:\/\/saltoecologico.es\/#\/schema\/person\/7175eec4b3c123d86c675313c3a01a0b","name":"admin","image":{"@type":"ImageObject","inLanguage":"es","@id":"https:\/\/secure.gravatar.com\/avatar\/4c215dc57bbc7b2f2f470ac9bd197f3f112636a584e575a732d0206a2d9c9806?s=96&d=mm&r=g","url":"https:\/\/secure.gravatar.com\/avatar\/4c215dc57bbc7b2f2f470ac9bd197f3f112636a584e575a732d0206a2d9c9806?s=96&d=mm&r=g","contentUrl":"https:\/\/secure.gravatar.com\/avatar\/4c215dc57bbc7b2f2f470ac9bd197f3f112636a584e575a732d0206a2d9c9806?s=96&d=mm&r=g","caption":"admin"},"sameAs":["https:\/\/saltoecologico.es"],"url":"https:\/\/saltoecologico.es\/index.php\/author\/saltoecologico\/"}]}},"_links":{"self":[{"href":"https:\/\/saltoecologico.es\/index.php\/wp-json\/wp\/v2\/posts\/440","targetHints":{"allow":["GET"]}}],"collection":[{"href":"https:\/\/saltoecologico.es\/index.php\/wp-json\/wp\/v2\/posts"}],"about":[{"href":"https:\/\/saltoecologico.es\/index.php\/wp-json\/wp\/v2\/types\/post"}],"author":[{"embeddable":true,"href":"https:\/\/saltoecologico.es\/index.php\/wp-json\/wp\/v2\/users\/1"}],"replies":[{"embeddable":true,"href":"https:\/\/saltoecologico.es\/index.php\/wp-json\/wp\/v2\/comments?post=440"}],"version-history":[{"count":1,"href":"https:\/\/saltoecologico.es\/index.php\/wp-json\/wp\/v2\/posts\/440\/revisions"}],"predecessor-version":[{"id":442,"href":"https:\/\/saltoecologico.es\/index.php\/wp-json\/wp\/v2\/posts\/440\/revisions\/442"}],"wp:featuredmedia":[{"embeddable":true,"href":"https:\/\/saltoecologico.es\/index.php\/wp-json\/wp\/v2\/media\/441"}],"wp:attachment":[{"href":"https:\/\/saltoecologico.es\/index.php\/wp-json\/wp\/v2\/media?parent=440"}],"wp:term":[{"taxonomy":"category","embeddable":true,"href":"https:\/\/saltoecologico.es\/index.php\/wp-json\/wp\/v2\/categories?post=440"},{"taxonomy":"post_tag","embeddable":true,"href":"https:\/\/saltoecologico.es\/index.php\/wp-json\/wp\/v2\/tags?post=440"}],"curies":[{"name":"wp","href":"https:\/\/api.w.org\/{rel}","templated":true}]}}