{"id":446,"date":"2022-07-23T16:09:00","date_gmt":"2022-07-23T16:09:00","guid":{"rendered":"https:\/\/saltoecologico.es\/?p=446"},"modified":"2025-04-13T16:10:21","modified_gmt":"2025-04-13T16:10:21","slug":"ben-magec","status":"publish","type":"post","link":"https:\/\/saltoecologico.es\/index.php\/2022\/07\/23\/ben-magec\/","title":{"rendered":"Ben Magec"},"content":{"rendered":"\n<p class=\"wp-block-paragraph\">Desde <strong>Salto a la Transici\u00f3n Ecol\u00f3gica<\/strong> queremos mostrar nuestro apoyo a las declaraciones de la <strong>Federaci\u00f3n Ecologista Ben Magec<\/strong> en el sentido de <strong>rechazar de forma tajante la instalaci\u00f3n de una planta de gas en el puerto de La Luz<\/strong> y consideramos <strong>desacertadas la r\u00e9plica dada por el presidente de la Autoridad Portuaria de Las Palmas, Don Luis Ibarra<\/strong>.<\/p>\n\n\n\n<p class=\"wp-block-paragraph\">Seg\u00fan las informaciones que tenemos, <strong>Totisa Holdings, S.A.U.<\/strong> hab\u00eda solicitado a la <strong>Autoridad Portuaria de Las Palmas concesi\u00f3n de dominio p\u00fablico portuario<\/strong> para ocupar una superficie de <strong>15.440,80 m\u00b2 en los rellenos de la D\u00e1rsena de La Esfinge<\/strong>, <strong>38.226 m\u00b2 de l\u00e1mina de agua<\/strong> en la misma zona y <strong>2.312 m\u00b2 de canalizaciones subterr\u00e1neas<\/strong> para la <strong>\u00abconstrucci\u00f3n y explotaci\u00f3n de una Planta de almacenamiento de gas natural licuado (GNL), regasificaci\u00f3n y producci\u00f3n de energ\u00eda\u00bb<\/strong>. La producci\u00f3n de energ\u00eda estar\u00eda a cargo de una <strong>turbina de gas de 70 MW<\/strong>, que seg\u00fan informa la propia empresa, <strong>estar\u00e1 destinada a cubrir las necesidades el\u00e9ctricas del propio puerto<\/strong>.<\/p>\n\n\n\n<p class=\"wp-block-paragraph\">En primer lugar, <strong>no creemos que los promotores de la iniciativa empresarial vayan a perder oportunidades de negocio<\/strong>, y <strong>dedicar la turbina de gas, mediante una isla energ\u00e9tica, \u00fanicamente a cubrir las necesidades del puerto, ser\u00eda una decisi\u00f3n muy poco eficiente desde el punto de vista econ\u00f3mico<\/strong>. En todo sistema el\u00e9ctrico, la <strong>demanda y la generaci\u00f3n tienen que ir al un\u00edsono<\/strong>, y por lo tanto, <strong>las variaciones de demanda del puerto tendr\u00edan que ser soportadas solamente por la turbina en cuesti\u00f3n<\/strong>, por lo que <strong>los recursos tanto t\u00e9cnicos como de personal se tendr\u00edan que incrementar<\/strong>. En cambio, <strong>si esa turbina funcionara permanentemente a su potencia nominal conectada a la red<\/strong>, no solo <strong>disminuir\u00edan los recursos<\/strong>, sino que adem\u00e1s <strong>se maximizar\u00eda la producci\u00f3n de energ\u00eda el\u00e9ctrica<\/strong> y por tanto <strong>sus ingresos econ\u00f3micos<\/strong>. Am\u00e9n de lo descrito, <strong>en caso de no conectarse a la red, se tendr\u00eda que articular toda una suerte de sistemas propios para contabilizar, facturar y cobrar la energ\u00eda generada<\/strong>.<\/p>\n\n\n\n<p class=\"wp-block-paragraph\">Por todo lo dicho, <strong>estamos convencidos de que la turbina se integrar\u00e1 dentro del sistema el\u00e9ctrico de Gran Canaria<\/strong>, pasar\u00e1 a ser <strong>operada por REE como un grupo m\u00e1s de generaci\u00f3n<\/strong> y <strong>las instalaciones del puerto, junto con los barcos que se atraquen, continuar\u00e1n abasteci\u00e9ndose de la red general de la isla como hasta ahora<\/strong>.<\/p>\n\n\n\n<p class=\"wp-block-paragraph\">En segundo lugar, <strong>para nada esta turbina de gas va a favorecer la penetraci\u00f3n de renovables<\/strong>, precisamente es <strong>todo lo contrario<\/strong>, <strong>atenta directamente contra las pretensiones del gobierno de Canarias de descarbonizar el archipi\u00e9lago en 2040<\/strong>. Al parecer Don Luis Ibarra <strong>desconoce que la vida \u00fatil regulatoria de algunas de las instalaciones de gas es de 50 a\u00f1os<\/strong>, por lo que <strong>si esta instalaci\u00f3n comienza a funcionar en 2023, sus promotores podr\u00e1n exigir que pueda continuar funcionando hasta el 2073<\/strong>. Pero es que si por alg\u00fan casual, alguna administraci\u00f3n quisiera saltarse este extremo, <strong>all\u00ed estar\u00eda el Tratado de la Carta de la Energ\u00eda<\/strong>, firmado por Espa\u00f1a y otros 52 pa\u00edses de Europa y Asia, que <strong>permitir\u00eda a cualquier inversor demandar al pa\u00eds si considera que se ha legislado en contra de sus intereses econ\u00f3micos<\/strong>. Sirva de ejemplo que <strong>Espa\u00f1a acumula 51 demandas por parte de fondos de inversi\u00f3n y empresas extranjeras<\/strong> que demandaron al pa\u00eds <strong>por el recorte a las renovables<\/strong>.<\/p>\n\n\n\n<p class=\"wp-block-paragraph\">Adem\u00e1s, <strong>la \u00fanica forma de aumentar la penetraci\u00f3n de renovables es aumentar el parque instalado de estas tecnolog\u00edas conjuntamente con la proporci\u00f3n adecuada de centrales hidroel\u00e9ctricas reversibles y la generaci\u00f3n de hidr\u00f3geno con los excedentes producidos<\/strong>. <strong>El hecho de mantener centrales t\u00e9rmicas en el sistema (aunque sean de gas) solo demora la penetraci\u00f3n de renovables<\/strong>, al <strong>condenarlas a un porcentaje de la generaci\u00f3n que haya en cada momento<\/strong>.<\/p>\n\n\n\n<p class=\"wp-block-paragraph\">Por \u00faltimo, <strong>diversos estudios ya han demostrado que el uso de GNL en los barcos es incluso m\u00e1s perjudicial para el medio ambiente que el propio fuel<\/strong>, al emitir a la atm\u00f3sfera <strong>ingentes cantidades de metano no combustionado<\/strong>, que es <strong>80 veces m\u00e1s perjudicial para el calentamiento global<\/strong>.<\/p>\n\n\n\n<p class=\"wp-block-paragraph\">En definitiva, <strong>total acierto de Ben Magec en sus planteamientos<\/strong> y <strong>desafortunada r\u00e9plica de la Autoridad Portuaria en boca de su presidente<\/strong>, ante las <strong>inexactitudes de sus declaraciones<\/strong> y <strong>la falta de fundamentos t\u00e9cnicos en que se soportan<\/strong>.<\/p>\n\n\n\n<hr class=\"wp-block-separator has-alpha-channel-opacity\"\/>\n\n\n\n<p class=\"wp-block-paragraph\"><\/p>\n","protected":false},"excerpt":{"rendered":"<p>Desde Salto a la Transici\u00f3n Ecol\u00f3gica queremos mostrar nuestro apoyo a las declaraciones de la Federaci\u00f3n Ecologista Ben Magec en el sentido de rechazar de forma tajante la instalaci\u00f3n de una planta de gas en el puerto de La Luz y consideramos desacertadas la r\u00e9plica dada por el presidente de la Autoridad Portuaria de Las [&hellip;]<\/p>\n","protected":false},"author":1,"featured_media":448,"comment_status":"open","ping_status":"open","sticky":false,"template":"","format":"standard","meta":{"footnotes":""},"categories":[49,33],"tags":[],"class_list":["post-446","post","type-post","status-publish","format-standard","has-post-thumbnail","category-g_totisa","category-gnl"],"yoast_head":"<!-- This site is optimized with the Yoast SEO plugin v28.2 - https:\/\/yoast.com\/product\/yoast-seo-wordpress\/ -->\n<title>Ben Magec - Salto Ecol\u00f3gico<\/title>\n<meta name=\"robots\" content=\"index, follow, max-snippet:-1, max-image-preview:large, max-video-preview:-1\" \/>\n<link rel=\"canonical\" href=\"https:\/\/saltoecologico.es\/index.php\/2022\/07\/23\/ben-magec\/\" \/>\n<meta property=\"og:locale\" content=\"es_ES\" \/>\n<meta property=\"og:type\" content=\"article\" \/>\n<meta property=\"og:title\" content=\"Ben Magec - Salto Ecol\u00f3gico\" \/>\n<meta property=\"og:description\" content=\"Desde Salto a la Transici\u00f3n Ecol\u00f3gica queremos mostrar nuestro apoyo a las declaraciones de la Federaci\u00f3n Ecologista Ben Magec en el sentido de rechazar de forma tajante la instalaci\u00f3n de una planta de gas en el puerto de La Luz y consideramos desacertadas la r\u00e9plica dada por el presidente de la Autoridad Portuaria de Las [&hellip;]\" \/>\n<meta property=\"og:url\" content=\"https:\/\/saltoecologico.es\/index.php\/2022\/07\/23\/ben-magec\/\" \/>\n<meta property=\"og:site_name\" content=\"Salto Ecol\u00f3gico\" \/>\n<meta property=\"article:publisher\" content=\"https:\/\/www.facebook.com\/Saltotransicionecologica\" \/>\n<meta property=\"article:published_time\" content=\"2022-07-23T16:09:00+00:00\" \/>\n<meta property=\"article:modified_time\" content=\"2025-04-13T16:10:21+00:00\" \/>\n<meta property=\"og:image\" content=\"https:\/\/saltoecologico.es\/wp-content\/uploads\/2025\/04\/GNL2.jpg\" \/>\n\t<meta property=\"og:image:width\" content=\"1024\" \/>\n\t<meta property=\"og:image:height\" content=\"575\" \/>\n\t<meta property=\"og:image:type\" content=\"image\/jpeg\" \/>\n<meta name=\"author\" content=\"admin\" \/>\n<meta name=\"twitter:card\" content=\"summary_large_image\" \/>\n<meta name=\"twitter:label1\" content=\"Escrito por\" \/>\n\t<meta name=\"twitter:data1\" content=\"admin\" \/>\n\t<meta name=\"twitter:label2\" content=\"Tiempo de lectura\" \/>\n\t<meta name=\"twitter:data2\" content=\"4 minutos\" \/>\n<script type=\"application\/ld+json\" class=\"yoast-schema-graph\">{\"@context\":\"https:\\\/\\\/schema.org\",\"@graph\":[{\"@type\":\"Article\",\"@id\":\"https:\\\/\\\/saltoecologico.es\\\/index.php\\\/2022\\\/07\\\/23\\\/ben-magec\\\/#article\",\"isPartOf\":{\"@id\":\"https:\\\/\\\/saltoecologico.es\\\/index.php\\\/2022\\\/07\\\/23\\\/ben-magec\\\/\"},\"author\":{\"name\":\"admin\",\"@id\":\"https:\\\/\\\/saltoecologico.es\\\/#\\\/schema\\\/person\\\/7175eec4b3c123d86c675313c3a01a0b\"},\"headline\":\"Ben Magec\",\"datePublished\":\"2022-07-23T16:09:00+00:00\",\"dateModified\":\"2025-04-13T16:10:21+00:00\",\"mainEntityOfPage\":{\"@id\":\"https:\\\/\\\/saltoecologico.es\\\/index.php\\\/2022\\\/07\\\/23\\\/ben-magec\\\/\"},\"wordCount\":768,\"commentCount\":0,\"publisher\":{\"@id\":\"https:\\\/\\\/saltoecologico.es\\\/#organization\"},\"image\":{\"@id\":\"https:\\\/\\\/saltoecologico.es\\\/index.php\\\/2022\\\/07\\\/23\\\/ben-magec\\\/#primaryimage\"},\"thumbnailUrl\":\"https:\\\/\\\/saltoecologico.es\\\/wp-content\\\/uploads\\\/2025\\\/04\\\/GNL2.jpg\",\"articleSection\":[\"G_Totisa\",\"GNL\"],\"inLanguage\":\"es\",\"potentialAction\":[{\"@type\":\"CommentAction\",\"name\":\"Comment\",\"target\":[\"https:\\\/\\\/saltoecologico.es\\\/index.php\\\/2022\\\/07\\\/23\\\/ben-magec\\\/#respond\"]}]},{\"@type\":\"WebPage\",\"@id\":\"https:\\\/\\\/saltoecologico.es\\\/index.php\\\/2022\\\/07\\\/23\\\/ben-magec\\\/\",\"url\":\"https:\\\/\\\/saltoecologico.es\\\/index.php\\\/2022\\\/07\\\/23\\\/ben-magec\\\/\",\"name\":\"Ben Magec - Salto Ecol\u00f3gico\",\"isPartOf\":{\"@id\":\"https:\\\/\\\/saltoecologico.es\\\/#website\"},\"primaryImageOfPage\":{\"@id\":\"https:\\\/\\\/saltoecologico.es\\\/index.php\\\/2022\\\/07\\\/23\\\/ben-magec\\\/#primaryimage\"},\"image\":{\"@id\":\"https:\\\/\\\/saltoecologico.es\\\/index.php\\\/2022\\\/07\\\/23\\\/ben-magec\\\/#primaryimage\"},\"thumbnailUrl\":\"https:\\\/\\\/saltoecologico.es\\\/wp-content\\\/uploads\\\/2025\\\/04\\\/GNL2.jpg\",\"datePublished\":\"2022-07-23T16:09:00+00:00\",\"dateModified\":\"2025-04-13T16:10:21+00:00\",\"breadcrumb\":{\"@id\":\"https:\\\/\\\/saltoecologico.es\\\/index.php\\\/2022\\\/07\\\/23\\\/ben-magec\\\/#breadcrumb\"},\"inLanguage\":\"es\",\"potentialAction\":[{\"@type\":\"ReadAction\",\"target\":[\"https:\\\/\\\/saltoecologico.es\\\/index.php\\\/2022\\\/07\\\/23\\\/ben-magec\\\/\"]}]},{\"@type\":\"ImageObject\",\"inLanguage\":\"es\",\"@id\":\"https:\\\/\\\/saltoecologico.es\\\/index.php\\\/2022\\\/07\\\/23\\\/ben-magec\\\/#primaryimage\",\"url\":\"https:\\\/\\\/saltoecologico.es\\\/wp-content\\\/uploads\\\/2025\\\/04\\\/GNL2.jpg\",\"contentUrl\":\"https:\\\/\\\/saltoecologico.es\\\/wp-content\\\/uploads\\\/2025\\\/04\\\/GNL2.jpg\",\"width\":1024,\"height\":575,\"caption\":\"LNG (Liquified Natural Gas) tanker anchored in Gas terminal gas tanks for storage. Oil Crude Gas Tanker Ship. LPG at Tanker Bay Petroleum Chemical or Methane freighter export import transportation and logistics\"},{\"@type\":\"BreadcrumbList\",\"@id\":\"https:\\\/\\\/saltoecologico.es\\\/index.php\\\/2022\\\/07\\\/23\\\/ben-magec\\\/#breadcrumb\",\"itemListElement\":[{\"@type\":\"ListItem\",\"position\":1,\"name\":\"Portada\",\"item\":\"https:\\\/\\\/saltoecologico.es\\\/\"},{\"@type\":\"ListItem\",\"position\":2,\"name\":\"Ben Magec\"}]},{\"@type\":\"WebSite\",\"@id\":\"https:\\\/\\\/saltoecologico.es\\\/#website\",\"url\":\"https:\\\/\\\/saltoecologico.es\\\/\",\"name\":\"Salto Ecol\u00f3gico\",\"description\":\"\",\"publisher\":{\"@id\":\"https:\\\/\\\/saltoecologico.es\\\/#organization\"},\"potentialAction\":[{\"@type\":\"SearchAction\",\"target\":{\"@type\":\"EntryPoint\",\"urlTemplate\":\"https:\\\/\\\/saltoecologico.es\\\/?s={search_term_string}\"},\"query-input\":{\"@type\":\"PropertyValueSpecification\",\"valueRequired\":true,\"valueName\":\"search_term_string\"}}],\"inLanguage\":\"es\"},{\"@type\":\"Organization\",\"@id\":\"https:\\\/\\\/saltoecologico.es\\\/#organization\",\"name\":\"Salto a la Transici\u00f3n Ecol\u00f3gica\",\"url\":\"https:\\\/\\\/saltoecologico.es\\\/\",\"logo\":{\"@type\":\"ImageObject\",\"inLanguage\":\"es\",\"@id\":\"https:\\\/\\\/saltoecologico.es\\\/#\\\/schema\\\/logo\\\/image\\\/\",\"url\":\"https:\\\/\\\/saltoecologico.es\\\/wp-content\\\/uploads\\\/2025\\\/04\\\/Logo-STE.jpg\",\"contentUrl\":\"https:\\\/\\\/saltoecologico.es\\\/wp-content\\\/uploads\\\/2025\\\/04\\\/Logo-STE.jpg\",\"width\":435,\"height\":435,\"caption\":\"Salto a la Transici\u00f3n Ecol\u00f3gica\"},\"image\":{\"@id\":\"https:\\\/\\\/saltoecologico.es\\\/#\\\/schema\\\/logo\\\/image\\\/\"},\"sameAs\":[\"https:\\\/\\\/www.facebook.com\\\/Saltotransicionecologica\"]},{\"@type\":\"Person\",\"@id\":\"https:\\\/\\\/saltoecologico.es\\\/#\\\/schema\\\/person\\\/7175eec4b3c123d86c675313c3a01a0b\",\"name\":\"admin\",\"image\":{\"@type\":\"ImageObject\",\"inLanguage\":\"es\",\"@id\":\"https:\\\/\\\/secure.gravatar.com\\\/avatar\\\/4c215dc57bbc7b2f2f470ac9bd197f3f112636a584e575a732d0206a2d9c9806?s=96&d=mm&r=g\",\"url\":\"https:\\\/\\\/secure.gravatar.com\\\/avatar\\\/4c215dc57bbc7b2f2f470ac9bd197f3f112636a584e575a732d0206a2d9c9806?s=96&d=mm&r=g\",\"contentUrl\":\"https:\\\/\\\/secure.gravatar.com\\\/avatar\\\/4c215dc57bbc7b2f2f470ac9bd197f3f112636a584e575a732d0206a2d9c9806?s=96&d=mm&r=g\",\"caption\":\"admin\"},\"sameAs\":[\"https:\\\/\\\/saltoecologico.es\"],\"url\":\"https:\\\/\\\/saltoecologico.es\\\/index.php\\\/author\\\/saltoecologico\\\/\"}]}<\/script>\n<!-- \/ Yoast SEO plugin. -->","yoast_head_json":{"title":"Ben Magec - Salto Ecol\u00f3gico","robots":{"index":"index","follow":"follow","max-snippet":"max-snippet:-1","max-image-preview":"max-image-preview:large","max-video-preview":"max-video-preview:-1"},"canonical":"https:\/\/saltoecologico.es\/index.php\/2022\/07\/23\/ben-magec\/","og_locale":"es_ES","og_type":"article","og_title":"Ben Magec - Salto Ecol\u00f3gico","og_description":"Desde Salto a la Transici\u00f3n Ecol\u00f3gica queremos mostrar nuestro apoyo a las declaraciones de la Federaci\u00f3n Ecologista Ben Magec en el sentido de rechazar de forma tajante la instalaci\u00f3n de una planta de gas en el puerto de La Luz y consideramos desacertadas la r\u00e9plica dada por el presidente de la Autoridad Portuaria de Las [&hellip;]","og_url":"https:\/\/saltoecologico.es\/index.php\/2022\/07\/23\/ben-magec\/","og_site_name":"Salto Ecol\u00f3gico","article_publisher":"https:\/\/www.facebook.com\/Saltotransicionecologica","article_published_time":"2022-07-23T16:09:00+00:00","article_modified_time":"2025-04-13T16:10:21+00:00","og_image":[{"width":1024,"height":575,"url":"https:\/\/saltoecologico.es\/wp-content\/uploads\/2025\/04\/GNL2.jpg","type":"image\/jpeg"}],"author":"admin","twitter_card":"summary_large_image","twitter_misc":{"Escrito por":"admin","Tiempo de lectura":"4 minutos"},"schema":{"@context":"https:\/\/schema.org","@graph":[{"@type":"Article","@id":"https:\/\/saltoecologico.es\/index.php\/2022\/07\/23\/ben-magec\/#article","isPartOf":{"@id":"https:\/\/saltoecologico.es\/index.php\/2022\/07\/23\/ben-magec\/"},"author":{"name":"admin","@id":"https:\/\/saltoecologico.es\/#\/schema\/person\/7175eec4b3c123d86c675313c3a01a0b"},"headline":"Ben Magec","datePublished":"2022-07-23T16:09:00+00:00","dateModified":"2025-04-13T16:10:21+00:00","mainEntityOfPage":{"@id":"https:\/\/saltoecologico.es\/index.php\/2022\/07\/23\/ben-magec\/"},"wordCount":768,"commentCount":0,"publisher":{"@id":"https:\/\/saltoecologico.es\/#organization"},"image":{"@id":"https:\/\/saltoecologico.es\/index.php\/2022\/07\/23\/ben-magec\/#primaryimage"},"thumbnailUrl":"https:\/\/saltoecologico.es\/wp-content\/uploads\/2025\/04\/GNL2.jpg","articleSection":["G_Totisa","GNL"],"inLanguage":"es","potentialAction":[{"@type":"CommentAction","name":"Comment","target":["https:\/\/saltoecologico.es\/index.php\/2022\/07\/23\/ben-magec\/#respond"]}]},{"@type":"WebPage","@id":"https:\/\/saltoecologico.es\/index.php\/2022\/07\/23\/ben-magec\/","url":"https:\/\/saltoecologico.es\/index.php\/2022\/07\/23\/ben-magec\/","name":"Ben Magec - Salto Ecol\u00f3gico","isPartOf":{"@id":"https:\/\/saltoecologico.es\/#website"},"primaryImageOfPage":{"@id":"https:\/\/saltoecologico.es\/index.php\/2022\/07\/23\/ben-magec\/#primaryimage"},"image":{"@id":"https:\/\/saltoecologico.es\/index.php\/2022\/07\/23\/ben-magec\/#primaryimage"},"thumbnailUrl":"https:\/\/saltoecologico.es\/wp-content\/uploads\/2025\/04\/GNL2.jpg","datePublished":"2022-07-23T16:09:00+00:00","dateModified":"2025-04-13T16:10:21+00:00","breadcrumb":{"@id":"https:\/\/saltoecologico.es\/index.php\/2022\/07\/23\/ben-magec\/#breadcrumb"},"inLanguage":"es","potentialAction":[{"@type":"ReadAction","target":["https:\/\/saltoecologico.es\/index.php\/2022\/07\/23\/ben-magec\/"]}]},{"@type":"ImageObject","inLanguage":"es","@id":"https:\/\/saltoecologico.es\/index.php\/2022\/07\/23\/ben-magec\/#primaryimage","url":"https:\/\/saltoecologico.es\/wp-content\/uploads\/2025\/04\/GNL2.jpg","contentUrl":"https:\/\/saltoecologico.es\/wp-content\/uploads\/2025\/04\/GNL2.jpg","width":1024,"height":575,"caption":"LNG (Liquified Natural Gas) tanker anchored in Gas terminal gas tanks for storage. Oil Crude Gas Tanker Ship. LPG at Tanker Bay Petroleum Chemical or Methane freighter export import transportation and logistics"},{"@type":"BreadcrumbList","@id":"https:\/\/saltoecologico.es\/index.php\/2022\/07\/23\/ben-magec\/#breadcrumb","itemListElement":[{"@type":"ListItem","position":1,"name":"Portada","item":"https:\/\/saltoecologico.es\/"},{"@type":"ListItem","position":2,"name":"Ben Magec"}]},{"@type":"WebSite","@id":"https:\/\/saltoecologico.es\/#website","url":"https:\/\/saltoecologico.es\/","name":"Salto Ecol\u00f3gico","description":"","publisher":{"@id":"https:\/\/saltoecologico.es\/#organization"},"potentialAction":[{"@type":"SearchAction","target":{"@type":"EntryPoint","urlTemplate":"https:\/\/saltoecologico.es\/?s={search_term_string}"},"query-input":{"@type":"PropertyValueSpecification","valueRequired":true,"valueName":"search_term_string"}}],"inLanguage":"es"},{"@type":"Organization","@id":"https:\/\/saltoecologico.es\/#organization","name":"Salto a la Transici\u00f3n Ecol\u00f3gica","url":"https:\/\/saltoecologico.es\/","logo":{"@type":"ImageObject","inLanguage":"es","@id":"https:\/\/saltoecologico.es\/#\/schema\/logo\/image\/","url":"https:\/\/saltoecologico.es\/wp-content\/uploads\/2025\/04\/Logo-STE.jpg","contentUrl":"https:\/\/saltoecologico.es\/wp-content\/uploads\/2025\/04\/Logo-STE.jpg","width":435,"height":435,"caption":"Salto a la Transici\u00f3n Ecol\u00f3gica"},"image":{"@id":"https:\/\/saltoecologico.es\/#\/schema\/logo\/image\/"},"sameAs":["https:\/\/www.facebook.com\/Saltotransicionecologica"]},{"@type":"Person","@id":"https:\/\/saltoecologico.es\/#\/schema\/person\/7175eec4b3c123d86c675313c3a01a0b","name":"admin","image":{"@type":"ImageObject","inLanguage":"es","@id":"https:\/\/secure.gravatar.com\/avatar\/4c215dc57bbc7b2f2f470ac9bd197f3f112636a584e575a732d0206a2d9c9806?s=96&d=mm&r=g","url":"https:\/\/secure.gravatar.com\/avatar\/4c215dc57bbc7b2f2f470ac9bd197f3f112636a584e575a732d0206a2d9c9806?s=96&d=mm&r=g","contentUrl":"https:\/\/secure.gravatar.com\/avatar\/4c215dc57bbc7b2f2f470ac9bd197f3f112636a584e575a732d0206a2d9c9806?s=96&d=mm&r=g","caption":"admin"},"sameAs":["https:\/\/saltoecologico.es"],"url":"https:\/\/saltoecologico.es\/index.php\/author\/saltoecologico\/"}]}},"_links":{"self":[{"href":"https:\/\/saltoecologico.es\/index.php\/wp-json\/wp\/v2\/posts\/446","targetHints":{"allow":["GET"]}}],"collection":[{"href":"https:\/\/saltoecologico.es\/index.php\/wp-json\/wp\/v2\/posts"}],"about":[{"href":"https:\/\/saltoecologico.es\/index.php\/wp-json\/wp\/v2\/types\/post"}],"author":[{"embeddable":true,"href":"https:\/\/saltoecologico.es\/index.php\/wp-json\/wp\/v2\/users\/1"}],"replies":[{"embeddable":true,"href":"https:\/\/saltoecologico.es\/index.php\/wp-json\/wp\/v2\/comments?post=446"}],"version-history":[{"count":1,"href":"https:\/\/saltoecologico.es\/index.php\/wp-json\/wp\/v2\/posts\/446\/revisions"}],"predecessor-version":[{"id":449,"href":"https:\/\/saltoecologico.es\/index.php\/wp-json\/wp\/v2\/posts\/446\/revisions\/449"}],"wp:featuredmedia":[{"embeddable":true,"href":"https:\/\/saltoecologico.es\/index.php\/wp-json\/wp\/v2\/media\/448"}],"wp:attachment":[{"href":"https:\/\/saltoecologico.es\/index.php\/wp-json\/wp\/v2\/media?parent=446"}],"wp:term":[{"taxonomy":"category","embeddable":true,"href":"https:\/\/saltoecologico.es\/index.php\/wp-json\/wp\/v2\/categories?post=446"},{"taxonomy":"post_tag","embeddable":true,"href":"https:\/\/saltoecologico.es\/index.php\/wp-json\/wp\/v2\/tags?post=446"}],"curies":[{"name":"wp","href":"https:\/\/api.w.org\/{rel}","templated":true}]}}