{"id":450,"date":"2022-07-26T16:16:00","date_gmt":"2022-07-26T16:16:00","guid":{"rendered":"https:\/\/saltoecologico.es\/?p=450"},"modified":"2025-04-13T16:16:42","modified_gmt":"2025-04-13T16:16:42","slug":"d-oscar-izquierdo","status":"publish","type":"post","link":"https:\/\/saltoecologico.es\/index.php\/2022\/07\/26\/d-oscar-izquierdo\/","title":{"rendered":"D. Oscar Izquierdo"},"content":{"rendered":"\n<p class=\"wp-block-paragraph\">Vaya por delante que <strong>consideramos a Don \u00d3scar Izquierdo, presidente de FEPECO, una persona ilustrada y muy preparada<\/strong> y muestra de ello es la <strong>oportuna defensa que realiza de las centrales el\u00e9ctricas reversibles como elemento fundamental para la penetraci\u00f3n de las renovables<\/strong>, dado que <strong>mientras no existan estas instalaciones, la red solo podr\u00e1 dar cabida a una cantidad determinada, concretamente el 50% de la demanda existente<\/strong>.<\/p>\n\n\n\n<p class=\"wp-block-paragraph\">No obstante, <strong>nos gustar\u00eda hacer unas \u201cpeque\u00f1as puntualizaciones\u201d a sus recientes declaraciones en un medio de Tenerife<\/strong>.<\/p>\n\n\n\n<p class=\"wp-block-paragraph\">En primer lugar, <strong>Europa no da la consideraci\u00f3n de renovables a la energ\u00eda nuclear y al gas<\/strong> (evidentemente esto ser\u00eda faltar a la verdad y es algo que <strong>los altos organismos europeos no pueden permitirse<\/strong>). Lo que ha ocurrido es que <strong>el Parlamento Europeo ha dado luz verde a la propuesta de la Comisi\u00f3n de incluir el gas y las nucleares en la taxonom\u00eda verde<\/strong>, <strong>equiparando estas dos tecnolog\u00edas a las renovables en los programas de finanzas sostenibles<\/strong>. En otras palabras, <strong>estas dos tecnolog\u00edas se podr\u00e1n beneficiar de la financiaci\u00f3n verde europea de igual manera que las renovables<\/strong>, pero <strong>en ning\u00fan caso se les pasa a considerar renovables<\/strong>.<\/p>\n\n\n\n<p class=\"wp-block-paragraph\">En segundo lugar, <strong>ese infantilismo ecologista que menciona de manera desafortunada<\/strong>, es el que <strong>ha venido denunciando, desde hace mucho tiempo, las pr\u00e1cticas que nos han tra\u00eddo a la situaci\u00f3n actual con el Cambio Clim\u00e1tico antropom\u00f3rfico<\/strong>, llevadas a cabo por <strong>algunas de las entidades representadas en organizaciones como las que defiende este se\u00f1or<\/strong>.<\/p>\n\n\n\n<p class=\"wp-block-paragraph\">En tercer lugar, <strong>habemos muchos canarios que estamos orgullosos de tener un gobierno aut\u00f3nomo que se plantee hitos valientes como la Ley de Cambio Clim\u00e1tico o su PTECAN<\/strong>, que para nada <strong>frenar\u00e1 el crecimiento econ\u00f3mico<\/strong>, sino <strong>todo lo contrario, abriendo nuevas v\u00edas para explorar novedosas oportunidades de negocio<\/strong>, m\u00e1s all\u00e1 del asfalto y el ladrillo.<\/p>\n\n\n\n<p class=\"wp-block-paragraph\">En cuarto lugar, <strong>indicarle modestamente una cierta contradicci\u00f3n<\/strong> que se desprende de sus declaraciones. Estamos de acuerdo en que <strong>con la situaci\u00f3n actual solo se permite una cantidad determinada de renovables en la red<\/strong>. <strong>Si ahora se da la entrada al gas para generar electricidad, lo que se est\u00e1 haciendo es perpetuar la situaci\u00f3n actual<\/strong>, con la \u00fanica diferencia de que <strong>se consumir\u00e1 gas en vez de fuel<\/strong>, pero <strong>con la misma limitaci\u00f3n de renovables<\/strong>. Por tanto, <strong>\u00bfde d\u00f3nde sale que introduciendo el gas se acelerar\u00e1 la descarbonizaci\u00f3n?<\/strong>. Adem\u00e1s, <strong>\u00bfqu\u00e9 opinar\u00e1n los vecinos de Santa Cruz<\/strong>, que despu\u00e9s de padecer durante a\u00f1os la contaminaci\u00f3n de una refiner\u00eda, cuando consiguen que se desmantele, <strong>le ponen una planta de gas natural altamente contaminante en pleno puerto?<\/strong><\/p>\n\n\n\n<p class=\"wp-block-paragraph\">Pero obviando estas \u201cpeque\u00f1as puntualizaciones\u201d, <strong>compartimos la preocupaci\u00f3n de Don \u00d3scar por la falta de informaci\u00f3n del comienzo de los tr\u00e1mites de un bombeo en Tenerife<\/strong>, sea G\u00fc\u00edmar u otra la ubicaci\u00f3n definitiva, dado que <strong>la lucha contra el Cambio Clim\u00e1tico no se puede permitir una exigua penetraci\u00f3n de renovables en la isla<\/strong> y encima, <strong>la poca que hay, se tenga que someter a vertidos energ\u00e9ticos continuos porque la red no es capaz de absorberla<\/strong>.<\/p>\n\n\n\n<p class=\"wp-block-paragraph\">En definitiva, <strong>la crudeza del cambio clim\u00e1tico, que ya estamos comenzando a percibir, no admite transiciones ni pasos intermedios para llegar a los sistemas 100% renovables<\/strong>, lo que se requiere es <strong>un cambio acelerado hacia las energ\u00edas renovables<\/strong>, <strong>catalizado con una buena dosis de bombeo<\/strong> y acompa\u00f1ado por <strong>un vector energ\u00e9tico como el hidr\u00f3geno verde<\/strong>. <strong>La tecnolog\u00eda lo permite, la econom\u00eda lo necesita y el medio ambiente lo demanda<\/strong>.<\/p>\n\n\n\n<hr class=\"wp-block-separator has-alpha-channel-opacity\"\/>\n\n\n\n<p class=\"wp-block-paragraph\"><\/p>\n","protected":false},"excerpt":{"rendered":"<p>Vaya por delante que consideramos a Don \u00d3scar Izquierdo, presidente de FEPECO, una persona ilustrada y muy preparada y muestra de ello es la oportuna defensa que realiza de las centrales el\u00e9ctricas reversibles como elemento fundamental para la penetraci\u00f3n de las renovables, dado que mientras no existan estas instalaciones, la red solo podr\u00e1 dar cabida [&hellip;]<\/p>\n","protected":false},"author":1,"featured_media":451,"comment_status":"open","ping_status":"open","sticky":false,"template":"","format":"standard","meta":{"footnotes":""},"categories":[43,31],"tags":[],"class_list":["post-450","post","type-post","status-publish","format-standard","has-post-thumbnail","category-b_declaraciones","category-bombeos"],"yoast_head":"<!-- This site is optimized with the Yoast SEO plugin v28.2 - https:\/\/yoast.com\/product\/yoast-seo-wordpress\/ -->\n<title>D. Oscar Izquierdo - Salto Ecol\u00f3gico<\/title>\n<meta name=\"robots\" content=\"index, follow, max-snippet:-1, max-image-preview:large, max-video-preview:-1\" \/>\n<link rel=\"canonical\" href=\"https:\/\/saltoecologico.es\/index.php\/2022\/07\/26\/d-oscar-izquierdo\/\" \/>\n<meta property=\"og:locale\" content=\"es_ES\" \/>\n<meta property=\"og:type\" content=\"article\" \/>\n<meta property=\"og:title\" content=\"D. Oscar Izquierdo - Salto Ecol\u00f3gico\" \/>\n<meta property=\"og:description\" content=\"Vaya por delante que consideramos a Don \u00d3scar Izquierdo, presidente de FEPECO, una persona ilustrada y muy preparada y muestra de ello es la oportuna defensa que realiza de las centrales el\u00e9ctricas reversibles como elemento fundamental para la penetraci\u00f3n de las renovables, dado que mientras no existan estas instalaciones, la red solo podr\u00e1 dar cabida [&hellip;]\" \/>\n<meta property=\"og:url\" content=\"https:\/\/saltoecologico.es\/index.php\/2022\/07\/26\/d-oscar-izquierdo\/\" \/>\n<meta property=\"og:site_name\" content=\"Salto Ecol\u00f3gico\" \/>\n<meta property=\"article:publisher\" content=\"https:\/\/www.facebook.com\/Saltotransicionecologica\" \/>\n<meta property=\"article:published_time\" content=\"2022-07-26T16:16:00+00:00\" \/>\n<meta property=\"article:modified_time\" content=\"2025-04-13T16:16:42+00:00\" \/>\n<meta property=\"og:image\" content=\"https:\/\/saltoecologico.es\/wp-content\/uploads\/2025\/04\/Salto-3.jpg\" \/>\n\t<meta property=\"og:image:width\" content=\"1024\" \/>\n\t<meta property=\"og:image:height\" content=\"768\" \/>\n\t<meta property=\"og:image:type\" content=\"image\/jpeg\" \/>\n<meta name=\"author\" content=\"admin\" \/>\n<meta name=\"twitter:card\" content=\"summary_large_image\" \/>\n<meta name=\"twitter:label1\" content=\"Escrito por\" \/>\n\t<meta name=\"twitter:data1\" content=\"admin\" \/>\n\t<meta name=\"twitter:label2\" content=\"Tiempo de lectura\" \/>\n\t<meta name=\"twitter:data2\" content=\"3 minutos\" \/>\n<script type=\"application\/ld+json\" class=\"yoast-schema-graph\">{\"@context\":\"https:\\\/\\\/schema.org\",\"@graph\":[{\"@type\":\"Article\",\"@id\":\"https:\\\/\\\/saltoecologico.es\\\/index.php\\\/2022\\\/07\\\/26\\\/d-oscar-izquierdo\\\/#article\",\"isPartOf\":{\"@id\":\"https:\\\/\\\/saltoecologico.es\\\/index.php\\\/2022\\\/07\\\/26\\\/d-oscar-izquierdo\\\/\"},\"author\":{\"name\":\"admin\",\"@id\":\"https:\\\/\\\/saltoecologico.es\\\/#\\\/schema\\\/person\\\/7175eec4b3c123d86c675313c3a01a0b\"},\"headline\":\"D. Oscar Izquierdo\",\"datePublished\":\"2022-07-26T16:16:00+00:00\",\"dateModified\":\"2025-04-13T16:16:42+00:00\",\"mainEntityOfPage\":{\"@id\":\"https:\\\/\\\/saltoecologico.es\\\/index.php\\\/2022\\\/07\\\/26\\\/d-oscar-izquierdo\\\/\"},\"wordCount\":621,\"commentCount\":0,\"publisher\":{\"@id\":\"https:\\\/\\\/saltoecologico.es\\\/#organization\"},\"image\":{\"@id\":\"https:\\\/\\\/saltoecologico.es\\\/index.php\\\/2022\\\/07\\\/26\\\/d-oscar-izquierdo\\\/#primaryimage\"},\"thumbnailUrl\":\"https:\\\/\\\/saltoecologico.es\\\/wp-content\\\/uploads\\\/2025\\\/04\\\/Salto-3.jpg\",\"articleSection\":[\"B_Declaraciones\",\"Bombeos\"],\"inLanguage\":\"es\",\"potentialAction\":[{\"@type\":\"CommentAction\",\"name\":\"Comment\",\"target\":[\"https:\\\/\\\/saltoecologico.es\\\/index.php\\\/2022\\\/07\\\/26\\\/d-oscar-izquierdo\\\/#respond\"]}]},{\"@type\":\"WebPage\",\"@id\":\"https:\\\/\\\/saltoecologico.es\\\/index.php\\\/2022\\\/07\\\/26\\\/d-oscar-izquierdo\\\/\",\"url\":\"https:\\\/\\\/saltoecologico.es\\\/index.php\\\/2022\\\/07\\\/26\\\/d-oscar-izquierdo\\\/\",\"name\":\"D. Oscar Izquierdo - Salto Ecol\u00f3gico\",\"isPartOf\":{\"@id\":\"https:\\\/\\\/saltoecologico.es\\\/#website\"},\"primaryImageOfPage\":{\"@id\":\"https:\\\/\\\/saltoecologico.es\\\/index.php\\\/2022\\\/07\\\/26\\\/d-oscar-izquierdo\\\/#primaryimage\"},\"image\":{\"@id\":\"https:\\\/\\\/saltoecologico.es\\\/index.php\\\/2022\\\/07\\\/26\\\/d-oscar-izquierdo\\\/#primaryimage\"},\"thumbnailUrl\":\"https:\\\/\\\/saltoecologico.es\\\/wp-content\\\/uploads\\\/2025\\\/04\\\/Salto-3.jpg\",\"datePublished\":\"2022-07-26T16:16:00+00:00\",\"dateModified\":\"2025-04-13T16:16:42+00:00\",\"breadcrumb\":{\"@id\":\"https:\\\/\\\/saltoecologico.es\\\/index.php\\\/2022\\\/07\\\/26\\\/d-oscar-izquierdo\\\/#breadcrumb\"},\"inLanguage\":\"es\",\"potentialAction\":[{\"@type\":\"ReadAction\",\"target\":[\"https:\\\/\\\/saltoecologico.es\\\/index.php\\\/2022\\\/07\\\/26\\\/d-oscar-izquierdo\\\/\"]}]},{\"@type\":\"ImageObject\",\"inLanguage\":\"es\",\"@id\":\"https:\\\/\\\/saltoecologico.es\\\/index.php\\\/2022\\\/07\\\/26\\\/d-oscar-izquierdo\\\/#primaryimage\",\"url\":\"https:\\\/\\\/saltoecologico.es\\\/wp-content\\\/uploads\\\/2025\\\/04\\\/Salto-3.jpg\",\"contentUrl\":\"https:\\\/\\\/saltoecologico.es\\\/wp-content\\\/uploads\\\/2025\\\/04\\\/Salto-3.jpg\",\"width\":1024,\"height\":768,\"caption\":\"Honen'ike Pond Dam in the Sanuki Mountain range at Kan'onji, Kagawa Prefecture, Japan. The structure dates from 1930.\"},{\"@type\":\"BreadcrumbList\",\"@id\":\"https:\\\/\\\/saltoecologico.es\\\/index.php\\\/2022\\\/07\\\/26\\\/d-oscar-izquierdo\\\/#breadcrumb\",\"itemListElement\":[{\"@type\":\"ListItem\",\"position\":1,\"name\":\"Portada\",\"item\":\"https:\\\/\\\/saltoecologico.es\\\/\"},{\"@type\":\"ListItem\",\"position\":2,\"name\":\"D. Oscar Izquierdo\"}]},{\"@type\":\"WebSite\",\"@id\":\"https:\\\/\\\/saltoecologico.es\\\/#website\",\"url\":\"https:\\\/\\\/saltoecologico.es\\\/\",\"name\":\"Salto Ecol\u00f3gico\",\"description\":\"\",\"publisher\":{\"@id\":\"https:\\\/\\\/saltoecologico.es\\\/#organization\"},\"potentialAction\":[{\"@type\":\"SearchAction\",\"target\":{\"@type\":\"EntryPoint\",\"urlTemplate\":\"https:\\\/\\\/saltoecologico.es\\\/?s={search_term_string}\"},\"query-input\":{\"@type\":\"PropertyValueSpecification\",\"valueRequired\":true,\"valueName\":\"search_term_string\"}}],\"inLanguage\":\"es\"},{\"@type\":\"Organization\",\"@id\":\"https:\\\/\\\/saltoecologico.es\\\/#organization\",\"name\":\"Salto a la Transici\u00f3n Ecol\u00f3gica\",\"url\":\"https:\\\/\\\/saltoecologico.es\\\/\",\"logo\":{\"@type\":\"ImageObject\",\"inLanguage\":\"es\",\"@id\":\"https:\\\/\\\/saltoecologico.es\\\/#\\\/schema\\\/logo\\\/image\\\/\",\"url\":\"https:\\\/\\\/saltoecologico.es\\\/wp-content\\\/uploads\\\/2025\\\/04\\\/Logo-STE.jpg\",\"contentUrl\":\"https:\\\/\\\/saltoecologico.es\\\/wp-content\\\/uploads\\\/2025\\\/04\\\/Logo-STE.jpg\",\"width\":435,\"height\":435,\"caption\":\"Salto a la Transici\u00f3n Ecol\u00f3gica\"},\"image\":{\"@id\":\"https:\\\/\\\/saltoecologico.es\\\/#\\\/schema\\\/logo\\\/image\\\/\"},\"sameAs\":[\"https:\\\/\\\/www.facebook.com\\\/Saltotransicionecologica\"]},{\"@type\":\"Person\",\"@id\":\"https:\\\/\\\/saltoecologico.es\\\/#\\\/schema\\\/person\\\/7175eec4b3c123d86c675313c3a01a0b\",\"name\":\"admin\",\"image\":{\"@type\":\"ImageObject\",\"inLanguage\":\"es\",\"@id\":\"https:\\\/\\\/secure.gravatar.com\\\/avatar\\\/4c215dc57bbc7b2f2f470ac9bd197f3f112636a584e575a732d0206a2d9c9806?s=96&d=mm&r=g\",\"url\":\"https:\\\/\\\/secure.gravatar.com\\\/avatar\\\/4c215dc57bbc7b2f2f470ac9bd197f3f112636a584e575a732d0206a2d9c9806?s=96&d=mm&r=g\",\"contentUrl\":\"https:\\\/\\\/secure.gravatar.com\\\/avatar\\\/4c215dc57bbc7b2f2f470ac9bd197f3f112636a584e575a732d0206a2d9c9806?s=96&d=mm&r=g\",\"caption\":\"admin\"},\"sameAs\":[\"https:\\\/\\\/saltoecologico.es\"],\"url\":\"https:\\\/\\\/saltoecologico.es\\\/index.php\\\/author\\\/saltoecologico\\\/\"}]}<\/script>\n<!-- \/ Yoast SEO plugin. -->","yoast_head_json":{"title":"D. Oscar Izquierdo - Salto Ecol\u00f3gico","robots":{"index":"index","follow":"follow","max-snippet":"max-snippet:-1","max-image-preview":"max-image-preview:large","max-video-preview":"max-video-preview:-1"},"canonical":"https:\/\/saltoecologico.es\/index.php\/2022\/07\/26\/d-oscar-izquierdo\/","og_locale":"es_ES","og_type":"article","og_title":"D. Oscar Izquierdo - Salto Ecol\u00f3gico","og_description":"Vaya por delante que consideramos a Don \u00d3scar Izquierdo, presidente de FEPECO, una persona ilustrada y muy preparada y muestra de ello es la oportuna defensa que realiza de las centrales el\u00e9ctricas reversibles como elemento fundamental para la penetraci\u00f3n de las renovables, dado que mientras no existan estas instalaciones, la red solo podr\u00e1 dar cabida [&hellip;]","og_url":"https:\/\/saltoecologico.es\/index.php\/2022\/07\/26\/d-oscar-izquierdo\/","og_site_name":"Salto Ecol\u00f3gico","article_publisher":"https:\/\/www.facebook.com\/Saltotransicionecologica","article_published_time":"2022-07-26T16:16:00+00:00","article_modified_time":"2025-04-13T16:16:42+00:00","og_image":[{"width":1024,"height":768,"url":"https:\/\/saltoecologico.es\/wp-content\/uploads\/2025\/04\/Salto-3.jpg","type":"image\/jpeg"}],"author":"admin","twitter_card":"summary_large_image","twitter_misc":{"Escrito por":"admin","Tiempo de lectura":"3 minutos"},"schema":{"@context":"https:\/\/schema.org","@graph":[{"@type":"Article","@id":"https:\/\/saltoecologico.es\/index.php\/2022\/07\/26\/d-oscar-izquierdo\/#article","isPartOf":{"@id":"https:\/\/saltoecologico.es\/index.php\/2022\/07\/26\/d-oscar-izquierdo\/"},"author":{"name":"admin","@id":"https:\/\/saltoecologico.es\/#\/schema\/person\/7175eec4b3c123d86c675313c3a01a0b"},"headline":"D. Oscar Izquierdo","datePublished":"2022-07-26T16:16:00+00:00","dateModified":"2025-04-13T16:16:42+00:00","mainEntityOfPage":{"@id":"https:\/\/saltoecologico.es\/index.php\/2022\/07\/26\/d-oscar-izquierdo\/"},"wordCount":621,"commentCount":0,"publisher":{"@id":"https:\/\/saltoecologico.es\/#organization"},"image":{"@id":"https:\/\/saltoecologico.es\/index.php\/2022\/07\/26\/d-oscar-izquierdo\/#primaryimage"},"thumbnailUrl":"https:\/\/saltoecologico.es\/wp-content\/uploads\/2025\/04\/Salto-3.jpg","articleSection":["B_Declaraciones","Bombeos"],"inLanguage":"es","potentialAction":[{"@type":"CommentAction","name":"Comment","target":["https:\/\/saltoecologico.es\/index.php\/2022\/07\/26\/d-oscar-izquierdo\/#respond"]}]},{"@type":"WebPage","@id":"https:\/\/saltoecologico.es\/index.php\/2022\/07\/26\/d-oscar-izquierdo\/","url":"https:\/\/saltoecologico.es\/index.php\/2022\/07\/26\/d-oscar-izquierdo\/","name":"D. Oscar Izquierdo - Salto Ecol\u00f3gico","isPartOf":{"@id":"https:\/\/saltoecologico.es\/#website"},"primaryImageOfPage":{"@id":"https:\/\/saltoecologico.es\/index.php\/2022\/07\/26\/d-oscar-izquierdo\/#primaryimage"},"image":{"@id":"https:\/\/saltoecologico.es\/index.php\/2022\/07\/26\/d-oscar-izquierdo\/#primaryimage"},"thumbnailUrl":"https:\/\/saltoecologico.es\/wp-content\/uploads\/2025\/04\/Salto-3.jpg","datePublished":"2022-07-26T16:16:00+00:00","dateModified":"2025-04-13T16:16:42+00:00","breadcrumb":{"@id":"https:\/\/saltoecologico.es\/index.php\/2022\/07\/26\/d-oscar-izquierdo\/#breadcrumb"},"inLanguage":"es","potentialAction":[{"@type":"ReadAction","target":["https:\/\/saltoecologico.es\/index.php\/2022\/07\/26\/d-oscar-izquierdo\/"]}]},{"@type":"ImageObject","inLanguage":"es","@id":"https:\/\/saltoecologico.es\/index.php\/2022\/07\/26\/d-oscar-izquierdo\/#primaryimage","url":"https:\/\/saltoecologico.es\/wp-content\/uploads\/2025\/04\/Salto-3.jpg","contentUrl":"https:\/\/saltoecologico.es\/wp-content\/uploads\/2025\/04\/Salto-3.jpg","width":1024,"height":768,"caption":"Honen'ike Pond Dam in the Sanuki Mountain range at Kan'onji, Kagawa Prefecture, Japan. The structure dates from 1930."},{"@type":"BreadcrumbList","@id":"https:\/\/saltoecologico.es\/index.php\/2022\/07\/26\/d-oscar-izquierdo\/#breadcrumb","itemListElement":[{"@type":"ListItem","position":1,"name":"Portada","item":"https:\/\/saltoecologico.es\/"},{"@type":"ListItem","position":2,"name":"D. Oscar Izquierdo"}]},{"@type":"WebSite","@id":"https:\/\/saltoecologico.es\/#website","url":"https:\/\/saltoecologico.es\/","name":"Salto Ecol\u00f3gico","description":"","publisher":{"@id":"https:\/\/saltoecologico.es\/#organization"},"potentialAction":[{"@type":"SearchAction","target":{"@type":"EntryPoint","urlTemplate":"https:\/\/saltoecologico.es\/?s={search_term_string}"},"query-input":{"@type":"PropertyValueSpecification","valueRequired":true,"valueName":"search_term_string"}}],"inLanguage":"es"},{"@type":"Organization","@id":"https:\/\/saltoecologico.es\/#organization","name":"Salto a la Transici\u00f3n Ecol\u00f3gica","url":"https:\/\/saltoecologico.es\/","logo":{"@type":"ImageObject","inLanguage":"es","@id":"https:\/\/saltoecologico.es\/#\/schema\/logo\/image\/","url":"https:\/\/saltoecologico.es\/wp-content\/uploads\/2025\/04\/Logo-STE.jpg","contentUrl":"https:\/\/saltoecologico.es\/wp-content\/uploads\/2025\/04\/Logo-STE.jpg","width":435,"height":435,"caption":"Salto a la Transici\u00f3n Ecol\u00f3gica"},"image":{"@id":"https:\/\/saltoecologico.es\/#\/schema\/logo\/image\/"},"sameAs":["https:\/\/www.facebook.com\/Saltotransicionecologica"]},{"@type":"Person","@id":"https:\/\/saltoecologico.es\/#\/schema\/person\/7175eec4b3c123d86c675313c3a01a0b","name":"admin","image":{"@type":"ImageObject","inLanguage":"es","@id":"https:\/\/secure.gravatar.com\/avatar\/4c215dc57bbc7b2f2f470ac9bd197f3f112636a584e575a732d0206a2d9c9806?s=96&d=mm&r=g","url":"https:\/\/secure.gravatar.com\/avatar\/4c215dc57bbc7b2f2f470ac9bd197f3f112636a584e575a732d0206a2d9c9806?s=96&d=mm&r=g","contentUrl":"https:\/\/secure.gravatar.com\/avatar\/4c215dc57bbc7b2f2f470ac9bd197f3f112636a584e575a732d0206a2d9c9806?s=96&d=mm&r=g","caption":"admin"},"sameAs":["https:\/\/saltoecologico.es"],"url":"https:\/\/saltoecologico.es\/index.php\/author\/saltoecologico\/"}]}},"_links":{"self":[{"href":"https:\/\/saltoecologico.es\/index.php\/wp-json\/wp\/v2\/posts\/450","targetHints":{"allow":["GET"]}}],"collection":[{"href":"https:\/\/saltoecologico.es\/index.php\/wp-json\/wp\/v2\/posts"}],"about":[{"href":"https:\/\/saltoecologico.es\/index.php\/wp-json\/wp\/v2\/types\/post"}],"author":[{"embeddable":true,"href":"https:\/\/saltoecologico.es\/index.php\/wp-json\/wp\/v2\/users\/1"}],"replies":[{"embeddable":true,"href":"https:\/\/saltoecologico.es\/index.php\/wp-json\/wp\/v2\/comments?post=450"}],"version-history":[{"count":1,"href":"https:\/\/saltoecologico.es\/index.php\/wp-json\/wp\/v2\/posts\/450\/revisions"}],"predecessor-version":[{"id":452,"href":"https:\/\/saltoecologico.es\/index.php\/wp-json\/wp\/v2\/posts\/450\/revisions\/452"}],"wp:featuredmedia":[{"embeddable":true,"href":"https:\/\/saltoecologico.es\/index.php\/wp-json\/wp\/v2\/media\/451"}],"wp:attachment":[{"href":"https:\/\/saltoecologico.es\/index.php\/wp-json\/wp\/v2\/media?parent=450"}],"wp:term":[{"taxonomy":"category","embeddable":true,"href":"https:\/\/saltoecologico.es\/index.php\/wp-json\/wp\/v2\/categories?post=450"},{"taxonomy":"post_tag","embeddable":true,"href":"https:\/\/saltoecologico.es\/index.php\/wp-json\/wp\/v2\/tags?post=450"}],"curies":[{"name":"wp","href":"https:\/\/api.w.org\/{rel}","templated":true}]}}